{"id":37150,"date":"2024-02-14T16:15:41","date_gmt":"2024-02-14T19:15:41","guid":{"rendered":"https:\/\/ismaelcolosi.com.br\/index.php\/2024\/02\/14\/inss-comeca-a-pagar-beneficios-de-fevereiro-a-partir-do-dia-23\/"},"modified":"2024-02-14T16:15:41","modified_gmt":"2024-02-14T19:15:41","slug":"inss-comeca-a-pagar-beneficios-de-fevereiro-a-partir-do-dia-23","status":"publish","type":"post","link":"https:\/\/ismaelcolosi.com.br\/index.php\/2024\/02\/14\/inss-comeca-a-pagar-beneficios-de-fevereiro-a-partir-do-dia-23\/","title":{"rendered":"INSS come\u00e7a a pagar benef\u00edcios de fevereiro a partir do dia 23"},"content":{"rendered":"<p> <br \/>\n<\/p>\n<div id=\"\">\n<p> <span class=\"entry-meta-item penci-posted-on\"><i class=\"fa fa-clock-o\"\/><time class=\"entry-date published\" datetime=\"2024-02-14T16:00:59-03:00\">14 de fevereiro de 2024 | 16:00<\/time><time class=\"updated\" datetime=\"2024-02-14T11:47:25-03:00\">14 de fevereiro de 2024 | 11:47<\/time><\/span><\/p>\n<p> <span class=\"penci-social-buttons penci-social-share-footer\"><a href=\"#\" class=\"penci-post-like penci_post-meta_item  single-like-button penci-social-item like\" data-post_id=\"373643\" title=\"Like\" data-like=\"Like\" data-unlike=\"Unlike\"><i class=\"fa fa-thumbs-o-up\"\/><span class=\"penci-share-number\">0<\/span><\/a><i class=\"fa fa-facebook\"\/><a class=\"penci-social-item twitter\" target=\"_blank\" rel=\"noopener\" title=\"\" href=\"https:\/\/twitter.com\/intent\/tweet?text=INSS%20come\u00e7a%20a%20pagar%20benef\u00edcios%20de%20fevereiro%20a%20partir%20do%20dia%2023%20-%20https:\/\/www.tribunaribeirao.com.br\/site\/inss-comeca-a-pagar-beneficios-de-fevereiro-a-partir-do-dia-23\/\"><i class=\"fa fa-twitter\"\/><\/a><i class=\"fa fa-whatsapp\"\/><\/span><\/div>\n<div>\n<p>O Instituto Nacional do Seguro Social (INSS) come\u00e7a a pagar o benef\u00edcio de fevereiro a aposentados e pensionistas a partir do dia 23 de fevereiro, para quem ganha at\u00e9 um sal\u00e1rio m\u00ednimo.\u00a0<noscript><img data-recalc-dims=\"1\" decoding=\"async\" src=\"https:\/\/i0.wp.com\/agenciabrasil.ebc.com.br\/ebc.png?ssl=1\"\/><\/noscript><img data-recalc-dims=\"1\" decoding=\"async\" src=\"https:\/\/i0.wp.com\/agenciabrasil.ebc.com.br\/ebc.gif?ssl=1\" class=\"lazyload\"\/><noscript><img data-recalc-dims=\"1\" decoding=\"async\" src=\"https:\/\/i0.wp.com\/agenciabrasil.ebc.com.br\/ebc.gif?ssl=1\"\/><\/noscript><\/p><div class='code-block code-block-8' style='margin: 8px auto; text-align: center; display: block; clear: both;'>\n<script>\n  atOptions = {\n    'key' : '66e2e2111ca34da796271819fc334058',\n    'format' : 'iframe',\n    'height' : 250,\n    'width' : 300,\n    'params' : {}\n  };\n<\/script>\n<script src=\"https:\/\/www.highperformanceformat.com\/66e2e2111ca34da796271819fc334058\/invoke.js\"><\/script>\n<\/div>\n\n<p>Os pagamentos seguem at\u00e9 7 de mar\u00e7o. A ordem dos dep\u00f3sitos leva em conta o n\u00famero final do cart\u00e3o do benef\u00edcio, sem considerar o \u00faltimo d\u00edgito verificador, que fica depois do tra\u00e7o.<\/p>\n<p>Recebem primeiro os aposentados e pensionistas com benef\u00edcio com d\u00edgito final 1.<\/p>\n<p>Neste ano, o sal\u00e1rio m\u00ednimo foi reajustada para R$ 1.412. Para quem recebe acima de um sal\u00e1rio m\u00ednimo, os pagamentos come\u00e7am em 1\u00ba de mar\u00e7o e seguem at\u00e9 7 de mar\u00e7o. Nesse caso, o teto para benef\u00edcios pagos pelo INSS encontra-se em R$ 7.786,01.<\/p>\n<p>Atualmente, o INSS paga todo m\u00eas mais de 39 milh\u00f5es de benef\u00edcios, dos quais 33,3 milh\u00f5es benef\u00edcios previdenci\u00e1rios e 5,6 milh\u00f5es em assistenciais. Os n\u00fameros se referem \u00e0 folha de pagamento de novembro, dados mais recentes j\u00e1 divulgados, e podem oscilar m\u00eas a m\u00eas.<\/p>\n<p>Os valores a receber do INSS podem ser conferidos pelos benefici\u00e1rios na internet, por meio do Meu Inss, seja no computador,\u00a0<a href=\"https:\/\/meu.inss.gov.br\/\" target=\"_blank\" rel=\"noopener\">pelo site<\/a>\u00a0ou pelo aplicativo para celular.<\/p>\n<p>Quem n\u00e3o tiver acesso \u00e0 internet pode ligar para a central 135 e fornecer o n\u00famero do CPF. Em seguida ser\u00e3o confirmadas informa\u00e7\u00f5es de cadastro para evitar fraudes. O atendimento est\u00e1 dispon\u00edvel de segunda-feira a s\u00e1bado, das 7h \u00e0s 22h.<\/p>\n<p>Confira abaixo as datas para os pagamentos referentes ao m\u00eas de fevereiro:<\/p>\n<p><strong>At\u00e9 um sal\u00e1rio m\u00ednimo:<\/strong><\/p>\n<p>23 de fevereiro \u2013 cart\u00e3o de final 1<\/p>\n<p>26 de fevereiro \u2013 cart\u00e3o de final 2<\/p>\n<p>27 de fevereiro \u2013 cart\u00e3o de final 3<\/p>\n<p>28 de fevereiro \u2013 cart\u00e3o de final 4<\/p>\n<p>29 de fevereiro \u2013 cart\u00e3o de final 5<\/p>\n<p>1\u00ba de mar\u00e7o \u2013 cart\u00e3o de final 6<\/p>\n<p>4 de mar\u00e7o \u2013 cart\u00e3o de final 7<\/p>\n<p>5 de mar\u00e7o \u2013 cart\u00e3o de final 8<\/p>\n<p>6 de mar\u00e7o \u2013 cart\u00e3o de final 9<\/p>\n<p>7 de mar\u00e7o \u2013 cart\u00e3o de final 0<\/p>\n<p><strong>Mais de um sal\u00e1rio m\u00ednimo:<\/strong><\/p>\n<p>1\u00ba de mar\u00e7o \u2013 cart\u00e3o de final 1 e 6<\/p>\n<p>4 de mar\u00e7o \u2013 cart\u00e3o de final 2 e 7<\/p>\n<p>5 de mar\u00e7o \u2013 cart\u00e3o de final 3 e 8<\/p>\n<p>6 de mar\u00e7o \u2013 cart\u00e3o de final 4 e 9<\/p>\n<p>7 de mar\u00e7o \u2013 cart\u00e3o de final 5 e 0<\/p>\n<\/div>\n<p><script async src=\"\/\/platform.twitter.com\/widgets.js\" charset=\"utf-8\"><\/script><br \/>\n<br \/><br \/>\n<br \/><a href=\"https:\/\/www.tribunaribeirao.com.br\/site\/inss-comeca-a-pagar-beneficios-de-fevereiro-a-partir-do-dia-23\/\">Source link <\/a><\/p>\n<div class='code-block code-block-4' style='margin: 8px auto 8px 0; text-align: left; display: block; clear: both;'>\n\ud83d\udce2 Aviso Legal\n\nO site ismaelcolosi.com.br atua apenas como um canal de divulga\u00e7\u00e3o de oportunidades de emprego e n\u00e3o se responsabiliza pelo processo seletivo, contrata\u00e7\u00e3o ou qualquer outra etapa relacionada \u00e0s vagas publicadas. Todas as informa\u00e7\u00f5es s\u00e3o de responsabilidade dos anunciantes.\n\n\u26a0\ufe0f Aten\u00e7\u00e3o! Nunca pague por promessas de emprego nem compre cursos que garantam contrata\u00e7\u00e3o. Desconfie de qualquer cobran\u00e7a para participar de sele\u00e7\u00f5es.\n\n\n\n<\/div>\n<!-- CONTENT END 1 -->\n","protected":false},"excerpt":{"rendered":"<p>14 de fevereiro de 2024 | 16:0014 de fevereiro de 2024 | 11:47 0 O Instituto Nacional do Seguro Social (INSS) come\u00e7a a pagar o&#8230;<\/p>\n","protected":false},"author":1,"featured_media":37151,"comment_status":"open","ping_status":"open","sticky":false,"template":"","format":"standard","meta":{"_uag_custom_page_level_css":"","advanced_seo_description":"","jetpack_seo_html_title":"","jetpack_seo_noindex":false,"jetpack_post_was_ever_published":false,"_jetpack_newsletter_access":"","_jetpack_dont_email_post_to_subs":false,"_jetpack_newsletter_tier_id":0,"_jetpack_memberships_contains_paywalled_content":false,"_jetpack_memberships_contains_paid_content":false,"footnotes":"","jetpack_publicize_message":"","jetpack_publicize_feature_enabled":true,"jetpack_social_post_already_shared":true,"jetpack_social_options":{"image_generator_settings":{"template":"highway","default_image_id":0,"font":"","enabled":false},"version":2}},"categories":[11],"tags":[3399,206,142,684,2104,261,166],"class_list":["post-37150","post","type-post","status-publish","format-standard","has-post-thumbnail","hentry","category-noticias-de-ribeirao-preto-sp-e-regiao-ismael-colosi","tag-beneficios","tag-comeca","tag-dia","tag-fevereiro","tag-inss","tag-pagar","tag-partir"],"jetpack_publicize_connections":[],"jetpack_featured_media_url":"https:\/\/i0.wp.com\/ismaelcolosi.com.br\/wp-content\/uploads\/2024\/02\/previdenciainss-scaled.jpg?fit=700%2C419&ssl=1","uagb_featured_image_src":{"full":["https:\/\/i0.wp.com\/ismaelcolosi.com.br\/wp-content\/uploads\/2024\/02\/previdenciainss-scaled.jpg?fit=700%2C419&ssl=1",700,419,false],"thumbnail":["https:\/\/i0.wp.com\/ismaelcolosi.com.br\/wp-content\/uploads\/2024\/02\/previdenciainss-scaled.jpg?resize=150%2C150&ssl=1",150,150,true],"medium":["https:\/\/i0.wp.com\/ismaelcolosi.com.br\/wp-content\/uploads\/2024\/02\/previdenciainss-scaled.jpg?fit=300%2C180&ssl=1",300,180,true],"medium_large":["https:\/\/i0.wp.com\/ismaelcolosi.com.br\/wp-content\/uploads\/2024\/02\/previdenciainss-scaled.jpg?fit=700%2C419&ssl=1",700,419,true],"large":["https:\/\/i0.wp.com\/ismaelcolosi.com.br\/wp-content\/uploads\/2024\/02\/previdenciainss-scaled.jpg?fit=700%2C419&ssl=1",700,419,true],"1536x1536":["https:\/\/i0.wp.com\/ismaelcolosi.com.br\/wp-content\/uploads\/2024\/02\/previdenciainss-scaled.jpg?fit=700%2C419&ssl=1",700,419,true],"2048x2048":["https:\/\/i0.wp.com\/ismaelcolosi.com.br\/wp-content\/uploads\/2024\/02\/previdenciainss-scaled.jpg?fit=700%2C419&ssl=1",700,419,true],"really-simple-thumb":["https:\/\/i0.wp.com\/ismaelcolosi.com.br\/wp-content\/uploads\/2024\/02\/previdenciainss-scaled.jpg?resize=370%2C247&ssl=1",370,247,true]},"uagb_author_info":{"display_name":"ismaelcolosi.com.br","author_link":"https:\/\/ismaelcolosi.com.br\/index.php\/author\/vidareal-online\/"},"uagb_comment_info":0,"uagb_excerpt":"14 de fevereiro de 2024 | 16:0014 de fevereiro de 2024 | 11:47 0 O Instituto Nacional do Seguro Social (INSS) come\u00e7a a pagar o...","jetpack-related-posts":[{"id":27919,"url":"https:\/\/ismaelcolosi.com.br\/index.php\/2024\/01\/13\/beneficios-do-inss-avancam-371\/","url_meta":{"origin":37150,"position":0},"title":"Benef\u00edcios do INSS\u00a0avan\u00e7am 3,71% \u00a0","author":"ismaelcolosi.com.br","date":"13 de January de 2024","format":false,"excerpt":"Os minist\u00e9rios da Previd\u00eancia Social e da Fazenda editaram Portaria Interministerial, publicada no Di\u00e1rio Oficial da Uni\u00e3o desta sexta-feira, 12 de janeiro, que disp\u00f5e sobre o reajuste dos benef\u00edcios pagos pelo Instituto Nacional do Seguro Social (INSS) e demais valores constantes do Regulamento da Previd\u00eancia Social (RPS). De acordo com\u2026","rel":"","context":"In &quot;Not\u00edcias de Ribeir\u00e3o Preto-SP e Regi\u00e3o&quot;","block_context":{"text":"Not\u00edcias de Ribeir\u00e3o Preto-SP e Regi\u00e3o","link":"https:\/\/ismaelcolosi.com.br\/index.php\/category\/noticias-de-ribeirao-preto-sp-e-regiao-ismael-colosi\/"},"img":{"alt_text":"","src":"https:\/\/i0.wp.com\/ismaelcolosi.com.br\/wp-content\/uploads\/2024\/01\/INSS-Tony-Winston-Agencia-Brasilia-scaled.jpeg?fit=1000%2C598&ssl=1&resize=350%2C200","width":350,"height":200,"srcset":"https:\/\/i0.wp.com\/ismaelcolosi.com.br\/wp-content\/uploads\/2024\/01\/INSS-Tony-Winston-Agencia-Brasilia-scaled.jpeg?fit=1000%2C598&ssl=1&resize=350%2C200 1x, https:\/\/i0.wp.com\/ismaelcolosi.com.br\/wp-content\/uploads\/2024\/01\/INSS-Tony-Winston-Agencia-Brasilia-scaled.jpeg?fit=1000%2C598&ssl=1&resize=525%2C300 1.5x, https:\/\/i0.wp.com\/ismaelcolosi.com.br\/wp-content\/uploads\/2024\/01\/INSS-Tony-Winston-Agencia-Brasilia-scaled.jpeg?fit=1000%2C598&ssl=1&resize=700%2C400 2x"},"classes":[]},{"id":28357,"url":"https:\/\/ismaelcolosi.com.br\/index.php\/2024\/01\/15\/pagamento-do-abono-salarial-do-calendario-2024-comeca-em-fevereiro\/","url_meta":{"origin":37150,"position":1},"title":"Pagamento do abono salarial do calend\u00e1rio 2024 come\u00e7a em fevereiro \u2013 Folha de Ribeir\u00e3o","author":"ismaelcolosi.com.br","date":"15 de January de 2024","format":false,"excerpt":"A partir de 15 de fevereiro, a Caixa come\u00e7a a pagar o abono salarial do calend\u00e1rio 2024, referente ao ano-base 2022. O calend\u00e1rio foi aprovado pelo Conselho Deliberativo do Fundo de Amparo ao Trabalhador (Codefat), em reuni\u00e3o realizada em dezembro do ano passado.\u00a0 O cr\u00e9dito ser\u00e1 feito de forma escalonada,\u2026","rel":"","context":"In &quot;Not\u00edcias de Ribeir\u00e3o Preto-SP e Regi\u00e3o&quot;","block_context":{"text":"Not\u00edcias de Ribeir\u00e3o Preto-SP e Regi\u00e3o","link":"https:\/\/ismaelcolosi.com.br\/index.php\/category\/noticias-de-ribeirao-preto-sp-e-regiao-ismael-colosi\/"},"img":{"alt_text":"","src":"","width":0,"height":0},"classes":[]},{"id":27266,"url":"https:\/\/ismaelcolosi.com.br\/index.php\/2024\/01\/11\/beneficios-do-inss-acima-do-minimo-terao-reajuste-de-371\/","url_meta":{"origin":37150,"position":2},"title":"Benef\u00edcios do INSS acima do m\u00ednimo ter\u00e3o reajuste de 3,71% \u2013 Folha de Ribeir\u00e3o","author":"ismaelcolosi.com.br","date":"11 de January de 2024","format":false,"excerpt":"Os benef\u00edcios do Instituto Nacional do Seguro Social (INSS) acima de um sal\u00e1rio m\u00ednimo subir\u00e3o 3,71% neste ano, confirmou hoje (11) o Minist\u00e9rio da Previd\u00eancia Social. O reajuste seguir\u00e1 o \u00cdndice Nacional de Pre\u00e7os ao Consumidor (INPC) do ano passado, divulgado mais cedo pelo Instituto Brasileiro de Geografia e Estat\u00edstica\u2026","rel":"","context":"In &quot;Not\u00edcias de Ribeir\u00e3o Preto-SP e Regi\u00e3o&quot;","block_context":{"text":"Not\u00edcias de Ribeir\u00e3o Preto-SP e Regi\u00e3o","link":"https:\/\/ismaelcolosi.com.br\/index.php\/category\/noticias-de-ribeirao-preto-sp-e-regiao-ismael-colosi\/"},"img":{"alt_text":"","src":"","width":0,"height":0},"classes":[]},{"id":43428,"url":"https:\/\/ismaelcolosi.com.br\/index.php\/2024\/03\/21\/prova-de-vida-inss-suspende-bloqueio-de-beneficio\/","url_meta":{"origin":37150,"position":3},"title":"Prova de vida: INSS suspende bloqueio de benef\u00edcio","author":"ismaelcolosi.com.br","date":"21 de March de 2024","format":false,"excerpt":"21 de mar\u00e7o de 2024 | 10:4020 de mar\u00e7o de 2024 | 23:12 0O Minist\u00e9rio da Previd\u00eancia Social decidiu que, at\u00e9 31 de dezembro de 2024, a falta de comprova\u00e7\u00e3o da prova de vida dos benefici\u00e1rios do Instituto Nacional do Seguro Social (INSS) n\u00e3o vai acarretar no bloqueio ou suspens\u00e3o\u2026","rel":"","context":"In &quot;Not\u00edcias de Ribeir\u00e3o Preto-SP e Regi\u00e3o&quot;","block_context":{"text":"Not\u00edcias de Ribeir\u00e3o Preto-SP e Regi\u00e3o","link":"https:\/\/ismaelcolosi.com.br\/index.php\/category\/noticias-de-ribeirao-preto-sp-e-regiao-ismael-colosi\/"},"img":{"alt_text":"","src":"https:\/\/i0.wp.com\/ismaelcolosi.com.br\/wp-content\/uploads\/2024\/03\/inss.jpg?fit=940%2C627&ssl=1&resize=350%2C200","width":350,"height":200,"srcset":"https:\/\/i0.wp.com\/ismaelcolosi.com.br\/wp-content\/uploads\/2024\/03\/inss.jpg?fit=940%2C627&ssl=1&resize=350%2C200 1x, https:\/\/i0.wp.com\/ismaelcolosi.com.br\/wp-content\/uploads\/2024\/03\/inss.jpg?fit=940%2C627&ssl=1&resize=525%2C300 1.5x, https:\/\/i0.wp.com\/ismaelcolosi.com.br\/wp-content\/uploads\/2024\/03\/inss.jpg?fit=940%2C627&ssl=1&resize=700%2C400 2x"},"classes":[]},{"id":34558,"url":"https:\/\/ismaelcolosi.com.br\/index.php\/2024\/02\/02\/inss-convoca-43-milhoes-de-pessoas-para-fazer-prova-de-vida\/","url_meta":{"origin":37150,"position":4},"title":"INSS convoca 4,3 milh\u00f5es de pessoas para fazer prova de vida","author":"ismaelcolosi.com.br","date":"2 de February de 2024","format":false,"excerpt":"2 de fevereiro de 2024 | 13:302 de fevereiro de 2024 | 10:46 0O Instituto Nacional do Seguro Social (INSS) convocar\u00e1 4,3 milh\u00f5es de aposentados, pensionistas e benefici\u00e1rios de aux\u00edlios de longa dura\u00e7\u00e3o para fazer a prova de vida anual. Desde o in\u00edcio de 2023 que cabe ao instituto comprovar\u2026","rel":"","context":"In &quot;Not\u00edcias de Ribeir\u00e3o Preto-SP e Regi\u00e3o&quot;","block_context":{"text":"Not\u00edcias de Ribeir\u00e3o Preto-SP e Regi\u00e3o","link":"https:\/\/ismaelcolosi.com.br\/index.php\/category\/noticias-de-ribeirao-preto-sp-e-regiao-ismael-colosi\/"},"img":{"alt_text":"","src":"https:\/\/i0.wp.com\/ismaelcolosi.com.br\/wp-content\/uploads\/2024\/02\/846e8be0-b7fa-480c-bc49-9fa59b7a79f8-scaled.jpg?fit=1000%2C598&ssl=1&resize=350%2C200","width":350,"height":200,"srcset":"https:\/\/i0.wp.com\/ismaelcolosi.com.br\/wp-content\/uploads\/2024\/02\/846e8be0-b7fa-480c-bc49-9fa59b7a79f8-scaled.jpg?fit=1000%2C598&ssl=1&resize=350%2C200 1x, https:\/\/i0.wp.com\/ismaelcolosi.com.br\/wp-content\/uploads\/2024\/02\/846e8be0-b7fa-480c-bc49-9fa59b7a79f8-scaled.jpg?fit=1000%2C598&ssl=1&resize=525%2C300 1.5x, https:\/\/i0.wp.com\/ismaelcolosi.com.br\/wp-content\/uploads\/2024\/02\/846e8be0-b7fa-480c-bc49-9fa59b7a79f8-scaled.jpg?fit=1000%2C598&ssl=1&resize=700%2C400 2x"},"classes":[]},{"id":39017,"url":"https:\/\/ismaelcolosi.com.br\/index.php\/2024\/02\/22\/joao-rock-inicia-pre-venda-de-ingressos-no-dia-27-de-fevereiro\/","url_meta":{"origin":37150,"position":5},"title":"Jo\u00e3o Rock inicia pr\u00e9-venda de ingressos no dia 27 de fevereiro","author":"ismaelcolosi.com.br","date":"22 de February de 2024","format":false,"excerpt":"22 de fevereiro de 2024 | 18:43 0Come\u00e7a na pr\u00f3xima ter\u00e7a-feira, dia 27, \u00e0s 12h, a pr\u00e9-venda de ingressos para um dos principais festivais de m\u00fasica do pa\u00eds, o Jo\u00e3o Rock. A 21\u00aa edi\u00e7\u00e3o do evento acontece no dia 08 de junho, no Parque Permanente de Exposi\u00e7\u00f5es em Ribeir\u00e3o Preto\/SP.O\u2026","rel":"","context":"In &quot;Not\u00edcias de Ribeir\u00e3o Preto-SP e Regi\u00e3o&quot;","block_context":{"text":"Not\u00edcias de Ribeir\u00e3o Preto-SP e Regi\u00e3o","link":"https:\/\/ismaelcolosi.com.br\/index.php\/category\/noticias-de-ribeirao-preto-sp-e-regiao-ismael-colosi\/"},"img":{"alt_text":"","src":"https:\/\/i0.wp.com\/ismaelcolosi.com.br\/wp-content\/uploads\/2024\/02\/1708639331_3-11.jpg?fit=800%2C511&ssl=1&resize=350%2C200","width":350,"height":200,"srcset":"https:\/\/i0.wp.com\/ismaelcolosi.com.br\/wp-content\/uploads\/2024\/02\/1708639331_3-11.jpg?fit=800%2C511&ssl=1&resize=350%2C200 1x, https:\/\/i0.wp.com\/ismaelcolosi.com.br\/wp-content\/uploads\/2024\/02\/1708639331_3-11.jpg?fit=800%2C511&ssl=1&resize=525%2C300 1.5x, https:\/\/i0.wp.com\/ismaelcolosi.com.br\/wp-content\/uploads\/2024\/02\/1708639331_3-11.jpg?fit=800%2C511&ssl=1&resize=700%2C400 2x"},"classes":[]}],"jetpack_sharing_enabled":true,"jetpack_shortlink":"https:\/\/wp.me\/pfMlyK-9Fc","_links":{"self":[{"href":"https:\/\/ismaelcolosi.com.br\/index.php\/wp-json\/wp\/v2\/posts\/37150","targetHints":{"allow":["GET"]}}],"collection":[{"href":"https:\/\/ismaelcolosi.com.br\/index.php\/wp-json\/wp\/v2\/posts"}],"about":[{"href":"https:\/\/ismaelcolosi.com.br\/index.php\/wp-json\/wp\/v2\/types\/post"}],"author":[{"embeddable":true,"href":"https:\/\/ismaelcolosi.com.br\/index.php\/wp-json\/wp\/v2\/users\/1"}],"replies":[{"embeddable":true,"href":"https:\/\/ismaelcolosi.com.br\/index.php\/wp-json\/wp\/v2\/comments?post=37150"}],"version-history":[{"count":0,"href":"https:\/\/ismaelcolosi.com.br\/index.php\/wp-json\/wp\/v2\/posts\/37150\/revisions"}],"wp:featuredmedia":[{"embeddable":true,"href":"https:\/\/ismaelcolosi.com.br\/index.php\/wp-json\/wp\/v2\/media\/37151"}],"wp:attachment":[{"href":"https:\/\/ismaelcolosi.com.br\/index.php\/wp-json\/wp\/v2\/media?parent=37150"}],"wp:term":[{"taxonomy":"category","embeddable":true,"href":"https:\/\/ismaelcolosi.com.br\/index.php\/wp-json\/wp\/v2\/categories?post=37150"},{"taxonomy":"post_tag","embeddable":true,"href":"https:\/\/ismaelcolosi.com.br\/index.php\/wp-json\/wp\/v2\/tags?post=37150"}],"curies":[{"name":"wp","href":"https:\/\/api.w.org\/{rel}","templated":true}]}}