{"id":37090,"date":"2024-02-14T11:52:34","date_gmt":"2024-02-14T14:52:34","guid":{"rendered":"https:\/\/ismaelcolosi.com.br\/index.php\/2024\/02\/14\/saiba-o-hotel-que-o-corinthians-esta-hospedado-em-ribeirao-preto\/"},"modified":"2024-02-14T11:52:34","modified_gmt":"2024-02-14T14:52:34","slug":"saiba-o-hotel-que-o-corinthians-esta-hospedado-em-ribeirao-preto","status":"publish","type":"post","link":"https:\/\/ismaelcolosi.com.br\/index.php\/2024\/02\/14\/saiba-o-hotel-que-o-corinthians-esta-hospedado-em-ribeirao-preto\/","title":{"rendered":"Saiba o hotel que o Corinthians est\u00e1 hospedado em Ribeir\u00e3o Preto"},"content":{"rendered":"<p> <br \/>\n<\/p>\n<div>\n<p>O <strong>Corinthians<\/strong> j\u00e1 est\u00e1 em <strong>Ribeir\u00e3o Preto <\/strong>para enfrentar o Botafogo pela 8\u00aa rodada do Campeonato Paulista 2024, nesta quarta-feira (14), na <strong>Arena Nicnet\/Est\u00e1dio Santa Cruz<\/strong>. A equipe da capital est\u00e1 hospedada no hotel <strong>Wyndham Garden Ribeir\u00e3o Preto<\/strong>, que fica no <strong>Jardim Bot\u00e2nico<\/strong>, na zona Sul.<\/p>\n<p>A chegada do Corinthians aconteceu no final da tarde da \u00faltima ter\u00e7a-feira (13). O confronto contra o Pantera est\u00e1 marcado para as 21h35, desta quarta-feira.<\/p>\n<p>O Botafogo tem 8 pontos e ocupa a 4\u00aa coloca\u00e7\u00e3o no Grupo D do <strong>Paulist\u00e3o<\/strong>. J\u00e1 o Corinthians conquistou 6 pontos, e \u00e9 o 4\u00ba colocado no Grupo C. Apenas os dois primeiros de cada grupo se classificam para as quartas de final.<\/p>\n<h4 class=\"wp-block-heading\"><strong>Escala\u00e7\u00f5es<\/strong><\/h4>\n<p>O Botafogo, do t\u00e9cnico <strong>Paulo Gomes<\/strong>, deve ir a campo com:<\/p>\n<ul>\n<li>Jo\u00e3o Carlos, Lucas Dias, F\u00e1bio Sanches e Bernardo Schappo. Thassio, Matheus Barbosa, Leandro Maciel, Douglas Baggio e Jean Victor. Tiago Alves e Alex Sandro.<\/li>\n<\/ul>\n<p>J\u00e1 o Corinthians, de<strong> Ant\u00f3nio Oliveira <\/strong>deve jogar com:<\/p>\n<ul>\n<li>C\u00e1ssio, L\u00e9o Man\u00e1, F\u00e9lix Torres, Caetano e Hugo. Raniele, Maycon e Rodrigo Garro. Romero, Wesley e Yuri Alberto.<\/li>\n<\/ul>\n<h4 class=\"wp-block-heading\"><strong>Homenagem a S\u00f3crates<\/strong><\/h4>\n<p>Botafogo e Corinthians v\u00e3o realizar uma s\u00e9rie de homenagens ao Doutor S\u00f3crates, \u00eddolo das duas equipes, que completaria 70 anos na pr\u00f3xima segunda-feira (19).<\/p>\n<p>Em uma das a\u00e7\u00f5es, ser\u00e1 assinado decreto que vai rebatizar a rua Edgard Rodrigues, em frente ao est\u00e1dio Santa Cruz, de Esplanada Doutor S\u00f3crates. Al\u00e9m disso, as equipes v\u00e3o usar um patch especial na camisa e um bandeir\u00e3o ser\u00e1 estendido no c\u00edrculo central do gramado.<\/p>\n<h4 class=\"wp-block-heading\"><strong>Ingressos<\/strong><\/h4>\n<p>Os ingressos para a partida est\u00e3o dispon\u00edveis atrav\u00e9s do<a href=\"https:\/\/www.totalticket.com.br\/evento\/23111\" target=\"_blank\" rel=\"noreferrer noopener nofollow\"> site da <strong>Total Ticket<\/strong> (clique aqui)<\/a>. Ainda h\u00e1 bilhetes para o setor prata visitante, e para os setores arquibancada, bronze, prata e ouro para torcida do Botafogo.<\/p>\n<p>SAIBA MAIS<br \/>Catedral de Ribeir\u00e3o celebra Quarta-feira de Cinzas com missas; Veja hor\u00e1rios<\/p>\n<h4 class=\"wp-block-heading\"><strong>FIQUE ON<\/strong><\/h4>\n<p>Fique ligado em tudo que acontece em Ribeir\u00e3o Preto e regi\u00e3o. Siga os perfis do <strong>acidade on<\/strong> no <a href=\"https:\/\/www.instagram.com\/acidadeonribeirao\" target=\"_blank\" rel=\"noreferrer noopener nofollow\">Instagram<\/a> e no <a href=\"https:\/\/www.facebook.com\/acidadeonribeirao\" target=\"_blank\" rel=\"noreferrer noopener nofollow\">Facebook<\/a>.<\/p>\n<p>Receba not\u00edcias do<strong> acidade on<\/strong> no WhatsApp.<a href=\"https:\/\/chat.whatsapp.com\/Bnv2w66ZT4VDyZW3oiZ69n\" target=\"_blank\" rel=\"noreferrer noopener nofollow\"> Para entrar no grupo, basta clicar aqui.<\/a><\/p>\n<p>Fa\u00e7a uma den\u00fancia ou sugira uma reportagem sobre Ribeir\u00e3o Preto e regi\u00e3o pelo WhatsApp: 16 99117 7802.<\/p>\n<p>VEJA TAMB\u00c9M<br \/>Quem \u00e9 a vil\u00e3 do BBB 24? Brother d\u00e1 palpite<\/p>\n<p><!-- AI CONTENT END 1 -->\n<\/div>\n<p><script async src=\"\/\/www.instagram.com\/embed.js\"><\/script><br \/>\n<br \/><br \/>\n<br \/><a href=\"https:\/\/www.acidadeon.com\/ribeiraopreto\/esportes\/saiba-o-hotel-que-o-corinthians-esta-hospedado-em-ribeirao-preto\/\">Source link <\/a><\/p>\n<div class='code-block code-block-4' style='margin: 8px auto 8px 0; text-align: left; display: block; clear: both;'>\n\ud83d\udce2 Aviso Legal\n\nO site ismaelcolosi.com.br atua apenas como um canal de divulga\u00e7\u00e3o de oportunidades de emprego e n\u00e3o se responsabiliza pelo processo seletivo, contrata\u00e7\u00e3o ou qualquer outra etapa relacionada \u00e0s vagas publicadas. Todas as informa\u00e7\u00f5es s\u00e3o de responsabilidade dos anunciantes.\n\n\u26a0\ufe0f Aten\u00e7\u00e3o! Nunca pague por promessas de emprego nem compre cursos que garantam contrata\u00e7\u00e3o. Desconfie de qualquer cobran\u00e7a para participar de sele\u00e7\u00f5es.\n\n\n\n<\/div>\n<!-- CONTENT END 1 -->\n","protected":false},"excerpt":{"rendered":"<p>O Corinthians j\u00e1 est\u00e1 em Ribeir\u00e3o Preto para enfrentar o Botafogo pela 8\u00aa rodada do Campeonato Paulista 2024, nesta quarta-feira (14), na Arena Nicnet\/Est\u00e1dio Santa&#8230;<\/p>\n","protected":false},"author":1,"featured_media":37091,"comment_status":"open","ping_status":"open","sticky":false,"template":"","format":"standard","meta":{"_uag_custom_page_level_css":"","advanced_seo_description":"","jetpack_seo_html_title":"","jetpack_seo_noindex":false,"jetpack_post_was_ever_published":false,"_jetpack_newsletter_access":"","_jetpack_dont_email_post_to_subs":false,"_jetpack_newsletter_tier_id":0,"_jetpack_memberships_contains_paywalled_content":false,"_jetpack_memberships_contains_paid_content":false,"footnotes":"","jetpack_publicize_message":"","jetpack_publicize_feature_enabled":true,"jetpack_social_post_already_shared":true,"jetpack_social_options":{"image_generator_settings":{"template":"highway","default_image_id":0,"font":"","enabled":false},"version":2}},"categories":[11],"tags":[],"class_list":["post-37090","post","type-post","status-publish","format-standard","has-post-thumbnail","hentry","category-noticias-de-ribeirao-preto-sp-e-regiao-ismael-colosi"],"jetpack_publicize_connections":[],"jetpack_featured_media_url":"https:\/\/i0.wp.com\/ismaelcolosi.com.br\/wp-content\/uploads\/2024\/02\/corinthians-ribeirao-preto.jpg?fit=1089%2C837&ssl=1","uagb_featured_image_src":{"full":["https:\/\/i0.wp.com\/ismaelcolosi.com.br\/wp-content\/uploads\/2024\/02\/corinthians-ribeirao-preto.jpg?fit=1089%2C837&ssl=1",1089,837,false],"thumbnail":["https:\/\/i0.wp.com\/ismaelcolosi.com.br\/wp-content\/uploads\/2024\/02\/corinthians-ribeirao-preto.jpg?resize=150%2C150&ssl=1",150,150,true],"medium":["https:\/\/i0.wp.com\/ismaelcolosi.com.br\/wp-content\/uploads\/2024\/02\/corinthians-ribeirao-preto.jpg?fit=300%2C231&ssl=1",300,231,true],"medium_large":["https:\/\/i0.wp.com\/ismaelcolosi.com.br\/wp-content\/uploads\/2024\/02\/corinthians-ribeirao-preto.jpg?fit=768%2C590&ssl=1",768,590,true],"large":["https:\/\/i0.wp.com\/ismaelcolosi.com.br\/wp-content\/uploads\/2024\/02\/corinthians-ribeirao-preto.jpg?fit=1024%2C787&ssl=1",1024,787,true],"1536x1536":["https:\/\/i0.wp.com\/ismaelcolosi.com.br\/wp-content\/uploads\/2024\/02\/corinthians-ribeirao-preto.jpg?fit=1089%2C837&ssl=1",1089,837,true],"2048x2048":["https:\/\/i0.wp.com\/ismaelcolosi.com.br\/wp-content\/uploads\/2024\/02\/corinthians-ribeirao-preto.jpg?fit=1089%2C837&ssl=1",1089,837,true],"really-simple-thumb":["https:\/\/i0.wp.com\/ismaelcolosi.com.br\/wp-content\/uploads\/2024\/02\/corinthians-ribeirao-preto.jpg?resize=370%2C247&ssl=1",370,247,true]},"uagb_author_info":{"display_name":"ismaelcolosi.com.br","author_link":"https:\/\/ismaelcolosi.com.br\/index.php\/author\/vidareal-online\/"},"uagb_comment_info":0,"uagb_excerpt":"O Corinthians j\u00e1 est\u00e1 em Ribeir\u00e3o Preto para enfrentar o Botafogo pela 8\u00aa rodada do Campeonato Paulista 2024, nesta quarta-feira (14), na Arena Nicnet\/Est\u00e1dio Santa...","jetpack-related-posts":[{"id":37248,"url":"https:\/\/ismaelcolosi.com.br\/index.php\/2024\/02\/15\/botafogo-perde-para-o-corinthians-em-jogo-realizado-em-ribeirao-preto\/","url_meta":{"origin":37090,"position":0},"title":"Botafogo perde para o Corinthians em jogo realizado em Ribeir\u00e3o Preto","author":"ismaelcolosi.com.br","date":"15 de February de 2024","format":false,"excerpt":"O Botafogo perdeu por 4 a 1 para o Corinthians, em jogo realizado na noite desta quarta-feira (14), pela oitava rodada do Campeonato Paulista. \u00a0 A disputa foi realizada no est\u00e1dio Santa Cruz Arena NicNet, em Ribeir\u00e3o Preto. Essa \u00e9 a terceira derrota consecutiva do Botafogo no Paulist\u00e3o.\u00a0 O tim\u00e3o\u2026","rel":"","context":"In &quot;Not\u00edcias de Ribeir\u00e3o Preto-SP e Regi\u00e3o&quot;","block_context":{"text":"Not\u00edcias de Ribeir\u00e3o Preto-SP e Regi\u00e3o","link":"https:\/\/ismaelcolosi.com.br\/index.php\/category\/noticias-de-ribeirao-preto-sp-e-regiao-ismael-colosi\/"},"img":{"alt_text":"","src":"https:\/\/i0.wp.com\/ismaelcolosi.com.br\/wp-content\/uploads\/2024\/02\/8e1e7c29-2555-4026-ac9e-8cea070dabff-scaled.jpeg?fit=1200%2C800&ssl=1&resize=350%2C200","width":350,"height":200,"srcset":"https:\/\/i0.wp.com\/ismaelcolosi.com.br\/wp-content\/uploads\/2024\/02\/8e1e7c29-2555-4026-ac9e-8cea070dabff-scaled.jpeg?fit=1200%2C800&ssl=1&resize=350%2C200 1x, https:\/\/i0.wp.com\/ismaelcolosi.com.br\/wp-content\/uploads\/2024\/02\/8e1e7c29-2555-4026-ac9e-8cea070dabff-scaled.jpeg?fit=1200%2C800&ssl=1&resize=525%2C300 1.5x, https:\/\/i0.wp.com\/ismaelcolosi.com.br\/wp-content\/uploads\/2024\/02\/8e1e7c29-2555-4026-ac9e-8cea070dabff-scaled.jpeg?fit=1200%2C800&ssl=1&resize=700%2C400 2x, https:\/\/i0.wp.com\/ismaelcolosi.com.br\/wp-content\/uploads\/2024\/02\/8e1e7c29-2555-4026-ac9e-8cea070dabff-scaled.jpeg?fit=1200%2C800&ssl=1&resize=1050%2C600 3x"},"classes":[]},{"id":21227,"url":"https:\/\/ismaelcolosi.com.br\/index.php\/2023\/12\/27\/veja-quando-santos-e-corinthians-vao-jogar-contra-o-botafogo-em-ribeirao-preto\/","url_meta":{"origin":37090,"position":1},"title":"Veja quando Santos e Corinthians v\u00e3o jogar contra o Botafogo em Ribeir\u00e3o Preto","author":"ismaelcolosi.com.br","date":"27 de December de 2023","format":false,"excerpt":"A FPF (Federa\u00e7\u00e3o Paulista de Futebol) divulgou a tabela detalhada da primeira fase do Campeonato Paulista de 2024. Com isso, ficaram definidas as datas e os hor\u00e1rios em que Santos e Corinthians v\u00e3o jogar em Ribeir\u00e3o Preto contra o Botafogo pelo estadual \u2013 o Santos ainda vai enfrentar o Pantera\u2026","rel":"","context":"In &quot;Not\u00edcias de Ribeir\u00e3o Preto-SP e Regi\u00e3o&quot;","block_context":{"text":"Not\u00edcias de Ribeir\u00e3o Preto-SP e Regi\u00e3o","link":"https:\/\/ismaelcolosi.com.br\/index.php\/category\/noticias-de-ribeirao-preto-sp-e-regiao-ismael-colosi\/"},"img":{"alt_text":"","src":"https:\/\/i0.wp.com\/ismaelcolosi.com.br\/wp-content\/uploads\/2023\/12\/santos-corinthians.jpg?fit=1200%2C675&ssl=1&resize=350%2C200","width":350,"height":200,"srcset":"https:\/\/i0.wp.com\/ismaelcolosi.com.br\/wp-content\/uploads\/2023\/12\/santos-corinthians.jpg?fit=1200%2C675&ssl=1&resize=350%2C200 1x, https:\/\/i0.wp.com\/ismaelcolosi.com.br\/wp-content\/uploads\/2023\/12\/santos-corinthians.jpg?fit=1200%2C675&ssl=1&resize=525%2C300 1.5x, https:\/\/i0.wp.com\/ismaelcolosi.com.br\/wp-content\/uploads\/2023\/12\/santos-corinthians.jpg?fit=1200%2C675&ssl=1&resize=700%2C400 2x, https:\/\/i0.wp.com\/ismaelcolosi.com.br\/wp-content\/uploads\/2023\/12\/santos-corinthians.jpg?fit=1200%2C675&ssl=1&resize=1050%2C600 3x"},"classes":[]},{"id":12298,"url":"https:\/\/ismaelcolosi.com.br\/index.php\/2023\/12\/07\/botafogo-recebe-santos-e-corinthians-em-ribeirao-preto-no-paulistao-2024\/","url_meta":{"origin":37090,"position":2},"title":"Botafogo recebe Santos e Corinthians em Ribeir\u00e3o Preto no Paulist\u00e3o 2024","author":"ismaelcolosi.com.br","date":"7 de December de 2023","format":false,"excerpt":"A FPF (Federa\u00e7\u00e3o Paulista de Futebol) divulgou nesta quinta-feira (7) a tabela do Campeonato Paulista de 2024. O Botafogo vai receber o Santos e o Corinthians, no est\u00e1dio Santa Cruz, em Ribeir\u00e3o Preto. A partida contra o Peixe est\u00e1 prevista para o dia 21 de janeiro, contudo a federa\u00e7\u00e3o ainda\u2026","rel":"","context":"In &quot;Not\u00edcias de Ribeir\u00e3o Preto-SP e Regi\u00e3o&quot;","block_context":{"text":"Not\u00edcias de Ribeir\u00e3o Preto-SP e Regi\u00e3o","link":"https:\/\/ismaelcolosi.com.br\/index.php\/category\/noticias-de-ribeirao-preto-sp-e-regiao-ismael-colosi\/"},"img":{"alt_text":"","src":"https:\/\/i0.wp.com\/ismaelcolosi.com.br\/wp-content\/uploads\/2023\/12\/santos-botafogo.jpg?fit=1200%2C675&ssl=1&resize=350%2C200","width":350,"height":200,"srcset":"https:\/\/i0.wp.com\/ismaelcolosi.com.br\/wp-content\/uploads\/2023\/12\/santos-botafogo.jpg?fit=1200%2C675&ssl=1&resize=350%2C200 1x, https:\/\/i0.wp.com\/ismaelcolosi.com.br\/wp-content\/uploads\/2023\/12\/santos-botafogo.jpg?fit=1200%2C675&ssl=1&resize=525%2C300 1.5x, https:\/\/i0.wp.com\/ismaelcolosi.com.br\/wp-content\/uploads\/2023\/12\/santos-botafogo.jpg?fit=1200%2C675&ssl=1&resize=700%2C400 2x, https:\/\/i0.wp.com\/ismaelcolosi.com.br\/wp-content\/uploads\/2023\/12\/santos-botafogo.jpg?fit=1200%2C675&ssl=1&resize=1050%2C600 3x"},"classes":[]},{"id":36770,"url":"https:\/\/ismaelcolosi.com.br\/index.php\/2024\/02\/12\/botafogo-perde-para-inter-de-limeira-e-chega-a-tres-partidas-sem-vencer\/","url_meta":{"origin":37090,"position":3},"title":"Botafogo perde para Inter de Limeira e chega a tr\u00eas partidas sem vencer","author":"ismaelcolosi.com.br","date":"12 de February de 2024","format":false,"excerpt":"O Botafogo perdeu por 2 a 0 para Inter de Limeira na tarde deste domingo (11), no est\u00e1dio Major Levy Sobrinho, em Limeira. A partida foi v\u00e1lida pela s\u00e9tima rodada da primeira fase do Campeonato Paulista 2024. A equipe de Ribeir\u00e3o Preto n\u00e3o vence h\u00e1 tr\u00eas partidas. Os gols da\u2026","rel":"","context":"In &quot;Not\u00edcias de Ribeir\u00e3o Preto-SP e Regi\u00e3o&quot;","block_context":{"text":"Not\u00edcias de Ribeir\u00e3o Preto-SP e Regi\u00e3o","link":"https:\/\/ismaelcolosi.com.br\/index.php\/category\/noticias-de-ribeirao-preto-sp-e-regiao-ismael-colosi\/"},"img":{"alt_text":"","src":"https:\/\/i0.wp.com\/ismaelcolosi.com.br\/wp-content\/uploads\/2024\/02\/botafogo-inter.jpeg?fit=1200%2C800&ssl=1&resize=350%2C200","width":350,"height":200,"srcset":"https:\/\/i0.wp.com\/ismaelcolosi.com.br\/wp-content\/uploads\/2024\/02\/botafogo-inter.jpeg?fit=1200%2C800&ssl=1&resize=350%2C200 1x, https:\/\/i0.wp.com\/ismaelcolosi.com.br\/wp-content\/uploads\/2024\/02\/botafogo-inter.jpeg?fit=1200%2C800&ssl=1&resize=525%2C300 1.5x, https:\/\/i0.wp.com\/ismaelcolosi.com.br\/wp-content\/uploads\/2024\/02\/botafogo-inter.jpeg?fit=1200%2C800&ssl=1&resize=700%2C400 2x, https:\/\/i0.wp.com\/ismaelcolosi.com.br\/wp-content\/uploads\/2024\/02\/botafogo-inter.jpeg?fit=1200%2C800&ssl=1&resize=1050%2C600 3x"},"classes":[]},{"id":32840,"url":"https:\/\/ismaelcolosi.com.br\/index.php\/2024\/01\/26\/veja-como-comprar-ingressos-para-botafogo-e-corinthians-em-ribeirao-preto\/","url_meta":{"origin":37090,"position":4},"title":"Veja como comprar ingressos para Botafogo e Corinthians em Ribeir\u00e3o Preto","author":"ismaelcolosi.com.br","date":"26 de January de 2024","format":false,"excerpt":"O Botafogo come\u00e7ou a vender nesta sexta-feira (26) os ingressos para a partida contra o Corinthians, marcada para o dia 14 de fevereiro, a partir das 21h35, no est\u00e1dio Santa Cruz\/Arena Nicnet, em Ribeir\u00e3o Preto. O confronto \u00e9 v\u00e1lido pela 8\u00aa rodada do Campeonato Paulista 2024. Os ingressos podem ser\u2026","rel":"","context":"In &quot;Not\u00edcias de Ribeir\u00e3o Preto-SP e Regi\u00e3o&quot;","block_context":{"text":"Not\u00edcias de Ribeir\u00e3o Preto-SP e Regi\u00e3o","link":"https:\/\/ismaelcolosi.com.br\/index.php\/category\/noticias-de-ribeirao-preto-sp-e-regiao-ismael-colosi\/"},"img":{"alt_text":"","src":"https:\/\/i0.wp.com\/ismaelcolosi.com.br\/wp-content\/uploads\/2024\/01\/corinthians-botafogo.jpg?fit=1200%2C800&ssl=1&resize=350%2C200","width":350,"height":200,"srcset":"https:\/\/i0.wp.com\/ismaelcolosi.com.br\/wp-content\/uploads\/2024\/01\/corinthians-botafogo.jpg?fit=1200%2C800&ssl=1&resize=350%2C200 1x, https:\/\/i0.wp.com\/ismaelcolosi.com.br\/wp-content\/uploads\/2024\/01\/corinthians-botafogo.jpg?fit=1200%2C800&ssl=1&resize=525%2C300 1.5x, https:\/\/i0.wp.com\/ismaelcolosi.com.br\/wp-content\/uploads\/2024\/01\/corinthians-botafogo.jpg?fit=1200%2C800&ssl=1&resize=700%2C400 2x, https:\/\/i0.wp.com\/ismaelcolosi.com.br\/wp-content\/uploads\/2024\/01\/corinthians-botafogo.jpg?fit=1200%2C800&ssl=1&resize=1050%2C600 3x"},"classes":[]},{"id":37366,"url":"https:\/\/ismaelcolosi.com.br\/index.php\/2024\/02\/15\/menina-hostilizada-em-jogo-em-ribeirao-preto-recebe-convite-do-corinthians\/","url_meta":{"origin":37090,"position":5},"title":"Menina hostilizada em jogo em Ribeir\u00e3o Preto recebe convite do Corinthians","author":"ismaelcolosi.com.br","date":"15 de February de 2024","format":false,"excerpt":"A menina de 8 anos de idade que ficou conhecida ap\u00f3s v\u00eddeos publicados em redes sociais viralizarem por mostrar torcedores botafoguenses hostilizando ela e familiares, na noite de quarta-feira (14), entrar\u00e1 em campo com os jogadores do Corinthians, no dia 2 de mar\u00e7o, em partida contra o Santo Andr\u00e9. A\u2026","rel":"","context":"In &quot;Not\u00edcias de Ribeir\u00e3o Preto-SP e Regi\u00e3o&quot;","block_context":{"text":"Not\u00edcias de Ribeir\u00e3o Preto-SP e Regi\u00e3o","link":"https:\/\/ismaelcolosi.com.br\/index.php\/category\/noticias-de-ribeirao-preto-sp-e-regiao-ismael-colosi\/"},"img":{"alt_text":"","src":"https:\/\/i0.wp.com\/ismaelcolosi.com.br\/wp-content\/uploads\/2024\/02\/3-2.jpg?fit=1200%2C675&ssl=1&resize=350%2C200","width":350,"height":200,"srcset":"https:\/\/i0.wp.com\/ismaelcolosi.com.br\/wp-content\/uploads\/2024\/02\/3-2.jpg?fit=1200%2C675&ssl=1&resize=350%2C200 1x, https:\/\/i0.wp.com\/ismaelcolosi.com.br\/wp-content\/uploads\/2024\/02\/3-2.jpg?fit=1200%2C675&ssl=1&resize=525%2C300 1.5x, https:\/\/i0.wp.com\/ismaelcolosi.com.br\/wp-content\/uploads\/2024\/02\/3-2.jpg?fit=1200%2C675&ssl=1&resize=700%2C400 2x, https:\/\/i0.wp.com\/ismaelcolosi.com.br\/wp-content\/uploads\/2024\/02\/3-2.jpg?fit=1200%2C675&ssl=1&resize=1050%2C600 3x"},"classes":[]}],"jetpack_sharing_enabled":true,"jetpack_shortlink":"https:\/\/wp.me\/pfMlyK-9Ee","_links":{"self":[{"href":"https:\/\/ismaelcolosi.com.br\/index.php\/wp-json\/wp\/v2\/posts\/37090","targetHints":{"allow":["GET"]}}],"collection":[{"href":"https:\/\/ismaelcolosi.com.br\/index.php\/wp-json\/wp\/v2\/posts"}],"about":[{"href":"https:\/\/ismaelcolosi.com.br\/index.php\/wp-json\/wp\/v2\/types\/post"}],"author":[{"embeddable":true,"href":"https:\/\/ismaelcolosi.com.br\/index.php\/wp-json\/wp\/v2\/users\/1"}],"replies":[{"embeddable":true,"href":"https:\/\/ismaelcolosi.com.br\/index.php\/wp-json\/wp\/v2\/comments?post=37090"}],"version-history":[{"count":0,"href":"https:\/\/ismaelcolosi.com.br\/index.php\/wp-json\/wp\/v2\/posts\/37090\/revisions"}],"wp:featuredmedia":[{"embeddable":true,"href":"https:\/\/ismaelcolosi.com.br\/index.php\/wp-json\/wp\/v2\/media\/37091"}],"wp:attachment":[{"href":"https:\/\/ismaelcolosi.com.br\/index.php\/wp-json\/wp\/v2\/media?parent=37090"}],"wp:term":[{"taxonomy":"category","embeddable":true,"href":"https:\/\/ismaelcolosi.com.br\/index.php\/wp-json\/wp\/v2\/categories?post=37090"},{"taxonomy":"post_tag","embeddable":true,"href":"https:\/\/ismaelcolosi.com.br\/index.php\/wp-json\/wp\/v2\/tags?post=37090"}],"curies":[{"name":"wp","href":"https:\/\/api.w.org\/{rel}","templated":true}]}}