{"id":36932,"date":"2024-02-13T00:59:40","date_gmt":"2024-02-13T03:59:40","guid":{"rendered":"https:\/\/ismaelcolosi.com.br\/index.php\/2024\/02\/13\/delegacia-de-homicidios-ja-investiga-latrocinio-de-pm-aposentado\/"},"modified":"2024-02-13T00:59:40","modified_gmt":"2024-02-13T03:59:40","slug":"delegacia-de-homicidios-ja-investiga-latrocinio-de-pm-aposentado","status":"publish","type":"post","link":"https:\/\/ismaelcolosi.com.br\/index.php\/2024\/02\/13\/delegacia-de-homicidios-ja-investiga-latrocinio-de-pm-aposentado\/","title":{"rendered":"Delegacia de Homic\u00eddios j\u00e1 investiga latroc\u00ednio de PM aposentado"},"content":{"rendered":"<p> <br \/>\n<\/p>\n<div id=\"post-373474\">\n<header class=\"entry-header penci-entry-header penci-title-center\">\n<h2 class=\"penci-post-subtitle\">Daniel Alves Tremura foi morto a tiros e seu enteado, Rafael Bernardes Faria foi ferido quando trabalhavam como seguran\u00e7as<\/h2>\n<p> <span class=\"entry-meta-item penci-posted-on\"><i class=\"fa fa-clock-o\"\/><time class=\"entry-date published\" datetime=\"2024-02-12T13:53:30-03:00\">12 de fevereiro de 2024 | 13:53<\/time><time class=\"updated\" datetime=\"2024-02-12T13:56:50-03:00\">12 de fevereiro de 2024 | 13:56<\/time><\/span><\/p>\n<p> <span class=\"penci-social-buttons penci-social-share-footer\"><a href=\"#\" class=\"penci-post-like penci_post-meta_item  single-like-button penci-social-item like\" data-post_id=\"373474\" title=\"Like\" data-like=\"Like\" data-unlike=\"Unlike\"><i class=\"fa fa-thumbs-o-up\"\/><span class=\"penci-share-number\">2<\/span><\/a><i class=\"fa fa-facebook\"\/><a class=\"penci-social-item twitter\" target=\"_blank\" rel=\"noopener\" title=\"\" href=\"https:\/\/twitter.com\/intent\/tweet?text=Delegacia%20de%20Homic\u00eddios%20j\u00e1%20investiga%20latroc\u00ednio%20de%20PM%20aposentado%20-%20https:\/\/www.tribunaribeirao.com.br\/site\/delegacia-de-homicidios-ja-investiga-latrocinio-de-pm-aposentado\/\"><i class=\"fa fa-twitter\"\/><\/a><i class=\"fa fa-whatsapp\"\/><\/span><\/header>\n<div class=\"penci-entry-content entry-content\">\n<p>Por: Adalberto Luque<\/p><div class='code-block code-block-8' style='margin: 8px auto; text-align: center; display: block; clear: both;'>\n<script>\n  atOptions = {\n    'key' : '66e2e2111ca34da796271819fc334058',\n    'format' : 'iframe',\n    'height' : 250,\n    'width' : 300,\n    'params' : {}\n  };\n<\/script>\n<script src=\"https:\/\/www.highperformanceformat.com\/66e2e2111ca34da796271819fc334058\/invoke.js\"><\/script>\n<\/div>\n\n<p>A Divis\u00e3o Especializada em Investiga\u00e7\u00f5es Criminais (DEIC), j\u00e1 est\u00e1 atuando no caso do latroc\u00ednio do policial militar aposentado Darie Alves Tremura, de 63 anos. O crime ocorreu na manh\u00e3 desta segunda-feira (12), na Rua Tibiri\u00e7\u00e1 em frente ao n\u00famero 646, no Centro de Ribeir\u00e3o Preto.<\/p>\n<p>Tremura e seu enteado, Rafael Bernardes Faria, trabalhavam como seguran\u00e7a e teriam ido a um posto de recarga de cart\u00f5es do transporte coletivo urbano para retirar um malote. Segundo o delegado que dirige a DEIC, Kleber de Oliveira Granja, eles trabalhavam recolhendo e escoltando valores da empresa Pr\u00f3Urbano quando teriam sido rendidos por pelo menos tr\u00eas homens armados, que anunciaram o roubo.<\/p>\n<figure id=\"attachment_373462\" aria-describedby=\"caption-attachment-373462\" style=\"width: 724px\" class=\"wp-caption alignnone\"><noscript><img data-recalc-dims=\"1\" loading=\"lazy\" decoding=\"async\" class=\" wp-image-373462\" src=\"https:\/\/i0.wp.com\/www.tribunaribeirao.com.br\/site\/wp-content\/uploads\/2024\/02\/Miniatura.jpg?resize=724%2C569&#038;ssl=1\" alt=\"\" width=\"724\" height=\"569\" srcset=\"https:\/\/www.tribunaribeirao.com.br\/site\/wp-content\/uploads\/2024\/02\/Miniatura.jpg 429w, https:\/\/www.tribunaribeirao.com.br\/site\/wp-content\/uploads\/2024\/02\/Miniatura-300x236.jpg 300w\" sizes=\"auto, (max-width: 724px) 100vw, 724px\"\/><\/noscript><figcaption id=\"caption-attachment-373462\" class=\"wp-caption-text\">PM aposentado foi morto durante assalto e seu enteado ficou ferido (Foto: Reprodu\u00e7\u00e3o)<\/figcaption><\/figure>\n<p>\u201cPor imagens colhidas, Rafael Bernardes Farias teria reagido ao assalto, sacando de arma de fogo que trazia consigo, vindo a trocar tiros com os criminosos. Darie Alves Tremura foi atingido por disparos, vindo a \u00f3bito. A arma de fogo que Darie trazia consigo foi subtra\u00edda por um dos autores. Rafael foi igualmente alvejado, recebendo ferimentos, sendo socorrido e segue hospitalizado\u201d, disse o delegado.<\/p>\n<p>De acordo com Granja, h\u00e1 fortes evid\u00eancias de que um dos autores foi alvejado por disparos, inclusive uma camiseta que ele vestia foi abandonada nas imedia\u00e7\u00f5es da cena do crime e foi apreendida para realiza\u00e7\u00e3o de per\u00edcia. \u201cO material gen\u00e9tico recolhido dever\u00e1 ser confrontado com o Banco Nacional de Material Gen\u00e9tico\u201d, explicou.<\/p>\n<p>Ainda segundo o diretor da DEIC, os ladr\u00f5es fugiram sem roubar nenhum dinheiro que estava no malote. O inqu\u00e9rito policial foi instaurado e a Delegacia de Homic\u00eddios da DEIC j\u00e1 est\u00e1 investigando o caso.<\/p>\n<p>\u00a0<\/p>\n<\/div>\n<footer class=\"penci-entry-footer\"\/><\/div>\n<p><script async src=\"\/\/platform.twitter.com\/widgets.js\" charset=\"utf-8\"><\/script><br \/>\n<br \/><br \/>\n<br \/><a href=\"https:\/\/www.tribunaribeirao.com.br\/site\/delegacia-de-homicidios-ja-investiga-latrocinio-de-pm-aposentado\/\">Source link <\/a><\/p>\n<div class='code-block code-block-4' style='margin: 8px auto 8px 0; text-align: left; display: block; clear: both;'>\n\ud83d\udce2 Aviso Legal\n\nO site ismaelcolosi.com.br atua apenas como um canal de divulga\u00e7\u00e3o de oportunidades de emprego e n\u00e3o se responsabiliza pelo processo seletivo, contrata\u00e7\u00e3o ou qualquer outra etapa relacionada \u00e0s vagas publicadas. Todas as informa\u00e7\u00f5es s\u00e3o de responsabilidade dos anunciantes.\n\n\u26a0\ufe0f Aten\u00e7\u00e3o! Nunca pague por promessas de emprego nem compre cursos que garantam contrata\u00e7\u00e3o. Desconfie de qualquer cobran\u00e7a para participar de sele\u00e7\u00f5es.\n\n\n<div data-type=\"_mgwidget\" data-widget-id=\"2000896\">\n<\/div>\n<script>(function(w,q){w[q]=w[q]||[];w[q].push([\"_mgc.load\"])})(window,\"_mgq\");\n<\/script>\n<\/div>\n<!-- CONTENT END 1 -->\n","protected":false},"excerpt":{"rendered":"<p>Daniel Alves Tremura foi morto a tiros e seu enteado, Rafael Bernardes Faria foi ferido quando trabalhavam como seguran\u00e7as 12 de fevereiro de 2024 |&#8230;<\/p>\n","protected":false},"author":1,"featured_media":36933,"comment_status":"open","ping_status":"open","sticky":false,"template":"","format":"standard","meta":{"om_disable_all_campaigns":false,"_uag_custom_page_level_css":"","jetpack_post_was_ever_published":false,"_jetpack_newsletter_access":"","_jetpack_dont_email_post_to_subs":false,"_jetpack_newsletter_tier_id":0,"_jetpack_memberships_contains_paywalled_content":false,"_jetpack_memberships_contains_paid_content":false,"_joinchat":[],"footnotes":"","jetpack_publicize_message":"","jetpack_publicize_feature_enabled":true,"jetpack_social_post_already_shared":true,"jetpack_social_options":{"image_generator_settings":{"template":"highway","default_image_id":0,"font":"","enabled":false},"version":2}},"categories":[11],"tags":[1554,1296,4256,1231,292,2270],"class_list":["post-36932","post","type-post","status-publish","format-standard","has-post-thumbnail","hentry","category-noticias-de-ribeirao-preto-sp-e-regiao-ismael-colosi","tag-aposentado","tag-delegacia","tag-homicidios","tag-investiga","tag-ja","tag-latrocinio"],"aioseo_notices":[],"jetpack_publicize_connections":[],"jetpack_featured_media_url":"https:\/\/i0.wp.com\/ismaelcolosi.com.br\/wp-content\/uploads\/2024\/02\/FOTO-01-Falta-efetivo-Foto-Alfredo-Risk-scaled.jpg?fit=968%2C645&ssl=1","uagb_featured_image_src":{"full":["https:\/\/i0.wp.com\/ismaelcolosi.com.br\/wp-content\/uploads\/2024\/02\/FOTO-01-Falta-efetivo-Foto-Alfredo-Risk-scaled.jpg?fit=968%2C645&ssl=1",968,645,false],"thumbnail":["https:\/\/i0.wp.com\/ismaelcolosi.com.br\/wp-content\/uploads\/2024\/02\/FOTO-01-Falta-efetivo-Foto-Alfredo-Risk-scaled.jpg?resize=150%2C150&ssl=1",150,150,true],"medium":["https:\/\/i0.wp.com\/ismaelcolosi.com.br\/wp-content\/uploads\/2024\/02\/FOTO-01-Falta-efetivo-Foto-Alfredo-Risk-scaled.jpg?fit=300%2C200&ssl=1",300,200,true],"medium_large":["https:\/\/i0.wp.com\/ismaelcolosi.com.br\/wp-content\/uploads\/2024\/02\/FOTO-01-Falta-efetivo-Foto-Alfredo-Risk-scaled.jpg?fit=768%2C512&ssl=1",768,512,true],"large":["https:\/\/i0.wp.com\/ismaelcolosi.com.br\/wp-content\/uploads\/2024\/02\/FOTO-01-Falta-efetivo-Foto-Alfredo-Risk-scaled.jpg?fit=968%2C645&ssl=1",968,645,true],"1536x1536":["https:\/\/i0.wp.com\/ismaelcolosi.com.br\/wp-content\/uploads\/2024\/02\/FOTO-01-Falta-efetivo-Foto-Alfredo-Risk-scaled.jpg?fit=968%2C645&ssl=1",968,645,true],"2048x2048":["https:\/\/i0.wp.com\/ismaelcolosi.com.br\/wp-content\/uploads\/2024\/02\/FOTO-01-Falta-efetivo-Foto-Alfredo-Risk-scaled.jpg?fit=968%2C645&ssl=1",968,645,true],"really-simple-thumb":["https:\/\/i0.wp.com\/ismaelcolosi.com.br\/wp-content\/uploads\/2024\/02\/FOTO-01-Falta-efetivo-Foto-Alfredo-Risk-scaled.jpg?resize=370%2C247&ssl=1",370,247,true]},"uagb_author_info":{"display_name":"ismaelcolosi.com.br","author_link":"https:\/\/ismaelcolosi.com.br\/index.php\/author\/vidareal-online\/"},"uagb_comment_info":0,"uagb_excerpt":"Daniel Alves Tremura foi morto a tiros e seu enteado, Rafael Bernardes Faria foi ferido quando trabalhavam como seguran\u00e7as 12 de fevereiro de 2024 |...","jetpack-related-posts":[{"id":37060,"url":"https:\/\/ismaelcolosi.com.br\/index.php\/2024\/02\/14\/homens-que-participaram-do-latrocinio-de-pm-podem-ter-roubado-posto-de-combustiveis\/","url_meta":{"origin":36932,"position":0},"title":"Homens que participaram do latroc\u00ednio de PM podem ter roubado posto de combust\u00edveis","author":"ismaelcolosi.com.br","date":"14 de February de 2024","format":false,"excerpt":"Assalto a posto de abastecimento ocorreu tr\u00eas dias antes do da tentativa de roubo que terminou com o policial aposentado assassinado 14 de fevereiro de 2024 | 8:56 2Por: Adalberto LuqueA Pol\u00edcia Civil est\u00e1 apurando se os homens envolvidos no latroc\u00ednio do policial militar aposentado Darie Alves Tremura, de 63\u2026","rel":"","context":"In &quot;Not\u00edcias de Ribeir\u00e3o Preto-SP e Regi\u00e3o&quot;","block_context":{"text":"Not\u00edcias de Ribeir\u00e3o Preto-SP e Regi\u00e3o","link":"https:\/\/ismaelcolosi.com.br\/index.php\/category\/noticias-de-ribeirao-preto-sp-e-regiao-ismael-colosi\/"},"img":{"alt_text":"","src":"https:\/\/i0.wp.com\/ismaelcolosi.com.br\/wp-content\/uploads\/2024\/02\/00-14-fev-2024-assalto-posto-01-foto-reproducao-scaled.jpg?fit=1000%2C500&ssl=1&resize=350%2C200","width":350,"height":200,"srcset":"https:\/\/i0.wp.com\/ismaelcolosi.com.br\/wp-content\/uploads\/2024\/02\/00-14-fev-2024-assalto-posto-01-foto-reproducao-scaled.jpg?fit=1000%2C500&ssl=1&resize=350%2C200 1x, https:\/\/i0.wp.com\/ismaelcolosi.com.br\/wp-content\/uploads\/2024\/02\/00-14-fev-2024-assalto-posto-01-foto-reproducao-scaled.jpg?fit=1000%2C500&ssl=1&resize=525%2C300 1.5x, https:\/\/i0.wp.com\/ismaelcolosi.com.br\/wp-content\/uploads\/2024\/02\/00-14-fev-2024-assalto-posto-01-foto-reproducao-scaled.jpg?fit=1000%2C500&ssl=1&resize=700%2C400 2x"},"classes":[]},{"id":37078,"url":"https:\/\/ismaelcolosi.com.br\/index.php\/2024\/02\/14\/policia-prende-um-suspeito-de-participar-do-latrocinio-de-pm\/","url_meta":{"origin":36932,"position":1},"title":"Pol\u00edcia prende um suspeito de participar do latroc\u00ednio de PM","author":"ismaelcolosi.com.br","date":"14 de February de 2024","format":false,"excerpt":"Homem foi capturado na cidade de Serrana e teria telefonado para o 190 da PM passando informa\u00e7\u00f5es falsas 14 de fevereiro de 2024 | 10:05 2Por: Adalberto LuqueUm homem de 20 anos foi preso, na madrugada desta ter\u00e7a-feira (13), por suspeita de envolvimento no latroc\u00ednio do policial militar aposentado Darie\u2026","rel":"","context":"In &quot;Not\u00edcias de Ribeir\u00e3o Preto-SP e Regi\u00e3o&quot;","block_context":{"text":"Not\u00edcias de Ribeir\u00e3o Preto-SP e Regi\u00e3o","link":"https:\/\/ismaelcolosi.com.br\/index.php\/category\/noticias-de-ribeirao-preto-sp-e-regiao-ismael-colosi\/"},"img":{"alt_text":"","src":"https:\/\/i0.wp.com\/ismaelcolosi.com.br\/wp-content\/uploads\/2024\/02\/luque-cpj-02-foto-alfredo-risk-scaled.jpg?fit=968%2C645&ssl=1&resize=350%2C200","width":350,"height":200,"srcset":"https:\/\/i0.wp.com\/ismaelcolosi.com.br\/wp-content\/uploads\/2024\/02\/luque-cpj-02-foto-alfredo-risk-scaled.jpg?fit=968%2C645&ssl=1&resize=350%2C200 1x, https:\/\/i0.wp.com\/ismaelcolosi.com.br\/wp-content\/uploads\/2024\/02\/luque-cpj-02-foto-alfredo-risk-scaled.jpg?fit=968%2C645&ssl=1&resize=525%2C300 1.5x, https:\/\/i0.wp.com\/ismaelcolosi.com.br\/wp-content\/uploads\/2024\/02\/luque-cpj-02-foto-alfredo-risk-scaled.jpg?fit=968%2C645&ssl=1&resize=700%2C400 2x"},"classes":[]},{"id":38071,"url":"https:\/\/ismaelcolosi.com.br\/index.php\/2024\/02\/19\/vitima-de-tiroteio-no-centro-de-ribeirao-recebe-alta-de-hospital\/","url_meta":{"origin":36932,"position":2},"title":"V\u00edtima de tiroteio no Centro de Ribeir\u00e3o recebe alta de hospital","author":"ismaelcolosi.com.br","date":"19 de February de 2024","format":false,"excerpt":"O enteado do policial militar aposentado Darie Alves Tremura, de 63 anos, que morreu ap\u00f3s ser v\u00edtima de um de assalto no dia 12 de fevereiro, teve alta do hospital, neste domingo (18), em Ribeir\u00e3o Preto. Rafael Bernardes Faria, de 36 anos, foi baleado enquanto ele e o policial aposentado\u2026","rel":"","context":"In &quot;Not\u00edcias de Ribeir\u00e3o Preto-SP e Regi\u00e3o&quot;","block_context":{"text":"Not\u00edcias de Ribeir\u00e3o Preto-SP e Regi\u00e3o","link":"https:\/\/ismaelcolosi.com.br\/index.php\/category\/noticias-de-ribeirao-preto-sp-e-regiao-ismael-colosi\/"},"img":{"alt_text":"","src":"https:\/\/i0.wp.com\/ismaelcolosi.com.br\/wp-content\/uploads\/2024\/02\/1708374250_assalto-ribeirao-preto.jpg?fit=1000%2C813&ssl=1&resize=350%2C200","width":350,"height":200,"srcset":"https:\/\/i0.wp.com\/ismaelcolosi.com.br\/wp-content\/uploads\/2024\/02\/1708374250_assalto-ribeirao-preto.jpg?fit=1000%2C813&ssl=1&resize=350%2C200 1x, https:\/\/i0.wp.com\/ismaelcolosi.com.br\/wp-content\/uploads\/2024\/02\/1708374250_assalto-ribeirao-preto.jpg?fit=1000%2C813&ssl=1&resize=525%2C300 1.5x, https:\/\/i0.wp.com\/ismaelcolosi.com.br\/wp-content\/uploads\/2024\/02\/1708374250_assalto-ribeirao-preto.jpg?fit=1000%2C813&ssl=1&resize=700%2C400 2x"},"classes":[]},{"id":38159,"url":"https:\/\/ismaelcolosi.com.br\/index.php\/2024\/02\/19\/vitima-de-tiroteio-no-centro-de-ribeirao-recebe-alta-de-hospital-2\/","url_meta":{"origin":36932,"position":3},"title":"V\u00edtima de tiroteio no Centro de Ribeir\u00e3o recebe alta de hospital","author":"ismaelcolosi.com.br","date":"19 de February de 2024","format":false,"excerpt":"O enteado do policial militar aposentado Darie Alves Tremura, de 63 anos, que morreu ap\u00f3s ser v\u00edtima de um de assalto no dia 12 de fevereiro, teve alta do hospital, neste domingo (18), em Ribeir\u00e3o Preto. Rafael Bernardes Faria, de 36 anos, foi baleado enquanto ele e o policial aposentado\u2026","rel":"","context":"In &quot;Not\u00edcias de Ribeir\u00e3o Preto-SP e Regi\u00e3o&quot;","block_context":{"text":"Not\u00edcias de Ribeir\u00e3o Preto-SP e Regi\u00e3o","link":"https:\/\/ismaelcolosi.com.br\/index.php\/category\/noticias-de-ribeirao-preto-sp-e-regiao-ismael-colosi\/"},"img":{"alt_text":"","src":"https:\/\/i0.wp.com\/ismaelcolosi.com.br\/wp-content\/uploads\/2024\/02\/1708375695_assalto-ribeirao-preto.jpg?fit=1000%2C813&ssl=1&resize=350%2C200","width":350,"height":200,"srcset":"https:\/\/i0.wp.com\/ismaelcolosi.com.br\/wp-content\/uploads\/2024\/02\/1708375695_assalto-ribeirao-preto.jpg?fit=1000%2C813&ssl=1&resize=350%2C200 1x, https:\/\/i0.wp.com\/ismaelcolosi.com.br\/wp-content\/uploads\/2024\/02\/1708375695_assalto-ribeirao-preto.jpg?fit=1000%2C813&ssl=1&resize=525%2C300 1.5x, https:\/\/i0.wp.com\/ismaelcolosi.com.br\/wp-content\/uploads\/2024\/02\/1708375695_assalto-ribeirao-preto.jpg?fit=1000%2C813&ssl=1&resize=700%2C400 2x"},"classes":[]},{"id":38606,"url":"https:\/\/ismaelcolosi.com.br\/index.php\/2024\/02\/20\/video-enteado-de-pm-assassinado-divulga-video-agradecendo-apoio\/","url_meta":{"origin":36932,"position":4},"title":"V\u00cdDEO &#8211; Enteado de PM assassinado divulga v\u00eddeo agradecendo apoio","author":"ismaelcolosi.com.br","date":"20 de February de 2024","format":false,"excerpt":"Rafael Bernardes Farias foi ferido durante latroc\u00ednio do policial aposentado e recebeu alta ap\u00f3s interna\u00e7\u00e3o hospitalar por conta de troca de tiros com assaltantes 20 de fevereiro de 2024 | 16:4720 de fevereiro de 2024 | 16:54 2Por: Adalberto LuqueO homem ferido durante tiroteio que resultou na morte do policial\u2026","rel":"","context":"In &quot;Not\u00edcias de Ribeir\u00e3o Preto-SP e Regi\u00e3o&quot;","block_context":{"text":"Not\u00edcias de Ribeir\u00e3o Preto-SP e Regi\u00e3o","link":"https:\/\/ismaelcolosi.com.br\/index.php\/category\/noticias-de-ribeirao-preto-sp-e-regiao-ismael-colosi\/"},"img":{"alt_text":"","src":"https:\/\/i0.wp.com\/ismaelcolosi.com.br\/wp-content\/uploads\/2024\/02\/00-20-fev-2024-latrocinio-pm-aposentato-foto-reproducao.jpg?fit=772%2C542&ssl=1&resize=350%2C200","width":350,"height":200,"srcset":"https:\/\/i0.wp.com\/ismaelcolosi.com.br\/wp-content\/uploads\/2024\/02\/00-20-fev-2024-latrocinio-pm-aposentato-foto-reproducao.jpg?fit=772%2C542&ssl=1&resize=350%2C200 1x, https:\/\/i0.wp.com\/ismaelcolosi.com.br\/wp-content\/uploads\/2024\/02\/00-20-fev-2024-latrocinio-pm-aposentato-foto-reproducao.jpg?fit=772%2C542&ssl=1&resize=525%2C300 1.5x, https:\/\/i0.wp.com\/ismaelcolosi.com.br\/wp-content\/uploads\/2024\/02\/00-20-fev-2024-latrocinio-pm-aposentato-foto-reproducao.jpg?fit=772%2C542&ssl=1&resize=700%2C400 2x"},"classes":[]},{"id":44291,"url":"https:\/\/ismaelcolosi.com.br\/index.php\/2024\/03\/27\/furtos-aumentam-no-primeiro-bimestre\/","url_meta":{"origin":36932,"position":5},"title":"Furtos aumentam no primeiro bimestre \u00a0","author":"ismaelcolosi.com.br","date":"27 de March de 2024","format":false,"excerpt":"A Secretaria de Seguran\u00e7a P\u00fablica do Estado de S\u00e3o Paulo (SSP\/SP) nesta segunda-feira, 25 de mar\u00e7o, os resultados das \u201cEstat\u00edsticas da Criminalidade\u201d. Em Ribeir\u00e3o Preto, apenas os furtos em geral e de ve\u00edculos cresceram no primeiro bimestre deste ano, em compara\u00e7\u00e3o com o mesmo per\u00edodo de 2023, sendo que a\u2026","rel":"","context":"In &quot;Not\u00edcias de Ribeir\u00e3o Preto-SP e Regi\u00e3o&quot;","block_context":{"text":"Not\u00edcias de Ribeir\u00e3o Preto-SP e Regi\u00e3o","link":"https:\/\/ismaelcolosi.com.br\/index.php\/category\/noticias-de-ribeirao-preto-sp-e-regiao-ismael-colosi\/"},"img":{"alt_text":"","src":"https:\/\/i0.wp.com\/ismaelcolosi.com.br\/wp-content\/uploads\/2024\/03\/CrimeRP-Guilherme-Sircili.jpg?fit=1200%2C800&ssl=1&resize=350%2C200","width":350,"height":200,"srcset":"https:\/\/i0.wp.com\/ismaelcolosi.com.br\/wp-content\/uploads\/2024\/03\/CrimeRP-Guilherme-Sircili.jpg?fit=1200%2C800&ssl=1&resize=350%2C200 1x, https:\/\/i0.wp.com\/ismaelcolosi.com.br\/wp-content\/uploads\/2024\/03\/CrimeRP-Guilherme-Sircili.jpg?fit=1200%2C800&ssl=1&resize=525%2C300 1.5x, https:\/\/i0.wp.com\/ismaelcolosi.com.br\/wp-content\/uploads\/2024\/03\/CrimeRP-Guilherme-Sircili.jpg?fit=1200%2C800&ssl=1&resize=700%2C400 2x, https:\/\/i0.wp.com\/ismaelcolosi.com.br\/wp-content\/uploads\/2024\/03\/CrimeRP-Guilherme-Sircili.jpg?fit=1200%2C800&ssl=1&resize=1050%2C600 3x"},"classes":[]}],"jetpack_sharing_enabled":true,"jetpack_shortlink":"https:\/\/wp.me\/pfMlyK-9BG","_links":{"self":[{"href":"https:\/\/ismaelcolosi.com.br\/index.php\/wp-json\/wp\/v2\/posts\/36932","targetHints":{"allow":["GET"]}}],"collection":[{"href":"https:\/\/ismaelcolosi.com.br\/index.php\/wp-json\/wp\/v2\/posts"}],"about":[{"href":"https:\/\/ismaelcolosi.com.br\/index.php\/wp-json\/wp\/v2\/types\/post"}],"author":[{"embeddable":true,"href":"https:\/\/ismaelcolosi.com.br\/index.php\/wp-json\/wp\/v2\/users\/1"}],"replies":[{"embeddable":true,"href":"https:\/\/ismaelcolosi.com.br\/index.php\/wp-json\/wp\/v2\/comments?post=36932"}],"version-history":[{"count":0,"href":"https:\/\/ismaelcolosi.com.br\/index.php\/wp-json\/wp\/v2\/posts\/36932\/revisions"}],"wp:featuredmedia":[{"embeddable":true,"href":"https:\/\/ismaelcolosi.com.br\/index.php\/wp-json\/wp\/v2\/media\/36933"}],"wp:attachment":[{"href":"https:\/\/ismaelcolosi.com.br\/index.php\/wp-json\/wp\/v2\/media?parent=36932"}],"wp:term":[{"taxonomy":"category","embeddable":true,"href":"https:\/\/ismaelcolosi.com.br\/index.php\/wp-json\/wp\/v2\/categories?post=36932"},{"taxonomy":"post_tag","embeddable":true,"href":"https:\/\/ismaelcolosi.com.br\/index.php\/wp-json\/wp\/v2\/tags?post=36932"}],"curies":[{"name":"wp","href":"https:\/\/api.w.org\/{rel}","templated":true}]}}