{"id":3692,"date":"2023-11-19T19:18:38","date_gmt":"2023-11-19T22:18:38","guid":{"rendered":"https:\/\/ismaelcolosi.com.br\/index.php\/2023\/11\/19\/tempestade-causa-diversos-estragos-em-cidade-na-regiao-de-ribeirao\/"},"modified":"2023-11-19T19:18:38","modified_gmt":"2023-11-19T22:18:38","slug":"tempestade-causa-diversos-estragos-em-cidade-na-regiao-de-ribeirao","status":"publish","type":"post","link":"https:\/\/ismaelcolosi.com.br\/index.php\/2023\/11\/19\/tempestade-causa-diversos-estragos-em-cidade-na-regiao-de-ribeirao\/","title":{"rendered":"Tempestade causa diversos estragos em cidade na regi\u00e3o de Ribeir\u00e3o"},"content":{"rendered":"<p> <br \/>\n<\/p>\n<div data-td-block-uid=\"tdi_104\">\n<div class=\"tdb-block-inner td-fix-index\">\n<p>Um <strong>temporal causou diversos estragos em Altin\u00f3polis<\/strong>, cidade na regi\u00e3o de <strong>Ribeir\u00e3o Preto<\/strong>, na tarde deste domingo (19). O <strong>Inmet<\/strong> (Instituto Nacional de Meteorologia) havia emitido um <strong>alerta para perigo de tempestade<\/strong> em todo o interior do Estado de S\u00e3o Paulo, na manh\u00e3 deste domingo. <strong><mark style=\"background-color:#fcb900\" class=\"has-inline-color\">O comunicado mencionava ventos intensos de at\u00e9 100 km\/h.<\/mark><\/strong><\/p>\n<p>De acordo com a Prefeitura Municipal, <strong>existem registros de ocorr\u00eancias em toda a cidade<\/strong>. \u201cO nosso Secret\u00e1rio Dirceu Soares encontra-se nas ruas, acompanhando todas as ocorr\u00eancias juntamente com a nossa equipe pr\u00f3pria e com o apoio da Defesa Civil\u201d, informou por meio de nota.<\/p>\n<p>Diversos bairros est\u00e3o sem energia, contudo, o \u00f3rg\u00e3o ainda informou que equipes da CPFL Paulista <strong>j\u00e1 est\u00e3o na cidade trabalhando para que a energia seja reestabelecida<\/strong>.<\/p>\n<p>Apesar dos estragos pela cidade, <strong>n\u00e3o relatos de feridos nem ocorr\u00eancia com gravidade<\/strong> at\u00e9 o momento. <\/p>\n<p><em>** Essa not\u00edcia est\u00e1 sendo atualizado em tempo real<\/em><\/p>\n<h4 class=\"wp-block-heading\"><strong><mark style=\"background-color:#fcb900\" class=\"has-inline-color\">FIQUE ON<\/mark><\/strong><\/h4>\n<p>Fique ligado em tudo que acontece em Ribeir\u00e3o Preto e regi\u00e3o. Siga os perfis do\u00a0<strong>acidade on<\/strong>\u00a0no\u00a0<a href=\"https:\/\/www.instagram.com\/acidadeonribeirao\" target=\"_blank\" rel=\"noreferrer noopener\">Instagram<\/a>\u00a0e no<a href=\"https:\/\/www.facebook.com\/acidadeonribeirao\" target=\"_blank\" rel=\"noreferrer noopener\">\u00a0Facebook.<\/a><\/p>\n<p>Receba not\u00edcias do\u00a0<strong>acidade on\u00a0<\/strong>no WhatsApp.\u00a0<a href=\"https:\/\/chat.whatsapp.com\/DfXwcjKVIddHUT3BvnQuPZ\" target=\"_blank\" rel=\"noreferrer noopener\">Para entrar no grupo, basta clicar aqui.<\/a><\/p>\n<p>Fa\u00e7a uma den\u00fancia ou sugira uma reportagem sobre a Ribeir\u00e3o Preto e regi\u00e3o pelo WhatsApp: (16) 99117 7802.<\/p>\n<p>VEJA TAMB\u00c9M<\/p>\n<p>Interior de SP tem novo alerta de tempestade; Veja as cidades afetadas<\/p>\n<p><!-- AI CONTENT END 1 -->\n<\/div>\n<\/div>\n<p><script async src=\"\/\/www.instagram.com\/embed.js\"><\/script><br \/>\n<br \/><br \/>\n<br \/><a href=\"https:\/\/www.acidadeon.com\/ribeiraopreto\/cotidiano\/tempestade-causa-diversos-estragos-em-cidade-na-regiao-de-ribeirao\/\">Source link <\/a><\/p>\n<div class='code-block code-block-4' style='margin: 8px auto 8px 0; text-align: left; display: block; clear: both;'>\n\ud83d\udce2 Aviso Legal\n\nO site ismaelcolosi.com.br atua apenas como um canal de divulga\u00e7\u00e3o de oportunidades de emprego e n\u00e3o se responsabiliza pelo processo seletivo, contrata\u00e7\u00e3o ou qualquer outra etapa relacionada \u00e0s vagas publicadas. Todas as informa\u00e7\u00f5es s\u00e3o de responsabilidade dos anunciantes.\n\n\u26a0\ufe0f Aten\u00e7\u00e3o! Nunca pague por promessas de emprego nem compre cursos que garantam contrata\u00e7\u00e3o. Desconfie de qualquer cobran\u00e7a para participar de sele\u00e7\u00f5es.\n\n\n\n<\/div>\n<!-- CONTENT END 1 -->\n","protected":false},"excerpt":{"rendered":"<p>Um temporal causou diversos estragos em Altin\u00f3polis, cidade na regi\u00e3o de Ribeir\u00e3o Preto, na tarde deste domingo (19). O Inmet (Instituto Nacional de Meteorologia) havia&#8230;<\/p>\n","protected":false},"author":1,"featured_media":3693,"comment_status":"open","ping_status":"open","sticky":false,"template":"","format":"standard","meta":{"_uag_custom_page_level_css":"","advanced_seo_description":"","jetpack_seo_html_title":"","jetpack_seo_noindex":false,"jetpack_post_was_ever_published":false,"_jetpack_newsletter_access":"","_jetpack_dont_email_post_to_subs":false,"_jetpack_newsletter_tier_id":0,"_jetpack_memberships_contains_paywalled_content":false,"_jetpack_memberships_contains_paid_content":false,"footnotes":"","jetpack_publicize_message":"","jetpack_publicize_feature_enabled":true,"jetpack_social_post_already_shared":true,"jetpack_social_options":{"image_generator_settings":{"template":"highway","default_image_id":0,"font":"","enabled":false},"version":2}},"categories":[11],"tags":[383,273,384,385,277,26,64],"class_list":["post-3692","post","type-post","status-publish","format-standard","has-post-thumbnail","hentry","category-noticias-de-ribeirao-preto-sp-e-regiao-ismael-colosi","tag-causa","tag-cidade","tag-diversos","tag-estragos","tag-regiao","tag-ribeirao","tag-tempestade"],"jetpack_publicize_connections":[],"jetpack_featured_media_url":"https:\/\/i0.wp.com\/ismaelcolosi.com.br\/wp-content\/uploads\/2023\/11\/Design-sem-nome-6.png?fit=652%2C340&ssl=1","uagb_featured_image_src":{"full":["https:\/\/i0.wp.com\/ismaelcolosi.com.br\/wp-content\/uploads\/2023\/11\/Design-sem-nome-6.png?fit=652%2C340&ssl=1",652,340,false],"thumbnail":["https:\/\/i0.wp.com\/ismaelcolosi.com.br\/wp-content\/uploads\/2023\/11\/Design-sem-nome-6.png?resize=150%2C150&ssl=1",150,150,true],"medium":["https:\/\/i0.wp.com\/ismaelcolosi.com.br\/wp-content\/uploads\/2023\/11\/Design-sem-nome-6.png?fit=300%2C156&ssl=1",300,156,true],"medium_large":["https:\/\/i0.wp.com\/ismaelcolosi.com.br\/wp-content\/uploads\/2023\/11\/Design-sem-nome-6.png?fit=652%2C340&ssl=1",652,340,true],"large":["https:\/\/i0.wp.com\/ismaelcolosi.com.br\/wp-content\/uploads\/2023\/11\/Design-sem-nome-6.png?fit=652%2C340&ssl=1",652,340,true],"1536x1536":["https:\/\/i0.wp.com\/ismaelcolosi.com.br\/wp-content\/uploads\/2023\/11\/Design-sem-nome-6.png?fit=652%2C340&ssl=1",652,340,true],"2048x2048":["https:\/\/i0.wp.com\/ismaelcolosi.com.br\/wp-content\/uploads\/2023\/11\/Design-sem-nome-6.png?fit=652%2C340&ssl=1",652,340,true],"really-simple-thumb":["https:\/\/i0.wp.com\/ismaelcolosi.com.br\/wp-content\/uploads\/2023\/11\/Design-sem-nome-6.png?resize=370%2C247&ssl=1",370,247,true]},"uagb_author_info":{"display_name":"ismaelcolosi.com.br","author_link":"https:\/\/ismaelcolosi.com.br\/index.php\/author\/vidareal-online\/"},"uagb_comment_info":0,"uagb_excerpt":"Um temporal causou diversos estragos em Altin\u00f3polis, cidade na regi\u00e3o de Ribeir\u00e3o Preto, na tarde deste domingo (19). O Inmet (Instituto Nacional de Meteorologia) havia...","jetpack-related-posts":[{"id":34025,"url":"https:\/\/ismaelcolosi.com.br\/index.php\/2024\/01\/31\/temporal-causa-estragos-em-cidade-na-regiao-de-ribeirao-interior-de-sp-esta-sob-alerta\/","url_meta":{"origin":3692,"position":0},"title":"Temporal causa estragos em cidade na regi\u00e3o de Ribeir\u00e3o; Interior de SP est\u00e1 sob alerta","author":"ismaelcolosi.com.br","date":"31 de January de 2024","format":false,"excerpt":"Um forte temporal atingiu a cidade de Jaboticabal, a cerca de 59 quil\u00f4metros de Ribeir\u00e3o Preto, na tarde desta quarta-feira (31) e provocou estragos em todo o munic\u00edpio. De acordo com o Corpo de Bombeiros, em toda a cidade foram registradas doze ocorr\u00eancias de quedas de \u00e1rvores por conta do\u2026","rel":"","context":"In &quot;Not\u00edcias de Ribeir\u00e3o Preto-SP e Regi\u00e3o&quot;","block_context":{"text":"Not\u00edcias de Ribeir\u00e3o Preto-SP e Regi\u00e3o","link":"https:\/\/ismaelcolosi.com.br\/index.php\/category\/noticias-de-ribeirao-preto-sp-e-regiao-ismael-colosi\/"},"img":{"alt_text":"","src":"https:\/\/i0.wp.com\/ismaelcolosi.com.br\/wp-content\/uploads\/2024\/01\/Copia-de-Copia-de-TAMANHO-EXATO-PARA-FOTOS-NO-SISTEMA-NOVO-25.png?fit=1200%2C675&ssl=1&resize=350%2C200","width":350,"height":200,"srcset":"https:\/\/i0.wp.com\/ismaelcolosi.com.br\/wp-content\/uploads\/2024\/01\/Copia-de-Copia-de-TAMANHO-EXATO-PARA-FOTOS-NO-SISTEMA-NOVO-25.png?fit=1200%2C675&ssl=1&resize=350%2C200 1x, https:\/\/i0.wp.com\/ismaelcolosi.com.br\/wp-content\/uploads\/2024\/01\/Copia-de-Copia-de-TAMANHO-EXATO-PARA-FOTOS-NO-SISTEMA-NOVO-25.png?fit=1200%2C675&ssl=1&resize=525%2C300 1.5x, https:\/\/i0.wp.com\/ismaelcolosi.com.br\/wp-content\/uploads\/2024\/01\/Copia-de-Copia-de-TAMANHO-EXATO-PARA-FOTOS-NO-SISTEMA-NOVO-25.png?fit=1200%2C675&ssl=1&resize=700%2C400 2x, https:\/\/i0.wp.com\/ismaelcolosi.com.br\/wp-content\/uploads\/2024\/01\/Copia-de-Copia-de-TAMANHO-EXATO-PARA-FOTOS-NO-SISTEMA-NOVO-25.png?fit=1200%2C675&ssl=1&resize=1050%2C600 3x"},"classes":[]},{"id":25606,"url":"https:\/\/ismaelcolosi.com.br\/index.php\/2024\/01\/07\/chuva-e-vento-forte-provocam-estragos-na-cidade-de-jaboticabal\/","url_meta":{"origin":3692,"position":1},"title":"Chuva e vento forte provocam estragos na cidade de Jaboticabal","author":"ismaelcolosi.com.br","date":"7 de January de 2024","format":false,"excerpt":"A chuva e vento que atingiram de forma parcial a cidade de Jaboticabal, a 40 quil\u00f4metros de Ribeir\u00e3o Preto, causaram v\u00e1rios estragos na tarde deste domingo (7). A cobertura do Auto Posto Esplanada, na avenida Tiradentes, caiu. Uma \u00e1rvore, na regi\u00e3o do Sesi, caiu e derrubou um poste. De acordo\u2026","rel":"","context":"In &quot;Not\u00edcias de Ribeir\u00e3o Preto-SP e Regi\u00e3o&quot;","block_context":{"text":"Not\u00edcias de Ribeir\u00e3o Preto-SP e Regi\u00e3o","link":"https:\/\/ismaelcolosi.com.br\/index.php\/category\/noticias-de-ribeirao-preto-sp-e-regiao-ismael-colosi\/"},"img":{"alt_text":"","src":"https:\/\/i0.wp.com\/ismaelcolosi.com.br\/wp-content\/uploads\/2024\/01\/WhatsApp-Image-2024-01-07-at-17.05.14.jpeg?fit=1200%2C683&ssl=1&resize=350%2C200","width":350,"height":200,"srcset":"https:\/\/i0.wp.com\/ismaelcolosi.com.br\/wp-content\/uploads\/2024\/01\/WhatsApp-Image-2024-01-07-at-17.05.14.jpeg?fit=1200%2C683&ssl=1&resize=350%2C200 1x, https:\/\/i0.wp.com\/ismaelcolosi.com.br\/wp-content\/uploads\/2024\/01\/WhatsApp-Image-2024-01-07-at-17.05.14.jpeg?fit=1200%2C683&ssl=1&resize=525%2C300 1.5x, https:\/\/i0.wp.com\/ismaelcolosi.com.br\/wp-content\/uploads\/2024\/01\/WhatsApp-Image-2024-01-07-at-17.05.14.jpeg?fit=1200%2C683&ssl=1&resize=700%2C400 2x, https:\/\/i0.wp.com\/ismaelcolosi.com.br\/wp-content\/uploads\/2024\/01\/WhatsApp-Image-2024-01-07-at-17.05.14.jpeg?fit=1200%2C683&ssl=1&resize=1050%2C600 3x"},"classes":[]},{"id":50013,"url":"https:\/\/ismaelcolosi.com.br\/index.php\/2024\/05\/14\/ha-30-anos-tempestade-provocou-mortes-e-destruicao-em-ribeirao-preto\/","url_meta":{"origin":3692,"position":2},"title":"H\u00e1 30 anos: Tempestade provocou mortes e destrui\u00e7\u00e3o em Ribeir\u00e3o Preto","author":"ismaelcolosi.com.br","date":"14 de May de 2024","format":false,"excerpt":"H\u00e1 30 anos, um vend\u00e1vel e temporal de granizo atingiu Ribeir\u00e3o Preto e provocou mortes e deixou um rastro de destrui\u00e7\u00e3o na cidade. A tempestade do dia 14 de maio de 1994, um s\u00e1bado, foi capa do Jornal A Cidade na segunda-feira seguinte. Os ventos, que atingiram 100 km\/h e,\u2026","rel":"","context":"In &quot;Not\u00edcias de Ribeir\u00e3o Preto-SP e Regi\u00e3o&quot;","block_context":{"text":"Not\u00edcias de Ribeir\u00e3o Preto-SP e Regi\u00e3o","link":"https:\/\/ismaelcolosi.com.br\/index.php\/category\/noticias-de-ribeirao-preto-sp-e-regiao-ismael-colosi\/"},"img":{"alt_text":"","src":"https:\/\/i0.wp.com\/ismaelcolosi.com.br\/wp-content\/uploads\/2024\/05\/AnyConv.com__tempestade-a-cidade-1994_2024-05-14_14-46-19.webp.webp?fit=1200%2C674&ssl=1&resize=350%2C200","width":350,"height":200,"srcset":"https:\/\/i0.wp.com\/ismaelcolosi.com.br\/wp-content\/uploads\/2024\/05\/AnyConv.com__tempestade-a-cidade-1994_2024-05-14_14-46-19.webp.webp?fit=1200%2C674&ssl=1&resize=350%2C200 1x, https:\/\/i0.wp.com\/ismaelcolosi.com.br\/wp-content\/uploads\/2024\/05\/AnyConv.com__tempestade-a-cidade-1994_2024-05-14_14-46-19.webp.webp?fit=1200%2C674&ssl=1&resize=525%2C300 1.5x, https:\/\/i0.wp.com\/ismaelcolosi.com.br\/wp-content\/uploads\/2024\/05\/AnyConv.com__tempestade-a-cidade-1994_2024-05-14_14-46-19.webp.webp?fit=1200%2C674&ssl=1&resize=700%2C400 2x, https:\/\/i0.wp.com\/ismaelcolosi.com.br\/wp-content\/uploads\/2024\/05\/AnyConv.com__tempestade-a-cidade-1994_2024-05-14_14-46-19.webp.webp?fit=1200%2C674&ssl=1&resize=1050%2C600 3x"},"classes":[]},{"id":17952,"url":"https:\/\/ismaelcolosi.com.br\/index.php\/2023\/12\/19\/interior-de-sp-tem-novo-alerta-de-tempestade-ventos-fortes-causam-estragos\/","url_meta":{"origin":3692,"position":3},"title":"Interior de SP tem novo alerta de tempestade; Ventos fortes causam estragos","author":"ismaelcolosi.com.br","date":"19 de December de 2023","format":false,"excerpt":"O Inmet (Instituto Nacional de Meteorologia) publicou um novo alerta de \u201cperigo potencial\u201d para tempestade em algumas regi\u00f5es do interior de S\u00e3o Paulo. O aviso \u00e9 v\u00e1lido at\u00e9 10h de quarta-feira (20). Segundo o \u00f3rg\u00e3o, pode chover o acumulado de at\u00e9 30 mil\u00edmetros no per\u00edodo de uma hora, com ventos\u2026","rel":"","context":"In &quot;Not\u00edcias de Ribeir\u00e3o Preto-SP e Regi\u00e3o&quot;","block_context":{"text":"Not\u00edcias de Ribeir\u00e3o Preto-SP e Regi\u00e3o","link":"https:\/\/ismaelcolosi.com.br\/index.php\/category\/noticias-de-ribeirao-preto-sp-e-regiao-ismael-colosi\/"},"img":{"alt_text":"","src":"https:\/\/i0.wp.com\/ismaelcolosi.com.br\/wp-content\/uploads\/2023\/12\/queda-de-arvore.jpg?fit=978%2C541&ssl=1&resize=350%2C200","width":350,"height":200,"srcset":"https:\/\/i0.wp.com\/ismaelcolosi.com.br\/wp-content\/uploads\/2023\/12\/queda-de-arvore.jpg?fit=978%2C541&ssl=1&resize=350%2C200 1x, https:\/\/i0.wp.com\/ismaelcolosi.com.br\/wp-content\/uploads\/2023\/12\/queda-de-arvore.jpg?fit=978%2C541&ssl=1&resize=525%2C300 1.5x, https:\/\/i0.wp.com\/ismaelcolosi.com.br\/wp-content\/uploads\/2023\/12\/queda-de-arvore.jpg?fit=978%2C541&ssl=1&resize=700%2C400 2x"},"classes":[]},{"id":25579,"url":"https:\/\/ismaelcolosi.com.br\/index.php\/2024\/01\/07\/chuva-com-vento-deixa-rastro-de-destruicao-na-zona-leste-de-ribeirao-preto\/","url_meta":{"origin":3692,"position":4},"title":"Chuva com vento deixa rastro de destrui\u00e7\u00e3o na zona Leste de Ribeir\u00e3o Preto","author":"ismaelcolosi.com.br","date":"7 de January de 2024","format":false,"excerpt":"Uma chuva acompanhada de vento, no final da tarde deste domingo (7), deixou um rastro de destrui\u00e7\u00e3o em v\u00e1rios bairros da zona Leste de Ribeir\u00e3o Preto (veja v\u00eddeo ao final do texto). V\u00e1rias \u00e1rvores ca\u00edram, algumas sobre carros. A for\u00e7a do vento tamb\u00e9m destelhou casas. Na zona Leste, al\u00e9m do\u2026","rel":"","context":"In &quot;Not\u00edcias de Ribeir\u00e3o Preto-SP e Regi\u00e3o&quot;","block_context":{"text":"Not\u00edcias de Ribeir\u00e3o Preto-SP e Regi\u00e3o","link":"https:\/\/ismaelcolosi.com.br\/index.php\/category\/noticias-de-ribeirao-preto-sp-e-regiao-ismael-colosi\/"},"img":{"alt_text":"","src":"https:\/\/i0.wp.com\/ismaelcolosi.com.br\/wp-content\/uploads\/2024\/01\/WhatsApp-Image-2024-01-07-at-19.19.33.jpeg?fit=1079%2C753&ssl=1&resize=350%2C200","width":350,"height":200,"srcset":"https:\/\/i0.wp.com\/ismaelcolosi.com.br\/wp-content\/uploads\/2024\/01\/WhatsApp-Image-2024-01-07-at-19.19.33.jpeg?fit=1079%2C753&ssl=1&resize=350%2C200 1x, https:\/\/i0.wp.com\/ismaelcolosi.com.br\/wp-content\/uploads\/2024\/01\/WhatsApp-Image-2024-01-07-at-19.19.33.jpeg?fit=1079%2C753&ssl=1&resize=525%2C300 1.5x, https:\/\/i0.wp.com\/ismaelcolosi.com.br\/wp-content\/uploads\/2024\/01\/WhatsApp-Image-2024-01-07-at-19.19.33.jpeg?fit=1079%2C753&ssl=1&resize=700%2C400 2x, https:\/\/i0.wp.com\/ismaelcolosi.com.br\/wp-content\/uploads\/2024\/01\/WhatsApp-Image-2024-01-07-at-19.19.33.jpeg?fit=1079%2C753&ssl=1&resize=1050%2C600 3x"},"classes":[]},{"id":3705,"url":"https:\/\/ismaelcolosi.com.br\/index.php\/2023\/11\/19\/acidente-entre-caminhoes-e-carro-deixa-uma-vitima-fatal-na-regiao-de-ribeirao-preto\/","url_meta":{"origin":3692,"position":5},"title":"Acidente entre caminh\u00f5es e carro deixa uma v\u00edtima fatal na regi\u00e3o de Ribeir\u00e3o Preto","author":"ismaelcolosi.com.br","date":"19 de November de 2023","format":false,"excerpt":"Um homem de 41 anos morreu, na tarde deste domingo (19), ap\u00f3s um acidente entre dois caminh\u00f5es e um ve\u00edculo, na estrada vicinal Argeo Marchi\u00f3, no distrito de Cruz das Posses, em Sert\u00e3ozinho. De acordo com a apura\u00e7\u00e3o de uma equipe da EPTV, que esteve no local do ocorrido e\u2026","rel":"","context":"In &quot;Not\u00edcias de Ribeir\u00e3o Preto-SP e Regi\u00e3o&quot;","block_context":{"text":"Not\u00edcias de Ribeir\u00e3o Preto-SP e Regi\u00e3o","link":"https:\/\/ismaelcolosi.com.br\/index.php\/category\/noticias-de-ribeirao-preto-sp-e-regiao-ismael-colosi\/"},"img":{"alt_text":"","src":"https:\/\/i0.wp.com\/ismaelcolosi.com.br\/wp-content\/uploads\/2023\/11\/WhatsApp-Image-2023-11-19-at-19.20.07.jpeg?fit=1200%2C675&ssl=1&resize=350%2C200","width":350,"height":200,"srcset":"https:\/\/i0.wp.com\/ismaelcolosi.com.br\/wp-content\/uploads\/2023\/11\/WhatsApp-Image-2023-11-19-at-19.20.07.jpeg?fit=1200%2C675&ssl=1&resize=350%2C200 1x, https:\/\/i0.wp.com\/ismaelcolosi.com.br\/wp-content\/uploads\/2023\/11\/WhatsApp-Image-2023-11-19-at-19.20.07.jpeg?fit=1200%2C675&ssl=1&resize=525%2C300 1.5x, https:\/\/i0.wp.com\/ismaelcolosi.com.br\/wp-content\/uploads\/2023\/11\/WhatsApp-Image-2023-11-19-at-19.20.07.jpeg?fit=1200%2C675&ssl=1&resize=700%2C400 2x, https:\/\/i0.wp.com\/ismaelcolosi.com.br\/wp-content\/uploads\/2023\/11\/WhatsApp-Image-2023-11-19-at-19.20.07.jpeg?fit=1200%2C675&ssl=1&resize=1050%2C600 3x"},"classes":[]}],"jetpack_sharing_enabled":true,"jetpack_shortlink":"https:\/\/wp.me\/pfMlyK-Xy","_links":{"self":[{"href":"https:\/\/ismaelcolosi.com.br\/index.php\/wp-json\/wp\/v2\/posts\/3692","targetHints":{"allow":["GET"]}}],"collection":[{"href":"https:\/\/ismaelcolosi.com.br\/index.php\/wp-json\/wp\/v2\/posts"}],"about":[{"href":"https:\/\/ismaelcolosi.com.br\/index.php\/wp-json\/wp\/v2\/types\/post"}],"author":[{"embeddable":true,"href":"https:\/\/ismaelcolosi.com.br\/index.php\/wp-json\/wp\/v2\/users\/1"}],"replies":[{"embeddable":true,"href":"https:\/\/ismaelcolosi.com.br\/index.php\/wp-json\/wp\/v2\/comments?post=3692"}],"version-history":[{"count":0,"href":"https:\/\/ismaelcolosi.com.br\/index.php\/wp-json\/wp\/v2\/posts\/3692\/revisions"}],"wp:featuredmedia":[{"embeddable":true,"href":"https:\/\/ismaelcolosi.com.br\/index.php\/wp-json\/wp\/v2\/media\/3693"}],"wp:attachment":[{"href":"https:\/\/ismaelcolosi.com.br\/index.php\/wp-json\/wp\/v2\/media?parent=3692"}],"wp:term":[{"taxonomy":"category","embeddable":true,"href":"https:\/\/ismaelcolosi.com.br\/index.php\/wp-json\/wp\/v2\/categories?post=3692"},{"taxonomy":"post_tag","embeddable":true,"href":"https:\/\/ismaelcolosi.com.br\/index.php\/wp-json\/wp\/v2\/tags?post=3692"}],"curies":[{"name":"wp","href":"https:\/\/api.w.org\/{rel}","templated":true}]}}