{"id":36766,"date":"2024-02-12T07:48:35","date_gmt":"2024-02-12T10:48:35","guid":{"rendered":"https:\/\/ismaelcolosi.com.br\/index.php\/2024\/02\/12\/frente-fria-pode-provocar-mudancas-no-tempo-veja-a-previsao-no-interior-de-sp\/"},"modified":"2024-02-12T07:48:35","modified_gmt":"2024-02-12T10:48:35","slug":"frente-fria-pode-provocar-mudancas-no-tempo-veja-a-previsao-no-interior-de-sp","status":"publish","type":"post","link":"https:\/\/ismaelcolosi.com.br\/index.php\/2024\/02\/12\/frente-fria-pode-provocar-mudancas-no-tempo-veja-a-previsao-no-interior-de-sp\/","title":{"rendered":"Frente fria pode provocar mudan\u00e7as no tempo; Veja a previs\u00e3o no interior de SP"},"content":{"rendered":"<p> <br \/>\n<\/p>\n<div>\n<p>Uma <strong>frente fria<\/strong> se aproxima da<strong> regi\u00e3o Sudeste<\/strong> e <mark style=\"background-color:#fcb900\" class=\"has-inline-color has-black-color\">pode provocar mudan\u00e7as no tempo a partir de ter\u00e7a-feira (13)<\/mark>, segundo a <strong><a href=\"https:\/\/www.climatempo.com.br\/\" target=\"_blank\" rel=\"noreferrer noopener nofollow\">Climatempo<\/a><\/strong>. No<strong> interior de S\u00e3o Paulo<\/strong>, a<strong> previs\u00e3o do tempo<\/strong> aponta para chuvas fortes nas cidades do sul e leste do estado.<\/p>\n<p>Os meteorologistas apontam que os temporais podem acontecer em raz\u00e3o da combina\u00e7\u00e3o de calor e a entrada de mais umidade, devido ao avan\u00e7o da frente fria.<\/p>\n<p>\u201cNa quarta-feira (14), a frente fria se desloca para alto mar na altura do Rio De Janeiro, mas, a entrada constante de umidade que vem do oceano, colabora para a forma\u00e7\u00e3o de muitas nuvens de chuva\u201d.<\/p>\n<p>A <strong>Climatempo<\/strong> aponta que o interior de SP, o sul de Minas Gerais e o extremo sul do Rio de Janeiro podem ficar em aten\u00e7\u00e3o para chuva, que deve vir com for\u00e7a, acompanhada por raios e ventos de 50 a 70 km\/h.<\/p>\n<h4 class=\"wp-block-heading\"><strong>P\u00f3s-Carnaval<\/strong><\/h4>\n<p>J\u00e1 na quinta-feira (15), a frente fria vai seguir se descolando para alto mar. \u201cO leste e sul de SP, ter\u00e3o um dia de muitas nuvens e chance de chuva fraca em alguns momentos\u201d, informam os meteorologistas.<\/p>\n<p>\u201cA temperatura \u2013 em rela\u00e7\u00e3o ao calor intenso do final de semana \u2013 j\u00e1 fica mais amena em muitas cidades do Sudeste, devido \u00e0 entrada de um pouco de ar frio e ao excesso de nuvens, mas nada de frio extremo. A condi\u00e7\u00e3o de abafamento ainda continua em muitas regi\u00f5es onde as m\u00e1ximas ainda passam dos 27\u202f\u00b0C\u201d, completa a Climatempo.<\/p>\n<h4 class=\"wp-block-heading\"><strong>Em Ribeir\u00e3o Preto<\/strong><\/h4>\n<p>O calor, por\u00e9m, continua em<strong> Ribeir\u00e3o Preto<\/strong>. <mark style=\"background-color:#fcb900\" class=\"has-inline-color has-black-color\">A temperatura m\u00e1xima prevista para esta segunda-feira (12) \u00e9 de 33\u00b0C, com m\u00ednima de 21\u00b0C.<\/mark> A previs\u00e3o aponta para um dia de Sol, com 67% de chances de pancadas de chuva nos per\u00edodos da tarde e da noite.<\/p>\n<p>Na ter\u00e7a-feira, a possibilidade de chuva sobe para 90% e as temperaturas devem variar entre 21\u00b0C e 35\u00b0C. As chances mais elevadas de chuva na cidade devem continuar, pelo menos, nos pr\u00f3ximos sete dias.<\/p>\n<p>SAIBA MAIS<br \/>Carnaval em Ribeir\u00e3o Preto: Veja a programa\u00e7\u00e3o para aproveitar a segunda-feira<\/p>\n<h4 class=\"wp-block-heading\"><strong>FIQUE ON<\/strong><\/h4>\n<p>Fique ligado em tudo que acontece em Ribeir\u00e3o Preto e regi\u00e3o. Siga os perfis do <strong>acidade on<\/strong> no <a href=\"https:\/\/www.instagram.com\/acidadeonribeirao\" target=\"_blank\" rel=\"noreferrer noopener nofollow\">Instagram<\/a> e no <a href=\"https:\/\/www.facebook.com\/acidadeonribeirao\" target=\"_blank\" rel=\"noreferrer noopener nofollow\">Facebook<\/a>.<\/p>\n<p>Receba not\u00edcias do <strong>acidade on<\/strong> no WhatsApp. <a href=\"https:\/\/chat.whatsapp.com\/Bnv2w66ZT4VDyZW3oiZ69n\" target=\"_blank\" rel=\"noreferrer noopener nofollow\">Para entrar no grupo, basta clicar aqui.<\/a><\/p>\n<p>Fa\u00e7a uma den\u00fancia ou sugira uma reportagem sobre Ribeir\u00e3o Preto e regi\u00e3o pelo WhatsApp: 16 99117 7802.<\/p>\n<p>VEJA TAMB\u00c9M<br \/>Quem vai sair no BBB 24? Enquetes indicam rejei\u00e7\u00e3o<\/p>\n<p><!-- AI CONTENT END 1 -->\n<\/div>\n<p><script async src=\"\/\/www.instagram.com\/embed.js\"><\/script><br \/>\n<br \/><br \/>\n<br \/><a href=\"https:\/\/www.acidadeon.com\/ribeiraopreto\/cotidiano\/frente-fria-provocar-mudanca-tempo-previsao-interior-sp\/\">Source link <\/a><\/p>\n<div class='code-block code-block-4' style='margin: 8px auto 8px 0; text-align: left; display: block; clear: both;'>\n\ud83d\udce2 Aviso Legal\n\nO site ismaelcolosi.com.br atua apenas como um canal de divulga\u00e7\u00e3o de oportunidades de emprego e n\u00e3o se responsabiliza pelo processo seletivo, contrata\u00e7\u00e3o ou qualquer outra etapa relacionada \u00e0s vagas publicadas. Todas as informa\u00e7\u00f5es s\u00e3o de responsabilidade dos anunciantes.\n\n\u26a0\ufe0f Aten\u00e7\u00e3o! Nunca pague por promessas de emprego nem compre cursos que garantam contrata\u00e7\u00e3o. Desconfie de qualquer cobran\u00e7a para participar de sele\u00e7\u00f5es.\n\n\n\n<\/div>\n<!-- CONTENT END 1 -->\n","protected":false},"excerpt":{"rendered":"<p>Uma frente fria se aproxima da regi\u00e3o Sudeste e pode provocar mudan\u00e7as no tempo a partir de ter\u00e7a-feira (13), segundo a Climatempo. No interior de&#8230;<\/p>\n","protected":false},"author":1,"featured_media":36767,"comment_status":"open","ping_status":"open","sticky":false,"template":"","format":"standard","meta":{"_uag_custom_page_level_css":"","advanced_seo_description":"","jetpack_seo_html_title":"","jetpack_seo_noindex":false,"jetpack_post_was_ever_published":false,"_jetpack_newsletter_access":"","_jetpack_dont_email_post_to_subs":false,"_jetpack_newsletter_tier_id":0,"_jetpack_memberships_contains_paywalled_content":false,"_jetpack_memberships_contains_paid_content":false,"footnotes":"","jetpack_publicize_message":"","jetpack_publicize_feature_enabled":true,"jetpack_social_post_already_shared":true,"jetpack_social_options":{"image_generator_settings":{"template":"highway","default_image_id":0,"font":"","enabled":false},"version":2}},"categories":[11],"tags":[],"class_list":["post-36766","post","type-post","status-publish","format-standard","has-post-thumbnail","hentry","category-noticias-de-ribeirao-preto-sp-e-regiao-ismael-colosi"],"jetpack_publicize_connections":[],"jetpack_featured_media_url":"https:\/\/i0.wp.com\/ismaelcolosi.com.br\/wp-content\/uploads\/2024\/02\/chuva_tempestade_1200x675_28012022180501.jpg?fit=1200%2C675&ssl=1","uagb_featured_image_src":{"full":["https:\/\/i0.wp.com\/ismaelcolosi.com.br\/wp-content\/uploads\/2024\/02\/chuva_tempestade_1200x675_28012022180501.jpg?fit=1200%2C675&ssl=1",1200,675,false],"thumbnail":["https:\/\/i0.wp.com\/ismaelcolosi.com.br\/wp-content\/uploads\/2024\/02\/chuva_tempestade_1200x675_28012022180501.jpg?resize=150%2C150&ssl=1",150,150,true],"medium":["https:\/\/i0.wp.com\/ismaelcolosi.com.br\/wp-content\/uploads\/2024\/02\/chuva_tempestade_1200x675_28012022180501.jpg?fit=300%2C169&ssl=1",300,169,true],"medium_large":["https:\/\/i0.wp.com\/ismaelcolosi.com.br\/wp-content\/uploads\/2024\/02\/chuva_tempestade_1200x675_28012022180501.jpg?fit=768%2C432&ssl=1",768,432,true],"large":["https:\/\/i0.wp.com\/ismaelcolosi.com.br\/wp-content\/uploads\/2024\/02\/chuva_tempestade_1200x675_28012022180501.jpg?fit=1024%2C576&ssl=1",1024,576,true],"1536x1536":["https:\/\/i0.wp.com\/ismaelcolosi.com.br\/wp-content\/uploads\/2024\/02\/chuva_tempestade_1200x675_28012022180501.jpg?fit=1200%2C675&ssl=1",1200,675,true],"2048x2048":["https:\/\/i0.wp.com\/ismaelcolosi.com.br\/wp-content\/uploads\/2024\/02\/chuva_tempestade_1200x675_28012022180501.jpg?fit=1200%2C675&ssl=1",1200,675,true],"really-simple-thumb":["https:\/\/i0.wp.com\/ismaelcolosi.com.br\/wp-content\/uploads\/2024\/02\/chuva_tempestade_1200x675_28012022180501.jpg?resize=370%2C247&ssl=1",370,247,true]},"uagb_author_info":{"display_name":"ismaelcolosi.com.br","author_link":"https:\/\/ismaelcolosi.com.br\/index.php\/author\/vidareal-online\/"},"uagb_comment_info":0,"uagb_excerpt":"Uma frente fria se aproxima da regi\u00e3o Sudeste e pode provocar mudan\u00e7as no tempo a partir de ter\u00e7a-feira (13), segundo a Climatempo. No interior de...","jetpack-related-posts":[{"id":45864,"url":"https:\/\/ismaelcolosi.com.br\/index.php\/2024\/04\/08\/nova-frente-fria-avanca-em-direcao-ao-estado-de-sp-nesta-semana-confira-a-previsao\/","url_meta":{"origin":36766,"position":0},"title":"Nova frente fria avan\u00e7a em dire\u00e7\u00e3o ao estado de SP nesta semana; Confira a previs\u00e3o","author":"ismaelcolosi.com.br","date":"8 de April de 2024","format":false,"excerpt":"Uma nova frente fria deve se deslocar nesta semana em dire\u00e7\u00e3o ao estado de S\u00e3o Paulo e aumentar a condi\u00e7\u00e3o para chuva e queda de temperatura no pr\u00f3ximo fim de semana. Segundo a Climatempo, o sistema come\u00e7a a se formar ao longo desta ter\u00e7a-feira (9) e se aproxima do Rio\u2026","rel":"","context":"In &quot;Not\u00edcias de Ribeir\u00e3o Preto-SP e Regi\u00e3o&quot;","block_context":{"text":"Not\u00edcias de Ribeir\u00e3o Preto-SP e Regi\u00e3o","link":"https:\/\/ismaelcolosi.com.br\/index.php\/category\/noticias-de-ribeirao-preto-sp-e-regiao-ismael-colosi\/"},"img":{"alt_text":"","src":"https:\/\/i0.wp.com\/ismaelcolosi.com.br\/wp-content\/uploads\/2024\/04\/WhatsApp-Image-2024-04-08-at-12.03.16.jpeg?fit=1200%2C639&ssl=1&resize=350%2C200","width":350,"height":200,"srcset":"https:\/\/i0.wp.com\/ismaelcolosi.com.br\/wp-content\/uploads\/2024\/04\/WhatsApp-Image-2024-04-08-at-12.03.16.jpeg?fit=1200%2C639&ssl=1&resize=350%2C200 1x, https:\/\/i0.wp.com\/ismaelcolosi.com.br\/wp-content\/uploads\/2024\/04\/WhatsApp-Image-2024-04-08-at-12.03.16.jpeg?fit=1200%2C639&ssl=1&resize=525%2C300 1.5x, https:\/\/i0.wp.com\/ismaelcolosi.com.br\/wp-content\/uploads\/2024\/04\/WhatsApp-Image-2024-04-08-at-12.03.16.jpeg?fit=1200%2C639&ssl=1&resize=700%2C400 2x, https:\/\/i0.wp.com\/ismaelcolosi.com.br\/wp-content\/uploads\/2024\/04\/WhatsApp-Image-2024-04-08-at-12.03.16.jpeg?fit=1200%2C639&ssl=1&resize=1050%2C600 3x"},"classes":[]},{"id":46170,"url":"https:\/\/ismaelcolosi.com.br\/index.php\/2024\/04\/10\/vai-esfriar-veja-como-fica-o-tempo-no-interior-de-sp-com-avanco-da-frente-fria\/","url_meta":{"origin":36766,"position":1},"title":"Vai esfriar? Veja como fica o tempo no interior de SP com avan\u00e7o da frente fria","author":"ismaelcolosi.com.br","date":"10 de April de 2024","format":false,"excerpt":"Uma nova frente fria deve provocar mudan\u00e7as no tempo nos pr\u00f3ximos dias, no estado de S\u00e3o Paulo. Segundo a Climatempo, o sistema se desloca no decorrer da quarta-feira (10) sobre a regi\u00e3o Sul. Nesta quarta ainda deve haver predom\u00ednio de sol e podem ocorrer pancadas de chuva em Ribeir\u00e3o Preto.\u2026","rel":"","context":"In &quot;Not\u00edcias de Ribeir\u00e3o Preto-SP e Regi\u00e3o&quot;","block_context":{"text":"Not\u00edcias de Ribeir\u00e3o Preto-SP e Regi\u00e3o","link":"https:\/\/ismaelcolosi.com.br\/index.php\/category\/noticias-de-ribeirao-preto-sp-e-regiao-ismael-colosi\/"},"img":{"alt_text":"","src":"https:\/\/i0.wp.com\/ismaelcolosi.com.br\/wp-content\/uploads\/2024\/04\/WhatsApp-Image-2024-02-21-at-07.07.05.jpeg?fit=1200%2C623&ssl=1&resize=350%2C200","width":350,"height":200,"srcset":"https:\/\/i0.wp.com\/ismaelcolosi.com.br\/wp-content\/uploads\/2024\/04\/WhatsApp-Image-2024-02-21-at-07.07.05.jpeg?fit=1200%2C623&ssl=1&resize=350%2C200 1x, https:\/\/i0.wp.com\/ismaelcolosi.com.br\/wp-content\/uploads\/2024\/04\/WhatsApp-Image-2024-02-21-at-07.07.05.jpeg?fit=1200%2C623&ssl=1&resize=525%2C300 1.5x, https:\/\/i0.wp.com\/ismaelcolosi.com.br\/wp-content\/uploads\/2024\/04\/WhatsApp-Image-2024-02-21-at-07.07.05.jpeg?fit=1200%2C623&ssl=1&resize=700%2C400 2x, https:\/\/i0.wp.com\/ismaelcolosi.com.br\/wp-content\/uploads\/2024\/04\/WhatsApp-Image-2024-02-21-at-07.07.05.jpeg?fit=1200%2C623&ssl=1&resize=1050%2C600 3x"},"classes":[]},{"id":46284,"url":"https:\/\/ismaelcolosi.com.br\/index.php\/2024\/04\/10\/frente-fria-chega-ao-interior-de-sp-nesta-quinta-feira-veja-a-previsao\/","url_meta":{"origin":36766,"position":2},"title":"Frente fria chega ao interior de SP nesta quinta-feira; Veja a previs\u00e3o","author":"ismaelcolosi.com.br","date":"10 de April de 2024","format":false,"excerpt":"Uma frente fria formada na Argentina deve causar chuva e temperaturas mais amenas no Sul, antes de chegar ao Sudeste do pa\u00eds, incluindo o estado de S\u00e3o Paulo e o litoral paulista, nesta semana. A alta press\u00e3o que vem na retaguarda desse sistema deve trazer um pouco de ar frio,\u2026","rel":"","context":"In &quot;Not\u00edcias de Ribeir\u00e3o Preto-SP e Regi\u00e3o&quot;","block_context":{"text":"Not\u00edcias de Ribeir\u00e3o Preto-SP e Regi\u00e3o","link":"https:\/\/ismaelcolosi.com.br\/index.php\/category\/noticias-de-ribeirao-preto-sp-e-regiao-ismael-colosi\/"},"img":{"alt_text":"","src":"https:\/\/ismaelcolosi.com.br\/wp-content\/uploads\/2024\/04\/whatsapp_image_2022-08-08_at_07_42_08.jpe","width":350,"height":200,"srcset":"https:\/\/ismaelcolosi.com.br\/wp-content\/uploads\/2024\/04\/whatsapp_image_2022-08-08_at_07_42_08.jpe 1x, https:\/\/ismaelcolosi.com.br\/wp-content\/uploads\/2024\/04\/whatsapp_image_2022-08-08_at_07_42_08.jpe 1.5x, https:\/\/ismaelcolosi.com.br\/wp-content\/uploads\/2024\/04\/whatsapp_image_2022-08-08_at_07_42_08.jpe 2x, https:\/\/ismaelcolosi.com.br\/wp-content\/uploads\/2024\/04\/whatsapp_image_2022-08-08_at_07_42_08.jpe 3x"},"classes":[]},{"id":40787,"url":"https:\/\/ismaelcolosi.com.br\/index.php\/2024\/03\/05\/frente-fria-traz-chuva-para-o-interior-de-sp-veja-cidades-que-estao-em-alerta\/","url_meta":{"origin":36766,"position":3},"title":"Frente fria traz chuva para o interior de SP? Veja cidades que est\u00e3o em alerta","author":"ismaelcolosi.com.br","date":"5 de March de 2024","format":false,"excerpt":"Devido \u00e0 chegada de uma nova frente fria no estado de S\u00e3o Paulo, na noite desta ter\u00e7a-feira (5), as condi\u00e7\u00f5es de temporais aumentam nos pr\u00f3ximos dias, de acordo com a plataforma Climatempo. A expectativa \u00e9 de que essa frente fria traga mais umidade, o que provocar\u00e1 nuvens mais carregadas nas\u2026","rel":"","context":"In &quot;Not\u00edcias de Ribeir\u00e3o Preto-SP e Regi\u00e3o&quot;","block_context":{"text":"Not\u00edcias de Ribeir\u00e3o Preto-SP e Regi\u00e3o","link":"https:\/\/ismaelcolosi.com.br\/index.php\/category\/noticias-de-ribeirao-preto-sp-e-regiao-ismael-colosi\/"},"img":{"alt_text":"","src":"https:\/\/i0.wp.com\/ismaelcolosi.com.br\/wp-content\/uploads\/2024\/03\/WhatsApp-Image-2024-02-28-at-08.48.57.jpeg?fit=1200%2C900&ssl=1&resize=350%2C200","width":350,"height":200,"srcset":"https:\/\/i0.wp.com\/ismaelcolosi.com.br\/wp-content\/uploads\/2024\/03\/WhatsApp-Image-2024-02-28-at-08.48.57.jpeg?fit=1200%2C900&ssl=1&resize=350%2C200 1x, https:\/\/i0.wp.com\/ismaelcolosi.com.br\/wp-content\/uploads\/2024\/03\/WhatsApp-Image-2024-02-28-at-08.48.57.jpeg?fit=1200%2C900&ssl=1&resize=525%2C300 1.5x, https:\/\/i0.wp.com\/ismaelcolosi.com.br\/wp-content\/uploads\/2024\/03\/WhatsApp-Image-2024-02-28-at-08.48.57.jpeg?fit=1200%2C900&ssl=1&resize=700%2C400 2x, https:\/\/i0.wp.com\/ismaelcolosi.com.br\/wp-content\/uploads\/2024\/03\/WhatsApp-Image-2024-02-28-at-08.48.57.jpeg?fit=1200%2C900&ssl=1&resize=1050%2C600 3x"},"classes":[]},{"id":61290,"url":"https:\/\/ismaelcolosi.com.br\/index.php\/2024\/08\/21\/antes-de-frente-fria-interior-de-sp-deve-registrar-pico-de-calor-saiba-quando\/","url_meta":{"origin":36766,"position":4},"title":"Antes de\u00a0frente fria, interior de SP deve registrar pico de calor; Saiba quando","author":"ismaelcolosi.com.br","date":"21 de August de 2024","format":false,"excerpt":"As temperaturas seguem extremas antes de uma frente fria prevista para avan\u00e7a pelo Brasil a partir desta quinta-feira (22). Segundo a Climatempo, esta nova frente fria tem caracter\u00edstica continental, est\u00e1 associada a um ciclone extratropical no mar e tem expectativa de trazer chuva e derrubar as temperaturas no Centro-Sul. \u201cA\u2026","rel":"","context":"In &quot;Not\u00edcias de Ribeir\u00e3o Preto-SP e Regi\u00e3o&quot;","block_context":{"text":"Not\u00edcias de Ribeir\u00e3o Preto-SP e Regi\u00e3o","link":"https:\/\/ismaelcolosi.com.br\/index.php\/category\/noticias-de-ribeirao-preto-sp-e-regiao-ismael-colosi\/"},"img":{"alt_text":"","src":"https:\/\/i0.wp.com\/ismaelcolosi.com.br\/wp-content\/uploads\/2024\/08\/WhatsApp-Image-2024-08-21-at-07.21.47_2024-08-21_10-22-33_jpeg_2024-08-21_10-22-34.webp.webp?fit=1200%2C647&ssl=1&resize=350%2C200","width":350,"height":200,"srcset":"https:\/\/i0.wp.com\/ismaelcolosi.com.br\/wp-content\/uploads\/2024\/08\/WhatsApp-Image-2024-08-21-at-07.21.47_2024-08-21_10-22-33_jpeg_2024-08-21_10-22-34.webp.webp?fit=1200%2C647&ssl=1&resize=350%2C200 1x, https:\/\/i0.wp.com\/ismaelcolosi.com.br\/wp-content\/uploads\/2024\/08\/WhatsApp-Image-2024-08-21-at-07.21.47_2024-08-21_10-22-33_jpeg_2024-08-21_10-22-34.webp.webp?fit=1200%2C647&ssl=1&resize=525%2C300 1.5x, https:\/\/i0.wp.com\/ismaelcolosi.com.br\/wp-content\/uploads\/2024\/08\/WhatsApp-Image-2024-08-21-at-07.21.47_2024-08-21_10-22-33_jpeg_2024-08-21_10-22-34.webp.webp?fit=1200%2C647&ssl=1&resize=700%2C400 2x, https:\/\/i0.wp.com\/ismaelcolosi.com.br\/wp-content\/uploads\/2024\/08\/WhatsApp-Image-2024-08-21-at-07.21.47_2024-08-21_10-22-33_jpeg_2024-08-21_10-22-34.webp.webp?fit=1200%2C647&ssl=1&resize=1050%2C600 3x"},"classes":[]},{"id":49719,"url":"https:\/\/ismaelcolosi.com.br\/index.php\/2024\/05\/13\/frente-fria-pode-trazer-chuva-ao-interior-de-sp-nesta-semana-confira-a-previsao\/","url_meta":{"origin":36766,"position":5},"title":"Frente fria pode trazer chuva ao interior de SP nesta semana; Confira a previs\u00e3o","author":"ismaelcolosi.com.br","date":"13 de May de 2024","format":false,"excerpt":"O deslocamento de uma frente fria provoca o enfraquecimento do bloqueio atmosf\u00e9rico \u2013 que mant\u00e9m as temperaturas elevadas h\u00e1 tr\u00eas semanas \u2013 e pode trazer chuva ao interior de S\u00e3o Paulo nesta semana. Segundo a Climatempo, nesta segunda-feira (13), a condi\u00e7\u00e3o \u00e9 de calor pr\u00e9-frontal, mas ainda sem probabilidade de\u2026","rel":"","context":"In &quot;Not\u00edcias de Ribeir\u00e3o Preto-SP e Regi\u00e3o&quot;","block_context":{"text":"Not\u00edcias de Ribeir\u00e3o Preto-SP e Regi\u00e3o","link":"https:\/\/ismaelcolosi.com.br\/index.php\/category\/noticias-de-ribeirao-preto-sp-e-regiao-ismael-colosi\/"},"img":{"alt_text":"","src":"https:\/\/i0.wp.com\/ismaelcolosi.com.br\/wp-content\/uploads\/2024\/05\/RIBEIRAO-PRETO.jpg?fit=1200%2C708&ssl=1&resize=350%2C200","width":350,"height":200,"srcset":"https:\/\/i0.wp.com\/ismaelcolosi.com.br\/wp-content\/uploads\/2024\/05\/RIBEIRAO-PRETO.jpg?fit=1200%2C708&ssl=1&resize=350%2C200 1x, https:\/\/i0.wp.com\/ismaelcolosi.com.br\/wp-content\/uploads\/2024\/05\/RIBEIRAO-PRETO.jpg?fit=1200%2C708&ssl=1&resize=525%2C300 1.5x, https:\/\/i0.wp.com\/ismaelcolosi.com.br\/wp-content\/uploads\/2024\/05\/RIBEIRAO-PRETO.jpg?fit=1200%2C708&ssl=1&resize=700%2C400 2x, https:\/\/i0.wp.com\/ismaelcolosi.com.br\/wp-content\/uploads\/2024\/05\/RIBEIRAO-PRETO.jpg?fit=1200%2C708&ssl=1&resize=1050%2C600 3x"},"classes":[]}],"jetpack_sharing_enabled":true,"jetpack_shortlink":"https:\/\/wp.me\/pfMlyK-9z0","_links":{"self":[{"href":"https:\/\/ismaelcolosi.com.br\/index.php\/wp-json\/wp\/v2\/posts\/36766","targetHints":{"allow":["GET"]}}],"collection":[{"href":"https:\/\/ismaelcolosi.com.br\/index.php\/wp-json\/wp\/v2\/posts"}],"about":[{"href":"https:\/\/ismaelcolosi.com.br\/index.php\/wp-json\/wp\/v2\/types\/post"}],"author":[{"embeddable":true,"href":"https:\/\/ismaelcolosi.com.br\/index.php\/wp-json\/wp\/v2\/users\/1"}],"replies":[{"embeddable":true,"href":"https:\/\/ismaelcolosi.com.br\/index.php\/wp-json\/wp\/v2\/comments?post=36766"}],"version-history":[{"count":0,"href":"https:\/\/ismaelcolosi.com.br\/index.php\/wp-json\/wp\/v2\/posts\/36766\/revisions"}],"wp:featuredmedia":[{"embeddable":true,"href":"https:\/\/ismaelcolosi.com.br\/index.php\/wp-json\/wp\/v2\/media\/36767"}],"wp:attachment":[{"href":"https:\/\/ismaelcolosi.com.br\/index.php\/wp-json\/wp\/v2\/media?parent=36766"}],"wp:term":[{"taxonomy":"category","embeddable":true,"href":"https:\/\/ismaelcolosi.com.br\/index.php\/wp-json\/wp\/v2\/categories?post=36766"},{"taxonomy":"post_tag","embeddable":true,"href":"https:\/\/ismaelcolosi.com.br\/index.php\/wp-json\/wp\/v2\/tags?post=36766"}],"curies":[{"name":"wp","href":"https:\/\/api.w.org\/{rel}","templated":true}]}}