{"id":36744,"date":"2024-02-11T21:59:00","date_gmt":"2024-02-12T00:59:00","guid":{"rendered":"https:\/\/ismaelcolosi.com.br\/index.php\/2024\/02\/11\/meia-maratona-internacional-de-ribeirao-preto-edicao-de-2024-promete-superar-expectativas\/"},"modified":"2024-02-11T21:59:00","modified_gmt":"2024-02-12T00:59:00","slug":"meia-maratona-internacional-de-ribeirao-preto-edicao-de-2024-promete-superar-expectativas","status":"publish","type":"post","link":"https:\/\/ismaelcolosi.com.br\/index.php\/2024\/02\/11\/meia-maratona-internacional-de-ribeirao-preto-edicao-de-2024-promete-superar-expectativas\/","title":{"rendered":"Meia Maratona Internacional de Ribeir\u00e3o Preto edi\u00e7\u00e3o de 2024 promete superar expectativas\u00a0"},"content":{"rendered":"<p> <br \/>\n<\/p>\n<div id=\"\">\n<p> <span class=\"entry-meta-item penci-posted-on\"><i class=\"fa fa-clock-o\"\/><time class=\"entry-date published\" datetime=\"2024-02-11T13:00:40-03:00\">11 de fevereiro de 2024 | 13:00<\/time><time class=\"updated\" datetime=\"2024-02-11T13:55:10-03:00\">11 de fevereiro de 2024 | 13:55<\/time><\/span><\/p>\n<p> <span class=\"penci-social-buttons penci-social-share-footer\"><a href=\"#\" class=\"penci-post-like penci_post-meta_item  single-like-button penci-social-item like\" data-post_id=\"373253\" title=\"Like\" data-like=\"Like\" data-unlike=\"Unlike\"><i class=\"fa fa-thumbs-o-up\"\/><span class=\"penci-share-number\">0<\/span><\/a><i class=\"fa fa-facebook\"\/><a class=\"penci-social-item twitter\" target=\"_blank\" rel=\"noopener\" title=\"\" href=\"https:\/\/twitter.com\/intent\/tweet?text=Meia%20Maratona%20Internacional%20de%20Ribeir\u00e3o%20Preto%20edi\u00e7\u00e3o%20de%202024%20promete%20superar%20expectativas\u00a0%20-%20https:\/\/www.tribunaribeirao.com.br\/site\/meia-maratona-internacional-de-ribeirao-preto-edicao-de-2024-promete-superar-expectativas\/\"><i class=\"fa fa-twitter\"\/><\/a><i class=\"fa fa-whatsapp\"\/><\/span><\/div>\n<div>\n<p><span data-contrast=\"auto\">O primeiro lote de inscri\u00e7\u00f5es da Meia Maratona Internacional de Ribeir\u00e3o Preto (MMIRP) ser\u00e1 aberto na pr\u00f3xima sexta-feira, dia 16 de fevereiro. Os organizadores preparam uma oferta especial com 100 vagas promocionais. As inscri\u00e7\u00f5es poder\u00e3o ser feitas exclusivamente pelo site <\/span><a href=\"http:\/\/www.mmirp.com.br\/\"><span data-contrast=\"none\">www.mmirp.com.br<\/span><\/a><span data-contrast=\"auto\">.\u00a0<\/span><span data-ccp-props=\"{&quot;201341983&quot;:0,&quot;335559739&quot;:0,&quot;335559740&quot;:240}\">\u00a0<\/span><\/p><div class='code-block code-block-8' style='margin: 8px auto; text-align: center; display: block; clear: both;'>\n<script>\n  atOptions = {\n    'key' : '66e2e2111ca34da796271819fc334058',\n    'format' : 'iframe',\n    'height' : 250,\n    'width' : 300,\n    'params' : {}\n  };\n<\/script>\n<script src=\"https:\/\/www.highperformanceformat.com\/66e2e2111ca34da796271819fc334058\/invoke.js\"><\/script>\n<\/div>\n\n<p><span data-contrast=\"auto\">A prova acontecer\u00e1 no dia 25 de agosto. O evento, que j\u00e1 se consolidou como um dos principais do calend\u00e1rio esportivo da regi\u00e3o, promete atrair milhares de corredores e entusiastas do esporte. A expectativa para este ano \u00e9 de que aproximadamente 3 mil corredores participem das provas, que incluem percursos de 21km e 5km, proporcionando desafios para atletas de diversos n\u00edveis de habilidade.<\/span><span data-ccp-props=\"{&quot;201341983&quot;:0,&quot;335559739&quot;:0,&quot;335559740&quot;:240}\">\u00a0<\/span><\/p>\n<p><b><span data-contrast=\"auto\">Sucesso total em 2023<\/span><\/b><span data-ccp-props=\"{&quot;201341983&quot;:0,&quot;335559739&quot;:0,&quot;335559740&quot;:240}\">\u00a0<\/span><\/p>\n<p><span data-contrast=\"auto\">Relembrando o sucesso em 2023, a Meia Maratona Internacional de Ribeir\u00e3o Preto contou com a presen\u00e7a de atletas de 169 cidades, representando 14 estados brasileiros, al\u00e9m do Distrito Federal. O evento tamb\u00e9m atraiu corredores de seis pa\u00edses diferentes, demonstrando sua crescente proje\u00e7\u00e3o internacional.<\/span><span data-ccp-props=\"{&quot;201341983&quot;:0,&quot;335559739&quot;:0,&quot;335559740&quot;:240}\">\u00a0<\/span><\/p>\n<p><span data-contrast=\"auto\">Os grandes vencedores foram o brasileiro Giovani dos Santos e a queniana Viola Jelegat. Giovani dominou a prova masculina, completando os 21.097,5 metros em 1h07m30s, enquanto Viola conquistou o primeiro lugar feminino com o tempo de 1h16m24s, em uma disputa acirrada com a ugandense Emily Chebet.<\/span><span data-ccp-props=\"{&quot;201341983&quot;:0,&quot;335559739&quot;:0,&quot;335559740&quot;:240}\">\u00a0<\/span><\/p>\n<p><span data-contrast=\"auto\">A premia\u00e7\u00e3o totalizou R$ 41.200,00, distribu\u00eddos entre os primeiros colocados das categorias Elite e Amador, tanto masculino quanto feminino. A MMIRP possui chancela da Federa\u00e7\u00e3o Paulista de Atletismo (FPA), Confedera\u00e7\u00e3o Brasileira de Atletismo (CBAt) e World Athletics, garantindo a qualidade e a credibilidade do evento. Os valores da premia\u00e7\u00e3o ser\u00e3o mantidos em 2024.<\/span><span data-ccp-props=\"{&quot;201341983&quot;:0,&quot;335559739&quot;:0,&quot;335559740&quot;:240}\">\u00a0<\/span><\/p>\n<p><span data-contrast=\"auto\">Al\u00e9m da competi\u00e7\u00e3o em si, a Meia Maratona Internacional de Ribeir\u00e3o Preto \u00e9 um verdadeiro evento festivo, reunindo milhares de pessoas nas ruas da cidade. Na edi\u00e7\u00e3o anterior, mais de 2.400 corredores participaram, desfrutando de um clima de celebra\u00e7\u00e3o e supera\u00e7\u00e3o.<\/span><span data-ccp-props=\"{&quot;201341983&quot;:0,&quot;335559739&quot;:0,&quot;335559740&quot;:240}\">\u00a0<\/span><\/p>\n<p><span data-contrast=\"auto\">Este ano, a prova promete ser ainda mais especial, com a presen\u00e7a de atletas de renome nacional e internacional, al\u00e9m do apoio de patrocinadores tradicionais e de peso. A Meia Maratona Internacional de Ribeir\u00e3o Preto \u00e9 n\u00e3o apenas um evento esportivo, mas tamb\u00e9m uma celebra\u00e7\u00e3o da determina\u00e7\u00e3o, do esp\u00edrito de equipe e do amor pelo esporte.<\/span><span data-ccp-props=\"{&quot;201341983&quot;:0,&quot;335559739&quot;:0,&quot;335559740&quot;:240}\">\u00a0<\/span><\/p>\n<p><span data-contrast=\"auto\">A MMIRP est\u00e1 oficialmente inclu\u00edda nos calend\u00e1rios de eventos esportivos de Ribeir\u00e3o Preto e do Estado de S\u00e3o Paulo, demonstrando seu impacto e import\u00e2ncia para a comunidade local e regional.<\/span><span data-ccp-props=\"{&quot;201341983&quot;:0,&quot;335559739&quot;:0,&quot;335559740&quot;:240}\">\u00a0<\/span><\/p>\n<p><span data-contrast=\"auto\">Os organizadores esperam receber corredores de todas as partes do Brasil e do mundo para mais uma edi\u00e7\u00e3o inesquec\u00edvel. Mais informa\u00e7\u00f5es e inscri\u00e7\u00f5es, acesse www.mmirp.com.br e fa\u00e7a parte dessa experi\u00eancia \u00fanica!<\/span><span data-ccp-props=\"{&quot;201341983&quot;:0,&quot;335559739&quot;:0,&quot;335559740&quot;:240}\">\u00a0<\/span><\/p>\n<p><span data-ccp-props=\"{&quot;201341983&quot;:0,&quot;335559739&quot;:0,&quot;335559740&quot;:240}\">\u00a0<\/span><\/p>\n<p><span data-ccp-props=\"{&quot;201341983&quot;:0,&quot;335559739&quot;:0,&quot;335559740&quot;:240}\">\u00a0<\/span><\/p>\n<p>\u00a0<\/p>\n<\/div>\n<p><script async src=\"\/\/platform.twitter.com\/widgets.js\" charset=\"utf-8\"><\/script><br \/>\n<br \/><br \/>\n<br \/><a href=\"https:\/\/www.tribunaribeirao.com.br\/site\/meia-maratona-internacional-de-ribeirao-preto-edicao-de-2024-promete-superar-expectativas\/\">Source link <\/a><\/p>\n<div class='code-block code-block-4' style='margin: 8px auto 8px 0; text-align: left; display: block; clear: both;'>\n\ud83d\udce2 Aviso Legal\n\nO site ismaelcolosi.com.br atua apenas como um canal de divulga\u00e7\u00e3o de oportunidades de emprego e n\u00e3o se responsabiliza pelo processo seletivo, contrata\u00e7\u00e3o ou qualquer outra etapa relacionada \u00e0s vagas publicadas. Todas as informa\u00e7\u00f5es s\u00e3o de responsabilidade dos anunciantes.\n\n\u26a0\ufe0f Aten\u00e7\u00e3o! Nunca pague por promessas de emprego nem compre cursos que garantam contrata\u00e7\u00e3o. Desconfie de qualquer cobran\u00e7a para participar de sele\u00e7\u00f5es.\n\n\n\n<\/div>\n<!-- CONTENT END 1 -->\n","protected":false},"excerpt":{"rendered":"<p>11 de fevereiro de 2024 | 13:0011 de fevereiro de 2024 | 13:55 0 O primeiro lote de inscri\u00e7\u00f5es da Meia Maratona Internacional de Ribeir\u00e3o&#8230;<\/p>\n","protected":false},"author":1,"featured_media":36745,"comment_status":"open","ping_status":"open","sticky":false,"template":"","format":"standard","meta":{"_uag_custom_page_level_css":"","advanced_seo_description":"","jetpack_seo_html_title":"","jetpack_seo_noindex":false,"jetpack_post_was_ever_published":false,"_jetpack_newsletter_access":"","_jetpack_dont_email_post_to_subs":false,"_jetpack_newsletter_tier_id":0,"_jetpack_memberships_contains_paywalled_content":false,"_jetpack_memberships_contains_paid_content":false,"footnotes":"","jetpack_publicize_message":"","jetpack_publicize_feature_enabled":true,"jetpack_social_post_already_shared":true,"jetpack_social_options":{"image_generator_settings":{"template":"highway","default_image_id":0,"font":"","enabled":false},"version":2}},"categories":[11],"tags":[139,4224,1620,4222,4221,27,2183,26,4223],"class_list":["post-36744","post","type-post","status-publish","format-standard","has-post-thumbnail","hentry","category-noticias-de-ribeirao-preto-sp-e-regiao-ismael-colosi","tag-edicao","tag-expectativas","tag-internacional","tag-maratona","tag-meia","tag-preto","tag-promete","tag-ribeirao","tag-superar"],"jetpack_publicize_connections":[],"jetpack_featured_media_url":"https:\/\/i0.wp.com\/ismaelcolosi.com.br\/wp-content\/uploads\/2024\/02\/1-geral-alfredo-risk-site-scaled.jpg?fit=967%2C645&ssl=1","uagb_featured_image_src":{"full":["https:\/\/i0.wp.com\/ismaelcolosi.com.br\/wp-content\/uploads\/2024\/02\/1-geral-alfredo-risk-site-scaled.jpg?fit=967%2C645&ssl=1",967,645,false],"thumbnail":["https:\/\/i0.wp.com\/ismaelcolosi.com.br\/wp-content\/uploads\/2024\/02\/1-geral-alfredo-risk-site-scaled.jpg?resize=150%2C150&ssl=1",150,150,true],"medium":["https:\/\/i0.wp.com\/ismaelcolosi.com.br\/wp-content\/uploads\/2024\/02\/1-geral-alfredo-risk-site-scaled.jpg?fit=300%2C200&ssl=1",300,200,true],"medium_large":["https:\/\/i0.wp.com\/ismaelcolosi.com.br\/wp-content\/uploads\/2024\/02\/1-geral-alfredo-risk-site-scaled.jpg?fit=768%2C512&ssl=1",768,512,true],"large":["https:\/\/i0.wp.com\/ismaelcolosi.com.br\/wp-content\/uploads\/2024\/02\/1-geral-alfredo-risk-site-scaled.jpg?fit=967%2C645&ssl=1",967,645,true],"1536x1536":["https:\/\/i0.wp.com\/ismaelcolosi.com.br\/wp-content\/uploads\/2024\/02\/1-geral-alfredo-risk-site-scaled.jpg?fit=967%2C645&ssl=1",967,645,true],"2048x2048":["https:\/\/i0.wp.com\/ismaelcolosi.com.br\/wp-content\/uploads\/2024\/02\/1-geral-alfredo-risk-site-scaled.jpg?fit=967%2C645&ssl=1",967,645,true],"really-simple-thumb":["https:\/\/i0.wp.com\/ismaelcolosi.com.br\/wp-content\/uploads\/2024\/02\/1-geral-alfredo-risk-site-scaled.jpg?resize=370%2C247&ssl=1",370,247,true]},"uagb_author_info":{"display_name":"ismaelcolosi.com.br","author_link":"https:\/\/ismaelcolosi.com.br\/index.php\/author\/vidareal-online\/"},"uagb_comment_info":0,"uagb_excerpt":"11 de fevereiro de 2024 | 13:0011 de fevereiro de 2024 | 13:55 0 O primeiro lote de inscri\u00e7\u00f5es da Meia Maratona Internacional de Ribeir\u00e3o...","jetpack-related-posts":[{"id":37862,"url":"https:\/\/ismaelcolosi.com.br\/index.php\/2024\/02\/18\/primeiro-lote-para-meia-maratona-internacional-de-ribeirao-termina-em-6-horas\/","url_meta":{"origin":36744,"position":0},"title":"Primeiro lote para Meia Maratona Internacional de Ribeir\u00e3o termina em 6 horas\u00a0","author":"ismaelcolosi.com.br","date":"18 de February de 2024","format":false,"excerpt":"18 de fevereiro de 2024 | 12:0017 de fevereiro de 2024 | 11:18 1O primeiro lote de inscri\u00e7\u00f5es da Meia Maratona Internacional de Ribeir\u00e3o Preto (MMIRP), aberto na \u00faltima sexta-feira, dia 16 de fevereiro, durou apenas 6 horas. Foi o primeiro recorde quebrado na edi\u00e7\u00e3o 2024 da prova. Um novo\u2026","rel":"","context":"In &quot;Not\u00edcias de Ribeir\u00e3o Preto-SP e Regi\u00e3o&quot;","block_context":{"text":"Not\u00edcias de Ribeir\u00e3o Preto-SP e Regi\u00e3o","link":"https:\/\/ismaelcolosi.com.br\/index.php\/category\/noticias-de-ribeirao-preto-sp-e-regiao-ismael-colosi\/"},"img":{"alt_text":"","src":"https:\/\/i0.wp.com\/ismaelcolosi.com.br\/wp-content\/uploads\/2024\/02\/1-meia-2-%40mariofortefotos-2557-scaled.jpg?fit=430%2C645&ssl=1&resize=350%2C200","width":350,"height":200},"classes":[]},{"id":39675,"url":"https:\/\/ismaelcolosi.com.br\/index.php\/2024\/02\/27\/agrishow-libera-novo-lote-de-ingressos\/","url_meta":{"origin":36744,"position":1},"title":"Agrishow\u00a0libera novo lote de ingressos","author":"ismaelcolosi.com.br","date":"27 de February de 2024","format":false,"excerpt":"27 de fevereiro de 2024 | 16:0027 de fevereiro de 2024 | 9:54 0Os organizadores da 29\u00aa edi\u00e7\u00e3o da Feira Internacional de Tecnologia Agr\u00edcola em A\u00e7\u00e3o (Agrishow 2024), que ser\u00e1 realizada entre os dias 29 de abril e 3 de maio, no Polo Regional de Desenvolvimento Tecnol\u00f3gico dos Agroneg\u00f3cios do\u2026","rel":"","context":"In &quot;Not\u00edcias de Ribeir\u00e3o Preto-SP e Regi\u00e3o&quot;","block_context":{"text":"Not\u00edcias de Ribeir\u00e3o Preto-SP e Regi\u00e3o","link":"https:\/\/ismaelcolosi.com.br\/index.php\/category\/noticias-de-ribeirao-preto-sp-e-regiao-ismael-colosi\/"},"img":{"alt_text":"","src":"https:\/\/i0.wp.com\/ismaelcolosi.com.br\/wp-content\/uploads\/2024\/02\/Agrishow-Detalhe-Alfredo-Risk-Arquivo-scaled.jpg?fit=967%2C645&ssl=1&resize=350%2C200","width":350,"height":200,"srcset":"https:\/\/i0.wp.com\/ismaelcolosi.com.br\/wp-content\/uploads\/2024\/02\/Agrishow-Detalhe-Alfredo-Risk-Arquivo-scaled.jpg?fit=967%2C645&ssl=1&resize=350%2C200 1x, https:\/\/i0.wp.com\/ismaelcolosi.com.br\/wp-content\/uploads\/2024\/02\/Agrishow-Detalhe-Alfredo-Risk-Arquivo-scaled.jpg?fit=967%2C645&ssl=1&resize=525%2C300 1.5x, https:\/\/i0.wp.com\/ismaelcolosi.com.br\/wp-content\/uploads\/2024\/02\/Agrishow-Detalhe-Alfredo-Risk-Arquivo-scaled.jpg?fit=967%2C645&ssl=1&resize=700%2C400 2x"},"classes":[]},{"id":31936,"url":"https:\/\/ismaelcolosi.com.br\/index.php\/2024\/01\/23\/agrishow-lanca-lote-promocional\/","url_meta":{"origin":36744,"position":2},"title":"Agrishow lan\u00e7a\u00a0lote promocional \u00a0 &#8211; Jornal Tribuna Ribeir\u00e3o","author":"ismaelcolosi.com.br","date":"23 de January de 2024","format":false,"excerpt":"A 29\u00aa Feira Internacional de Tecnologia Agr\u00edcola em A\u00e7\u00e3o (Agrishow 2024), que ser\u00e1 realizada entre os dias 29 de abril e 3 de maio, no Polo Regional de Desenvolvimento Tecnol\u00f3gico dos Agroneg\u00f3cios do Centro-Leste, no quil\u00f4metro 321 da Rodovia Ant\u00f4nio Duarte Nogueira (SP-322), o Anel Vi\u00e1rio Sul, em Ribeir\u00e3o Preto,\u2026","rel":"","context":"In &quot;Not\u00edcias de Ribeir\u00e3o Preto-SP e Regi\u00e3o&quot;","block_context":{"text":"Not\u00edcias de Ribeir\u00e3o Preto-SP e Regi\u00e3o","link":"https:\/\/ismaelcolosi.com.br\/index.php\/category\/noticias-de-ribeirao-preto-sp-e-regiao-ismael-colosi\/"},"img":{"alt_text":"","src":"https:\/\/i0.wp.com\/ismaelcolosi.com.br\/wp-content\/uploads\/2024\/01\/Agrishow-Alfredo-Risk-Arquivo-scaled.jpg?fit=1000%2C528&ssl=1&resize=350%2C200","width":350,"height":200,"srcset":"https:\/\/i0.wp.com\/ismaelcolosi.com.br\/wp-content\/uploads\/2024\/01\/Agrishow-Alfredo-Risk-Arquivo-scaled.jpg?fit=1000%2C528&ssl=1&resize=350%2C200 1x, https:\/\/i0.wp.com\/ismaelcolosi.com.br\/wp-content\/uploads\/2024\/01\/Agrishow-Alfredo-Risk-Arquivo-scaled.jpg?fit=1000%2C528&ssl=1&resize=525%2C300 1.5x, https:\/\/i0.wp.com\/ismaelcolosi.com.br\/wp-content\/uploads\/2024\/01\/Agrishow-Alfredo-Risk-Arquivo-scaled.jpg?fit=1000%2C528&ssl=1&resize=700%2C400 2x"},"classes":[]},{"id":64604,"url":"https:\/\/ismaelcolosi.com.br\/index.php\/2024\/09\/08\/saudades-do-carnaval-micareta-acontece-na-zona-leste-de-ribeirao\/","url_meta":{"origin":36744,"position":3},"title":"Saudades do carnaval? Micareta acontece na zona Leste de Ribeir\u00e3o","author":"ismaelcolosi.com.br","date":"8 de September de 2024","format":false,"excerpt":"Est\u00e1 com saudades do carnaval? Ribeir\u00e3o Preto recebe mais uma edi\u00e7\u00e3o do RP Folia no est\u00e1dio Palma Travassos, zona Leste do munic\u00edpio, no s\u00e1bado (14), a partir das 14h. Com Bell Marques, Tomate e Jammil confirmados, a maratona de shows da micareta deve durar nove horas. As cantoras Tati Romero\u2026","rel":"","context":"In &quot;Not\u00edcias de Ribeir\u00e3o Preto-SP e Regi\u00e3o&quot;","block_context":{"text":"Not\u00edcias de Ribeir\u00e3o Preto-SP e Regi\u00e3o","link":"https:\/\/ismaelcolosi.com.br\/index.php\/category\/noticias-de-ribeirao-preto-sp-e-regiao-ismael-colosi\/"},"img":{"alt_text":"","src":"https:\/\/i0.wp.com\/ismaelcolosi.com.br\/wp-content\/uploads\/2024\/09\/handler_2024-09-08_19-28-36_jpg_2024-09-08_19-28-36-e1725824472358.webp.webp?fit=560%2C323&ssl=1&resize=350%2C200","width":350,"height":200,"srcset":"https:\/\/i0.wp.com\/ismaelcolosi.com.br\/wp-content\/uploads\/2024\/09\/handler_2024-09-08_19-28-36_jpg_2024-09-08_19-28-36-e1725824472358.webp.webp?fit=560%2C323&ssl=1&resize=350%2C200 1x, https:\/\/i0.wp.com\/ismaelcolosi.com.br\/wp-content\/uploads\/2024\/09\/handler_2024-09-08_19-28-36_jpg_2024-09-08_19-28-36-e1725824472358.webp.webp?fit=560%2C323&ssl=1&resize=525%2C300 1.5x"},"classes":[]},{"id":39584,"url":"https:\/\/ismaelcolosi.com.br\/index.php\/2024\/02\/27\/joao-rock-abre-pre-venda-de-ingressos-2\/","url_meta":{"origin":36744,"position":4},"title":"Jo\u00e3o Rock abre pr\u00e9-venda de ingressos","author":"ismaelcolosi.com.br","date":"27 de February de 2024","format":false,"excerpt":"Come\u00e7a nesta ter\u00e7a-feira, 27 de fevereiro, a partir do meio-dia|, a pr\u00e9-venda de ingressos para um dos principais festivais de m\u00fasica do pa\u00eds, o Jo\u00e3o Rock. A 21\u00aa edi\u00e7\u00e3o do evento acontece em 8 de junho, no Parque Permanente de Exposi\u00e7\u00f5es de Ribeir\u00e3o Preto.O lote disponibilizado para a pr\u00e9-venda, que\u2026","rel":"","context":"In &quot;Not\u00edcias de Ribeir\u00e3o Preto-SP e Regi\u00e3o&quot;","block_context":{"text":"Not\u00edcias de Ribeir\u00e3o Preto-SP e Regi\u00e3o","link":"https:\/\/ismaelcolosi.com.br\/index.php\/category\/noticias-de-ribeirao-preto-sp-e-regiao-ismael-colosi\/"},"img":{"alt_text":"","src":"https:\/\/i0.wp.com\/ismaelcolosi.com.br\/wp-content\/uploads\/2024\/02\/JoaoRock-Pul-Divulgacao-scaled.jpg?fit=1000%2C634&ssl=1&resize=350%2C200","width":350,"height":200,"srcset":"https:\/\/i0.wp.com\/ismaelcolosi.com.br\/wp-content\/uploads\/2024\/02\/JoaoRock-Pul-Divulgacao-scaled.jpg?fit=1000%2C634&ssl=1&resize=350%2C200 1x, https:\/\/i0.wp.com\/ismaelcolosi.com.br\/wp-content\/uploads\/2024\/02\/JoaoRock-Pul-Divulgacao-scaled.jpg?fit=1000%2C634&ssl=1&resize=525%2C300 1.5x, https:\/\/i0.wp.com\/ismaelcolosi.com.br\/wp-content\/uploads\/2024\/02\/JoaoRock-Pul-Divulgacao-scaled.jpg?fit=1000%2C634&ssl=1&resize=700%2C400 2x"},"classes":[]},{"id":36622,"url":"https:\/\/ismaelcolosi.com.br\/index.php\/2024\/02\/10\/azul-fara-ate-24-voos-diarios-durante-agrishow\/","url_meta":{"origin":36744,"position":5},"title":"Azul far\u00e1 at\u00e9 24 voos di\u00e1rios durante Agrishow","author":"ismaelcolosi.com.br","date":"10 de February de 2024","format":false,"excerpt":"A Azul Linhas A\u00e9reas, maior companhia a\u00e9rea em n\u00famero de voos e destinos atendidos no Brasil, disponibilizar\u00e1 66 voos extras para atender o aumento na demanda de clientes que buscam participar da Feira Internacional de Tecnologia Agr\u00edcola em A\u00e7\u00e3o (Agrishow 2024), que ser\u00e1 realizada em Ribeir\u00e3o Preto, entre os dias\u2026","rel":"","context":"In &quot;Not\u00edcias de Ribeir\u00e3o Preto-SP e Regi\u00e3o&quot;","block_context":{"text":"Not\u00edcias de Ribeir\u00e3o Preto-SP e Regi\u00e3o","link":"https:\/\/ismaelcolosi.com.br\/index.php\/category\/noticias-de-ribeirao-preto-sp-e-regiao-ismael-colosi\/"},"img":{"alt_text":"","src":"https:\/\/i0.wp.com\/ismaelcolosi.com.br\/wp-content\/uploads\/2024\/02\/Agrishow-Luis-Neves-scaled.jpg?fit=967%2C645&ssl=1&resize=350%2C200","width":350,"height":200,"srcset":"https:\/\/i0.wp.com\/ismaelcolosi.com.br\/wp-content\/uploads\/2024\/02\/Agrishow-Luis-Neves-scaled.jpg?fit=967%2C645&ssl=1&resize=350%2C200 1x, https:\/\/i0.wp.com\/ismaelcolosi.com.br\/wp-content\/uploads\/2024\/02\/Agrishow-Luis-Neves-scaled.jpg?fit=967%2C645&ssl=1&resize=525%2C300 1.5x, https:\/\/i0.wp.com\/ismaelcolosi.com.br\/wp-content\/uploads\/2024\/02\/Agrishow-Luis-Neves-scaled.jpg?fit=967%2C645&ssl=1&resize=700%2C400 2x"},"classes":[]}],"jetpack_sharing_enabled":true,"jetpack_shortlink":"https:\/\/wp.me\/pfMlyK-9yE","_links":{"self":[{"href":"https:\/\/ismaelcolosi.com.br\/index.php\/wp-json\/wp\/v2\/posts\/36744","targetHints":{"allow":["GET"]}}],"collection":[{"href":"https:\/\/ismaelcolosi.com.br\/index.php\/wp-json\/wp\/v2\/posts"}],"about":[{"href":"https:\/\/ismaelcolosi.com.br\/index.php\/wp-json\/wp\/v2\/types\/post"}],"author":[{"embeddable":true,"href":"https:\/\/ismaelcolosi.com.br\/index.php\/wp-json\/wp\/v2\/users\/1"}],"replies":[{"embeddable":true,"href":"https:\/\/ismaelcolosi.com.br\/index.php\/wp-json\/wp\/v2\/comments?post=36744"}],"version-history":[{"count":0,"href":"https:\/\/ismaelcolosi.com.br\/index.php\/wp-json\/wp\/v2\/posts\/36744\/revisions"}],"wp:featuredmedia":[{"embeddable":true,"href":"https:\/\/ismaelcolosi.com.br\/index.php\/wp-json\/wp\/v2\/media\/36745"}],"wp:attachment":[{"href":"https:\/\/ismaelcolosi.com.br\/index.php\/wp-json\/wp\/v2\/media?parent=36744"}],"wp:term":[{"taxonomy":"category","embeddable":true,"href":"https:\/\/ismaelcolosi.com.br\/index.php\/wp-json\/wp\/v2\/categories?post=36744"},{"taxonomy":"post_tag","embeddable":true,"href":"https:\/\/ismaelcolosi.com.br\/index.php\/wp-json\/wp\/v2\/tags?post=36744"}],"curies":[{"name":"wp","href":"https:\/\/api.w.org\/{rel}","templated":true}]}}