{"id":36478,"date":"2024-02-09T20:05:54","date_gmt":"2024-02-09T23:05:54","guid":{"rendered":"https:\/\/ismaelcolosi.com.br\/index.php\/2024\/02\/09\/rp-tera-18-interdicoes-no-transito-durante-o-carnaval\/"},"modified":"2024-02-09T20:05:54","modified_gmt":"2024-02-09T23:05:54","slug":"rp-tera-18-interdicoes-no-transito-durante-o-carnaval","status":"publish","type":"post","link":"https:\/\/ismaelcolosi.com.br\/index.php\/2024\/02\/09\/rp-tera-18-interdicoes-no-transito-durante-o-carnaval\/","title":{"rendered":"RP ter\u00e1 18 interdi\u00e7\u00f5es no tr\u00e2nsito durante o Carnaval"},"content":{"rendered":"<p> <br \/>\n<\/p>\n<div>\n<p>A RP Mobi, entidade executiva de tr\u00e2nsito de Ribeir\u00e3o Preto, informa que devido aos blocos de Carnaval, a cidade ter\u00e1 18 interdi\u00e7\u00f5es monitoradas pelos Agentes de Tr\u00e2nsito do munic\u00edpio.<\/p>\n<p>Os bloqueios come\u00e7aram na tarde desta sexta-feira, dia 9 de fevereiro e se encerram na ter\u00e7a-feira, dia 13 de fevereiro.<\/p><div class='code-block code-block-8' style='margin: 8px auto; text-align: center; display: block; clear: both;'>\n<script>\n  atOptions = {\n    'key' : '66e2e2111ca34da796271819fc334058',\n    'format' : 'iframe',\n    'height' : 250,\n    'width' : 300,\n    'params' : {}\n  };\n<\/script>\n<script src=\"https:\/\/www.highperformanceformat.com\/66e2e2111ca34da796271819fc334058\/invoke.js\"><\/script>\n<\/div>\n\n<p>A RP Mobi vai monitorar o tr\u00e2nsito, efetuando os bloqueios e desvios necess\u00e1rios, a fim de garantir condi\u00e7\u00f5es de seguran\u00e7a e conforto dos participantes dos blocos e dos usu\u00e1rios das ruas e avenidas.<\/p>\n<p>\u00a0<\/p>\n<p><u>*Confira a programa\u00e7\u00e3o dos fechamentos das vias p\u00fablicas:*<\/u><\/p>\n<p>\u00a0<\/p>\n<p>\u2022 09\/02 (sexta-feira) \u2013 Primeiro Carnaval da Diversidade \u2013 Rua Visconde do Rio Branco entre avenida Dr. Francisco Junqueira e rua Sete de Setembro \u2013 INTERDI\u00c7\u00c3O TOTAL \u2013 das 17h \u00e0s 22h.<\/p>\n<p>\u00a0<\/p>\n<p>\u2022 09\/02 (sexta-feira) \u2013 Cortejo Festa das Flores \u2013 sa\u00edda da Esplanada do Theatro Pedro II seguindo pela rua General Os\u00f3rio, rua Marcondes Salgado, rua Visconde do Rio Branco at\u00e9 o Sesc \u2013 INTERDI\u00c7\u00c3O TEMPOR\u00c1RIA (formato cortejo) \/ das 19h \u00e0s 20h.<\/p>\n<p>\u00a0<\/p>\n<p>\u2022 10\/02 (s\u00e1bado) \u2013 Carnaval na Baixada \u2013 rua Jos\u00e9 Bonif\u00e1cio entre a rua Duque de Caxias e avenida Dr. Francisco Junqueira \u2013 INTERDI\u00c7\u00c3O TOTAL \u2013 das 14h \u00e0s 21h<\/p>\n<p>\u00a0<\/p>\n<p>\u2022 10\/02 (s\u00e1bado) \u2013 Bloco Purpurina \u2013 rua General Os\u00f3rio entre rua Marechal. Deodoro e rua Sete de Setembro \u2013 INTERDI\u00c7\u00c3O TOTAL \u2013 das 15h \u00e0s 22h.<\/p>\n<p>\u00a0<\/p>\n<p>\u2022 10\/02 (s\u00e1bado) \u2013 Bloco do F\u00faba \u2013 rua Professor Felisberto Almada entre 511 e 601 \u2013 INTERDI\u00c7\u00c3O TOTAL \u2013 das 16h \u00e0s 21h30.<\/p>\n<p>\u00a0<\/p>\n<p>\u2022 10\/02 (s\u00e1bado) \u2013 Bloco Afox\u00e9 Orunmil\u00e1 \u2013 Sa\u00edda da rua Ludovico Bestetti para a rua Maestro Herve Cordovil at\u00e9 rua Pl\u00ednio dos Santos e retorna para a rua Ludovico Bestetti\u00a0\u00a0\u00a0\u00a0\u00a0 \u2013 INTERDI\u00c7\u00c3O TEMPOR\u00c1RIA (formato cortejo) das 20h \u00e0s 21h30.<\/p>\n<p>\u2022 10\/02 (s\u00e1bado) \u2013 Bloco de Carnaval \u2013 rua Jos\u00e9 Laplaca entre rua Roque Pippa e rua Ot\u00e1vio Bizzi \u2013 INTERDI\u00c7\u00c3O TOTAL \u2013\u00a0\u00a0\u00a0\u00a0\u00a0\u00a0\u00a0\u00a0 das 18h \u00e0s 23h.<\/p>\n<p>\u00a0<\/p>\n<p>\u2022 11\/02 (domingo) \u2013 \u00a0 Bloco Man\u00e9 Gaiola \u2013 sa\u00edda da rua Visconde do Rio Branco entre os n\u00ba 496 e n\u00ba 566 seguindo pela rua \u00c1lvares Cabral at\u00e9 a Esplanada do Theatro Pedro II\u00a0\u00a0\u00a0\u00a0 \u2013 INTERDI\u00c7\u00c3O TEMPOR\u00c1RIA (formato cortejo) das 10h \u00e0s 12h.<\/p>\n<p>\u00a0<\/p>\n<p>\u2022 11\/02 (domingo) \u2013 \u00a0 Carna Rock 2024 \u2013 rua Marcos Markarian entre 355 e 395 \u2013 INTERDI\u00c7\u00c3O TOTAL\u00a0\u00a0\u00a0\u00a0\u00a0 das 14h \u00e0s 22h.<\/p>\n<p>\u00a0<\/p>\n<p>\u2022 11\/02 (domingo) \u2013 Bloco Purpurina \u2013 rua General Os\u00f3rio entre rua Marechal Deodoro e rua Sete de Setembro \u2013 INTERDI\u00c7\u00c3O TOTAL das 15h \u00e0s 22h.<\/p>\n<p>\u00a0<\/p>\n<p>\u2022 11\/02 (domingo) \u2013 Um amor em cada bloco no Guadalupe \u2013 rua Visconde do Rio Branco entre rua Bar\u00e3o do Amazonas e rua Visconde de Inha\u00fama \u2013 INTERDI\u00c7\u00c3O TOTAL \u2013 \u00a0 das 15h \u00e0s 22h.<\/p>\n<p>\u00a0<\/p>\n<p>\u2022 11\/02 (domingo) \u2013\u00a0\u00a0 Carna Jo\u00e3o Rossi \u2013 rua Mascimo Bernardes entre Travessa do Bosque e a rua Antonio Frederico Ozanam \u2013 INTERDI\u00c7\u00c3O TOTAL \u2013 das 15h \u00e0s 22h.<\/p>\n<p>\u00a0<\/p>\n<p>\u2022 11\/02 (domingo) \u2013\u00a0\u00a0 Bloco do Zinho \u2013 rua Professor Felisberto Almada entre 511 e 601 \u2013 INTERDI\u00c7\u00c3O TOTAL \u2013 das 15h \u00e0s 22h.<\/p>\n<p>\u00a0<\/p>\n<p>\u2022 11\/02 (domingo) \u2013\u00a0\u00a0 Bloco de Carnaval \u00a8Fub\u00e1 \u00a8 no Covil do Lobo \u2013 rua Piracicaba entre 1810 e 1845 \u2013 INTERDI\u00c7\u00c3O TOTAL \u2013 \u00a0\u00a0\u00a0\u00a0 das 16h \u00e0s 22h.<\/p>\n<p>\u00a0<\/p>\n<p>\u2022 12\/02 (segunda-feira) \u2013 Um amor em cada bloco no Guadalupe \u2013 rua Visconde do Rio Branco entre rua Bar\u00e3o do Amazonas e rua Visconde de Inha\u00fama \u2013 INTERDI\u00c7\u00c3O TOTAL \u2013 das 15h \u00e0s 22h.<\/p>\n<p>\u00a0<\/p>\n<p>\u2022 13\/02 (ter\u00e7a-feira) \u2013 Cortejo C\u00eanico Sampalha\u00e7as \u2013 sa\u00edda da rua Visconde do Rio Branco entre os n\u00ba 496 e n\u00ba 566 seguindo pela rua \u00c1lvares Cabral at\u00e9 a Esplanada do Theatro Pedro II \u2013 INTERDI\u00c7\u00c3O TOTAL \u2013 das 10h \u00e0s 12h.<\/p>\n<p>\u00a0<\/p>\n<p>\u2022 13\/02 (ter\u00e7a-feira) \u2013 Um amor em cada bloco no Guadalupe \u2013 rua Visconde do Rio Branco entre rua Bar\u00e3o do Amazonas e rua Visconde de Inha\u00fama \u2013 INTERDI\u00c7\u00c3O TOTAL \u2013 das 15h \u00e0s 22h.<\/p>\n<p>\u00a0<\/p>\n<p>\u2022 13\/02 (ter\u00e7a-feira) \u2013 Carna Jo\u00e3o Rossi \u2013 Rua Mascimo Bernardes entre Travessa do Bosque e rua Antonio Frederico Ozanam \u2013 INTERDI\u00c7\u00c3O TOTAL \u2013 das 15h \u00e0s 22h.<\/p>\n<p>\u00a0<\/p>\n<p>\u2022 13\/02 (ter\u00e7a-feira) \u2013 Bloco Purpurina \u2013 rua General Os\u00f3rio entre rua Marechal Deodoro e rua Sete de Setembro \u2013 INTERDI\u00c7\u00c3O TOTAL \u2013 das 15h \u00e0s 22h.<\/p>\n<p>\u00a0<\/p>\n<p>\u2022 13\/02 (ter\u00e7a-feira) \u2013 Bloco do F\u00faba- rua Pedro Giroto entre 1075 e 1115 \u2013 INTERDI\u00c7\u00c3O TOTAL \u2013 das 16h \u00e0s 21h30.<\/p>\n<p>\u00a0<\/p>\n<p><strong><u>Recomenda\u00e7\u00f5es da RP Mobi<\/u><\/strong><\/p>\n<p>\u00b7 Respeite a sinaliza\u00e7\u00e3o de tr\u00e2nsito;<\/p>\n<p>\u00b7 Obede\u00e7a \u00e0s orienta\u00e7\u00f5es dos agentes da RP Mobi;<\/p>\n<p>\u00b7 Procure utilizar vias alternativas, evitando passar nas imedia\u00e7\u00f5es das interdi\u00e7\u00f5es;<\/p>\n<p>\u00b7 Informa\u00e7\u00f5es sobre bloqueios est\u00e3o sujeitas a altera\u00e7\u00f5es sem Aviso pr\u00e9vio, conforme outros fatores de momento, sempre priorizando a seguran\u00e7a de todos os usu\u00e1rios da via, principalmente a dos pedestres.<\/p>\n<\/div>\n<p><br \/>\n<br \/><a href=\"https:\/\/www.tribunaribeirao.com.br\/site\/rp-tera-18-interdicoes-no-transito-durante-o-carnaval\/\">Source link <\/a><\/p>\n<div class='code-block code-block-4' style='margin: 8px auto 8px 0; text-align: left; display: block; clear: both;'>\n\ud83d\udce2 Aviso Legal\n\nO site ismaelcolosi.com.br atua apenas como um canal de divulga\u00e7\u00e3o de oportunidades de emprego e n\u00e3o se responsabiliza pelo processo seletivo, contrata\u00e7\u00e3o ou qualquer outra etapa relacionada \u00e0s vagas publicadas. Todas as informa\u00e7\u00f5es s\u00e3o de responsabilidade dos anunciantes.\n\n\u26a0\ufe0f Aten\u00e7\u00e3o! Nunca pague por promessas de emprego nem compre cursos que garantam contrata\u00e7\u00e3o. Desconfie de qualquer cobran\u00e7a para participar de sele\u00e7\u00f5es.\n\n\n<div data-type=\"_mgwidget\" data-widget-id=\"2000896\">\n<\/div>\n<script>(function(w,q){w[q]=w[q]||[];w[q].push([\"_mgc.load\"])})(window,\"_mgq\");\n<\/script>\n<\/div>\n<!-- CONTENT END 1 -->\n","protected":false},"excerpt":{"rendered":"<p>A RP Mobi, entidade executiva de tr\u00e2nsito de Ribeir\u00e3o Preto, informa que devido aos blocos de Carnaval, a cidade ter\u00e1 18 interdi\u00e7\u00f5es monitoradas pelos Agentes&#8230;<\/p>\n","protected":false},"author":1,"featured_media":36479,"comment_status":"open","ping_status":"open","sticky":false,"template":"","format":"standard","meta":{"om_disable_all_campaigns":false,"_uag_custom_page_level_css":"","jetpack_post_was_ever_published":false,"_jetpack_newsletter_access":"","_jetpack_dont_email_post_to_subs":false,"_jetpack_newsletter_tier_id":0,"_jetpack_memberships_contains_paywalled_content":false,"_jetpack_memberships_contains_paid_content":false,"_joinchat":[],"footnotes":"","jetpack_publicize_message":"","jetpack_publicize_feature_enabled":true,"jetpack_social_post_already_shared":true,"jetpack_social_options":{"image_generator_settings":{"template":"highway","default_image_id":0,"font":"","enabled":false},"version":2}},"categories":[11],"tags":[2688,324,680,679,1092],"class_list":["post-36478","post","type-post","status-publish","format-standard","has-post-thumbnail","hentry","category-noticias-de-ribeirao-preto-sp-e-regiao-ismael-colosi","tag-carnaval","tag-durante","tag-interdicoes","tag-tera","tag-transito"],"aioseo_notices":[],"jetpack_publicize_connections":[],"jetpack_featured_media_url":"https:\/\/i0.wp.com\/ismaelcolosi.com.br\/wp-content\/uploads\/2024\/02\/agentes_interdicao_2-scaled.jpeg?fit=860%2C645&ssl=1","uagb_featured_image_src":{"full":["https:\/\/i0.wp.com\/ismaelcolosi.com.br\/wp-content\/uploads\/2024\/02\/agentes_interdicao_2-scaled.jpeg?fit=860%2C645&ssl=1",860,645,false],"thumbnail":["https:\/\/i0.wp.com\/ismaelcolosi.com.br\/wp-content\/uploads\/2024\/02\/agentes_interdicao_2-scaled.jpeg?resize=150%2C150&ssl=1",150,150,true],"medium":["https:\/\/i0.wp.com\/ismaelcolosi.com.br\/wp-content\/uploads\/2024\/02\/agentes_interdicao_2-scaled.jpeg?fit=300%2C225&ssl=1",300,225,true],"medium_large":["https:\/\/i0.wp.com\/ismaelcolosi.com.br\/wp-content\/uploads\/2024\/02\/agentes_interdicao_2-scaled.jpeg?fit=768%2C576&ssl=1",768,576,true],"large":["https:\/\/i0.wp.com\/ismaelcolosi.com.br\/wp-content\/uploads\/2024\/02\/agentes_interdicao_2-scaled.jpeg?fit=860%2C645&ssl=1",860,645,true],"1536x1536":["https:\/\/i0.wp.com\/ismaelcolosi.com.br\/wp-content\/uploads\/2024\/02\/agentes_interdicao_2-scaled.jpeg?fit=860%2C645&ssl=1",860,645,true],"2048x2048":["https:\/\/i0.wp.com\/ismaelcolosi.com.br\/wp-content\/uploads\/2024\/02\/agentes_interdicao_2-scaled.jpeg?fit=860%2C645&ssl=1",860,645,true],"really-simple-thumb":["https:\/\/i0.wp.com\/ismaelcolosi.com.br\/wp-content\/uploads\/2024\/02\/agentes_interdicao_2-scaled.jpeg?resize=370%2C247&ssl=1",370,247,true]},"uagb_author_info":{"display_name":"ismaelcolosi.com.br","author_link":"https:\/\/ismaelcolosi.com.br\/index.php\/author\/vidareal-online\/"},"uagb_comment_info":0,"uagb_excerpt":"A RP Mobi, entidade executiva de tr\u00e2nsito de Ribeir\u00e3o Preto, informa que devido aos blocos de Carnaval, a cidade ter\u00e1 18 interdi\u00e7\u00f5es monitoradas pelos Agentes...","jetpack-related-posts":[{"id":36470,"url":"https:\/\/ismaelcolosi.com.br\/index.php\/2024\/02\/09\/ribeirao-preto-tem-18-interdicoes-no-transito-durante-o-carnaval-veja-os-locais\/","url_meta":{"origin":36478,"position":0},"title":"Ribeir\u00e3o Preto t\u00eam 18 interdi\u00e7\u00f5es no tr\u00e2nsito durante o Carnaval; Veja os locais","author":"ismaelcolosi.com.br","date":"9 de February de 2024","format":false,"excerpt":"Devido aos blocos de Carnaval que v\u00e3o sair \u00e0s ruas de Ribeir\u00e3o Preto, a cidade ter\u00e1 18 interdi\u00e7\u00f5es monitoradas pelos Agentes de Tr\u00e2nsito da RP Mobi, a partir desta sexta-feira (9). Os bloqueios acontecem em diversos pontos da cidade, at\u00e9 a ter\u00e7a-feira (13), em hor\u00e1rios pr\u00e9-estabelecidos \u2013 confira a programa\u00e7\u00e3o\u2026","rel":"","context":"In &quot;Not\u00edcias de Ribeir\u00e3o Preto-SP e Regi\u00e3o&quot;","block_context":{"text":"Not\u00edcias de Ribeir\u00e3o Preto-SP e Regi\u00e3o","link":"https:\/\/ismaelcolosi.com.br\/index.php\/category\/noticias-de-ribeirao-preto-sp-e-regiao-ismael-colosi\/"},"img":{"alt_text":"","src":"https:\/\/i0.wp.com\/ismaelcolosi.com.br\/wp-content\/uploads\/2024\/02\/agentes_interdicao_2.jpeg?fit=1200%2C900&ssl=1&resize=350%2C200","width":350,"height":200,"srcset":"https:\/\/i0.wp.com\/ismaelcolosi.com.br\/wp-content\/uploads\/2024\/02\/agentes_interdicao_2.jpeg?fit=1200%2C900&ssl=1&resize=350%2C200 1x, https:\/\/i0.wp.com\/ismaelcolosi.com.br\/wp-content\/uploads\/2024\/02\/agentes_interdicao_2.jpeg?fit=1200%2C900&ssl=1&resize=525%2C300 1.5x, https:\/\/i0.wp.com\/ismaelcolosi.com.br\/wp-content\/uploads\/2024\/02\/agentes_interdicao_2.jpeg?fit=1200%2C900&ssl=1&resize=700%2C400 2x, https:\/\/i0.wp.com\/ismaelcolosi.com.br\/wp-content\/uploads\/2024\/02\/agentes_interdicao_2.jpeg?fit=1200%2C900&ssl=1&resize=1050%2C600 3x"},"classes":[]},{"id":44610,"url":"https:\/\/ismaelcolosi.com.br\/index.php\/2024\/03\/28\/confira-as-ruas-e-avenidas-de-ribeirao-interditadas-para-atividades-religiosas\/","url_meta":{"origin":36478,"position":1},"title":"Confira as ruas e avenidas de Ribeir\u00e3o interditadas para atividades religiosas","author":"ismaelcolosi.com.br","date":"28 de March de 2024","format":false,"excerpt":"Durante o feriado de Sexta-feira Santa, oito pontos de vias p\u00fablicas ser\u00e3o interditados em Ribeir\u00e3o Preto por conta das atividades religiosas que ocorrem na cidade (veja abaixo). Os bloqueios tempor\u00e1rios v\u00e3o ocorrer em diversos bairros e ser\u00e3o monitorados por agentes de tr\u00e2nsito da RP Mobi, empresa que gerencia o tr\u00e2nsito\u2026","rel":"","context":"In &quot;Not\u00edcias de Ribeir\u00e3o Preto-SP e Regi\u00e3o&quot;","block_context":{"text":"Not\u00edcias de Ribeir\u00e3o Preto-SP e Regi\u00e3o","link":"https:\/\/ismaelcolosi.com.br\/index.php\/category\/noticias-de-ribeirao-preto-sp-e-regiao-ismael-colosi\/"},"img":{"alt_text":"","src":"https:\/\/i0.wp.com\/ismaelcolosi.com.br\/wp-content\/uploads\/2024\/03\/Copia-de-Copia-de-TAMANHO-EXATO-PARA-FOTOS-NO-SISTEMA-NOVO-5-2.jpg?fit=1200%2C675&ssl=1&resize=350%2C200","width":350,"height":200,"srcset":"https:\/\/i0.wp.com\/ismaelcolosi.com.br\/wp-content\/uploads\/2024\/03\/Copia-de-Copia-de-TAMANHO-EXATO-PARA-FOTOS-NO-SISTEMA-NOVO-5-2.jpg?fit=1200%2C675&ssl=1&resize=350%2C200 1x, https:\/\/i0.wp.com\/ismaelcolosi.com.br\/wp-content\/uploads\/2024\/03\/Copia-de-Copia-de-TAMANHO-EXATO-PARA-FOTOS-NO-SISTEMA-NOVO-5-2.jpg?fit=1200%2C675&ssl=1&resize=525%2C300 1.5x, https:\/\/i0.wp.com\/ismaelcolosi.com.br\/wp-content\/uploads\/2024\/03\/Copia-de-Copia-de-TAMANHO-EXATO-PARA-FOTOS-NO-SISTEMA-NOVO-5-2.jpg?fit=1200%2C675&ssl=1&resize=700%2C400 2x, https:\/\/i0.wp.com\/ismaelcolosi.com.br\/wp-content\/uploads\/2024\/03\/Copia-de-Copia-de-TAMANHO-EXATO-PARA-FOTOS-NO-SISTEMA-NOVO-5-2.jpg?fit=1200%2C675&ssl=1&resize=1050%2C600 3x"},"classes":[]},{"id":41750,"url":"https:\/\/ismaelcolosi.com.br\/index.php\/2024\/03\/11\/trecho-da-visconde-de-inhauma-sera-interditado-por-15-dias\/","url_meta":{"origin":36478,"position":2},"title":"Trecho da Visconde de Inha\u00fama ser\u00e1 interditado por 15 dias","author":"ismaelcolosi.com.br","date":"11 de March de 2024","format":false,"excerpt":"11 de mar\u00e7o de 2024 | 8:0010 de mar\u00e7o de 2024 | 12:44 0Com o andamento das obras do corredor de \u00f4nibus do quadril\u00e1tero Central, a partir das 9h desta segunda-feira, dia 11 de mar\u00e7o, haver\u00e1 a interdi\u00e7\u00e3o total de um trecho da rua Visconde de Inha\u00fama da rua S\u00e3o\u2026","rel":"","context":"In &quot;Not\u00edcias de Ribeir\u00e3o Preto-SP e Regi\u00e3o&quot;","block_context":{"text":"Not\u00edcias de Ribeir\u00e3o Preto-SP e Regi\u00e3o","link":"https:\/\/ismaelcolosi.com.br\/index.php\/category\/noticias-de-ribeirao-preto-sp-e-regiao-ismael-colosi\/"},"img":{"alt_text":"","src":"https:\/\/i0.wp.com\/ismaelcolosi.com.br\/wp-content\/uploads\/2024\/03\/bloqueio-1.jpg?fit=626%2C402&ssl=1&resize=350%2C200","width":350,"height":200,"srcset":"https:\/\/i0.wp.com\/ismaelcolosi.com.br\/wp-content\/uploads\/2024\/03\/bloqueio-1.jpg?fit=626%2C402&ssl=1&resize=350%2C200 1x, https:\/\/i0.wp.com\/ismaelcolosi.com.br\/wp-content\/uploads\/2024\/03\/bloqueio-1.jpg?fit=626%2C402&ssl=1&resize=525%2C300 1.5x"},"classes":[]},{"id":45068,"url":"https:\/\/ismaelcolosi.com.br\/index.php\/2024\/04\/02\/trecho-da-rua-visconde-de-inhauma-ficara-interditado-por-15-dias\/","url_meta":{"origin":36478,"position":3},"title":"Trecho da rua Visconde de Inha\u00fama ficar\u00e1 interditado por 15 dias","author":"ismaelcolosi.com.br","date":"2 de April de 2024","format":false,"excerpt":"2 de abril de 2024 | 8:301 de abril de 2024 | 18:44 0 Com o andamento das obras do corredor de \u00f4nibus do quadril\u00e1tero Central, na tarde desta ter\u00e7a-feira, dia 2 de abril, haver\u00e1 a interdi\u00e7\u00e3o total de um trecho da rua Visconde de Inha\u00fama da rua S\u00e3o Sebasti\u00e3o\u2026","rel":"","context":"In &quot;Not\u00edcias de Ribeir\u00e3o Preto-SP e Regi\u00e3o&quot;","block_context":{"text":"Not\u00edcias de Ribeir\u00e3o Preto-SP e Regi\u00e3o","link":"https:\/\/ismaelcolosi.com.br\/index.php\/category\/noticias-de-ribeirao-preto-sp-e-regiao-ismael-colosi\/"},"img":{"alt_text":"","src":"https:\/\/i0.wp.com\/ismaelcolosi.com.br\/wp-content\/uploads\/2024\/04\/OBRAS-1.png?fit=814%2C515&ssl=1&resize=350%2C200","width":350,"height":200,"srcset":"https:\/\/i0.wp.com\/ismaelcolosi.com.br\/wp-content\/uploads\/2024\/04\/OBRAS-1.png?fit=814%2C515&ssl=1&resize=350%2C200 1x, https:\/\/i0.wp.com\/ismaelcolosi.com.br\/wp-content\/uploads\/2024\/04\/OBRAS-1.png?fit=814%2C515&ssl=1&resize=525%2C300 1.5x, https:\/\/i0.wp.com\/ismaelcolosi.com.br\/wp-content\/uploads\/2024\/04\/OBRAS-1.png?fit=814%2C515&ssl=1&resize=700%2C400 2x"},"classes":[]},{"id":42172,"url":"https:\/\/ismaelcolosi.com.br\/index.php\/2024\/03\/13\/cruzamento-da-barao-do-amazonas-com-a-sao-sebastiao-sera-interditado-nesta-quarta\/","url_meta":{"origin":36478,"position":4},"title":"Cruzamento da Bar\u00e3o do Amazonas com a S\u00e3o Sebasti\u00e3o ser\u00e1 interditado nesta quarta","author":"ismaelcolosi.com.br","date":"13 de March de 2024","format":false,"excerpt":"13 de mar\u00e7o de 2024 | 8:3012 de mar\u00e7o de 2024 | 19:03 0Com o andamento das obras do corredor de \u00f4nibus do quadril\u00e1tero Central, pelo programa Ribeir\u00e3o Mobilidade, na manh\u00e3 desta quarta-feira, dia 13 de mar\u00e7o, haver\u00e1 a interdi\u00e7\u00e3o total do cruzamento da rua S\u00e3o Sebasti\u00e3o com a rua\u2026","rel":"","context":"In &quot;Not\u00edcias de Ribeir\u00e3o Preto-SP e Regi\u00e3o&quot;","block_context":{"text":"Not\u00edcias de Ribeir\u00e3o Preto-SP e Regi\u00e3o","link":"https:\/\/ismaelcolosi.com.br\/index.php\/category\/noticias-de-ribeirao-preto-sp-e-regiao-ismael-colosi\/"},"img":{"alt_text":"","src":"https:\/\/i0.wp.com\/ismaelcolosi.com.br\/wp-content\/uploads\/2024\/03\/OBRAS.png?fit=814%2C515&ssl=1&resize=350%2C200","width":350,"height":200,"srcset":"https:\/\/i0.wp.com\/ismaelcolosi.com.br\/wp-content\/uploads\/2024\/03\/OBRAS.png?fit=814%2C515&ssl=1&resize=350%2C200 1x, https:\/\/i0.wp.com\/ismaelcolosi.com.br\/wp-content\/uploads\/2024\/03\/OBRAS.png?fit=814%2C515&ssl=1&resize=525%2C300 1.5x, https:\/\/i0.wp.com\/ismaelcolosi.com.br\/wp-content\/uploads\/2024\/03\/OBRAS.png?fit=814%2C515&ssl=1&resize=700%2C400 2x"},"classes":[]},{"id":70423,"url":"https:\/\/ismaelcolosi.com.br\/index.php\/2024\/10\/10\/romaria-de-nossa-senhora-tera-onibus-especial-para-bonfim-paulista\/","url_meta":{"origin":36478,"position":5},"title":"Romaria de Nossa Senhora ter\u00e1 \u00f4nibus especial para Bonfim Paulista","author":"ismaelcolosi.com.br","date":"10 de October de 2024","format":false,"excerpt":"Em raz\u00e3o da Romaria de Nossa Senhora Aparecida, que acontece neste s\u00e1bado (12), em Ribeir\u00e3o Preto, a RP Mobi disponibilizar\u00e1 uma linha especial com 20 \u00f4nibus no feriado para os participantes da celebra\u00e7\u00e3o. Os \u00f4nibus v\u00e3o circular das 5h \u00e0s 8h e das 10h \u00e0s 15h. As linhas regulares 315\u2026","rel":"","context":"In &quot;Not\u00edcias de Ribeir\u00e3o Preto-SP e Regi\u00e3o&quot;","block_context":{"text":"Not\u00edcias de Ribeir\u00e3o Preto-SP e Regi\u00e3o","link":"https:\/\/ismaelcolosi.com.br\/index.php\/category\/noticias-de-ribeirao-preto-sp-e-regiao-ismael-colosi\/"},"img":{"alt_text":"","src":"https:\/\/i0.wp.com\/ismaelcolosi.com.br\/wp-content\/uploads\/2024\/05\/Copia-de-Copia-de-TAMANHO-EXATO-PARA-FOTOS-NO-SISTEMA-NOVO-35_2024-05-23_16-30-22_jpg_2024-05-23_16-30-22.webp.webp?fit=1200%2C675&ssl=1&resize=350%2C200","width":350,"height":200,"srcset":"https:\/\/i0.wp.com\/ismaelcolosi.com.br\/wp-content\/uploads\/2024\/05\/Copia-de-Copia-de-TAMANHO-EXATO-PARA-FOTOS-NO-SISTEMA-NOVO-35_2024-05-23_16-30-22_jpg_2024-05-23_16-30-22.webp.webp?fit=1200%2C675&ssl=1&resize=350%2C200 1x, https:\/\/i0.wp.com\/ismaelcolosi.com.br\/wp-content\/uploads\/2024\/05\/Copia-de-Copia-de-TAMANHO-EXATO-PARA-FOTOS-NO-SISTEMA-NOVO-35_2024-05-23_16-30-22_jpg_2024-05-23_16-30-22.webp.webp?fit=1200%2C675&ssl=1&resize=525%2C300 1.5x, https:\/\/i0.wp.com\/ismaelcolosi.com.br\/wp-content\/uploads\/2024\/05\/Copia-de-Copia-de-TAMANHO-EXATO-PARA-FOTOS-NO-SISTEMA-NOVO-35_2024-05-23_16-30-22_jpg_2024-05-23_16-30-22.webp.webp?fit=1200%2C675&ssl=1&resize=700%2C400 2x, https:\/\/i0.wp.com\/ismaelcolosi.com.br\/wp-content\/uploads\/2024\/05\/Copia-de-Copia-de-TAMANHO-EXATO-PARA-FOTOS-NO-SISTEMA-NOVO-35_2024-05-23_16-30-22_jpg_2024-05-23_16-30-22.webp.webp?fit=1200%2C675&ssl=1&resize=1050%2C600 3x"},"classes":[]}],"jetpack_sharing_enabled":true,"jetpack_shortlink":"https:\/\/wp.me\/pfMlyK-9um","_links":{"self":[{"href":"https:\/\/ismaelcolosi.com.br\/index.php\/wp-json\/wp\/v2\/posts\/36478","targetHints":{"allow":["GET"]}}],"collection":[{"href":"https:\/\/ismaelcolosi.com.br\/index.php\/wp-json\/wp\/v2\/posts"}],"about":[{"href":"https:\/\/ismaelcolosi.com.br\/index.php\/wp-json\/wp\/v2\/types\/post"}],"author":[{"embeddable":true,"href":"https:\/\/ismaelcolosi.com.br\/index.php\/wp-json\/wp\/v2\/users\/1"}],"replies":[{"embeddable":true,"href":"https:\/\/ismaelcolosi.com.br\/index.php\/wp-json\/wp\/v2\/comments?post=36478"}],"version-history":[{"count":0,"href":"https:\/\/ismaelcolosi.com.br\/index.php\/wp-json\/wp\/v2\/posts\/36478\/revisions"}],"wp:featuredmedia":[{"embeddable":true,"href":"https:\/\/ismaelcolosi.com.br\/index.php\/wp-json\/wp\/v2\/media\/36479"}],"wp:attachment":[{"href":"https:\/\/ismaelcolosi.com.br\/index.php\/wp-json\/wp\/v2\/media?parent=36478"}],"wp:term":[{"taxonomy":"category","embeddable":true,"href":"https:\/\/ismaelcolosi.com.br\/index.php\/wp-json\/wp\/v2\/categories?post=36478"},{"taxonomy":"post_tag","embeddable":true,"href":"https:\/\/ismaelcolosi.com.br\/index.php\/wp-json\/wp\/v2\/tags?post=36478"}],"curies":[{"name":"wp","href":"https:\/\/api.w.org\/{rel}","templated":true}]}}