{"id":36136,"date":"2024-02-08T14:29:17","date_gmt":"2024-02-08T17:29:17","guid":{"rendered":"https:\/\/ismaelcolosi.com.br\/index.php\/2024\/02\/08\/promotora-confirma-shows-de-jorge-e-mateus-os-menotti-e-roupa-nova-em-ribeirao\/"},"modified":"2024-02-08T14:29:17","modified_gmt":"2024-02-08T17:29:17","slug":"promotora-confirma-shows-de-jorge-e-mateus-os-menotti-e-roupa-nova-em-ribeirao","status":"publish","type":"post","link":"https:\/\/ismaelcolosi.com.br\/index.php\/2024\/02\/08\/promotora-confirma-shows-de-jorge-e-mateus-os-menotti-e-roupa-nova-em-ribeirao\/","title":{"rendered":"Promotora confirma shows de Jorge e Mateus, Os Menotti e Roupa Nova em Ribeir\u00e3o"},"content":{"rendered":"<p> <br \/>\n<\/p>\n<div data-td-block-uid=\"tdi_102\">\n<div class=\"tdb-block-inner td-fix-index\">\n<p>A promotora de eventos Viraz\u00f3m confirmou os shows de <strong>Roupa Nova<\/strong>, <strong>Jorge e Mateus<\/strong> e <strong>Os Menotti<\/strong> em novo local em <strong>Ribeir\u00e3o Preto<\/strong>. As apresenta\u00e7\u00f5es est\u00e3o previstas para serem realizadas no <strong>Taiwan Centro de Eventos <\/strong>em datas que ainda ser\u00e3o divulgadas pela organiza\u00e7\u00e3o.<\/p>\n<p>Esses s\u00e3o alguns dos 600 eventos confirmados pela promotora no Taiwan em 2024, que deve <mark style=\"background-color:#fcb900\" class=\"has-inline-color has-black-color\">receber investimentos de R$ 15 milh\u00f5es para moderniza\u00e7\u00e3o<\/mark> do sistema de ar-condicionado, ac\u00fastica e constru\u00e7\u00e3o de ambientes tem\u00e1ticos, entre outros.<\/p><div class='code-block code-block-8' style='margin: 8px auto; text-align: center; display: block; clear: both;'>\n<script>\n  atOptions = {\n    'key' : '66e2e2111ca34da796271819fc334058',\n    'format' : 'iframe',\n    'height' : 250,\n    'width' : 300,\n    'params' : {}\n  };\n<\/script>\n<script src=\"https:\/\/www.highperformanceformat.com\/66e2e2111ca34da796271819fc334058\/invoke.js\"><\/script>\n<\/div>\n\n<p>\u201cHoje com formatos para at\u00e9 oito mil pessoas, sa\u00edmos de um cen\u00e1rio de eventos de pequeno porte para eventos de m\u00e9dio e grande porte. Sabemos que estamos no melhor caminho\u201d, comenta o s\u00f3cio-diretor da promotora, Rog\u00e9rio Mari.<\/p>\n<p>Segundo a promotora, os eventos contar\u00e3o com mesas, camarotes, pistas, bares e gastronomia, como j\u00e1 ocorre com os eventos sociais.<\/p>\n<p>SAIBA MAIS<br \/>Veja a programa\u00e7\u00e3o de Carnaval nos clubes de Ribeir\u00e3o Preto<\/p>\n<h4 class=\"wp-block-heading\"><strong>FIQUE ON<\/strong><\/h4>\n<p>Fique ligado em tudo que acontece em Ribeir\u00e3o Preto e regi\u00e3o. Siga os perfis do <strong>acidade on <\/strong>no <a href=\"https:\/\/www.instagram.com\/acidadeonribeirao\" target=\"_blank\" rel=\"noreferrer noopener nofollow\">Instagram <\/a>e no <a href=\"https:\/\/www.facebook.com\/acidadeonribeirao\" target=\"_blank\" rel=\"noreferrer noopener nofollow\">Facebook<\/a>.<\/p>\n<p>Receba not\u00edcias do<strong> acidade on <\/strong>no WhatsApp. <a href=\"https:\/\/chat.whatsapp.com\/Bnv2w66ZT4VDyZW3oiZ69n\" target=\"_blank\" rel=\"noreferrer noopener\">Para entrar no grupo, basta clicar aqui.<\/a><\/p>\n<p>Fa\u00e7a uma den\u00fancia ou sugira uma reportagem sobre Ribeir\u00e3o Preto e regi\u00e3o pelo WhatsApp: 16 99117 7802.<\/p>\n<p>VEJA TAMB\u00c9M<br \/>BBB 24: Rodriguinho afirma que sua fama \u00e9 desprezada no reality\u00a0<\/p>\n<p><!-- AI CONTENT END 1 -->\n<\/div>\n<\/div>\n<p><script async src=\"\/\/www.instagram.com\/embed.js\"><\/script><br \/>\n<br \/><br \/>\n<br \/><a href=\"https:\/\/www.acidadeon.com\/ribeiraopreto\/lazer-e-cultura\/promotora-confirma-shows-de-jorge-e-mateus-os-menotti-e-roupa-nova-em-ribeirao\/\">Source link <\/a><\/p>\n<div class='code-block code-block-4' style='margin: 8px auto 8px 0; text-align: left; display: block; clear: both;'>\n\ud83d\udce2 Aviso Legal\n\nO site ismaelcolosi.com.br atua apenas como um canal de divulga\u00e7\u00e3o de oportunidades de emprego e n\u00e3o se responsabiliza pelo processo seletivo, contrata\u00e7\u00e3o ou qualquer outra etapa relacionada \u00e0s vagas publicadas. Todas as informa\u00e7\u00f5es s\u00e3o de responsabilidade dos anunciantes.\n\n\u26a0\ufe0f Aten\u00e7\u00e3o! Nunca pague por promessas de emprego nem compre cursos que garantam contrata\u00e7\u00e3o. Desconfie de qualquer cobran\u00e7a para participar de sele\u00e7\u00f5es.\n\n\n<div data-type=\"_mgwidget\" data-widget-id=\"2000896\">\n<\/div>\n<script>(function(w,q){w[q]=w[q]||[];w[q].push([\"_mgc.load\"])})(window,\"_mgq\");\n<\/script>\n<\/div>\n<!-- CONTENT END 1 -->\n","protected":false},"excerpt":{"rendered":"<p>A promotora de eventos Viraz\u00f3m confirmou os shows de Roupa Nova, Jorge e Mateus e Os Menotti em novo local em Ribeir\u00e3o Preto. As apresenta\u00e7\u00f5es&#8230;<\/p>\n","protected":false},"author":1,"featured_media":36137,"comment_status":"open","ping_status":"open","sticky":false,"template":"","format":"standard","meta":{"_uag_custom_page_level_css":"","jetpack_post_was_ever_published":false,"_jetpack_newsletter_access":"","_jetpack_dont_email_post_to_subs":false,"_jetpack_newsletter_tier_id":0,"_jetpack_memberships_contains_paywalled_content":false,"_jetpack_memberships_contains_paid_content":false,"footnotes":"","jetpack_publicize_message":"","jetpack_publicize_feature_enabled":true,"jetpack_social_post_already_shared":true,"jetpack_social_options":{"image_generator_settings":{"template":"highway","default_image_id":0,"font":"","enabled":false},"version":2}},"categories":[11],"tags":[],"class_list":["post-36136","post","type-post","status-publish","format-standard","has-post-thumbnail","hentry","category-noticias-de-ribeirao-preto-sp-e-regiao-ismael-colosi"],"aioseo_notices":[],"jetpack_publicize_connections":[],"jetpack_featured_media_url":"https:\/\/i0.wp.com\/ismaelcolosi.com.br\/wp-content\/uploads\/2024\/02\/jorge-e-mateus.jpg?fit=1620%2C1080&ssl=1","uagb_featured_image_src":{"full":["https:\/\/i0.wp.com\/ismaelcolosi.com.br\/wp-content\/uploads\/2024\/02\/jorge-e-mateus.jpg?fit=1620%2C1080&ssl=1",1620,1080,false],"thumbnail":["https:\/\/i0.wp.com\/ismaelcolosi.com.br\/wp-content\/uploads\/2024\/02\/jorge-e-mateus.jpg?resize=150%2C150&ssl=1",150,150,true],"medium":["https:\/\/i0.wp.com\/ismaelcolosi.com.br\/wp-content\/uploads\/2024\/02\/jorge-e-mateus.jpg?fit=300%2C200&ssl=1",300,200,true],"medium_large":["https:\/\/i0.wp.com\/ismaelcolosi.com.br\/wp-content\/uploads\/2024\/02\/jorge-e-mateus.jpg?fit=768%2C512&ssl=1",768,512,true],"large":["https:\/\/i0.wp.com\/ismaelcolosi.com.br\/wp-content\/uploads\/2024\/02\/jorge-e-mateus.jpg?fit=1024%2C683&ssl=1",1024,683,true],"1536x1536":["https:\/\/i0.wp.com\/ismaelcolosi.com.br\/wp-content\/uploads\/2024\/02\/jorge-e-mateus.jpg?fit=1536%2C1024&ssl=1",1536,1024,true],"2048x2048":["https:\/\/i0.wp.com\/ismaelcolosi.com.br\/wp-content\/uploads\/2024\/02\/jorge-e-mateus.jpg?fit=1620%2C1080&ssl=1",1620,1080,true],"really-simple-thumb":["https:\/\/i0.wp.com\/ismaelcolosi.com.br\/wp-content\/uploads\/2024\/02\/jorge-e-mateus.jpg?resize=370%2C247&ssl=1",370,247,true]},"uagb_author_info":{"display_name":"ismaelcolosi.com.br","author_link":"https:\/\/ismaelcolosi.com.br\/index.php\/author\/vidareal-online\/"},"uagb_comment_info":0,"uagb_excerpt":"A promotora de eventos Viraz\u00f3m confirmou os shows de Roupa Nova, Jorge e Mateus e Os Menotti em novo local em Ribeir\u00e3o Preto. As apresenta\u00e7\u00f5es...","jetpack-related-posts":[{"id":47604,"url":"https:\/\/ismaelcolosi.com.br\/index.php\/2024\/04\/26\/show-da-banda-oingo-boingo-former-members-em-ribeirao-preto-e-cancelado\/","url_meta":{"origin":36136,"position":0},"title":"Show da banda Oingo Boingo Former Members em Ribeir\u00e3o Preto \u00e9 cancelado","author":"ismaelcolosi.com.br","date":"26 de April de 2024","format":false,"excerpt":"O show com os integrantes da banda norte-americana Oingo Boingo Former Members, sucesso nos anos 1980, marcado para acontecer no dia 2 de junho, em Ribeir\u00e3o Preto, foi cancelado. O an\u00fancio foi realizada na tarde desta sexta-feira (26). O motivo do cancelamento da apresenta\u00e7\u00e3o n\u00e3o foi divulgado, contudo, de acordo\u2026","rel":"","context":"In &quot;Not\u00edcias de Ribeir\u00e3o Preto-SP e Regi\u00e3o&quot;","block_context":{"text":"Not\u00edcias de Ribeir\u00e3o Preto-SP e Regi\u00e3o","link":"https:\/\/ismaelcolosi.com.br\/index.php\/category\/noticias-de-ribeirao-preto-sp-e-regiao-ismael-colosi\/"},"img":{"alt_text":"","src":"https:\/\/i0.wp.com\/ismaelcolosi.com.br\/wp-content\/uploads\/2024\/04\/oingo-boingo.jpg?fit=892%2C667&ssl=1&resize=350%2C200","width":350,"height":200,"srcset":"https:\/\/i0.wp.com\/ismaelcolosi.com.br\/wp-content\/uploads\/2024\/04\/oingo-boingo.jpg?fit=892%2C667&ssl=1&resize=350%2C200 1x, https:\/\/i0.wp.com\/ismaelcolosi.com.br\/wp-content\/uploads\/2024\/04\/oingo-boingo.jpg?fit=892%2C667&ssl=1&resize=525%2C300 1.5x, https:\/\/i0.wp.com\/ismaelcolosi.com.br\/wp-content\/uploads\/2024\/04\/oingo-boingo.jpg?fit=892%2C667&ssl=1&resize=700%2C400 2x"},"classes":[]},{"id":39301,"url":"https:\/\/ismaelcolosi.com.br\/index.php\/2024\/02\/24\/confira-quais-sao-os-shows-confirmados-em-ribeirao-preto-em-2024\/","url_meta":{"origin":36136,"position":1},"title":"Confira quais s\u00e3o os shows confirmados em Ribeir\u00e3o Preto em 2024","author":"ismaelcolosi.com.br","date":"24 de February de 2024","format":false,"excerpt":"Ribeir\u00e3o Preto conta com mais de variados shows confirmados para o ano de 2024, com artistas nacionais e internacionais e estilos musicais diversificados. O portal acidade on criou uma lista dos shows confirmados at\u00e9 o momento. Confira: J\u00e3o O cantor\u00a0J\u00e3o\u00a0vem a Ribeir\u00e3o Preto com os shows da \u2018Superturn\u00ea\u2019, no dia\u2026","rel":"","context":"In &quot;Not\u00edcias de Ribeir\u00e3o Preto-SP e Regi\u00e3o&quot;","block_context":{"text":"Not\u00edcias de Ribeir\u00e3o Preto-SP e Regi\u00e3o","link":"https:\/\/ismaelcolosi.com.br\/index.php\/category\/noticias-de-ribeirao-preto-sp-e-regiao-ismael-colosi\/"},"img":{"alt_text":"","src":"https:\/\/i0.wp.com\/ismaelcolosi.com.br\/wp-content\/uploads\/2024\/02\/Capturar-21.jpg?fit=612%2C409&ssl=1&resize=350%2C200","width":350,"height":200,"srcset":"https:\/\/i0.wp.com\/ismaelcolosi.com.br\/wp-content\/uploads\/2024\/02\/Capturar-21.jpg?fit=612%2C409&ssl=1&resize=350%2C200 1x, https:\/\/i0.wp.com\/ismaelcolosi.com.br\/wp-content\/uploads\/2024\/02\/Capturar-21.jpg?fit=612%2C409&ssl=1&resize=525%2C300 1.5x"},"classes":[]},{"id":42223,"url":"https:\/\/ismaelcolosi.com.br\/index.php\/2024\/03\/13\/nova-mudanca-no-caso-beto-braga\/","url_meta":{"origin":36136,"position":2},"title":"Nova mudan\u00e7a no caso Beto Braga","author":"ismaelcolosi.com.br","date":"13 de March de 2024","format":false,"excerpt":"Por: Adalberto LuqueA Procuradoria Geral do Estado (PGE) \u00e9 quem deve dar a palavra final sobre que tipo de crime foi cometido contra o engenheiro Paulo Roberto Carvalho Pena Braga Filho, de 34 anos, morto no dia 29 de dezembro do ano passado.O inqu\u00e9rito da Pol\u00edcia Civil concluiu que foi\u2026","rel":"","context":"In &quot;Not\u00edcias de Ribeir\u00e3o Preto-SP e Regi\u00e3o&quot;","block_context":{"text":"Not\u00edcias de Ribeir\u00e3o Preto-SP e Regi\u00e3o","link":"https:\/\/ismaelcolosi.com.br\/index.php\/category\/noticias-de-ribeirao-preto-sp-e-regiao-ismael-colosi\/"},"img":{"alt_text":"","src":"https:\/\/i0.wp.com\/ismaelcolosi.com.br\/wp-content\/uploads\/2024\/03\/1710345875_00-08-jan-2024-beto-braga-foto-redes-sociais-scaled.jpg?fit=1000%2C564&ssl=1&resize=350%2C200","width":350,"height":200,"srcset":"https:\/\/i0.wp.com\/ismaelcolosi.com.br\/wp-content\/uploads\/2024\/03\/1710345875_00-08-jan-2024-beto-braga-foto-redes-sociais-scaled.jpg?fit=1000%2C564&ssl=1&resize=350%2C200 1x, https:\/\/i0.wp.com\/ismaelcolosi.com.br\/wp-content\/uploads\/2024\/03\/1710345875_00-08-jan-2024-beto-braga-foto-redes-sociais-scaled.jpg?fit=1000%2C564&ssl=1&resize=525%2C300 1.5x, https:\/\/i0.wp.com\/ismaelcolosi.com.br\/wp-content\/uploads\/2024\/03\/1710345875_00-08-jan-2024-beto-braga-foto-redes-sociais-scaled.jpg?fit=1000%2C564&ssl=1&resize=700%2C400 2x"},"classes":[]},{"id":55402,"url":"https:\/\/ismaelcolosi.com.br\/index.php\/2024\/07\/02\/veja-como-comprar-ingressos-para-o-show-do-jorge-e-mateus-na-regiao-de-ribeirao-preto\/","url_meta":{"origin":36136,"position":3},"title":"Veja como comprar ingressos para o show do Jorge e Mateus na regi\u00e3o de Ribeir\u00e3o Preto","author":"ismaelcolosi.com.br","date":"2 de July de 2024","format":false,"excerpt":"A dupla sertaneja Jorge e Mateus est\u00e1 confirmada em dois eventos na regi\u00e3o de Ribeir\u00e3o Preto. O primeiro show ser\u00e1 nesta sexta-feira (5) em Orl\u00e2ndia e a outra agenda no dia 10 de julho em Batatais. Os ingressos para o Orl\u00e2ndia Rodeo Music 2024 est\u00e3o sendo vendidos pelo site venda\u2026","rel":"","context":"In &quot;Not\u00edcias de Ribeir\u00e3o Preto-SP e Regi\u00e3o&quot;","block_context":{"text":"Not\u00edcias de Ribeir\u00e3o Preto-SP e Regi\u00e3o","link":"https:\/\/ismaelcolosi.com.br\/index.php\/category\/noticias-de-ribeirao-preto-sp-e-regiao-ismael-colosi\/"},"img":{"alt_text":"","src":"https:\/\/i0.wp.com\/ismaelcolosi.com.br\/wp-content\/uploads\/2024\/07\/Jorge-e-Mateus-Credito-Alisson-Demetrio-scaled.jpg?fit=1200%2C800&ssl=1&resize=350%2C200","width":350,"height":200,"srcset":"https:\/\/i0.wp.com\/ismaelcolosi.com.br\/wp-content\/uploads\/2024\/07\/Jorge-e-Mateus-Credito-Alisson-Demetrio-scaled.jpg?fit=1200%2C800&ssl=1&resize=350%2C200 1x, https:\/\/i0.wp.com\/ismaelcolosi.com.br\/wp-content\/uploads\/2024\/07\/Jorge-e-Mateus-Credito-Alisson-Demetrio-scaled.jpg?fit=1200%2C800&ssl=1&resize=525%2C300 1.5x, https:\/\/i0.wp.com\/ismaelcolosi.com.br\/wp-content\/uploads\/2024\/07\/Jorge-e-Mateus-Credito-Alisson-Demetrio-scaled.jpg?fit=1200%2C800&ssl=1&resize=700%2C400 2x, https:\/\/i0.wp.com\/ismaelcolosi.com.br\/wp-content\/uploads\/2024\/07\/Jorge-e-Mateus-Credito-Alisson-Demetrio-scaled.jpg?fit=1200%2C800&ssl=1&resize=1050%2C600 3x"},"classes":[]},{"id":45007,"url":"https:\/\/ismaelcolosi.com.br\/index.php\/2024\/04\/01\/eventos-em-abril-geram-10-mil-empregos-diretos-e-indiretos-em-ribeirao-preto\/","url_meta":{"origin":36136,"position":4},"title":"Eventos em abril geram 10 mil empregos diretos e indiretos em Ribeir\u00e3o Preto","author":"ismaelcolosi.com.br","date":"1 de April de 2024","format":false,"excerpt":"O m\u00eas de abril em Ribeir\u00e3o Preto \u00e9 lembrado por realizar dois grandes eventos na cidade: a Agrishow e o Ribeir\u00e3o Rodeo Music. Ambos geram em torno de 10 mil vagas de empregos diretos e indiretos na cidade, o que consequentemente, aquece a economia local durante as datas (veja abaixo).\u2026","rel":"","context":"In &quot;Not\u00edcias de Ribeir\u00e3o Preto-SP e Regi\u00e3o&quot;","block_context":{"text":"Not\u00edcias de Ribeir\u00e3o Preto-SP e Regi\u00e3o","link":"https:\/\/ismaelcolosi.com.br\/index.php\/category\/noticias-de-ribeirao-preto-sp-e-regiao-ismael-colosi\/"},"img":{"alt_text":"","src":"https:\/\/i0.wp.com\/ismaelcolosi.com.br\/wp-content\/uploads\/2024\/04\/Copia-de-Copia-de-TAMANHO-EXATO-PARA-FOTOS-NO-SISTEMA-NOVO-13.jpg?fit=1200%2C675&ssl=1&resize=350%2C200","width":350,"height":200,"srcset":"https:\/\/i0.wp.com\/ismaelcolosi.com.br\/wp-content\/uploads\/2024\/04\/Copia-de-Copia-de-TAMANHO-EXATO-PARA-FOTOS-NO-SISTEMA-NOVO-13.jpg?fit=1200%2C675&ssl=1&resize=350%2C200 1x, https:\/\/i0.wp.com\/ismaelcolosi.com.br\/wp-content\/uploads\/2024\/04\/Copia-de-Copia-de-TAMANHO-EXATO-PARA-FOTOS-NO-SISTEMA-NOVO-13.jpg?fit=1200%2C675&ssl=1&resize=525%2C300 1.5x, https:\/\/i0.wp.com\/ismaelcolosi.com.br\/wp-content\/uploads\/2024\/04\/Copia-de-Copia-de-TAMANHO-EXATO-PARA-FOTOS-NO-SISTEMA-NOVO-13.jpg?fit=1200%2C675&ssl=1&resize=700%2C400 2x, https:\/\/i0.wp.com\/ismaelcolosi.com.br\/wp-content\/uploads\/2024\/04\/Copia-de-Copia-de-TAMANHO-EXATO-PARA-FOTOS-NO-SISTEMA-NOVO-13.jpg?fit=1200%2C675&ssl=1&resize=1050%2C600 3x"},"classes":[]},{"id":39458,"url":"https:\/\/ismaelcolosi.com.br\/index.php\/2024\/02\/26\/ribeirao-rodeo-music-jorge-e-mateus-lancam-musica-com-lauana-prado\/","url_meta":{"origin":36136,"position":5},"title":"Ribeir\u00e3o Rodeo Music: Jorge e Mateus lan\u00e7am m\u00fasica com Lauana Prado","author":"ismaelcolosi.com.br","date":"26 de February de 2024","format":false,"excerpt":"Atra\u00e7\u00e3o confirmada no Ribeir\u00e3o Rodeo Music, a dupla Jorge e Mateus lan\u00e7ou na \u00faltima semana a m\u00fasica \u201cHaver\u00e1 Sinais\u201d, que conta com a participa\u00e7\u00e3o da cantora Lauana Prado, que tamb\u00e9m \u00e9 atra\u00e7\u00e3o no evento. A parceria entre os artistas \u00e9 o primeiro lan\u00e7amento de Jorge e Mateus em 2024 e\u2026","rel":"","context":"In &quot;Not\u00edcias de Ribeir\u00e3o Preto-SP e Regi\u00e3o&quot;","block_context":{"text":"Not\u00edcias de Ribeir\u00e3o Preto-SP e Regi\u00e3o","link":"https:\/\/ismaelcolosi.com.br\/index.php\/category\/noticias-de-ribeirao-preto-sp-e-regiao-ismael-colosi\/"},"img":{"alt_text":"","src":"https:\/\/i0.wp.com\/ismaelcolosi.com.br\/wp-content\/uploads\/2024\/02\/jorge-e-mateus-lauana-prado.jpg?fit=950%2C731&ssl=1&resize=350%2C200","width":350,"height":200,"srcset":"https:\/\/i0.wp.com\/ismaelcolosi.com.br\/wp-content\/uploads\/2024\/02\/jorge-e-mateus-lauana-prado.jpg?fit=950%2C731&ssl=1&resize=350%2C200 1x, https:\/\/i0.wp.com\/ismaelcolosi.com.br\/wp-content\/uploads\/2024\/02\/jorge-e-mateus-lauana-prado.jpg?fit=950%2C731&ssl=1&resize=525%2C300 1.5x, https:\/\/i0.wp.com\/ismaelcolosi.com.br\/wp-content\/uploads\/2024\/02\/jorge-e-mateus-lauana-prado.jpg?fit=950%2C731&ssl=1&resize=700%2C400 2x"},"classes":[]}],"jetpack_sharing_enabled":true,"jetpack_shortlink":"https:\/\/wp.me\/pfMlyK-9oQ","_links":{"self":[{"href":"https:\/\/ismaelcolosi.com.br\/index.php\/wp-json\/wp\/v2\/posts\/36136","targetHints":{"allow":["GET"]}}],"collection":[{"href":"https:\/\/ismaelcolosi.com.br\/index.php\/wp-json\/wp\/v2\/posts"}],"about":[{"href":"https:\/\/ismaelcolosi.com.br\/index.php\/wp-json\/wp\/v2\/types\/post"}],"author":[{"embeddable":true,"href":"https:\/\/ismaelcolosi.com.br\/index.php\/wp-json\/wp\/v2\/users\/1"}],"replies":[{"embeddable":true,"href":"https:\/\/ismaelcolosi.com.br\/index.php\/wp-json\/wp\/v2\/comments?post=36136"}],"version-history":[{"count":0,"href":"https:\/\/ismaelcolosi.com.br\/index.php\/wp-json\/wp\/v2\/posts\/36136\/revisions"}],"wp:featuredmedia":[{"embeddable":true,"href":"https:\/\/ismaelcolosi.com.br\/index.php\/wp-json\/wp\/v2\/media\/36137"}],"wp:attachment":[{"href":"https:\/\/ismaelcolosi.com.br\/index.php\/wp-json\/wp\/v2\/media?parent=36136"}],"wp:term":[{"taxonomy":"category","embeddable":true,"href":"https:\/\/ismaelcolosi.com.br\/index.php\/wp-json\/wp\/v2\/categories?post=36136"},{"taxonomy":"post_tag","embeddable":true,"href":"https:\/\/ismaelcolosi.com.br\/index.php\/wp-json\/wp\/v2\/tags?post=36136"}],"curies":[{"name":"wp","href":"https:\/\/api.w.org\/{rel}","templated":true}]}}