{"id":35884,"date":"2024-02-07T19:19:36","date_gmt":"2024-02-07T22:19:36","guid":{"rendered":"https:\/\/ismaelcolosi.com.br\/index.php\/2024\/02\/07\/jojo-todynho-e-a-nova-conselheira-consultiva-da-caju\/"},"modified":"2024-02-07T19:19:36","modified_gmt":"2024-02-07T22:19:36","slug":"jojo-todynho-e-a-nova-conselheira-consultiva-da-caju","status":"publish","type":"post","link":"https:\/\/ismaelcolosi.com.br\/index.php\/2024\/02\/07\/jojo-todynho-e-a-nova-conselheira-consultiva-da-caju\/","title":{"rendered":"Jojo Todynho \u00e9 a nova conselheira consultiva da Caju"},"content":{"rendered":"<p> <br \/>\n<\/p>\n<div>\n<div id=\"attachment_594253\" class=\"wp-caption alignnone style=\" max-width:=\"\"><img data-recalc-dims=\"1\" fetchpriority=\"high\" decoding=\"async\" class=\"alignnone wp-image-594253 size-full\" src=\"https:\/\/i0.wp.com\/forbes.com.br\/wp-content\/uploads\/2024\/02\/carreira-jojo-todynho-768x512.jpg?resize=678%2C452&#038;ssl=1\" http:=\"\" alt=\"Jojo Todynho\" width=\"678\" height=\"452\" data-lazy-src=\"https:\/\/forbes.com.br\/wp-content\/uploads\/2024\/02\/carreira-jojo-todynho-768x512.jpg\"\/><noscript><img data-recalc-dims=\"1\" fetchpriority=\"high\" decoding=\"async\" class=\"alignnone wp-image-594253 size-full\" src=\"https:\/\/i0.wp.com\/forbes.com.br\/wp-content\/uploads\/2024\/02\/carreira-jojo-todynho-768x512.jpg?resize=678%2C452&#038;ssl=1\" alt=\"Jojo Todynho\" width=\"678\" height=\"452\"\/><\/noscript><\/p>\n<p>Victor Affaro<\/p><div class='code-block code-block-8' style='margin: 8px auto; text-align: center; display: block; clear: both;'>\n<script>\n  atOptions = {\n    'key' : '66e2e2111ca34da796271819fc334058',\n    'format' : 'iframe',\n    'height' : 250,\n    'width' : 300,\n    'params' : {}\n  };\n<\/script>\n<script src=\"https:\/\/www.highperformanceformat.com\/66e2e2111ca34da796271819fc334058\/invoke.js\"><\/script>\n<\/div>\n\n<p class=\"wp-caption-text\">Jojo Todynho vai participar de reuni\u00f5es com o C-Level da empresa para discutir estrat\u00e9gias<\/p>\n<\/div>\n<p><span style=\"font-weight: 400;\">A cantora, apresentadora e<strong> Forbes Under 30 2023<\/strong> Jojo Todynho acaba de acrescentar mais um elemento \u00e0 sua carreira m\u00faltipla. Jojo assume como conselheira consultiva da Caju, empresa de benef\u00edcios.<\/span><\/p>\n<p><span style=\"font-weight: 400;\">Nessa cadeira, in\u00e9dita na empresa, vai trazer seu olhar e conex\u00e3o com o p\u00fablico para orientar as estrat\u00e9gias de posicionamento de marca, diversidade e inova\u00e7\u00e3o. Jojo vai participar de reuni\u00f5es peri\u00f3dicas com o time C-Level da Caju para ajudar na tomada de decis\u00e3o da empresa. \u201cA Jojo tem um pulso do que est\u00e1 acontecendo e das novas tend\u00eancias\u201d, diz Eduardo del Giglio, CEO da Caju, que tem\u00a0 mais de 30 mil clientes no pa\u00eds, entre eles grandes empresas e startups como Grupo Botic\u00e1rio, Votorantim e Rappi.<\/span><\/p>\n<ul>\n<li>\n<h4>Siga a <a href=\"https:\/\/whatsapp.com\/channel\/0029Va9gQKwBFLgM96cJnu0u\" target=\"_blank\" rel=\"noopener\">Forbes<\/a> no WhatsApp e receba as principais not\u00edcias sobre neg\u00f3cios, carreira, tecnologia e estilo de vida<\/h4>\n<\/li>\n<\/ul>\n<p><strong>Leia tamb\u00e9m:<\/strong><\/p>\n<p><span style=\"font-weight: 400;\">Com 29,6 milh\u00f5es de seguidores no Instagram e 26 anos, Jojo \u00e9 vista com um ativo para aproximar a empresa dos usu\u00e1rios finais. Com esse mesmo objetivo, a Caju est\u00e1 patrocinando a escola de samba Mocidade Independente de Padre Miguel, que tem Jojo Todynho como uma das musas da agremia\u00e7\u00e3o.\u00a0<\/span><\/p>\n<p><span style=\"font-weight: 400;\">Na primeira a\u00e7\u00e3o da empresa patrocinando eventos para al\u00e9m do p\u00fablico B2B, a Caju est\u00e1 presente no samba-enredo que fala da fruta do cajueiro e j\u00e1 est\u00e1 entre os mais ouvidos nos canais oficiais do carnaval carioca e nas paradas de streaming de \u00e1udio.<\/span><\/p>\n<\/div>\n<p><script type=\"rocketlazyloadscript\">\n\t\t\t\t(function(d, s, id){\n\t\t\t\t\tvar js, fjs = d.getElementsByTagName(s)[0];\n\t\t\t\t\tif (d.getElementById(id)) return;\n\t\t\t\t\tjs = d.createElement(s); js.id = id;\n\t\t\t\t\tjs.src = \"\/\/connect.facebook.net\/pt_BR\/sdk.js#xfbml=1&version=v2.9\";\n\t\t\t\t\tfjs.parentNode.insertBefore(js, fjs);\n\t\t\t\t}(document, 'script', 'facebook-jssdk'));\n\t\t\t<\/script><br \/>\n<br \/><br \/>\n<br \/><a href=\"https:\/\/forbes.com.br\/carreira\/2024\/02\/jojo-todynho-assume-como-conselheira-consultiva-da-caju-beneficios\/\">Source link <\/a><\/p>\n<div class='code-block code-block-4' style='margin: 8px auto 8px 0; text-align: left; display: block; clear: both;'>\n\ud83d\udce2 Aviso Legal\n\nO site ismaelcolosi.com.br atua apenas como um canal de divulga\u00e7\u00e3o de oportunidades de emprego e n\u00e3o se responsabiliza pelo processo seletivo, contrata\u00e7\u00e3o ou qualquer outra etapa relacionada \u00e0s vagas publicadas. Todas as informa\u00e7\u00f5es s\u00e3o de responsabilidade dos anunciantes.\n\n\u26a0\ufe0f Aten\u00e7\u00e3o! Nunca pague por promessas de emprego nem compre cursos que garantam contrata\u00e7\u00e3o. Desconfie de qualquer cobran\u00e7a para participar de sele\u00e7\u00f5es.\n\n\n\n<\/div>\n<!-- CONTENT END 1 -->\n","protected":false},"excerpt":{"rendered":"<p>Victor Affaro Jojo Todynho vai participar de reuni\u00f5es com o C-Level da empresa para discutir estrat\u00e9gias A cantora, apresentadora e Forbes Under 30 2023 Jojo&#8230;<\/p>\n","protected":false},"author":1,"featured_media":35885,"comment_status":"open","ping_status":"open","sticky":false,"template":"","format":"standard","meta":{"_uag_custom_page_level_css":"","advanced_seo_description":"","jetpack_seo_html_title":"","jetpack_seo_noindex":false,"jetpack_post_was_ever_published":false,"_jetpack_newsletter_access":"","_jetpack_dont_email_post_to_subs":false,"_jetpack_newsletter_tier_id":0,"_jetpack_memberships_contains_paywalled_content":false,"_jetpack_memberships_contains_paid_content":false,"footnotes":"","jetpack_publicize_message":"","jetpack_publicize_feature_enabled":true,"jetpack_social_post_already_shared":true,"jetpack_social_options":{"image_generator_settings":{"template":"highway","default_image_id":0,"font":"","enabled":false},"version":2}},"categories":[1964],"tags":[],"class_list":["post-35884","post","type-post","status-publish","format-standard","has-post-thumbnail","hentry","category-carreira-e-sucesso-dicas-para-carreira"],"jetpack_publicize_connections":[],"jetpack_featured_media_url":"https:\/\/i0.wp.com\/ismaelcolosi.com.br\/wp-content\/uploads\/2024\/02\/carreira-jojo-todynho-1024x683.jpg?fit=1024%2C683&ssl=1","uagb_featured_image_src":{"full":["https:\/\/i0.wp.com\/ismaelcolosi.com.br\/wp-content\/uploads\/2024\/02\/carreira-jojo-todynho-1024x683.jpg?fit=1024%2C683&ssl=1",1024,683,false],"thumbnail":["https:\/\/i0.wp.com\/ismaelcolosi.com.br\/wp-content\/uploads\/2024\/02\/carreira-jojo-todynho-1024x683.jpg?resize=150%2C150&ssl=1",150,150,true],"medium":["https:\/\/i0.wp.com\/ismaelcolosi.com.br\/wp-content\/uploads\/2024\/02\/carreira-jojo-todynho-1024x683.jpg?fit=300%2C200&ssl=1",300,200,true],"medium_large":["https:\/\/i0.wp.com\/ismaelcolosi.com.br\/wp-content\/uploads\/2024\/02\/carreira-jojo-todynho-1024x683.jpg?fit=768%2C512&ssl=1",768,512,true],"large":["https:\/\/i0.wp.com\/ismaelcolosi.com.br\/wp-content\/uploads\/2024\/02\/carreira-jojo-todynho-1024x683.jpg?fit=1024%2C683&ssl=1",1024,683,true],"1536x1536":["https:\/\/i0.wp.com\/ismaelcolosi.com.br\/wp-content\/uploads\/2024\/02\/carreira-jojo-todynho-1024x683.jpg?fit=1024%2C683&ssl=1",1024,683,true],"2048x2048":["https:\/\/i0.wp.com\/ismaelcolosi.com.br\/wp-content\/uploads\/2024\/02\/carreira-jojo-todynho-1024x683.jpg?fit=1024%2C683&ssl=1",1024,683,true],"really-simple-thumb":["https:\/\/i0.wp.com\/ismaelcolosi.com.br\/wp-content\/uploads\/2024\/02\/carreira-jojo-todynho-1024x683.jpg?resize=370%2C247&ssl=1",370,247,true]},"uagb_author_info":{"display_name":"ismaelcolosi.com.br","author_link":"https:\/\/ismaelcolosi.com.br\/index.php\/author\/vidareal-online\/"},"uagb_comment_info":0,"uagb_excerpt":"Victor Affaro Jojo Todynho vai participar de reuni\u00f5es com o C-Level da empresa para discutir estrat\u00e9gias A cantora, apresentadora e Forbes Under 30 2023 Jojo...","jetpack-related-posts":[{"id":14221,"url":"https:\/\/ismaelcolosi.com.br\/index.php\/2023\/12\/11\/jojo-todynho-perde-33-quilos-apos-bariatrica-veja-antes-e-depois\/","url_meta":{"origin":35884,"position":0},"title":"Jojo Todynho perde 33 quilos ap\u00f3s bari\u00e1trica; veja antes e depois","author":"ismaelcolosi.com.br","date":"11 de December de 2023","format":false,"excerpt":"Cr\u00e9ditos: Reprodu\u00e7\u00e3o\/Instagram\/@jojotodynhoJojo Todynho fez cirurgia bari\u00e1trica em agosto Jojo Todynho aproveitou o domingo, 10, para contar aos seguidores que perdeu 33 quilos. A cantora e influenciadora publicou uma montagem comparando seu corpo de antes com o de agora. Parte da mudan\u00e7a no corpo da cantora veio como resultado de uma\u2026","rel":"","context":"In &quot;Variedades&quot;","block_context":{"text":"Variedades","link":"https:\/\/ismaelcolosi.com.br\/index.php\/category\/variedades\/"},"img":{"alt_text":"","src":"https:\/\/i0.wp.com\/ismaelcolosi.com.br\/wp-content\/uploads\/2023\/12\/fotos-catraca-2023-12-11t175252344-e1702328022155.png?fit=1200%2C638&ssl=1&resize=350%2C200","width":350,"height":200,"srcset":"https:\/\/i0.wp.com\/ismaelcolosi.com.br\/wp-content\/uploads\/2023\/12\/fotos-catraca-2023-12-11t175252344-e1702328022155.png?fit=1200%2C638&ssl=1&resize=350%2C200 1x, https:\/\/i0.wp.com\/ismaelcolosi.com.br\/wp-content\/uploads\/2023\/12\/fotos-catraca-2023-12-11t175252344-e1702328022155.png?fit=1200%2C638&ssl=1&resize=525%2C300 1.5x, https:\/\/i0.wp.com\/ismaelcolosi.com.br\/wp-content\/uploads\/2023\/12\/fotos-catraca-2023-12-11t175252344-e1702328022155.png?fit=1200%2C638&ssl=1&resize=700%2C400 2x, https:\/\/i0.wp.com\/ismaelcolosi.com.br\/wp-content\/uploads\/2023\/12\/fotos-catraca-2023-12-11t175252344-e1702328022155.png?fit=1200%2C638&ssl=1&resize=1050%2C600 3x"},"classes":[]},{"id":4488,"url":"https:\/\/ismaelcolosi.com.br\/index.php\/2023\/11\/21\/jojo-todynho-volta-a-desabafar-sobre-fim-do-casamento-taquei-fogo\/","url_meta":{"origin":35884,"position":1},"title":"Jojo Todynho volta a desabafar sobre fim do casamento: &#8216;Taquei fogo&#8217;","author":"ismaelcolosi.com.br","date":"21 de November de 2023","format":false,"excerpt":"A manh\u00e3 da ter\u00e7a feira, 21 de novembro, da cantora Jojo Todynho come\u00e7ou agitada e com muita irrita\u00e7\u00e3o. Ela apareceu em seu perfil nas redes sociais para falar mais uma vez de um assunto que vem aborrecendo ela sucessivamente.Ap\u00f3s o fim do relacionamento com o ex militar Lucas Souza, Jojo\u2026","rel":"","context":"In &quot;Blog&quot;","block_context":{"text":"Blog","link":"https:\/\/ismaelcolosi.com.br\/index.php\/category\/blog\/"},"img":{"alt_text":"","src":"https:\/\/i0.wp.com\/ismaelcolosi.com.br\/wp-content\/uploads\/2023\/11\/postimg-655cf376895179613.jpg?fit=1200%2C628&ssl=1&resize=350%2C200","width":350,"height":200,"srcset":"https:\/\/i0.wp.com\/ismaelcolosi.com.br\/wp-content\/uploads\/2023\/11\/postimg-655cf376895179613.jpg?fit=1200%2C628&ssl=1&resize=350%2C200 1x, https:\/\/i0.wp.com\/ismaelcolosi.com.br\/wp-content\/uploads\/2023\/11\/postimg-655cf376895179613.jpg?fit=1200%2C628&ssl=1&resize=525%2C300 1.5x, https:\/\/i0.wp.com\/ismaelcolosi.com.br\/wp-content\/uploads\/2023\/11\/postimg-655cf376895179613.jpg?fit=1200%2C628&ssl=1&resize=700%2C400 2x, https:\/\/i0.wp.com\/ismaelcolosi.com.br\/wp-content\/uploads\/2023\/11\/postimg-655cf376895179613.jpg?fit=1200%2C628&ssl=1&resize=1050%2C600 3x"},"classes":[]},{"id":7104,"url":"https:\/\/ismaelcolosi.com.br\/index.php\/2023\/11\/27\/ao-lado-de-alcione-jojo-todynho-posa-chamando-atencao-com-look-escolhido-para-o-aniversario-de-angelica\/","url_meta":{"origin":35884,"position":2},"title":"Ao lado de Alcione, Jojo Todynho posa chamando aten\u00e7\u00e3o com look escolhido para o anivers\u00e1rio de Ang\u00e9lica","author":"ismaelcolosi.com.br","date":"27 de November de 2023","format":false,"excerpt":"As festas dos famosos s\u00e3o sempre regadas a muito luxo e glamour. Os aniversariantes buscam destaque com o traje escolhido para o evento e ser a atra\u00e7\u00e3o principal. Mas alguns convidados chegam para arrasar.A cantora Jojo Todynho foi uma das que chamou aten\u00e7\u00e3o para o anivers\u00e1rio da apresentadora Ang\u00e9lica, que\u2026","rel":"","context":"In &quot;Blog&quot;","block_context":{"text":"Blog","link":"https:\/\/ismaelcolosi.com.br\/index.php\/category\/blog\/"},"img":{"alt_text":"","src":"https:\/\/i0.wp.com\/ismaelcolosi.com.br\/wp-content\/uploads\/2023\/11\/postimg-6564ce997a46d8049.jpg?fit=1200%2C628&ssl=1&resize=350%2C200","width":350,"height":200,"srcset":"https:\/\/i0.wp.com\/ismaelcolosi.com.br\/wp-content\/uploads\/2023\/11\/postimg-6564ce997a46d8049.jpg?fit=1200%2C628&ssl=1&resize=350%2C200 1x, https:\/\/i0.wp.com\/ismaelcolosi.com.br\/wp-content\/uploads\/2023\/11\/postimg-6564ce997a46d8049.jpg?fit=1200%2C628&ssl=1&resize=525%2C300 1.5x, https:\/\/i0.wp.com\/ismaelcolosi.com.br\/wp-content\/uploads\/2023\/11\/postimg-6564ce997a46d8049.jpg?fit=1200%2C628&ssl=1&resize=700%2C400 2x, https:\/\/i0.wp.com\/ismaelcolosi.com.br\/wp-content\/uploads\/2023\/11\/postimg-6564ce997a46d8049.jpg?fit=1200%2C628&ssl=1&resize=1050%2C600 3x"},"classes":[]},{"id":5585,"url":"https:\/\/ismaelcolosi.com.br\/index.php\/2023\/11\/23\/jojo-todynho-fala-sobre-o-outro-aspecto-apos-a-bariatrica-nao-tem-prazer-nenhum\/","url_meta":{"origin":35884,"position":3},"title":"Jojo Todynho fala sobre o outro aspecto ap\u00f3s a bari\u00e1trica: &#8216;N\u00e3o tem prazer nenhum&#8217;","author":"ismaelcolosi.com.br","date":"23 de November de 2023","format":false,"excerpt":"O per\u00edodo p\u00f3s operat\u00f3rio \u00e9 t\u00e3o importante como qualquer outra etapa que envolva um processo cir\u00fargico. Quem fala bastante ultimamente no assunto \u00e9 a cantora Jordana Gleice, a Jojo Todynho.A cantora passou por uma cirurgia para uma melhora na qualidade de vida, a bari\u00e1trica. Ela j\u00e1 chegou a perder mais\u2026","rel":"","context":"In &quot;Blog&quot;","block_context":{"text":"Blog","link":"https:\/\/ismaelcolosi.com.br\/index.php\/category\/blog\/"},"img":{"alt_text":"","src":"https:\/\/i0.wp.com\/ismaelcolosi.com.br\/wp-content\/uploads\/2023\/11\/postimg-655ffa51e66306354.jpg?fit=1200%2C628&ssl=1&resize=350%2C200","width":350,"height":200,"srcset":"https:\/\/i0.wp.com\/ismaelcolosi.com.br\/wp-content\/uploads\/2023\/11\/postimg-655ffa51e66306354.jpg?fit=1200%2C628&ssl=1&resize=350%2C200 1x, https:\/\/i0.wp.com\/ismaelcolosi.com.br\/wp-content\/uploads\/2023\/11\/postimg-655ffa51e66306354.jpg?fit=1200%2C628&ssl=1&resize=525%2C300 1.5x, https:\/\/i0.wp.com\/ismaelcolosi.com.br\/wp-content\/uploads\/2023\/11\/postimg-655ffa51e66306354.jpg?fit=1200%2C628&ssl=1&resize=700%2C400 2x, https:\/\/i0.wp.com\/ismaelcolosi.com.br\/wp-content\/uploads\/2023\/11\/postimg-655ffa51e66306354.jpg?fit=1200%2C628&ssl=1&resize=1050%2C600 3x"},"classes":[]},{"id":4132,"url":"https:\/\/ismaelcolosi.com.br\/index.php\/2023\/11\/20\/jojo-todynho-da-opiniao-sincera-sobre-show-de-taylor-swift-estou-sem-paciencia\/","url_meta":{"origin":35884,"position":4},"title":"Jojo Todynho d\u00e1 opini\u00e3o sincera sobre show de Taylor Swift: \u2018Estou sem paci\u00eancia&#8217;","author":"ismaelcolosi.com.br","date":"20 de November de 2023","format":false,"excerpt":"\u2018The Eras Tour\u2019 \u00e9 o nome do evento que vem marcando sua passagem pelo Brasil. Os shows s\u00e3o da artista norte americana cantora e compositora Taylor Swift, de 33 anos.Um evento tr\u00e1gico marcou a passagem da cantora no Brasil. Uma jovem estudante universit\u00e1ria, de apenas 23 anos, perdeu a vida\u2026","rel":"","context":"In &quot;Blog&quot;","block_context":{"text":"Blog","link":"https:\/\/ismaelcolosi.com.br\/index.php\/category\/blog\/"},"img":{"alt_text":"","src":"https:\/\/i0.wp.com\/ismaelcolosi.com.br\/wp-content\/uploads\/2023\/11\/postimg-655c02fe222ea7586.jpg?fit=1200%2C628&ssl=1&resize=350%2C200","width":350,"height":200,"srcset":"https:\/\/i0.wp.com\/ismaelcolosi.com.br\/wp-content\/uploads\/2023\/11\/postimg-655c02fe222ea7586.jpg?fit=1200%2C628&ssl=1&resize=350%2C200 1x, https:\/\/i0.wp.com\/ismaelcolosi.com.br\/wp-content\/uploads\/2023\/11\/postimg-655c02fe222ea7586.jpg?fit=1200%2C628&ssl=1&resize=525%2C300 1.5x, https:\/\/i0.wp.com\/ismaelcolosi.com.br\/wp-content\/uploads\/2023\/11\/postimg-655c02fe222ea7586.jpg?fit=1200%2C628&ssl=1&resize=700%2C400 2x, https:\/\/i0.wp.com\/ismaelcolosi.com.br\/wp-content\/uploads\/2023\/11\/postimg-655c02fe222ea7586.jpg?fit=1200%2C628&ssl=1&resize=1050%2C600 3x"},"classes":[]},{"id":4498,"url":"https:\/\/ismaelcolosi.com.br\/index.php\/2023\/11\/21\/apos-polemicas-sobre-seu-antigo-casamento-jojo-todynho-anuncia-afastamento-das-redes-sociais\/","url_meta":{"origin":35884,"position":5},"title":"Ap\u00f3s pol\u00eamicas sobre seu antigo casamento, Jojo Todynho anuncia afastamento das redes sociais","author":"ismaelcolosi.com.br","date":"21 de November de 2023","format":false,"excerpt":"A manh\u00e3 agitada da cantora Jojo Todynho troxe para ela reflex\u00f5es sobre boatos que vem rebatendo sobre sua reputa\u00e7\u00e3o, sua \u00edndole e seus sentimentos.Ela come\u00e7ou agradecendo aos f\u00e3s que deram apoio a ela durante toda confus\u00e3o e tamb\u00e9m se desculpou sobre ter falado em algum momento de forma inapropriada.O agradecimento\u2026","rel":"","context":"In &quot;Blog&quot;","block_context":{"text":"Blog","link":"https:\/\/ismaelcolosi.com.br\/index.php\/category\/blog\/"},"img":{"alt_text":"","src":"https:\/\/i0.wp.com\/ismaelcolosi.com.br\/wp-content\/uploads\/2023\/11\/postimg-655cff6ca84922717.jpg?fit=1200%2C628&ssl=1&resize=350%2C200","width":350,"height":200,"srcset":"https:\/\/i0.wp.com\/ismaelcolosi.com.br\/wp-content\/uploads\/2023\/11\/postimg-655cff6ca84922717.jpg?fit=1200%2C628&ssl=1&resize=350%2C200 1x, https:\/\/i0.wp.com\/ismaelcolosi.com.br\/wp-content\/uploads\/2023\/11\/postimg-655cff6ca84922717.jpg?fit=1200%2C628&ssl=1&resize=525%2C300 1.5x, https:\/\/i0.wp.com\/ismaelcolosi.com.br\/wp-content\/uploads\/2023\/11\/postimg-655cff6ca84922717.jpg?fit=1200%2C628&ssl=1&resize=700%2C400 2x, https:\/\/i0.wp.com\/ismaelcolosi.com.br\/wp-content\/uploads\/2023\/11\/postimg-655cff6ca84922717.jpg?fit=1200%2C628&ssl=1&resize=1050%2C600 3x"},"classes":[]}],"jetpack_sharing_enabled":true,"jetpack_shortlink":"https:\/\/wp.me\/pfMlyK-9kM","_links":{"self":[{"href":"https:\/\/ismaelcolosi.com.br\/index.php\/wp-json\/wp\/v2\/posts\/35884","targetHints":{"allow":["GET"]}}],"collection":[{"href":"https:\/\/ismaelcolosi.com.br\/index.php\/wp-json\/wp\/v2\/posts"}],"about":[{"href":"https:\/\/ismaelcolosi.com.br\/index.php\/wp-json\/wp\/v2\/types\/post"}],"author":[{"embeddable":true,"href":"https:\/\/ismaelcolosi.com.br\/index.php\/wp-json\/wp\/v2\/users\/1"}],"replies":[{"embeddable":true,"href":"https:\/\/ismaelcolosi.com.br\/index.php\/wp-json\/wp\/v2\/comments?post=35884"}],"version-history":[{"count":0,"href":"https:\/\/ismaelcolosi.com.br\/index.php\/wp-json\/wp\/v2\/posts\/35884\/revisions"}],"wp:featuredmedia":[{"embeddable":true,"href":"https:\/\/ismaelcolosi.com.br\/index.php\/wp-json\/wp\/v2\/media\/35885"}],"wp:attachment":[{"href":"https:\/\/ismaelcolosi.com.br\/index.php\/wp-json\/wp\/v2\/media?parent=35884"}],"wp:term":[{"taxonomy":"category","embeddable":true,"href":"https:\/\/ismaelcolosi.com.br\/index.php\/wp-json\/wp\/v2\/categories?post=35884"},{"taxonomy":"post_tag","embeddable":true,"href":"https:\/\/ismaelcolosi.com.br\/index.php\/wp-json\/wp\/v2\/tags?post=35884"}],"curies":[{"name":"wp","href":"https:\/\/api.w.org\/{rel}","templated":true}]}}