{"id":35782,"date":"2024-02-07T12:56:48","date_gmt":"2024-02-07T15:56:48","guid":{"rendered":"https:\/\/ismaelcolosi.com.br\/index.php\/2024\/02\/07\/o-que-falta-esclarecer-no-caso-da-publicitaria-executada-em-ribeirao-preto\/"},"modified":"2024-02-07T12:56:48","modified_gmt":"2024-02-07T15:56:48","slug":"o-que-falta-esclarecer-no-caso-da-publicitaria-executada-em-ribeirao-preto","status":"publish","type":"post","link":"https:\/\/ismaelcolosi.com.br\/index.php\/2024\/02\/07\/o-que-falta-esclarecer-no-caso-da-publicitaria-executada-em-ribeirao-preto\/","title":{"rendered":"O que falta esclarecer no caso da publicit\u00e1ria executada em Ribeir\u00e3o Preto"},"content":{"rendered":"<p> <br \/>\n<\/p>\n<div>\n<p>No \u00faltimo domingo (4), a <strong>publicit\u00e1ria Dayane Isabel Roncari<\/strong>, de 33 anos, foi executada com 30 disparos em frente a uma casa no <strong>Jardim Maria Goretti<\/strong>, na zona Oeste de <strong>Ribeir\u00e3o Preto<\/strong>. De acordo com o delegado<strong> Rodolfo Latif Sebba<\/strong>, ainda n\u00e3o h\u00e1 suspeitos de envolvimento no crime e o que teria motivado a a\u00e7\u00e3o.<\/p>\n<p>\u201cFalta esclarecer tudo neste caso. A investiga\u00e7\u00e3o est\u00e1 apenas no in\u00edcio\u201d, disse o delegado ao <strong>acidade on Ribeir\u00e3o<\/strong>. Segundo o <strong>B.O. (boletim de ocorr\u00eancia)<\/strong>, <mark style=\"background-color:#fcb900\" class=\"has-inline-color has-black-color\">a publicit\u00e1ria estaria sendo jurada de morte \u201cpelo partido\u201d. <\/mark><\/p>\n<p>A investiga\u00e7\u00e3o deve apontar se a execu\u00e7\u00e3o de Dayane est\u00e1 relacionada com outras mortes. No dia do crime, os investigadores apontaram que n\u00e3o acreditam que o crime se trata de feminic\u00eddio.<\/p>\n<h4 class=\"wp-block-heading\"><strong>Pris\u00e3o em 2018<\/strong><\/h4>\n<p>O B.O. aponta que Dayane teria uma \u201cvasta ficha de antecedentes criminais\u201d.<mark style=\"background-color:#fcb900\" class=\"has-inline-color has-black-color\"> Em 2018, a publicit\u00e1ria foi presa acusada de atropelar o ex-namorado e uma jovem<\/mark> que estava com ele em uma moto, na marginal da <strong>avenida Luiz Galv\u00e3o C\u00e9sar<\/strong>, em Ribeir\u00e3o Preto.<\/p>\n<p>A mulher que estava na garupa da moto, \u00e0 \u00e9poca com 18 anos, morreu no local. O homem, que tinha 26 anos, foi socorrido em estado grave. A defesa de Dayane disse \u00e0 \u00e9poca que teria ocorrido um acidente.<\/p>\n<h4 class=\"wp-block-heading\"><strong>Condena\u00e7\u00e3o<\/strong><\/h4>\n<p><mark style=\"background-color:#fcb900\" class=\"has-inline-color has-black-color\">Dayane Isabel Roncari foi condenada a 7 anos, nove meses e 10 dia de reclus\u00e3o em regime semiaberto<\/mark>, pelo crime de les\u00e3o corporal contra a jovem Ester Lisboa Ribeiro Santos, que morreu na ocasi\u00e3o, e <strong>Wendell Souza de Almeida<\/strong>, ex-namorado da publicit\u00e1ria.<\/p>\n<h4 class=\"wp-block-heading\"><strong>Morte de Wendell<\/strong><\/h4>\n<p>J\u00e1 em 2021, o ex-namorado de Dayane, <mark style=\"background-color:#fcb900\" class=\"has-inline-color has-black-color\">Wendell Souza de Almeida, tamb\u00e9m foi assassinado<\/mark> no Parque das Figueiras, em Ribeir\u00e3o Preto. Na ocasi\u00e3o, ele estava na cal\u00e7ada, quando foi executado. De acordo com a <strong>Pol\u00edcia Civil<\/strong>, <mark style=\"background-color:#fcb900\" class=\"has-inline-color has-black-color\">o suspeito de ter assassinado Wendell foi preso em Sert\u00e3ozinho em um carro que pertenceria a Dayane.<\/mark><\/p>\n<h4 class=\"wp-block-heading\"><strong>Investiga\u00e7\u00e3o em sigilo<\/strong><\/h4>\n<p>A publicit\u00e1ria Dayane Roncari foi executada enquanto conversava com um amigo. Ela sofreu 30 disparos de dois homens que desceram de um carro preto e que estavam encapuzados. Todos os tiros foram em dire\u00e7\u00e3o a mulher, enquanto o amigo da v\u00edtima conseguiu fugir do ataque.<\/p>\n<p>Segundo a pol\u00edcia, os investigadores j\u00e1 coletaram \u201cevidencias objetivas e subjetivas\u201d que v\u00e3o auxiliar as investiga\u00e7\u00f5es e esclarecer a autoria e motiva\u00e7\u00e3o do crime. Contudo, a investiga\u00e7\u00e3o segue em sigilo e mais detalhes n\u00e3o podem ser informados no momento.<\/p>\n<p>SAIBA MAIS<br \/>Alerta para temporais na regi\u00e3o de Ribeir\u00e3o; Confira a previs\u00e3o nesta quarta<\/p>\n<h4 class=\"wp-block-heading\"><strong>FIQUE ON<\/strong><\/h4>\n<p>Fique ligado em tudo que acontece em Ribeir\u00e3o Preto e regi\u00e3o. Siga os perfis do <strong>acidade on <\/strong>no <a href=\"https:\/\/www.instagram.com\/acidadeonribeirao\" target=\"_blank\" rel=\"noreferrer noopener nofollow\">Instagram<\/a> e no<a href=\"https:\/\/www.facebook.com\/acidadeonribeirao\" target=\"_blank\" rel=\"noreferrer noopener nofollow\"> Facebook<\/a>.<\/p>\n<p>Receba not\u00edcias do <strong>acidade on<\/strong> no WhatsApp. <a href=\"https:\/\/chat.whatsapp.com\/Bnv2w66ZT4VDyZW3oiZ69n\" target=\"_blank\" rel=\"noreferrer noopener nofollow\">Para entrar no grupo, basta clicar aqui.<\/a><\/p>\n<p>Fa\u00e7a uma den\u00fancia ou sugira uma reportagem sobre Ribeir\u00e3o Preto e regi\u00e3o pelo WhatsApp: 16 99117 7802.<\/p>\n<p>VEJA TAMB\u00c9M<br \/>Bateria da Beija-Flor desperta brothers e Rodriguinho vira meme<\/p>\n<p><!-- AI CONTENT END 1 -->\n<\/div>\n<p><script async src=\"\/\/www.instagram.com\/embed.js\"><\/script><br \/>\n<br \/><br \/>\n<br \/><a href=\"https:\/\/www.acidadeon.com\/ribeiraopreto\/cotidiano\/o-que-falta-esclarecer-no-caso-da-publicitaria-executada-em-ribeirao-preto\/\">Source link <\/a><\/p>\n<div class='code-block code-block-4' style='margin: 8px auto 8px 0; text-align: left; display: block; clear: both;'>\n\ud83d\udce2 Aviso Legal\n\nO site ismaelcolosi.com.br atua apenas como um canal de divulga\u00e7\u00e3o de oportunidades de emprego e n\u00e3o se responsabiliza pelo processo seletivo, contrata\u00e7\u00e3o ou qualquer outra etapa relacionada \u00e0s vagas publicadas. Todas as informa\u00e7\u00f5es s\u00e3o de responsabilidade dos anunciantes.\n\n\u26a0\ufe0f Aten\u00e7\u00e3o! Nunca pague por promessas de emprego nem compre cursos que garantam contrata\u00e7\u00e3o. Desconfie de qualquer cobran\u00e7a para participar de sele\u00e7\u00f5es.\n\n\n\n<\/div>\n<!-- CONTENT END 1 -->\n","protected":false},"excerpt":{"rendered":"<p>No \u00faltimo domingo (4), a publicit\u00e1ria Dayane Isabel Roncari, de 33 anos, foi executada com 30 disparos em frente a uma casa no Jardim Maria&#8230;<\/p>\n","protected":false},"author":1,"featured_media":35783,"comment_status":"open","ping_status":"open","sticky":false,"template":"","format":"standard","meta":{"_uag_custom_page_level_css":"","advanced_seo_description":"","jetpack_seo_html_title":"","jetpack_seo_noindex":false,"jetpack_post_was_ever_published":false,"_jetpack_newsletter_access":"","_jetpack_dont_email_post_to_subs":false,"_jetpack_newsletter_tier_id":0,"_jetpack_memberships_contains_paywalled_content":false,"_jetpack_memberships_contains_paid_content":false,"footnotes":"","jetpack_publicize_message":"","jetpack_publicize_feature_enabled":true,"jetpack_social_post_already_shared":true,"jetpack_social_options":{"image_generator_settings":{"template":"highway","default_image_id":0,"font":"","enabled":false},"version":2}},"categories":[11],"tags":[],"class_list":["post-35782","post","type-post","status-publish","format-standard","has-post-thumbnail","hentry","category-noticias-de-ribeirao-preto-sp-e-regiao-ismael-colosi"],"jetpack_publicize_connections":[],"jetpack_featured_media_url":"https:\/\/i0.wp.com\/ismaelcolosi.com.br\/wp-content\/uploads\/2024\/02\/publicitaria-ribeirao-preto.jpeg?fit=1920%2C1079&ssl=1","uagb_featured_image_src":{"full":["https:\/\/i0.wp.com\/ismaelcolosi.com.br\/wp-content\/uploads\/2024\/02\/publicitaria-ribeirao-preto.jpeg?fit=1920%2C1079&ssl=1",1920,1079,false],"thumbnail":["https:\/\/i0.wp.com\/ismaelcolosi.com.br\/wp-content\/uploads\/2024\/02\/publicitaria-ribeirao-preto.jpeg?resize=150%2C150&ssl=1",150,150,true],"medium":["https:\/\/i0.wp.com\/ismaelcolosi.com.br\/wp-content\/uploads\/2024\/02\/publicitaria-ribeirao-preto.jpeg?fit=300%2C169&ssl=1",300,169,true],"medium_large":["https:\/\/i0.wp.com\/ismaelcolosi.com.br\/wp-content\/uploads\/2024\/02\/publicitaria-ribeirao-preto.jpeg?fit=768%2C432&ssl=1",768,432,true],"large":["https:\/\/i0.wp.com\/ismaelcolosi.com.br\/wp-content\/uploads\/2024\/02\/publicitaria-ribeirao-preto.jpeg?fit=1024%2C575&ssl=1",1024,575,true],"1536x1536":["https:\/\/i0.wp.com\/ismaelcolosi.com.br\/wp-content\/uploads\/2024\/02\/publicitaria-ribeirao-preto.jpeg?fit=1536%2C863&ssl=1",1536,863,true],"2048x2048":["https:\/\/i0.wp.com\/ismaelcolosi.com.br\/wp-content\/uploads\/2024\/02\/publicitaria-ribeirao-preto.jpeg?fit=1920%2C1079&ssl=1",1920,1079,true],"really-simple-thumb":["https:\/\/i0.wp.com\/ismaelcolosi.com.br\/wp-content\/uploads\/2024\/02\/publicitaria-ribeirao-preto.jpeg?resize=370%2C247&ssl=1",370,247,true]},"uagb_author_info":{"display_name":"ismaelcolosi.com.br","author_link":"https:\/\/ismaelcolosi.com.br\/index.php\/author\/vidareal-online\/"},"uagb_comment_info":0,"uagb_excerpt":"No \u00faltimo domingo (4), a publicit\u00e1ria Dayane Isabel Roncari, de 33 anos, foi executada com 30 disparos em frente a uma casa no Jardim Maria...","jetpack-related-posts":[{"id":35157,"url":"https:\/\/ismaelcolosi.com.br\/index.php\/2024\/02\/05\/o-que-se-sabe-sobre-a-execucao-da-publicitaria-em-ribeirao-preto\/","url_meta":{"origin":35782,"position":0},"title":"O que se sabe sobre a execu\u00e7\u00e3o da publicit\u00e1ria em Ribeir\u00e3o Preto","author":"ismaelcolosi.com.br","date":"5 de February de 2024","format":false,"excerpt":"A publicit\u00e1ria Dayane Isabel Roncari, de 33 anos, executada em frente a uma casa no Jardim Maria Goretti, na zona Oeste de Ribeir\u00e3o Preto, na noite do \u00faltimo domingo (3), estaria sendo jurada de morte, de acordo com o B.O. (boletim de ocorr\u00eancia). A v\u00edtima foi morta depois de sofrer\u2026","rel":"","context":"In &quot;Not\u00edcias de Ribeir\u00e3o Preto-SP e Regi\u00e3o&quot;","block_context":{"text":"Not\u00edcias de Ribeir\u00e3o Preto-SP e Regi\u00e3o","link":"https:\/\/ismaelcolosi.com.br\/index.php\/category\/noticias-de-ribeirao-preto-sp-e-regiao-ismael-colosi\/"},"img":{"alt_text":"","src":"https:\/\/i0.wp.com\/ismaelcolosi.com.br\/wp-content\/uploads\/2024\/02\/dayane.jpeg?fit=1200%2C674&ssl=1&resize=350%2C200","width":350,"height":200,"srcset":"https:\/\/i0.wp.com\/ismaelcolosi.com.br\/wp-content\/uploads\/2024\/02\/dayane.jpeg?fit=1200%2C674&ssl=1&resize=350%2C200 1x, https:\/\/i0.wp.com\/ismaelcolosi.com.br\/wp-content\/uploads\/2024\/02\/dayane.jpeg?fit=1200%2C674&ssl=1&resize=525%2C300 1.5x, https:\/\/i0.wp.com\/ismaelcolosi.com.br\/wp-content\/uploads\/2024\/02\/dayane.jpeg?fit=1200%2C674&ssl=1&resize=700%2C400 2x, https:\/\/i0.wp.com\/ismaelcolosi.com.br\/wp-content\/uploads\/2024\/02\/dayane.jpeg?fit=1200%2C674&ssl=1&resize=1050%2C600 3x"},"classes":[]},{"id":35321,"url":"https:\/\/ismaelcolosi.com.br\/index.php\/2024\/02\/05\/e-uma-atitude-do-crime-organizado-diz-delegado-sobre-morte-de-publicitaria-em-ribeirao\/","url_meta":{"origin":35782,"position":1},"title":"&#8216;\u00c9 uma atitude do crime organizado&#8217;, diz delegado sobre morte de publicit\u00e1ria em Ribeir\u00e3o","author":"ismaelcolosi.com.br","date":"5 de February de 2024","format":false,"excerpt":"O delegado Rodolfo Latif Sebba, respons\u00e1vel por investigar a morte da publicit\u00e1ria Dayane Isabel Roncari, de 33 anos, j\u00e1 descartou qualquer possibilidade do crime se tratar de um feminic\u00eddio. A v\u00edtima foi morta em frente a uma casa no Jardim Maria Goretti, na zona Oeste de Ribeir\u00e3o Preto, na noite\u2026","rel":"","context":"In &quot;Not\u00edcias de Ribeir\u00e3o Preto-SP e Regi\u00e3o&quot;","block_context":{"text":"Not\u00edcias de Ribeir\u00e3o Preto-SP e Regi\u00e3o","link":"https:\/\/ismaelcolosi.com.br\/index.php\/category\/noticias-de-ribeirao-preto-sp-e-regiao-ismael-colosi\/"},"img":{"alt_text":"","src":"https:\/\/i0.wp.com\/ismaelcolosi.com.br\/wp-content\/uploads\/2024\/02\/1707182577_dayane.jpeg?fit=1200%2C674&ssl=1&resize=350%2C200","width":350,"height":200,"srcset":"https:\/\/i0.wp.com\/ismaelcolosi.com.br\/wp-content\/uploads\/2024\/02\/1707182577_dayane.jpeg?fit=1200%2C674&ssl=1&resize=350%2C200 1x, https:\/\/i0.wp.com\/ismaelcolosi.com.br\/wp-content\/uploads\/2024\/02\/1707182577_dayane.jpeg?fit=1200%2C674&ssl=1&resize=525%2C300 1.5x, https:\/\/i0.wp.com\/ismaelcolosi.com.br\/wp-content\/uploads\/2024\/02\/1707182577_dayane.jpeg?fit=1200%2C674&ssl=1&resize=700%2C400 2x, https:\/\/i0.wp.com\/ismaelcolosi.com.br\/wp-content\/uploads\/2024\/02\/1707182577_dayane.jpeg?fit=1200%2C674&ssl=1&resize=1050%2C600 3x"},"classes":[]},{"id":38807,"url":"https:\/\/ismaelcolosi.com.br\/index.php\/2024\/02\/21\/o-que-falta-esclarecer-no-caso-do-tiroteio-no-centro-de-ribeirao-preto\/","url_meta":{"origin":35782,"position":2},"title":"O que falta esclarecer no caso do tiroteio no Centro de Ribeir\u00e3o Preto","author":"ismaelcolosi.com.br","date":"21 de February de 2024","format":false,"excerpt":"O delegado Targino Os\u00f3rio afirma que a Pol\u00edcia Civil ainda n\u00e3o recebeu den\u00fancias sobre os envolvidos na tentativa de assalto que terminou com a morte do policial militar aposentado Darie Alves Tremura, de 63 anos, no dia 12 de fevereiro. O respons\u00e1vel pelas investiga\u00e7\u00f5es afirma que uma for\u00e7a-tarefa atua no\u2026","rel":"","context":"In &quot;Not\u00edcias de Ribeir\u00e3o Preto-SP e Regi\u00e3o&quot;","block_context":{"text":"Not\u00edcias de Ribeir\u00e3o Preto-SP e Regi\u00e3o","link":"https:\/\/ismaelcolosi.com.br\/index.php\/category\/noticias-de-ribeirao-preto-sp-e-regiao-ismael-colosi\/"},"img":{"alt_text":"","src":"https:\/\/i0.wp.com\/ismaelcolosi.com.br\/wp-content\/uploads\/2024\/02\/1708547583_WhatsApp-Image-2024-02-12-at-16.27.00.jpeg?fit=1200%2C675&ssl=1&resize=350%2C200","width":350,"height":200,"srcset":"https:\/\/i0.wp.com\/ismaelcolosi.com.br\/wp-content\/uploads\/2024\/02\/1708547583_WhatsApp-Image-2024-02-12-at-16.27.00.jpeg?fit=1200%2C675&ssl=1&resize=350%2C200 1x, https:\/\/i0.wp.com\/ismaelcolosi.com.br\/wp-content\/uploads\/2024\/02\/1708547583_WhatsApp-Image-2024-02-12-at-16.27.00.jpeg?fit=1200%2C675&ssl=1&resize=525%2C300 1.5x, https:\/\/i0.wp.com\/ismaelcolosi.com.br\/wp-content\/uploads\/2024\/02\/1708547583_WhatsApp-Image-2024-02-12-at-16.27.00.jpeg?fit=1200%2C675&ssl=1&resize=700%2C400 2x, https:\/\/i0.wp.com\/ismaelcolosi.com.br\/wp-content\/uploads\/2024\/02\/1708547583_WhatsApp-Image-2024-02-12-at-16.27.00.jpeg?fit=1200%2C675&ssl=1&resize=1050%2C600 3x"},"classes":[]},{"id":48582,"url":"https:\/\/ismaelcolosi.com.br\/index.php\/2024\/05\/03\/o-que-falta-esclarecer-sobre-o-acidente-com-feridos-na-agrishow-em-ribeirao-preto\/","url_meta":{"origin":35782,"position":3},"title":"O que falta esclarecer sobre o acidente com feridos na Agrishow em Ribeir\u00e3o Preto","author":"ismaelcolosi.com.br","date":"3 de May de 2024","format":false,"excerpt":"*Com informa\u00e7\u00f5es da EPTV A Pol\u00edcia Civil investiga quais foram os motivos do acidente pr\u00f3ximo a regi\u00e3o do heliponto da Agrishow, que aconteceu na manh\u00e3 desta quinta-feira (2), em Ribeir\u00e3o Preto. Duas pessoas ficaram feridas ap\u00f3s a tenda de um estande desabar devido \u00e0 for\u00e7a do vento da h\u00e9lice de\u2026","rel":"","context":"In &quot;Not\u00edcias de Ribeir\u00e3o Preto-SP e Regi\u00e3o&quot;","block_context":{"text":"Not\u00edcias de Ribeir\u00e3o Preto-SP e Regi\u00e3o","link":"https:\/\/ismaelcolosi.com.br\/index.php\/category\/noticias-de-ribeirao-preto-sp-e-regiao-ismael-colosi\/"},"img":{"alt_text":"","src":"https:\/\/i0.wp.com\/ismaelcolosi.com.br\/wp-content\/uploads\/2024\/05\/Copia-de-Copia-de-TAMANHO-EXATO-PARA-FOTOS-NO-SISTEMA-NOVO-25_2024-05-03_22-53-03_png_2024-05-03_22-53-04.webp.webp?fit=1200%2C675&ssl=1&resize=350%2C200","width":350,"height":200,"srcset":"https:\/\/i0.wp.com\/ismaelcolosi.com.br\/wp-content\/uploads\/2024\/05\/Copia-de-Copia-de-TAMANHO-EXATO-PARA-FOTOS-NO-SISTEMA-NOVO-25_2024-05-03_22-53-03_png_2024-05-03_22-53-04.webp.webp?fit=1200%2C675&ssl=1&resize=350%2C200 1x, https:\/\/i0.wp.com\/ismaelcolosi.com.br\/wp-content\/uploads\/2024\/05\/Copia-de-Copia-de-TAMANHO-EXATO-PARA-FOTOS-NO-SISTEMA-NOVO-25_2024-05-03_22-53-03_png_2024-05-03_22-53-04.webp.webp?fit=1200%2C675&ssl=1&resize=525%2C300 1.5x, https:\/\/i0.wp.com\/ismaelcolosi.com.br\/wp-content\/uploads\/2024\/05\/Copia-de-Copia-de-TAMANHO-EXATO-PARA-FOTOS-NO-SISTEMA-NOVO-25_2024-05-03_22-53-03_png_2024-05-03_22-53-04.webp.webp?fit=1200%2C675&ssl=1&resize=700%2C400 2x, https:\/\/i0.wp.com\/ismaelcolosi.com.br\/wp-content\/uploads\/2024\/05\/Copia-de-Copia-de-TAMANHO-EXATO-PARA-FOTOS-NO-SISTEMA-NOVO-25_2024-05-03_22-53-03_png_2024-05-03_22-53-04.webp.webp?fit=1200%2C675&ssl=1&resize=1050%2C600 3x"},"classes":[]},{"id":40653,"url":"https:\/\/ismaelcolosi.com.br\/index.php\/2024\/03\/05\/policia-conclui-investigacao-do-caso-do-engenheiro-morto-em-ribeirao-veja-detalhes\/","url_meta":{"origin":35782,"position":4},"title":"Pol\u00edcia conclui investiga\u00e7\u00e3o do caso do engenheiro morto em Ribeir\u00e3o; Veja detalhes","author":"ismaelcolosi.com.br","date":"5 de March de 2024","format":false,"excerpt":"A Pol\u00edcia Civil concluiu na \u00faltima segunda-feira (4) a investiga\u00e7\u00e3o do caso do engenheiro Paulo Roberto de Carvalho Braga Filho, que foi morto em Ribeir\u00e3o Preto no final de 2023. O delegado Targino Os\u00f3rio indiciou dois homens pelo crime de latroc\u00ednio (roubo seguido de morte). De acordo com o documento,\u2026","rel":"","context":"In &quot;Not\u00edcias de Ribeir\u00e3o Preto-SP e Regi\u00e3o&quot;","block_context":{"text":"Not\u00edcias de Ribeir\u00e3o Preto-SP e Regi\u00e3o","link":"https:\/\/ismaelcolosi.com.br\/index.php\/category\/noticias-de-ribeirao-preto-sp-e-regiao-ismael-colosi\/"},"img":{"alt_text":"","src":"https:\/\/i0.wp.com\/ismaelcolosi.com.br\/wp-content\/uploads\/2024\/03\/AnyConv.com__beto-braga.webp.webp?fit=979%2C610&ssl=1&resize=350%2C200","width":350,"height":200,"srcset":"https:\/\/i0.wp.com\/ismaelcolosi.com.br\/wp-content\/uploads\/2024\/03\/AnyConv.com__beto-braga.webp.webp?fit=979%2C610&ssl=1&resize=350%2C200 1x, https:\/\/i0.wp.com\/ismaelcolosi.com.br\/wp-content\/uploads\/2024\/03\/AnyConv.com__beto-braga.webp.webp?fit=979%2C610&ssl=1&resize=525%2C300 1.5x, https:\/\/i0.wp.com\/ismaelcolosi.com.br\/wp-content\/uploads\/2024\/03\/AnyConv.com__beto-braga.webp.webp?fit=979%2C610&ssl=1&resize=700%2C400 2x"},"classes":[]},{"id":41153,"url":"https:\/\/ismaelcolosi.com.br\/index.php\/2024\/03\/06\/o-que-sabe-sobre-a-morte-do-corretor-esfaqueado-pela-namorada-em-ribeirao\/","url_meta":{"origin":35782,"position":5},"title":"O que sabe sobre a morte do corretor esfaqueado pela namorada em Ribeir\u00e3o","author":"ismaelcolosi.com.br","date":"6 de March de 2024","format":false,"excerpt":"A Pol\u00edcia Civil de Ribeir\u00e3o Preto ouviu, nesta quarta-feira (6), o depoimento da mulher suspeita de ter matado esfaqueado o corretor de im\u00f3veis Carlos Felipe Camargo da Silva, de 29 anos, no \u00faltimo domingo (3). A v\u00edtima foi levada para UPA (Unidade de Pronto Atendimento) Norte, mas n\u00e3o resistiu aos\u2026","rel":"","context":"In &quot;Not\u00edcias de Ribeir\u00e3o Preto-SP e Regi\u00e3o&quot;","block_context":{"text":"Not\u00edcias de Ribeir\u00e3o Preto-SP e Regi\u00e3o","link":"https:\/\/ismaelcolosi.com.br\/index.php\/category\/noticias-de-ribeirao-preto-sp-e-regiao-ismael-colosi\/"},"img":{"alt_text":"","src":"https:\/\/i0.wp.com\/ismaelcolosi.com.br\/wp-content\/uploads\/2024\/03\/AnyConv.com__WhatsApp-Image-2024-03-06-at-16.30.54.webp.webp?fit=1200%2C674&ssl=1&resize=350%2C200","width":350,"height":200,"srcset":"https:\/\/i0.wp.com\/ismaelcolosi.com.br\/wp-content\/uploads\/2024\/03\/AnyConv.com__WhatsApp-Image-2024-03-06-at-16.30.54.webp.webp?fit=1200%2C674&ssl=1&resize=350%2C200 1x, https:\/\/i0.wp.com\/ismaelcolosi.com.br\/wp-content\/uploads\/2024\/03\/AnyConv.com__WhatsApp-Image-2024-03-06-at-16.30.54.webp.webp?fit=1200%2C674&ssl=1&resize=525%2C300 1.5x, https:\/\/i0.wp.com\/ismaelcolosi.com.br\/wp-content\/uploads\/2024\/03\/AnyConv.com__WhatsApp-Image-2024-03-06-at-16.30.54.webp.webp?fit=1200%2C674&ssl=1&resize=700%2C400 2x, https:\/\/i0.wp.com\/ismaelcolosi.com.br\/wp-content\/uploads\/2024\/03\/AnyConv.com__WhatsApp-Image-2024-03-06-at-16.30.54.webp.webp?fit=1200%2C674&ssl=1&resize=1050%2C600 3x"},"classes":[]}],"jetpack_sharing_enabled":true,"jetpack_shortlink":"https:\/\/wp.me\/pfMlyK-9j8","_links":{"self":[{"href":"https:\/\/ismaelcolosi.com.br\/index.php\/wp-json\/wp\/v2\/posts\/35782","targetHints":{"allow":["GET"]}}],"collection":[{"href":"https:\/\/ismaelcolosi.com.br\/index.php\/wp-json\/wp\/v2\/posts"}],"about":[{"href":"https:\/\/ismaelcolosi.com.br\/index.php\/wp-json\/wp\/v2\/types\/post"}],"author":[{"embeddable":true,"href":"https:\/\/ismaelcolosi.com.br\/index.php\/wp-json\/wp\/v2\/users\/1"}],"replies":[{"embeddable":true,"href":"https:\/\/ismaelcolosi.com.br\/index.php\/wp-json\/wp\/v2\/comments?post=35782"}],"version-history":[{"count":0,"href":"https:\/\/ismaelcolosi.com.br\/index.php\/wp-json\/wp\/v2\/posts\/35782\/revisions"}],"wp:featuredmedia":[{"embeddable":true,"href":"https:\/\/ismaelcolosi.com.br\/index.php\/wp-json\/wp\/v2\/media\/35783"}],"wp:attachment":[{"href":"https:\/\/ismaelcolosi.com.br\/index.php\/wp-json\/wp\/v2\/media?parent=35782"}],"wp:term":[{"taxonomy":"category","embeddable":true,"href":"https:\/\/ismaelcolosi.com.br\/index.php\/wp-json\/wp\/v2\/categories?post=35782"},{"taxonomy":"post_tag","embeddable":true,"href":"https:\/\/ismaelcolosi.com.br\/index.php\/wp-json\/wp\/v2\/tags?post=35782"}],"curies":[{"name":"wp","href":"https:\/\/api.w.org\/{rel}","templated":true}]}}