{"id":35608,"date":"2024-02-06T22:35:52","date_gmt":"2024-02-07T01:35:52","guid":{"rendered":"https:\/\/ismaelcolosi.com.br\/index.php\/2024\/02\/06\/comercial-empata-com-o-primavera-em-casa-e-luta-contra-o-rebaixamento\/"},"modified":"2024-02-06T22:35:52","modified_gmt":"2024-02-07T01:35:52","slug":"comercial-empata-com-o-primavera-em-casa-e-luta-contra-o-rebaixamento","status":"publish","type":"post","link":"https:\/\/ismaelcolosi.com.br\/index.php\/2024\/02\/06\/comercial-empata-com-o-primavera-em-casa-e-luta-contra-o-rebaixamento\/","title":{"rendered":"Comercial empata com o Primavera em casa e luta contra o rebaixamento"},"content":{"rendered":"<p> <br \/>\n<\/p>\n<div data-td-block-uid=\"tdi_102\">\n<div class=\"tdb-block-inner td-fix-index\">\n<p>O <strong>Comercial <\/strong>empatou em 0 a 0 com o <strong>Primavera<\/strong>, em partida realizada nesta ter\u00e7a-feira (6), no est\u00e1dio <strong>Palma Travassos<\/strong>, em <strong>Ribeir\u00e3o Preto<\/strong>. <mark style=\"background-color:#fcb900\" class=\"has-inline-color\">Essa foi a 7\u00aa rodada do <strong>Campeonato Paulista da S\u00e9rie A2.<\/strong><\/mark><\/p>\n<p>Com o resultado o time Alvinegro soma<strong> quatro pontos na tabela de classifica\u00e7\u00e3o<\/strong>, por\u00e9m, permanece na <strong>15\u00aa coloca\u00e7\u00e3o e est\u00e1 dentro da zona de rebaixamento.<\/strong><\/p>\n<p>Se nesta rodada o <strong>Monte Azul vencer a partida contra o Oeste<\/strong>, que ser\u00e1 realizada nesta quarta-feira (7), o <strong>Le\u00e3o vira o lanterna da disputa.<\/strong><\/p>\n<p><strong>O pr\u00f3ximo jogo do Comercial \u00e9 contra o Velo Clube<\/strong>, neste s\u00e1bado (10), \u00e0s 16h, no Est\u00e1dio Benito Agnelo Castellano, <strong>em Rio Claro<\/strong>.<\/p>\n<p>SAIBA MAIS<\/p>\n<p>Ta\u00e7a EPTV de Futsal Ribeir\u00e3o Preto abre inscri\u00e7\u00f5es para edi\u00e7\u00e3o de 2024; Confira o calend\u00e1rio<\/p>\n<h4 class=\"wp-block-heading\"><strong><mark style=\"background-color:#fcb900\" class=\"has-inline-color\">FIQUE ON<\/mark><\/strong><\/h4>\n<p>Fique ligado em tudo que acontece em Ribeir\u00e3o Preto e regi\u00e3o. Siga os perfis do\u00a0<strong>acidade on\u00a0<\/strong>no\u00a0<a href=\"https:\/\/www.instagram.com\/acidadeonribeirao\" target=\"_blank\" rel=\"noreferrer noopener\">Instagram<\/a>\u00a0e no\u00a0<a href=\"https:\/\/www.facebook.com\/acidadeonribeirao\" target=\"_blank\" rel=\"noreferrer noopener\">Facebook<\/a>.<\/p>\n<p>Receba not\u00edcias do\u00a0<strong>acidade on<\/strong>\u00a0no WhatsApp.\u00a0<a href=\"https:\/\/chat.whatsapp.com\/Bnv2w66ZT4VDyZW3oiZ69n\" target=\"_blank\" rel=\"noreferrer noopener\">Para entrar no grupo, basta clicar aqui.<\/a><\/p>\n<p>Fa\u00e7a uma den\u00fancia ou sugira uma reportagem sobre Ribeir\u00e3o Preto e regi\u00e3o pelo WhatsApp: 16 99117 7802.<\/p>\n<p>VEJA TAMB\u00c9M<br \/>Quando come\u00e7a \u201cEstrela da Casa\u201d, novo reality musical da Globo?<\/p>\n<p><!-- AI CONTENT END 1 -->\n<\/div>\n<\/div>\n<p><script async src=\"\/\/www.instagram.com\/embed.js\"><\/script><br \/>\n<br \/><br \/>\n<br \/><a href=\"https:\/\/www.acidadeon.com\/ribeiraopreto\/esportes\/comercial-empata-com-o-primavera-em-casa-e-luta-contra-o-rebaixamento\/\">Source link <\/a><\/p>\n<div class='code-block code-block-4' style='margin: 8px auto 8px 0; text-align: left; display: block; clear: both;'>\n\ud83d\udce2 Aviso Legal\n\nO site ismaelcolosi.com.br atua apenas como um canal de divulga\u00e7\u00e3o de oportunidades de emprego e n\u00e3o se responsabiliza pelo processo seletivo, contrata\u00e7\u00e3o ou qualquer outra etapa relacionada \u00e0s vagas publicadas. Todas as informa\u00e7\u00f5es s\u00e3o de responsabilidade dos anunciantes.\n\n\u26a0\ufe0f Aten\u00e7\u00e3o! Nunca pague por promessas de emprego nem compre cursos que garantam contrata\u00e7\u00e3o. Desconfie de qualquer cobran\u00e7a para participar de sele\u00e7\u00f5es.\n\n\n\n<\/div>\n<!-- CONTENT END 1 -->\n","protected":false},"excerpt":{"rendered":"<p>O Comercial empatou em 0 a 0 com o Primavera, em partida realizada nesta ter\u00e7a-feira (6), no est\u00e1dio Palma Travassos, em Ribeir\u00e3o Preto. Essa foi&#8230;<\/p>\n","protected":false},"author":1,"featured_media":35609,"comment_status":"open","ping_status":"open","sticky":false,"template":"","format":"standard","meta":{"_uag_custom_page_level_css":"","advanced_seo_description":"","jetpack_seo_html_title":"","jetpack_seo_noindex":false,"jetpack_post_was_ever_published":false,"_jetpack_newsletter_access":"","_jetpack_dont_email_post_to_subs":false,"_jetpack_newsletter_tier_id":0,"_jetpack_memberships_contains_paywalled_content":false,"_jetpack_memberships_contains_paid_content":false,"footnotes":"","jetpack_publicize_message":"","jetpack_publicize_feature_enabled":true,"jetpack_social_post_already_shared":true,"jetpack_social_options":{"image_generator_settings":{"template":"highway","default_image_id":0,"font":"","enabled":false},"version":2}},"categories":[11],"tags":[],"class_list":["post-35608","post","type-post","status-publish","format-standard","has-post-thumbnail","hentry","category-noticias-de-ribeirao-preto-sp-e-regiao-ismael-colosi"],"jetpack_publicize_connections":[],"jetpack_featured_media_url":"https:\/\/i0.wp.com\/ismaelcolosi.com.br\/wp-content\/uploads\/2024\/02\/WhatsApp-Image-2024-02-06-at-22.17.27-scaled.jpeg?fit=2560%2C1707&ssl=1","uagb_featured_image_src":{"full":["https:\/\/i0.wp.com\/ismaelcolosi.com.br\/wp-content\/uploads\/2024\/02\/WhatsApp-Image-2024-02-06-at-22.17.27-scaled.jpeg?fit=2560%2C1707&ssl=1",2560,1707,false],"thumbnail":["https:\/\/i0.wp.com\/ismaelcolosi.com.br\/wp-content\/uploads\/2024\/02\/WhatsApp-Image-2024-02-06-at-22.17.27-scaled.jpeg?resize=150%2C150&ssl=1",150,150,true],"medium":["https:\/\/i0.wp.com\/ismaelcolosi.com.br\/wp-content\/uploads\/2024\/02\/WhatsApp-Image-2024-02-06-at-22.17.27-scaled.jpeg?fit=300%2C200&ssl=1",300,200,true],"medium_large":["https:\/\/i0.wp.com\/ismaelcolosi.com.br\/wp-content\/uploads\/2024\/02\/WhatsApp-Image-2024-02-06-at-22.17.27-scaled.jpeg?fit=768%2C512&ssl=1",768,512,true],"large":["https:\/\/i0.wp.com\/ismaelcolosi.com.br\/wp-content\/uploads\/2024\/02\/WhatsApp-Image-2024-02-06-at-22.17.27-scaled.jpeg?fit=1024%2C683&ssl=1",1024,683,true],"1536x1536":["https:\/\/i0.wp.com\/ismaelcolosi.com.br\/wp-content\/uploads\/2024\/02\/WhatsApp-Image-2024-02-06-at-22.17.27-scaled.jpeg?fit=1536%2C1024&ssl=1",1536,1024,true],"2048x2048":["https:\/\/i0.wp.com\/ismaelcolosi.com.br\/wp-content\/uploads\/2024\/02\/WhatsApp-Image-2024-02-06-at-22.17.27-scaled.jpeg?fit=2048%2C1366&ssl=1",2048,1366,true],"really-simple-thumb":["https:\/\/i0.wp.com\/ismaelcolosi.com.br\/wp-content\/uploads\/2024\/02\/WhatsApp-Image-2024-02-06-at-22.17.27-scaled.jpeg?resize=370%2C247&ssl=1",370,247,true]},"uagb_author_info":{"display_name":"ismaelcolosi.com.br","author_link":"https:\/\/ismaelcolosi.com.br\/index.php\/author\/vidareal-online\/"},"uagb_comment_info":0,"uagb_excerpt":"O Comercial empatou em 0 a 0 com o Primavera, em partida realizada nesta ter\u00e7a-feira (6), no est\u00e1dio Palma Travassos, em Ribeir\u00e3o Preto. Essa foi...","jetpack-related-posts":[{"id":41395,"url":"https:\/\/ismaelcolosi.com.br\/index.php\/2024\/03\/07\/comercial-e-rebaixado-para-serie-a3-em-partida-realizada-na-casa-do-seu-maior-rival\/","url_meta":{"origin":35608,"position":0},"title":"Comercial \u00e9 rebaixado para S\u00e9rie A3 em partida realizada na casa do seu maior rival","author":"ismaelcolosi.com.br","date":"7 de March de 2024","format":false,"excerpt":"O Comercial foi rebaixado para a S\u00e9rie A3, ap\u00f3s perder a partida contra o Juventus por 2 a 1, na noite desta quinta-feira (7), pela 13\u00aa rodada do Campeonato Paulista S\u00e9rie A2. A disputa aconteceu no est\u00e1dio Santa Cruz, em Ribeir\u00e3o Preto, casa do maior rival do Alvinegro. O jogo\u2026","rel":"","context":"In &quot;Not\u00edcias de Ribeir\u00e3o Preto-SP e Regi\u00e3o&quot;","block_context":{"text":"Not\u00edcias de Ribeir\u00e3o Preto-SP e Regi\u00e3o","link":"https:\/\/ismaelcolosi.com.br\/index.php\/category\/noticias-de-ribeirao-preto-sp-e-regiao-ismael-colosi\/"},"img":{"alt_text":"","src":"https:\/\/i0.wp.com\/ismaelcolosi.com.br\/wp-content\/uploads\/2024\/03\/AnyConv.com__WhatsApp-Image-2024-03-07-at-21.59.15.webp.webp?fit=1109%2C739&ssl=1&resize=350%2C200","width":350,"height":200,"srcset":"https:\/\/i0.wp.com\/ismaelcolosi.com.br\/wp-content\/uploads\/2024\/03\/AnyConv.com__WhatsApp-Image-2024-03-07-at-21.59.15.webp.webp?fit=1109%2C739&ssl=1&resize=350%2C200 1x, https:\/\/i0.wp.com\/ismaelcolosi.com.br\/wp-content\/uploads\/2024\/03\/AnyConv.com__WhatsApp-Image-2024-03-07-at-21.59.15.webp.webp?fit=1109%2C739&ssl=1&resize=525%2C300 1.5x, https:\/\/i0.wp.com\/ismaelcolosi.com.br\/wp-content\/uploads\/2024\/03\/AnyConv.com__WhatsApp-Image-2024-03-07-at-21.59.15.webp.webp?fit=1109%2C739&ssl=1&resize=700%2C400 2x, https:\/\/i0.wp.com\/ismaelcolosi.com.br\/wp-content\/uploads\/2024\/03\/AnyConv.com__WhatsApp-Image-2024-03-07-at-21.59.15.webp.webp?fit=1109%2C739&ssl=1&resize=1050%2C600 3x"},"classes":[]},{"id":50160,"url":"https:\/\/ismaelcolosi.com.br\/index.php\/2024\/05\/14\/botafogo-empata-com-a-chapecoense-em-partida-realizada-em-ribeirao-preto\/","url_meta":{"origin":35608,"position":1},"title":"Botafogo empata com a Chapecoense em partida realizada em Ribeir\u00e3o Preto","author":"ismaelcolosi.com.br","date":"14 de May de 2024","format":false,"excerpt":"O Botafogo empatou em 0 a 0 com a Chapecoense, na noite desta ter\u00e7a-feira (14), em disputa realizada no est\u00e1dio Santa Cruz Arena NicNet, em Ribeir\u00e3o Preto. Essa foi a quinta rodada do Campeonato Brasileiro S\u00e9rie B. O Tricolor n\u00e3o possui nenhuma vit\u00f3ria na competi\u00e7\u00e3o e ocupa o 16\u00b0 lugar\u2026","rel":"","context":"In &quot;Not\u00edcias de Ribeir\u00e3o Preto-SP e Regi\u00e3o&quot;","block_context":{"text":"Not\u00edcias de Ribeir\u00e3o Preto-SP e Regi\u00e3o","link":"https:\/\/ismaelcolosi.com.br\/index.php\/category\/noticias-de-ribeirao-preto-sp-e-regiao-ismael-colosi\/"},"img":{"alt_text":"","src":"https:\/\/i0.wp.com\/ismaelcolosi.com.br\/wp-content\/uploads\/2024\/05\/WhatsApp-Image-2024-05-14-at-22.29.34_2024-05-15_02-12-55_jpeg_2024-05-15_02-12-55.webp.webp?fit=1200%2C800&ssl=1&resize=350%2C200","width":350,"height":200,"srcset":"https:\/\/i0.wp.com\/ismaelcolosi.com.br\/wp-content\/uploads\/2024\/05\/WhatsApp-Image-2024-05-14-at-22.29.34_2024-05-15_02-12-55_jpeg_2024-05-15_02-12-55.webp.webp?fit=1200%2C800&ssl=1&resize=350%2C200 1x, https:\/\/i0.wp.com\/ismaelcolosi.com.br\/wp-content\/uploads\/2024\/05\/WhatsApp-Image-2024-05-14-at-22.29.34_2024-05-15_02-12-55_jpeg_2024-05-15_02-12-55.webp.webp?fit=1200%2C800&ssl=1&resize=525%2C300 1.5x, https:\/\/i0.wp.com\/ismaelcolosi.com.br\/wp-content\/uploads\/2024\/05\/WhatsApp-Image-2024-05-14-at-22.29.34_2024-05-15_02-12-55_jpeg_2024-05-15_02-12-55.webp.webp?fit=1200%2C800&ssl=1&resize=700%2C400 2x, https:\/\/i0.wp.com\/ismaelcolosi.com.br\/wp-content\/uploads\/2024\/05\/WhatsApp-Image-2024-05-14-at-22.29.34_2024-05-15_02-12-55_jpeg_2024-05-15_02-12-55.webp.webp?fit=1200%2C800&ssl=1&resize=1050%2C600 3x"},"classes":[]},{"id":56616,"url":"https:\/\/ismaelcolosi.com.br\/index.php\/2024\/07\/12\/botafogo-perde-para-o-amazonas-em-ribeirao-preto-e-se-aproxima-da-zona-de-rebaixamento\/","url_meta":{"origin":35608,"position":2},"title":"Botafogo perde para o Amazonas em Ribeir\u00e3o Preto e se aproxima da zona de rebaixamento","author":"ismaelcolosi.com.br","date":"12 de July de 2024","format":false,"excerpt":"O Botafogo perdeu por 1 a 0 para o Amazonas, na noite desta sexta-feira (12), pela 15\u00aa rodada do Campeonato Brasileiro S\u00e9rie B. A partida aconteceu no est\u00e1dio Santa Cruz, em Ribeir\u00e3o Preto. \u00a0 O \u00fanico gol da noite foi marcado pelo volante Barros, aos 19 minutos do primeiro tempo.\u2026","rel":"","context":"In &quot;Not\u00edcias de Ribeir\u00e3o Preto-SP e Regi\u00e3o&quot;","block_context":{"text":"Not\u00edcias de Ribeir\u00e3o Preto-SP e Regi\u00e3o","link":"https:\/\/ismaelcolosi.com.br\/index.php\/category\/noticias-de-ribeirao-preto-sp-e-regiao-ismael-colosi\/"},"img":{"alt_text":"","src":"https:\/\/i0.wp.com\/ismaelcolosi.com.br\/wp-content\/uploads\/2024\/07\/WhatsApp-Image-2024-07-12-at-22.52.31_2024-07-13_02-01-19_jpeg_2024-07-13_02-01-19.webp.webp?fit=1200%2C800&ssl=1&resize=350%2C200","width":350,"height":200,"srcset":"https:\/\/i0.wp.com\/ismaelcolosi.com.br\/wp-content\/uploads\/2024\/07\/WhatsApp-Image-2024-07-12-at-22.52.31_2024-07-13_02-01-19_jpeg_2024-07-13_02-01-19.webp.webp?fit=1200%2C800&ssl=1&resize=350%2C200 1x, https:\/\/i0.wp.com\/ismaelcolosi.com.br\/wp-content\/uploads\/2024\/07\/WhatsApp-Image-2024-07-12-at-22.52.31_2024-07-13_02-01-19_jpeg_2024-07-13_02-01-19.webp.webp?fit=1200%2C800&ssl=1&resize=525%2C300 1.5x, https:\/\/i0.wp.com\/ismaelcolosi.com.br\/wp-content\/uploads\/2024\/07\/WhatsApp-Image-2024-07-12-at-22.52.31_2024-07-13_02-01-19_jpeg_2024-07-13_02-01-19.webp.webp?fit=1200%2C800&ssl=1&resize=700%2C400 2x, https:\/\/i0.wp.com\/ismaelcolosi.com.br\/wp-content\/uploads\/2024\/07\/WhatsApp-Image-2024-07-12-at-22.52.31_2024-07-13_02-01-19_jpeg_2024-07-13_02-01-19.webp.webp?fit=1200%2C800&ssl=1&resize=1050%2C600 3x"},"classes":[]},{"id":34084,"url":"https:\/\/ismaelcolosi.com.br\/index.php\/2024\/01\/31\/comercial-faz-gol-no-fim-e-empata-com-o-noroeste-pela-serie-a2-do-paulista\/","url_meta":{"origin":35608,"position":3},"title":"Comercial faz gol no fim e empata com o Noroeste pela S\u00e9rie A2 do Paulista","author":"ismaelcolosi.com.br","date":"31 de January de 2024","format":false,"excerpt":"O Comercial empatou com o Noroeste em 1 a 1, no est\u00e1dio Alfredo de Castilho, em Bauru. O confronto foi v\u00e1lido pela quinta rodada do Campeonato Paulista da S\u00e9rie A2. Com o resultado, o Le\u00e3o chega ao quinto jogo sem vencer na competi\u00e7\u00e3o. Os gols da partida foram marcados por\u2026","rel":"","context":"In &quot;Not\u00edcias de Ribeir\u00e3o Preto-SP e Regi\u00e3o&quot;","block_context":{"text":"Not\u00edcias de Ribeir\u00e3o Preto-SP e Regi\u00e3o","link":"https:\/\/ismaelcolosi.com.br\/index.php\/category\/noticias-de-ribeirao-preto-sp-e-regiao-ismael-colosi\/"},"img":{"alt_text":"","src":"https:\/\/i0.wp.com\/ismaelcolosi.com.br\/wp-content\/uploads\/2024\/01\/WhatsApp-Image-2024-01-31-at-21.46.58.jpeg?fit=1200%2C814&ssl=1&resize=350%2C200","width":350,"height":200,"srcset":"https:\/\/i0.wp.com\/ismaelcolosi.com.br\/wp-content\/uploads\/2024\/01\/WhatsApp-Image-2024-01-31-at-21.46.58.jpeg?fit=1200%2C814&ssl=1&resize=350%2C200 1x, https:\/\/i0.wp.com\/ismaelcolosi.com.br\/wp-content\/uploads\/2024\/01\/WhatsApp-Image-2024-01-31-at-21.46.58.jpeg?fit=1200%2C814&ssl=1&resize=525%2C300 1.5x, https:\/\/i0.wp.com\/ismaelcolosi.com.br\/wp-content\/uploads\/2024\/01\/WhatsApp-Image-2024-01-31-at-21.46.58.jpeg?fit=1200%2C814&ssl=1&resize=700%2C400 2x, https:\/\/i0.wp.com\/ismaelcolosi.com.br\/wp-content\/uploads\/2024\/01\/WhatsApp-Image-2024-01-31-at-21.46.58.jpeg?fit=1200%2C814&ssl=1&resize=1050%2C600 3x"},"classes":[]},{"id":55408,"url":"https:\/\/ismaelcolosi.com.br\/index.php\/2024\/07\/02\/botafogo-empata-com-o-barretos-sem-gols-pela-terceira-rodada-da-copa-paulista\/","url_meta":{"origin":35608,"position":4},"title":"Botafogo empata com o Barretos sem gols pela terceira rodada da Copa Paulista","author":"ismaelcolosi.com.br","date":"2 de July de 2024","format":false,"excerpt":"O Botafogo e o Barretos empataram em 0 a 0 na noite desta ter\u00e7a-feira (2), em partida realizada no est\u00e1dio Fortaleza, em Barretos, pela terceira rodada da Copa Paulista. No primeiro jogo, o Pantera perdeu para o Atl\u00e9tico Monte Azul por 2 a 0, em Ribeir\u00e3o Preto. Portanto, com o\u2026","rel":"","context":"In &quot;Not\u00edcias de Ribeir\u00e3o Preto-SP e Regi\u00e3o&quot;","block_context":{"text":"Not\u00edcias de Ribeir\u00e3o Preto-SP e Regi\u00e3o","link":"https:\/\/ismaelcolosi.com.br\/index.php\/category\/noticias-de-ribeirao-preto-sp-e-regiao-ismael-colosi\/"},"img":{"alt_text":"","src":"https:\/\/i0.wp.com\/ismaelcolosi.com.br\/wp-content\/uploads\/2024\/07\/WhatsApp-Image-2024-07-02-at-21.19.05_2024-07-03_01-19-58_jpeg_2024-07-03_01-19-59.webp.webp?fit=1200%2C800&ssl=1&resize=350%2C200","width":350,"height":200,"srcset":"https:\/\/i0.wp.com\/ismaelcolosi.com.br\/wp-content\/uploads\/2024\/07\/WhatsApp-Image-2024-07-02-at-21.19.05_2024-07-03_01-19-58_jpeg_2024-07-03_01-19-59.webp.webp?fit=1200%2C800&ssl=1&resize=350%2C200 1x, https:\/\/i0.wp.com\/ismaelcolosi.com.br\/wp-content\/uploads\/2024\/07\/WhatsApp-Image-2024-07-02-at-21.19.05_2024-07-03_01-19-58_jpeg_2024-07-03_01-19-59.webp.webp?fit=1200%2C800&ssl=1&resize=525%2C300 1.5x, https:\/\/i0.wp.com\/ismaelcolosi.com.br\/wp-content\/uploads\/2024\/07\/WhatsApp-Image-2024-07-02-at-21.19.05_2024-07-03_01-19-58_jpeg_2024-07-03_01-19-59.webp.webp?fit=1200%2C800&ssl=1&resize=700%2C400 2x, https:\/\/i0.wp.com\/ismaelcolosi.com.br\/wp-content\/uploads\/2024\/07\/WhatsApp-Image-2024-07-02-at-21.19.05_2024-07-03_01-19-58_jpeg_2024-07-03_01-19-59.webp.webp?fit=1200%2C800&ssl=1&resize=1050%2C600 3x"},"classes":[]},{"id":55081,"url":"https:\/\/ismaelcolosi.com.br\/index.php\/2024\/06\/30\/comercial-empata-sem-gols-com-a-francana-pela-copa-paulista-em-ribeirao\/","url_meta":{"origin":35608,"position":5},"title":"Comercial empata sem gols com a Francana pela Copa Paulista em Ribeir\u00e3o","author":"ismaelcolosi.com.br","date":"30 de June de 2024","format":false,"excerpt":"O Comercial empatou sem gols com a Francana na manh\u00e3 deste domingo (30), no est\u00e1dio Palma Travassos, pela terceira rodada do Grupo 2 da Copa Paulista. Com o resultado, o Le\u00e3o segue em terceiro lugar na chave com dois pontos em dois empates. J\u00e1 a Veterana \u00e9 a l\u00edder do\u2026","rel":"","context":"In &quot;Not\u00edcias de Ribeir\u00e3o Preto-SP e Regi\u00e3o&quot;","block_context":{"text":"Not\u00edcias de Ribeir\u00e3o Preto-SP e Regi\u00e3o","link":"https:\/\/ismaelcolosi.com.br\/index.php\/category\/noticias-de-ribeirao-preto-sp-e-regiao-ismael-colosi\/"},"img":{"alt_text":"","src":"https:\/\/i0.wp.com\/ismaelcolosi.com.br\/wp-content\/uploads\/2024\/06\/WhatsApp-Image-2024-06-30-at-11.41.37_2024-06-30_15-18-02_jpeg_2024-06-30_15-18-03-scaled.webp.webp?fit=1200%2C800&ssl=1&resize=350%2C200","width":350,"height":200,"srcset":"https:\/\/i0.wp.com\/ismaelcolosi.com.br\/wp-content\/uploads\/2024\/06\/WhatsApp-Image-2024-06-30-at-11.41.37_2024-06-30_15-18-02_jpeg_2024-06-30_15-18-03-scaled.webp.webp?fit=1200%2C800&ssl=1&resize=350%2C200 1x, https:\/\/i0.wp.com\/ismaelcolosi.com.br\/wp-content\/uploads\/2024\/06\/WhatsApp-Image-2024-06-30-at-11.41.37_2024-06-30_15-18-02_jpeg_2024-06-30_15-18-03-scaled.webp.webp?fit=1200%2C800&ssl=1&resize=525%2C300 1.5x, https:\/\/i0.wp.com\/ismaelcolosi.com.br\/wp-content\/uploads\/2024\/06\/WhatsApp-Image-2024-06-30-at-11.41.37_2024-06-30_15-18-02_jpeg_2024-06-30_15-18-03-scaled.webp.webp?fit=1200%2C800&ssl=1&resize=700%2C400 2x, https:\/\/i0.wp.com\/ismaelcolosi.com.br\/wp-content\/uploads\/2024\/06\/WhatsApp-Image-2024-06-30-at-11.41.37_2024-06-30_15-18-02_jpeg_2024-06-30_15-18-03-scaled.webp.webp?fit=1200%2C800&ssl=1&resize=1050%2C600 3x"},"classes":[]}],"jetpack_sharing_enabled":true,"jetpack_shortlink":"https:\/\/wp.me\/pfMlyK-9gk","_links":{"self":[{"href":"https:\/\/ismaelcolosi.com.br\/index.php\/wp-json\/wp\/v2\/posts\/35608","targetHints":{"allow":["GET"]}}],"collection":[{"href":"https:\/\/ismaelcolosi.com.br\/index.php\/wp-json\/wp\/v2\/posts"}],"about":[{"href":"https:\/\/ismaelcolosi.com.br\/index.php\/wp-json\/wp\/v2\/types\/post"}],"author":[{"embeddable":true,"href":"https:\/\/ismaelcolosi.com.br\/index.php\/wp-json\/wp\/v2\/users\/1"}],"replies":[{"embeddable":true,"href":"https:\/\/ismaelcolosi.com.br\/index.php\/wp-json\/wp\/v2\/comments?post=35608"}],"version-history":[{"count":0,"href":"https:\/\/ismaelcolosi.com.br\/index.php\/wp-json\/wp\/v2\/posts\/35608\/revisions"}],"wp:featuredmedia":[{"embeddable":true,"href":"https:\/\/ismaelcolosi.com.br\/index.php\/wp-json\/wp\/v2\/media\/35609"}],"wp:attachment":[{"href":"https:\/\/ismaelcolosi.com.br\/index.php\/wp-json\/wp\/v2\/media?parent=35608"}],"wp:term":[{"taxonomy":"category","embeddable":true,"href":"https:\/\/ismaelcolosi.com.br\/index.php\/wp-json\/wp\/v2\/categories?post=35608"},{"taxonomy":"post_tag","embeddable":true,"href":"https:\/\/ismaelcolosi.com.br\/index.php\/wp-json\/wp\/v2\/tags?post=35608"}],"curies":[{"name":"wp","href":"https:\/\/api.w.org\/{rel}","templated":true}]}}