{"id":35598,"date":"2024-02-06T21:16:15","date_gmt":"2024-02-07T00:16:15","guid":{"rendered":"https:\/\/ismaelcolosi.com.br\/index.php\/2024\/02\/06\/comissao-do-senado-aprova-fim-da-saidinha-para-presos\/"},"modified":"2024-02-06T21:16:15","modified_gmt":"2024-02-07T00:16:15","slug":"comissao-do-senado-aprova-fim-da-saidinha-para-presos","status":"publish","type":"post","link":"https:\/\/ismaelcolosi.com.br\/index.php\/2024\/02\/06\/comissao-do-senado-aprova-fim-da-saidinha-para-presos\/","title":{"rendered":"Comiss\u00e3o do Senado aprova fim da &#8220;saidinha&#8221; para presos"},"content":{"rendered":"<p> <br \/>\n<\/p>\n<div id=\"post-372836\">\n<header class=\"entry-header penci-entry-header penci-title-center\">\n<p> <span class=\"entry-meta-item penci-posted-on\"><i class=\"fa fa-clock-o\"\/><time class=\"entry-date published updated\" datetime=\"2024-02-06T18:26:35-03:00\">6 de fevereiro de 2024 | 18:26<\/time><\/span><\/p>\n<p> <span class=\"penci-social-buttons penci-social-share-footer\"><a href=\"#\" class=\"penci-post-like penci_post-meta_item  single-like-button penci-social-item like\" data-post_id=\"372836\" title=\"Like\" data-like=\"Like\" data-unlike=\"Unlike\"><i class=\"fa fa-thumbs-o-up\"\/><span class=\"penci-share-number\">0<\/span><\/a><i class=\"fa fa-facebook\"\/><a class=\"penci-social-item twitter\" target=\"_blank\" rel=\"noopener\" title=\"\" href=\"https:\/\/twitter.com\/intent\/tweet?text=Comiss\u00e3o%20do%20Senado%20aprova%20fim%20da%20-saidinha-%20para%20presos%20-%20https:\/\/www.tribunaribeirao.com.br\/site\/comissao-do-senado-aprova-fim-da-saidinha-para-presos\/\"><i class=\"fa fa-twitter\"\/><\/a><i class=\"fa fa-whatsapp\"\/><\/span><\/header>\n<div class=\"penci-entry-content entry-content\">\n<p>A Comiss\u00e3o de Seguran\u00e7a P\u00fablica (CSP) do Senado aprovou nesta ter\u00e7a-feira (6) projeto de lei que acaba com a concess\u00e3o do benef\u00edcio da sa\u00edda tempor\u00e1ria a presos, mantendo apenas para que possam estudar. Os parlamentares aprovaram urg\u00eancia para vota\u00e7\u00e3o do texto em plen\u00e1rio, sendo assim, n\u00e3o passar\u00e1 pela Comiss\u00e3o de Constitui\u00e7\u00e3o e Justi\u00e7a (CCJ).<noscript><img data-recalc-dims=\"1\" decoding=\"async\" src=\"https:\/\/i0.wp.com\/agenciabrasil.ebc.com.br\/ebc.png?ssl=1\"\/><\/noscript><img data-recalc-dims=\"1\" decoding=\"async\" src=\"https:\/\/i0.wp.com\/agenciabrasil.ebc.com.br\/ebc.gif?ssl=1\" class=\"lazyload\"\/><noscript><img data-recalc-dims=\"1\" decoding=\"async\" src=\"https:\/\/i0.wp.com\/agenciabrasil.ebc.com.br\/ebc.gif?ssl=1\"\/><\/noscript><\/p>\n<p>A legisla\u00e7\u00e3o atual prev\u00ea a sa\u00edda tempor\u00e1ria, conhecida como \u201csaid\u00e3o\u201d ou \u201csaidinha\u201d, para condenados no semiaberto. Eles podem deixar a pris\u00e3o cinco vezes ao ano para visitar a fam\u00edlia em feriados, estudar fora ou participar de atividades de ressocializa\u00e7\u00e3o.<\/p>\n<p>O projeto de lei revoga esse benef\u00edcio. O relator, senador Fl\u00e1vio Bolsonaro (PL-RJ), acatou emenda do senador Sergio Moro (Uni\u00e3o-PR) para a manuten\u00e7\u00e3o do benef\u00edcio aos presos que fazem cursos profissionalizantes ou cursam os ensinos m\u00e9dio e superior.<\/p>\n<p>O tema ganhou destaque ap\u00f3s a\u00a0<a href=\"https:\/\/agenciabrasil.ebc.com.br\/geral\/noticia\/2024-01\/morre-policial-militar-baleado-em-belo-horizonte\" target=\"_blank\" rel=\"noopener\">morte do sargento Roger Dias da Cunha, da Pol\u00edcia Militar de Minas Gerais<\/a>. Ele foi baleado e morto ao abordar dois suspeitos de furto em Belo Horizonte, no dia 5 de janeiro. O autor do disparo tinha deixado a cadeia em um \u201csaid\u00e3o\u201d e deveria ter retornado no dia 23 de dezembro.<\/p>\n<p>O texto ainda determina a obrigatoriedade de exame criminol\u00f3gico para a progress\u00e3o de regime e para a autoriza\u00e7\u00e3o do semiaberto. O exame ter\u00e1 de verificar se o detento tem condi\u00e7\u00f5es de se ajudar ao novo regime, baixa periculosidade e senso de responsabilidade.<\/p>\n<p>O projeto amplia as regras para uso de tornozeleira eletr\u00f4nica pelos presos autorizados a deixar o regime fechado. O projeto foi aprovado pela C\u00e2mara dos Deputados em 2022.<\/p>\n<\/div>\n<footer class=\"penci-entry-footer\"\/><\/div>\n<p><script async src=\"\/\/platform.twitter.com\/widgets.js\" charset=\"utf-8\"><\/script><br \/>\n<br \/><br \/>\n<br \/><a href=\"https:\/\/www.tribunaribeirao.com.br\/site\/comissao-do-senado-aprova-fim-da-saidinha-para-presos\/\">Source link <\/a><\/p>\n<div class='code-block code-block-4' style='margin: 8px auto 8px 0; text-align: left; display: block; clear: both;'>\n\ud83d\udce2 Aviso Legal\n\nO site ismaelcolosi.com.br atua apenas como um canal de divulga\u00e7\u00e3o de oportunidades de emprego e n\u00e3o se responsabiliza pelo processo seletivo, contrata\u00e7\u00e3o ou qualquer outra etapa relacionada \u00e0s vagas publicadas. Todas as informa\u00e7\u00f5es s\u00e3o de responsabilidade dos anunciantes.\n\n\u26a0\ufe0f Aten\u00e7\u00e3o! Nunca pague por promessas de emprego nem compre cursos que garantam contrata\u00e7\u00e3o. Desconfie de qualquer cobran\u00e7a para participar de sele\u00e7\u00f5es.\n\n\n\n<\/div>\n<!-- CONTENT END 1 -->\n","protected":false},"excerpt":{"rendered":"<p>6 de fevereiro de 2024 | 18:26 0 A Comiss\u00e3o de Seguran\u00e7a P\u00fablica (CSP) do Senado aprovou nesta ter\u00e7a-feira (6) projeto de lei que acaba&#8230;<\/p>\n","protected":false},"author":1,"featured_media":35599,"comment_status":"open","ping_status":"open","sticky":false,"template":"","format":"standard","meta":{"_uag_custom_page_level_css":"","advanced_seo_description":"","jetpack_seo_html_title":"","jetpack_seo_noindex":false,"jetpack_post_was_ever_published":false,"_jetpack_newsletter_access":"","_jetpack_dont_email_post_to_subs":false,"_jetpack_newsletter_tier_id":0,"_jetpack_memberships_contains_paywalled_content":false,"_jetpack_memberships_contains_paid_content":false,"footnotes":"","jetpack_publicize_message":"","jetpack_publicize_feature_enabled":true,"jetpack_social_post_already_shared":true,"jetpack_social_options":{"image_generator_settings":{"template":"highway","default_image_id":0,"font":"","enabled":false},"version":2}},"categories":[11],"tags":[155,2086,125,71,1490,2632,1073],"class_list":["post-35598","post","type-post","status-publish","format-standard","has-post-thumbnail","hentry","category-noticias-de-ribeirao-preto-sp-e-regiao-ismael-colosi","tag-aprova","tag-comissao","tag-fim","tag-para","tag-presos","tag-saidinha","tag-senado"],"jetpack_publicize_connections":[],"jetpack_featured_media_url":"https:\/\/i0.wp.com\/ismaelcolosi.com.br\/wp-content\/uploads\/2024\/02\/6058b772-3f07-4b3b-b176-3cfdf6a6c1ac-scaled.jpg?fit=1000%2C598&ssl=1","uagb_featured_image_src":{"full":["https:\/\/i0.wp.com\/ismaelcolosi.com.br\/wp-content\/uploads\/2024\/02\/6058b772-3f07-4b3b-b176-3cfdf6a6c1ac-scaled.jpg?fit=1000%2C598&ssl=1",1000,598,false],"thumbnail":["https:\/\/i0.wp.com\/ismaelcolosi.com.br\/wp-content\/uploads\/2024\/02\/6058b772-3f07-4b3b-b176-3cfdf6a6c1ac-scaled.jpg?resize=150%2C150&ssl=1",150,150,true],"medium":["https:\/\/i0.wp.com\/ismaelcolosi.com.br\/wp-content\/uploads\/2024\/02\/6058b772-3f07-4b3b-b176-3cfdf6a6c1ac-scaled.jpg?fit=300%2C179&ssl=1",300,179,true],"medium_large":["https:\/\/i0.wp.com\/ismaelcolosi.com.br\/wp-content\/uploads\/2024\/02\/6058b772-3f07-4b3b-b176-3cfdf6a6c1ac-scaled.jpg?fit=768%2C459&ssl=1",768,459,true],"large":["https:\/\/i0.wp.com\/ismaelcolosi.com.br\/wp-content\/uploads\/2024\/02\/6058b772-3f07-4b3b-b176-3cfdf6a6c1ac-scaled.jpg?fit=1000%2C598&ssl=1",1000,598,true],"1536x1536":["https:\/\/i0.wp.com\/ismaelcolosi.com.br\/wp-content\/uploads\/2024\/02\/6058b772-3f07-4b3b-b176-3cfdf6a6c1ac-scaled.jpg?fit=1000%2C598&ssl=1",1000,598,true],"2048x2048":["https:\/\/i0.wp.com\/ismaelcolosi.com.br\/wp-content\/uploads\/2024\/02\/6058b772-3f07-4b3b-b176-3cfdf6a6c1ac-scaled.jpg?fit=1000%2C598&ssl=1",1000,598,true],"really-simple-thumb":["https:\/\/i0.wp.com\/ismaelcolosi.com.br\/wp-content\/uploads\/2024\/02\/6058b772-3f07-4b3b-b176-3cfdf6a6c1ac-scaled.jpg?resize=370%2C247&ssl=1",370,247,true]},"uagb_author_info":{"display_name":"ismaelcolosi.com.br","author_link":"https:\/\/ismaelcolosi.com.br\/index.php\/author\/vidareal-online\/"},"uagb_comment_info":0,"uagb_excerpt":"6 de fevereiro de 2024 | 18:26 0 A Comiss\u00e3o de Seguran\u00e7a P\u00fablica (CSP) do Senado aprovou nesta ter\u00e7a-feira (6) projeto de lei que acaba...","jetpack-related-posts":[{"id":38699,"url":"https:\/\/ismaelcolosi.com.br\/index.php\/2024\/02\/21\/senado-aprova-fim-da-saidinha-de-presos\/","url_meta":{"origin":35598,"position":0},"title":"Senado aprova fim da \u201csaidinha\u201d de presos","author":"ismaelcolosi.com.br","date":"21 de February de 2024","format":false,"excerpt":"21 de fevereiro de 2024 | 10:0021 de fevereiro de 2024 | 9:35 0O Senado aprovou nesta ter\u00e7a-feira (20) o projeto de lei que acaba com as sa\u00eddas tempor\u00e1rias de presos em feriados e datas comemorativas, mas mant\u00e9m a autoriza\u00e7\u00e3o para que detentos em regime semiaberto possam estudar fora da\u2026","rel":"","context":"In &quot;Not\u00edcias de Ribeir\u00e3o Preto-SP e Regi\u00e3o&quot;","block_context":{"text":"Not\u00edcias de Ribeir\u00e3o Preto-SP e Regi\u00e3o","link":"https:\/\/ismaelcolosi.com.br\/index.php\/category\/noticias-de-ribeirao-preto-sp-e-regiao-ismael-colosi\/"},"img":{"alt_text":"","src":"https:\/\/i0.wp.com\/ismaelcolosi.com.br\/wp-content\/uploads\/2024\/02\/09ea73f0-455b-436b-b175-977882018625-scaled.jpg?fit=1000%2C598&ssl=1&resize=350%2C200","width":350,"height":200,"srcset":"https:\/\/i0.wp.com\/ismaelcolosi.com.br\/wp-content\/uploads\/2024\/02\/09ea73f0-455b-436b-b175-977882018625-scaled.jpg?fit=1000%2C598&ssl=1&resize=350%2C200 1x, https:\/\/i0.wp.com\/ismaelcolosi.com.br\/wp-content\/uploads\/2024\/02\/09ea73f0-455b-436b-b175-977882018625-scaled.jpg?fit=1000%2C598&ssl=1&resize=525%2C300 1.5x, https:\/\/i0.wp.com\/ismaelcolosi.com.br\/wp-content\/uploads\/2024\/02\/09ea73f0-455b-436b-b175-977882018625-scaled.jpg?fit=1000%2C598&ssl=1&resize=700%2C400 2x"},"classes":[]},{"id":36092,"url":"https:\/\/ismaelcolosi.com.br\/index.php\/2024\/02\/08\/senado-aprova-urgencia-para-votacao-de-projeto-que-acaba-com-a-saidinha-de-presos\/","url_meta":{"origin":35598,"position":1},"title":"Senado aprova urg\u00eancia para vota\u00e7\u00e3o de projeto que acaba com a &#8220;saidinha&#8221; de presos","author":"ismaelcolosi.com.br","date":"8 de February de 2024","format":false,"excerpt":"O projeto de lei 2.253\/2022, que restringe o benef\u00edcio da sa\u00edda tempor\u00e1ria para presos condenados, ser\u00e1 votado com urg\u00eancia pelo Senado. O requerimento de urg\u00eancia foi aprovado pelos senadores nesta quarta-feira, 7, em plen\u00e1rio. O presidente do Senado, Rodrigo Pacheco, informou que a mat\u00e9ria ser\u00e1 pautada \u201cem momento oportuno\u201d. A\u2026","rel":"","context":"In &quot;Not\u00edcias de Ribeir\u00e3o Preto-SP e Regi\u00e3o&quot;","block_context":{"text":"Not\u00edcias de Ribeir\u00e3o Preto-SP e Regi\u00e3o","link":"https:\/\/ismaelcolosi.com.br\/index.php\/category\/noticias-de-ribeirao-preto-sp-e-regiao-ismael-colosi\/"},"img":{"alt_text":"","src":"https:\/\/i0.wp.com\/ismaelcolosi.com.br\/wp-content\/uploads\/2024\/02\/15123427_saidinha.jpg?fit=876%2C585&ssl=1&resize=350%2C200","width":350,"height":200,"srcset":"https:\/\/i0.wp.com\/ismaelcolosi.com.br\/wp-content\/uploads\/2024\/02\/15123427_saidinha.jpg?fit=876%2C585&ssl=1&resize=350%2C200 1x, https:\/\/i0.wp.com\/ismaelcolosi.com.br\/wp-content\/uploads\/2024\/02\/15123427_saidinha.jpg?fit=876%2C585&ssl=1&resize=525%2C300 1.5x, https:\/\/i0.wp.com\/ismaelcolosi.com.br\/wp-content\/uploads\/2024\/02\/15123427_saidinha.jpg?fit=876%2C585&ssl=1&resize=700%2C400 2x"},"classes":[]},{"id":43478,"url":"https:\/\/ismaelcolosi.com.br\/index.php\/2024\/03\/21\/camara-aprova-fim-da-saidinha-de-presos\/","url_meta":{"origin":35598,"position":2},"title":"C\u00e2mara aprova fim da saidinha de presos","author":"ismaelcolosi.com.br","date":"21 de March de 2024","format":false,"excerpt":"21 de mar\u00e7o de 2024 | 14:1321 de mar\u00e7o de 2024 | 11:15 0 A C\u00e2mara dos Deputados aprovou nesta quarta-feira (20) o projeto de lei que acaba com as sa\u00eddas tempor\u00e1rias de presos em feriados e datas comemorativas. A proposta j\u00e1 havia passado pela an\u00e1lise da Casa, mas voltou\u2026","rel":"","context":"In &quot;Not\u00edcias de Ribeir\u00e3o Preto-SP e Regi\u00e3o&quot;","block_context":{"text":"Not\u00edcias de Ribeir\u00e3o Preto-SP e Regi\u00e3o","link":"https:\/\/ismaelcolosi.com.br\/index.php\/category\/noticias-de-ribeirao-preto-sp-e-regiao-ismael-colosi\/"},"img":{"alt_text":"","src":"https:\/\/i0.wp.com\/ismaelcolosi.com.br\/wp-content\/uploads\/2024\/03\/camarasaidinha-scaled.jpg?fit=1000%2C598&ssl=1&resize=350%2C200","width":350,"height":200,"srcset":"https:\/\/i0.wp.com\/ismaelcolosi.com.br\/wp-content\/uploads\/2024\/03\/camarasaidinha-scaled.jpg?fit=1000%2C598&ssl=1&resize=350%2C200 1x, https:\/\/i0.wp.com\/ismaelcolosi.com.br\/wp-content\/uploads\/2024\/03\/camarasaidinha-scaled.jpg?fit=1000%2C598&ssl=1&resize=525%2C300 1.5x, https:\/\/i0.wp.com\/ismaelcolosi.com.br\/wp-content\/uploads\/2024\/03\/camarasaidinha-scaled.jpg?fit=1000%2C598&ssl=1&resize=700%2C400 2x"},"classes":[]},{"id":35839,"url":"https:\/\/ismaelcolosi.com.br\/index.php\/2024\/02\/07\/entenda-se-a-saidinha-de-presos-vai-acabar-estado-suspendeu-beneficio\/","url_meta":{"origin":35598,"position":3},"title":"Entenda se a \u2018saidinha\u2019 de presos vai acabar; Estado suspendeu benef\u00edcio","author":"ismaelcolosi.com.br","date":"7 de February de 2024","format":false,"excerpt":"A Comiss\u00e3o de Seguran\u00e7a P\u00fablica do Senado aprovou na \u00faltima ter\u00e7a-feira (6) um projeto de lei que pro\u00edbe a \u201csaidinha\u201d, benef\u00edcio que permite a sa\u00edda tempor\u00e1ria de presos em datas comemorativas. Em Minas Gerais, o benef\u00edcio foi suspenso durante o Carnaval. O projeto foi apresentada em consenso pelos senadores e\u2026","rel":"","context":"In &quot;Not\u00edcias de Ribeir\u00e3o Preto-SP e Regi\u00e3o&quot;","block_context":{"text":"Not\u00edcias de Ribeir\u00e3o Preto-SP e Regi\u00e3o","link":"https:\/\/ismaelcolosi.com.br\/index.php\/category\/noticias-de-ribeirao-preto-sp-e-regiao-ismael-colosi\/"},"img":{"alt_text":"","src":"https:\/\/i0.wp.com\/ismaelcolosi.com.br\/wp-content\/uploads\/2024\/02\/penitenciaria.webp.webp?fit=1170%2C700&ssl=1&resize=350%2C200","width":350,"height":200,"srcset":"https:\/\/i0.wp.com\/ismaelcolosi.com.br\/wp-content\/uploads\/2024\/02\/penitenciaria.webp.webp?fit=1170%2C700&ssl=1&resize=350%2C200 1x, https:\/\/i0.wp.com\/ismaelcolosi.com.br\/wp-content\/uploads\/2024\/02\/penitenciaria.webp.webp?fit=1170%2C700&ssl=1&resize=525%2C300 1.5x, https:\/\/i0.wp.com\/ismaelcolosi.com.br\/wp-content\/uploads\/2024\/02\/penitenciaria.webp.webp?fit=1170%2C700&ssl=1&resize=700%2C400 2x, https:\/\/i0.wp.com\/ismaelcolosi.com.br\/wp-content\/uploads\/2024\/02\/penitenciaria.webp.webp?fit=1170%2C700&ssl=1&resize=1050%2C600 3x"},"classes":[]},{"id":42560,"url":"https:\/\/ismaelcolosi.com.br\/index.php\/2024\/03\/15\/142-voltam-para-casa-apos-dois-dias-de-saidinha\/","url_meta":{"origin":35598,"position":4},"title":"142 voltam para \u201ccasa\u201d ap\u00f3s dois dias de saidinha","author":"ismaelcolosi.com.br","date":"15 de March de 2024","format":false,"excerpt":"Detentos que desfrutavam a primeira sa\u00edda tempor\u00e1ria do ano foram presos e encaminhados aos pres\u00eddios por descumprir normas do benef\u00edcio 15 de mar\u00e7o de 2024 | 11:23 0Por: Adalberto LuqueA Secretaria da Seguran\u00e7a P\u00fablica (SSP) informou, no final da tarde desta quinta-feira (14), que em apenas dois dias de sa\u00edda\u2026","rel":"","context":"In &quot;Not\u00edcias de Ribeir\u00e3o Preto-SP e Regi\u00e3o&quot;","block_context":{"text":"Not\u00edcias de Ribeir\u00e3o Preto-SP e Regi\u00e3o","link":"https:\/\/ismaelcolosi.com.br\/index.php\/category\/noticias-de-ribeirao-preto-sp-e-regiao-ismael-colosi\/"},"img":{"alt_text":"","src":"https:\/\/i0.wp.com\/ismaelcolosi.com.br\/wp-content\/uploads\/2024\/03\/00-15-mar-2024-saidinha-presos-foto-max-gallao-mesquita-1-scaled.jpg?fit=1000%2C637&ssl=1&resize=350%2C200","width":350,"height":200,"srcset":"https:\/\/i0.wp.com\/ismaelcolosi.com.br\/wp-content\/uploads\/2024\/03\/00-15-mar-2024-saidinha-presos-foto-max-gallao-mesquita-1-scaled.jpg?fit=1000%2C637&ssl=1&resize=350%2C200 1x, https:\/\/i0.wp.com\/ismaelcolosi.com.br\/wp-content\/uploads\/2024\/03\/00-15-mar-2024-saidinha-presos-foto-max-gallao-mesquita-1-scaled.jpg?fit=1000%2C637&ssl=1&resize=525%2C300 1.5x, https:\/\/i0.wp.com\/ismaelcolosi.com.br\/wp-content\/uploads\/2024\/03\/00-15-mar-2024-saidinha-presos-foto-max-gallao-mesquita-1-scaled.jpg?fit=1000%2C637&ssl=1&resize=700%2C400 2x"},"classes":[]},{"id":46553,"url":"https:\/\/ismaelcolosi.com.br\/index.php\/2024\/04\/12\/veja-como-fica-a-saidinha-de-presos-apos-legislacao-ser-sancionada-por-lula\/","url_meta":{"origin":35598,"position":5},"title":"Veja como fica a &#8216;saidinha&#8217; de presos ap\u00f3s legisla\u00e7\u00e3o ser sancionada por Lula","author":"ismaelcolosi.com.br","date":"12 de April de 2024","format":false,"excerpt":"O presidente Luiz In\u00e1cio Lula da Silva (PT) sancionou, com veto, nesta quinta-feira (11), o projeto de lei (PL) que acaba com as sa\u00eddas tempor\u00e1rias de presos em feriados e datas comemorativas. A informa\u00e7\u00e3o foi confirmada pelo Minist\u00e9rio da Justi\u00e7a e Seguran\u00e7a P\u00fablica. O presidente vetou apenas o trecho que\u2026","rel":"","context":"In &quot;Not\u00edcias de Ribeir\u00e3o Preto-SP e Regi\u00e3o&quot;","block_context":{"text":"Not\u00edcias de Ribeir\u00e3o Preto-SP e Regi\u00e3o","link":"https:\/\/ismaelcolosi.com.br\/index.php\/category\/noticias-de-ribeirao-preto-sp-e-regiao-ismael-colosi\/"},"img":{"alt_text":"","src":"https:\/\/i0.wp.com\/ismaelcolosi.com.br\/wp-content\/uploads\/2024\/04\/cadeia_penitenciaria_1024x576_23072021220605.jpg?fit=1024%2C576&ssl=1&resize=350%2C200","width":350,"height":200,"srcset":"https:\/\/i0.wp.com\/ismaelcolosi.com.br\/wp-content\/uploads\/2024\/04\/cadeia_penitenciaria_1024x576_23072021220605.jpg?fit=1024%2C576&ssl=1&resize=350%2C200 1x, https:\/\/i0.wp.com\/ismaelcolosi.com.br\/wp-content\/uploads\/2024\/04\/cadeia_penitenciaria_1024x576_23072021220605.jpg?fit=1024%2C576&ssl=1&resize=525%2C300 1.5x, https:\/\/i0.wp.com\/ismaelcolosi.com.br\/wp-content\/uploads\/2024\/04\/cadeia_penitenciaria_1024x576_23072021220605.jpg?fit=1024%2C576&ssl=1&resize=700%2C400 2x"},"classes":[]}],"jetpack_sharing_enabled":true,"jetpack_shortlink":"https:\/\/wp.me\/pfMlyK-9ga","_links":{"self":[{"href":"https:\/\/ismaelcolosi.com.br\/index.php\/wp-json\/wp\/v2\/posts\/35598","targetHints":{"allow":["GET"]}}],"collection":[{"href":"https:\/\/ismaelcolosi.com.br\/index.php\/wp-json\/wp\/v2\/posts"}],"about":[{"href":"https:\/\/ismaelcolosi.com.br\/index.php\/wp-json\/wp\/v2\/types\/post"}],"author":[{"embeddable":true,"href":"https:\/\/ismaelcolosi.com.br\/index.php\/wp-json\/wp\/v2\/users\/1"}],"replies":[{"embeddable":true,"href":"https:\/\/ismaelcolosi.com.br\/index.php\/wp-json\/wp\/v2\/comments?post=35598"}],"version-history":[{"count":0,"href":"https:\/\/ismaelcolosi.com.br\/index.php\/wp-json\/wp\/v2\/posts\/35598\/revisions"}],"wp:featuredmedia":[{"embeddable":true,"href":"https:\/\/ismaelcolosi.com.br\/index.php\/wp-json\/wp\/v2\/media\/35599"}],"wp:attachment":[{"href":"https:\/\/ismaelcolosi.com.br\/index.php\/wp-json\/wp\/v2\/media?parent=35598"}],"wp:term":[{"taxonomy":"category","embeddable":true,"href":"https:\/\/ismaelcolosi.com.br\/index.php\/wp-json\/wp\/v2\/categories?post=35598"},{"taxonomy":"post_tag","embeddable":true,"href":"https:\/\/ismaelcolosi.com.br\/index.php\/wp-json\/wp\/v2\/tags?post=35598"}],"curies":[{"name":"wp","href":"https:\/\/api.w.org\/{rel}","templated":true}]}}