{"id":35518,"date":"2024-02-06T16:46:05","date_gmt":"2024-02-06T19:46:05","guid":{"rendered":"https:\/\/ismaelcolosi.com.br\/index.php\/2024\/02\/06\/prefeitura-faz-area-azul-em-cima-de-obra-inacabada-em-ribeirao-preto-veja-fotos\/"},"modified":"2024-02-06T16:46:05","modified_gmt":"2024-02-06T19:46:05","slug":"prefeitura-faz-area-azul-em-cima-de-obra-inacabada-em-ribeirao-preto-veja-fotos","status":"publish","type":"post","link":"https:\/\/ismaelcolosi.com.br\/index.php\/2024\/02\/06\/prefeitura-faz-area-azul-em-cima-de-obra-inacabada-em-ribeirao-preto-veja-fotos\/","title":{"rendered":"Prefeitura faz \u00c1rea Azul em cima de obra inacabada em Ribeir\u00e3o Preto; Veja fotos"},"content":{"rendered":"<p> <br \/>\n<\/p>\n<div>\n<p>Em meio a obra inacabada, a<strong> Prefeitura de Ribeir\u00e3o Preto<\/strong> informou que finalizou a constru\u00e7\u00e3o dos bols\u00f5es de estacionamento na regi\u00e3o da avenida Nove de Julho, por\u00e9m, <strong>chama a aten\u00e7\u00e3o o acabamento das vagas<\/strong> \u2013 <em>veja as fotos abaixo<\/em>.<\/p>\n<p>As vagas rotativas foram criadas em car\u00e1ter emergencial em raz\u00e3o da paralisa\u00e7\u00e3o das obras do corredor de \u00f4nibus e revitaliza\u00e7\u00e3o da avenida.<mark style=\"background-color:#fcb900\" class=\"has-inline-color\"><strong> De acordo com o \u00f3rg\u00e3o, o estacionamento come\u00e7a a funcionar nesta quarta-feira (7).<\/strong><\/mark><\/p><div class='code-block code-block-8' style='margin: 8px auto; text-align: center; display: block; clear: both;'>\n<script>\n  atOptions = {\n    'key' : '66e2e2111ca34da796271819fc334058',\n    'format' : 'iframe',\n    'height' : 250,\n    'width' : 300,\n    'params' : {}\n  };\n<\/script>\n<script src=\"https:\/\/www.highperformanceformat.com\/66e2e2111ca34da796271819fc334058\/invoke.js\"><\/script>\n<\/div>\n\n<p>Para utilizar o local, os usu\u00e1rios dever\u00e3o<strong> comprar cr\u00e9ditos de R$ 1,50 (para uma hora) ou de R$ 3 (para duas horas)<\/strong>. O estacionamento funcionar\u00e1 de segunda a sexta-feira, das 9h \u00e0s 18h, e aos s\u00e1bados, das 9h \u00e0s 13h.<\/p>\n<h4 class=\"wp-block-heading\"><strong>Medidas de emerg\u00eancia<\/strong><\/h4>\n<p>No dia <strong>29 de janeiro<\/strong>, a Prefeitura de Ribeir\u00e3o informou que medidas de emerg\u00eancia seriam implantadas para\u00a0<strong>tentar<\/strong>\u00a0<strong>minimizar os problemas na avenida Nove de Julho<\/strong>.<\/p>\n<p>Entre as a\u00e7\u00f5es anunciadas estavam \u00e0 limpeza do trecho da avenida entre as ruas S\u00e3o Jos\u00e9 e Comandante Marcondes Salgado, o refor\u00e7o da seguran\u00e7a e da ilumina\u00e7\u00e3o em toda a extens\u00e3o e cria\u00e7\u00e3o de bols\u00f5es de estacionamentos em lugares estrat\u00e9gicos.<\/p>\n<p>Desde o <strong>in\u00edcio das obras<\/strong> de restaura\u00e7\u00e3o e revitaliza\u00e7\u00e3o da avenida, comerciantes, moradores, pedestres e motoristas veem enfrentando diversos problemas.<\/p>\n<p>Com o rompimento do contrato com a construtora vencedora da licita\u00e7\u00e3o para realiza\u00e7\u00e3o das obras, em <strong>dezembro do ano passado<\/strong>, o governo municipal est\u00e1 em fase de elabora\u00e7\u00e3o de um novo processo de licita\u00e7\u00e3o. <mark style=\"background-color:#fcb900\" class=\"has-inline-color\">Contudo, ainda n\u00e3o h\u00e1 prazo para ser aberta a licita\u00e7\u00e3o.<\/mark><\/p>\n<h4 class=\"wp-block-heading\"><strong>Veja fotos da \u00c1rea Azul na avenida Nove de Julho<\/strong><\/h4>\n<p><em><strong>Fotos:<\/strong> Fernando Gonzaga<\/em><\/p>\n<figure class=\"wp-block-gallery has-nested-images columns-default is-cropped wp-block-gallery-1 is-layout-flex\">\n<figure class=\"wp-block-image size-large\"><img data-recalc-dims=\"1\" loading=\"lazy\" decoding=\"async\" width=\"1024\" height=\"683\" data-id=\"69338\" src=\"https:\/\/i0.wp.com\/www.acidadeon.com\/ribeiraopreto\/wp-content\/uploads\/sites\/3\/2024\/02\/vagas_nove_de_julho_rpmobi_-_foto_fernando_gonzaga_6-1024x683.jpg?resize=1024%2C683&#038;ssl=1\" alt=\"\" class=\"wp-image-69338\" srcset=\"https:\/\/www.acidadeon.com\/ribeiraopreto\/wp-content\/uploads\/sites\/3\/2024\/02\/vagas_nove_de_julho_rpmobi_-_foto_fernando_gonzaga_6-1024x683.jpg 1024w, https:\/\/www.acidadeon.com\/ribeiraopreto\/wp-content\/uploads\/sites\/3\/2024\/02\/vagas_nove_de_julho_rpmobi_-_foto_fernando_gonzaga_6-300x200.jpg 300w, https:\/\/www.acidadeon.com\/ribeiraopreto\/wp-content\/uploads\/sites\/3\/2024\/02\/vagas_nove_de_julho_rpmobi_-_foto_fernando_gonzaga_6-768x512.jpg 768w, https:\/\/www.acidadeon.com\/ribeiraopreto\/wp-content\/uploads\/sites\/3\/2024\/02\/vagas_nove_de_julho_rpmobi_-_foto_fernando_gonzaga_6-1536x1024.jpg 1536w, https:\/\/www.acidadeon.com\/ribeiraopreto\/wp-content\/uploads\/sites\/3\/2024\/02\/vagas_nove_de_julho_rpmobi_-_foto_fernando_gonzaga_6-696x464.jpg 696w, https:\/\/www.acidadeon.com\/ribeiraopreto\/wp-content\/uploads\/sites\/3\/2024\/02\/vagas_nove_de_julho_rpmobi_-_foto_fernando_gonzaga_6-1068x712.jpg 1068w, https:\/\/www.acidadeon.com\/ribeiraopreto\/wp-content\/uploads\/sites\/3\/2024\/02\/vagas_nove_de_julho_rpmobi_-_foto_fernando_gonzaga_6.jpg 1620w\" sizes=\"auto, (max-width: 1024px) 100vw, 1024px\"\/><\/figure>\n<figure class=\"wp-block-image size-large\"><img data-recalc-dims=\"1\" decoding=\"async\" loading=\"lazy\" width=\"1024\" height=\"683\" data-id=\"69340\" src=\"https:\/\/i0.wp.com\/www.acidadeon.com\/ribeiraopreto\/wp-content\/uploads\/sites\/3\/2024\/02\/vagas_nove_de_julho_rpmobi_-_foto_fernando_gonzaga_3-1024x683.jpg?resize=1024%2C683&#038;ssl=1\" alt=\"\" class=\"wp-image-69340\" srcset=\"https:\/\/www.acidadeon.com\/ribeiraopreto\/wp-content\/uploads\/sites\/3\/2024\/02\/vagas_nove_de_julho_rpmobi_-_foto_fernando_gonzaga_3-1024x683.jpg 1024w, https:\/\/www.acidadeon.com\/ribeiraopreto\/wp-content\/uploads\/sites\/3\/2024\/02\/vagas_nove_de_julho_rpmobi_-_foto_fernando_gonzaga_3-300x200.jpg 300w, https:\/\/www.acidadeon.com\/ribeiraopreto\/wp-content\/uploads\/sites\/3\/2024\/02\/vagas_nove_de_julho_rpmobi_-_foto_fernando_gonzaga_3-768x512.jpg 768w, https:\/\/www.acidadeon.com\/ribeiraopreto\/wp-content\/uploads\/sites\/3\/2024\/02\/vagas_nove_de_julho_rpmobi_-_foto_fernando_gonzaga_3-1536x1024.jpg 1536w, https:\/\/www.acidadeon.com\/ribeiraopreto\/wp-content\/uploads\/sites\/3\/2024\/02\/vagas_nove_de_julho_rpmobi_-_foto_fernando_gonzaga_3-696x464.jpg 696w, https:\/\/www.acidadeon.com\/ribeiraopreto\/wp-content\/uploads\/sites\/3\/2024\/02\/vagas_nove_de_julho_rpmobi_-_foto_fernando_gonzaga_3-1068x712.jpg 1068w, https:\/\/www.acidadeon.com\/ribeiraopreto\/wp-content\/uploads\/sites\/3\/2024\/02\/vagas_nove_de_julho_rpmobi_-_foto_fernando_gonzaga_3.jpg 1620w\" sizes=\"auto, (max-width: 1024px) 100vw, 1024px\"\/><\/figure>\n<figure class=\"wp-block-image size-large\"><img data-recalc-dims=\"1\" decoding=\"async\" loading=\"lazy\" width=\"1024\" height=\"683\" data-id=\"69337\" src=\"https:\/\/i0.wp.com\/www.acidadeon.com\/ribeiraopreto\/wp-content\/uploads\/sites\/3\/2024\/02\/vagas_nove_de_julho_rpmobi_-_foto_fernando_gonzaga_4-1024x683.jpg?resize=1024%2C683&#038;ssl=1\" alt=\"\" class=\"wp-image-69337\" srcset=\"https:\/\/www.acidadeon.com\/ribeiraopreto\/wp-content\/uploads\/sites\/3\/2024\/02\/vagas_nove_de_julho_rpmobi_-_foto_fernando_gonzaga_4-1024x683.jpg 1024w, https:\/\/www.acidadeon.com\/ribeiraopreto\/wp-content\/uploads\/sites\/3\/2024\/02\/vagas_nove_de_julho_rpmobi_-_foto_fernando_gonzaga_4-300x200.jpg 300w, https:\/\/www.acidadeon.com\/ribeiraopreto\/wp-content\/uploads\/sites\/3\/2024\/02\/vagas_nove_de_julho_rpmobi_-_foto_fernando_gonzaga_4-768x512.jpg 768w, https:\/\/www.acidadeon.com\/ribeiraopreto\/wp-content\/uploads\/sites\/3\/2024\/02\/vagas_nove_de_julho_rpmobi_-_foto_fernando_gonzaga_4-1536x1024.jpg 1536w, https:\/\/www.acidadeon.com\/ribeiraopreto\/wp-content\/uploads\/sites\/3\/2024\/02\/vagas_nove_de_julho_rpmobi_-_foto_fernando_gonzaga_4-696x464.jpg 696w, https:\/\/www.acidadeon.com\/ribeiraopreto\/wp-content\/uploads\/sites\/3\/2024\/02\/vagas_nove_de_julho_rpmobi_-_foto_fernando_gonzaga_4-1068x712.jpg 1068w, https:\/\/www.acidadeon.com\/ribeiraopreto\/wp-content\/uploads\/sites\/3\/2024\/02\/vagas_nove_de_julho_rpmobi_-_foto_fernando_gonzaga_4.jpg 1620w\" sizes=\"auto, (max-width: 1024px) 100vw, 1024px\"\/><\/figure>\n<figure class=\"wp-block-image size-large\"><img data-recalc-dims=\"1\" decoding=\"async\" loading=\"lazy\" width=\"1024\" height=\"683\" data-id=\"69339\" src=\"https:\/\/i0.wp.com\/www.acidadeon.com\/ribeiraopreto\/wp-content\/uploads\/sites\/3\/2024\/02\/vagas_nove_de_julho_rpmobi_-_foto_fernando_gonzaga_9-1024x683.jpg?resize=1024%2C683&#038;ssl=1\" alt=\"\" class=\"wp-image-69339\" srcset=\"https:\/\/www.acidadeon.com\/ribeiraopreto\/wp-content\/uploads\/sites\/3\/2024\/02\/vagas_nove_de_julho_rpmobi_-_foto_fernando_gonzaga_9-1024x683.jpg 1024w, https:\/\/www.acidadeon.com\/ribeiraopreto\/wp-content\/uploads\/sites\/3\/2024\/02\/vagas_nove_de_julho_rpmobi_-_foto_fernando_gonzaga_9-300x200.jpg 300w, https:\/\/www.acidadeon.com\/ribeiraopreto\/wp-content\/uploads\/sites\/3\/2024\/02\/vagas_nove_de_julho_rpmobi_-_foto_fernando_gonzaga_9-768x512.jpg 768w, https:\/\/www.acidadeon.com\/ribeiraopreto\/wp-content\/uploads\/sites\/3\/2024\/02\/vagas_nove_de_julho_rpmobi_-_foto_fernando_gonzaga_9-1536x1024.jpg 1536w, https:\/\/www.acidadeon.com\/ribeiraopreto\/wp-content\/uploads\/sites\/3\/2024\/02\/vagas_nove_de_julho_rpmobi_-_foto_fernando_gonzaga_9-696x464.jpg 696w, https:\/\/www.acidadeon.com\/ribeiraopreto\/wp-content\/uploads\/sites\/3\/2024\/02\/vagas_nove_de_julho_rpmobi_-_foto_fernando_gonzaga_9-1068x712.jpg 1068w, https:\/\/www.acidadeon.com\/ribeiraopreto\/wp-content\/uploads\/sites\/3\/2024\/02\/vagas_nove_de_julho_rpmobi_-_foto_fernando_gonzaga_9.jpg 1620w\" sizes=\"auto, (max-width: 1024px) 100vw, 1024px\"\/><\/figure>\n<\/figure>\n<p>SAIBA MAIS<\/p>\n<p>Saiba se a onda de calor vai atingir o interior de SP<\/p>\n<h4 class=\"wp-block-heading\"><strong><mark style=\"background-color:#fcb900\" class=\"has-inline-color\">FIQUE ON<\/mark><\/strong><\/h4>\n<p>Fique ligado em tudo que acontece em Ribeir\u00e3o Preto e regi\u00e3o. Siga os perfis do\u00a0<strong>acidade on\u00a0<\/strong>no\u00a0<a href=\"https:\/\/www.instagram.com\/acidadeonribeirao\" target=\"_blank\" rel=\"noreferrer noopener\">Instagram<\/a>\u00a0e no<a href=\"https:\/\/www.facebook.com\/acidadeonribeirao\" target=\"_blank\" rel=\"noreferrer noopener\">\u00a0Facebook<\/a>.<\/p>\n<p>Receba not\u00edcias do\u00a0<strong>acidade on<\/strong>\u00a0no WhatsApp.\u00a0<a href=\"https:\/\/chat.whatsapp.com\/Bnv2w66ZT4VDyZW3oiZ69n\" target=\"_blank\" rel=\"noreferrer noopener\">Para entrar no grupo, basta clicar aqui.<\/a><\/p>\n<p>Fa\u00e7a uma den\u00fancia ou sugira uma reportagem sobre Ribeir\u00e3o Preto e regi\u00e3o pelo WhatsApp: 16 99117 7802.<\/p>\n<p>VEJA TAMB\u00c9M<\/p>\n<p>Renascer: o que acontece com Flor na novela?<\/p>\n<p><!-- AI CONTENT END 1 -->\n<\/div>\n<p><script async src=\"\/\/www.instagram.com\/embed.js\"><\/script><br \/>\n<br \/><br \/>\n<br \/><a href=\"https:\/\/www.acidadeon.com\/ribeiraopreto\/politica\/prefeitura-faz-area-azul-em-cima-de-obra-inacabada-em-ribeirao-preto-veja-fotos\/\">Source link <\/a><\/p>\n<div class='code-block code-block-4' style='margin: 8px auto 8px 0; text-align: left; display: block; clear: both;'>\n\ud83d\udce2 Aviso Legal\n\nO site ismaelcolosi.com.br atua apenas como um canal de divulga\u00e7\u00e3o de oportunidades de emprego e n\u00e3o se responsabiliza pelo processo seletivo, contrata\u00e7\u00e3o ou qualquer outra etapa relacionada \u00e0s vagas publicadas. Todas as informa\u00e7\u00f5es s\u00e3o de responsabilidade dos anunciantes.\n\n\u26a0\ufe0f Aten\u00e7\u00e3o! Nunca pague por promessas de emprego nem compre cursos que garantam contrata\u00e7\u00e3o. Desconfie de qualquer cobran\u00e7a para participar de sele\u00e7\u00f5es.\n\n\n\n<\/div>\n<!-- CONTENT END 1 -->\n","protected":false},"excerpt":{"rendered":"<p>Em meio a obra inacabada, a Prefeitura de Ribeir\u00e3o Preto informou que finalizou a constru\u00e7\u00e3o dos bols\u00f5es de estacionamento na regi\u00e3o da avenida Nove de&#8230;<\/p>\n","protected":false},"author":1,"featured_media":0,"comment_status":"open","ping_status":"open","sticky":false,"template":"","format":"standard","meta":{"_uag_custom_page_level_css":"","advanced_seo_description":"","jetpack_seo_html_title":"","jetpack_seo_noindex":false,"jetpack_post_was_ever_published":false,"_jetpack_newsletter_access":"","_jetpack_dont_email_post_to_subs":false,"_jetpack_newsletter_tier_id":0,"_jetpack_memberships_contains_paywalled_content":false,"_jetpack_memberships_contains_paid_content":false,"footnotes":"","jetpack_publicize_message":"","jetpack_publicize_feature_enabled":true,"jetpack_social_post_already_shared":true,"jetpack_social_options":{"image_generator_settings":{"template":"highway","default_image_id":0,"font":"","enabled":false},"version":2}},"categories":[11],"tags":[],"class_list":["post-35518","post","type-post","status-publish","format-standard","hentry","category-noticias-de-ribeirao-preto-sp-e-regiao-ismael-colosi"],"jetpack_publicize_connections":[],"jetpack_featured_media_url":"","uagb_featured_image_src":{"full":false,"thumbnail":false,"medium":false,"medium_large":false,"large":false,"1536x1536":false,"2048x2048":false,"really-simple-thumb":false},"uagb_author_info":{"display_name":"ismaelcolosi.com.br","author_link":"https:\/\/ismaelcolosi.com.br\/index.php\/author\/vidareal-online\/"},"uagb_comment_info":0,"uagb_excerpt":"Em meio a obra inacabada, a Prefeitura de Ribeir\u00e3o Preto informou que finalizou a constru\u00e7\u00e3o dos bols\u00f5es de estacionamento na regi\u00e3o da avenida Nove de...","jetpack-related-posts":[{"id":34624,"url":"https:\/\/ismaelcolosi.com.br\/index.php\/2024\/02\/02\/avenida-nove-de-julho-comeca-a-receber-sinalizacao-para-area-azul-digital\/","url_meta":{"origin":35518,"position":0},"title":"Avenida Nove de Julho come\u00e7a a receber sinaliza\u00e7\u00e3o para \u00c1rea Azul Digital","author":"ismaelcolosi.com.br","date":"2 de February de 2024","format":false,"excerpt":"A Prefeitura de Ribeir\u00e3o Preto informou, nesta sexta-feira (2), que a avenida Nove de Julho come\u00e7ou a receber sinaliza\u00e7\u00e3o para a \u00c1rea Azul Digital no trecho entre as ruas S\u00e3o Jos\u00e9 e Comandante Marcondes Salgado. O local est\u00e1 interditado desde dezembro do ano passado, ap\u00f3s a Prefeitura romper o contrato\u2026","rel":"","context":"In &quot;Not\u00edcias de Ribeir\u00e3o Preto-SP e Regi\u00e3o&quot;","block_context":{"text":"Not\u00edcias de Ribeir\u00e3o Preto-SP e Regi\u00e3o","link":"https:\/\/ismaelcolosi.com.br\/index.php\/category\/noticias-de-ribeirao-preto-sp-e-regiao-ismael-colosi\/"},"img":{"alt_text":"","src":"https:\/\/i0.wp.com\/ismaelcolosi.com.br\/wp-content\/uploads\/2024\/02\/gradil_instalacao_rpmobi_-_foto_fernando_gonzaga_5.jpg?fit=1200%2C800&ssl=1&resize=350%2C200","width":350,"height":200,"srcset":"https:\/\/i0.wp.com\/ismaelcolosi.com.br\/wp-content\/uploads\/2024\/02\/gradil_instalacao_rpmobi_-_foto_fernando_gonzaga_5.jpg?fit=1200%2C800&ssl=1&resize=350%2C200 1x, https:\/\/i0.wp.com\/ismaelcolosi.com.br\/wp-content\/uploads\/2024\/02\/gradil_instalacao_rpmobi_-_foto_fernando_gonzaga_5.jpg?fit=1200%2C800&ssl=1&resize=525%2C300 1.5x, https:\/\/i0.wp.com\/ismaelcolosi.com.br\/wp-content\/uploads\/2024\/02\/gradil_instalacao_rpmobi_-_foto_fernando_gonzaga_5.jpg?fit=1200%2C800&ssl=1&resize=700%2C400 2x, https:\/\/i0.wp.com\/ismaelcolosi.com.br\/wp-content\/uploads\/2024\/02\/gradil_instalacao_rpmobi_-_foto_fernando_gonzaga_5.jpg?fit=1200%2C800&ssl=1&resize=1050%2C600 3x"},"classes":[]},{"id":35306,"url":"https:\/\/ismaelcolosi.com.br\/index.php\/2024\/02\/05\/area-azul-voltara-a-funcionar-na-avenida-saudade-em-ribeirao-veja-quando\/","url_meta":{"origin":35518,"position":1},"title":"\u00c1rea Azul voltar\u00e1 a funcionar na avenida Saudade em Ribeir\u00e3o; Veja quando","author":"ismaelcolosi.com.br","date":"5 de February de 2024","format":false,"excerpt":"A Prefeitura de Ribeir\u00e3o Preto informou, nesta segunda-feira (5), que o funcionamento da \u00c1rea Azul na avenida Saudade, no trecho da pista Bairro\/Centro, ser\u00e1 retomado nesta quarta-feira (7). O sistema rotativo do local estava suspenso devido \u00e0 obra do corredor de \u00f4nibus da via. A opera\u00e7\u00e3o retornar\u00e1 no formato digital,\u2026","rel":"","context":"In &quot;Not\u00edcias de Ribeir\u00e3o Preto-SP e Regi\u00e3o&quot;","block_context":{"text":"Not\u00edcias de Ribeir\u00e3o Preto-SP e Regi\u00e3o","link":"https:\/\/ismaelcolosi.com.br\/index.php\/category\/noticias-de-ribeirao-preto-sp-e-regiao-ismael-colosi\/"},"img":{"alt_text":"","src":"https:\/\/i0.wp.com\/ismaelcolosi.com.br\/wp-content\/uploads\/2024\/02\/1707175120_area_azul_saudade__22.jpeg?fit=960%2C693&ssl=1&resize=350%2C200","width":350,"height":200,"srcset":"https:\/\/i0.wp.com\/ismaelcolosi.com.br\/wp-content\/uploads\/2024\/02\/1707175120_area_azul_saudade__22.jpeg?fit=960%2C693&ssl=1&resize=350%2C200 1x, https:\/\/i0.wp.com\/ismaelcolosi.com.br\/wp-content\/uploads\/2024\/02\/1707175120_area_azul_saudade__22.jpeg?fit=960%2C693&ssl=1&resize=525%2C300 1.5x, https:\/\/i0.wp.com\/ismaelcolosi.com.br\/wp-content\/uploads\/2024\/02\/1707175120_area_azul_saudade__22.jpeg?fit=960%2C693&ssl=1&resize=700%2C400 2x"},"classes":[]},{"id":33495,"url":"https:\/\/ismaelcolosi.com.br\/index.php\/2024\/01\/29\/prefeitura-de-ribeirao-preto-anuncia-medidas-de-emergencia-para-avenida-nove-de-julho\/","url_meta":{"origin":35518,"position":2},"title":"Prefeitura de Ribeir\u00e3o Preto anuncia medidas de emerg\u00eancia para avenida Nove de Julho","author":"ismaelcolosi.com.br","date":"29 de January de 2024","format":false,"excerpt":"A Prefeitura de Ribeir\u00e3o Preto anunciou nesta segunda-feira (29) algumas medidas de emerg\u00eancia para tentar minimizar os problemas na avenida Nove de Julho, em Ribeir\u00e3o Preto. Entre as a\u00e7\u00f5es anunciadas est\u00e3o \u00e0 limpeza do trecho da avenida entre as ruas S\u00e3o Jos\u00e9 e Comandante Marcondes Salgado \u2013 que est\u00e1 previsto\u2026","rel":"","context":"In &quot;Not\u00edcias de Ribeir\u00e3o Preto-SP e Regi\u00e3o&quot;","block_context":{"text":"Not\u00edcias de Ribeir\u00e3o Preto-SP e Regi\u00e3o","link":"https:\/\/ismaelcolosi.com.br\/index.php\/category\/noticias-de-ribeirao-preto-sp-e-regiao-ismael-colosi\/"},"img":{"alt_text":"","src":"https:\/\/i0.wp.com\/ismaelcolosi.com.br\/wp-content\/uploads\/2024\/01\/1706565406_WhatsApp-Image-2023-12-20-at-10.47.41.jpeg?fit=1200%2C675&ssl=1&resize=350%2C200","width":350,"height":200,"srcset":"https:\/\/i0.wp.com\/ismaelcolosi.com.br\/wp-content\/uploads\/2024\/01\/1706565406_WhatsApp-Image-2023-12-20-at-10.47.41.jpeg?fit=1200%2C675&ssl=1&resize=350%2C200 1x, https:\/\/i0.wp.com\/ismaelcolosi.com.br\/wp-content\/uploads\/2024\/01\/1706565406_WhatsApp-Image-2023-12-20-at-10.47.41.jpeg?fit=1200%2C675&ssl=1&resize=525%2C300 1.5x, https:\/\/i0.wp.com\/ismaelcolosi.com.br\/wp-content\/uploads\/2024\/01\/1706565406_WhatsApp-Image-2023-12-20-at-10.47.41.jpeg?fit=1200%2C675&ssl=1&resize=700%2C400 2x, https:\/\/i0.wp.com\/ismaelcolosi.com.br\/wp-content\/uploads\/2024\/01\/1706565406_WhatsApp-Image-2023-12-20-at-10.47.41.jpeg?fit=1200%2C675&ssl=1&resize=1050%2C600 3x"},"classes":[]},{"id":58788,"url":"https:\/\/ismaelcolosi.com.br\/index.php\/2024\/08\/02\/regiao-da-avenida-dom-pedro-i-ganha-novas-vagas-de-area-azul-veja-onde\/","url_meta":{"origin":35518,"position":3},"title":"Regi\u00e3o da avenida Dom Pedro I ganha novas vagas de \u00e1rea azul; Veja onde","author":"ismaelcolosi.com.br","date":"2 de August de 2024","format":false,"excerpt":"O entorno da pra\u00e7a Pedro Biagi, no bairro Ipiranga, na zona Norte de Ribeir\u00e3o Preto, ter\u00e1 novas vagas de estacionamento nos pr\u00f3ximos dias. Os locais j\u00e1 est\u00e3o demarcados e sinalizados, mas a cobran\u00e7a da \u00e1rea azul, ainda, n\u00e3o tem data definida. A solicita\u00e7\u00e3o da Acirp (Associa\u00e7\u00e3o Comercial e Industrial de\u2026","rel":"","context":"In &quot;Not\u00edcias de Ribeir\u00e3o Preto-SP e Regi\u00e3o&quot;","block_context":{"text":"Not\u00edcias de Ribeir\u00e3o Preto-SP e Regi\u00e3o","link":"https:\/\/ismaelcolosi.com.br\/index.php\/category\/noticias-de-ribeirao-preto-sp-e-regiao-ismael-colosi\/"},"img":{"alt_text":"","src":"https:\/\/i0.wp.com\/ismaelcolosi.com.br\/wp-content\/uploads\/2024\/08\/4_2024-08-02_16-01-17_jpg_2024-08-02_16-01-17.webp.webp?fit=1200%2C675&ssl=1&resize=350%2C200","width":350,"height":200,"srcset":"https:\/\/i0.wp.com\/ismaelcolosi.com.br\/wp-content\/uploads\/2024\/08\/4_2024-08-02_16-01-17_jpg_2024-08-02_16-01-17.webp.webp?fit=1200%2C675&ssl=1&resize=350%2C200 1x, https:\/\/i0.wp.com\/ismaelcolosi.com.br\/wp-content\/uploads\/2024\/08\/4_2024-08-02_16-01-17_jpg_2024-08-02_16-01-17.webp.webp?fit=1200%2C675&ssl=1&resize=525%2C300 1.5x, https:\/\/i0.wp.com\/ismaelcolosi.com.br\/wp-content\/uploads\/2024\/08\/4_2024-08-02_16-01-17_jpg_2024-08-02_16-01-17.webp.webp?fit=1200%2C675&ssl=1&resize=700%2C400 2x, https:\/\/i0.wp.com\/ismaelcolosi.com.br\/wp-content\/uploads\/2024\/08\/4_2024-08-02_16-01-17_jpg_2024-08-02_16-01-17.webp.webp?fit=1200%2C675&ssl=1&resize=1050%2C600 3x"},"classes":[]},{"id":16064,"url":"https:\/\/ismaelcolosi.com.br\/index.php\/2023\/12\/14\/upa-do-ribeirao-verde-cinco-empresas-disputam-obra-de-r-16-milhoes\/","url_meta":{"origin":35518,"position":4},"title":"UPA do Ribeir\u00e3o Verde: cinco empresas disputam obra de R$ 16 milh\u00f5es","author":"ismaelcolosi.com.br","date":"14 de December de 2023","format":false,"excerpt":"A Prefeitura de Ribeir\u00e3o Preto publicou no Di\u00e1rio Oficial do Munic\u00edpio, desta quinta-feira (14), o processo licitat\u00f3rio para a constru\u00e7\u00e3o da UPA (Unidade de Pronto Atendimento) do Ribeir\u00e3o Verde, na zona Leste. De acordo com a Administra\u00e7\u00e3o Municipal, dez empresas se inscreveram para participar da licita\u00e7\u00e3o, contudo, apenas cinco foram\u2026","rel":"","context":"In &quot;Not\u00edcias de Ribeir\u00e3o Preto-SP e Regi\u00e3o&quot;","block_context":{"text":"Not\u00edcias de Ribeir\u00e3o Preto-SP e Regi\u00e3o","link":"https:\/\/ismaelcolosi.com.br\/index.php\/category\/noticias-de-ribeirao-preto-sp-e-regiao-ismael-colosi\/"},"img":{"alt_text":"","src":"https:\/\/i0.wp.com\/ismaelcolosi.com.br\/wp-content\/uploads\/2023\/12\/projeto-UPA-Ribeirao-verde.jpeg?fit=1200%2C849&ssl=1&resize=350%2C200","width":350,"height":200,"srcset":"https:\/\/i0.wp.com\/ismaelcolosi.com.br\/wp-content\/uploads\/2023\/12\/projeto-UPA-Ribeirao-verde.jpeg?fit=1200%2C849&ssl=1&resize=350%2C200 1x, https:\/\/i0.wp.com\/ismaelcolosi.com.br\/wp-content\/uploads\/2023\/12\/projeto-UPA-Ribeirao-verde.jpeg?fit=1200%2C849&ssl=1&resize=525%2C300 1.5x, https:\/\/i0.wp.com\/ismaelcolosi.com.br\/wp-content\/uploads\/2023\/12\/projeto-UPA-Ribeirao-verde.jpeg?fit=1200%2C849&ssl=1&resize=700%2C400 2x, https:\/\/i0.wp.com\/ismaelcolosi.com.br\/wp-content\/uploads\/2023\/12\/projeto-UPA-Ribeirao-verde.jpeg?fit=1200%2C849&ssl=1&resize=1050%2C600 3x"},"classes":[]},{"id":36490,"url":"https:\/\/ismaelcolosi.com.br\/index.php\/2024\/02\/09\/aberta-nova-licitacao-para-obras-da-nove-de-julho-em-ribeirao-preto\/","url_meta":{"origin":35518,"position":5},"title":"Aberta nova licita\u00e7\u00e3o para obras da Nove de Julho em Ribeir\u00e3o Preto","author":"ismaelcolosi.com.br","date":"9 de February de 2024","format":false,"excerpt":"A abertura de uma nova licita\u00e7\u00e3o para a conclus\u00e3o das obras de revitaliza\u00e7\u00e3o e restaura\u00e7\u00e3o da avenida Nove de Julho em Ribeir\u00e3o Preto, foi anunciada pela prefeitura na tarde desta sexta-feira (9). De acordo com a publica\u00e7\u00e3o no Di\u00e1rio Oficial do Munic\u00edpio (DOM), o valor estimado para \u201cexecu\u00e7\u00e3o do remanescente\u2026","rel":"","context":"In &quot;Not\u00edcias de Ribeir\u00e3o Preto-SP e Regi\u00e3o&quot;","block_context":{"text":"Not\u00edcias de Ribeir\u00e3o Preto-SP e Regi\u00e3o","link":"https:\/\/ismaelcolosi.com.br\/index.php\/category\/noticias-de-ribeirao-preto-sp-e-regiao-ismael-colosi\/"},"img":{"alt_text":"","src":"https:\/\/i0.wp.com\/ismaelcolosi.com.br\/wp-content\/uploads\/2024\/02\/WhatsApp-Image-2023-12-20-at-10.47.41.jpeg?fit=1200%2C675&ssl=1&resize=350%2C200","width":350,"height":200,"srcset":"https:\/\/i0.wp.com\/ismaelcolosi.com.br\/wp-content\/uploads\/2024\/02\/WhatsApp-Image-2023-12-20-at-10.47.41.jpeg?fit=1200%2C675&ssl=1&resize=350%2C200 1x, https:\/\/i0.wp.com\/ismaelcolosi.com.br\/wp-content\/uploads\/2024\/02\/WhatsApp-Image-2023-12-20-at-10.47.41.jpeg?fit=1200%2C675&ssl=1&resize=525%2C300 1.5x, https:\/\/i0.wp.com\/ismaelcolosi.com.br\/wp-content\/uploads\/2024\/02\/WhatsApp-Image-2023-12-20-at-10.47.41.jpeg?fit=1200%2C675&ssl=1&resize=700%2C400 2x, https:\/\/i0.wp.com\/ismaelcolosi.com.br\/wp-content\/uploads\/2024\/02\/WhatsApp-Image-2023-12-20-at-10.47.41.jpeg?fit=1200%2C675&ssl=1&resize=1050%2C600 3x"},"classes":[]}],"jetpack_sharing_enabled":true,"jetpack_shortlink":"https:\/\/wp.me\/pfMlyK-9eS","_links":{"self":[{"href":"https:\/\/ismaelcolosi.com.br\/index.php\/wp-json\/wp\/v2\/posts\/35518","targetHints":{"allow":["GET"]}}],"collection":[{"href":"https:\/\/ismaelcolosi.com.br\/index.php\/wp-json\/wp\/v2\/posts"}],"about":[{"href":"https:\/\/ismaelcolosi.com.br\/index.php\/wp-json\/wp\/v2\/types\/post"}],"author":[{"embeddable":true,"href":"https:\/\/ismaelcolosi.com.br\/index.php\/wp-json\/wp\/v2\/users\/1"}],"replies":[{"embeddable":true,"href":"https:\/\/ismaelcolosi.com.br\/index.php\/wp-json\/wp\/v2\/comments?post=35518"}],"version-history":[{"count":0,"href":"https:\/\/ismaelcolosi.com.br\/index.php\/wp-json\/wp\/v2\/posts\/35518\/revisions"}],"wp:attachment":[{"href":"https:\/\/ismaelcolosi.com.br\/index.php\/wp-json\/wp\/v2\/media?parent=35518"}],"wp:term":[{"taxonomy":"category","embeddable":true,"href":"https:\/\/ismaelcolosi.com.br\/index.php\/wp-json\/wp\/v2\/categories?post=35518"},{"taxonomy":"post_tag","embeddable":true,"href":"https:\/\/ismaelcolosi.com.br\/index.php\/wp-json\/wp\/v2\/tags?post=35518"}],"curies":[{"name":"wp","href":"https:\/\/api.w.org\/{rel}","templated":true}]}}