{"id":35306,"date":"2024-02-05T20:18:37","date_gmt":"2024-02-05T23:18:37","guid":{"rendered":"https:\/\/ismaelcolosi.com.br\/index.php\/2024\/02\/05\/area-azul-voltara-a-funcionar-na-avenida-saudade-em-ribeirao-veja-quando\/"},"modified":"2024-02-05T20:18:37","modified_gmt":"2024-02-05T23:18:37","slug":"area-azul-voltara-a-funcionar-na-avenida-saudade-em-ribeirao-veja-quando","status":"publish","type":"post","link":"https:\/\/ismaelcolosi.com.br\/index.php\/2024\/02\/05\/area-azul-voltara-a-funcionar-na-avenida-saudade-em-ribeirao-veja-quando\/","title":{"rendered":"\u00c1rea Azul voltar\u00e1 a funcionar na avenida Saudade em Ribeir\u00e3o; Veja quando"},"content":{"rendered":"<p> <br \/>\n<\/p>\n<div>\n<p>A<strong> Prefeitura de Ribeir\u00e3o Preto<\/strong> informou, nesta segunda-feira (5), que o funcionamento da <strong>\u00c1rea Azul na avenida Saudade<\/strong>, no trecho da pista Bairro\/Centro, <strong>ser\u00e1 retomado nesta quarta-feira (7).<\/strong><\/p>\n<p><mark style=\"background-color:#fcb900\" class=\"has-inline-color\">O sistema rotativo do local estava <strong>suspenso <\/strong>devido \u00e0 obra do corredor de \u00f4nibus da via. <\/mark>A opera\u00e7\u00e3o retornar\u00e1 no formato digital, assim como funciona na avenida Dom Pedro I, por exemplo.<\/p><div class='code-block code-block-8' style='margin: 8px auto; text-align: center; display: block; clear: both;'>\n<script>\n  atOptions = {\n    'key' : '66e2e2111ca34da796271819fc334058',\n    'format' : 'iframe',\n    'height' : 250,\n    'width' : 300,\n    'params' : {}\n  };\n<\/script>\n<script src=\"https:\/\/www.highperformanceformat.com\/66e2e2111ca34da796271819fc334058\/invoke.js\"><\/script>\n<\/div>\n\n<p>De acordo com a <strong>RP Mobi <\/strong>a instala\u00e7\u00e3o dos parqu\u00edmetros na regi\u00e3o da <strong>avenida Saudade<\/strong> foi conclu\u00edda na manh\u00e3 desta segunda-feira.<\/p>\n<p>Ao todo ser\u00e3o <strong>96 vagas dispon\u00edveis<\/strong>, no entanto, o estacionamento rotativo tamb\u00e9m disponibilizar\u00e1:<\/p>\n<ul>\n<li>5 vagas reservadas para idosos;<\/li>\n<\/ul>\n<ul>\n<li>3 vagas reservadas para deficientes f\u00edsicos;<\/li>\n<\/ul>\n<ul>\n<li>1 vaga para servi\u00e7os de emerg\u00eancia;<\/li>\n<\/ul>\n<ul>\n<li>3 vagas para opera\u00e7\u00e3o de carga e descarga ou embarque e desembarque;<\/li>\n<\/ul>\n<ul>\n<li>6 \u00e1reas (bols\u00f5es) destinadas para o estacionamento de motocicletas e similares.<\/li>\n<\/ul>\n<p>As vagas rotativas est\u00e3o todas demarcadas com pintura de solo e s\u00e3o regulamentadas com placas de tr\u00e2nsito. <strong>A fiscaliza\u00e7\u00e3o no local ocorrer\u00e1 a partir do dia 27 de fevereiro.<\/strong><\/p>\n<h3 class=\"wp-block-heading\"><strong>Veja mais informa\u00e7\u00f5es sobre a \u00c1rea Azul Digital na avenida Saudade:<\/strong><\/h3>\n<h4 class=\"wp-block-heading\"><strong>Onde est\u00e3o as novas vagas rotativas?<\/strong><\/h4>\n<p>As vagas est\u00e3o na pista sentido Bairro\/Centro da avenida Saudade, no trecho da avenida Coronel Quito Junqueira at\u00e9 a rua Capit\u00e3o Salom\u00e3o.<\/p>\n<h4 class=\"wp-block-heading\"><strong>Qual ser\u00e1 o hor\u00e1rio de funcionamento?<\/strong><\/h4>\n<p>De segunda a sexta-feira, das 9h \u00e0s 18h, e aos s\u00e1bados, das 9h \u00e0s 13h.<\/p>\n<h4 class=\"wp-block-heading\"><strong>Qual \u00e9 o valor da tarifa?<\/strong><\/h4>\n<p>Os usu\u00e1rios podem comprar cr\u00e9ditos de R$ 1,50, para uma hora, ou de R$ 3 para duas horas.<\/p>\n<h4 class=\"wp-block-heading\"><strong>Existe toler\u00e2ncia?<\/strong><\/h4>\n<p>O usu\u00e1rio tem a toler\u00e2ncia de at\u00e9 15 minutos exclusivamente para aquisi\u00e7\u00e3o do cr\u00e9dito avulso de qualquer valor. O mesmo cr\u00e9dito adquirido pode ser utilizado em diferentes vagas, at\u00e9 o limite do seu vencimento.<\/p>\n<h4 class=\"wp-block-heading\"><strong>Como realizar o pagamento das vagas?<\/strong><\/h4>\n<p><strong><mark style=\"background-color:rgba(0, 0, 0, 0)\" class=\"has-inline-color has-luminous-vivid-orange-color\">Parqu\u00edmetros:<\/mark><\/strong> s\u00e3o os equipamentos eletr\u00f4nicos que ficam nas vias como ponto de venda. Ao todo, cinco parqu\u00edmetros est\u00e3o instalados na avenida Saudade, e funcionam com moedas, cart\u00f5es de cr\u00e9dito e d\u00e9bito, al\u00e9m de cart\u00e3o pr\u00e9-pago.<\/p>\n<p><strong><em>Localiza\u00e7\u00e3o dos novos equipamentos:<\/em><\/strong><\/p>\n<p><em>01 \u2013 Avenida Saudade com a rua Jo\u00e3o Clapp<\/em><\/p>\n<p><em>02 \u2013 Avenida Saudade com a rua Fl\u00e1vio Uch\u00f4a<\/em><\/p>\n<p><em>03 \u2013 Avenida Saudade com a rua Pernambuco<\/em><\/p>\n<p><em>04 \u2013 Avenida Saudade com a rua Patroc\u00ednio<\/em><\/p>\n<p><em>05 \u2013 Avenida Saudade com a rua Amazonas<\/em><\/p>\n<p><strong><mark style=\"background-color:rgba(0, 0, 0, 0)\" class=\"has-inline-color has-luminous-vivid-orange-color\">Aplicativos de celular:<\/mark><\/strong> est\u00e3o dispon\u00edveis os seguintes aplicativos, sendo o Sigapay e o Digipare. Para utilizar, o usu\u00e1rio dever\u00e1 baixar gratuitamente lojas virtuais e fazer o cadastro. <\/p>\n<p>Em seguida, poder\u00e1 comprar os cr\u00e9ditos antecipadamente e gerenci\u00e1-los pelo aplicativo escolhido.<\/p>\n<p><mark style=\"background-color:rgba(0, 0, 0, 0)\" class=\"has-inline-color has-luminous-vivid-orange-color\"><strong>Pix (\u201cParqu\u00edmetro Digital\u201d)<\/strong>:<\/mark> Modalidade de pagamento destinada para os condutores que ainda n\u00e3o baixaram o aplicativo SigaPay ou pretendem evitar as eventuais filas de espera dos parqu\u00edmetros f\u00edsicos. <\/p>\n<p>O valor m\u00e1ximo da transa\u00e7\u00e3o \u00e9 de R$ 3 para utilizar uma vaga por at\u00e9 duas horas. Diversos adesivos com o QRCode do Pix da \u00c1rea Azul est\u00e3o afixados em parqu\u00edmetros e estabelecimentos comerciais da cidade.<\/p>\n<h4 class=\"wp-block-heading\"><strong>Motocicletas precisam pagar a tarifa?<\/strong><\/h4>\n<p>Motocicletas n\u00e3o precisam fazer o pagamento da tarifa desde que estacionadas nos locais estabelecidos por sinaliza\u00e7\u00e3o pr\u00f3pria.<\/p>\n<h4 class=\"wp-block-heading\"><strong>Haver\u00e1 fiscaliza\u00e7\u00e3o eletr\u00f4nica?<\/strong><\/h4>\n<p>Sim. A RP Mobi tamb\u00e9m j\u00e1 implantou na regi\u00e3o da Saudade as placas da \u00c1rea Azul com as novas informa\u00e7\u00f5es necess\u00e1rias aos motoristas. Do mesmo modelo da sinaliza\u00e7\u00e3o da regi\u00e3o Central, as placas destacam que a fiscaliza\u00e7\u00e3o \u00e9 realizada de modo eletr\u00f4nico.<\/p>\n<p>Os ve\u00edculos considerados em situa\u00e7\u00e3o irregular nas vagas rotativas estar\u00e3o sujeitos \u00e0 penalidade, conforme o C\u00f3digo de Tr\u00e2nsito Brasileiro (Lei Federal n\u00ba 9.503, de 23\/9\/1997), considerando infra\u00e7\u00e3o grave, com cinco pontos na Carteira Nacional de Habilita\u00e7\u00e3o (CNH) e multa de R$ 195,23.<\/p>\n<p>SAIBA MAIS<\/p>\n<p>Carnaval \u00e9 feriado ou n\u00e3o? Veja se o trabalhador tem direito a folga<\/p>\n<h4 class=\"wp-block-heading\"><strong><mark style=\"background-color:#fcb900\" class=\"has-inline-color\">FIQUE ON<\/mark><\/strong><\/h4>\n<p>Fique ligado em tudo que acontece em Ribeir\u00e3o Preto e regi\u00e3o. Siga os perfis do\u00a0<strong>acidade on\u00a0<\/strong>no\u00a0<a href=\"https:\/\/www.instagram.com\/acidadeonribeirao\" target=\"_blank\" rel=\"noreferrer noopener\">Instagram<\/a>\u00a0e no\u00a0<a href=\"https:\/\/www.facebook.com\/acidadeonribeirao\" target=\"_blank\" rel=\"noreferrer noopener\">Facebook<\/a>.<\/p>\n<p>Receba not\u00edcias do\u00a0<strong>acidade on<\/strong>\u00a0no WhatsApp.\u00a0<a href=\"https:\/\/chat.whatsapp.com\/Bnv2w66ZT4VDyZW3oiZ69n\" target=\"_blank\" rel=\"noreferrer noopener\">Para entrar no grupo, basta clicar aqui.<\/a><\/p>\n<p>Fa\u00e7a uma den\u00fancia ou sugira uma reportagem sobre Ribeir\u00e3o Preto e regi\u00e3o pelo WhatsApp: 16 99117 7802.<\/p>\n<p>VEJA TAMB\u00c9M<\/p>\n<p>Cookies funcionais sem lactose: veja passo a passo<\/p>\n<p><!-- AI CONTENT END 1 -->\n<\/div>\n<p><script async src=\"\/\/www.instagram.com\/embed.js\"><\/script><br \/>\n<br \/><br \/>\n<br \/><a href=\"https:\/\/www.acidadeon.com\/ribeiraopreto\/cotidiano\/area-azul-voltara-a-funcionar-na-avenida-saudade-em-ribeirao-veja-quando\/\">Source link <\/a><\/p>\n<div class='code-block code-block-4' style='margin: 8px auto 8px 0; text-align: left; display: block; clear: both;'>\n\ud83d\udce2 Aviso Legal\n\nO site ismaelcolosi.com.br atua apenas como um canal de divulga\u00e7\u00e3o de oportunidades de emprego e n\u00e3o se responsabiliza pelo processo seletivo, contrata\u00e7\u00e3o ou qualquer outra etapa relacionada \u00e0s vagas publicadas. Todas as informa\u00e7\u00f5es s\u00e3o de responsabilidade dos anunciantes.\n\n\u26a0\ufe0f Aten\u00e7\u00e3o! Nunca pague por promessas de emprego nem compre cursos que garantam contrata\u00e7\u00e3o. Desconfie de qualquer cobran\u00e7a para participar de sele\u00e7\u00f5es.\n\n\n\n<\/div>\n<!-- CONTENT END 1 -->\n","protected":false},"excerpt":{"rendered":"<p>A Prefeitura de Ribeir\u00e3o Preto informou, nesta segunda-feira (5), que o funcionamento da \u00c1rea Azul na avenida Saudade, no trecho da pista Bairro\/Centro, ser\u00e1 retomado&#8230;<\/p>\n","protected":false},"author":1,"featured_media":35307,"comment_status":"open","ping_status":"open","sticky":false,"template":"","format":"standard","meta":{"_uag_custom_page_level_css":"","advanced_seo_description":"","jetpack_seo_html_title":"","jetpack_seo_noindex":false,"jetpack_post_was_ever_published":false,"_jetpack_newsletter_access":"","_jetpack_dont_email_post_to_subs":false,"_jetpack_newsletter_tier_id":0,"_jetpack_memberships_contains_paywalled_content":false,"_jetpack_memberships_contains_paid_content":false,"footnotes":"","jetpack_publicize_message":"","jetpack_publicize_feature_enabled":true,"jetpack_social_post_already_shared":true,"jetpack_social_options":{"image_generator_settings":{"template":"highway","default_image_id":0,"font":"","enabled":false},"version":2}},"categories":[11],"tags":[],"class_list":["post-35306","post","type-post","status-publish","format-standard","has-post-thumbnail","hentry","category-noticias-de-ribeirao-preto-sp-e-regiao-ismael-colosi"],"jetpack_publicize_connections":[],"jetpack_featured_media_url":"https:\/\/i0.wp.com\/ismaelcolosi.com.br\/wp-content\/uploads\/2024\/02\/1707175120_area_azul_saudade__22.jpeg?fit=960%2C693&ssl=1","uagb_featured_image_src":{"full":["https:\/\/i0.wp.com\/ismaelcolosi.com.br\/wp-content\/uploads\/2024\/02\/1707175120_area_azul_saudade__22.jpeg?fit=960%2C693&ssl=1",960,693,false],"thumbnail":["https:\/\/i0.wp.com\/ismaelcolosi.com.br\/wp-content\/uploads\/2024\/02\/1707175120_area_azul_saudade__22.jpeg?resize=150%2C150&ssl=1",150,150,true],"medium":["https:\/\/i0.wp.com\/ismaelcolosi.com.br\/wp-content\/uploads\/2024\/02\/1707175120_area_azul_saudade__22.jpeg?fit=300%2C217&ssl=1",300,217,true],"medium_large":["https:\/\/i0.wp.com\/ismaelcolosi.com.br\/wp-content\/uploads\/2024\/02\/1707175120_area_azul_saudade__22.jpeg?fit=768%2C554&ssl=1",768,554,true],"large":["https:\/\/i0.wp.com\/ismaelcolosi.com.br\/wp-content\/uploads\/2024\/02\/1707175120_area_azul_saudade__22.jpeg?fit=960%2C693&ssl=1",960,693,true],"1536x1536":["https:\/\/i0.wp.com\/ismaelcolosi.com.br\/wp-content\/uploads\/2024\/02\/1707175120_area_azul_saudade__22.jpeg?fit=960%2C693&ssl=1",960,693,true],"2048x2048":["https:\/\/i0.wp.com\/ismaelcolosi.com.br\/wp-content\/uploads\/2024\/02\/1707175120_area_azul_saudade__22.jpeg?fit=960%2C693&ssl=1",960,693,true],"really-simple-thumb":["https:\/\/i0.wp.com\/ismaelcolosi.com.br\/wp-content\/uploads\/2024\/02\/1707175120_area_azul_saudade__22.jpeg?resize=370%2C247&ssl=1",370,247,true]},"uagb_author_info":{"display_name":"ismaelcolosi.com.br","author_link":"https:\/\/ismaelcolosi.com.br\/index.php\/author\/vidareal-online\/"},"uagb_comment_info":0,"uagb_excerpt":"A Prefeitura de Ribeir\u00e3o Preto informou, nesta segunda-feira (5), que o funcionamento da \u00c1rea Azul na avenida Saudade, no trecho da pista Bairro\/Centro, ser\u00e1 retomado...","jetpack-related-posts":[{"id":35302,"url":"https:\/\/ismaelcolosi.com.br\/index.php\/2024\/02\/05\/area-azul-volta-a-funcionar-na-avenida-saudade\/","url_meta":{"origin":35306,"position":0},"title":"\u00c1rea Azul volta a funcionar na avenida Saudade","author":"ismaelcolosi.com.br","date":"5 de February de 2024","format":false,"excerpt":"A RP Mobi retornar\u00e1 na pr\u00f3xima quarta-feira, dia 7 de fevereiro, o funcionamento da \u00c1rea Azul em um trecho da pista Bairro\/Centro da avenida Saudade.A opera\u00e7\u00e3o do estacionamento ser\u00e1 retomada no formato digital, como j\u00e1 ocorre em outras regi\u00f5es da cidade.\u00a0 Ao todo, ser\u00e3o 96 vagas, e a fiscaliza\u00e7\u00e3o ocorrer\u00e1\u2026","rel":"","context":"In &quot;Not\u00edcias de Ribeir\u00e3o Preto-SP e Regi\u00e3o&quot;","block_context":{"text":"Not\u00edcias de Ribeir\u00e3o Preto-SP e Regi\u00e3o","link":"https:\/\/ismaelcolosi.com.br\/index.php\/category\/noticias-de-ribeirao-preto-sp-e-regiao-ismael-colosi\/"},"img":{"alt_text":"","src":"https:\/\/i0.wp.com\/ismaelcolosi.com.br\/wp-content\/uploads\/2024\/02\/area_azul_saudade__22.jpeg?fit=894%2C645&ssl=1&resize=350%2C200","width":350,"height":200,"srcset":"https:\/\/i0.wp.com\/ismaelcolosi.com.br\/wp-content\/uploads\/2024\/02\/area_azul_saudade__22.jpeg?fit=894%2C645&ssl=1&resize=350%2C200 1x, https:\/\/i0.wp.com\/ismaelcolosi.com.br\/wp-content\/uploads\/2024\/02\/area_azul_saudade__22.jpeg?fit=894%2C645&ssl=1&resize=525%2C300 1.5x, https:\/\/i0.wp.com\/ismaelcolosi.com.br\/wp-content\/uploads\/2024\/02\/area_azul_saudade__22.jpeg?fit=894%2C645&ssl=1&resize=700%2C400 2x"},"classes":[]},{"id":41007,"url":"https:\/\/ismaelcolosi.com.br\/index.php\/2024\/03\/06\/comeca-fiscalizacao-na-area-azul-digital\/","url_meta":{"origin":35306,"position":1},"title":"Come\u00e7a fiscaliza\u00e7\u00e3o na \u00c1rea Azul Digital","author":"ismaelcolosi.com.br","date":"6 de March de 2024","format":false,"excerpt":"6 de mar\u00e7o de 2024 | 11:52 0A RP Mobi est\u00e1 alertando motoristas para o in\u00edcio da fiscaliza\u00e7\u00e3o em dois trechos da \u00c1rea Azul Digital, na regi\u00e3o da avenida Nove de Julho, no Alto da Cidade, e na avenida Saudade, nos Campos El\u00edseos. Desde 27 de fevereiro, quem desrespeitar as\u2026","rel":"","context":"In &quot;Not\u00edcias de Ribeir\u00e3o Preto-SP e Regi\u00e3o&quot;","block_context":{"text":"Not\u00edcias de Ribeir\u00e3o Preto-SP e Regi\u00e3o","link":"https:\/\/ismaelcolosi.com.br\/index.php\/category\/noticias-de-ribeirao-preto-sp-e-regiao-ismael-colosi\/"},"img":{"alt_text":"","src":"https:\/\/i0.wp.com\/ismaelcolosi.com.br\/wp-content\/uploads\/2024\/03\/AreaAzul-Sau-Divulgacao-scaled.jpeg?fit=1000%2C563&ssl=1&resize=350%2C200","width":350,"height":200,"srcset":"https:\/\/i0.wp.com\/ismaelcolosi.com.br\/wp-content\/uploads\/2024\/03\/AreaAzul-Sau-Divulgacao-scaled.jpeg?fit=1000%2C563&ssl=1&resize=350%2C200 1x, https:\/\/i0.wp.com\/ismaelcolosi.com.br\/wp-content\/uploads\/2024\/03\/AreaAzul-Sau-Divulgacao-scaled.jpeg?fit=1000%2C563&ssl=1&resize=525%2C300 1.5x, https:\/\/i0.wp.com\/ismaelcolosi.com.br\/wp-content\/uploads\/2024\/03\/AreaAzul-Sau-Divulgacao-scaled.jpeg?fit=1000%2C563&ssl=1&resize=700%2C400 2x"},"classes":[]},{"id":34624,"url":"https:\/\/ismaelcolosi.com.br\/index.php\/2024\/02\/02\/avenida-nove-de-julho-comeca-a-receber-sinalizacao-para-area-azul-digital\/","url_meta":{"origin":35306,"position":2},"title":"Avenida Nove de Julho come\u00e7a a receber sinaliza\u00e7\u00e3o para \u00c1rea Azul Digital","author":"ismaelcolosi.com.br","date":"2 de February de 2024","format":false,"excerpt":"A Prefeitura de Ribeir\u00e3o Preto informou, nesta sexta-feira (2), que a avenida Nove de Julho come\u00e7ou a receber sinaliza\u00e7\u00e3o para a \u00c1rea Azul Digital no trecho entre as ruas S\u00e3o Jos\u00e9 e Comandante Marcondes Salgado. O local est\u00e1 interditado desde dezembro do ano passado, ap\u00f3s a Prefeitura romper o contrato\u2026","rel":"","context":"In &quot;Not\u00edcias de Ribeir\u00e3o Preto-SP e Regi\u00e3o&quot;","block_context":{"text":"Not\u00edcias de Ribeir\u00e3o Preto-SP e Regi\u00e3o","link":"https:\/\/ismaelcolosi.com.br\/index.php\/category\/noticias-de-ribeirao-preto-sp-e-regiao-ismael-colosi\/"},"img":{"alt_text":"","src":"https:\/\/i0.wp.com\/ismaelcolosi.com.br\/wp-content\/uploads\/2024\/02\/gradil_instalacao_rpmobi_-_foto_fernando_gonzaga_5.jpg?fit=1200%2C800&ssl=1&resize=350%2C200","width":350,"height":200,"srcset":"https:\/\/i0.wp.com\/ismaelcolosi.com.br\/wp-content\/uploads\/2024\/02\/gradil_instalacao_rpmobi_-_foto_fernando_gonzaga_5.jpg?fit=1200%2C800&ssl=1&resize=350%2C200 1x, https:\/\/i0.wp.com\/ismaelcolosi.com.br\/wp-content\/uploads\/2024\/02\/gradil_instalacao_rpmobi_-_foto_fernando_gonzaga_5.jpg?fit=1200%2C800&ssl=1&resize=525%2C300 1.5x, https:\/\/i0.wp.com\/ismaelcolosi.com.br\/wp-content\/uploads\/2024\/02\/gradil_instalacao_rpmobi_-_foto_fernando_gonzaga_5.jpg?fit=1200%2C800&ssl=1&resize=700%2C400 2x, https:\/\/i0.wp.com\/ismaelcolosi.com.br\/wp-content\/uploads\/2024\/02\/gradil_instalacao_rpmobi_-_foto_fernando_gonzaga_5.jpg?fit=1200%2C800&ssl=1&resize=1050%2C600 3x"},"classes":[]},{"id":9606,"url":"https:\/\/ismaelcolosi.com.br\/index.php\/2023\/12\/02\/fiscalizacao-comeca-segunda-no-ipiranga\/","url_meta":{"origin":35306,"position":3},"title":"Fiscaliza\u00e7\u00e3o come\u00e7a\u00a0segunda no Ipiranga \u00a0","author":"ismaelcolosi.com.br","date":"2 de December de 2023","format":false,"excerpt":"2 de dezembro de 2023 | 11:002 de dezembro de 2023 | 10:55 0A RP Mobi, empresa que gerencia o tr\u00e2nsito e o transporte urbano de Ribeir\u00e3o Preto (ex-Transerp), passou a operar, em 7 de novembro, a \u00c1rea Azul Digital em 302 vagas distribu\u00eddas em ruas perpendiculares \u00e0 avenida Dom\u2026","rel":"","context":"In &quot;Not\u00edcias de Ribeir\u00e3o Preto-SP e Regi\u00e3o&quot;","block_context":{"text":"Not\u00edcias de Ribeir\u00e3o Preto-SP e Regi\u00e3o","link":"https:\/\/ismaelcolosi.com.br\/index.php\/category\/noticias-de-ribeirao-preto-sp-e-regiao-ismael-colosi\/"},"img":{"alt_text":"","src":"https:\/\/i0.wp.com\/ismaelcolosi.com.br\/wp-content\/uploads\/2023\/12\/areaazul.jpeg?fit=1200%2C900&ssl=1&resize=350%2C200","width":350,"height":200,"srcset":"https:\/\/i0.wp.com\/ismaelcolosi.com.br\/wp-content\/uploads\/2023\/12\/areaazul.jpeg?fit=1200%2C900&ssl=1&resize=350%2C200 1x, https:\/\/i0.wp.com\/ismaelcolosi.com.br\/wp-content\/uploads\/2023\/12\/areaazul.jpeg?fit=1200%2C900&ssl=1&resize=525%2C300 1.5x, https:\/\/i0.wp.com\/ismaelcolosi.com.br\/wp-content\/uploads\/2023\/12\/areaazul.jpeg?fit=1200%2C900&ssl=1&resize=700%2C400 2x, https:\/\/i0.wp.com\/ismaelcolosi.com.br\/wp-content\/uploads\/2023\/12\/areaazul.jpeg?fit=1200%2C900&ssl=1&resize=1050%2C600 3x"},"classes":[]},{"id":5015,"url":"https:\/\/ismaelcolosi.com.br\/index.php\/2023\/11\/22\/rp-mobi-adia-inicio-da-fiscalizacao-da-area-azul-digital-na-regiao-da-dom-pedro-i\/","url_meta":{"origin":35306,"position":4},"title":"RP Mobi adia in\u00edcio da fiscaliza\u00e7\u00e3o da \u00c1rea Azul Digital na regi\u00e3o da Dom Pedro I","author":"ismaelcolosi.com.br","date":"22 de November de 2023","format":false,"excerpt":"A RP Mobi informou que vai adiar para o dia 4 de dezembro o in\u00edcio da fiscaliza\u00e7\u00e3o das vagas da \u00c1rea Azul Digital na regi\u00e3o da avenida Dom Pedro I, em Ribeir\u00e3o Preto. Inicialmente, a aplica\u00e7\u00e3o de multas estava programada para esta quinta-feira (23). Ao todo, s\u00e3o 302 vagas de\u2026","rel":"","context":"In &quot;Not\u00edcias de Ribeir\u00e3o Preto-SP e Regi\u00e3o&quot;","block_context":{"text":"Not\u00edcias de Ribeir\u00e3o Preto-SP e Regi\u00e3o","link":"https:\/\/ismaelcolosi.com.br\/index.php\/category\/noticias-de-ribeirao-preto-sp-e-regiao-ismael-colosi\/"},"img":{"alt_text":"","src":"https:\/\/i0.wp.com\/ismaelcolosi.com.br\/wp-content\/uploads\/2023\/11\/area-azul-dom-pedro.jpeg?fit=1200%2C900&ssl=1&resize=350%2C200","width":350,"height":200,"srcset":"https:\/\/i0.wp.com\/ismaelcolosi.com.br\/wp-content\/uploads\/2023\/11\/area-azul-dom-pedro.jpeg?fit=1200%2C900&ssl=1&resize=350%2C200 1x, https:\/\/i0.wp.com\/ismaelcolosi.com.br\/wp-content\/uploads\/2023\/11\/area-azul-dom-pedro.jpeg?fit=1200%2C900&ssl=1&resize=525%2C300 1.5x, https:\/\/i0.wp.com\/ismaelcolosi.com.br\/wp-content\/uploads\/2023\/11\/area-azul-dom-pedro.jpeg?fit=1200%2C900&ssl=1&resize=700%2C400 2x, https:\/\/i0.wp.com\/ismaelcolosi.com.br\/wp-content\/uploads\/2023\/11\/area-azul-dom-pedro.jpeg?fit=1200%2C900&ssl=1&resize=1050%2C600 3x"},"classes":[]},{"id":35716,"url":"https:\/\/ismaelcolosi.com.br\/index.php\/2024\/02\/07\/area-azul-comeca-hoje-na-9-de-julho\/","url_meta":{"origin":35306,"position":5},"title":"\u00c1rea Azul come\u00e7a hoje na 9 de Julho\u00a0","author":"ismaelcolosi.com.br","date":"7 de February de 2024","format":false,"excerpt":"Por causa da paralisa\u00e7\u00e3o das obras de revitaliza\u00e7\u00e3o, restaura\u00e7\u00e3o e constru\u00e7\u00e3o de corredor de \u00f4nibus na Nove de Julho, em Ribeir\u00e3o Preto, a RP Mobi come\u00e7a a operar, nesta quarta-feira, 7 de fevereiro, 54 vagas de \u00c1rea Azul Digital na centen\u00e1ria via e nas ruas Comandante Marcondes Salgado e S\u00e3o\u2026","rel":"","context":"In &quot;Not\u00edcias de Ribeir\u00e3o Preto-SP e Regi\u00e3o&quot;","block_context":{"text":"Not\u00edcias de Ribeir\u00e3o Preto-SP e Regi\u00e3o","link":"https:\/\/ismaelcolosi.com.br\/index.php\/category\/noticias-de-ribeirao-preto-sp-e-regiao-ismael-colosi\/"},"img":{"alt_text":"","src":"https:\/\/i0.wp.com\/ismaelcolosi.com.br\/wp-content\/uploads\/2024\/02\/AreaAzul-Vag-Alfredo-Risk-scaled.jpg?fit=1000%2C515&ssl=1&resize=350%2C200","width":350,"height":200,"srcset":"https:\/\/i0.wp.com\/ismaelcolosi.com.br\/wp-content\/uploads\/2024\/02\/AreaAzul-Vag-Alfredo-Risk-scaled.jpg?fit=1000%2C515&ssl=1&resize=350%2C200 1x, https:\/\/i0.wp.com\/ismaelcolosi.com.br\/wp-content\/uploads\/2024\/02\/AreaAzul-Vag-Alfredo-Risk-scaled.jpg?fit=1000%2C515&ssl=1&resize=525%2C300 1.5x, https:\/\/i0.wp.com\/ismaelcolosi.com.br\/wp-content\/uploads\/2024\/02\/AreaAzul-Vag-Alfredo-Risk-scaled.jpg?fit=1000%2C515&ssl=1&resize=700%2C400 2x"},"classes":[]}],"jetpack_sharing_enabled":true,"jetpack_shortlink":"https:\/\/wp.me\/pfMlyK-9bs","_links":{"self":[{"href":"https:\/\/ismaelcolosi.com.br\/index.php\/wp-json\/wp\/v2\/posts\/35306","targetHints":{"allow":["GET"]}}],"collection":[{"href":"https:\/\/ismaelcolosi.com.br\/index.php\/wp-json\/wp\/v2\/posts"}],"about":[{"href":"https:\/\/ismaelcolosi.com.br\/index.php\/wp-json\/wp\/v2\/types\/post"}],"author":[{"embeddable":true,"href":"https:\/\/ismaelcolosi.com.br\/index.php\/wp-json\/wp\/v2\/users\/1"}],"replies":[{"embeddable":true,"href":"https:\/\/ismaelcolosi.com.br\/index.php\/wp-json\/wp\/v2\/comments?post=35306"}],"version-history":[{"count":0,"href":"https:\/\/ismaelcolosi.com.br\/index.php\/wp-json\/wp\/v2\/posts\/35306\/revisions"}],"wp:featuredmedia":[{"embeddable":true,"href":"https:\/\/ismaelcolosi.com.br\/index.php\/wp-json\/wp\/v2\/media\/35307"}],"wp:attachment":[{"href":"https:\/\/ismaelcolosi.com.br\/index.php\/wp-json\/wp\/v2\/media?parent=35306"}],"wp:term":[{"taxonomy":"category","embeddable":true,"href":"https:\/\/ismaelcolosi.com.br\/index.php\/wp-json\/wp\/v2\/categories?post=35306"},{"taxonomy":"post_tag","embeddable":true,"href":"https:\/\/ismaelcolosi.com.br\/index.php\/wp-json\/wp\/v2\/tags?post=35306"}],"curies":[{"name":"wp","href":"https:\/\/api.w.org\/{rel}","templated":true}]}}