{"id":35143,"date":"2024-02-05T12:26:53","date_gmt":"2024-02-05T15:26:53","guid":{"rendered":"https:\/\/ismaelcolosi.com.br\/index.php\/2024\/02\/05\/taylor-swift-miley-cyrus-e-billie-eilish-levam-principais-premios-do-grammy-2024\/"},"modified":"2024-02-05T12:26:53","modified_gmt":"2024-02-05T15:26:53","slug":"taylor-swift-miley-cyrus-e-billie-eilish-levam-principais-premios-do-grammy-2024","status":"publish","type":"post","link":"https:\/\/ismaelcolosi.com.br\/index.php\/2024\/02\/05\/taylor-swift-miley-cyrus-e-billie-eilish-levam-principais-premios-do-grammy-2024\/","title":{"rendered":"Taylor Swift, Miley Cyrus e Billie Eilish levam principais pr\u00eamios do Grammy 2024"},"content":{"rendered":"<p> <br \/>\n<\/p>\n<div id=\"post-372612\">\n<header class=\"entry-header penci-entry-header penci-title-center\">\n<p> <span class=\"entry-meta-item penci-posted-on\"><i class=\"fa fa-clock-o\"\/><time class=\"entry-date published\" datetime=\"2024-02-05T12:00:57-03:00\">5 de fevereiro de 2024 | 12:00<\/time><time class=\"updated\" datetime=\"2024-02-05T09:34:52-03:00\">5 de fevereiro de 2024 | 9:34<\/time><\/span><\/p>\n<p> <span class=\"penci-social-buttons penci-social-share-footer\"><a href=\"#\" class=\"penci-post-like penci_post-meta_item  single-like-button penci-social-item like\" data-post_id=\"372612\" title=\"Like\" data-like=\"Like\" data-unlike=\"Unlike\"><i class=\"fa fa-thumbs-o-up\"\/><span class=\"penci-share-number\">0<\/span><\/a><i class=\"fa fa-facebook\"\/><a class=\"penci-social-item twitter\" target=\"_blank\" rel=\"noopener\" title=\"\" href=\"https:\/\/twitter.com\/intent\/tweet?text=Taylor%20Swift,%20Miley%20Cyrus%20e%20Billie%20Eilish%20levam%20principais%20pr\u00eamios%20do%20Grammy%202024%20-%20https:\/\/www.tribunaribeirao.com.br\/site\/taylor-swift-miley-cyrus-e-billie-eilish-levam-principais-premios-do-grammy-2024\/\"><i class=\"fa fa-twitter\"\/><\/a><i class=\"fa fa-whatsapp\"\/><\/span><\/header>\n<div class=\"penci-entry-content entry-content\">\n<div id=\"Corpo\">A entrega dos pr\u00eamios Grammy em 2024 aconteceu neste domingo, dia 4, com a divulga\u00e7\u00e3o da lista de vencedores entre os indicados em suas 94 categorias. Como era esperado, as artistas mulheres tiveram o maior destaque.<\/p>\n<p>Entre os destaques, Taylor Swift, que venceu o pr\u00eamio de melhor \u00e1lbum do ano por\u00a0<i>Midnights<\/i>, Miley Cyrus, que ganhou o pr\u00eamio de melhor grava\u00e7\u00e3o do ano por seu trabalho em\u00a0<i>Flowers<\/i>. Billie Eilish, ganhou o pr\u00eamio de m\u00fasica do ano por\u00a0<i>What Was I Made For?<\/i>. Victoria Mon\u00e9t foi eleita a revela\u00e7\u00e3o do ano.<\/p>\n<p>SZA, que liderou o n\u00famero total de indica\u00e7\u00f5es, com nove, conquistou os pr\u00eamios de melhor m\u00fasica de R&amp;B, por\u00a0<i>Snooze<\/i>, melhor performance de pop em duo, por\u00a0<i>Ghost In The Machine<\/i>, sua parceria com Phoebe Bridgers.<\/p>\n<p>Nas categorias que envolvem produ\u00e7\u00f5es cinematogr\u00e1ficas, tanto a trilha sonora de\u00a0<i>Oppenheimer<\/i>\u00a0como a de\u00a0<i>Barbie<\/i>\u00a0foram premiadas. Os dois longas estiveram entre os mais comentados de 2023 e concorrem ao Oscar de melhor filme neste ano.<\/p>\n<\/div>\n<\/div>\n<footer class=\"penci-entry-footer\"\/><\/div>\n<p><script async src=\"\/\/platform.twitter.com\/widgets.js\" charset=\"utf-8\"><\/script><br \/>\n<br \/><br \/>\n<br \/><a href=\"https:\/\/www.tribunaribeirao.com.br\/site\/taylor-swift-miley-cyrus-e-billie-eilish-levam-principais-premios-do-grammy-2024\/\">Source link <\/a><\/p>\n<div class='code-block code-block-4' style='margin: 8px auto 8px 0; text-align: left; display: block; clear: both;'>\n\ud83d\udce2 Aviso Legal\n\nO site ismaelcolosi.com.br atua apenas como um canal de divulga\u00e7\u00e3o de oportunidades de emprego e n\u00e3o se responsabiliza pelo processo seletivo, contrata\u00e7\u00e3o ou qualquer outra etapa relacionada \u00e0s vagas publicadas. Todas as informa\u00e7\u00f5es s\u00e3o de responsabilidade dos anunciantes.\n\n\u26a0\ufe0f Aten\u00e7\u00e3o! Nunca pague por promessas de emprego nem compre cursos que garantam contrata\u00e7\u00e3o. Desconfie de qualquer cobran\u00e7a para participar de sele\u00e7\u00f5es.\n\n\n\n<\/div>\n<!-- CONTENT END 1 -->\n","protected":false},"excerpt":{"rendered":"<p>5 de fevereiro de 2024 | 12:005 de fevereiro de 2024 | 9:34 0 A entrega dos pr\u00eamios Grammy em 2024 aconteceu neste domingo, dia&#8230;<\/p>\n","protected":false},"author":1,"featured_media":35144,"comment_status":"open","ping_status":"open","sticky":false,"template":"","format":"standard","meta":{"_uag_custom_page_level_css":"","advanced_seo_description":"","jetpack_seo_html_title":"","jetpack_seo_noindex":false,"jetpack_post_was_ever_published":false,"_jetpack_newsletter_access":"","_jetpack_dont_email_post_to_subs":false,"_jetpack_newsletter_tier_id":0,"_jetpack_memberships_contains_paywalled_content":false,"_jetpack_memberships_contains_paid_content":false,"footnotes":"","jetpack_publicize_message":"","jetpack_publicize_feature_enabled":true,"jetpack_social_post_already_shared":true,"jetpack_social_options":{"image_generator_settings":{"template":"highway","default_image_id":0,"font":"","enabled":false},"version":2}},"categories":[11],"tags":[4073,4072,4074,4075,2935,4071,2055,2718,4070,4069],"class_list":["post-35143","post","type-post","status-publish","format-standard","has-post-thumbnail","hentry","category-noticias-de-ribeirao-preto-sp-e-regiao-ismael-colosi","tag-billie","tag-cyrus","tag-eilish","tag-grammy","tag-levam","tag-miley","tag-premios","tag-principais","tag-swift","tag-taylor"],"jetpack_publicize_connections":[],"jetpack_featured_media_url":"https:\/\/i0.wp.com\/ismaelcolosi.com.br\/wp-content\/uploads\/2024\/02\/download-2-scaled.jpg?fit=967%2C645&ssl=1","uagb_featured_image_src":{"full":["https:\/\/i0.wp.com\/ismaelcolosi.com.br\/wp-content\/uploads\/2024\/02\/download-2-scaled.jpg?fit=967%2C645&ssl=1",967,645,false],"thumbnail":["https:\/\/i0.wp.com\/ismaelcolosi.com.br\/wp-content\/uploads\/2024\/02\/download-2-scaled.jpg?resize=150%2C150&ssl=1",150,150,true],"medium":["https:\/\/i0.wp.com\/ismaelcolosi.com.br\/wp-content\/uploads\/2024\/02\/download-2-scaled.jpg?fit=300%2C200&ssl=1",300,200,true],"medium_large":["https:\/\/i0.wp.com\/ismaelcolosi.com.br\/wp-content\/uploads\/2024\/02\/download-2-scaled.jpg?fit=768%2C512&ssl=1",768,512,true],"large":["https:\/\/i0.wp.com\/ismaelcolosi.com.br\/wp-content\/uploads\/2024\/02\/download-2-scaled.jpg?fit=967%2C645&ssl=1",967,645,true],"1536x1536":["https:\/\/i0.wp.com\/ismaelcolosi.com.br\/wp-content\/uploads\/2024\/02\/download-2-scaled.jpg?fit=967%2C645&ssl=1",967,645,true],"2048x2048":["https:\/\/i0.wp.com\/ismaelcolosi.com.br\/wp-content\/uploads\/2024\/02\/download-2-scaled.jpg?fit=967%2C645&ssl=1",967,645,true],"really-simple-thumb":["https:\/\/i0.wp.com\/ismaelcolosi.com.br\/wp-content\/uploads\/2024\/02\/download-2-scaled.jpg?resize=370%2C247&ssl=1",370,247,true]},"uagb_author_info":{"display_name":"ismaelcolosi.com.br","author_link":"https:\/\/ismaelcolosi.com.br\/index.php\/author\/vidareal-online\/"},"uagb_comment_info":0,"uagb_excerpt":"5 de fevereiro de 2024 | 12:005 de fevereiro de 2024 | 9:34 0 A entrega dos pr\u00eamios Grammy em 2024 aconteceu neste domingo, dia...","jetpack-related-posts":[{"id":31293,"url":"https:\/\/ismaelcolosi.com.br\/index.php\/2024\/01\/21\/top-10-musicas-internacionais-mais-tocadas-em-2024-janeiro\/","url_meta":{"origin":35143,"position":0},"title":"Top 10 M\u00fasicas Internacionais Mais Tocadas em 2024 (Janeiro)","author":"ismaelcolosi.com.br","date":"21 de January de 2024","format":false,"excerpt":"Confira a lista das m\u00fasicas internacionais mais tocadas. Ou\u00e7a a playlist das melhores m\u00fasicas internacionais mais tocadas nas r\u00e1dios do Brasil. S\u00e3o os maiores sucessos do g\u00eanero internacionais que os ouvintes mais pedem para tocar. Portanto, aproveite para ouvir o ranking do top internacional do momento atualizado(2024). Al\u00e9m disso, confira\u2026","rel":"","context":"In &quot;Blog&quot;","block_context":{"text":"Blog","link":"https:\/\/ismaelcolosi.com.br\/index.php\/category\/blog\/"},"img":{"alt_text":"","src":"https:\/\/i0.wp.com\/ismaelcolosi.com.br\/wp-content\/uploads\/2024\/01\/Musicas-internacionais-mais-tocadas.jpg?fit=1200%2C776&ssl=1&resize=350%2C200","width":350,"height":200,"srcset":"https:\/\/i0.wp.com\/ismaelcolosi.com.br\/wp-content\/uploads\/2024\/01\/Musicas-internacionais-mais-tocadas.jpg?fit=1200%2C776&ssl=1&resize=350%2C200 1x, https:\/\/i0.wp.com\/ismaelcolosi.com.br\/wp-content\/uploads\/2024\/01\/Musicas-internacionais-mais-tocadas.jpg?fit=1200%2C776&ssl=1&resize=525%2C300 1.5x, https:\/\/i0.wp.com\/ismaelcolosi.com.br\/wp-content\/uploads\/2024\/01\/Musicas-internacionais-mais-tocadas.jpg?fit=1200%2C776&ssl=1&resize=700%2C400 2x, https:\/\/i0.wp.com\/ismaelcolosi.com.br\/wp-content\/uploads\/2024\/01\/Musicas-internacionais-mais-tocadas.jpg?fit=1200%2C776&ssl=1&resize=1050%2C600 3x"},"classes":[]},{"id":8168,"url":"https:\/\/ismaelcolosi.com.br\/index.php\/2023\/11\/29\/quais-foram-os-artistas-brasileiros-mais-ouvidos-no-spotify-em-2023\/","url_meta":{"origin":35143,"position":1},"title":"Quais foram os artistas brasileiros mais ouvidos no Spotify em 2023?","author":"ismaelcolosi.com.br","date":"29 de November de 2023","format":false,"excerpt":"Cr\u00e9ditos: Depositphotos\/Sasha2109Spotify divulga ranking dos mais ouvidos em 2023 Veio a\u00ed! O Spotify divulgou nesta quarta-feira, 29, a tradicional retrospectiva da plataforma, que mostra os artistas que mais bombaram no Brasil e no mundo em 2023. O \u201cWrapped\u201d tamb\u00e9m mostra a cada usu\u00e1rio o que ele mais ouviu este ano.\u2026","rel":"","context":"In &quot;Variedades&quot;","block_context":{"text":"Variedades","link":"https:\/\/ismaelcolosi.com.br\/index.php\/category\/variedades\/"},"img":{"alt_text":"","src":"https:\/\/i0.wp.com\/ismaelcolosi.com.br\/wp-content\/uploads\/2023\/11\/depositphotos-620810818-xl-scaled.jpg?fit=1200%2C638&ssl=1&resize=350%2C200","width":350,"height":200,"srcset":"https:\/\/i0.wp.com\/ismaelcolosi.com.br\/wp-content\/uploads\/2023\/11\/depositphotos-620810818-xl-scaled.jpg?fit=1200%2C638&ssl=1&resize=350%2C200 1x, https:\/\/i0.wp.com\/ismaelcolosi.com.br\/wp-content\/uploads\/2023\/11\/depositphotos-620810818-xl-scaled.jpg?fit=1200%2C638&ssl=1&resize=525%2C300 1.5x, https:\/\/i0.wp.com\/ismaelcolosi.com.br\/wp-content\/uploads\/2023\/11\/depositphotos-620810818-xl-scaled.jpg?fit=1200%2C638&ssl=1&resize=700%2C400 2x, https:\/\/i0.wp.com\/ismaelcolosi.com.br\/wp-content\/uploads\/2023\/11\/depositphotos-620810818-xl-scaled.jpg?fit=1200%2C638&ssl=1&resize=1050%2C600 3x"},"classes":[]},{"id":41754,"url":"https:\/\/ismaelcolosi.com.br\/index.php\/2024\/03\/11\/oppenheimer-e-o-grande-vencedor-no-oscar-2024\/","url_meta":{"origin":35143,"position":2},"title":"&#8220;Oppenheimer&#8221; \u00e9 o grande vencedor no Oscar 2024","author":"ismaelcolosi.com.br","date":"11 de March de 2024","format":false,"excerpt":"11 de mar\u00e7o de 2024 | 9:0011 de mar\u00e7o de 2024 | 8:39 0Com 13 indica\u00e7\u00f5es, Oppenheimer era o favorito na 96\u00aa premia\u00e7\u00e3o do Oscar da Academia de Ci\u00eancias e Artes Cinematogr\u00e1ficas de Hollywood, seguido de Pobres criaturas, indicado para 11 premia\u00e7\u00f5es, e de Barbie, com sete.Ao final da noite,\u2026","rel":"","context":"In &quot;Not\u00edcias de Ribeir\u00e3o Preto-SP e Regi\u00e3o&quot;","block_context":{"text":"Not\u00edcias de Ribeir\u00e3o Preto-SP e Regi\u00e3o","link":"https:\/\/ismaelcolosi.com.br\/index.php\/category\/noticias-de-ribeirao-preto-sp-e-regiao-ismael-colosi\/"},"img":{"alt_text":"","src":"https:\/\/i0.wp.com\/ismaelcolosi.com.br\/wp-content\/uploads\/2024\/03\/f5abe472-053c-4f37-bea6-2bd852aef980-scaled.jpg?fit=967%2C645&ssl=1&resize=350%2C200","width":350,"height":200,"srcset":"https:\/\/i0.wp.com\/ismaelcolosi.com.br\/wp-content\/uploads\/2024\/03\/f5abe472-053c-4f37-bea6-2bd852aef980-scaled.jpg?fit=967%2C645&ssl=1&resize=350%2C200 1x, https:\/\/i0.wp.com\/ismaelcolosi.com.br\/wp-content\/uploads\/2024\/03\/f5abe472-053c-4f37-bea6-2bd852aef980-scaled.jpg?fit=967%2C645&ssl=1&resize=525%2C300 1.5x, https:\/\/i0.wp.com\/ismaelcolosi.com.br\/wp-content\/uploads\/2024\/03\/f5abe472-053c-4f37-bea6-2bd852aef980-scaled.jpg?fit=967%2C645&ssl=1&resize=700%2C400 2x"},"classes":[]},{"id":70744,"url":"https:\/\/ismaelcolosi.com.br\/index.php\/2024\/10\/12\/moradores-do-interior-de-sp-levam-premio-da-nota-fiscal-paulista-confira\/","url_meta":{"origin":35143,"position":3},"title":"Moradores do interior de SP levam pr\u00eamio da Nota Fiscal Paulista; Confira","author":"ismaelcolosi.com.br","date":"12 de October de 2024","format":false,"excerpt":"Um morador de Pontal, na regi\u00e3o de Ribeir\u00e3o Preto, levou o pr\u00eamio de R$ 100 mil no sorteio da Nota Fiscal Paulista, realizado na \u00faltima sexta-feira (11). Outros moradores do interior paulista tamb\u00e9m levaram pr\u00eamios que variam entre R$ 100 mil e R$ 500 mil \u2013 j\u00e1 o pr\u00eamio principal,\u2026","rel":"","context":"In &quot;Not\u00edcias de Ribeir\u00e3o Preto-SP e Regi\u00e3o&quot;","block_context":{"text":"Not\u00edcias de Ribeir\u00e3o Preto-SP e Regi\u00e3o","link":"https:\/\/ismaelcolosi.com.br\/index.php\/category\/noticias-de-ribeirao-preto-sp-e-regiao-ismael-colosi\/"},"img":{"alt_text":"","src":"https:\/\/i0.wp.com\/ismaelcolosi.com.br\/wp-content\/uploads\/2024\/10\/1728748359_WhatsApp-Image-2023-12-20-at-16.26.15.jpeg?fit=1200%2C707&ssl=1&resize=350%2C200","width":350,"height":200,"srcset":"https:\/\/i0.wp.com\/ismaelcolosi.com.br\/wp-content\/uploads\/2024\/10\/1728748359_WhatsApp-Image-2023-12-20-at-16.26.15.jpeg?fit=1200%2C707&ssl=1&resize=350%2C200 1x, https:\/\/i0.wp.com\/ismaelcolosi.com.br\/wp-content\/uploads\/2024\/10\/1728748359_WhatsApp-Image-2023-12-20-at-16.26.15.jpeg?fit=1200%2C707&ssl=1&resize=525%2C300 1.5x, https:\/\/i0.wp.com\/ismaelcolosi.com.br\/wp-content\/uploads\/2024\/10\/1728748359_WhatsApp-Image-2023-12-20-at-16.26.15.jpeg?fit=1200%2C707&ssl=1&resize=700%2C400 2x, https:\/\/i0.wp.com\/ismaelcolosi.com.br\/wp-content\/uploads\/2024\/10\/1728748359_WhatsApp-Image-2023-12-20-at-16.26.15.jpeg?fit=1200%2C707&ssl=1&resize=1050%2C600 3x"},"classes":[]},{"id":65988,"url":"https:\/\/ismaelcolosi.com.br\/index.php\/2024\/09\/15\/apostas-do-interior-de-sp-levam-premios-na-mega-sena-veja-os-numeros\/","url_meta":{"origin":35143,"position":4},"title":"Apostas do interior de SP levam pr\u00eamios na Mega-Sena; Veja os n\u00fameros","author":"ismaelcolosi.com.br","date":"15 de September de 2024","format":false,"excerpt":"Na noite de s\u00e1bado (14), aconteceu o sorteio de n\u00famero 2774\u00a0da Mega-Sena. Uma aposta de Ribeir\u00e3o Preto acertou cinco dezenas e levou o pr\u00eamio de R$121.039,3. Outras 28 pessoas acertaram quatro n\u00fameros e ganharam R$ 1.148,81. Os n\u00fameros sorteados ontem foram:\u00a006 \u2013 16 \u2013 22 \u2013 24 \u2013 38 \u2013\u2026","rel":"","context":"In &quot;Not\u00edcias de Ribeir\u00e3o Preto-SP e Regi\u00e3o&quot;","block_context":{"text":"Not\u00edcias de Ribeir\u00e3o Preto-SP e Regi\u00e3o","link":"https:\/\/ismaelcolosi.com.br\/index.php\/category\/noticias-de-ribeirao-preto-sp-e-regiao-ismael-colosi\/"},"img":{"alt_text":"","src":"https:\/\/i0.wp.com\/ismaelcolosi.com.br\/wp-content\/uploads\/2024\/07\/Copia-de-Copia-de-TAMANHO-EXATO-PARA-FOTOS-NO-SISTEMA-NOVO-41_2024-07-19_00-43-31_jpg_2024-07-19_00-43-31.webp.webp?fit=1200%2C675&ssl=1&resize=350%2C200","width":350,"height":200,"srcset":"https:\/\/i0.wp.com\/ismaelcolosi.com.br\/wp-content\/uploads\/2024\/07\/Copia-de-Copia-de-TAMANHO-EXATO-PARA-FOTOS-NO-SISTEMA-NOVO-41_2024-07-19_00-43-31_jpg_2024-07-19_00-43-31.webp.webp?fit=1200%2C675&ssl=1&resize=350%2C200 1x, https:\/\/i0.wp.com\/ismaelcolosi.com.br\/wp-content\/uploads\/2024\/07\/Copia-de-Copia-de-TAMANHO-EXATO-PARA-FOTOS-NO-SISTEMA-NOVO-41_2024-07-19_00-43-31_jpg_2024-07-19_00-43-31.webp.webp?fit=1200%2C675&ssl=1&resize=525%2C300 1.5x, https:\/\/i0.wp.com\/ismaelcolosi.com.br\/wp-content\/uploads\/2024\/07\/Copia-de-Copia-de-TAMANHO-EXATO-PARA-FOTOS-NO-SISTEMA-NOVO-41_2024-07-19_00-43-31_jpg_2024-07-19_00-43-31.webp.webp?fit=1200%2C675&ssl=1&resize=700%2C400 2x, https:\/\/i0.wp.com\/ismaelcolosi.com.br\/wp-content\/uploads\/2024\/07\/Copia-de-Copia-de-TAMANHO-EXATO-PARA-FOTOS-NO-SISTEMA-NOVO-41_2024-07-19_00-43-31_jpg_2024-07-19_00-43-31.webp.webp?fit=1200%2C675&ssl=1&resize=1050%2C600 3x"},"classes":[]},{"id":59500,"url":"https:\/\/ismaelcolosi.com.br\/index.php\/2024\/08\/09\/confira-os-numeros-sorteados-na-mega-sena-apostas-no-interior-de-sp-levam-premios\/","url_meta":{"origin":35143,"position":5},"title":"Confira os n\u00fameros sorteados na Mega-Sena; apostas no interior de SP levam pr\u00eamios","author":"ismaelcolosi.com.br","date":"9 de August de 2024","format":false,"excerpt":"Nenhum apostador acertou as seis dezenas do concurso 2.759 da Mega-Sena, sorteadas nesta quinta-feira (8) no Espa\u00e7o da Sorte, em S\u00e3o Paulo. Contudo, tr\u00eas apostadores do interior de S\u00e3o Paulo fizeram cinco acertos e v\u00e3o levar o pr\u00eamio da quina da Mega-Sena, que \u00e9 de R$ 89.213,21. Os n\u00fameros sorteados\u2026","rel":"","context":"In &quot;Not\u00edcias de Ribeir\u00e3o Preto-SP e Regi\u00e3o&quot;","block_context":{"text":"Not\u00edcias de Ribeir\u00e3o Preto-SP e Regi\u00e3o","link":"https:\/\/ismaelcolosi.com.br\/index.php\/category\/noticias-de-ribeirao-preto-sp-e-regiao-ismael-colosi\/"},"img":{"alt_text":"","src":"https:\/\/i0.wp.com\/ismaelcolosi.com.br\/wp-content\/uploads\/2024\/08\/megasena_foto_1024x576_25102020091513.jpg?fit=1024%2C576&ssl=1&resize=350%2C200","width":350,"height":200,"srcset":"https:\/\/i0.wp.com\/ismaelcolosi.com.br\/wp-content\/uploads\/2024\/08\/megasena_foto_1024x576_25102020091513.jpg?fit=1024%2C576&ssl=1&resize=350%2C200 1x, https:\/\/i0.wp.com\/ismaelcolosi.com.br\/wp-content\/uploads\/2024\/08\/megasena_foto_1024x576_25102020091513.jpg?fit=1024%2C576&ssl=1&resize=525%2C300 1.5x, https:\/\/i0.wp.com\/ismaelcolosi.com.br\/wp-content\/uploads\/2024\/08\/megasena_foto_1024x576_25102020091513.jpg?fit=1024%2C576&ssl=1&resize=700%2C400 2x"},"classes":[]}],"jetpack_sharing_enabled":true,"jetpack_shortlink":"https:\/\/wp.me\/pfMlyK-98P","_links":{"self":[{"href":"https:\/\/ismaelcolosi.com.br\/index.php\/wp-json\/wp\/v2\/posts\/35143","targetHints":{"allow":["GET"]}}],"collection":[{"href":"https:\/\/ismaelcolosi.com.br\/index.php\/wp-json\/wp\/v2\/posts"}],"about":[{"href":"https:\/\/ismaelcolosi.com.br\/index.php\/wp-json\/wp\/v2\/types\/post"}],"author":[{"embeddable":true,"href":"https:\/\/ismaelcolosi.com.br\/index.php\/wp-json\/wp\/v2\/users\/1"}],"replies":[{"embeddable":true,"href":"https:\/\/ismaelcolosi.com.br\/index.php\/wp-json\/wp\/v2\/comments?post=35143"}],"version-history":[{"count":0,"href":"https:\/\/ismaelcolosi.com.br\/index.php\/wp-json\/wp\/v2\/posts\/35143\/revisions"}],"wp:featuredmedia":[{"embeddable":true,"href":"https:\/\/ismaelcolosi.com.br\/index.php\/wp-json\/wp\/v2\/media\/35144"}],"wp:attachment":[{"href":"https:\/\/ismaelcolosi.com.br\/index.php\/wp-json\/wp\/v2\/media?parent=35143"}],"wp:term":[{"taxonomy":"category","embeddable":true,"href":"https:\/\/ismaelcolosi.com.br\/index.php\/wp-json\/wp\/v2\/categories?post=35143"},{"taxonomy":"post_tag","embeddable":true,"href":"https:\/\/ismaelcolosi.com.br\/index.php\/wp-json\/wp\/v2\/tags?post=35143"}],"curies":[{"name":"wp","href":"https:\/\/api.w.org\/{rel}","templated":true}]}}