{"id":35137,"date":"2024-02-05T12:19:10","date_gmt":"2024-02-05T15:19:10","guid":{"rendered":"https:\/\/ismaelcolosi.com.br\/index.php\/2024\/02\/05\/vencedora-do-grammy-de-artista-revelacao-victoria-monet-segue-grandes-nomes\/"},"modified":"2024-02-05T12:19:10","modified_gmt":"2024-02-05T15:19:10","slug":"vencedora-do-grammy-de-artista-revelacao-victoria-monet-segue-grandes-nomes","status":"publish","type":"post","link":"https:\/\/ismaelcolosi.com.br\/index.php\/2024\/02\/05\/vencedora-do-grammy-de-artista-revelacao-victoria-monet-segue-grandes-nomes\/","title":{"rendered":"Vencedora do Grammy de artista revela\u00e7\u00e3o Victoria Mon\u00e9t segue grandes nomes"},"content":{"rendered":"<p> <br \/>\n<\/p>\n<div>\n<div id=\"attachment_593782\" class=\"wp-caption alignnone style=\" max-width:=\"\"><img data-recalc-dims=\"1\" fetchpriority=\"high\" decoding=\"async\" class=\"alignnone wp-image-593782 size-medium\" src=\"https:\/\/i0.wp.com\/forbes.com.br\/wp-content\/uploads\/2024\/02\/Mulher-Victoria-Monet-no-Grammy-Awards-Reuters-768x512.jpg?resize=678%2C452&#038;ssl=1\" http:=\"\" alt=\"Reuters\" width=\"678\" height=\"452\" data-lazy-src=\"https:\/\/forbes.com.br\/wp-content\/uploads\/2024\/02\/Mulher-Victoria-Monet-no-Grammy-Awards-Reuters-768x512.jpg\"\/><noscript><img data-recalc-dims=\"1\" fetchpriority=\"high\" decoding=\"async\" class=\"alignnone wp-image-593782 size-medium\" src=\"https:\/\/i0.wp.com\/forbes.com.br\/wp-content\/uploads\/2024\/02\/Mulher-Victoria-Monet-no-Grammy-Awards-Reuters-768x512.jpg?resize=678%2C452&#038;ssl=1\" alt=\"Reuters\" width=\"678\" height=\"452\"\/><\/noscript><\/p>\n<p>Reuters<\/p>\n<p class=\"wp-caption-text\">Mon\u00e9t se emocionou ao agradecer \u00e0 m\u00e3e, uma m\u00e3e solteira, bem como aos vision\u00e1rios que a notaram ao longo de sua carreira.<\/p>\n<\/div>\n<p>O<strong> Grammy Awards de 2024<\/strong> pode ser uma plataforma para a vencedora do pr\u00eamio de revela\u00e7\u00e3o, <strong>Victoria Mon\u00e9t<\/strong>, que levou o t\u00edtulo para casa na 66\u00aa edi\u00e7\u00e3o, no domingo (4).<\/p>\n<p>Conhecida por uma combina\u00e7\u00e3o de R&amp;B e m\u00fasica pop, Mon\u00e9t foi indicada em sete categorias do Grammy este ano, incluindo grava\u00e7\u00e3o do ano por seu single \u201cOn My Mama\u201d.<\/p>\n<h3>Siga a <a href=\"https:\/\/whatsapp.com\/channel\/0029Va9gQKwBFLgM96cJnu0u\" target=\"_blank\" rel=\"noopener\">Forbes<\/a> no WhatsApp e receba as principais not\u00edcias sobre neg\u00f3cios, carreira, tecnologia e estilo de vida<\/h3>\n<p>Mon\u00e9t se emocionou ao agradecer \u00e0 m\u00e3e, uma m\u00e3e solteira, bem como aos vision\u00e1rios que a notaram ao longo de sua carreira.<\/p>\n<p>\u201cEu s\u00f3 quero dizer a todos que t\u00eam um sonho, que vejam isso como um exemplo\u201d, disse a cantora.<\/p>\n<p>Mon\u00e9t mudou-se para Los Angeles em 2009 e considerou seu pr\u00eamio uma busca de 15 anos. Ela se comparou a uma planta e o setor musical ao solo que lhe forneceu nutrientes.<\/p>\n<p>\u201cHoje estou brotando\u201d, afirmou Mon\u00e9t ap\u00f3s receber o pr\u00eamio da vencedora da categoria revela\u00e7\u00e3o de 2023 e cantora de jazz Samara Joy.<\/p>\n<p>Desde <strong>Adele, 16 vezes vencedora do Grammy<\/strong>, que ganhou o pr\u00eamio em 2009 por \u201cChasing Pavements\u201d, at\u00e9 nomes populares como <strong>Dua Lipa, que ganhou o pr\u00eamio de artista revela\u00e7\u00e3o em 2019<\/strong>, a honraria tem sido um indicador dos artistas que chegar\u00e3o ao topo da ind\u00fastria musical.<\/p>\n<p>Ao longo da hist\u00f3ria do Grammy, a categoria revela\u00e7\u00e3o abriu as portas para uma diversidade de artistas de v\u00e1rios g\u00eaneros, incluindo Megan Thee Stallion, Sam Smith, Meghan Trainor e outros grandes nomes do ramo.<\/p>\n<p>Mon\u00e9t tamb\u00e9m \u00e9 conhecida por fazer parceria com Ariana Grande em v\u00e1rios projetos, incluindo a m\u00fasica indicada ao Grammy \u201cthank u, next\u201d, que foi lan\u00e7ada em 2018, al\u00e9m de j\u00e1 ter trabalhado com outros grandes nomes como Nas, Blackpink, Travis Scott e outros.<\/p>\n<p>A artista criada em Sacramento descobriu cedo sua paix\u00e3o por compor e depois cantar, inspirada principalmente por Beyonc\u00e9, a quem ela admira abertamente.<\/p>\n<h3>Homenagem brasileira<\/h3>\n<p>A cantora Rita Lee recebeu uma homenagem durante a cerim\u00f4nia do Grammy Awards de 2024, em Los Angeles, nos Estados Unidos.\u00a0Uma imagem artista apareceu no tel\u00e3o da premia\u00e7\u00e3o durante a tradicional homenagem aos artistas que morreram no ano anterior.<\/p>\n<\/div>\n<p><script type=\"rocketlazyloadscript\">\n\t\t\t\t(function(d, s, id){\n\t\t\t\t\tvar js, fjs = d.getElementsByTagName(s)[0];\n\t\t\t\t\tif (d.getElementById(id)) return;\n\t\t\t\t\tjs = d.createElement(s); js.id = id;\n\t\t\t\t\tjs.src = \"\/\/connect.facebook.net\/pt_BR\/sdk.js#xfbml=1&version=v2.9\";\n\t\t\t\t\tfjs.parentNode.insertBefore(js, fjs);\n\t\t\t\t}(document, 'script', 'facebook-jssdk'));\n\t\t\t<\/script><br \/>\n<br \/><br \/>\n<br \/><a href=\"https:\/\/forbes.com.br\/carreira\/2024\/02\/vencedora-do-grammy-de-artista-revelacao-victoria-monet-segue-grandes-nomes\/\">Source link <\/a><\/p>\n<div class='code-block code-block-4' style='margin: 8px auto 8px 0; text-align: left; display: block; clear: both;'>\n\ud83d\udce2 Aviso Legal\n\nO site ismaelcolosi.com.br atua apenas como um canal de divulga\u00e7\u00e3o de oportunidades de emprego e n\u00e3o se responsabiliza pelo processo seletivo, contrata\u00e7\u00e3o ou qualquer outra etapa relacionada \u00e0s vagas publicadas. Todas as informa\u00e7\u00f5es s\u00e3o de responsabilidade dos anunciantes.\n\n\u26a0\ufe0f Aten\u00e7\u00e3o! Nunca pague por promessas de emprego nem compre cursos que garantam contrata\u00e7\u00e3o. Desconfie de qualquer cobran\u00e7a para participar de sele\u00e7\u00f5es.\n\n\n\n<\/div>\n<!-- CONTENT END 1 -->\n","protected":false},"excerpt":{"rendered":"<p>Reuters Mon\u00e9t se emocionou ao agradecer \u00e0 m\u00e3e, uma m\u00e3e solteira, bem como aos vision\u00e1rios que a notaram ao longo de sua carreira. O Grammy&#8230;<\/p>\n","protected":false},"author":1,"featured_media":35138,"comment_status":"open","ping_status":"open","sticky":false,"template":"","format":"standard","meta":{"_uag_custom_page_level_css":"","advanced_seo_description":"","jetpack_seo_html_title":"","jetpack_seo_noindex":false,"jetpack_post_was_ever_published":false,"_jetpack_newsletter_access":"","_jetpack_dont_email_post_to_subs":false,"_jetpack_newsletter_tier_id":0,"_jetpack_memberships_contains_paywalled_content":false,"_jetpack_memberships_contains_paid_content":false,"footnotes":"","jetpack_publicize_message":"","jetpack_publicize_feature_enabled":true,"jetpack_social_post_already_shared":true,"jetpack_social_options":{"image_generator_settings":{"template":"highway","default_image_id":0,"font":"","enabled":false},"version":2}},"categories":[1964],"tags":[],"class_list":["post-35137","post","type-post","status-publish","format-standard","has-post-thumbnail","hentry","category-carreira-e-sucesso-dicas-para-carreira"],"jetpack_publicize_connections":[],"jetpack_featured_media_url":"https:\/\/i0.wp.com\/ismaelcolosi.com.br\/wp-content\/uploads\/2024\/02\/Mulher-Victoria-Monet-no-Grammy-Awards-Reuters-1024x683.jpg?fit=1024%2C683&ssl=1","uagb_featured_image_src":{"full":["https:\/\/i0.wp.com\/ismaelcolosi.com.br\/wp-content\/uploads\/2024\/02\/Mulher-Victoria-Monet-no-Grammy-Awards-Reuters-1024x683.jpg?fit=1024%2C683&ssl=1",1024,683,false],"thumbnail":["https:\/\/i0.wp.com\/ismaelcolosi.com.br\/wp-content\/uploads\/2024\/02\/Mulher-Victoria-Monet-no-Grammy-Awards-Reuters-1024x683.jpg?resize=150%2C150&ssl=1",150,150,true],"medium":["https:\/\/i0.wp.com\/ismaelcolosi.com.br\/wp-content\/uploads\/2024\/02\/Mulher-Victoria-Monet-no-Grammy-Awards-Reuters-1024x683.jpg?fit=300%2C200&ssl=1",300,200,true],"medium_large":["https:\/\/i0.wp.com\/ismaelcolosi.com.br\/wp-content\/uploads\/2024\/02\/Mulher-Victoria-Monet-no-Grammy-Awards-Reuters-1024x683.jpg?fit=768%2C512&ssl=1",768,512,true],"large":["https:\/\/i0.wp.com\/ismaelcolosi.com.br\/wp-content\/uploads\/2024\/02\/Mulher-Victoria-Monet-no-Grammy-Awards-Reuters-1024x683.jpg?fit=1024%2C683&ssl=1",1024,683,true],"1536x1536":["https:\/\/i0.wp.com\/ismaelcolosi.com.br\/wp-content\/uploads\/2024\/02\/Mulher-Victoria-Monet-no-Grammy-Awards-Reuters-1024x683.jpg?fit=1024%2C683&ssl=1",1024,683,true],"2048x2048":["https:\/\/i0.wp.com\/ismaelcolosi.com.br\/wp-content\/uploads\/2024\/02\/Mulher-Victoria-Monet-no-Grammy-Awards-Reuters-1024x683.jpg?fit=1024%2C683&ssl=1",1024,683,true],"really-simple-thumb":["https:\/\/i0.wp.com\/ismaelcolosi.com.br\/wp-content\/uploads\/2024\/02\/Mulher-Victoria-Monet-no-Grammy-Awards-Reuters-1024x683.jpg?resize=370%2C247&ssl=1",370,247,true]},"uagb_author_info":{"display_name":"ismaelcolosi.com.br","author_link":"https:\/\/ismaelcolosi.com.br\/index.php\/author\/vidareal-online\/"},"uagb_comment_info":0,"uagb_excerpt":"Reuters Mon\u00e9t se emocionou ao agradecer \u00e0 m\u00e3e, uma m\u00e3e solteira, bem como aos vision\u00e1rios que a notaram ao longo de sua carreira. O Grammy...","jetpack-related-posts":[{"id":35143,"url":"https:\/\/ismaelcolosi.com.br\/index.php\/2024\/02\/05\/taylor-swift-miley-cyrus-e-billie-eilish-levam-principais-premios-do-grammy-2024\/","url_meta":{"origin":35137,"position":0},"title":"Taylor Swift, Miley Cyrus e Billie Eilish levam principais pr\u00eamios do Grammy 2024","author":"ismaelcolosi.com.br","date":"5 de February de 2024","format":false,"excerpt":"5 de fevereiro de 2024 | 12:005 de fevereiro de 2024 | 9:34 0A entrega dos pr\u00eamios Grammy em 2024 aconteceu neste domingo, dia 4, com a divulga\u00e7\u00e3o da lista de vencedores entre os indicados em suas 94 categorias. Como era esperado, as artistas mulheres tiveram o maior destaque.Entre os\u2026","rel":"","context":"In &quot;Not\u00edcias de Ribeir\u00e3o Preto-SP e Regi\u00e3o&quot;","block_context":{"text":"Not\u00edcias de Ribeir\u00e3o Preto-SP e Regi\u00e3o","link":"https:\/\/ismaelcolosi.com.br\/index.php\/category\/noticias-de-ribeirao-preto-sp-e-regiao-ismael-colosi\/"},"img":{"alt_text":"","src":"https:\/\/i0.wp.com\/ismaelcolosi.com.br\/wp-content\/uploads\/2024\/02\/download-2-scaled.jpg?fit=967%2C645&ssl=1&resize=350%2C200","width":350,"height":200,"srcset":"https:\/\/i0.wp.com\/ismaelcolosi.com.br\/wp-content\/uploads\/2024\/02\/download-2-scaled.jpg?fit=967%2C645&ssl=1&resize=350%2C200 1x, https:\/\/i0.wp.com\/ismaelcolosi.com.br\/wp-content\/uploads\/2024\/02\/download-2-scaled.jpg?fit=967%2C645&ssl=1&resize=525%2C300 1.5x, https:\/\/i0.wp.com\/ismaelcolosi.com.br\/wp-content\/uploads\/2024\/02\/download-2-scaled.jpg?fit=967%2C645&ssl=1&resize=700%2C400 2x"},"classes":[]},{"id":82585,"url":"https:\/\/ismaelcolosi.com.br\/index.php\/2025\/02\/04\/conheca-o-brasileiro-que-ganhou-grammy-junto-com-beyonce\/","url_meta":{"origin":35137,"position":1},"title":"Conhe\u00e7a o Brasileiro Que Ganhou Grammy Junto com Beyonc\u00e9","author":"ismaelcolosi.com.br","date":"4 de February de 2025","format":false,"excerpt":"\r Divulga\u00e7\u00e3o\r Matheus Braz trabalha ao lado de Beyonc\u00e9 desde 2021 e j\u00e1 havia sido indicado ao Grammy por seu trabalho no \u00e1lbum \"Renaissance\"\r Acessibilidade \r L\r L\r A-\r A+\r \r \u25d0\r \r \u00a0 Maior vencedora do Grammy, Beyonc\u00e9 fez hist\u00f3ria no \u00faltimo domingo (2) ao levar o pr\u00eamio de\u2026","rel":"","context":"In &quot;Carreira e Sucesso&quot;","block_context":{"text":"Carreira e Sucesso","link":"https:\/\/ismaelcolosi.com.br\/index.php\/category\/carreira-e-sucesso-dicas-para-carreira\/"},"img":{"alt_text":"","src":"https:\/\/i0.wp.com\/ismaelcolosi.com.br\/wp-content\/uploads\/2025\/02\/forbes-matheus-braz-beyonce-1200x675.jpg?fit=1200%2C675&ssl=1&resize=350%2C200","width":350,"height":200,"srcset":"https:\/\/i0.wp.com\/ismaelcolosi.com.br\/wp-content\/uploads\/2025\/02\/forbes-matheus-braz-beyonce-1200x675.jpg?fit=1200%2C675&ssl=1&resize=350%2C200 1x, https:\/\/i0.wp.com\/ismaelcolosi.com.br\/wp-content\/uploads\/2025\/02\/forbes-matheus-braz-beyonce-1200x675.jpg?fit=1200%2C675&ssl=1&resize=525%2C300 1.5x, https:\/\/i0.wp.com\/ismaelcolosi.com.br\/wp-content\/uploads\/2025\/02\/forbes-matheus-braz-beyonce-1200x675.jpg?fit=1200%2C675&ssl=1&resize=700%2C400 2x, https:\/\/i0.wp.com\/ismaelcolosi.com.br\/wp-content\/uploads\/2025\/02\/forbes-matheus-braz-beyonce-1200x675.jpg?fit=1200%2C675&ssl=1&resize=1050%2C600 3x"},"classes":[]},{"id":39415,"url":"https:\/\/ismaelcolosi.com.br\/index.php\/2024\/02\/26\/na-avenida-paulista-bolsonaro-parte-pra-cima-de-lula-e-faz-revelacao-bombastica-o-impeachment-ver-mais\/","url_meta":{"origin":35137,"position":2},"title":"Na Avenida Paulista, Bolsonaro PARTE PRA CIMA de Lula e faz REVELA\u00c7\u00c3O BOMB\u00c1STICA: &#8220;O impeachment&#8230;Ver mais","author":"ismaelcolosi.com.br","date":"26 de February de 2024","format":false,"excerpt":"Um discurso impactante do ex-presidente da rep\u00fablica Jair Messias Bolsonaro (PL) foi o grande ponto de uma manifesta\u00e7\u00e3o de apoio na Avenida Paulista onde milhares de pessoas compareceram com camisas de cor verde e amarelo. O ex-presidente ao lado de sua esposa Michelle Bolsonaro comentou sobre os \u00faltimos acontecimentos envolvendo\u2026","rel":"","context":"In &quot;Variedades&quot;","block_context":{"text":"Variedades","link":"https:\/\/ismaelcolosi.com.br\/index.php\/category\/variedades\/"},"img":{"alt_text":"","src":"https:\/\/i0.wp.com\/ismaelcolosi.com.br\/wp-content\/uploads\/2024\/02\/Apresentacao-sem-titulo-9.png?fit=960%2C540&ssl=1&resize=350%2C200","width":350,"height":200,"srcset":"https:\/\/i0.wp.com\/ismaelcolosi.com.br\/wp-content\/uploads\/2024\/02\/Apresentacao-sem-titulo-9.png?fit=960%2C540&ssl=1&resize=350%2C200 1x, https:\/\/i0.wp.com\/ismaelcolosi.com.br\/wp-content\/uploads\/2024\/02\/Apresentacao-sem-titulo-9.png?fit=960%2C540&ssl=1&resize=525%2C300 1.5x, https:\/\/i0.wp.com\/ismaelcolosi.com.br\/wp-content\/uploads\/2024\/02\/Apresentacao-sem-titulo-9.png?fit=960%2C540&ssl=1&resize=700%2C400 2x"},"classes":[]},{"id":28224,"url":"https:\/\/ismaelcolosi.com.br\/index.php\/2024\/01\/15\/bbb-24-wanessa-faz-revelacao-que-poucos-esperavam-sobre-sandy-so-ela\/","url_meta":{"origin":35137,"position":3},"title":"BBB 24: Wanessa faz revela\u00e7\u00e3o que poucos esperavam sobre Sandy: &#8216;S\u00f3 ela&#8230;&#8217;","author":"ismaelcolosi.com.br","date":"15 de January de 2024","format":false,"excerpt":"Atualmente, a famosa cantora Wanessa Camargo surpreendeu o seu p\u00fablico ao revelar uma curiosidade sobre a vida profissional da tamb\u00e9m cantora Sandy.A revela\u00e7\u00e3o aconteceu durante o seu confinamento no Reality Show, Big Brother Brasil 2024. No quarto com os seus aliados, Wanessa revelou que ja trabalhou na TV com suas\u2026","rel":"","context":"In &quot;Blog&quot;","block_context":{"text":"Blog","link":"https:\/\/ismaelcolosi.com.br\/index.php\/category\/blog\/"},"img":{"alt_text":"","src":"https:\/\/i0.wp.com\/ismaelcolosi.com.br\/wp-content\/uploads\/2024\/01\/postimg-65a52c20bc5686252.jpg?fit=1200%2C628&ssl=1&resize=350%2C200","width":350,"height":200,"srcset":"https:\/\/i0.wp.com\/ismaelcolosi.com.br\/wp-content\/uploads\/2024\/01\/postimg-65a52c20bc5686252.jpg?fit=1200%2C628&ssl=1&resize=350%2C200 1x, https:\/\/i0.wp.com\/ismaelcolosi.com.br\/wp-content\/uploads\/2024\/01\/postimg-65a52c20bc5686252.jpg?fit=1200%2C628&ssl=1&resize=525%2C300 1.5x, https:\/\/i0.wp.com\/ismaelcolosi.com.br\/wp-content\/uploads\/2024\/01\/postimg-65a52c20bc5686252.jpg?fit=1200%2C628&ssl=1&resize=700%2C400 2x, https:\/\/i0.wp.com\/ismaelcolosi.com.br\/wp-content\/uploads\/2024\/01\/postimg-65a52c20bc5686252.jpg?fit=1200%2C628&ssl=1&resize=1050%2C600 3x"},"classes":[]},{"id":87011,"url":"https:\/\/ismaelcolosi.com.br\/index.php\/2025\/08\/11\/6-licoes-de-carreira-de-viola-davis\/","url_meta":{"origin":35137,"position":4},"title":"6 Li\u00e7\u00f5es de Carreira de Viola Davis","author":"ismaelcolosi.com.br","date":"11 de August de 2025","format":false,"excerpt":"\r Frazer Harrison\/Getty Images\r Viola Davis construiu uma carreira premiada no universo do entretenimento\r Acessibilidade \r L\r L\r A-\r A+\r \r \u25d0\r \r Viola Davis, uma das maiores atrizes de sua gera\u00e7\u00e3o e integrante do seleto grupo EGOT \u2014 artistas que levaram os quatro pr\u00eamios de maior prest\u00edgio no mundo\u2026","rel":"","context":"In &quot;Carreira e Sucesso&quot;","block_context":{"text":"Carreira e Sucesso","link":"https:\/\/ismaelcolosi.com.br\/index.php\/category\/carreira-e-sucesso-dicas-para-carreira\/"},"img":{"alt_text":"","src":"https:\/\/i0.wp.com\/ismaelcolosi.com.br\/wp-content\/uploads\/2025\/08\/viola-davis-60-anos-forbes-1200x675.jpg?fit=1200%2C675&ssl=1&resize=350%2C200","width":350,"height":200,"srcset":"https:\/\/i0.wp.com\/ismaelcolosi.com.br\/wp-content\/uploads\/2025\/08\/viola-davis-60-anos-forbes-1200x675.jpg?fit=1200%2C675&ssl=1&resize=350%2C200 1x, https:\/\/i0.wp.com\/ismaelcolosi.com.br\/wp-content\/uploads\/2025\/08\/viola-davis-60-anos-forbes-1200x675.jpg?fit=1200%2C675&ssl=1&resize=525%2C300 1.5x, https:\/\/i0.wp.com\/ismaelcolosi.com.br\/wp-content\/uploads\/2025\/08\/viola-davis-60-anos-forbes-1200x675.jpg?fit=1200%2C675&ssl=1&resize=700%2C400 2x, https:\/\/i0.wp.com\/ismaelcolosi.com.br\/wp-content\/uploads\/2025\/08\/viola-davis-60-anos-forbes-1200x675.jpg?fit=1200%2C675&ssl=1&resize=1050%2C600 3x"},"classes":[]},{"id":87016,"url":"https:\/\/ismaelcolosi.com.br\/index.php\/2025\/08\/11\/6-licoes-de-carreira-de-viola-davis-2\/","url_meta":{"origin":35137,"position":5},"title":"6 Li\u00e7\u00f5es de Carreira de Viola Davis","author":"ismaelcolosi.com.br","date":"11 de August de 2025","format":false,"excerpt":"\r Frazer Harrison\/Getty Images\r Viola Davis construiu uma carreira premiada no universo do entretenimento\r Acessibilidade \r L\r L\r A-\r A+\r \r \u25d0\r \r Viola Davis, uma das maiores atrizes de sua gera\u00e7\u00e3o e integrante do seleto grupo EGOT \u2014 artistas que levaram os quatro pr\u00eamios de maior prest\u00edgio no mundo\u2026","rel":"","context":"In &quot;Carreira e Sucesso&quot;","block_context":{"text":"Carreira e Sucesso","link":"https:\/\/ismaelcolosi.com.br\/index.php\/category\/carreira-e-sucesso-dicas-para-carreira\/"},"img":{"alt_text":"","src":"https:\/\/i0.wp.com\/ismaelcolosi.com.br\/wp-content\/uploads\/2025\/08\/1754923139_viola-davis-60-anos-forbes-1200x675.jpg?fit=1200%2C675&ssl=1&resize=350%2C200","width":350,"height":200,"srcset":"https:\/\/i0.wp.com\/ismaelcolosi.com.br\/wp-content\/uploads\/2025\/08\/1754923139_viola-davis-60-anos-forbes-1200x675.jpg?fit=1200%2C675&ssl=1&resize=350%2C200 1x, https:\/\/i0.wp.com\/ismaelcolosi.com.br\/wp-content\/uploads\/2025\/08\/1754923139_viola-davis-60-anos-forbes-1200x675.jpg?fit=1200%2C675&ssl=1&resize=525%2C300 1.5x, https:\/\/i0.wp.com\/ismaelcolosi.com.br\/wp-content\/uploads\/2025\/08\/1754923139_viola-davis-60-anos-forbes-1200x675.jpg?fit=1200%2C675&ssl=1&resize=700%2C400 2x, https:\/\/i0.wp.com\/ismaelcolosi.com.br\/wp-content\/uploads\/2025\/08\/1754923139_viola-davis-60-anos-forbes-1200x675.jpg?fit=1200%2C675&ssl=1&resize=1050%2C600 3x"},"classes":[]}],"jetpack_sharing_enabled":true,"jetpack_shortlink":"https:\/\/wp.me\/pfMlyK-98J","_links":{"self":[{"href":"https:\/\/ismaelcolosi.com.br\/index.php\/wp-json\/wp\/v2\/posts\/35137","targetHints":{"allow":["GET"]}}],"collection":[{"href":"https:\/\/ismaelcolosi.com.br\/index.php\/wp-json\/wp\/v2\/posts"}],"about":[{"href":"https:\/\/ismaelcolosi.com.br\/index.php\/wp-json\/wp\/v2\/types\/post"}],"author":[{"embeddable":true,"href":"https:\/\/ismaelcolosi.com.br\/index.php\/wp-json\/wp\/v2\/users\/1"}],"replies":[{"embeddable":true,"href":"https:\/\/ismaelcolosi.com.br\/index.php\/wp-json\/wp\/v2\/comments?post=35137"}],"version-history":[{"count":0,"href":"https:\/\/ismaelcolosi.com.br\/index.php\/wp-json\/wp\/v2\/posts\/35137\/revisions"}],"wp:featuredmedia":[{"embeddable":true,"href":"https:\/\/ismaelcolosi.com.br\/index.php\/wp-json\/wp\/v2\/media\/35138"}],"wp:attachment":[{"href":"https:\/\/ismaelcolosi.com.br\/index.php\/wp-json\/wp\/v2\/media?parent=35137"}],"wp:term":[{"taxonomy":"category","embeddable":true,"href":"https:\/\/ismaelcolosi.com.br\/index.php\/wp-json\/wp\/v2\/categories?post=35137"},{"taxonomy":"post_tag","embeddable":true,"href":"https:\/\/ismaelcolosi.com.br\/index.php\/wp-json\/wp\/v2\/tags?post=35137"}],"curies":[{"name":"wp","href":"https:\/\/api.w.org\/{rel}","templated":true}]}}