{"id":35135,"date":"2024-02-05T12:11:51","date_gmt":"2024-02-05T15:11:51","guid":{"rendered":"https:\/\/ismaelcolosi.com.br\/index.php\/2024\/02\/05\/empresa-de-ribeirao-preto-tem-mutirao-de-emprego-com-60-vagas\/"},"modified":"2024-02-05T12:11:51","modified_gmt":"2024-02-05T15:11:51","slug":"empresa-de-ribeirao-preto-tem-mutirao-de-emprego-com-60-vagas","status":"publish","type":"post","link":"https:\/\/ismaelcolosi.com.br\/index.php\/2024\/02\/05\/empresa-de-ribeirao-preto-tem-mutirao-de-emprego-com-60-vagas\/","title":{"rendered":"Empresa de Ribeir\u00e3o Preto tem mutir\u00e3o de emprego com 60 vagas"},"content":{"rendered":"<p> <br \/>\n<\/p>\n<div data-td-block-uid=\"tdi_102\">\n<div class=\"tdb-block-inner td-fix-index\">\n<p>A empresa Resolv de <strong>Ribeir\u00e3o Preto<\/strong> tem mutir\u00e3o com 60 vagas de emprego dispon\u00edveis. As vagas s\u00e3o para as \u00e1reas de seguran\u00e7a e limpeza e os interessados podem levar o curr\u00edculo at\u00e9 a pr\u00f3xima sexta-feira (9), em dias alternados.<\/p>\n<h4 class=\"wp-block-heading\"><strong>Veja as vagas<\/strong><\/h4>\n<h4 class=\"wp-block-heading\"><strong>\u00c1rea de seguran\u00e7a<\/strong><\/h4>\n<h4 class=\"wp-block-heading\"><strong>Fiscal de patrim\u00f4nio<\/strong><\/h4>\n<ul>\n<li>Para concorrer, \u00e9 preciso ter disponibilidade de escala 12\u00d736, ensino m\u00e9dio completo, conhecimento b\u00e1sico em inform\u00e1tica e residir em Ribeir\u00e3o Preto ou regi\u00e3o.<\/li>\n<\/ul>\n<h4 class=\"wp-block-heading\"><strong>Vigilante patrimonial<\/strong><\/h4>\n<p>Para participar, \u00e9 preciso ter disponibilidade para escala 12\u00d736, ensino m\u00e9dio completo, conhecimento b\u00e1sico em inform\u00e1tica, possuir CNH A e B e resistir em Ribeir\u00e3o Preto ou regi\u00e3o.<\/p>\n<p>O mutir\u00e3o acontece segundas, quartas e sextas-feiras, das 9h \u00e0s 11h, na avenida Carlos Consoni, 246, Jardim Canad\u00e1, em Ribeir\u00e3o Preto. \u00c9 preciso levar o curr\u00edculo.<\/p>\n<h4 class=\"wp-block-heading\"><strong>\u00c1rea de limpeza<\/strong><\/h4>\n<h4 class=\"wp-block-heading\"><strong>Auxiliar de limpeza \u2013 dispon\u00edvel para PCD (Pessoa com defici\u00eancia)<\/strong><\/h4>\n<p>Para participar \u00e9 preciso ter o ensino fundamental completo e residir em Ribeir\u00e3o Preto.<\/p>\n<p>Os interessados devem ir at\u00e9 a avenida Carlos Consoni, 246, no Jardim Canad\u00e1, em Ribeir\u00e3o Preto, \u00e0s ter\u00e7as e quintas-feiras, das 9h \u00e0s 11h. \u00c9 preciso levar o curr\u00edculo.<\/p>\n<p>SAIBA MAIS<br \/>Veja como se inscrever na sele\u00e7\u00e3o para est\u00e1gio na Caixa; H\u00e1 vagas em Ribeir\u00e3o e regi\u00e3o<\/p>\n<h4 class=\"wp-block-heading\"><strong>FIQUE ON<\/strong><\/h4>\n<p>Fique ligado em tudo que acontece em Ribeir\u00e3o Preto e regi\u00e3o. Siga os perfis do<strong> acidade on <\/strong>no <a href=\"https:\/\/www.instagram.com\/acidadeonribeirao\" target=\"_blank\" rel=\"noreferrer noopener nofollow\">Instagram<\/a> e no <a href=\"https:\/\/www.facebook.com\/acidadeonribeirao\" target=\"_blank\" rel=\"noreferrer noopener nofollow\">Facebook<\/a>.<\/p>\n<p>Receba not\u00edcias do<strong> acidade on <\/strong>no WhatsApp. <a href=\"https:\/\/chat.whatsapp.com\/Bnv2w66ZT4VDyZW3oiZ69n\" target=\"_blank\" rel=\"noreferrer noopener nofollow\">Para entrar no grupo, basta clicar aqui.<\/a><\/p>\n<p>Fa\u00e7a uma den\u00fancia ou sugira uma reportagem sobre Ribeir\u00e3o Preto e regi\u00e3o pelo WhatsApp: 16 99117 7802.<\/p>\n<p>VEJA TAMB\u00c9M<br \/>Que horas come\u00e7a o BBB hoje? Noite tem Sincer\u00e3o<\/p>\n<p><!-- AI CONTENT END 1 -->\n<\/div>\n<\/div>\n<p><script async src=\"\/\/www.instagram.com\/embed.js\"><\/script><br \/>\n<br \/><br \/>\n<br \/><a href=\"https:\/\/www.acidadeon.com\/ribeiraopreto\/economia\/empresa-de-ribeirao-preto-tem-mutirao-de-emprego-com-60-vagas-disponiveis\/\">Source link <\/a><\/p>\n<div class='code-block code-block-4' style='margin: 8px auto 8px 0; text-align: left; display: block; clear: both;'>\n\ud83d\udce2 Aviso Legal\n\nO site ismaelcolosi.com.br atua apenas como um canal de divulga\u00e7\u00e3o de oportunidades de emprego e n\u00e3o se responsabiliza pelo processo seletivo, contrata\u00e7\u00e3o ou qualquer outra etapa relacionada \u00e0s vagas publicadas. Todas as informa\u00e7\u00f5es s\u00e3o de responsabilidade dos anunciantes.\n\n\u26a0\ufe0f Aten\u00e7\u00e3o! Nunca pague por promessas de emprego nem compre cursos que garantam contrata\u00e7\u00e3o. Desconfie de qualquer cobran\u00e7a para participar de sele\u00e7\u00f5es.\n\n\n\n<\/div>\n<!-- CONTENT END 1 -->\n","protected":false},"excerpt":{"rendered":"<p>A empresa Resolv de Ribeir\u00e3o Preto tem mutir\u00e3o com 60 vagas de emprego dispon\u00edveis. As vagas s\u00e3o para as \u00e1reas de seguran\u00e7a e limpeza e&#8230;<\/p>\n","protected":false},"author":1,"featured_media":35136,"comment_status":"open","ping_status":"open","sticky":false,"template":"","format":"standard","meta":{"_uag_custom_page_level_css":"","advanced_seo_description":"","jetpack_seo_html_title":"","jetpack_seo_noindex":false,"jetpack_post_was_ever_published":false,"_jetpack_newsletter_access":"","_jetpack_dont_email_post_to_subs":false,"_jetpack_newsletter_tier_id":0,"_jetpack_memberships_contains_paywalled_content":false,"_jetpack_memberships_contains_paid_content":false,"footnotes":"","jetpack_publicize_message":"","jetpack_publicize_feature_enabled":true,"jetpack_social_post_already_shared":true,"jetpack_social_options":{"image_generator_settings":{"template":"highway","default_image_id":0,"font":"","enabled":false},"version":2}},"categories":[11],"tags":[],"class_list":["post-35135","post","type-post","status-publish","format-standard","has-post-thumbnail","hentry","category-noticias-de-ribeirao-preto-sp-e-regiao-ismael-colosi"],"jetpack_publicize_connections":[],"jetpack_featured_media_url":"https:\/\/i0.wp.com\/ismaelcolosi.com.br\/wp-content\/uploads\/2024\/02\/entrevista-de-emprego.jpg?fit=1500%2C1000&ssl=1","uagb_featured_image_src":{"full":["https:\/\/i0.wp.com\/ismaelcolosi.com.br\/wp-content\/uploads\/2024\/02\/entrevista-de-emprego.jpg?fit=1500%2C1000&ssl=1",1500,1000,false],"thumbnail":["https:\/\/i0.wp.com\/ismaelcolosi.com.br\/wp-content\/uploads\/2024\/02\/entrevista-de-emprego.jpg?resize=150%2C150&ssl=1",150,150,true],"medium":["https:\/\/i0.wp.com\/ismaelcolosi.com.br\/wp-content\/uploads\/2024\/02\/entrevista-de-emprego.jpg?fit=300%2C200&ssl=1",300,200,true],"medium_large":["https:\/\/i0.wp.com\/ismaelcolosi.com.br\/wp-content\/uploads\/2024\/02\/entrevista-de-emprego.jpg?fit=768%2C512&ssl=1",768,512,true],"large":["https:\/\/i0.wp.com\/ismaelcolosi.com.br\/wp-content\/uploads\/2024\/02\/entrevista-de-emprego.jpg?fit=1024%2C683&ssl=1",1024,683,true],"1536x1536":["https:\/\/i0.wp.com\/ismaelcolosi.com.br\/wp-content\/uploads\/2024\/02\/entrevista-de-emprego.jpg?fit=1500%2C1000&ssl=1",1500,1000,true],"2048x2048":["https:\/\/i0.wp.com\/ismaelcolosi.com.br\/wp-content\/uploads\/2024\/02\/entrevista-de-emprego.jpg?fit=1500%2C1000&ssl=1",1500,1000,true],"really-simple-thumb":["https:\/\/i0.wp.com\/ismaelcolosi.com.br\/wp-content\/uploads\/2024\/02\/entrevista-de-emprego.jpg?resize=370%2C247&ssl=1",370,247,true]},"uagb_author_info":{"display_name":"ismaelcolosi.com.br","author_link":"https:\/\/ismaelcolosi.com.br\/index.php\/author\/vidareal-online\/"},"uagb_comment_info":0,"uagb_excerpt":"A empresa Resolv de Ribeir\u00e3o Preto tem mutir\u00e3o com 60 vagas de emprego dispon\u00edveis. As vagas s\u00e3o para as \u00e1reas de seguran\u00e7a e limpeza e...","jetpack-related-posts":[{"id":43778,"url":"https:\/\/ismaelcolosi.com.br\/index.php\/2024\/03\/23\/empresas-de-transporte-estao-com-70-vagas-abertas-em-ribeirao-preto-sp-ribeirao-preto-e-franca-g1\/","url_meta":{"origin":35135,"position":0},"title":"Empresas de transporte est\u00e3o com 70 vagas abertas em Ribeir\u00e3o Preto, SP | Ribeir\u00e3o Preto e Franca | G1","author":"ismaelcolosi.com.br","date":"23 de March de 2024","format":false,"excerpt":"Empresas de transporte est\u00e3o com 70 vagas abertas em Ribeir\u00e3o Preto, SP 1 de 1 Rodonaves abre vagas de emprego em Ribeir\u00e3o Preto, SP \u2014 Foto: Divulga\u00e7\u00e3o Rodonaves abre vagas de emprego em Ribeir\u00e3o Preto, SP \u2014 Foto: Divulga\u00e7\u00e3o Duas empresas de transporte est\u00e3o com 70 vagas abertas em Ribeir\u00e3o\u2026","rel":"","context":"In &quot;Vagas de Emprego em Ribeir\u00e3o Preto-SP&quot;","block_context":{"text":"Vagas de Emprego em Ribeir\u00e3o Preto-SP","link":"https:\/\/ismaelcolosi.com.br\/index.php\/category\/empregos-classificados-vagas-trabalho\/vagas-de-empregos-em-ribeirao-preto-regiao-brasil\/"},"img":{"alt_text":"","src":"","width":0,"height":0},"classes":[]},{"id":57526,"url":"https:\/\/ismaelcolosi.com.br\/index.php\/2024\/07\/22\/pat-ribeirao-preto-realiza-mutirao-de-emprego-com-quase-300-vagas\/","url_meta":{"origin":35135,"position":1},"title":"PAT Ribeir\u00e3o Preto realiza mutir\u00e3o de emprego com quase 300 vagas","author":"ismaelcolosi.com.br","date":"22 de July de 2024","format":false,"excerpt":"O PAT (Posto de Atendimento ao Trabalhador) realiza um mutir\u00e3o de emprego com 296 vagas em Ribeir\u00e3o Preto. A a\u00e7\u00e3o come\u00e7ou nesta segunda-feira (22) e segue at\u00e9 o dia 26. Para cada fun\u00e7\u00e3o oferecida tem uma data e hor\u00e1rio para comparecer ao posto. Os interessados devem ir at\u00e9 o PAT,\u2026","rel":"","context":"In &quot;Not\u00edcias de Ribeir\u00e3o Preto-SP e Regi\u00e3o&quot;","block_context":{"text":"Not\u00edcias de Ribeir\u00e3o Preto-SP e Regi\u00e3o","link":"https:\/\/ismaelcolosi.com.br\/index.php\/category\/noticias-de-ribeirao-preto-sp-e-regiao-ismael-colosi\/"},"img":{"alt_text":"","src":"https:\/\/i0.wp.com\/ismaelcolosi.com.br\/wp-content\/uploads\/2024\/07\/Copia-de-Copia-de-TAMANHO-EXATO-PARA-FOTOS-NO-SISTEMA-NOVO-4_2024-07-22_17-22-00_jpg_2024-07-22_17-22-00.webp.webp?fit=1200%2C675&ssl=1&resize=350%2C200","width":350,"height":200,"srcset":"https:\/\/i0.wp.com\/ismaelcolosi.com.br\/wp-content\/uploads\/2024\/07\/Copia-de-Copia-de-TAMANHO-EXATO-PARA-FOTOS-NO-SISTEMA-NOVO-4_2024-07-22_17-22-00_jpg_2024-07-22_17-22-00.webp.webp?fit=1200%2C675&ssl=1&resize=350%2C200 1x, https:\/\/i0.wp.com\/ismaelcolosi.com.br\/wp-content\/uploads\/2024\/07\/Copia-de-Copia-de-TAMANHO-EXATO-PARA-FOTOS-NO-SISTEMA-NOVO-4_2024-07-22_17-22-00_jpg_2024-07-22_17-22-00.webp.webp?fit=1200%2C675&ssl=1&resize=525%2C300 1.5x, https:\/\/i0.wp.com\/ismaelcolosi.com.br\/wp-content\/uploads\/2024\/07\/Copia-de-Copia-de-TAMANHO-EXATO-PARA-FOTOS-NO-SISTEMA-NOVO-4_2024-07-22_17-22-00_jpg_2024-07-22_17-22-00.webp.webp?fit=1200%2C675&ssl=1&resize=700%2C400 2x, https:\/\/i0.wp.com\/ismaelcolosi.com.br\/wp-content\/uploads\/2024\/07\/Copia-de-Copia-de-TAMANHO-EXATO-PARA-FOTOS-NO-SISTEMA-NOVO-4_2024-07-22_17-22-00_jpg_2024-07-22_17-22-00.webp.webp?fit=1200%2C675&ssl=1&resize=1050%2C600 3x"},"classes":[]},{"id":24280,"url":"https:\/\/ismaelcolosi.com.br\/index.php\/2024\/01\/03\/hospital-de-ribeirao-preto-abre-vagas-de-emprego-com-salarios-de-ate-r-5-mil\/","url_meta":{"origin":35135,"position":2},"title":"Hospital de Ribeir\u00e3o Preto abre vagas de emprego com sal\u00e1rios de at\u00e9 R$ 5 mil","author":"ismaelcolosi.com.br","date":"3 de January de 2024","format":false,"excerpt":"A Santa Casa de Ribeir\u00e3o Preto est\u00e1 com 24 vagas de emprego abertas em diversas \u00e1reas, com sal\u00e1rios que v\u00e3o at\u00e9 R$ 5.109,00. Para quem deseja se candidatar, basta enviar o curr\u00edculo por e-mail (curriculo@santacasarp.com.br), colocando o nome da vaga no assunto. Tamb\u00e9m \u00e9 poss\u00edvel se candidatar pelo site (clique\u2026","rel":"","context":"In &quot;Not\u00edcias de Ribeir\u00e3o Preto-SP e Regi\u00e3o&quot;","block_context":{"text":"Not\u00edcias de Ribeir\u00e3o Preto-SP e Regi\u00e3o","link":"https:\/\/ismaelcolosi.com.br\/index.php\/category\/noticias-de-ribeirao-preto-sp-e-regiao-ismael-colosi\/"},"img":{"alt_text":"","src":"https:\/\/i0.wp.com\/ismaelcolosi.com.br\/wp-content\/uploads\/2024\/01\/WhatsApp-Image-2024-01-03-at-14.50.15.jpeg?fit=997%2C661&ssl=1&resize=350%2C200","width":350,"height":200,"srcset":"https:\/\/i0.wp.com\/ismaelcolosi.com.br\/wp-content\/uploads\/2024\/01\/WhatsApp-Image-2024-01-03-at-14.50.15.jpeg?fit=997%2C661&ssl=1&resize=350%2C200 1x, https:\/\/i0.wp.com\/ismaelcolosi.com.br\/wp-content\/uploads\/2024\/01\/WhatsApp-Image-2024-01-03-at-14.50.15.jpeg?fit=997%2C661&ssl=1&resize=525%2C300 1.5x, https:\/\/i0.wp.com\/ismaelcolosi.com.br\/wp-content\/uploads\/2024\/01\/WhatsApp-Image-2024-01-03-at-14.50.15.jpeg?fit=997%2C661&ssl=1&resize=700%2C400 2x"},"classes":[]},{"id":78747,"url":"https:\/\/ismaelcolosi.com.br\/index.php\/2024\/12\/09\/empresa-oferece-200-vagas-para-contratacao-imediata-em-ribeirao-preto\/","url_meta":{"origin":35135,"position":3},"title":"Empresa oferece 200 vagas para contrata\u00e7\u00e3o imediata em Ribeir\u00e3o Preto","author":"ismaelcolosi.com.br","date":"9 de December de 2024","format":false,"excerpt":"\u00a0 Uma empresa que atua na \u00e1rea de recupera\u00e7\u00e3o de cr\u00e9dito est\u00e1 com 200 vagas abertas para contrata\u00e7\u00e3o imediata em Ribeir\u00e3o Preto. Entre as vagas, 150 s\u00e3o para auxiliar de\u00a0cobran\u00e7a e 50 para estagi\u00e1rio. Segundo o Grupo Pasquali, os candidatos n\u00e3o precisam ter experi\u00eancia. \u00a0 O que fazer Os interessados\u2026","rel":"","context":"In &quot;Not\u00edcias de Ribeir\u00e3o Preto-SP e Regi\u00e3o&quot;","block_context":{"text":"Not\u00edcias de Ribeir\u00e3o Preto-SP e Regi\u00e3o","link":"https:\/\/ismaelcolosi.com.br\/index.php\/category\/noticias-de-ribeirao-preto-sp-e-regiao-ismael-colosi\/"},"img":{"alt_text":"","src":"https:\/\/i0.wp.com\/ismaelcolosi.com.br\/wp-content\/uploads\/2024\/12\/EMPREGO-2_2024-12-09_09-57-29_jpg_2024-12-09_09-57-32-scaled.webp.webp?fit=1200%2C846&ssl=1&resize=350%2C200","width":350,"height":200,"srcset":"https:\/\/i0.wp.com\/ismaelcolosi.com.br\/wp-content\/uploads\/2024\/12\/EMPREGO-2_2024-12-09_09-57-29_jpg_2024-12-09_09-57-32-scaled.webp.webp?fit=1200%2C846&ssl=1&resize=350%2C200 1x, https:\/\/i0.wp.com\/ismaelcolosi.com.br\/wp-content\/uploads\/2024\/12\/EMPREGO-2_2024-12-09_09-57-29_jpg_2024-12-09_09-57-32-scaled.webp.webp?fit=1200%2C846&ssl=1&resize=525%2C300 1.5x, https:\/\/i0.wp.com\/ismaelcolosi.com.br\/wp-content\/uploads\/2024\/12\/EMPREGO-2_2024-12-09_09-57-29_jpg_2024-12-09_09-57-32-scaled.webp.webp?fit=1200%2C846&ssl=1&resize=700%2C400 2x, https:\/\/i0.wp.com\/ismaelcolosi.com.br\/wp-content\/uploads\/2024\/12\/EMPREGO-2_2024-12-09_09-57-29_jpg_2024-12-09_09-57-32-scaled.webp.webp?fit=1200%2C846&ssl=1&resize=1050%2C600 3x"},"classes":[]},{"id":43182,"url":"https:\/\/ismaelcolosi.com.br\/index.php\/2024\/03\/19\/ribeirao-preto-tem-mutirao-de-emprego-com-vagas-para-empresa-de-transporte-e-logistica\/","url_meta":{"origin":35135,"position":4},"title":"Ribeir\u00e3o Preto tem mutir\u00e3o de emprego com vagas para empresa de transporte e log\u00edstica","author":"ismaelcolosi.com.br","date":"19 de March de 2024","format":false,"excerpt":"A empresa de transporte e log\u00edstica Rodonaves realiza um mutir\u00e3o de emprego em Ribeir\u00e3o Preto, nesta quinta-feira (21). A a\u00e7\u00e3o, em parceria com a prefeitura, oferecer\u00e1 cerca de 50 vagas para setores diversos do grupo (veja abaixo). O mutir\u00e3o acontecer\u00e1 das 10h \u00e0s 14h, na rua Lafaiete, 394, no Centro\u2026","rel":"","context":"In &quot;Not\u00edcias de Ribeir\u00e3o Preto-SP e Regi\u00e3o&quot;","block_context":{"text":"Not\u00edcias de Ribeir\u00e3o Preto-SP e Regi\u00e3o","link":"https:\/\/ismaelcolosi.com.br\/index.php\/category\/noticias-de-ribeirao-preto-sp-e-regiao-ismael-colosi\/"},"img":{"alt_text":"","src":"https:\/\/i0.wp.com\/ismaelcolosi.com.br\/wp-content\/uploads\/2024\/03\/Copia-de-Copia-de-TAMANHO-EXATO-PARA-FOTOS-NO-SISTEMA-NOVO-68.jpg?fit=1200%2C675&ssl=1&resize=350%2C200","width":350,"height":200,"srcset":"https:\/\/i0.wp.com\/ismaelcolosi.com.br\/wp-content\/uploads\/2024\/03\/Copia-de-Copia-de-TAMANHO-EXATO-PARA-FOTOS-NO-SISTEMA-NOVO-68.jpg?fit=1200%2C675&ssl=1&resize=350%2C200 1x, https:\/\/i0.wp.com\/ismaelcolosi.com.br\/wp-content\/uploads\/2024\/03\/Copia-de-Copia-de-TAMANHO-EXATO-PARA-FOTOS-NO-SISTEMA-NOVO-68.jpg?fit=1200%2C675&ssl=1&resize=525%2C300 1.5x, https:\/\/i0.wp.com\/ismaelcolosi.com.br\/wp-content\/uploads\/2024\/03\/Copia-de-Copia-de-TAMANHO-EXATO-PARA-FOTOS-NO-SISTEMA-NOVO-68.jpg?fit=1200%2C675&ssl=1&resize=700%2C400 2x, https:\/\/i0.wp.com\/ismaelcolosi.com.br\/wp-content\/uploads\/2024\/03\/Copia-de-Copia-de-TAMANHO-EXATO-PARA-FOTOS-NO-SISTEMA-NOVO-68.jpg?fit=1200%2C675&ssl=1&resize=1050%2C600 3x"},"classes":[]},{"id":40839,"url":"https:\/\/ismaelcolosi.com.br\/index.php\/2024\/03\/05\/ribeirao-preto-tem-mutirao-de-emprego-com-600-vagas-nesta-semana\/","url_meta":{"origin":35135,"position":5},"title":"Ribeir\u00e3o Preto tem mutir\u00e3o de emprego com 600 vagas nesta semana","author":"ismaelcolosi.com.br","date":"5 de March de 2024","format":false,"excerpt":"A Prefeitura de Ribeir\u00e3o Preto, por meio da Secretaria de Inova\u00e7\u00e3o e Desenvolvimento, realiza nesta quinta-feira (7), das 8h \u00e0s 13h, no audit\u00f3rio do Centro M\u00e9dico do Ribeir\u00e3o Shopping, mais um Mutir\u00e3o de Emprego com 600 vagas dispon\u00edveis em diversas \u00e1reas. De acordo com a pasta, a iniciativa tem o\u2026","rel":"","context":"In &quot;Not\u00edcias de Ribeir\u00e3o Preto-SP e Regi\u00e3o&quot;","block_context":{"text":"Not\u00edcias de Ribeir\u00e3o Preto-SP e Regi\u00e3o","link":"https:\/\/ismaelcolosi.com.br\/index.php\/category\/noticias-de-ribeirao-preto-sp-e-regiao-ismael-colosi\/"},"img":{"alt_text":"","src":"https:\/\/i0.wp.com\/ismaelcolosi.com.br\/wp-content\/uploads\/2024\/03\/female-candidate-sitting-queue-receiving-cv-files-waiting-start-job-interview-about-career-opportunity-woman-getting-ready-attend-recruitment-meeting-with-hr-employee-scaled.jpg?fit=1200%2C675&ssl=1&resize=350%2C200","width":350,"height":200,"srcset":"https:\/\/i0.wp.com\/ismaelcolosi.com.br\/wp-content\/uploads\/2024\/03\/female-candidate-sitting-queue-receiving-cv-files-waiting-start-job-interview-about-career-opportunity-woman-getting-ready-attend-recruitment-meeting-with-hr-employee-scaled.jpg?fit=1200%2C675&ssl=1&resize=350%2C200 1x, https:\/\/i0.wp.com\/ismaelcolosi.com.br\/wp-content\/uploads\/2024\/03\/female-candidate-sitting-queue-receiving-cv-files-waiting-start-job-interview-about-career-opportunity-woman-getting-ready-attend-recruitment-meeting-with-hr-employee-scaled.jpg?fit=1200%2C675&ssl=1&resize=525%2C300 1.5x, https:\/\/i0.wp.com\/ismaelcolosi.com.br\/wp-content\/uploads\/2024\/03\/female-candidate-sitting-queue-receiving-cv-files-waiting-start-job-interview-about-career-opportunity-woman-getting-ready-attend-recruitment-meeting-with-hr-employee-scaled.jpg?fit=1200%2C675&ssl=1&resize=700%2C400 2x, https:\/\/i0.wp.com\/ismaelcolosi.com.br\/wp-content\/uploads\/2024\/03\/female-candidate-sitting-queue-receiving-cv-files-waiting-start-job-interview-about-career-opportunity-woman-getting-ready-attend-recruitment-meeting-with-hr-employee-scaled.jpg?fit=1200%2C675&ssl=1&resize=1050%2C600 3x"},"classes":[]}],"jetpack_sharing_enabled":true,"jetpack_shortlink":"https:\/\/wp.me\/pfMlyK-98H","_links":{"self":[{"href":"https:\/\/ismaelcolosi.com.br\/index.php\/wp-json\/wp\/v2\/posts\/35135","targetHints":{"allow":["GET"]}}],"collection":[{"href":"https:\/\/ismaelcolosi.com.br\/index.php\/wp-json\/wp\/v2\/posts"}],"about":[{"href":"https:\/\/ismaelcolosi.com.br\/index.php\/wp-json\/wp\/v2\/types\/post"}],"author":[{"embeddable":true,"href":"https:\/\/ismaelcolosi.com.br\/index.php\/wp-json\/wp\/v2\/users\/1"}],"replies":[{"embeddable":true,"href":"https:\/\/ismaelcolosi.com.br\/index.php\/wp-json\/wp\/v2\/comments?post=35135"}],"version-history":[{"count":0,"href":"https:\/\/ismaelcolosi.com.br\/index.php\/wp-json\/wp\/v2\/posts\/35135\/revisions"}],"wp:featuredmedia":[{"embeddable":true,"href":"https:\/\/ismaelcolosi.com.br\/index.php\/wp-json\/wp\/v2\/media\/35136"}],"wp:attachment":[{"href":"https:\/\/ismaelcolosi.com.br\/index.php\/wp-json\/wp\/v2\/media?parent=35135"}],"wp:term":[{"taxonomy":"category","embeddable":true,"href":"https:\/\/ismaelcolosi.com.br\/index.php\/wp-json\/wp\/v2\/categories?post=35135"},{"taxonomy":"post_tag","embeddable":true,"href":"https:\/\/ismaelcolosi.com.br\/index.php\/wp-json\/wp\/v2\/tags?post=35135"}],"curies":[{"name":"wp","href":"https:\/\/api.w.org\/{rel}","templated":true}]}}