{"id":35115,"date":"2024-02-05T11:23:57","date_gmt":"2024-02-05T14:23:57","guid":{"rendered":"https:\/\/ismaelcolosi.com.br\/index.php\/2024\/02\/05\/quiet-ambition-o-desinteresse-em-se-tornar-um-lider\/"},"modified":"2024-02-05T11:23:57","modified_gmt":"2024-02-05T14:23:57","slug":"quiet-ambition-o-desinteresse-em-se-tornar-um-lider","status":"publish","type":"post","link":"https:\/\/ismaelcolosi.com.br\/index.php\/2024\/02\/05\/quiet-ambition-o-desinteresse-em-se-tornar-um-lider\/","title":{"rendered":"Quiet ambition: o desinteresse em se tornar um l\u00edder"},"content":{"rendered":"<p> <br \/>\n<\/p>\n<div>\n<p>Voc\u00ea j\u00e1 pensou em assumir um cargo de lideran\u00e7a no seu trabalho atual? Se a resposta foi negativa, saiba que voc\u00ea n\u00e3o est\u00e1 sozinho nisso, pois h\u00e1 uma nova tend\u00eancia no mundo corporativo, chamada de <em>quiet ambition<\/em>.<\/p>\n<p>Conhecida tamb\u00e9m como \u201cambi\u00e7\u00e3o silenciosa\u201d, esse termo \u00e9 utilizado quando os profissionais j\u00e1 n\u00e3o almejam mais assumir posi\u00e7\u00f5es de lideran\u00e7a nas suas empresas.<\/p>\n<p>Quer entender melhor sobre esse novo movimento que est\u00e1 se tornando cada vez mais comum nas corpora\u00e7\u00f5es e o que ele pode mudar no atual pipeline corporativo? Ent\u00e3o, confira o nosso guia sobre o assunto e entenda o que \u00e9 o quiet ambition!<\/p>\n<nav class=\"toc-container  active\">\n<hr\/>\n<\/nav>\n<h2 class=\"wp-block-heading\" id=\"O_que_e_quiet_ambition\">O que \u00e9 quiet ambition?<\/h2>\n<p>Em uma tradu\u00e7\u00e3o literal, podemos definir o quiet ambition como ambi\u00e7\u00e3o silenciosa. Basicamente, \u00e9 um movimento liderado principalmente pela gera\u00e7\u00e3o Z.<\/p>\n<p>Usamos o termos quando dizemos algo\u00a0<strong>em rela\u00e7\u00e3o a n\u00e3o querer assumir cargos de lideran\u00e7a ou gest\u00e3o<\/strong>. Isso acontece por muitos dos jovens profissionais entenderem que o sucesso j\u00e1 n\u00e3o \u00e9 mais uma prioridade e, sim, a qualidade de vida.<\/p>\n<p>O conceito surgiu ap\u00f3s uma reportagem publicada em 2023 pela revista Fortune, onde o autor do best-seller \u201cRoube como um Artista\u201d, Austin Kleon, introduziu o novo termo. <\/p>\n<p>A express\u00e3o viralizou e se tornou o s\u00edmbolo de um movimento que prioriza o bem-estar e sa\u00fade mental dos trabalhadores, deixando as metas e objetivos profissionais em segundo plano.<\/p>\n<p>Por conta disso, cada vez mais profissionais t\u00eam recusado as ofertas para cargos de lideran\u00e7a, muitas vezes por achar que a remunera\u00e7\u00e3o paga n\u00e3o vale a pena, principalmente pensando na influ\u00eancia dessas posi\u00e7\u00f5es em suas vidas pessoais.<\/p>\n<p>O n\u00edvel de estresse, a necessidade de liderar e gerir outras pessoas, ter que trabalhar horas a mais e\u00a0<strong>n\u00e3o se identificar com um perfil de lideran\u00e7a s\u00e3o alguns dos maiores motivos para a recusa<\/strong>. Mas no que isso impacta para as empresas?<\/p>\n<p>\ud83d\udca1 Conhe\u00e7a os erros mais comuns dos l\u00edderes brasileiros e aprenda mais! <\/p>\n<h2 class=\"wp-block-heading\" id=\"Qual_e_o_impacto_do_quiet_ambition_para_as_empresas\">Qual \u00e9 o impacto do quiet ambition para as empresas?<\/h2>\n<p>A nova tend\u00eancia acaba sendo bem impactante para as corpora\u00e7\u00f5es, visto que a falta de profissionais capacitados para suceder os\u00a0cargos de gest\u00e3o\u00a0pode deixar as equipes sem novos l\u00edderes.<\/p>\n<p>Isso significa que muitos funcion\u00e1rios est\u00e3o trocando os cargos mais altos e o sucesso profissional para ter mais tempo livre com a fam\u00edlia, viajar e se cuidar. <\/p>\n<p>Dessa forma,\u00a0<strong>as empresas come\u00e7am a enfrentar uma escassez cada vez maior de talentos<\/strong>\u00a0e os problemas para a sucess\u00e3o dos seus atuais gestores.<\/p>\n<p>Com isso, as corpora\u00e7\u00f5es precisam come\u00e7ar a se planejar para encontrar novas motiva\u00e7\u00f5es para fazerem os seus colaboradores se sentirem motivados a assumir um cargo de lideran\u00e7a. E \u00e9 sobre isso que veremos a seguir, os principais incentivos dessa nova gera\u00e7\u00e3o de trabalhadores.<\/p>\n<h2 class=\"wp-block-heading\" id=\"Quais_sao_os_maiores_incentivos_para_assumir_um_novo_cargo\">Quais s\u00e3o os maiores incentivos para assumir um novo cargo?<\/h2>\n<p>Se apenas o t\u00edtulo de um cargo mais alto e o aparente sucesso profissional j\u00e1 n\u00e3o s\u00e3o mais suficientes para captarem o interesse dos profissionais para uma\u00a0lideran\u00e7a, o que ser\u00e1 que pode ser usado de incentivo? <\/p>\n<p>Vamos ver a seguir quais s\u00e3o as principais motiva\u00e7\u00f5es da nova gera\u00e7\u00e3o para aceitar uma promo\u00e7\u00e3o.<\/p>\n<h3 class=\"wp-block-heading\" id=\"1_Remuneracao_mais_alta\">1. Remunera\u00e7\u00e3o mais alta<\/h3>\n<p>O principal incentivo para aceitar um cargo de gest\u00e3o atualmente \u00e9 o de ter uma remunera\u00e7\u00e3o mais alta. Afinal, quem n\u00e3o gostaria de ganhar mais, n\u00e3o \u00e9? <\/p>\n<p>Por mais que a nova fun\u00e7\u00e3o possa ser exigente e complexa, principalmente por requerer uma habilidade de gerenciamento de pessoas,\u00a0<strong>um bom sal\u00e1rio \u00e9 capaz de incentivar os funcion\u00e1rios a aceitarem a promo\u00e7\u00e3o<\/strong>.<\/p>\n<h3 class=\"wp-block-heading\" id=\"2_Beneficios_melhores\">2. Benef\u00edcios melhores<\/h3>\n<p>Ter melhores benef\u00edcios tamb\u00e9m \u00e9 uma das maiores motiva\u00e7\u00f5es para aceitar o novo cargo. Seja um vale-alimenta\u00e7\u00e3o maior, plano de sa\u00fade, plano odontol\u00f3gico, desconto em academia, flexibilidade de hor\u00e1rio, entre outros.<\/p>\n<p>Oferecer mais benef\u00edcios e que sejam de maior qualidade \u00e9 uma das melhores formas de convencer os profissionais da nova gera\u00e7\u00e3o a aceitarem uma promo\u00e7\u00e3o no trabalho.<\/p>\n<p>\ud83d\udca1 Conhe\u00e7a mais sobre como ser\u00e1 a sua primeira gest\u00e3o e destaque-se <\/p>\n<h3 class=\"wp-block-heading\" id=\"3_Maiores_oportunidades_de_evolucao_na_carreira\">3. Maiores oportunidades de evolu\u00e7\u00e3o na carreira<\/h3>\n<p>Assumir uma posi\u00e7\u00e3o de lideran\u00e7a tamb\u00e9m pode te dar mais oportunidades de crescer na sua vida profissional. <\/p>\n<p>Muitas vezes os gestores acabam tendo contato com lideran\u00e7as de outras empresas, participam de eventos, treinamentos e outros momentos que podem proporcionar um\u00a0crescimento na carreira.<\/p>\n<h2 class=\"wp-block-heading\" id=\"Como_saber_se_voce_tem_um_perfil_de_lideranca\">Como saber se voc\u00ea tem um perfil de lideran\u00e7a?<\/h2>\n<p>Como vimos anteriormente, muitas pessoas acabam recusando uma oferta de um cargo de gest\u00e3o por acharem que n\u00e3o t\u00eam um perfil ideal para lideran\u00e7a. <\/p>\n<p>Por isso,\u00a0<strong>\u00e9 fundamental saber identificar se voc\u00ea tem um bom perfil para ser l\u00edder<\/strong>. Confira a seguir algumas dicas de como descobrir:<\/p>\n<h3 class=\"wp-block-heading\" id=\"Ter_boa_capacidade_de_comunicacao\">Ter boa capacidade de comunica\u00e7\u00e3o<\/h3>\n<p>Uma das principais caracter\u00edsticas de um grande l\u00edder \u00e9 a sua grande capacidade de se comunicar bem com as outras pessoas. <\/p>\n<p>Se voc\u00ea \u00e9 um comunicador eficaz e domina essa habilidade, pode ser que voc\u00ea tenha um bom potencial para assumir esses cargos. Afinal, gerentes e gestores precisam fazer reuni\u00f5es com clientes, equipes e lidar com os sentimentos de diversas pessoas.<\/p>\n<h3 class=\"wp-block-heading\" id=\"Habilidade_de_motivar_os_outros\">Habilidade de motivar os outros<\/h3>\n<p>Uma lideran\u00e7a deve sempre motivar os seus liderados a fazerem as suas tarefas com qualidade e seguirem as instru\u00e7\u00f5es dadas. <\/p>\n<p>\u00c9 necess\u00e1rio\u00a0<strong>saber passar confian\u00e7a para eles e tamb\u00e9m ser considerado uma autoridade entre a equipe<\/strong>. Essa \u00e9 uma caracter\u00edstica bem marcante na maioria dos l\u00edderes.<\/p>\n<p>Aproveite para conferir um post especial em nosso blog sobre\u00a0o que gera motiva\u00e7\u00e3o no trabalho. Acesse e saiba tudo sobre esse assunto!<\/p>\n<h3 class=\"wp-block-heading\" id=\"Boa_visao_analitica\">Boa vis\u00e3o anal\u00edtica<\/h3>\n<p>Como l\u00edder, \u00e9 fundamental que voc\u00ea saiba identificar como determinadas a\u00e7\u00f5es podem impactar nos resultados da empresa e das pessoas que trabalham ao seu redor. <\/p>\n<p>Por isso, \u00e9 muito importante entender como analisar corretamente os dados para decidir a melhor a\u00e7\u00e3o a ser tomada.<\/p>\n<p>Entendeu o que \u00e9 o conceito de quiet ambition e como ele afeta o mundo corporativo?\u00a0<strong>\u00c9 importante analisar o que voc\u00ea imagina para os pr\u00f3ximos passos da sua carreira profissional<\/strong>, se \u00e9 almejar cargos mais altos e de lideran\u00e7a ou focar na sua qualidade de vida.<\/p>\n<p>Aproveite para conferir outros conte\u00fados em nosso blog com dicas para a sua carreira. Inclusive, temos um post sobre\u00a0como se destacar no seu trabalho\u00a0que vai te ajudar a conquistar promo\u00e7\u00f5es neste ano. <\/p>\n<p>Gostou do nosso conte\u00fado completo sobre quiet ambition? Aproveite ent\u00e3o para compartilhar deixar um coment\u00e1rio no post. At\u00e9 o pr\u00f3xima leitura!<\/p>\n<div id=\"banner_bottom\"><img data-recalc-dims=\"1\" decoding=\"async\" style=\"with:100%\" data-gtm-event-category=\"catho:lp-carreira-sucesso\" data-gtm-event-action=\"carreira-sucesso:banner-artigo\" data-gtm-event-label=\"botao:banner\" src=\"https:\/\/i0.wp.com\/s24534.pcdn.co\/carreira-sucesso\/wp-content\/uploads\/sites\/3\/2023\/12\/banner-970x250_CBU_CONSIDERACAO_PORTAL.jpeg?ssl=1\"\/><noscript><img data-recalc-dims=\"1\" decoding=\"async\" src=\"https:\/\/i0.wp.com\/s24534.pcdn.co\/carreira-sucesso\/wp-content\/uploads\/sites\/3\/2023\/12\/banner-970x250_CBU_CONSIDERACAO_PORTAL.jpeg?ssl=1\" style=\"with:100%\" data-gtm-event-category=\"catho:lp-carreira-sucesso\" data-gtm-event-action=\"carreira-sucesso:banner-artigo\" data-gtm-event-label=\"botao:banner\"\/><\/noscript><\/div>\n<\/p><\/div>\n<p><br \/>\n<br \/><a href=\"https:\/\/www.catho.com.br\/carreira-sucesso\/quiet-ambition\/\">Source link <\/a><\/p>\n<div class='code-block code-block-4' style='margin: 8px auto 8px 0; text-align: left; display: block; clear: both;'>\n\ud83d\udce2 Aviso Legal\n\nO site ismaelcolosi.com.br atua apenas como um canal de divulga\u00e7\u00e3o de oportunidades de emprego e n\u00e3o se responsabiliza pelo processo seletivo, contrata\u00e7\u00e3o ou qualquer outra etapa relacionada \u00e0s vagas publicadas. Todas as informa\u00e7\u00f5es s\u00e3o de responsabilidade dos anunciantes.\n\n\u26a0\ufe0f Aten\u00e7\u00e3o! Nunca pague por promessas de emprego nem compre cursos que garantam contrata\u00e7\u00e3o. Desconfie de qualquer cobran\u00e7a para participar de sele\u00e7\u00f5es.\n\n\n\n<\/div>\n<!-- CONTENT END 1 -->\n","protected":false},"excerpt":{"rendered":"<p>Voc\u00ea j\u00e1 pensou em assumir um cargo de lideran\u00e7a no seu trabalho atual? Se a resposta foi negativa, saiba que voc\u00ea n\u00e3o est\u00e1 sozinho nisso,&#8230;<\/p>\n","protected":false},"author":1,"featured_media":35116,"comment_status":"open","ping_status":"open","sticky":false,"template":"","format":"standard","meta":{"_uag_custom_page_level_css":"","advanced_seo_description":"","jetpack_seo_html_title":"","jetpack_seo_noindex":false,"jetpack_post_was_ever_published":false,"_jetpack_newsletter_access":"","_jetpack_dont_email_post_to_subs":false,"_jetpack_newsletter_tier_id":0,"_jetpack_memberships_contains_paywalled_content":false,"_jetpack_memberships_contains_paid_content":false,"footnotes":"","jetpack_publicize_message":"","jetpack_publicize_feature_enabled":true,"jetpack_social_post_already_shared":true,"jetpack_social_options":{"image_generator_settings":{"template":"highway","default_image_id":0,"font":"","enabled":false},"version":2}},"categories":[1964],"tags":[],"class_list":["post-35115","post","type-post","status-publish","format-standard","has-post-thumbnail","hentry","category-carreira-e-sucesso-dicas-para-carreira"],"jetpack_publicize_connections":[],"jetpack_featured_media_url":"https:\/\/i0.wp.com\/ismaelcolosi.com.br\/wp-content\/uploads\/2024\/02\/quiet-ambition.jpg?fit=1200%2C675&ssl=1","uagb_featured_image_src":{"full":["https:\/\/i0.wp.com\/ismaelcolosi.com.br\/wp-content\/uploads\/2024\/02\/quiet-ambition.jpg?fit=1200%2C675&ssl=1",1200,675,false],"thumbnail":["https:\/\/i0.wp.com\/ismaelcolosi.com.br\/wp-content\/uploads\/2024\/02\/quiet-ambition.jpg?resize=150%2C150&ssl=1",150,150,true],"medium":["https:\/\/i0.wp.com\/ismaelcolosi.com.br\/wp-content\/uploads\/2024\/02\/quiet-ambition.jpg?fit=300%2C169&ssl=1",300,169,true],"medium_large":["https:\/\/i0.wp.com\/ismaelcolosi.com.br\/wp-content\/uploads\/2024\/02\/quiet-ambition.jpg?fit=768%2C432&ssl=1",768,432,true],"large":["https:\/\/i0.wp.com\/ismaelcolosi.com.br\/wp-content\/uploads\/2024\/02\/quiet-ambition.jpg?fit=1024%2C576&ssl=1",1024,576,true],"1536x1536":["https:\/\/i0.wp.com\/ismaelcolosi.com.br\/wp-content\/uploads\/2024\/02\/quiet-ambition.jpg?fit=1200%2C675&ssl=1",1200,675,true],"2048x2048":["https:\/\/i0.wp.com\/ismaelcolosi.com.br\/wp-content\/uploads\/2024\/02\/quiet-ambition.jpg?fit=1200%2C675&ssl=1",1200,675,true],"really-simple-thumb":["https:\/\/i0.wp.com\/ismaelcolosi.com.br\/wp-content\/uploads\/2024\/02\/quiet-ambition.jpg?resize=370%2C247&ssl=1",370,247,true]},"uagb_author_info":{"display_name":"ismaelcolosi.com.br","author_link":"https:\/\/ismaelcolosi.com.br\/index.php\/author\/vidareal-online\/"},"uagb_comment_info":0,"uagb_excerpt":"Voc\u00ea j\u00e1 pensou em assumir um cargo de lideran\u00e7a no seu trabalho atual? Se a resposta foi negativa, saiba que voc\u00ea n\u00e3o est\u00e1 sozinho nisso,...","jetpack-related-posts":[{"id":40380,"url":"https:\/\/ismaelcolosi.com.br\/index.php\/2024\/03\/03\/quiet-quitting-e-lazy-girl-job-entenda-o-vocabulario-da-geracao-z-no-mercado-de-trabalho\/","url_meta":{"origin":35115,"position":0},"title":"Quiet quitting e Lazy Girl Job: entenda o vocabul\u00e1rio da gera\u00e7\u00e3o Z no mercado de trabalho","author":"ismaelcolosi.com.br","date":"3 de March de 2024","format":false,"excerpt":"Bruno Pavani Bruno Pavan 03\/03\/2024 - 9:00 O comportamento da chamada gera\u00e7\u00e3o Z no mercado de trabalho tem sido motivo de muitos debates sobre uma suposta falta de compromisso dessa popula\u00e7\u00e3o mais jovem contra quem acredita ser natural uma rela\u00e7\u00e3o diferente dessa gera\u00e7\u00e3o com o trabalho.\u00a0A Gera\u00e7\u00e3o Z \u00e9 conhecida\u2026","rel":"","context":"In &quot;Empregos - Classificados&quot;","block_context":{"text":"Empregos - Classificados","link":"https:\/\/ismaelcolosi.com.br\/index.php\/category\/empregos-classificados-vagas-trabalho\/"},"img":{"alt_text":"","src":"https:\/\/i0.wp.com\/ismaelcolosi.com.br\/wp-content\/uploads\/2024\/03\/trabalhadoracansada.jpg?fit=900%2C600&ssl=1&resize=350%2C200","width":350,"height":200,"srcset":"https:\/\/i0.wp.com\/ismaelcolosi.com.br\/wp-content\/uploads\/2024\/03\/trabalhadoracansada.jpg?fit=900%2C600&ssl=1&resize=350%2C200 1x, https:\/\/i0.wp.com\/ismaelcolosi.com.br\/wp-content\/uploads\/2024\/03\/trabalhadoracansada.jpg?fit=900%2C600&ssl=1&resize=525%2C300 1.5x, https:\/\/i0.wp.com\/ismaelcolosi.com.br\/wp-content\/uploads\/2024\/03\/trabalhadoracansada.jpg?fit=900%2C600&ssl=1&resize=700%2C400 2x"},"classes":[]},{"id":86810,"url":"https:\/\/ismaelcolosi.com.br\/index.php\/2025\/07\/27\/7-habitos-silenciosos-que-prejudicam-o-crescimento-da-sua-carreira\/","url_meta":{"origin":35115,"position":1},"title":"7 H\u00e1bitos Silenciosos Que Prejudicam o Crescimento da Sua Carreira","author":"ismaelcolosi.com.br","date":"27 de July de 2025","format":false,"excerpt":"\r Skynesher\/Getty Images\r Se ignorados, sinais do quiet cracking podem comprometer seu crescimento na carreira\r Acessibilidade \r L\r L\r A-\r A+\r \r \u25d0\r \r Se voc\u00ea anda desanimado e com dificuldade para avan\u00e7ar na carreira, pode estar enfrentando o chamado \u201cquiet cracking\u201d \u2013 algo como uma \u201crachadura silenciosa\u201d. O termo\u2026","rel":"","context":"In &quot;Carreira e Sucesso&quot;","block_context":{"text":"Carreira e Sucesso","link":"https:\/\/ismaelcolosi.com.br\/index.php\/category\/carreira-e-sucesso-dicas-para-carreira\/"},"img":{"alt_text":"","src":"https:\/\/i0.wp.com\/ismaelcolosi.com.br\/wp-content\/uploads\/2025\/07\/forbes-carreira-habitos-prejudiciais-1200x675.jpg?fit=1200%2C675&ssl=1&resize=350%2C200","width":350,"height":200,"srcset":"https:\/\/i0.wp.com\/ismaelcolosi.com.br\/wp-content\/uploads\/2025\/07\/forbes-carreira-habitos-prejudiciais-1200x675.jpg?fit=1200%2C675&ssl=1&resize=350%2C200 1x, https:\/\/i0.wp.com\/ismaelcolosi.com.br\/wp-content\/uploads\/2025\/07\/forbes-carreira-habitos-prejudiciais-1200x675.jpg?fit=1200%2C675&ssl=1&resize=525%2C300 1.5x, https:\/\/i0.wp.com\/ismaelcolosi.com.br\/wp-content\/uploads\/2025\/07\/forbes-carreira-habitos-prejudiciais-1200x675.jpg?fit=1200%2C675&ssl=1&resize=700%2C400 2x, https:\/\/i0.wp.com\/ismaelcolosi.com.br\/wp-content\/uploads\/2025\/07\/forbes-carreira-habitos-prejudiciais-1200x675.jpg?fit=1200%2C675&ssl=1&resize=1050%2C600 3x"},"classes":[]},{"id":76536,"url":"https:\/\/ismaelcolosi.com.br\/index.php\/2024\/11\/14\/por-que-geracao-z-nao-quer-subir-na-carreira\/","url_meta":{"origin":35115,"position":2},"title":"Por Que Gera\u00e7\u00e3o Z N\u00e3o Quer Subir na Carreira?","author":"ismaelcolosi.com.br","date":"14 de November de 2024","format":false,"excerpt":"\u00a0 Acessibilidade \r L\r L\r A-\r A+\r \r \u25d0\r \r \u00a0 No passado, construir uma carreira significava dar passos calculados para subir na escada corporativa. Em grande parte, essa vis\u00e3o tradicional de avan\u00e7o profissional est\u00e1 ultrapassada. Ap\u00f3s as redu\u00e7\u00f5es de profissionais que ocorreram nas d\u00e9cadas de 1980 e 1990 at\u00e9\u2026","rel":"","context":"In &quot;Carreira e Sucesso&quot;","block_context":{"text":"Carreira e Sucesso","link":"https:\/\/ismaelcolosi.com.br\/index.php\/category\/carreira-e-sucesso-dicas-para-carreira\/"},"img":{"alt_text":"","src":"https:\/\/i0.wp.com\/ismaelcolosi.com.br\/wp-content\/uploads\/2024\/11\/escada-corporativa-carreira-1200x675.jpg?fit=1200%2C675&ssl=1&resize=350%2C200","width":350,"height":200,"srcset":"https:\/\/i0.wp.com\/ismaelcolosi.com.br\/wp-content\/uploads\/2024\/11\/escada-corporativa-carreira-1200x675.jpg?fit=1200%2C675&ssl=1&resize=350%2C200 1x, https:\/\/i0.wp.com\/ismaelcolosi.com.br\/wp-content\/uploads\/2024\/11\/escada-corporativa-carreira-1200x675.jpg?fit=1200%2C675&ssl=1&resize=525%2C300 1.5x, https:\/\/i0.wp.com\/ismaelcolosi.com.br\/wp-content\/uploads\/2024\/11\/escada-corporativa-carreira-1200x675.jpg?fit=1200%2C675&ssl=1&resize=700%2C400 2x, https:\/\/i0.wp.com\/ismaelcolosi.com.br\/wp-content\/uploads\/2024\/11\/escada-corporativa-carreira-1200x675.jpg?fit=1200%2C675&ssl=1&resize=1050%2C600 3x"},"classes":[]},{"id":86023,"url":"https:\/\/ismaelcolosi.com.br\/index.php\/2025\/06\/09\/como-voltar-a-gostar-do-seu-trabalho-quando-estiver-desanimado-com-ele\/","url_meta":{"origin":35115,"position":3},"title":"Como Voltar a Gostar do Seu Trabalho Quando Estiver Desanimado com Ele","author":"ismaelcolosi.com.br","date":"9 de June de 2025","format":false,"excerpt":"\r Foto: Getty Images\r Voc\u00ea n\u00e3o precisa sair do seu trabalho para voltar a se sentir animado com ele\r Acessibilidade \r L\r L\r A-\r A+\r \r \u25d0\r \r Voc\u00ea sente que j\u00e1 dominou sua fun\u00e7\u00e3o. Os prazos n\u00e3o te assustam. Voc\u00ea sabe exatamente o que esperar nas reuni\u00f5es, projetos e\u2026","rel":"","context":"In &quot;Carreira e Sucesso&quot;","block_context":{"text":"Carreira e Sucesso","link":"https:\/\/ismaelcolosi.com.br\/index.php\/category\/carreira-e-sucesso-dicas-para-carreira\/"},"img":{"alt_text":"","src":"https:\/\/i0.wp.com\/ismaelcolosi.com.br\/wp-content\/uploads\/2025\/06\/carreira-desanimo-trabalho-1200x675.jpg?fit=1200%2C675&ssl=1&resize=350%2C200","width":350,"height":200,"srcset":"https:\/\/i0.wp.com\/ismaelcolosi.com.br\/wp-content\/uploads\/2025\/06\/carreira-desanimo-trabalho-1200x675.jpg?fit=1200%2C675&ssl=1&resize=350%2C200 1x, https:\/\/i0.wp.com\/ismaelcolosi.com.br\/wp-content\/uploads\/2025\/06\/carreira-desanimo-trabalho-1200x675.jpg?fit=1200%2C675&ssl=1&resize=525%2C300 1.5x, https:\/\/i0.wp.com\/ismaelcolosi.com.br\/wp-content\/uploads\/2025\/06\/carreira-desanimo-trabalho-1200x675.jpg?fit=1200%2C675&ssl=1&resize=700%2C400 2x, https:\/\/i0.wp.com\/ismaelcolosi.com.br\/wp-content\/uploads\/2025\/06\/carreira-desanimo-trabalho-1200x675.jpg?fit=1200%2C675&ssl=1&resize=1050%2C600 3x"},"classes":[]},{"id":64728,"url":"https:\/\/ismaelcolosi.com.br\/index.php\/2024\/09\/09\/invista-em-autoconhecimento-diz-lider-da-boehringer-ingelheim\/","url_meta":{"origin":35115,"position":4},"title":"\u201cInvista em autoconhecimento\u201d, diz l\u00edder da Boehringer Ingelheim","author":"ismaelcolosi.com.br","date":"9 de September de 2024","format":false,"excerpt":"Joana Adissi, nova head da divis\u00e3o de sa\u00fade animal da Boehringer Ingelheim, defende \u201clideran\u00e7a humanizada\u201d Acessibilidade L L A- A+ \u25d0 Lideran\u00e7a emp\u00e1tica e orientada a resultados andam juntas. Ou pelo menos deveriam, na vis\u00e3o de Joana Adissi, executiva com mais de 25 anos de carreira que acaba de assumir\u2026","rel":"","context":"In &quot;Carreira e Sucesso&quot;","block_context":{"text":"Carreira e Sucesso","link":"https:\/\/ismaelcolosi.com.br\/index.php\/category\/carreira-e-sucesso-dicas-para-carreira\/"},"img":{"alt_text":"","src":"https:\/\/i0.wp.com\/ismaelcolosi.com.br\/wp-content\/uploads\/2024\/09\/mulher-joana-adissi-lider-vacinas-sanofi-1024x683.jpg?fit=1024%2C683&ssl=1&resize=350%2C200","width":350,"height":200,"srcset":"https:\/\/i0.wp.com\/ismaelcolosi.com.br\/wp-content\/uploads\/2024\/09\/mulher-joana-adissi-lider-vacinas-sanofi-1024x683.jpg?fit=1024%2C683&ssl=1&resize=350%2C200 1x, https:\/\/i0.wp.com\/ismaelcolosi.com.br\/wp-content\/uploads\/2024\/09\/mulher-joana-adissi-lider-vacinas-sanofi-1024x683.jpg?fit=1024%2C683&ssl=1&resize=525%2C300 1.5x, https:\/\/i0.wp.com\/ismaelcolosi.com.br\/wp-content\/uploads\/2024\/09\/mulher-joana-adissi-lider-vacinas-sanofi-1024x683.jpg?fit=1024%2C683&ssl=1&resize=700%2C400 2x"},"classes":[]},{"id":89808,"url":"https:\/\/ismaelcolosi.com.br\/index.php\/2026\/04\/10\/priscila-nogueira-assume-lideranca-da-western-union-no-brasil\/","url_meta":{"origin":35115,"position":5},"title":"Priscila Nogueira Assume Lideran\u00e7a da Western Union no Brasil","author":"ismaelcolosi.com.br","date":"10 de April de 2026","format":false,"excerpt":"Quando Priscila Nogueira entrou como estagi\u00e1ria de marketing na Western Union, o escrit\u00f3rio em S\u00e3o Paulo tinha cerca de 20 pessoas. Duas d\u00e9cadas depois, \u00e9 ela quem preside a opera\u00e7\u00e3o brasileira, hoje com 100 funcion\u00e1rios administrativos e outros 300 nas lojas pelo pa\u00eds. Primeira mulher a liderar a companhia no\u2026","rel":"","context":"In &quot;Carreira e Sucesso&quot;","block_context":{"text":"Carreira e Sucesso","link":"https:\/\/ismaelcolosi.com.br\/index.php\/category\/carreira-e-sucesso-dicas-para-carreira\/"},"img":{"alt_text":"","src":"https:\/\/i0.wp.com\/ismaelcolosi.com.br\/wp-content\/uploads\/2026\/04\/Priscila-Nogueira-Assume-Lideranca-da-Western-Union-no-Brasil-1200x675.jpg?fit=1200%2C675&ssl=1&resize=350%2C200","width":350,"height":200,"srcset":"https:\/\/i0.wp.com\/ismaelcolosi.com.br\/wp-content\/uploads\/2026\/04\/Priscila-Nogueira-Assume-Lideranca-da-Western-Union-no-Brasil-1200x675.jpg?fit=1200%2C675&ssl=1&resize=350%2C200 1x, https:\/\/i0.wp.com\/ismaelcolosi.com.br\/wp-content\/uploads\/2026\/04\/Priscila-Nogueira-Assume-Lideranca-da-Western-Union-no-Brasil-1200x675.jpg?fit=1200%2C675&ssl=1&resize=525%2C300 1.5x, https:\/\/i0.wp.com\/ismaelcolosi.com.br\/wp-content\/uploads\/2026\/04\/Priscila-Nogueira-Assume-Lideranca-da-Western-Union-no-Brasil-1200x675.jpg?fit=1200%2C675&ssl=1&resize=700%2C400 2x, https:\/\/i0.wp.com\/ismaelcolosi.com.br\/wp-content\/uploads\/2026\/04\/Priscila-Nogueira-Assume-Lideranca-da-Western-Union-no-Brasil-1200x675.jpg?fit=1200%2C675&ssl=1&resize=1050%2C600 3x"},"classes":[]}],"jetpack_sharing_enabled":true,"jetpack_shortlink":"https:\/\/wp.me\/pfMlyK-98n","_links":{"self":[{"href":"https:\/\/ismaelcolosi.com.br\/index.php\/wp-json\/wp\/v2\/posts\/35115","targetHints":{"allow":["GET"]}}],"collection":[{"href":"https:\/\/ismaelcolosi.com.br\/index.php\/wp-json\/wp\/v2\/posts"}],"about":[{"href":"https:\/\/ismaelcolosi.com.br\/index.php\/wp-json\/wp\/v2\/types\/post"}],"author":[{"embeddable":true,"href":"https:\/\/ismaelcolosi.com.br\/index.php\/wp-json\/wp\/v2\/users\/1"}],"replies":[{"embeddable":true,"href":"https:\/\/ismaelcolosi.com.br\/index.php\/wp-json\/wp\/v2\/comments?post=35115"}],"version-history":[{"count":0,"href":"https:\/\/ismaelcolosi.com.br\/index.php\/wp-json\/wp\/v2\/posts\/35115\/revisions"}],"wp:featuredmedia":[{"embeddable":true,"href":"https:\/\/ismaelcolosi.com.br\/index.php\/wp-json\/wp\/v2\/media\/35116"}],"wp:attachment":[{"href":"https:\/\/ismaelcolosi.com.br\/index.php\/wp-json\/wp\/v2\/media?parent=35115"}],"wp:term":[{"taxonomy":"category","embeddable":true,"href":"https:\/\/ismaelcolosi.com.br\/index.php\/wp-json\/wp\/v2\/categories?post=35115"},{"taxonomy":"post_tag","embeddable":true,"href":"https:\/\/ismaelcolosi.com.br\/index.php\/wp-json\/wp\/v2\/tags?post=35115"}],"curies":[{"name":"wp","href":"https:\/\/api.w.org\/{rel}","templated":true}]}}