{"id":35017,"date":"2024-02-04T20:20:09","date_gmt":"2024-02-04T23:20:09","guid":{"rendered":"https:\/\/ismaelcolosi.com.br\/index.php\/2024\/02\/04\/sem-tecnico-no-banco-botafogo-empata-com-o-ituano-fora-de-casa\/"},"modified":"2024-02-04T20:20:09","modified_gmt":"2024-02-04T23:20:09","slug":"sem-tecnico-no-banco-botafogo-empata-com-o-ituano-fora-de-casa","status":"publish","type":"post","link":"https:\/\/ismaelcolosi.com.br\/index.php\/2024\/02\/04\/sem-tecnico-no-banco-botafogo-empata-com-o-ituano-fora-de-casa\/","title":{"rendered":"Sem t\u00e9cnico no banco, Botafogo empata com o Ituano fora de casa"},"content":{"rendered":"<p> <br \/>\n<\/p>\n<div data-td-block-uid=\"tdi_102\">\n<div class=\"tdb-block-inner td-fix-index\">\n<p>O jogo do <strong>Botafogo<\/strong> contra o <strong>Ituano<\/strong> fora de casa, na noite deste domingo (4), pela quinta rodada do Campeonato <strong>Paulista<\/strong> da <strong>S\u00e9rie A1<\/strong>, terminou em <strong>0 a 0<\/strong>.<\/p>\n<p>Sem muitas chances de gols para os times de Ribeir\u00e3o Preto e Itu, o <strong>Botafogo<\/strong> mesmo <strong>sem<\/strong> o <strong>t\u00e9cnico<\/strong> Paulo Gomes no banco [<strong>expulso<\/strong> no jogo contra o Santo Andr\u00e9] mostrou <strong>melhor<\/strong> <strong>desempenho<\/strong> no <strong>fim<\/strong> do <strong>segundo tempo<\/strong>.<\/p>\n<p>O <strong>goleiro do Ituano <\/strong>Jefferson Paulino <strong>teve que se esfor\u00e7ar<\/strong> em duas jogadas do Botafogo com chances de gol. A primeira foi aos 29 minutos com a defesa do chute forte de Emerson Ramon e, na sequ\u00eancia, o chute para o gol de Matheus Barbosa.<\/p>\n<p>Com o <strong>placar <\/strong>deste domingo, o <strong>Botafogo<\/strong> soma duas vit\u00f3rias, dois empates e duas derrotas totalizando <strong>oito pontos no campeonato<\/strong>.<\/p>\n<p>A<strong> pr\u00f3xima<\/strong> partida do <strong>Botafogo<\/strong> \u00e9 na <strong>quarta-feira<\/strong> (7), \u00e0s 19h, contra a <strong>Ponte Preta<\/strong>. O jogo acontece no <strong>Est\u00e1dio Santa Cruz<\/strong>. \u00a0<\/p>\n<p>SAIBA MAIS<\/p>\n<p>Inscri\u00e7\u00f5es abertas para concurso p\u00fablico da Anatel com sal\u00e1rio de R$ 16,4 mil<\/p>\n<h4 class=\"wp-block-heading\"><strong><mark>FIQUE ON<\/mark><\/strong><\/h4>\n<p>Fique ligado em tudo que acontece em Ribeir\u00e3o Preto e regi\u00e3o. Siga os perfis do<strong>\u00a0acidade on<\/strong>\u00a0no\u00a0<a href=\"https:\/\/www.instagram.com\/acidadeonribeirao\" target=\"_blank\" rel=\"noreferrer noopener\">Instagram\u00a0<\/a>e no\u00a0<a href=\"https:\/\/www.facebook.com\/acidadeonribeirao\" target=\"_blank\" rel=\"noreferrer noopener\">Facebook<\/a>.<\/p>\n<p>Receba not\u00edcias do<strong>\u00a0acidade on\u00a0<\/strong>no WhatsApp.\u00a0<a href=\"https:\/\/chat.whatsapp.com\/Bnv2w66ZT4VDyZW3oiZ69n\" target=\"_blank\" rel=\"noreferrer noopener\">Para entrar no grupo, basta clicar aqui.<\/a><\/p>\n<p>Fa\u00e7a uma den\u00fancia ou sugira uma reportagem sobre Ribeir\u00e3o Preto e regi\u00e3o pelo WhatsApp: 16 99117 7802.<\/p>\n<p>VEJA TAMB\u00c9M<\/p>\n<p>O que \u00e9 domo de calor?<\/p>\n<p><!-- AI CONTENT END 1 -->\n<\/div>\n<\/div>\n<p><script async src=\"\/\/www.instagram.com\/embed.js\"><\/script><br \/>\n<br \/><br \/>\n<br \/><a href=\"https:\/\/www.acidadeon.com\/ribeiraopreto\/esportes\/sem-tecnico-no-banco-botafogo-empata-com-o-ituano-fora-de-casa\/\">Source link <\/a><\/p>\n<div class='code-block code-block-4' style='margin: 8px auto 8px 0; text-align: left; display: block; clear: both;'>\n\ud83d\udce2 Aviso Legal\n\nO site ismaelcolosi.com.br atua apenas como um canal de divulga\u00e7\u00e3o de oportunidades de emprego e n\u00e3o se responsabiliza pelo processo seletivo, contrata\u00e7\u00e3o ou qualquer outra etapa relacionada \u00e0s vagas publicadas. Todas as informa\u00e7\u00f5es s\u00e3o de responsabilidade dos anunciantes.\n\n\u26a0\ufe0f Aten\u00e7\u00e3o! Nunca pague por promessas de emprego nem compre cursos que garantam contrata\u00e7\u00e3o. Desconfie de qualquer cobran\u00e7a para participar de sele\u00e7\u00f5es.\n\n\n\n<\/div>\n<!-- CONTENT END 1 -->\n","protected":false},"excerpt":{"rendered":"<p>O jogo do Botafogo contra o Ituano fora de casa, na noite deste domingo (4), pela quinta rodada do Campeonato Paulista da S\u00e9rie A1, terminou&#8230;<\/p>\n","protected":false},"author":1,"featured_media":35018,"comment_status":"open","ping_status":"open","sticky":false,"template":"","format":"standard","meta":{"_uag_custom_page_level_css":"","advanced_seo_description":"","jetpack_seo_html_title":"","jetpack_seo_noindex":false,"jetpack_post_was_ever_published":false,"_jetpack_newsletter_access":"","_jetpack_dont_email_post_to_subs":false,"_jetpack_newsletter_tier_id":0,"_jetpack_memberships_contains_paywalled_content":false,"_jetpack_memberships_contains_paid_content":false,"footnotes":"","jetpack_publicize_message":"","jetpack_publicize_feature_enabled":true,"jetpack_social_post_already_shared":true,"jetpack_social_options":{"image_generator_settings":{"template":"highway","default_image_id":0,"font":"","enabled":false},"version":2}},"categories":[11],"tags":[],"class_list":["post-35017","post","type-post","status-publish","format-standard","has-post-thumbnail","hentry","category-noticias-de-ribeirao-preto-sp-e-regiao-ismael-colosi"],"jetpack_publicize_connections":[],"jetpack_featured_media_url":"https:\/\/i0.wp.com\/ismaelcolosi.com.br\/wp-content\/uploads\/2024\/02\/WhatsApp-Image-2024-02-04-at-19.07.06.jpeg?fit=1600%2C1066&ssl=1","uagb_featured_image_src":{"full":["https:\/\/i0.wp.com\/ismaelcolosi.com.br\/wp-content\/uploads\/2024\/02\/WhatsApp-Image-2024-02-04-at-19.07.06.jpeg?fit=1600%2C1066&ssl=1",1600,1066,false],"thumbnail":["https:\/\/i0.wp.com\/ismaelcolosi.com.br\/wp-content\/uploads\/2024\/02\/WhatsApp-Image-2024-02-04-at-19.07.06.jpeg?resize=150%2C150&ssl=1",150,150,true],"medium":["https:\/\/i0.wp.com\/ismaelcolosi.com.br\/wp-content\/uploads\/2024\/02\/WhatsApp-Image-2024-02-04-at-19.07.06.jpeg?fit=300%2C200&ssl=1",300,200,true],"medium_large":["https:\/\/i0.wp.com\/ismaelcolosi.com.br\/wp-content\/uploads\/2024\/02\/WhatsApp-Image-2024-02-04-at-19.07.06.jpeg?fit=768%2C512&ssl=1",768,512,true],"large":["https:\/\/i0.wp.com\/ismaelcolosi.com.br\/wp-content\/uploads\/2024\/02\/WhatsApp-Image-2024-02-04-at-19.07.06.jpeg?fit=1024%2C682&ssl=1",1024,682,true],"1536x1536":["https:\/\/i0.wp.com\/ismaelcolosi.com.br\/wp-content\/uploads\/2024\/02\/WhatsApp-Image-2024-02-04-at-19.07.06.jpeg?fit=1536%2C1023&ssl=1",1536,1023,true],"2048x2048":["https:\/\/i0.wp.com\/ismaelcolosi.com.br\/wp-content\/uploads\/2024\/02\/WhatsApp-Image-2024-02-04-at-19.07.06.jpeg?fit=1600%2C1066&ssl=1",1600,1066,true],"really-simple-thumb":["https:\/\/i0.wp.com\/ismaelcolosi.com.br\/wp-content\/uploads\/2024\/02\/WhatsApp-Image-2024-02-04-at-19.07.06.jpeg?resize=370%2C247&ssl=1",370,247,true]},"uagb_author_info":{"display_name":"ismaelcolosi.com.br","author_link":"https:\/\/ismaelcolosi.com.br\/index.php\/author\/vidareal-online\/"},"uagb_comment_info":0,"uagb_excerpt":"O jogo do Botafogo contra o Ituano fora de casa, na noite deste domingo (4), pela quinta rodada do Campeonato Paulista da S\u00e9rie A1, terminou...","jetpack-related-posts":[{"id":34909,"url":"https:\/\/ismaelcolosi.com.br\/index.php\/2024\/02\/04\/botafogo-visita-o-ituano-pelo-paulistao\/","url_meta":{"origin":35017,"position":0},"title":"Botafogo visita o Ituano pelo Paulist\u00e3o\u00a0\u00a0","author":"ismaelcolosi.com.br","date":"4 de February de 2024","format":false,"excerpt":"Embalado no Paulist\u00e3o, o Botafogo visita neste domingo o Ituano. A partida \u00e9 v\u00e1lida pela 5\u00aa rodada da competi\u00e7\u00e3o e est\u00e1 marcada para as 18h, no est\u00e1dio Novelli J\u00fanior, em Itu.\u00a0\u00a0Para a partida, o t\u00e9cnico Paulo Gomes tem alguns problemas, come\u00e7ando por ele, que est\u00e1 suspenso por ter sido expulso\u2026","rel":"","context":"In &quot;Not\u00edcias de Ribeir\u00e3o Preto-SP e Regi\u00e3o&quot;","block_context":{"text":"Not\u00edcias de Ribeir\u00e3o Preto-SP e Regi\u00e3o","link":"https:\/\/ismaelcolosi.com.br\/index.php\/category\/noticias-de-ribeirao-preto-sp-e-regiao-ismael-colosi\/"},"img":{"alt_text":"","src":"https:\/\/i0.wp.com\/ismaelcolosi.com.br\/wp-content\/uploads\/2024\/02\/Botafogo-domingo-scaled.jpg?fit=967%2C645&ssl=1&resize=350%2C200","width":350,"height":200,"srcset":"https:\/\/i0.wp.com\/ismaelcolosi.com.br\/wp-content\/uploads\/2024\/02\/Botafogo-domingo-scaled.jpg?fit=967%2C645&ssl=1&resize=350%2C200 1x, https:\/\/i0.wp.com\/ismaelcolosi.com.br\/wp-content\/uploads\/2024\/02\/Botafogo-domingo-scaled.jpg?fit=967%2C645&ssl=1&resize=525%2C300 1.5x, https:\/\/i0.wp.com\/ismaelcolosi.com.br\/wp-content\/uploads\/2024\/02\/Botafogo-domingo-scaled.jpg?fit=967%2C645&ssl=1&resize=700%2C400 2x"},"classes":[]},{"id":72907,"url":"https:\/\/ismaelcolosi.com.br\/index.php\/2024\/10\/23\/com-1-a-menos-botafogo-perde-para-o-ituano-e-entra-na-zona-de-rebaixamento\/","url_meta":{"origin":35017,"position":1},"title":"Com 1 a menos, Botafogo perde para o Ituano e entra na zona de rebaixamento","author":"ismaelcolosi.com.br","date":"23 de October de 2024","format":false,"excerpt":"O Botafogo perdeu para o Ituano, na noite desta quarta-feira (23), no Est\u00e1dio Santa Cruz, em Ribeir\u00e3o Preto, em jogo v\u00e1lido pela 33\u00ba rodada do Campeonato Brasileiro da S\u00e9rie B. Com o resultado, o Pantera cai uma posi\u00e7\u00e3o e entra na zona de rebaixamento com 36 pontos. O \u00fanico gol\u2026","rel":"","context":"In &quot;Not\u00edcias de Ribeir\u00e3o Preto-SP e Regi\u00e3o&quot;","block_context":{"text":"Not\u00edcias de Ribeir\u00e3o Preto-SP e Regi\u00e3o","link":"https:\/\/ismaelcolosi.com.br\/index.php\/category\/noticias-de-ribeirao-preto-sp-e-regiao-ismael-colosi\/"},"img":{"alt_text":"","src":"https:\/\/i0.wp.com\/ismaelcolosi.com.br\/wp-content\/uploads\/2024\/10\/Imagem-do-WhatsApp-de-2024-10-23-as-21.02.55_957e907c_2024-10-24_00-35-02_jpg_2024-10-24_00-35-02.webp.webp?fit=1200%2C800&ssl=1&resize=350%2C200","width":350,"height":200,"srcset":"https:\/\/i0.wp.com\/ismaelcolosi.com.br\/wp-content\/uploads\/2024\/10\/Imagem-do-WhatsApp-de-2024-10-23-as-21.02.55_957e907c_2024-10-24_00-35-02_jpg_2024-10-24_00-35-02.webp.webp?fit=1200%2C800&ssl=1&resize=350%2C200 1x, https:\/\/i0.wp.com\/ismaelcolosi.com.br\/wp-content\/uploads\/2024\/10\/Imagem-do-WhatsApp-de-2024-10-23-as-21.02.55_957e907c_2024-10-24_00-35-02_jpg_2024-10-24_00-35-02.webp.webp?fit=1200%2C800&ssl=1&resize=525%2C300 1.5x, https:\/\/i0.wp.com\/ismaelcolosi.com.br\/wp-content\/uploads\/2024\/10\/Imagem-do-WhatsApp-de-2024-10-23-as-21.02.55_957e907c_2024-10-24_00-35-02_jpg_2024-10-24_00-35-02.webp.webp?fit=1200%2C800&ssl=1&resize=700%2C400 2x, https:\/\/i0.wp.com\/ismaelcolosi.com.br\/wp-content\/uploads\/2024\/10\/Imagem-do-WhatsApp-de-2024-10-23-as-21.02.55_957e907c_2024-10-24_00-35-02_jpg_2024-10-24_00-35-02.webp.webp?fit=1200%2C800&ssl=1&resize=1050%2C600 3x"},"classes":[]},{"id":39385,"url":"https:\/\/ismaelcolosi.com.br\/index.php\/2024\/02\/25\/botafogo-vence-a-lusa-e-alivia-pressao-de-rebaixamento\/","url_meta":{"origin":35017,"position":2},"title":"Botafogo vence a Lusa e alivia press\u00e3o de rebaixamento","author":"ismaelcolosi.com.br","date":"25 de February de 2024","format":false,"excerpt":"25 de fevereiro de 2024 | 20:1425 de fevereiro de 2024 | 20:19 0O Botafogo venceu a Portuguesa por 2 a 1 na noite deste domingo no est\u00e1dio Santa Cruz, em Ribeir\u00e3o Preto. O Pantera n\u00e3o vencia h\u00e1 cinco rodadas no Paulist\u00e3o. Douglas Baggio, no primeiro tempo, e Patrick Brey,\u2026","rel":"","context":"In &quot;Not\u00edcias de Ribeir\u00e3o Preto-SP e Regi\u00e3o&quot;","block_context":{"text":"Not\u00edcias de Ribeir\u00e3o Preto-SP e Regi\u00e3o","link":"https:\/\/ismaelcolosi.com.br\/index.php\/category\/noticias-de-ribeirao-preto-sp-e-regiao-ismael-colosi\/"},"img":{"alt_text":"","src":"https:\/\/i0.wp.com\/ismaelcolosi.com.br\/wp-content\/uploads\/2024\/02\/botalusa2-scaled.jpg?fit=968%2C645&ssl=1&resize=350%2C200","width":350,"height":200,"srcset":"https:\/\/i0.wp.com\/ismaelcolosi.com.br\/wp-content\/uploads\/2024\/02\/botalusa2-scaled.jpg?fit=968%2C645&ssl=1&resize=350%2C200 1x, https:\/\/i0.wp.com\/ismaelcolosi.com.br\/wp-content\/uploads\/2024\/02\/botalusa2-scaled.jpg?fit=968%2C645&ssl=1&resize=525%2C300 1.5x, https:\/\/i0.wp.com\/ismaelcolosi.com.br\/wp-content\/uploads\/2024\/02\/botalusa2-scaled.jpg?fit=968%2C645&ssl=1&resize=700%2C400 2x"},"classes":[]},{"id":72918,"url":"https:\/\/ismaelcolosi.com.br\/index.php\/2024\/10\/24\/botafogo-sp-entra-na-zona-de-rebaixamento-apos-derrota-para-o-ituano-com-um-jogador-a-menos\/","url_meta":{"origin":35017,"position":3},"title":"Botafogo-SP Entra na Zona de Rebaixamento Ap\u00f3s Derrota para o Ituano com Um Jogador a Menos","author":"ismaelcolosi.com.br","date":"24 de October de 2024","format":false,"excerpt":"O Botafogo-SP vive um momento cr\u00edtico na S\u00e9rie B do Campeonato Brasileiro ap\u00f3s a derrota por 2 a 1 para o Ituano, fora de casa. A partida, realizada no Est\u00e1dio Novelli J\u00fanior, em Itu, foi marcada pela expuls\u00e3o de T\u00e1rik, do Botafogo-SP, logo no in\u00edcio do segundo tempo, o que\u2026","rel":"","context":"In &quot;Not\u00edcias de Ribeir\u00e3o Preto-SP e Regi\u00e3o&quot;","block_context":{"text":"Not\u00edcias de Ribeir\u00e3o Preto-SP e Regi\u00e3o","link":"https:\/\/ismaelcolosi.com.br\/index.php\/category\/noticias-de-ribeirao-preto-sp-e-regiao-ismael-colosi\/"},"img":{"alt_text":"","src":"https:\/\/i0.wp.com\/ismaelcolosi.com.br\/wp-content\/uploads\/2024\/10\/Imagem-do-WhatsApp-de-2024-10-23-as-21.02.55_957e907c_2024-10-24_00-35-02_jpg_2024-10-24_00-35-02-1536x1023-1.webp.webp?fit=1200%2C799&ssl=1&resize=350%2C200","width":350,"height":200,"srcset":"https:\/\/i0.wp.com\/ismaelcolosi.com.br\/wp-content\/uploads\/2024\/10\/Imagem-do-WhatsApp-de-2024-10-23-as-21.02.55_957e907c_2024-10-24_00-35-02_jpg_2024-10-24_00-35-02-1536x1023-1.webp.webp?fit=1200%2C799&ssl=1&resize=350%2C200 1x, https:\/\/i0.wp.com\/ismaelcolosi.com.br\/wp-content\/uploads\/2024\/10\/Imagem-do-WhatsApp-de-2024-10-23-as-21.02.55_957e907c_2024-10-24_00-35-02_jpg_2024-10-24_00-35-02-1536x1023-1.webp.webp?fit=1200%2C799&ssl=1&resize=525%2C300 1.5x, https:\/\/i0.wp.com\/ismaelcolosi.com.br\/wp-content\/uploads\/2024\/10\/Imagem-do-WhatsApp-de-2024-10-23-as-21.02.55_957e907c_2024-10-24_00-35-02_jpg_2024-10-24_00-35-02-1536x1023-1.webp.webp?fit=1200%2C799&ssl=1&resize=700%2C400 2x, https:\/\/i0.wp.com\/ismaelcolosi.com.br\/wp-content\/uploads\/2024\/10\/Imagem-do-WhatsApp-de-2024-10-23-as-21.02.55_957e907c_2024-10-24_00-35-02_jpg_2024-10-24_00-35-02-1536x1023-1.webp.webp?fit=1200%2C799&ssl=1&resize=1050%2C600 3x"},"classes":[]},{"id":55906,"url":"https:\/\/ismaelcolosi.com.br\/index.php\/2024\/07\/07\/botafogo-leva-gol-olimpico-tenta-reagir-mas-perde-pela-serie-b\/","url_meta":{"origin":35017,"position":4},"title":"Botafogo leva gol ol\u00edmpico, tenta reagir, mas perde pela S\u00e9rie B","author":"ismaelcolosi.com.br","date":"7 de July de 2024","format":false,"excerpt":"O Botafogo perdeu por 3 a 2 para o Ituano, na tarde deste domingo (7), pela 14\u00aa rodada do Campeonato Brasileiro da S\u00e9rie B. A partida foi disputado no est\u00e1dio Novelli J\u00fanior, em Itu. O Ituano abriu o placar aos 2 minutos de partida, com Jos\u00e9 Aldo marcando um gol\u2026","rel":"","context":"In &quot;Not\u00edcias de Ribeir\u00e3o Preto-SP e Regi\u00e3o&quot;","block_context":{"text":"Not\u00edcias de Ribeir\u00e3o Preto-SP e Regi\u00e3o","link":"https:\/\/ismaelcolosi.com.br\/index.php\/category\/noticias-de-ribeirao-preto-sp-e-regiao-ismael-colosi\/"},"img":{"alt_text":"","src":"https:\/\/i0.wp.com\/ismaelcolosi.com.br\/wp-content\/uploads\/2024\/07\/botafogo-ituano_2024-07-07_20-47-09_jpeg_2024-07-07_20-47-09.webp.webp?fit=1200%2C800&ssl=1&resize=350%2C200","width":350,"height":200,"srcset":"https:\/\/i0.wp.com\/ismaelcolosi.com.br\/wp-content\/uploads\/2024\/07\/botafogo-ituano_2024-07-07_20-47-09_jpeg_2024-07-07_20-47-09.webp.webp?fit=1200%2C800&ssl=1&resize=350%2C200 1x, https:\/\/i0.wp.com\/ismaelcolosi.com.br\/wp-content\/uploads\/2024\/07\/botafogo-ituano_2024-07-07_20-47-09_jpeg_2024-07-07_20-47-09.webp.webp?fit=1200%2C800&ssl=1&resize=525%2C300 1.5x, https:\/\/i0.wp.com\/ismaelcolosi.com.br\/wp-content\/uploads\/2024\/07\/botafogo-ituano_2024-07-07_20-47-09_jpeg_2024-07-07_20-47-09.webp.webp?fit=1200%2C800&ssl=1&resize=700%2C400 2x, https:\/\/i0.wp.com\/ismaelcolosi.com.br\/wp-content\/uploads\/2024\/07\/botafogo-ituano_2024-07-07_20-47-09_jpeg_2024-07-07_20-47-09.webp.webp?fit=1200%2C800&ssl=1&resize=1050%2C600 3x"},"classes":[]},{"id":56683,"url":"https:\/\/ismaelcolosi.com.br\/index.php\/2024\/07\/14\/botafogo-empata-com-a-francana-em-jogo-sem-gols-fora-de-ribeirao-preto\/","url_meta":{"origin":35017,"position":5},"title":"Botafogo empata com a Francana em jogo sem gols fora de Ribeir\u00e3o Preto","author":"ismaelcolosi.com.br","date":"14 de July de 2024","format":false,"excerpt":"O jogo entre Botafogo e Francana, pela quinta rodada da Copa Paulista, terminou em zero a zero. A partida aconteceu na manh\u00e3 deste domingo (14), no est\u00e1dio Jos\u00e9 Lancha Filho em Franca, na regi\u00e3o de Ribeir\u00e3o Preto. No primeiro tempo, logo ap\u00f3s os sete minutos do in\u00edcio do jogo, a\u2026","rel":"","context":"In &quot;Not\u00edcias de Ribeir\u00e3o Preto-SP e Regi\u00e3o&quot;","block_context":{"text":"Not\u00edcias de Ribeir\u00e3o Preto-SP e Regi\u00e3o","link":"https:\/\/ismaelcolosi.com.br\/index.php\/category\/noticias-de-ribeirao-preto-sp-e-regiao-ismael-colosi\/"},"img":{"alt_text":"","src":"https:\/\/i0.wp.com\/ismaelcolosi.com.br\/wp-content\/uploads\/2024\/07\/Copia-de-Copia-de-TAMANHO-EXATO-PARA-FOTOS-NO-SISTEMA-NOVO-14_2024-07-14_15-45-20_jpg_2024-07-14_15-45-21.webp.webp?fit=1200%2C675&ssl=1&resize=350%2C200","width":350,"height":200,"srcset":"https:\/\/i0.wp.com\/ismaelcolosi.com.br\/wp-content\/uploads\/2024\/07\/Copia-de-Copia-de-TAMANHO-EXATO-PARA-FOTOS-NO-SISTEMA-NOVO-14_2024-07-14_15-45-20_jpg_2024-07-14_15-45-21.webp.webp?fit=1200%2C675&ssl=1&resize=350%2C200 1x, https:\/\/i0.wp.com\/ismaelcolosi.com.br\/wp-content\/uploads\/2024\/07\/Copia-de-Copia-de-TAMANHO-EXATO-PARA-FOTOS-NO-SISTEMA-NOVO-14_2024-07-14_15-45-20_jpg_2024-07-14_15-45-21.webp.webp?fit=1200%2C675&ssl=1&resize=525%2C300 1.5x, https:\/\/i0.wp.com\/ismaelcolosi.com.br\/wp-content\/uploads\/2024\/07\/Copia-de-Copia-de-TAMANHO-EXATO-PARA-FOTOS-NO-SISTEMA-NOVO-14_2024-07-14_15-45-20_jpg_2024-07-14_15-45-21.webp.webp?fit=1200%2C675&ssl=1&resize=700%2C400 2x, https:\/\/i0.wp.com\/ismaelcolosi.com.br\/wp-content\/uploads\/2024\/07\/Copia-de-Copia-de-TAMANHO-EXATO-PARA-FOTOS-NO-SISTEMA-NOVO-14_2024-07-14_15-45-20_jpg_2024-07-14_15-45-21.webp.webp?fit=1200%2C675&ssl=1&resize=1050%2C600 3x"},"classes":[]}],"jetpack_sharing_enabled":true,"jetpack_shortlink":"https:\/\/wp.me\/pfMlyK-96N","_links":{"self":[{"href":"https:\/\/ismaelcolosi.com.br\/index.php\/wp-json\/wp\/v2\/posts\/35017","targetHints":{"allow":["GET"]}}],"collection":[{"href":"https:\/\/ismaelcolosi.com.br\/index.php\/wp-json\/wp\/v2\/posts"}],"about":[{"href":"https:\/\/ismaelcolosi.com.br\/index.php\/wp-json\/wp\/v2\/types\/post"}],"author":[{"embeddable":true,"href":"https:\/\/ismaelcolosi.com.br\/index.php\/wp-json\/wp\/v2\/users\/1"}],"replies":[{"embeddable":true,"href":"https:\/\/ismaelcolosi.com.br\/index.php\/wp-json\/wp\/v2\/comments?post=35017"}],"version-history":[{"count":0,"href":"https:\/\/ismaelcolosi.com.br\/index.php\/wp-json\/wp\/v2\/posts\/35017\/revisions"}],"wp:featuredmedia":[{"embeddable":true,"href":"https:\/\/ismaelcolosi.com.br\/index.php\/wp-json\/wp\/v2\/media\/35018"}],"wp:attachment":[{"href":"https:\/\/ismaelcolosi.com.br\/index.php\/wp-json\/wp\/v2\/media?parent=35017"}],"wp:term":[{"taxonomy":"category","embeddable":true,"href":"https:\/\/ismaelcolosi.com.br\/index.php\/wp-json\/wp\/v2\/categories?post=35017"},{"taxonomy":"post_tag","embeddable":true,"href":"https:\/\/ismaelcolosi.com.br\/index.php\/wp-json\/wp\/v2\/tags?post=35017"}],"curies":[{"name":"wp","href":"https:\/\/api.w.org\/{rel}","templated":true}]}}