{"id":35011,"date":"2024-02-04T19:24:00","date_gmt":"2024-02-04T22:24:00","guid":{"rendered":"https:\/\/ismaelcolosi.com.br\/index.php\/2024\/02\/04\/regiao-tem-4-174-ataques-de-animais-peconhentos-em-2023\/"},"modified":"2024-02-04T19:24:00","modified_gmt":"2024-02-04T22:24:00","slug":"regiao-tem-4-174-ataques-de-animais-peconhentos-em-2023","status":"publish","type":"post","link":"https:\/\/ismaelcolosi.com.br\/index.php\/2024\/02\/04\/regiao-tem-4-174-ataques-de-animais-peconhentos-em-2023\/","title":{"rendered":"Regi\u00e3o tem 4.174 \u00a0ataques de animais pe\u00e7onhentos em 2023\u00a0"},"content":{"rendered":"<p> <br \/>\n<\/p>\n<div id=\"post-372544\">\n<header class=\"entry-header penci-entry-header penci-title-center\">\n<p> <span class=\"entry-meta-item penci-posted-on\"><i class=\"fa fa-clock-o\"\/><time class=\"entry-date published\" datetime=\"2024-02-04T17:00:25-03:00\">4 de fevereiro de 2024 | 17:00<\/time><time class=\"updated\" datetime=\"2024-02-03T12:02:33-03:00\">3 de fevereiro de 2024 | 12:02<\/time><\/span><\/p>\n<p> <span class=\"penci-social-buttons penci-social-share-footer\"><a href=\"#\" class=\"penci-post-like penci_post-meta_item  single-like-button penci-social-item like\" data-post_id=\"372544\" title=\"Like\" data-like=\"Like\" data-unlike=\"Unlike\"><i class=\"fa fa-thumbs-o-up\"\/><span class=\"penci-share-number\">0<\/span><\/a><i class=\"fa fa-facebook\"\/><a class=\"penci-social-item twitter\" target=\"_blank\" rel=\"noopener\" title=\"\" href=\"https:\/\/twitter.com\/intent\/tweet?text=Regi\u00e3o%20tem%204.174%20\u00a0ataques%20de%20animais%20pe\u00e7onhentos%20em%202023\u00a0%20-%20https:\/\/www.tribunaribeirao.com.br\/site\/regiao-tem-4-174-ataques-de-animais-peconhentos-em-2023\/\"><i class=\"fa fa-twitter\"\/><\/a><i class=\"fa fa-whatsapp\"\/><\/span><\/header>\n<div class=\"penci-entry-content entry-content\">\n<p><span class=\"TextRun SCXW187243805 BCX0\" lang=\"PT-BR\" xml:lang=\"PT-BR\" data-contrast=\"auto\"><span class=\"NormalTextRun SCXW187243805 BCX0\">A Secretaria de Estado da Sa\u00fade lan\u00e7ou uma ferramenta online para facilitar a localiza\u00e7\u00e3o e identifica\u00e7\u00e3o dos 220 pontos de atendimento soroter\u00e1pico para v\u00edtimas de escorpi\u00e3o, aranha, serpente e lagartas. O Mapa Interativo, desenvolvido pelo Centro de Vigil\u00e2ncia Epidemiol\u00f3gica (CVE), fornece as informa\u00e7\u00f5es necess\u00e1rias para buscar ajuda em emerg\u00eancias, sobretudo, no per\u00edodo quente e chuvoso, \u00e9poca em que este tipo de acidente mais acontece.<\/span><\/span><span class=\"LineBreakBlob BlobObject DragDrop SCXW187243805 BCX0\"><span class=\"SCXW187243805 BCX0\">\u00a0<\/span><br class=\"SCXW187243805 BCX0\"\/><\/span><span class=\"LineBreakBlob BlobObject DragDrop SCXW187243805 BCX0\"><span class=\"SCXW187243805 BCX0\">\u00a0<\/span><br class=\"SCXW187243805 BCX0\"\/><\/span><span class=\"TextRun SCXW187243805 BCX0\" lang=\"PT-BR\" xml:lang=\"PT-BR\" data-contrast=\"auto\"><span class=\"NormalTextRun SCXW187243805 BCX0\">No ano passado<\/span><span class=\"NormalTextRun SCXW187243805 BCX0\">, o Estado de S\u00e3o Paulo registrou 70.800 acidentes notificados com animais pe\u00e7onhentos e 23 \u00f3bitos, sendo que 444 <\/span><span class=\"NormalTextRun SCXW187243805 BCX0\">a<\/span><span class=\"NormalTextRun SCXW187243805 BCX0\">cidentes<\/span><span class=\"NormalTextRun SCXW187243805 BCX0\"> ocorreram na capital. As regi\u00f5es <\/span><span class=\"NormalTextRun SCXW187243805 BCX0\">com mais registros foram <\/span><span class=\"NormalTextRun SCXW187243805 BCX0\">as dos Grupos de Vigil\u00e2ncia Epidemiol\u00f3gica (<\/span><span class=\"NormalTextRun SpellingErrorV2Themed SCXW187243805 BCX0\">GVEs<\/span><span class=\"NormalTextRun SCXW187243805 BCX0\">) de <\/span><span class=\"NormalTextRun SCXW187243805 BCX0\">Ara\u00e7atuba (7.340 casos), S\u00e3o Jos\u00e9 do Rio Preto (6.753 casos) e Ribeir\u00e3o Preto (4.174 casos).<\/span><\/span><span class=\"LineBreakBlob BlobObject DragDrop SCXW187243805 BCX0\"><span class=\"SCXW187243805 BCX0\">\u00a0<\/span><br class=\"SCXW187243805 BCX0\"\/><\/span><span class=\"LineBreakBlob BlobObject DragDrop SCXW187243805 BCX0\"><span class=\"SCXW187243805 BCX0\">\u00a0<\/span><br class=\"SCXW187243805 BCX0\"\/><\/span><span class=\"TextRun SCXW187243805 BCX0\" lang=\"PT-BR\" xml:lang=\"PT-BR\" data-contrast=\"auto\"><span class=\"NormalTextRun SCXW187243805 BCX0\">A GVE de Ribeir\u00e3o Preto \u00e9 formada por mais 24 cidades. <\/span><span class=\"NormalTextRun SCXW187243805 BCX0\">S<\/span><span class=\"NormalTextRun SCXW187243805 BCX0\">egundo o balan\u00e7o <\/span><span class=\"NormalTextRun SCXW187243805 BCX0\">anual <\/span><span class=\"NormalTextRun SCXW187243805 BCX0\">divulgado pela Divis\u00e3o de Vigil\u00e2ncia Epidemiol\u00f3gica do Departamento de Vigil\u00e2ncia em Sa\u00fade (<\/span><span class=\"NormalTextRun SpellingErrorV2Themed SCXW187243805 BCX0\">Devisa<\/span><span class=\"NormalTextRun SCXW187243805 BCX0\">) \u2013 ligad<\/span><span class=\"NormalTextRun SCXW187243805 BCX0\">a<\/span><span class=\"NormalTextRun SCXW187243805 BCX0\"> \u00e0 Secretaria Municipal da Sa\u00fade \u2013, Ribeir\u00e3o Preto <\/span><span class=\"NormalTextRun SCXW187243805 BCX0\">encerrou o ano passado com recorde absoluto de <\/span><span class=\"NormalTextRun SCXW187243805 BCX0\">ocorr\u00eancias envolvendo ataques de escorpi\u00e3o<\/span><span class=\"NormalTextRun SCXW187243805 BCX0\">. <\/span><\/span><span class=\"LineBreakBlob BlobObject DragDrop SCXW187243805 BCX0\"><span class=\"SCXW187243805 BCX0\">\u00a0<\/span><br class=\"SCXW187243805 BCX0\"\/><\/span><span class=\"LineBreakBlob BlobObject DragDrop SCXW187243805 BCX0\"><span class=\"SCXW187243805 BCX0\">\u00a0<\/span><br class=\"SCXW187243805 BCX0\"\/><\/span><span class=\"TextRun SCXW187243805 BCX0\" lang=\"PT-BR\" xml:lang=\"PT-BR\" data-contrast=\"auto\"><span class=\"NormalTextRun SCXW187243805 BCX0\">Pela primeira vez, o total superou a barreira de dois mil casos. Fechou o per\u00edodo com 2.030 atendimentos, contra 1.808 de 2022, alta de 12,28% e 222 a mais. Desde 2012<\/span><span class=\"NormalTextRun SCXW187243805 BCX0\">, Ribeir\u00e3o Preto j\u00e1 registrou <\/span><span class=\"NormalTextRun SCXW187243805 BCX0\">10.582 <\/span><span class=\"NormalTextRun SCXW187243805 BCX0\">ocorr\u00eancias envolvendo escorpi\u00f5es, duas por dia. <\/span><\/span><span class=\"LineBreakBlob BlobObject DragDrop SCXW187243805 BCX0\"><span class=\"SCXW187243805 BCX0\">\u00a0<\/span><br class=\"SCXW187243805 BCX0\"\/><\/span><span class=\"LineBreakBlob BlobObject DragDrop SCXW187243805 BCX0\"><span class=\"SCXW187243805 BCX0\">\u00a0<\/span><br class=\"SCXW187243805 BCX0\"\/><\/span><span class=\"TextRun SCXW187243805 BCX0\" lang=\"PT-BR\" xml:lang=\"PT-BR\" data-contrast=\"auto\"><span class=\"NormalTextRun SCXW187243805 BCX0\"><strong>Mortes<\/strong> \u2013<\/span><\/span><span class=\"TextRun SCXW187243805 BCX0\" lang=\"PT-BR\" xml:lang=\"PT-BR\" data-contrast=\"auto\"><span class=\"NormalTextRun SCXW187243805 BCX0\"> Ribeir\u00e3o Preto fechou o ano passado com duas mortes por ataque de escorpi\u00e3o. Um menino de seis anos morreu em 19 de agosto, ap\u00f3s ter sido picado por um escorpi\u00e3o dentro de seu quarto, na cama, na Vila Carvalho, Zona Norte da cidade. <\/span><\/span><span class=\"LineBreakBlob BlobObject DragDrop SCXW187243805 BCX0\"><span class=\"SCXW187243805 BCX0\">\u00a0<\/span><br class=\"SCXW187243805 BCX0\"\/><\/span><span class=\"LineBreakBlob BlobObject DragDrop SCXW187243805 BCX0\"><span class=\"SCXW187243805 BCX0\">\u00a0<\/span><br class=\"SCXW187243805 BCX0\"\/><\/span><span class=\"TextRun SCXW187243805 BCX0\" lang=\"PT-BR\" xml:lang=\"PT-BR\" data-contrast=\"auto\"><span class=\"NormalTextRun SCXW187243805 BCX0\">Um m\u00eas antes, em 19 de julho, uma<\/span><span class=\"NormalTextRun SCXW187243805 BCX0\"> menina de quatro anos morreu<\/span><span class=\"NormalTextRun SCXW187243805 BCX0\"> ap\u00f3s ataque <\/span><span class=\"NormalTextRun SCXW187243805 BCX0\">no Jardim Jandaia, <\/span><span class=\"NormalTextRun SCXW187243805 BCX0\">na mesma regi\u00e3o. Em doze <\/span><span class=\"NormalTextRun SCXW187243805 BCX0\">anos, foram constatados, em Ribeir\u00e3o Preto, <\/span><span class=\"NormalTextRun SCXW187243805 BCX0\">seis <\/span><span class=\"NormalTextRun SCXW187243805 BCX0\">\u00f3bitos em decorr\u00eancia de picadas de escorpi\u00e3o: um em 2018, outro em 2020<\/span><span class=\"NormalTextRun SCXW187243805 BCX0\">, <\/span><span class=\"NormalTextRun SCXW187243805 BCX0\">dois em 2021<\/span><span class=\"NormalTextRun SCXW187243805 BCX0\"> e dois em 2023.<\/span><\/span><\/p><div class='code-block code-block-8' style='margin: 8px auto; text-align: center; display: block; clear: both;'>\n<script>\n  atOptions = {\n    'key' : '66e2e2111ca34da796271819fc334058',\n    'format' : 'iframe',\n    'height' : 250,\n    'width' : 300,\n    'params' : {}\n  };\n<\/script>\n<script src=\"https:\/\/www.highperformanceformat.com\/66e2e2111ca34da796271819fc334058\/invoke.js\"><\/script>\n<\/div>\n\n<\/div>\n<footer class=\"penci-entry-footer\"\/><\/div>\n<p><script async src=\"\/\/platform.twitter.com\/widgets.js\" charset=\"utf-8\"><\/script><br \/>\n<br \/><br \/>\n<br \/><a href=\"https:\/\/www.tribunaribeirao.com.br\/site\/regiao-tem-4-174-ataques-de-animais-peconhentos-em-2023\/\">Source link <\/a><\/p>\n<div class='code-block code-block-4' style='margin: 8px auto 8px 0; text-align: left; display: block; clear: both;'>\n\ud83d\udce2 Aviso Legal\n\nO site ismaelcolosi.com.br atua apenas como um canal de divulga\u00e7\u00e3o de oportunidades de emprego e n\u00e3o se responsabiliza pelo processo seletivo, contrata\u00e7\u00e3o ou qualquer outra etapa relacionada \u00e0s vagas publicadas. Todas as informa\u00e7\u00f5es s\u00e3o de responsabilidade dos anunciantes.\n\n\u26a0\ufe0f Aten\u00e7\u00e3o! Nunca pague por promessas de emprego nem compre cursos que garantam contrata\u00e7\u00e3o. Desconfie de qualquer cobran\u00e7a para participar de sele\u00e7\u00f5es.\n\n\n<div data-type=\"_mgwidget\" data-widget-id=\"2000896\">\n<\/div>\n<script>(function(w,q){w[q]=w[q]||[];w[q].push([\"_mgc.load\"])})(window,\"_mgq\");\n<\/script>\n<\/div>\n<!-- CONTENT END 1 -->\n","protected":false},"excerpt":{"rendered":"<p>4 de fevereiro de 2024 | 17:003 de fevereiro de 2024 | 12:02 0 A Secretaria de Estado da Sa\u00fade lan\u00e7ou uma ferramenta online para&#8230;<\/p>\n","protected":false},"author":1,"featured_media":35012,"comment_status":"open","ping_status":"open","sticky":false,"template":"","format":"standard","meta":{"_uag_custom_page_level_css":"","jetpack_post_was_ever_published":false,"_jetpack_newsletter_access":"","_jetpack_dont_email_post_to_subs":false,"_jetpack_newsletter_tier_id":0,"_jetpack_memberships_contains_paywalled_content":false,"_jetpack_memberships_contains_paid_content":false,"footnotes":"","jetpack_publicize_message":"","jetpack_publicize_feature_enabled":true,"jetpack_social_post_already_shared":true,"jetpack_social_options":{"image_generator_settings":{"template":"highway","default_image_id":0,"font":"","enabled":false},"version":2}},"categories":[11],"tags":[3459,3364,4063,277,162],"class_list":["post-35011","post","type-post","status-publish","format-standard","has-post-thumbnail","hentry","category-noticias-de-ribeirao-preto-sp-e-regiao-ismael-colosi","tag-animais","tag-ataques","tag-peconhentos","tag-regiao","tag-tem"],"aioseo_notices":[],"jetpack_publicize_connections":[],"jetpack_featured_media_url":"https:\/\/i0.wp.com\/ismaelcolosi.com.br\/wp-content\/uploads\/2024\/02\/t_serrulatus-scaled.jpg?fit=1000%2C525&ssl=1","uagb_featured_image_src":{"full":["https:\/\/i0.wp.com\/ismaelcolosi.com.br\/wp-content\/uploads\/2024\/02\/t_serrulatus-scaled.jpg?fit=1000%2C525&ssl=1",1000,525,false],"thumbnail":["https:\/\/i0.wp.com\/ismaelcolosi.com.br\/wp-content\/uploads\/2024\/02\/t_serrulatus-scaled.jpg?resize=150%2C150&ssl=1",150,150,true],"medium":["https:\/\/i0.wp.com\/ismaelcolosi.com.br\/wp-content\/uploads\/2024\/02\/t_serrulatus-scaled.jpg?fit=300%2C158&ssl=1",300,158,true],"medium_large":["https:\/\/i0.wp.com\/ismaelcolosi.com.br\/wp-content\/uploads\/2024\/02\/t_serrulatus-scaled.jpg?fit=768%2C403&ssl=1",768,403,true],"large":["https:\/\/i0.wp.com\/ismaelcolosi.com.br\/wp-content\/uploads\/2024\/02\/t_serrulatus-scaled.jpg?fit=1000%2C525&ssl=1",1000,525,true],"1536x1536":["https:\/\/i0.wp.com\/ismaelcolosi.com.br\/wp-content\/uploads\/2024\/02\/t_serrulatus-scaled.jpg?fit=1000%2C525&ssl=1",1000,525,true],"2048x2048":["https:\/\/i0.wp.com\/ismaelcolosi.com.br\/wp-content\/uploads\/2024\/02\/t_serrulatus-scaled.jpg?fit=1000%2C525&ssl=1",1000,525,true],"really-simple-thumb":["https:\/\/i0.wp.com\/ismaelcolosi.com.br\/wp-content\/uploads\/2024\/02\/t_serrulatus-scaled.jpg?resize=370%2C247&ssl=1",370,247,true]},"uagb_author_info":{"display_name":"ismaelcolosi.com.br","author_link":"https:\/\/ismaelcolosi.com.br\/index.php\/author\/vidareal-online\/"},"uagb_comment_info":0,"uagb_excerpt":"4 de fevereiro de 2024 | 17:003 de fevereiro de 2024 | 12:02 0 A Secretaria de Estado da Sa\u00fade lan\u00e7ou uma ferramenta online para...","jetpack-related-posts":[{"id":12166,"url":"https:\/\/ismaelcolosi.com.br\/index.php\/2023\/12\/07\/homem-morre-em-decorrencia-de-picada-de-cobra\/","url_meta":{"origin":35011,"position":0},"title":"Homem morre em decorr\u00eancia de picada de cobra","author":"ismaelcolosi.com.br","date":"7 de December de 2023","format":false,"excerpt":"V\u00edtima foi picada por cobra em Batatais, ficou internada por oito dias, mas n\u00e3o resistiu aos ferimentos 7 de dezembro de 2023 | 15:14 0Por: Adalberto LuqueUm idoso de 70 anos morreu, no final da tarde desta quarta-feira (06), em decorr\u00eancia de uma picada de cobra. O ataque do animal\u2026","rel":"","context":"In &quot;Not\u00edcias de Ribeir\u00e3o Preto-SP e Regi\u00e3o&quot;","block_context":{"text":"Not\u00edcias de Ribeir\u00e3o Preto-SP e Regi\u00e3o","link":"https:\/\/ismaelcolosi.com.br\/index.php\/category\/noticias-de-ribeirao-preto-sp-e-regiao-ismael-colosi\/"},"img":{"alt_text":"","src":"https:\/\/i0.wp.com\/ismaelcolosi.com.br\/wp-content\/uploads\/2023\/12\/LUQUE-Samu-02-Foto-Alfredo-Risk-scaled.jpg?fit=1200%2C800&ssl=1&resize=350%2C200","width":350,"height":200,"srcset":"https:\/\/i0.wp.com\/ismaelcolosi.com.br\/wp-content\/uploads\/2023\/12\/LUQUE-Samu-02-Foto-Alfredo-Risk-scaled.jpg?fit=1200%2C800&ssl=1&resize=350%2C200 1x, https:\/\/i0.wp.com\/ismaelcolosi.com.br\/wp-content\/uploads\/2023\/12\/LUQUE-Samu-02-Foto-Alfredo-Risk-scaled.jpg?fit=1200%2C800&ssl=1&resize=525%2C300 1.5x, https:\/\/i0.wp.com\/ismaelcolosi.com.br\/wp-content\/uploads\/2023\/12\/LUQUE-Samu-02-Foto-Alfredo-Risk-scaled.jpg?fit=1200%2C800&ssl=1&resize=700%2C400 2x, https:\/\/i0.wp.com\/ismaelcolosi.com.br\/wp-content\/uploads\/2023\/12\/LUQUE-Samu-02-Foto-Alfredo-Risk-scaled.jpg?fit=1200%2C800&ssl=1&resize=1050%2C600 3x"},"classes":[]},{"id":81848,"url":"https:\/\/ismaelcolosi.com.br\/index.php\/2025\/01\/17\/saiba-como-inscrever-as-criancas-no-projeto-samuzinho-em-ribeirao-preto\/","url_meta":{"origin":35011,"position":1},"title":"Saiba como inscrever as crian\u00e7as no Projeto Samuzinho em Ribeir\u00e3o Preto","author":"Arthur Tijolo","date":"17 de January de 2025","format":false,"excerpt":"Inscri\u00e7\u00f5es para crian\u00e7as e adolescentes entre 8 e 13 anos est\u00e3o abertas at\u00e9 o dia 31 de janeiro; Curso \u00e9 gratuito e aos s\u00e1bados O Projeto Samuzinho est\u00e1 com inscri\u00e7\u00f5es abertas para crian\u00e7as e adolescentes entre 8 e 13 anos, em Ribeir\u00e3o Preto. S\u00e3o oferecidas 70 vagas e as inscri\u00e7\u00f5es\u2026","rel":"","context":"In &quot;Cursos Gratuitos e Bolsas de Estudos&quot;","block_context":{"text":"Cursos Gratuitos e Bolsas de Estudos","link":"https:\/\/ismaelcolosi.com.br\/index.php\/category\/cursos-gratuitos-e-bolsas-de-estudos-ribeirao-preto\/"},"img":{"alt_text":"","src":"https:\/\/i0.wp.com\/ismaelcolosi.com.br\/wp-content\/uploads\/2025\/01\/WhatsApp-Image-2025-01-17-at-13.59.11.jpeg?fit=1000%2C666&ssl=1&resize=350%2C200","width":350,"height":200,"srcset":"https:\/\/i0.wp.com\/ismaelcolosi.com.br\/wp-content\/uploads\/2025\/01\/WhatsApp-Image-2025-01-17-at-13.59.11.jpeg?fit=1000%2C666&ssl=1&resize=350%2C200 1x, https:\/\/i0.wp.com\/ismaelcolosi.com.br\/wp-content\/uploads\/2025\/01\/WhatsApp-Image-2025-01-17-at-13.59.11.jpeg?fit=1000%2C666&ssl=1&resize=525%2C300 1.5x, https:\/\/i0.wp.com\/ismaelcolosi.com.br\/wp-content\/uploads\/2025\/01\/WhatsApp-Image-2025-01-17-at-13.59.11.jpeg?fit=1000%2C666&ssl=1&resize=700%2C400 2x"},"classes":[]},{"id":43873,"url":"https:\/\/ismaelcolosi.com.br\/index.php\/2024\/03\/23\/rp-ja-soma-248-ataques-de-escorpiao-no-ano\/","url_meta":{"origin":35011,"position":2},"title":"RP j\u00e1 soma 248 ataques de escorpi\u00e3o no ano\u00a0","author":"ismaelcolosi.com.br","date":"23 de March de 2024","format":false,"excerpt":"23 de mar\u00e7o de 2024 | 17:0023 de mar\u00e7o de 2024 | 11:57 0 Segundo o balan\u00e7o anual divulgado pela Divis\u00e3o de Vigil\u00e2ncia Epidemiol\u00f3gica do Departamento de Vigil\u00e2ncia em Sa\u00fade (Devisa) \u2013 ligada \u00e0 Secretaria Municipal da Sa\u00fade \u2013, Ribeir\u00e3o Preto encerrou o ano passado com recorde absoluto de ocorr\u00eancias\u2026","rel":"","context":"In &quot;Not\u00edcias de Ribeir\u00e3o Preto-SP e Regi\u00e3o&quot;","block_context":{"text":"Not\u00edcias de Ribeir\u00e3o Preto-SP e Regi\u00e3o","link":"https:\/\/ismaelcolosi.com.br\/index.php\/category\/noticias-de-ribeirao-preto-sp-e-regiao-ismael-colosi\/"},"img":{"alt_text":"","src":"https:\/\/i0.wp.com\/ismaelcolosi.com.br\/wp-content\/uploads\/2024\/03\/Escorpiao-Emanuel-Marques-da-Silva-Sesa-scaled.jpg?fit=1200%2C800&ssl=1&resize=350%2C200","width":350,"height":200,"srcset":"https:\/\/i0.wp.com\/ismaelcolosi.com.br\/wp-content\/uploads\/2024\/03\/Escorpiao-Emanuel-Marques-da-Silva-Sesa-scaled.jpg?fit=1200%2C800&ssl=1&resize=350%2C200 1x, https:\/\/i0.wp.com\/ismaelcolosi.com.br\/wp-content\/uploads\/2024\/03\/Escorpiao-Emanuel-Marques-da-Silva-Sesa-scaled.jpg?fit=1200%2C800&ssl=1&resize=525%2C300 1.5x, https:\/\/i0.wp.com\/ismaelcolosi.com.br\/wp-content\/uploads\/2024\/03\/Escorpiao-Emanuel-Marques-da-Silva-Sesa-scaled.jpg?fit=1200%2C800&ssl=1&resize=700%2C400 2x, https:\/\/i0.wp.com\/ismaelcolosi.com.br\/wp-content\/uploads\/2024\/03\/Escorpiao-Emanuel-Marques-da-Silva-Sesa-scaled.jpg?fit=1200%2C800&ssl=1&resize=1050%2C600 3x"},"classes":[]},{"id":41159,"url":"https:\/\/ismaelcolosi.com.br\/index.php\/2024\/03\/06\/ano-comeca-com-133-ataques-de-escorpiao-em-rp\/","url_meta":{"origin":35011,"position":3},"title":"Ano come\u00e7a com 133 ataques de escorpi\u00e3o em RP","author":"ismaelcolosi.com.br","date":"6 de March de 2024","format":false,"excerpt":"6 de mar\u00e7o de 2024 | 17:006 de mar\u00e7o de 2024 | 12:01 0Segundo o balan\u00e7o anual divulgado pela Divis\u00e3o de Vigil\u00e2ncia Epidemiol\u00f3gica do Departamento de Vigil\u00e2ncia em Sa\u00fade (Devisa) \u2013 ligada \u00e0 Secretaria Municipal da Sa\u00fade \u2013, Ribeir\u00e3o Preto encerrou o ano passado com recorde absoluto de ocorr\u00eancias envolvendo\u2026","rel":"","context":"In &quot;Not\u00edcias de Ribeir\u00e3o Preto-SP e Regi\u00e3o&quot;","block_context":{"text":"Not\u00edcias de Ribeir\u00e3o Preto-SP e Regi\u00e3o","link":"https:\/\/ismaelcolosi.com.br\/index.php\/category\/noticias-de-ribeirao-preto-sp-e-regiao-ismael-colosi\/"},"img":{"alt_text":"","src":"https:\/\/i0.wp.com\/ismaelcolosi.com.br\/wp-content\/uploads\/2024\/03\/Escorpiao-USP-Imagens-1.jpg?fit=944%2C645&ssl=1&resize=350%2C200","width":350,"height":200,"srcset":"https:\/\/i0.wp.com\/ismaelcolosi.com.br\/wp-content\/uploads\/2024\/03\/Escorpiao-USP-Imagens-1.jpg?fit=944%2C645&ssl=1&resize=350%2C200 1x, https:\/\/i0.wp.com\/ismaelcolosi.com.br\/wp-content\/uploads\/2024\/03\/Escorpiao-USP-Imagens-1.jpg?fit=944%2C645&ssl=1&resize=525%2C300 1.5x, https:\/\/i0.wp.com\/ismaelcolosi.com.br\/wp-content\/uploads\/2024\/03\/Escorpiao-USP-Imagens-1.jpg?fit=944%2C645&ssl=1&resize=700%2C400 2x"},"classes":[]},{"id":26893,"url":"https:\/\/ismaelcolosi.com.br\/index.php\/2024\/01\/11\/ano-termina-com-2-030-ataques-de-escorpioes-em-rp\/","url_meta":{"origin":35011,"position":4},"title":"Ano termina com 2.030 ataques de escorpi\u00f5es em RP\u00a0","author":"ismaelcolosi.com.br","date":"11 de January de 2024","format":false,"excerpt":"10 de janeiro de 2024 | 15:0010 de janeiro de 2024 | 10:16 0Segundo o balan\u00e7o anual divulgado pela Divis\u00e3o de Vigil\u00e2ncia Epidemiol\u00f3gica do Departamento de Vigil\u00e2ncia em Sa\u00fade (Devisa) \u2013 ligada \u00e0 Secretaria Municipal da Sa\u00fade \u2013, Ribeir\u00e3o Preto encerrou o ano passado com recorde absoluto de ocorr\u00eancias envolvendo\u2026","rel":"","context":"In &quot;Not\u00edcias de Ribeir\u00e3o Preto-SP e Regi\u00e3o&quot;","block_context":{"text":"Not\u00edcias de Ribeir\u00e3o Preto-SP e Regi\u00e3o","link":"https:\/\/ismaelcolosi.com.br\/index.php\/category\/noticias-de-ribeirao-preto-sp-e-regiao-ismael-colosi\/"},"img":{"alt_text":"","src":"https:\/\/i0.wp.com\/ismaelcolosi.com.br\/wp-content\/uploads\/2024\/01\/Escorpiao-USP-Imagens.jpg?fit=944%2C645&ssl=1&resize=350%2C200","width":350,"height":200,"srcset":"https:\/\/i0.wp.com\/ismaelcolosi.com.br\/wp-content\/uploads\/2024\/01\/Escorpiao-USP-Imagens.jpg?fit=944%2C645&ssl=1&resize=350%2C200 1x, https:\/\/i0.wp.com\/ismaelcolosi.com.br\/wp-content\/uploads\/2024\/01\/Escorpiao-USP-Imagens.jpg?fit=944%2C645&ssl=1&resize=525%2C300 1.5x, https:\/\/i0.wp.com\/ismaelcolosi.com.br\/wp-content\/uploads\/2024\/01\/Escorpiao-USP-Imagens.jpg?fit=944%2C645&ssl=1&resize=700%2C400 2x"},"classes":[]},{"id":13266,"url":"https:\/\/ismaelcolosi.com.br\/index.php\/2023\/12\/09\/ribeirao-preto-soma-1-884-ataques-de-escorpioes\/","url_meta":{"origin":35011,"position":5},"title":"Ribeir\u00e3o Preto soma 1.884 ataques\u00a0de escorpi\u00f5es","author":"ismaelcolosi.com.br","date":"9 de December de 2023","format":false,"excerpt":"9 de dezembro de 2023 | 17:009 de dezembro de 2023 | 9:19 0Segundo o balan\u00e7o mais recente divulgado pela Divis\u00e3o de Vigil\u00e2ncia Epidemiol\u00f3gica do Departamento de Vigil\u00e2ncia em Sa\u00fade (Devisa) \u2013 ligada \u00e0 Secretaria Municipal da Sa\u00fade \u2013, Ribeir\u00e3o Preto j\u00e1 superou em 4,20% o total de ocorr\u00eancias envolvendo\u2026","rel":"","context":"In &quot;Not\u00edcias de Ribeir\u00e3o Preto-SP e Regi\u00e3o&quot;","block_context":{"text":"Not\u00edcias de Ribeir\u00e3o Preto-SP e Regi\u00e3o","link":"https:\/\/ismaelcolosi.com.br\/index.php\/category\/noticias-de-ribeirao-preto-sp-e-regiao-ismael-colosi\/"},"img":{"alt_text":"","src":"https:\/\/i0.wp.com\/ismaelcolosi.com.br\/wp-content\/uploads\/2023\/12\/escorpiao.png?fit=1000%2C563&ssl=1&resize=350%2C200","width":350,"height":200,"srcset":"https:\/\/i0.wp.com\/ismaelcolosi.com.br\/wp-content\/uploads\/2023\/12\/escorpiao.png?fit=1000%2C563&ssl=1&resize=350%2C200 1x, https:\/\/i0.wp.com\/ismaelcolosi.com.br\/wp-content\/uploads\/2023\/12\/escorpiao.png?fit=1000%2C563&ssl=1&resize=525%2C300 1.5x, https:\/\/i0.wp.com\/ismaelcolosi.com.br\/wp-content\/uploads\/2023\/12\/escorpiao.png?fit=1000%2C563&ssl=1&resize=700%2C400 2x"},"classes":[]}],"jetpack_sharing_enabled":true,"jetpack_shortlink":"https:\/\/wp.me\/pfMlyK-96H","_links":{"self":[{"href":"https:\/\/ismaelcolosi.com.br\/index.php\/wp-json\/wp\/v2\/posts\/35011","targetHints":{"allow":["GET"]}}],"collection":[{"href":"https:\/\/ismaelcolosi.com.br\/index.php\/wp-json\/wp\/v2\/posts"}],"about":[{"href":"https:\/\/ismaelcolosi.com.br\/index.php\/wp-json\/wp\/v2\/types\/post"}],"author":[{"embeddable":true,"href":"https:\/\/ismaelcolosi.com.br\/index.php\/wp-json\/wp\/v2\/users\/1"}],"replies":[{"embeddable":true,"href":"https:\/\/ismaelcolosi.com.br\/index.php\/wp-json\/wp\/v2\/comments?post=35011"}],"version-history":[{"count":0,"href":"https:\/\/ismaelcolosi.com.br\/index.php\/wp-json\/wp\/v2\/posts\/35011\/revisions"}],"wp:featuredmedia":[{"embeddable":true,"href":"https:\/\/ismaelcolosi.com.br\/index.php\/wp-json\/wp\/v2\/media\/35012"}],"wp:attachment":[{"href":"https:\/\/ismaelcolosi.com.br\/index.php\/wp-json\/wp\/v2\/media?parent=35011"}],"wp:term":[{"taxonomy":"category","embeddable":true,"href":"https:\/\/ismaelcolosi.com.br\/index.php\/wp-json\/wp\/v2\/categories?post=35011"},{"taxonomy":"post_tag","embeddable":true,"href":"https:\/\/ismaelcolosi.com.br\/index.php\/wp-json\/wp\/v2\/tags?post=35011"}],"curies":[{"name":"wp","href":"https:\/\/api.w.org\/{rel}","templated":true}]}}