{"id":34947,"date":"2024-02-04T14:43:31","date_gmt":"2024-02-04T17:43:31","guid":{"rendered":"https:\/\/ismaelcolosi.com.br\/index.php\/2024\/02\/04\/interior-de-sao-paulo-esta-em-alerta-para-chuvas-intensas-veja-as-cidades\/"},"modified":"2024-02-04T14:43:31","modified_gmt":"2024-02-04T17:43:31","slug":"interior-de-sao-paulo-esta-em-alerta-para-chuvas-intensas-veja-as-cidades","status":"publish","type":"post","link":"https:\/\/ismaelcolosi.com.br\/index.php\/2024\/02\/04\/interior-de-sao-paulo-esta-em-alerta-para-chuvas-intensas-veja-as-cidades\/","title":{"rendered":"Interior de S\u00e3o Paulo est\u00e1 em alerta para chuvas intensas; Veja as cidades"},"content":{"rendered":"<p> <br \/>\n<\/p>\n<div data-td-block-uid=\"tdi_102\">\n<div class=\"tdb-block-inner td-fix-index\">\n<p>O <strong>Inmet <\/strong>(Instituto Nacional de Meteorologia) <strong>ampliou na manh\u00e3 deste domingo<\/strong> (4) o per\u00edodo de <strong>alerta sobre o risco de chuvas intensas<\/strong> em diversas cidades do <strong>interior de S\u00e3o Paulo<\/strong> (<strong>confira abaixo<\/strong>). \u00a0<\/p>\n<p>De acordo com o instituto, o<strong> aviso \u00e9 v\u00e1lido at\u00e9 \u00e0s 10h de segunda-feira (5)<\/strong>. A previs\u00e3o \u00e9 de chover entre <strong>20 e 30 mil\u00edmetros por hora<\/strong> e os <strong>ventos intensos podem ficar entre 40 e 60 quil\u00f4metros por hora<\/strong>.<\/p>\n<h4 class=\"wp-block-heading\"><strong>Cidades do interior de S\u00e3o Paulo sob alerta<\/strong><\/h4>\n<ul>\n<li>Presidente Prudente<\/li>\n<li>S\u00e3o Jos\u00e9 do Rio Preto<\/li>\n<li>Campinas<\/li>\n<li>Bauru<\/li>\n<li>Piracicaba<\/li>\n<li>Itapetininga<\/li>\n<li>Ribeir\u00e3o Preto<\/li>\n<li>Ara\u00e7atuba<\/li>\n<li>Mar\u00edlia<\/li>\n<li>Araraquara<\/li>\n<li>Vale do Para\u00edba Paulista<\/li>\n<li>Metropolitana de S\u00e3o Paulo<\/li>\n<li>Assis<\/li>\n<li>Litoral Sul Paulista<\/li>\n<\/ul>\n<p>SAIBA MAIS<\/p>\n<p>Bloco Calif\u00f3rnia agita Ribeir\u00e3o e re\u00fane 15 mil foli\u00f5es; Veja fotos<\/p>\n<p>Fique ligado em tudo que acontece em Ribeir\u00e3o Preto e regi\u00e3o. Siga os perfis do\u00a0<strong>acidade on<\/strong>\u00a0no\u00a0<a href=\"https:\/\/www.instagram.com\/acidadeonribeirao\" target=\"_blank\" rel=\"noreferrer noopener\">Instagram<\/a>\u00a0e no\u00a0<a href=\"https:\/\/www.facebook.com\/acidadeonribeirao\" target=\"_blank\" rel=\"noreferrer noopener\">Facebook<\/a>.<\/p>\n<p>Receba not\u00edcias do\u00a0<strong>acidade on\u00a0<\/strong>no WhatsApp.\u00a0<a href=\"https:\/\/chat.whatsapp.com\/Bnv2w66ZT4VDyZW3oiZ69n\" target=\"_blank\" rel=\"noreferrer noopener\">Para entrar no grupo, basta clicar aqui.<\/a><\/p>\n<p>Fa\u00e7a uma den\u00fancia ou sugira uma reportagem sobre Ribeir\u00e3o Preto e regi\u00e3o pelo WhatsApp: 16 99117 7802.<\/p>\n<p>VEJA TAMB\u00c9M<\/p>\n<p>Qual o regime de casamento para maiores de 70 anos?<\/p>\n<p><!-- AI CONTENT END 1 -->\n<\/div>\n<\/div>\n<p><script async src=\"\/\/www.instagram.com\/embed.js\"><\/script><br \/>\n<br \/><br \/>\n<br \/><a href=\"https:\/\/www.acidadeon.com\/ribeiraopreto\/cotidiano\/interior-de-sao-paulo-esta-em-alerta-para-chuvas-intensas-veja-as-cidades\/\">Source link <\/a><\/p>\n<div class='code-block code-block-4' style='margin: 8px auto 8px 0; text-align: left; display: block; clear: both;'>\n\ud83d\udce2 Aviso Legal\n\nO site ismaelcolosi.com.br atua apenas como um canal de divulga\u00e7\u00e3o de oportunidades de emprego e n\u00e3o se responsabiliza pelo processo seletivo, contrata\u00e7\u00e3o ou qualquer outra etapa relacionada \u00e0s vagas publicadas. Todas as informa\u00e7\u00f5es s\u00e3o de responsabilidade dos anunciantes.\n\n\u26a0\ufe0f Aten\u00e7\u00e3o! Nunca pague por promessas de emprego nem compre cursos que garantam contrata\u00e7\u00e3o. Desconfie de qualquer cobran\u00e7a para participar de sele\u00e7\u00f5es.\n\n\n\n<\/div>\n<!-- CONTENT END 1 -->\n","protected":false},"excerpt":{"rendered":"<p>O Inmet (Instituto Nacional de Meteorologia) ampliou na manh\u00e3 deste domingo (4) o per\u00edodo de alerta sobre o risco de chuvas intensas em diversas cidades&#8230;<\/p>\n","protected":false},"author":1,"featured_media":34948,"comment_status":"open","ping_status":"open","sticky":false,"template":"","format":"standard","meta":{"_uag_custom_page_level_css":"","advanced_seo_description":"","jetpack_seo_html_title":"","jetpack_seo_noindex":false,"jetpack_post_was_ever_published":false,"_jetpack_newsletter_access":"","_jetpack_dont_email_post_to_subs":false,"_jetpack_newsletter_tier_id":0,"_jetpack_memberships_contains_paywalled_content":false,"_jetpack_memberships_contains_paid_content":false,"footnotes":"","jetpack_publicize_message":"","jetpack_publicize_feature_enabled":true,"jetpack_social_post_already_shared":true,"jetpack_social_options":{"image_generator_settings":{"template":"highway","default_image_id":0,"font":"","enabled":false},"version":2}},"categories":[11],"tags":[],"class_list":["post-34947","post","type-post","status-publish","format-standard","has-post-thumbnail","hentry","category-noticias-de-ribeirao-preto-sp-e-regiao-ismael-colosi"],"jetpack_publicize_connections":[],"jetpack_featured_media_url":"https:\/\/i0.wp.com\/ismaelcolosi.com.br\/wp-content\/uploads\/2024\/02\/Capturar-3.jpg?fit=739%2C452&ssl=1","uagb_featured_image_src":{"full":["https:\/\/i0.wp.com\/ismaelcolosi.com.br\/wp-content\/uploads\/2024\/02\/Capturar-3.jpg?fit=739%2C452&ssl=1",739,452,false],"thumbnail":["https:\/\/i0.wp.com\/ismaelcolosi.com.br\/wp-content\/uploads\/2024\/02\/Capturar-3.jpg?resize=150%2C150&ssl=1",150,150,true],"medium":["https:\/\/i0.wp.com\/ismaelcolosi.com.br\/wp-content\/uploads\/2024\/02\/Capturar-3.jpg?fit=300%2C183&ssl=1",300,183,true],"medium_large":["https:\/\/i0.wp.com\/ismaelcolosi.com.br\/wp-content\/uploads\/2024\/02\/Capturar-3.jpg?fit=739%2C452&ssl=1",739,452,true],"large":["https:\/\/i0.wp.com\/ismaelcolosi.com.br\/wp-content\/uploads\/2024\/02\/Capturar-3.jpg?fit=739%2C452&ssl=1",739,452,true],"1536x1536":["https:\/\/i0.wp.com\/ismaelcolosi.com.br\/wp-content\/uploads\/2024\/02\/Capturar-3.jpg?fit=739%2C452&ssl=1",739,452,true],"2048x2048":["https:\/\/i0.wp.com\/ismaelcolosi.com.br\/wp-content\/uploads\/2024\/02\/Capturar-3.jpg?fit=739%2C452&ssl=1",739,452,true],"really-simple-thumb":["https:\/\/i0.wp.com\/ismaelcolosi.com.br\/wp-content\/uploads\/2024\/02\/Capturar-3.jpg?resize=370%2C247&ssl=1",370,247,true]},"uagb_author_info":{"display_name":"ismaelcolosi.com.br","author_link":"https:\/\/ismaelcolosi.com.br\/index.php\/author\/vidareal-online\/"},"uagb_comment_info":0,"uagb_excerpt":"O Inmet (Instituto Nacional de Meteorologia) ampliou na manh\u00e3 deste domingo (4) o per\u00edodo de alerta sobre o risco de chuvas intensas em diversas cidades...","jetpack-related-posts":[{"id":59603,"url":"https:\/\/ismaelcolosi.com.br\/index.php\/2024\/08\/09\/frente-fria-interior-de-sp-tem-alerta-para-chuvas-intensas-veja-cidades-afetadas\/","url_meta":{"origin":34947,"position":0},"title":"Frente fria: interior de SP tem alerta para chuvas intensas; Veja cidades afetadas","author":"ismaelcolosi.com.br","date":"9 de August de 2024","format":false,"excerpt":"Uma forte frente fria come\u00e7ou a atuar sobre interior do Estado de S\u00e3o Paulo nesta sexta-feira (9) e promete deixar as temperaturas mais baixas neste final de semana. Por conta desse cen\u00e1rio, o Instituto de Meteorologia (Inmet) emitiu um alerta de perigo potencial para chuvas intensas em diversas regi\u00f5es, inclusive\u2026","rel":"","context":"In &quot;Not\u00edcias de Ribeir\u00e3o Preto-SP e Regi\u00e3o&quot;","block_context":{"text":"Not\u00edcias de Ribeir\u00e3o Preto-SP e Regi\u00e3o","link":"https:\/\/ismaelcolosi.com.br\/index.php\/category\/noticias-de-ribeirao-preto-sp-e-regiao-ismael-colosi\/"},"img":{"alt_text":"","src":"https:\/\/i0.wp.com\/ismaelcolosi.com.br\/wp-content\/uploads\/2024\/08\/CicloneextratropicalgrandeeintensoprovocaalertaVejaaprevisodotempo_Tamanho_2_image.jpg?fit=1200%2C900&ssl=1&resize=350%2C200","width":350,"height":200,"srcset":"https:\/\/i0.wp.com\/ismaelcolosi.com.br\/wp-content\/uploads\/2024\/08\/CicloneextratropicalgrandeeintensoprovocaalertaVejaaprevisodotempo_Tamanho_2_image.jpg?fit=1200%2C900&ssl=1&resize=350%2C200 1x, https:\/\/i0.wp.com\/ismaelcolosi.com.br\/wp-content\/uploads\/2024\/08\/CicloneextratropicalgrandeeintensoprovocaalertaVejaaprevisodotempo_Tamanho_2_image.jpg?fit=1200%2C900&ssl=1&resize=525%2C300 1.5x, https:\/\/i0.wp.com\/ismaelcolosi.com.br\/wp-content\/uploads\/2024\/08\/CicloneextratropicalgrandeeintensoprovocaalertaVejaaprevisodotempo_Tamanho_2_image.jpg?fit=1200%2C900&ssl=1&resize=700%2C400 2x, https:\/\/i0.wp.com\/ismaelcolosi.com.br\/wp-content\/uploads\/2024\/08\/CicloneextratropicalgrandeeintensoprovocaalertaVejaaprevisodotempo_Tamanho_2_image.jpg?fit=1200%2C900&ssl=1&resize=1050%2C600 3x"},"classes":[]},{"id":37029,"url":"https:\/\/ismaelcolosi.com.br\/index.php\/2024\/02\/13\/interior-de-sao-paulo-esta-sob-alerta-de-chuvas-intensas-vejas-as-cidades\/","url_meta":{"origin":34947,"position":1},"title":"Interior de S\u00e3o Paulo est\u00e1 sob alerta de chuvas intensas; Vejas as cidades","author":"ismaelcolosi.com.br","date":"13 de February de 2024","format":false,"excerpt":"O Instituto Nacional de Meteorologia (Inmet) alertou para chuvas intensas no interior de S\u00e3o Paulo, no final da tarde desta ter\u00e7a-feira (13) at\u00e9 a manh\u00e3 de quarta-feira (14). Segundo o \u00f3rg\u00e3o, pode chover o acumulado entre 20 e 30 mil\u00edmetros no per\u00edodo de uma hora, com ventos intensos de 40\u2026","rel":"","context":"In &quot;Not\u00edcias de Ribeir\u00e3o Preto-SP e Regi\u00e3o&quot;","block_context":{"text":"Not\u00edcias de Ribeir\u00e3o Preto-SP e Regi\u00e3o","link":"https:\/\/ismaelcolosi.com.br\/index.php\/category\/noticias-de-ribeirao-preto-sp-e-regiao-ismael-colosi\/"},"img":{"alt_text":"","src":"https:\/\/i0.wp.com\/ismaelcolosi.com.br\/wp-content\/uploads\/2024\/02\/1707866977_chuva-forte.jpg?fit=1200%2C765&ssl=1&resize=350%2C200","width":350,"height":200,"srcset":"https:\/\/i0.wp.com\/ismaelcolosi.com.br\/wp-content\/uploads\/2024\/02\/1707866977_chuva-forte.jpg?fit=1200%2C765&ssl=1&resize=350%2C200 1x, https:\/\/i0.wp.com\/ismaelcolosi.com.br\/wp-content\/uploads\/2024\/02\/1707866977_chuva-forte.jpg?fit=1200%2C765&ssl=1&resize=525%2C300 1.5x, https:\/\/i0.wp.com\/ismaelcolosi.com.br\/wp-content\/uploads\/2024\/02\/1707866977_chuva-forte.jpg?fit=1200%2C765&ssl=1&resize=700%2C400 2x, https:\/\/i0.wp.com\/ismaelcolosi.com.br\/wp-content\/uploads\/2024\/02\/1707866977_chuva-forte.jpg?fit=1200%2C765&ssl=1&resize=1050%2C600 3x"},"classes":[]},{"id":35851,"url":"https:\/\/ismaelcolosi.com.br\/index.php\/2024\/02\/07\/interior-de-sp-esta-sob-alerta-de-chuvas-intensas-veja-as-cidades-afetadas\/","url_meta":{"origin":34947,"position":2},"title":"Interior de SP est\u00e1 sob alerta de chuvas intensas; Veja as cidades afetadas","author":"ismaelcolosi.com.br","date":"7 de February de 2024","format":false,"excerpt":"O Inmet (Instituto Nacional de Meteorologia) publicou um alerta de \u201cperigo potencial\u201d para chuvas intensas no interior de S\u00e3o Paulo nesta quarta-feira (7). O aviso \u00e9 v\u00e1lido at\u00e9 \u00e0s 10h de quinta-feira (8). Segundo o \u00f3rg\u00e3o, pode chover o acumulado entre 20 e 30 mil\u00edmetros no per\u00edodo de uma hora,\u2026","rel":"","context":"In &quot;Not\u00edcias de Ribeir\u00e3o Preto-SP e Regi\u00e3o&quot;","block_context":{"text":"Not\u00edcias de Ribeir\u00e3o Preto-SP e Regi\u00e3o","link":"https:\/\/ismaelcolosi.com.br\/index.php\/category\/noticias-de-ribeirao-preto-sp-e-regiao-ismael-colosi\/"},"img":{"alt_text":"","src":"https:\/\/i0.wp.com\/ismaelcolosi.com.br\/wp-content\/uploads\/2024\/02\/WhatsApp-Image-2024-02-07-at-16.31.23.jpeg?fit=1200%2C540&ssl=1&resize=350%2C200","width":350,"height":200,"srcset":"https:\/\/i0.wp.com\/ismaelcolosi.com.br\/wp-content\/uploads\/2024\/02\/WhatsApp-Image-2024-02-07-at-16.31.23.jpeg?fit=1200%2C540&ssl=1&resize=350%2C200 1x, https:\/\/i0.wp.com\/ismaelcolosi.com.br\/wp-content\/uploads\/2024\/02\/WhatsApp-Image-2024-02-07-at-16.31.23.jpeg?fit=1200%2C540&ssl=1&resize=525%2C300 1.5x, https:\/\/i0.wp.com\/ismaelcolosi.com.br\/wp-content\/uploads\/2024\/02\/WhatsApp-Image-2024-02-07-at-16.31.23.jpeg?fit=1200%2C540&ssl=1&resize=700%2C400 2x, https:\/\/i0.wp.com\/ismaelcolosi.com.br\/wp-content\/uploads\/2024\/02\/WhatsApp-Image-2024-02-07-at-16.31.23.jpeg?fit=1200%2C540&ssl=1&resize=1050%2C600 3x"},"classes":[]},{"id":62105,"url":"https:\/\/ismaelcolosi.com.br\/index.php\/2024\/08\/25\/interior-de-sp-tem-aviso-de-chuvas-prorrogado-veja-as-cidades\/","url_meta":{"origin":34947,"position":3},"title":"Interior de SP tem aviso de chuvas prorrogado; Veja as cidades","author":"ismaelcolosi.com.br","date":"25 de August de 2024","format":false,"excerpt":"O aviso do Inmet (Instituto Nacional de Meteorologia) para chuvas intensas no interior de S\u00e3o Paulo foi prorrogado, neste domingo (25). O aviso foi estendido at\u00e9 as 10h, desta segunda-feira (26). Segundo o \u00f3rg\u00e3o, pode chover o acumulado de at\u00e9 30 mil\u00edmetros por hora, com ventos intensos entre 40 km\/h\u2026","rel":"","context":"In &quot;Not\u00edcias de Ribeir\u00e3o Preto-SP e Regi\u00e3o&quot;","block_context":{"text":"Not\u00edcias de Ribeir\u00e3o Preto-SP e Regi\u00e3o","link":"https:\/\/ismaelcolosi.com.br\/index.php\/category\/noticias-de-ribeirao-preto-sp-e-regiao-ismael-colosi\/"},"img":{"alt_text":"","src":"https:\/\/i0.wp.com\/ismaelcolosi.com.br\/wp-content\/uploads\/2024\/08\/chuva.jpeg?fit=1200%2C903&ssl=1&resize=350%2C200","width":350,"height":200,"srcset":"https:\/\/i0.wp.com\/ismaelcolosi.com.br\/wp-content\/uploads\/2024\/08\/chuva.jpeg?fit=1200%2C903&ssl=1&resize=350%2C200 1x, https:\/\/i0.wp.com\/ismaelcolosi.com.br\/wp-content\/uploads\/2024\/08\/chuva.jpeg?fit=1200%2C903&ssl=1&resize=525%2C300 1.5x, https:\/\/i0.wp.com\/ismaelcolosi.com.br\/wp-content\/uploads\/2024\/08\/chuva.jpeg?fit=1200%2C903&ssl=1&resize=700%2C400 2x, https:\/\/i0.wp.com\/ismaelcolosi.com.br\/wp-content\/uploads\/2024\/08\/chuva.jpeg?fit=1200%2C903&ssl=1&resize=1050%2C600 3x"},"classes":[]},{"id":56100,"url":"https:\/\/ismaelcolosi.com.br\/index.php\/2024\/07\/09\/interior-de-sp-tem-alerta-de-perigo-para-chuvas-intensas-a-partir-desta-terca-veja-cidades\/","url_meta":{"origin":34947,"position":4},"title":"Interior de SP tem alerta de perigo para chuvas intensas a partir desta ter\u00e7a; Veja cidades","author":"ismaelcolosi.com.br","date":"9 de July de 2024","format":false,"excerpt":"O Inmet (Instituto Nacional de Meteorologia) emitiu um alerta para chuvas intensas em parte do interior de S\u00e3o Paulo. O aviso, que tem validade a partir das 12h desta ter\u00e7a-feira (9) at\u00e9 as 10h desta quarta-feira (10), \u00e9 na cor laranja e indica perigo. Clique aqui e confira os munic\u00edpios\u2026","rel":"","context":"In &quot;Not\u00edcias de Ribeir\u00e3o Preto-SP e Regi\u00e3o&quot;","block_context":{"text":"Not\u00edcias de Ribeir\u00e3o Preto-SP e Regi\u00e3o","link":"https:\/\/ismaelcolosi.com.br\/index.php\/category\/noticias-de-ribeirao-preto-sp-e-regiao-ismael-colosi\/"},"img":{"alt_text":"","src":"https:\/\/i0.wp.com\/ismaelcolosi.com.br\/wp-content\/uploads\/2024\/07\/MaiosedespedecomchuvanoestadodeSPVejacomoficaatemperatura_Tamanho_2_image.jpg?fit=1200%2C900&ssl=1&resize=350%2C200","width":350,"height":200,"srcset":"https:\/\/i0.wp.com\/ismaelcolosi.com.br\/wp-content\/uploads\/2024\/07\/MaiosedespedecomchuvanoestadodeSPVejacomoficaatemperatura_Tamanho_2_image.jpg?fit=1200%2C900&ssl=1&resize=350%2C200 1x, https:\/\/i0.wp.com\/ismaelcolosi.com.br\/wp-content\/uploads\/2024\/07\/MaiosedespedecomchuvanoestadodeSPVejacomoficaatemperatura_Tamanho_2_image.jpg?fit=1200%2C900&ssl=1&resize=525%2C300 1.5x, https:\/\/i0.wp.com\/ismaelcolosi.com.br\/wp-content\/uploads\/2024\/07\/MaiosedespedecomchuvanoestadodeSPVejacomoficaatemperatura_Tamanho_2_image.jpg?fit=1200%2C900&ssl=1&resize=700%2C400 2x, https:\/\/i0.wp.com\/ismaelcolosi.com.br\/wp-content\/uploads\/2024\/07\/MaiosedespedecomchuvanoestadodeSPVejacomoficaatemperatura_Tamanho_2_image.jpg?fit=1200%2C900&ssl=1&resize=1050%2C600 3x"},"classes":[]},{"id":44255,"url":"https:\/\/ismaelcolosi.com.br\/index.php\/2024\/03\/26\/governo-reconhece-situacao-de-emergencia-em-cidades-do-interior-de-sp-por-conta-de-fortes-chuvas\/","url_meta":{"origin":34947,"position":5},"title":"Governo reconhece situa\u00e7\u00e3o de emerg\u00eancia em cidades do interior de SP por conta de fortes chuvas","author":"ismaelcolosi.com.br","date":"26 de March de 2024","format":false,"excerpt":"O Governo Federal informou, nessa segunda-feira (25), que reconheceu situa\u00e7\u00e3o de emerg\u00eancia em diversos munic\u00edpios de S\u00e3o Paulo, inclusive no interior do Estado. De acordo com a lista, munic\u00edpios da Bahia, Goi\u00e1s, Maranh\u00e3o, Minas Gerais, Par\u00e1, Rio de Janeiro, Rio Grande do Sul, Santa Catarina e Esp\u00edrito Santo tamb\u00e9m est\u00e3o\u2026","rel":"","context":"In &quot;Not\u00edcias de Ribeir\u00e3o Preto-SP e Regi\u00e3o&quot;","block_context":{"text":"Not\u00edcias de Ribeir\u00e3o Preto-SP e Regi\u00e3o","link":"https:\/\/ismaelcolosi.com.br\/index.php\/category\/noticias-de-ribeirao-preto-sp-e-regiao-ismael-colosi\/"},"img":{"alt_text":"","src":"https:\/\/i0.wp.com\/ismaelcolosi.com.br\/wp-content\/uploads\/2024\/03\/chuva_na_cidade_de_campinas_sp_cxdigo_19_170676.jpg?fit=1200%2C800&ssl=1&resize=350%2C200","width":350,"height":200,"srcset":"https:\/\/i0.wp.com\/ismaelcolosi.com.br\/wp-content\/uploads\/2024\/03\/chuva_na_cidade_de_campinas_sp_cxdigo_19_170676.jpg?fit=1200%2C800&ssl=1&resize=350%2C200 1x, https:\/\/i0.wp.com\/ismaelcolosi.com.br\/wp-content\/uploads\/2024\/03\/chuva_na_cidade_de_campinas_sp_cxdigo_19_170676.jpg?fit=1200%2C800&ssl=1&resize=525%2C300 1.5x, https:\/\/i0.wp.com\/ismaelcolosi.com.br\/wp-content\/uploads\/2024\/03\/chuva_na_cidade_de_campinas_sp_cxdigo_19_170676.jpg?fit=1200%2C800&ssl=1&resize=700%2C400 2x, https:\/\/i0.wp.com\/ismaelcolosi.com.br\/wp-content\/uploads\/2024\/03\/chuva_na_cidade_de_campinas_sp_cxdigo_19_170676.jpg?fit=1200%2C800&ssl=1&resize=1050%2C600 3x"},"classes":[]}],"jetpack_sharing_enabled":true,"jetpack_shortlink":"https:\/\/wp.me\/pfMlyK-95F","_links":{"self":[{"href":"https:\/\/ismaelcolosi.com.br\/index.php\/wp-json\/wp\/v2\/posts\/34947","targetHints":{"allow":["GET"]}}],"collection":[{"href":"https:\/\/ismaelcolosi.com.br\/index.php\/wp-json\/wp\/v2\/posts"}],"about":[{"href":"https:\/\/ismaelcolosi.com.br\/index.php\/wp-json\/wp\/v2\/types\/post"}],"author":[{"embeddable":true,"href":"https:\/\/ismaelcolosi.com.br\/index.php\/wp-json\/wp\/v2\/users\/1"}],"replies":[{"embeddable":true,"href":"https:\/\/ismaelcolosi.com.br\/index.php\/wp-json\/wp\/v2\/comments?post=34947"}],"version-history":[{"count":0,"href":"https:\/\/ismaelcolosi.com.br\/index.php\/wp-json\/wp\/v2\/posts\/34947\/revisions"}],"wp:featuredmedia":[{"embeddable":true,"href":"https:\/\/ismaelcolosi.com.br\/index.php\/wp-json\/wp\/v2\/media\/34948"}],"wp:attachment":[{"href":"https:\/\/ismaelcolosi.com.br\/index.php\/wp-json\/wp\/v2\/media?parent=34947"}],"wp:term":[{"taxonomy":"category","embeddable":true,"href":"https:\/\/ismaelcolosi.com.br\/index.php\/wp-json\/wp\/v2\/categories?post=34947"},{"taxonomy":"post_tag","embeddable":true,"href":"https:\/\/ismaelcolosi.com.br\/index.php\/wp-json\/wp\/v2\/tags?post=34947"}],"curies":[{"name":"wp","href":"https:\/\/api.w.org\/{rel}","templated":true}]}}