{"id":34923,"date":"2024-02-04T13:22:11","date_gmt":"2024-02-04T16:22:11","guid":{"rendered":"https:\/\/ismaelcolosi.com.br\/index.php\/2024\/02\/04\/372551-2\/"},"modified":"2024-02-04T13:22:11","modified_gmt":"2024-02-04T16:22:11","slug":"372551-2","status":"publish","type":"post","link":"https:\/\/ismaelcolosi.com.br\/index.php\/2024\/02\/04\/372551-2\/","title":{"rendered":"S\u00e3o Paulo e Palmeiras decidem a Supercopa do Brasil"},"content":{"rendered":"<p> <br \/>\n<\/p>\n<div id=\"\">\n<p> <span class=\"entry-meta-item penci-posted-on\"><i class=\"fa fa-clock-o\"\/><time class=\"entry-date published\" datetime=\"2024-02-04T11:30:39-03:00\">4 de fevereiro de 2024 | 11:30<\/time><time class=\"updated\" datetime=\"2024-02-04T11:21:17-03:00\">4 de fevereiro de 2024 | 11:21<\/time><\/span><\/p>\n<p> <span class=\"penci-social-buttons penci-social-share-footer\"><a href=\"#\" class=\"penci-post-like penci_post-meta_item  single-like-button penci-social-item like\" data-post_id=\"372551\" title=\"Like\" data-like=\"Like\" data-unlike=\"Unlike\"><i class=\"fa fa-thumbs-o-up\"\/><span class=\"penci-share-number\">0<\/span><\/a><i class=\"fa fa-facebook\"\/><a class=\"penci-social-item twitter\" target=\"_blank\" rel=\"noopener\" title=\"\" href=\"https:\/\/twitter.com\/intent\/tweet?text=S\u00e3o%20Paulo%20e%20Palmeiras%20decidem%20a%20Supercopa%20do%20Brasil%20-%20https:\/\/www.tribunaribeirao.com.br\/site\/372551-2\/\"><i class=\"fa fa-twitter\"\/><\/a><i class=\"fa fa-whatsapp\"\/><\/span><\/div>\n<div>\n<p><span data-contrast=\"auto\">S\u00e3o Paulo e Palmeiras est\u00e3o prontos para decidir a Supercopa do Brasil. O confronto coloca frente a frente o campe\u00e3o do Brasileir\u00e3o e da Copa do Brasil, neste domingo (04), \u00e0s 16 horas. O duelo vai acontecer na cidade de Belo Horizonte, no est\u00e1dio do Mineir\u00e3o. <\/span><span data-ccp-props=\"{&quot;201341983&quot;:0,&quot;335551550&quot;:6,&quot;335551620&quot;:6,&quot;335559739&quot;:200,&quot;335559740&quot;:276}\">\u00a0<\/span><\/p>\n<p><span data-contrast=\"auto\">Ambos os times chegam para a partida com alguns problemas para resolver. O S\u00e3o Paulo n\u00e3o tem Lucas 100% e tem o desfalque de Rodrigo Nestor, que se recupera de uma cirurgia.\u00a0<\/span><span data-ccp-props=\"{&quot;201341983&quot;:0,&quot;335551550&quot;:6,&quot;335551620&quot;:6,&quot;335559739&quot;:200,&quot;335559740&quot;:276}\">\u00a0<\/span><\/p>\n<p><span data-contrast=\"auto\">O colombiano James Rodriguez \u00e9 outro que n\u00e3o deve participar do jogo. Considerado uma das estrelas do elenco, o jogador ainda n\u00e3o estreou na temporada e nem deve ser relacionado. Especulou-se que ele poderia aparecer na lista de Carpini, mas isso n\u00e3o deve acontecer.\u00a0<\/span><span data-ccp-props=\"{&quot;201341983&quot;:0,&quot;335551550&quot;:6,&quot;335551620&quot;:6,&quot;335559739&quot;:200,&quot;335559740&quot;:276}\">\u00a0<\/span><\/p>\n<p><span data-contrast=\"auto\">O lateral-direito Igor Vinicius tamb\u00e9m n\u00e3o tem condi\u00e7\u00f5es de jogo. Depois de ficar um ano inteiro sem jogar, ele retornou nesta temporada, mas est\u00e1 com dores musculares e n\u00e3o vai para a partida. Rafinha ser\u00e1 o titular.\u00a0<\/span><span data-ccp-props=\"{&quot;201341983&quot;:0,&quot;335551550&quot;:6,&quot;335551620&quot;:6,&quot;335559739&quot;:200,&quot;335559740&quot;:276}\">\u00a0<\/span><\/p>\n<p><span data-contrast=\"auto\">Com a sa\u00edda de Beraldo, negociado com o PSG, uma vaga na defesa do S\u00e3o Paulo foi aberta. Diego Costa \u00e9 quem vem tendo mais espa\u00e7o e ele deve jogar. Na lateral-esquerda, sem Caio Paulista, que pulou o muro e foi para o Palmeiras, Wellington ser\u00e1 titular.\u00a0<\/span><span data-ccp-props=\"{&quot;201341983&quot;:0,&quot;335551550&quot;:6,&quot;335551620&quot;:6,&quot;335559739&quot;:200,&quot;335559740&quot;:276}\">\u00a0<\/span><\/p>\n<p><span data-contrast=\"auto\">O S\u00e3o Paulo deve come\u00e7ar a partida com a seguinte escala\u00e7\u00e3o: Rafael; Rafinha, Diego Costa, Arboleda e Wellington; Pablo Maia, Alisson e Luciano; Rato, Lucas e Calleri.\u00a0<\/span><span data-ccp-props=\"{&quot;201341983&quot;:0,&quot;335551550&quot;:6,&quot;335551620&quot;:6,&quot;335559739&quot;:200,&quot;335559740&quot;:276}\">\u00a0<\/span><\/p>\n<p><b><span data-contrast=\"auto\">Palmeiras\u00a0<\/span><\/b><span data-ccp-props=\"{&quot;201341983&quot;:0,&quot;335551550&quot;:6,&quot;335551620&quot;:6,&quot;335559739&quot;:200,&quot;335559740&quot;:276}\">\u00a0<\/span><\/p>\n<p><span data-contrast=\"auto\">O Verd\u00e3o tamb\u00e9m tem problemas para montar seu time. Alguns desde o ano passado, como a aus\u00eancia de Dudu. Abel Ferreira tamb\u00e9m n\u00e3o tem \u00e0 disposi\u00e7\u00e3o um dos refor\u00e7os da temporada, o atacante Bruno Rodrigues, que sofreu uma les\u00e3o ligamentar e n\u00e3o deve jogar nesta temporada.\u00a0<\/span><span data-ccp-props=\"{&quot;201341983&quot;:0,&quot;335551550&quot;:6,&quot;335551620&quot;:6,&quot;335559739&quot;:200,&quot;335559740&quot;:276}\">\u00a0<\/span><\/p>\n<p><span data-contrast=\"auto\">O Palmeiras tamb\u00e9m n\u00e3o tem Endrick, que est\u00e1 com a sele\u00e7\u00e3o na disputa do Pr\u00e9-Ol\u00edmpico. Por esse motivo, Flaco L\u00f3pez deve ser o titular no confronto com o S\u00e3o Paulo.\u00a0<\/span><span data-ccp-props=\"{&quot;201341983&quot;:0,&quot;335551550&quot;:6,&quot;335551620&quot;:6,&quot;335559739&quot;:200,&quot;335559740&quot;:276}\">\u00a0<\/span><\/p>\n<p><span data-contrast=\"auto\">Na \u00faltima rodada, contra o Bragantino, Abel poupou os titulares e deu ind\u00edcios de como o seu time pode vir escalado no cl\u00e1ssico.\u00a0<\/span><span data-ccp-props=\"{&quot;201341983&quot;:0,&quot;335551550&quot;:6,&quot;335551620&quot;:6,&quot;335559739&quot;:200,&quot;335559740&quot;:276}\">\u00a0<\/span><\/p>\n<p><span data-contrast=\"auto\">O Palmeiras pode vir escalado da seguinte maneira: Weverton, Marcos Rocha, Murilo, Gustavo G\u00f3mez e Piquerez; Mayke, Z\u00e9 Rafael, Richard R\u00edos e Raphael Veiga; Rony e Flaco L\u00f3pez.<\/span><span data-ccp-props=\"{&quot;201341983&quot;:0,&quot;335551550&quot;:6,&quot;335551620&quot;:6,&quot;335559739&quot;:200,&quot;335559740&quot;:276}\">\u00a0<\/span><\/p>\n<p><b><span data-contrast=\"auto\">Novidades na arbitragem\u00a0<\/span><\/b><span data-ccp-props=\"{&quot;201341983&quot;:0,&quot;335551550&quot;:6,&quot;335551620&quot;:6,&quot;335559739&quot;:200,&quot;335559740&quot;:276}\">\u00a0<\/span><\/p>\n<p><span data-contrast=\"auto\">A CBF vai estrear na Supercopa Rei o recurso de an\u00fancio das decis\u00f5es revisadas pelo VAR. Ou seja, a arbitragem \u2013 conduzida pelo \u00e1rbitro Br\u00e1ulio da Silva Machado \u2013 se comunicar\u00e1 com o p\u00fablico do Mineir\u00e3o.\u00a0<\/span><span data-ccp-props=\"{&quot;201341983&quot;:0,&quot;335551550&quot;:6,&quot;335551620&quot;:6,&quot;335559739&quot;:200,&quot;335559740&quot;:276}\">\u00a0<\/span><\/p>\n<p><span data-contrast=\"auto\">A Comiss\u00e3o de Arbitragem da CBF fez treinamentos com os \u00e1rbitros brasileiros e esperava a aprova\u00e7\u00e3o da Fifa para utilizar o recurso.<\/span><span data-ccp-props=\"{&quot;201341983&quot;:0,&quot;335551550&quot;:6,&quot;335551620&quot;:6,&quot;335559739&quot;:200,&quot;335559740&quot;:276}\">\u00a0<\/span><\/p>\n<p><span data-contrast=\"auto\">A comunica\u00e7\u00e3o das decis\u00f5es chegou a ser testada recentemente no Mundial de Clubes da Fifa e tamb\u00e9m na Copa do Mundo Feminina de 2023. O plano da Comiss\u00e3o da CBF \u00e9 adotar a medida na S\u00e9rie A do Brasileiro e na Copa do Brasil.<\/span><span data-ccp-props=\"{&quot;201341983&quot;:0,&quot;335551550&quot;:6,&quot;335551620&quot;:6,&quot;335559739&quot;:200,&quot;335559740&quot;:276}\">\u00a0<\/span><\/p>\n<p>\u00a0<\/p>\n<\/div>\n<p><script async src=\"\/\/platform.twitter.com\/widgets.js\" charset=\"utf-8\"><\/script><br \/>\n<br \/><br \/>\n<br \/><a href=\"https:\/\/www.tribunaribeirao.com.br\/site\/372551-2\/\">Source link <\/a><\/p>\n<div class='code-block code-block-4' style='margin: 8px auto 8px 0; text-align: left; display: block; clear: both;'>\n\ud83d\udce2 Aviso Legal\n\nO site ismaelcolosi.com.br atua apenas como um canal de divulga\u00e7\u00e3o de oportunidades de emprego e n\u00e3o se responsabiliza pelo processo seletivo, contrata\u00e7\u00e3o ou qualquer outra etapa relacionada \u00e0s vagas publicadas. Todas as informa\u00e7\u00f5es s\u00e3o de responsabilidade dos anunciantes.\n\n\u26a0\ufe0f Aten\u00e7\u00e3o! Nunca pague por promessas de emprego nem compre cursos que garantam contrata\u00e7\u00e3o. Desconfie de qualquer cobran\u00e7a para participar de sele\u00e7\u00f5es.\n\n\n\n<\/div>\n<!-- CONTENT END 1 -->\n","protected":false},"excerpt":{"rendered":"<p>4 de fevereiro de 2024 | 11:304 de fevereiro de 2024 | 11:21 0 S\u00e3o Paulo e Palmeiras est\u00e3o prontos para decidir a Supercopa do&#8230;<\/p>\n","protected":false},"author":1,"featured_media":34924,"comment_status":"open","ping_status":"open","sticky":false,"template":"","format":"standard","meta":{"_uag_custom_page_level_css":"","advanced_seo_description":"","jetpack_seo_html_title":"","jetpack_seo_noindex":false,"jetpack_post_was_ever_published":false,"_jetpack_newsletter_access":"","_jetpack_dont_email_post_to_subs":false,"_jetpack_newsletter_tier_id":0,"_jetpack_memberships_contains_paywalled_content":false,"_jetpack_memberships_contains_paid_content":false,"footnotes":"","jetpack_publicize_message":"","jetpack_publicize_feature_enabled":true,"jetpack_social_post_already_shared":true,"jetpack_social_options":{"image_generator_settings":{"template":"highway","default_image_id":0,"font":"","enabled":false},"version":2}},"categories":[11],"tags":[137,4060,459,161,50,3572],"class_list":["post-34923","post","type-post","status-publish","format-standard","has-post-thumbnail","hentry","category-noticias-de-ribeirao-preto-sp-e-regiao-ismael-colosi","tag-brasil","tag-decidem","tag-palmeiras","tag-paulo","tag-sao","tag-supercopa"],"jetpack_publicize_connections":[],"jetpack_featured_media_url":"https:\/\/i0.wp.com\/ismaelcolosi.com.br\/wp-content\/uploads\/2024\/02\/Supercopa-scaled.jpg?fit=717%2C645&ssl=1","uagb_featured_image_src":{"full":["https:\/\/i0.wp.com\/ismaelcolosi.com.br\/wp-content\/uploads\/2024\/02\/Supercopa-scaled.jpg?fit=717%2C645&ssl=1",717,645,false],"thumbnail":["https:\/\/i0.wp.com\/ismaelcolosi.com.br\/wp-content\/uploads\/2024\/02\/Supercopa-scaled.jpg?resize=150%2C150&ssl=1",150,150,true],"medium":["https:\/\/i0.wp.com\/ismaelcolosi.com.br\/wp-content\/uploads\/2024\/02\/Supercopa-scaled.jpg?fit=300%2C270&ssl=1",300,270,true],"medium_large":["https:\/\/i0.wp.com\/ismaelcolosi.com.br\/wp-content\/uploads\/2024\/02\/Supercopa-scaled.jpg?fit=717%2C645&ssl=1",717,645,true],"large":["https:\/\/i0.wp.com\/ismaelcolosi.com.br\/wp-content\/uploads\/2024\/02\/Supercopa-scaled.jpg?fit=717%2C645&ssl=1",717,645,true],"1536x1536":["https:\/\/i0.wp.com\/ismaelcolosi.com.br\/wp-content\/uploads\/2024\/02\/Supercopa-scaled.jpg?fit=717%2C645&ssl=1",717,645,true],"2048x2048":["https:\/\/i0.wp.com\/ismaelcolosi.com.br\/wp-content\/uploads\/2024\/02\/Supercopa-scaled.jpg?fit=717%2C645&ssl=1",717,645,true],"really-simple-thumb":["https:\/\/i0.wp.com\/ismaelcolosi.com.br\/wp-content\/uploads\/2024\/02\/Supercopa-scaled.jpg?resize=370%2C247&ssl=1",370,247,true]},"uagb_author_info":{"display_name":"ismaelcolosi.com.br","author_link":"https:\/\/ismaelcolosi.com.br\/index.php\/author\/vidareal-online\/"},"uagb_comment_info":0,"uagb_excerpt":"4 de fevereiro de 2024 | 11:304 de fevereiro de 2024 | 11:21 0 S\u00e3o Paulo e Palmeiras est\u00e3o prontos para decidir a Supercopa do...","jetpack-related-posts":[{"id":31370,"url":"https:\/\/ismaelcolosi.com.br\/index.php\/2024\/01\/22\/top-10-times-com-mais-titulos-no-brasil-em-competicoes-nacionais\/","url_meta":{"origin":34923,"position":0},"title":"Top 10 times com mais t\u00edtulos no Brasil em competi\u00e7\u00f5es nacionais","author":"ismaelcolosi.com.br","date":"22 de January de 2024","format":false,"excerpt":"O top 10 times com mais t\u00edtulos no Brasil, inclui os clubes que se sagraram campe\u00f5es das competi\u00e7\u00f5es nacionais realizadas pela antiga CBD e posteriormente pela Confedera\u00e7\u00e3o Brasileira de Futebol(CBF). E nesta lista, n\u00f3s n\u00e3o inclu\u00edmos as divis\u00f5es inferiores como por exemplo a s\u00e9rie B do Brasileir\u00e3o. Como crit\u00e9rios de\u2026","rel":"","context":"In &quot;Blog&quot;","block_context":{"text":"Blog","link":"https:\/\/ismaelcolosi.com.br\/index.php\/category\/blog\/"},"img":{"alt_text":"","src":"https:\/\/i0.wp.com\/ismaelcolosi.com.br\/wp-content\/uploads\/2024\/01\/Times-com-mais-titulos-no-Brasil.jpg?fit=1200%2C780&ssl=1&resize=350%2C200","width":350,"height":200,"srcset":"https:\/\/i0.wp.com\/ismaelcolosi.com.br\/wp-content\/uploads\/2024\/01\/Times-com-mais-titulos-no-Brasil.jpg?fit=1200%2C780&ssl=1&resize=350%2C200 1x, https:\/\/i0.wp.com\/ismaelcolosi.com.br\/wp-content\/uploads\/2024\/01\/Times-com-mais-titulos-no-Brasil.jpg?fit=1200%2C780&ssl=1&resize=525%2C300 1.5x, https:\/\/i0.wp.com\/ismaelcolosi.com.br\/wp-content\/uploads\/2024\/01\/Times-com-mais-titulos-no-Brasil.jpg?fit=1200%2C780&ssl=1&resize=700%2C400 2x, https:\/\/i0.wp.com\/ismaelcolosi.com.br\/wp-content\/uploads\/2024\/01\/Times-com-mais-titulos-no-Brasil.jpg?fit=1200%2C780&ssl=1&resize=1050%2C600 3x"},"classes":[]},{"id":48448,"url":"https:\/\/ismaelcolosi.com.br\/index.php\/2024\/05\/02\/palmeiras-marca-no-ultimo-lance-e-sai-na-frente-do-botafogo-pela-copa-do-brasil\/","url_meta":{"origin":34923,"position":1},"title":"Palmeiras marca no \u00faltimo lance e sai na frente do Botafogo pela Copa do Brasil","author":"ismaelcolosi.com.br","date":"2 de May de 2024","format":false,"excerpt":"O Palmeiras derrotou o Botafogo por 2 a 1 na noite desta quinta-feira (2), em partida v\u00e1lida pela terceira fase da Copa do Brasil. As equipes se enfrentaram no Allianz Parque, em S\u00e3o Paulo, no jogo de ida do confronto. No primeiro tempo, a equipe de Ribeir\u00e3o Preto desperdi\u00e7ou duas\u2026","rel":"","context":"In &quot;Not\u00edcias de Ribeir\u00e3o Preto-SP e Regi\u00e3o&quot;","block_context":{"text":"Not\u00edcias de Ribeir\u00e3o Preto-SP e Regi\u00e3o","link":"https:\/\/ismaelcolosi.com.br\/index.php\/category\/noticias-de-ribeirao-preto-sp-e-regiao-ismael-colosi\/"},"img":{"alt_text":"","src":"https:\/\/i0.wp.com\/ismaelcolosi.com.br\/wp-content\/uploads\/2024\/05\/palmeiras-botafogo_2024-05-03_01-55-36_jpg_2024-05-03_01-55-36.webp.webp?fit=1200%2C675&ssl=1&resize=350%2C200","width":350,"height":200,"srcset":"https:\/\/i0.wp.com\/ismaelcolosi.com.br\/wp-content\/uploads\/2024\/05\/palmeiras-botafogo_2024-05-03_01-55-36_jpg_2024-05-03_01-55-36.webp.webp?fit=1200%2C675&ssl=1&resize=350%2C200 1x, https:\/\/i0.wp.com\/ismaelcolosi.com.br\/wp-content\/uploads\/2024\/05\/palmeiras-botafogo_2024-05-03_01-55-36_jpg_2024-05-03_01-55-36.webp.webp?fit=1200%2C675&ssl=1&resize=525%2C300 1.5x, https:\/\/i0.wp.com\/ismaelcolosi.com.br\/wp-content\/uploads\/2024\/05\/palmeiras-botafogo_2024-05-03_01-55-36_jpg_2024-05-03_01-55-36.webp.webp?fit=1200%2C675&ssl=1&resize=700%2C400 2x, https:\/\/i0.wp.com\/ismaelcolosi.com.br\/wp-content\/uploads\/2024\/05\/palmeiras-botafogo_2024-05-03_01-55-36_jpg_2024-05-03_01-55-36.webp.webp?fit=1200%2C675&ssl=1&resize=1050%2C600 3x"},"classes":[]},{"id":31125,"url":"https:\/\/ismaelcolosi.com.br\/index.php\/2024\/01\/21\/top-10-escudos-de-times-do-brasileirao-2024-mais-bonitos\/","url_meta":{"origin":34923,"position":2},"title":"Top 10 escudos de times do Brasileir\u00e3o 2024 (mais bonitos)","author":"ismaelcolosi.com.br","date":"21 de January de 2024","format":false,"excerpt":"Voc\u00ea sabe quais os escudos de times mais bonitos do Brasileir\u00e3o? Confira a lista dos 10 escudos de times da S\u00e9rie A do Brasileir\u00e3o 2024. Confira o top 10 escudos de times do Brasil e escolha o seu predileto. Veja Listas e rankings sobre times de futebol no Top 10\u2026","rel":"","context":"In &quot;Blog&quot;","block_context":{"text":"Blog","link":"https:\/\/ismaelcolosi.com.br\/index.php\/category\/blog\/"},"img":{"alt_text":"","src":"https:\/\/i0.wp.com\/ismaelcolosi.com.br\/wp-content\/uploads\/2024\/01\/top-10-escudos-de-times-do-brasileirao.jpg?fit=1200%2C630&ssl=1&resize=350%2C200","width":350,"height":200,"srcset":"https:\/\/i0.wp.com\/ismaelcolosi.com.br\/wp-content\/uploads\/2024\/01\/top-10-escudos-de-times-do-brasileirao.jpg?fit=1200%2C630&ssl=1&resize=350%2C200 1x, https:\/\/i0.wp.com\/ismaelcolosi.com.br\/wp-content\/uploads\/2024\/01\/top-10-escudos-de-times-do-brasileirao.jpg?fit=1200%2C630&ssl=1&resize=525%2C300 1.5x, https:\/\/i0.wp.com\/ismaelcolosi.com.br\/wp-content\/uploads\/2024\/01\/top-10-escudos-de-times-do-brasileirao.jpg?fit=1200%2C630&ssl=1&resize=700%2C400 2x, https:\/\/i0.wp.com\/ismaelcolosi.com.br\/wp-content\/uploads\/2024\/01\/top-10-escudos-de-times-do-brasileirao.jpg?fit=1200%2C630&ssl=1&resize=1050%2C600 3x"},"classes":[]},{"id":51213,"url":"https:\/\/ismaelcolosi.com.br\/index.php\/2024\/05\/24\/botafogo-empata-com-o-palmeiras-e-esta-eliminado-da-copa-do-brasil\/","url_meta":{"origin":34923,"position":3},"title":"Botafogo empata com o Palmeiras e est\u00e1 eliminado da Copa do Brasil","author":"ismaelcolosi.com.br","date":"24 de May de 2024","format":false,"excerpt":"O Botafogo empatou em 0 a 0 com o Palmeiras, na noite desta quinta-feira (23), pelo jogo de volta da Copa do Brasil, no est\u00e1dio Santa Cruz Arena Nicnet, em Ribeir\u00e3o Preto. Com o resultado, o Verd\u00e3o garantiu sua vaga nas oitavas de final pelo placar acumulado e o Tricolor\u2026","rel":"","context":"In &quot;Not\u00edcias de Ribeir\u00e3o Preto-SP e Regi\u00e3o&quot;","block_context":{"text":"Not\u00edcias de Ribeir\u00e3o Preto-SP e Regi\u00e3o","link":"https:\/\/ismaelcolosi.com.br\/index.php\/category\/noticias-de-ribeirao-preto-sp-e-regiao-ismael-colosi\/"},"img":{"alt_text":"","src":"https:\/\/i0.wp.com\/ismaelcolosi.com.br\/wp-content\/uploads\/2024\/05\/WhatsApp-Image-2024-05-23-at-19.54.14_2024-05-24_00-11-55_jpeg_2024-05-24_00-11-55.webp.webp?fit=1200%2C800&ssl=1&resize=350%2C200","width":350,"height":200,"srcset":"https:\/\/i0.wp.com\/ismaelcolosi.com.br\/wp-content\/uploads\/2024\/05\/WhatsApp-Image-2024-05-23-at-19.54.14_2024-05-24_00-11-55_jpeg_2024-05-24_00-11-55.webp.webp?fit=1200%2C800&ssl=1&resize=350%2C200 1x, https:\/\/i0.wp.com\/ismaelcolosi.com.br\/wp-content\/uploads\/2024\/05\/WhatsApp-Image-2024-05-23-at-19.54.14_2024-05-24_00-11-55_jpeg_2024-05-24_00-11-55.webp.webp?fit=1200%2C800&ssl=1&resize=525%2C300 1.5x, https:\/\/i0.wp.com\/ismaelcolosi.com.br\/wp-content\/uploads\/2024\/05\/WhatsApp-Image-2024-05-23-at-19.54.14_2024-05-24_00-11-55_jpeg_2024-05-24_00-11-55.webp.webp?fit=1200%2C800&ssl=1&resize=700%2C400 2x, https:\/\/i0.wp.com\/ismaelcolosi.com.br\/wp-content\/uploads\/2024\/05\/WhatsApp-Image-2024-05-23-at-19.54.14_2024-05-24_00-11-55_jpeg_2024-05-24_00-11-55.webp.webp?fit=1200%2C800&ssl=1&resize=1050%2C600 3x"},"classes":[]},{"id":2803,"url":"https:\/\/ismaelcolosi.com.br\/index.php\/2023\/11\/16\/botafogo-vai-ficar-com-a-vaga-do-santos-na-copa-do-brasil-entenda\/","url_meta":{"origin":34923,"position":4},"title":"Botafogo vai ficar com a vaga do Santos na Copa do Brasil? Entenda","author":"ismaelcolosi.com.br","date":"16 de November de 2023","format":false,"excerpt":"O Santos, um dos clubes mais tradicionais do futebol mundial, tem poucas chances de conseguir uma vaga na Copa do Brasil de 2024. J\u00e1 o Botafogo de Ribeir\u00e3o Preto torce para o Red Bull Bragantino sacramentar a vaga na Copa Libertadores de 2024, para conquistar uma das 92 vagas na\u2026","rel":"","context":"In &quot;Not\u00edcias de Ribeir\u00e3o Preto-SP e Regi\u00e3o&quot;","block_context":{"text":"Not\u00edcias de Ribeir\u00e3o Preto-SP e Regi\u00e3o","link":"https:\/\/ismaelcolosi.com.br\/index.php\/category\/noticias-de-ribeirao-preto-sp-e-regiao-ismael-colosi\/"},"img":{"alt_text":"","src":"https:\/\/i0.wp.com\/ismaelcolosi.com.br\/wp-content\/uploads\/2023\/11\/SANTOS.jpeg?fit=1200%2C960&ssl=1&resize=350%2C200","width":350,"height":200,"srcset":"https:\/\/i0.wp.com\/ismaelcolosi.com.br\/wp-content\/uploads\/2023\/11\/SANTOS.jpeg?fit=1200%2C960&ssl=1&resize=350%2C200 1x, https:\/\/i0.wp.com\/ismaelcolosi.com.br\/wp-content\/uploads\/2023\/11\/SANTOS.jpeg?fit=1200%2C960&ssl=1&resize=525%2C300 1.5x, https:\/\/i0.wp.com\/ismaelcolosi.com.br\/wp-content\/uploads\/2023\/11\/SANTOS.jpeg?fit=1200%2C960&ssl=1&resize=700%2C400 2x, https:\/\/i0.wp.com\/ismaelcolosi.com.br\/wp-content\/uploads\/2023\/11\/SANTOS.jpeg?fit=1200%2C960&ssl=1&resize=1050%2C600 3x"},"classes":[]},{"id":13563,"url":"https:\/\/ismaelcolosi.com.br\/index.php\/2023\/12\/10\/suarez-e-aline-gomes-ganham-bola-de-ouro-do-campeonato-brasileiro\/","url_meta":{"origin":34923,"position":5},"title":"Su\u00e1rez e Aline Gomes ganham Bola de Ouro do Campeonato Brasileiro \u2013 Folha de Ribeir\u00e3o","author":"ismaelcolosi.com.br","date":"10 de December de 2023","format":false,"excerpt":"A mais tradicional \u2013 e a maior \u2013 premia\u00e7\u00e3o do futebol nacional, a\u00a0ESPN Bola de Prata Sportingbet, elegeu hoje (7), em S\u00e3o Paulo, os melhores jogadores e as melhores jogadoras do Campeonato Brasileiro. E os premiados com a Bola de Ouro foram Aline Gomes, da Ferrovi\u00e1ria, e Lu\u00eds Su\u00e1rez (foto),\u2026","rel":"","context":"In &quot;Not\u00edcias de Ribeir\u00e3o Preto-SP e Regi\u00e3o&quot;","block_context":{"text":"Not\u00edcias de Ribeir\u00e3o Preto-SP e Regi\u00e3o","link":"https:\/\/ismaelcolosi.com.br\/index.php\/category\/noticias-de-ribeirao-preto-sp-e-regiao-ismael-colosi\/"},"img":{"alt_text":"","src":"","width":0,"height":0},"classes":[]}],"jetpack_sharing_enabled":true,"jetpack_shortlink":"https:\/\/wp.me\/pfMlyK-95h","_links":{"self":[{"href":"https:\/\/ismaelcolosi.com.br\/index.php\/wp-json\/wp\/v2\/posts\/34923","targetHints":{"allow":["GET"]}}],"collection":[{"href":"https:\/\/ismaelcolosi.com.br\/index.php\/wp-json\/wp\/v2\/posts"}],"about":[{"href":"https:\/\/ismaelcolosi.com.br\/index.php\/wp-json\/wp\/v2\/types\/post"}],"author":[{"embeddable":true,"href":"https:\/\/ismaelcolosi.com.br\/index.php\/wp-json\/wp\/v2\/users\/1"}],"replies":[{"embeddable":true,"href":"https:\/\/ismaelcolosi.com.br\/index.php\/wp-json\/wp\/v2\/comments?post=34923"}],"version-history":[{"count":0,"href":"https:\/\/ismaelcolosi.com.br\/index.php\/wp-json\/wp\/v2\/posts\/34923\/revisions"}],"wp:featuredmedia":[{"embeddable":true,"href":"https:\/\/ismaelcolosi.com.br\/index.php\/wp-json\/wp\/v2\/media\/34924"}],"wp:attachment":[{"href":"https:\/\/ismaelcolosi.com.br\/index.php\/wp-json\/wp\/v2\/media?parent=34923"}],"wp:term":[{"taxonomy":"category","embeddable":true,"href":"https:\/\/ismaelcolosi.com.br\/index.php\/wp-json\/wp\/v2\/categories?post=34923"},{"taxonomy":"post_tag","embeddable":true,"href":"https:\/\/ismaelcolosi.com.br\/index.php\/wp-json\/wp\/v2\/tags?post=34923"}],"curies":[{"name":"wp","href":"https:\/\/api.w.org\/{rel}","templated":true}]}}