{"id":34909,"date":"2024-02-04T12:15:54","date_gmt":"2024-02-04T15:15:54","guid":{"rendered":"https:\/\/ismaelcolosi.com.br\/index.php\/2024\/02\/04\/botafogo-visita-o-ituano-pelo-paulistao\/"},"modified":"2024-02-04T12:15:54","modified_gmt":"2024-02-04T15:15:54","slug":"botafogo-visita-o-ituano-pelo-paulistao","status":"publish","type":"post","link":"https:\/\/ismaelcolosi.com.br\/index.php\/2024\/02\/04\/botafogo-visita-o-ituano-pelo-paulistao\/","title":{"rendered":"Botafogo visita o Ituano pelo Paulist\u00e3o\u00a0\u00a0"},"content":{"rendered":"<p> <br \/>\n<\/p>\n<div>\n<p><span data-contrast=\"auto\">Embalado no Paulist\u00e3o, o Botafogo visita neste domingo o Ituano. A partida \u00e9 v\u00e1lida pela 5\u00aa rodada da competi\u00e7\u00e3o e est\u00e1 marcada para as 18h, no est\u00e1dio Novelli J\u00fanior, em Itu.\u00a0<\/span><span data-ccp-props=\"{&quot;201341983&quot;:0,&quot;335551550&quot;:6,&quot;335551620&quot;:6,&quot;335559739&quot;:200,&quot;335559740&quot;:276}\">\u00a0<\/span><\/p>\n<p><span data-contrast=\"auto\">Para a partida, o t\u00e9cnico Paulo Gomes tem alguns problemas, come\u00e7ando por ele, que est\u00e1 suspenso por ter sido expulso contra o Santo Andr\u00e9. Alexandro Faganello, auxiliar, deve ficar no banco.\u00a0<\/span><span data-ccp-props=\"{&quot;201341983&quot;:0,&quot;335551550&quot;:6,&quot;335551620&quot;:6,&quot;335559739&quot;:200,&quot;335559740&quot;:276}\">\u00a0<\/span><\/p><div class='code-block code-block-8' style='margin: 8px auto; text-align: center; display: block; clear: both;'>\n<script>\n  atOptions = {\n    'key' : '66e2e2111ca34da796271819fc334058',\n    'format' : 'iframe',\n    'height' : 250,\n    'width' : 300,\n    'params' : {}\n  };\n<\/script>\n<script src=\"https:\/\/www.highperformanceformat.com\/66e2e2111ca34da796271819fc334058\/invoke.js\"><\/script>\n<\/div>\n\n<p><span data-contrast=\"auto\">O atacante Leandro Pereira tamb\u00e9m est\u00e1 fora da partida. Ele saiu do \u00faltimo com muitas dores musculares e n\u00e3o vai ter condi\u00e7\u00f5es de atuar. O clube ainda n\u00e3o falou sobre a les\u00e3o do atleta.\u00a0<\/span><span data-ccp-props=\"{&quot;201341983&quot;:0,&quot;335551550&quot;:6,&quot;335551620&quot;:6,&quot;335559739&quot;:200,&quot;335559740&quot;:276}\">\u00a0<\/span><\/p>\n<p><span data-contrast=\"auto\">Al\u00e9m dele, F\u00e1bio Sanches, que tamb\u00e9m foi expulso, \u00e9 outro que est\u00e1 fora da partida. Por isso, o Pantera deve ter mais uma escala\u00e7\u00e3o in\u00e9dita na competi\u00e7\u00e3o.\u00a0<\/span><span data-ccp-props=\"{&quot;201341983&quot;:0,&quot;335551550&quot;:6,&quot;335551620&quot;:6,&quot;335559739&quot;:200,&quot;335559740&quot;:276}\">\u00a0<\/span><\/p>\n<p><span data-contrast=\"auto\">Para a vaga de Pereira, n\u00e3o deve ter muito mist\u00e9rio. Tor\u00f3 ou Emerson Negueba v\u00e3o come\u00e7ar jogando. Se optar por Negueba, Alex Sandro ser\u00e1 colocado como refer\u00eancia na \u00e1rea.\u00a0<\/span><span data-ccp-props=\"{&quot;201341983&quot;:0,&quot;335551550&quot;:6,&quot;335551620&quot;:6,&quot;335559739&quot;:200,&quot;335559740&quot;:276}\">\u00a0<\/span><\/p>\n<p><span data-contrast=\"auto\">Caso escolha Tor\u00f3, podemos esperar mais movimenta\u00e7\u00e3o e troca de posi\u00e7\u00e3o entre os dois jogadores, assim como j\u00e1 funcionou contra o Santo Andr\u00e9.\u00a0<\/span><span data-ccp-props=\"{&quot;201341983&quot;:0,&quot;335551550&quot;:6,&quot;335551620&quot;:6,&quot;335559739&quot;:200,&quot;335559740&quot;:276}\">\u00a0<\/span><\/p>\n<p><span data-contrast=\"auto\">Na defesa, \u00e9 dif\u00edcil imaginar que o sistema com tr\u00eas zagueiros seja deixado de lado. Ele tem funcionado e o Botafogo sofreu apenas dois gols na competi\u00e7\u00e3o. a substitui\u00e7\u00e3o mais \u00f3bvia \u00e9 a entrada de Ericson no time.<\/span><span data-ccp-props=\"{&quot;201341983&quot;:0,&quot;335551550&quot;:6,&quot;335551620&quot;:6,&quot;335559739&quot;:200,&quot;335559740&quot;:276}\">\u00a0<\/span><\/p>\n<p><span data-contrast=\"auto\">Nas demais posi\u00e7\u00f5es o time deve ser o mesmo. A tend\u00eancia \u00e9 que o Pantera comece com a seguinte escala\u00e7\u00e3o: Jo\u00e3o Carlos; Lucas Dias, Ericson e Bernardo Schappo; Wallison, Matheus Barbosa, Leandro Maciel e Jean Victor; Alex Sandro, Tor\u00f3 e Douglas Baggio.\u00a0<\/span><span data-ccp-props=\"{&quot;201341983&quot;:0,&quot;335551550&quot;:6,&quot;335551620&quot;:6,&quot;335559739&quot;:200,&quot;335559740&quot;:276}\">\u00a0<\/span><\/p>\n<p><b><span data-contrast=\"auto\">Ituano\u00a0<\/span><\/b><span data-ccp-props=\"{&quot;201341983&quot;:0,&quot;335551550&quot;:6,&quot;335551620&quot;:6,&quot;335559739&quot;:200,&quot;335559740&quot;:276}\">\u00a0<\/span><\/p>\n<p><span data-contrast=\"auto\">O advers\u00e1rio da vez do Pantera \u00e9 o Ituano, que n\u00e3o vive grande fase na competi\u00e7\u00e3o. At\u00e9 aqui, em quatro jogos, s\u00e3o tr\u00eas derrotas e uma vit\u00f3ria. O triunfo foi diante do Corinthians. O time, inclusive, vem de duas derrotas seguidas para Guarani e Novorizontino. O time de Itu marcou apenas um gol e levou sete.\u00a0<\/span><span data-ccp-props=\"{&quot;201341983&quot;:0,&quot;335551550&quot;:6,&quot;335551620&quot;:6,&quot;335559739&quot;:200,&quot;335559740&quot;:276}\">\u00a0<\/span><\/p>\n<p><b><span data-contrast=\"auto\">Hist\u00f3rico do confronto\u00a0<\/span><\/b><span data-ccp-props=\"{&quot;201341983&quot;:0,&quot;335551550&quot;:6,&quot;335551620&quot;:6,&quot;335559739&quot;:200,&quot;335559740&quot;:276}\">\u00a0<\/span><\/p>\n<p><span data-contrast=\"auto\">O Ituano tem sido pedra no sapato do Botafogo nos \u00faltimos anos. Nos \u00faltimos cinco encontros, foram tr\u00eas vit\u00f3rias do Ituano e dois empates.\u00a0<\/span><span data-ccp-props=\"{&quot;201341983&quot;:0,&quot;335551550&quot;:6,&quot;335551620&quot;:6,&quot;335559739&quot;:200,&quot;335559740&quot;:276}\">\u00a0<\/span><\/p>\n<p><span data-contrast=\"auto\">A \u00faltima vit\u00f3ria Tricolor foi pela S\u00e9rie C de 2021. Na ocasi\u00e3o o Pantera venceu por 2 a 1, gols de Neto Pessoa e Walter. Curiosidade deste dia \u00e9 que os zagueiros Bernardo Schappo e Lucas Dias estavam no jogo, defendendo o Ituano.\u00a0<\/span><span data-ccp-props=\"{&quot;201341983&quot;:0,&quot;335551550&quot;:6,&quot;335551620&quot;:6,&quot;335559739&quot;:200,&quot;335559740&quot;:276}\">\u00a0<\/span><\/p>\n<p><span data-contrast=\"auto\">Apesar da vantagem neste recorte recente, o Botafogo leva ligeira vantagem no contexto total dos jogos. S\u00e3o 33 confrontos, com 11 vit\u00f3rias do Botafogo, 10 vit\u00f3rias do Ituano e outros 12 empates.\u00a0<\/span><span data-ccp-props=\"{&quot;201341983&quot;:0,&quot;335551550&quot;:6,&quot;335551620&quot;:6,&quot;335559739&quot;:200,&quot;335559740&quot;:276}\">\u00a0<\/span><\/p>\n<p><span data-contrast=\"auto\">Escala\u00e7\u00e3o Botafogo: Jo\u00e3o Carlos; Lucas Dias, Ericson e Bernardo Schappo; Wallison, Matheus Barbosa, Leandro Maciel e Jean Victor; Alex Sandro, Tor\u00f3 e Douglas Baggio. T\u00e9cnico: Alexandre Faganello (Auxiliar).\u00a0<\/span><span data-ccp-props=\"{&quot;201341983&quot;:0,&quot;335551550&quot;:6,&quot;335551620&quot;:6,&quot;335559739&quot;:200,&quot;335559740&quot;:276}\">\u00a0<\/span><\/p>\n<p><span data-contrast=\"auto\">Escala\u00e7\u00e3o Ituano: Jefferson Paulino; L\u00e9o Duarte, Claudinho, Marcel e Kauan Richard; Jos\u00e9 Aldo, Yann Rolim, Eduardo Person; Thonny Anderson, Pablo Diogo e Salatiel. T\u00e9cnico: Marcinho.\u00a0<\/span><span data-ccp-props=\"{&quot;201341983&quot;:0,&quot;335551550&quot;:6,&quot;335551620&quot;:6,&quot;335559739&quot;:200,&quot;335559740&quot;:276}\">\u00a0<\/span><\/p>\n<p><span data-contrast=\"auto\">Data: 04\/02<\/span><span data-ccp-props=\"{&quot;201341983&quot;:0,&quot;335551550&quot;:6,&quot;335551620&quot;:6,&quot;335559739&quot;:200,&quot;335559740&quot;:276}\">\u00a0<\/span><\/p>\n<p><span data-contrast=\"auto\">Hor\u00e1rio: 18h\u00a0<\/span><span data-ccp-props=\"{&quot;201341983&quot;:0,&quot;335551550&quot;:6,&quot;335551620&quot;:6,&quot;335559739&quot;:200,&quot;335559740&quot;:276}\">\u00a0<\/span><\/p>\n<p><span data-contrast=\"auto\">Local: Novelli J\u00fanior\u00a0<\/span><span data-ccp-props=\"{&quot;201341983&quot;:0,&quot;335551550&quot;:6,&quot;335551620&quot;:6,&quot;335559739&quot;:200,&quot;335559740&quot;:276}\">\u00a0<\/span><\/p>\n<p><span data-contrast=\"auto\">\u00c1rbitro: Lucas Canetto Bellote\u00a0<\/span><span data-ccp-props=\"{&quot;201341983&quot;:0,&quot;335551550&quot;:6,&quot;335551620&quot;:6,&quot;335559739&quot;:200,&quot;335559740&quot;:276}\">\u00a0<\/span><\/p>\n<p><span data-contrast=\"auto\">Auxiliares: Alex Ang Ribeiro e Jo\u00e3o Petrucio dos Santos\u00a0<\/span><span data-ccp-props=\"{&quot;201341983&quot;:0,&quot;335551550&quot;:6,&quot;335551620&quot;:6,&quot;335559739&quot;:200,&quot;335559740&quot;:276}\">\u00a0<\/span><\/p>\n<p><span data-contrast=\"auto\">VAR: Rodrigo Guarizo do Amaral\u00a0<\/span><span data-ccp-props=\"{&quot;201341983&quot;:0,&quot;335551550&quot;:6,&quot;335551620&quot;:6,&quot;335559739&quot;:200,&quot;335559740&quot;:276}\">\u00a0<\/span><\/p>\n<p><span data-ccp-props=\"{&quot;201341983&quot;:0,&quot;335551550&quot;:6,&quot;335551620&quot;:6,&quot;335559739&quot;:200,&quot;335559740&quot;:276}\">\u00a0<\/span><\/p>\n<\/div>\n<p><br \/>\n<br \/><a href=\"https:\/\/www.tribunaribeirao.com.br\/site\/botafogo-visita-o-ituano-pelo-paulistao\/\">Source link <\/a><\/p>\n<div class='code-block code-block-4' style='margin: 8px auto 8px 0; text-align: left; display: block; clear: both;'>\n\ud83d\udce2 Aviso Legal\n\nO site ismaelcolosi.com.br atua apenas como um canal de divulga\u00e7\u00e3o de oportunidades de emprego e n\u00e3o se responsabiliza pelo processo seletivo, contrata\u00e7\u00e3o ou qualquer outra etapa relacionada \u00e0s vagas publicadas. Todas as informa\u00e7\u00f5es s\u00e3o de responsabilidade dos anunciantes.\n\n\u26a0\ufe0f Aten\u00e7\u00e3o! Nunca pague por promessas de emprego nem compre cursos que garantam contrata\u00e7\u00e3o. Desconfie de qualquer cobran\u00e7a para participar de sele\u00e7\u00f5es.\n\n\n\n<\/div>\n<!-- CONTENT END 1 -->\n","protected":false},"excerpt":{"rendered":"<p>Embalado no Paulist\u00e3o, o Botafogo visita neste domingo o Ituano. A partida \u00e9 v\u00e1lida pela 5\u00aa rodada da competi\u00e7\u00e3o e est\u00e1 marcada para as 18h,&#8230;<\/p>\n","protected":false},"author":1,"featured_media":34910,"comment_status":"open","ping_status":"open","sticky":false,"template":"","format":"standard","meta":{"_uag_custom_page_level_css":"","advanced_seo_description":"","jetpack_seo_html_title":"","jetpack_seo_noindex":false,"jetpack_post_was_ever_published":false,"_jetpack_newsletter_access":"","_jetpack_dont_email_post_to_subs":false,"_jetpack_newsletter_tier_id":0,"_jetpack_memberships_contains_paywalled_content":false,"_jetpack_memberships_contains_paid_content":false,"footnotes":"","jetpack_publicize_message":"","jetpack_publicize_feature_enabled":true,"jetpack_social_post_already_shared":true,"jetpack_social_options":{"image_generator_settings":{"template":"highway","default_image_id":0,"font":"","enabled":false},"version":2}},"categories":[11],"tags":[52,4059,47,885,473],"class_list":["post-34909","post","type-post","status-publish","format-standard","has-post-thumbnail","hentry","category-noticias-de-ribeirao-preto-sp-e-regiao-ismael-colosi","tag-botafogo","tag-ituano","tag-paulistao","tag-pelo","tag-visita"],"jetpack_publicize_connections":[],"jetpack_featured_media_url":"https:\/\/i0.wp.com\/ismaelcolosi.com.br\/wp-content\/uploads\/2024\/02\/Botafogo-domingo-scaled.jpg?fit=967%2C645&ssl=1","uagb_featured_image_src":{"full":["https:\/\/i0.wp.com\/ismaelcolosi.com.br\/wp-content\/uploads\/2024\/02\/Botafogo-domingo-scaled.jpg?fit=967%2C645&ssl=1",967,645,false],"thumbnail":["https:\/\/i0.wp.com\/ismaelcolosi.com.br\/wp-content\/uploads\/2024\/02\/Botafogo-domingo-scaled.jpg?resize=150%2C150&ssl=1",150,150,true],"medium":["https:\/\/i0.wp.com\/ismaelcolosi.com.br\/wp-content\/uploads\/2024\/02\/Botafogo-domingo-scaled.jpg?fit=300%2C200&ssl=1",300,200,true],"medium_large":["https:\/\/i0.wp.com\/ismaelcolosi.com.br\/wp-content\/uploads\/2024\/02\/Botafogo-domingo-scaled.jpg?fit=768%2C512&ssl=1",768,512,true],"large":["https:\/\/i0.wp.com\/ismaelcolosi.com.br\/wp-content\/uploads\/2024\/02\/Botafogo-domingo-scaled.jpg?fit=967%2C645&ssl=1",967,645,true],"1536x1536":["https:\/\/i0.wp.com\/ismaelcolosi.com.br\/wp-content\/uploads\/2024\/02\/Botafogo-domingo-scaled.jpg?fit=967%2C645&ssl=1",967,645,true],"2048x2048":["https:\/\/i0.wp.com\/ismaelcolosi.com.br\/wp-content\/uploads\/2024\/02\/Botafogo-domingo-scaled.jpg?fit=967%2C645&ssl=1",967,645,true],"really-simple-thumb":["https:\/\/i0.wp.com\/ismaelcolosi.com.br\/wp-content\/uploads\/2024\/02\/Botafogo-domingo-scaled.jpg?resize=370%2C247&ssl=1",370,247,true]},"uagb_author_info":{"display_name":"ismaelcolosi.com.br","author_link":"https:\/\/ismaelcolosi.com.br\/index.php\/author\/vidareal-online\/"},"uagb_comment_info":0,"uagb_excerpt":"Embalado no Paulist\u00e3o, o Botafogo visita neste domingo o Ituano. A partida \u00e9 v\u00e1lida pela 5\u00aa rodada da competi\u00e7\u00e3o e est\u00e1 marcada para as 18h,...","jetpack-related-posts":[{"id":37747,"url":"https:\/\/ismaelcolosi.com.br\/index.php\/2024\/02\/18\/botafogo-visita-o-mirassol-pelo-paulistao\/","url_meta":{"origin":34909,"position":0},"title":"Botafogo visita o Mirassol pelo Paulist\u00e3o\u00a0\u00a0","author":"ismaelcolosi.com.br","date":"18 de February de 2024","format":false,"excerpt":"Vindo de tr\u00eas derrotas consecutivas, o Botafogo tem mais uma oportunidade de voltar a vencer no Paulist\u00e3o. O Tricolor duela com o Mirassol, \u00e0s 18h, no est\u00e1dio Jos\u00e9 Maria de Campos Maia.\u00a0\u00a0Para a partida, o t\u00e9cnico Paulo Gomes tem alguns problemas. O lateral-direito Wallison levou o terceiro amarelo e est\u00e1\u2026","rel":"","context":"In &quot;Not\u00edcias de Ribeir\u00e3o Preto-SP e Regi\u00e3o&quot;","block_context":{"text":"Not\u00edcias de Ribeir\u00e3o Preto-SP e Regi\u00e3o","link":"https:\/\/ismaelcolosi.com.br\/index.php\/category\/noticias-de-ribeirao-preto-sp-e-regiao-ismael-colosi\/"},"img":{"alt_text":"","src":"https:\/\/i0.wp.com\/ismaelcolosi.com.br\/wp-content\/uploads\/2024\/02\/Botafogo-2-13-scaled.jpg?fit=967%2C645&ssl=1&resize=350%2C200","width":350,"height":200,"srcset":"https:\/\/i0.wp.com\/ismaelcolosi.com.br\/wp-content\/uploads\/2024\/02\/Botafogo-2-13-scaled.jpg?fit=967%2C645&ssl=1&resize=350%2C200 1x, https:\/\/i0.wp.com\/ismaelcolosi.com.br\/wp-content\/uploads\/2024\/02\/Botafogo-2-13-scaled.jpg?fit=967%2C645&ssl=1&resize=525%2C300 1.5x, https:\/\/i0.wp.com\/ismaelcolosi.com.br\/wp-content\/uploads\/2024\/02\/Botafogo-2-13-scaled.jpg?fit=967%2C645&ssl=1&resize=700%2C400 2x"},"classes":[]},{"id":12298,"url":"https:\/\/ismaelcolosi.com.br\/index.php\/2023\/12\/07\/botafogo-recebe-santos-e-corinthians-em-ribeirao-preto-no-paulistao-2024\/","url_meta":{"origin":34909,"position":1},"title":"Botafogo recebe Santos e Corinthians em Ribeir\u00e3o Preto no Paulist\u00e3o 2024","author":"ismaelcolosi.com.br","date":"7 de December de 2023","format":false,"excerpt":"A FPF (Federa\u00e7\u00e3o Paulista de Futebol) divulgou nesta quinta-feira (7) a tabela do Campeonato Paulista de 2024. O Botafogo vai receber o Santos e o Corinthians, no est\u00e1dio Santa Cruz, em Ribeir\u00e3o Preto. A partida contra o Peixe est\u00e1 prevista para o dia 21 de janeiro, contudo a federa\u00e7\u00e3o ainda\u2026","rel":"","context":"In &quot;Not\u00edcias de Ribeir\u00e3o Preto-SP e Regi\u00e3o&quot;","block_context":{"text":"Not\u00edcias de Ribeir\u00e3o Preto-SP e Regi\u00e3o","link":"https:\/\/ismaelcolosi.com.br\/index.php\/category\/noticias-de-ribeirao-preto-sp-e-regiao-ismael-colosi\/"},"img":{"alt_text":"","src":"https:\/\/i0.wp.com\/ismaelcolosi.com.br\/wp-content\/uploads\/2023\/12\/santos-botafogo.jpg?fit=1200%2C675&ssl=1&resize=350%2C200","width":350,"height":200,"srcset":"https:\/\/i0.wp.com\/ismaelcolosi.com.br\/wp-content\/uploads\/2023\/12\/santos-botafogo.jpg?fit=1200%2C675&ssl=1&resize=350%2C200 1x, https:\/\/i0.wp.com\/ismaelcolosi.com.br\/wp-content\/uploads\/2023\/12\/santos-botafogo.jpg?fit=1200%2C675&ssl=1&resize=525%2C300 1.5x, https:\/\/i0.wp.com\/ismaelcolosi.com.br\/wp-content\/uploads\/2023\/12\/santos-botafogo.jpg?fit=1200%2C675&ssl=1&resize=700%2C400 2x, https:\/\/i0.wp.com\/ismaelcolosi.com.br\/wp-content\/uploads\/2023\/12\/santos-botafogo.jpg?fit=1200%2C675&ssl=1&resize=1050%2C600 3x"},"classes":[]},{"id":12899,"url":"https:\/\/ismaelcolosi.com.br\/index.php\/2023\/12\/08\/botafogo-encara-o-santos-na-estreia-do-paulistao\/","url_meta":{"origin":34909,"position":2},"title":"Botafogo encara o Santos na estreia do Paulist\u00e3o\u00a0\u00a0","author":"ismaelcolosi.com.br","date":"8 de December de 2023","format":false,"excerpt":"8 de dezembro de 2023 | 17:308 de dezembro de 2023 | 15:19 0O Botafogo estrear\u00e1 em casa no Campeonato Paulista-2024. A tabela foi divulgada oficialmente pela FPF (Federa\u00e7\u00e3o Paulista de Futebol) na tarde desta quinta-feira (7).\u00a0O primeiro advers\u00e1rio do Tricolor ser\u00e1 o Santos. A princ\u00edpio, a partida est\u00e1 marcada\u2026","rel":"","context":"In &quot;Not\u00edcias de Ribeir\u00e3o Preto-SP e Regi\u00e3o&quot;","block_context":{"text":"Not\u00edcias de Ribeir\u00e3o Preto-SP e Regi\u00e3o","link":"https:\/\/ismaelcolosi.com.br\/index.php\/category\/noticias-de-ribeirao-preto-sp-e-regiao-ismael-colosi\/"},"img":{"alt_text":"","src":"https:\/\/i0.wp.com\/ismaelcolosi.com.br\/wp-content\/uploads\/2023\/12\/Botafogo-Paulistao-scaled.jpg?fit=967%2C645&ssl=1&resize=350%2C200","width":350,"height":200,"srcset":"https:\/\/i0.wp.com\/ismaelcolosi.com.br\/wp-content\/uploads\/2023\/12\/Botafogo-Paulistao-scaled.jpg?fit=967%2C645&ssl=1&resize=350%2C200 1x, https:\/\/i0.wp.com\/ismaelcolosi.com.br\/wp-content\/uploads\/2023\/12\/Botafogo-Paulistao-scaled.jpg?fit=967%2C645&ssl=1&resize=525%2C300 1.5x, https:\/\/i0.wp.com\/ismaelcolosi.com.br\/wp-content\/uploads\/2023\/12\/Botafogo-Paulistao-scaled.jpg?fit=967%2C645&ssl=1&resize=700%2C400 2x"},"classes":[]},{"id":34388,"url":"https:\/\/ismaelcolosi.com.br\/index.php\/2024\/02\/01\/botafogo-vence-o-santo-andre-em-casa-com-um-jogador-a-menos-pelo-paulistao\/","url_meta":{"origin":34909,"position":3},"title":"Botafogo vence o Santo Andr\u00e9 em casa com um jogador a menos pelo Paulist\u00e3o","author":"ismaelcolosi.com.br","date":"1 de February de 2024","format":false,"excerpt":"O Botafogo venceu por 1 a 0 o Santo Andr\u00e9, pela quarta rodada do Campeonato Paulista da S\u00e9rie A1. O jogo aconteceu na noite desta quinta-feira (1\u00ba), no est\u00e1dio Santa Cruz Arena Nicnet, em Ribeir\u00e3o Preto. O \u00fanico gol da partida foi feito por Alex Sandro, que abriu o placar\u2026","rel":"","context":"In &quot;Not\u00edcias de Ribeir\u00e3o Preto-SP e Regi\u00e3o&quot;","block_context":{"text":"Not\u00edcias de Ribeir\u00e3o Preto-SP e Regi\u00e3o","link":"https:\/\/ismaelcolosi.com.br\/index.php\/category\/noticias-de-ribeirao-preto-sp-e-regiao-ismael-colosi\/"},"img":{"alt_text":"","src":"https:\/\/i0.wp.com\/ismaelcolosi.com.br\/wp-content\/uploads\/2024\/02\/WhatsApp-Image-2024-02-01-at-20.04.44.jpeg?fit=1200%2C800&ssl=1&resize=350%2C200","width":350,"height":200,"srcset":"https:\/\/i0.wp.com\/ismaelcolosi.com.br\/wp-content\/uploads\/2024\/02\/WhatsApp-Image-2024-02-01-at-20.04.44.jpeg?fit=1200%2C800&ssl=1&resize=350%2C200 1x, https:\/\/i0.wp.com\/ismaelcolosi.com.br\/wp-content\/uploads\/2024\/02\/WhatsApp-Image-2024-02-01-at-20.04.44.jpeg?fit=1200%2C800&ssl=1&resize=525%2C300 1.5x, https:\/\/i0.wp.com\/ismaelcolosi.com.br\/wp-content\/uploads\/2024\/02\/WhatsApp-Image-2024-02-01-at-20.04.44.jpeg?fit=1200%2C800&ssl=1&resize=700%2C400 2x, https:\/\/i0.wp.com\/ismaelcolosi.com.br\/wp-content\/uploads\/2024\/02\/WhatsApp-Image-2024-02-01-at-20.04.44.jpeg?fit=1200%2C800&ssl=1&resize=1050%2C600 3x"},"classes":[]},{"id":35019,"url":"https:\/\/ismaelcolosi.com.br\/index.php\/2024\/02\/04\/botafogo-empata-em-itu\/","url_meta":{"origin":34909,"position":4},"title":"Botafogo empata em Itu &#8211; Jornal Tribuna Ribeir\u00e3o","author":"ismaelcolosi.com.br","date":"4 de February de 2024","format":false,"excerpt":"4 de fevereiro de 2024 | 20:18 0O Botafogo conquistou mais um ponto e segue na luta por uma das duas vagas do Grupo D para a pr\u00f3xima fase do Paulist\u00e3o. Neste domingo, jogando no est\u00e1dio Novelli J\u00fanior, em Itu, o Pantera empatou com o Ituano em 0 a 0,\u2026","rel":"","context":"In &quot;Not\u00edcias de Ribeir\u00e3o Preto-SP e Regi\u00e3o&quot;","block_context":{"text":"Not\u00edcias de Ribeir\u00e3o Preto-SP e Regi\u00e3o","link":"https:\/\/ismaelcolosi.com.br\/index.php\/category\/noticias-de-ribeirao-preto-sp-e-regiao-ismael-colosi\/"},"img":{"alt_text":"","src":"https:\/\/i0.wp.com\/ismaelcolosi.com.br\/wp-content\/uploads\/2024\/02\/botaitu-scaled.jpeg?fit=968%2C645&ssl=1&resize=350%2C200","width":350,"height":200,"srcset":"https:\/\/i0.wp.com\/ismaelcolosi.com.br\/wp-content\/uploads\/2024\/02\/botaitu-scaled.jpeg?fit=968%2C645&ssl=1&resize=350%2C200 1x, https:\/\/i0.wp.com\/ismaelcolosi.com.br\/wp-content\/uploads\/2024\/02\/botaitu-scaled.jpeg?fit=968%2C645&ssl=1&resize=525%2C300 1.5x, https:\/\/i0.wp.com\/ismaelcolosi.com.br\/wp-content\/uploads\/2024\/02\/botaitu-scaled.jpeg?fit=968%2C645&ssl=1&resize=700%2C400 2x"},"classes":[]},{"id":2855,"url":"https:\/\/ismaelcolosi.com.br\/index.php\/2023\/11\/16\/fpf-define-grupos-do-paulistao-2024-veja-quais-sao-os-adversarios-do-botafogo\/","url_meta":{"origin":34909,"position":5},"title":"FPF define grupos do Paulist\u00e3o 2024; Veja quais s\u00e3o os advers\u00e1rios do Botafogo","author":"ismaelcolosi.com.br","date":"16 de November de 2023","format":false,"excerpt":"O Botafogo de Ribeir\u00e3o Preto conheceu, nesta quinta-feira (16), os advers\u00e1rios de seu grupo no Paulist\u00e3o 2024, que v\u00e3o brigar por duas vagas nas quartas de final. A competi\u00e7\u00e3o estreia no dia 21 de janeiro e a final est\u00e1 prevista para acontecer no dia 7 de abril.\u00a0 Ao todo 16\u2026","rel":"","context":"In &quot;Not\u00edcias de Ribeir\u00e3o Preto-SP e Regi\u00e3o&quot;","block_context":{"text":"Not\u00edcias de Ribeir\u00e3o Preto-SP e Regi\u00e3o","link":"https:\/\/ismaelcolosi.com.br\/index.php\/category\/noticias-de-ribeirao-preto-sp-e-regiao-ismael-colosi\/"},"img":{"alt_text":"","src":"https:\/\/i0.wp.com\/ismaelcolosi.com.br\/wp-content\/uploads\/2023\/11\/botafogo_estadio_1024x576_11082020083303.jpg?fit=1024%2C575&ssl=1&resize=350%2C200","width":350,"height":200,"srcset":"https:\/\/i0.wp.com\/ismaelcolosi.com.br\/wp-content\/uploads\/2023\/11\/botafogo_estadio_1024x576_11082020083303.jpg?fit=1024%2C575&ssl=1&resize=350%2C200 1x, https:\/\/i0.wp.com\/ismaelcolosi.com.br\/wp-content\/uploads\/2023\/11\/botafogo_estadio_1024x576_11082020083303.jpg?fit=1024%2C575&ssl=1&resize=525%2C300 1.5x, https:\/\/i0.wp.com\/ismaelcolosi.com.br\/wp-content\/uploads\/2023\/11\/botafogo_estadio_1024x576_11082020083303.jpg?fit=1024%2C575&ssl=1&resize=700%2C400 2x"},"classes":[]}],"jetpack_sharing_enabled":true,"jetpack_shortlink":"https:\/\/wp.me\/pfMlyK-953","_links":{"self":[{"href":"https:\/\/ismaelcolosi.com.br\/index.php\/wp-json\/wp\/v2\/posts\/34909","targetHints":{"allow":["GET"]}}],"collection":[{"href":"https:\/\/ismaelcolosi.com.br\/index.php\/wp-json\/wp\/v2\/posts"}],"about":[{"href":"https:\/\/ismaelcolosi.com.br\/index.php\/wp-json\/wp\/v2\/types\/post"}],"author":[{"embeddable":true,"href":"https:\/\/ismaelcolosi.com.br\/index.php\/wp-json\/wp\/v2\/users\/1"}],"replies":[{"embeddable":true,"href":"https:\/\/ismaelcolosi.com.br\/index.php\/wp-json\/wp\/v2\/comments?post=34909"}],"version-history":[{"count":0,"href":"https:\/\/ismaelcolosi.com.br\/index.php\/wp-json\/wp\/v2\/posts\/34909\/revisions"}],"wp:featuredmedia":[{"embeddable":true,"href":"https:\/\/ismaelcolosi.com.br\/index.php\/wp-json\/wp\/v2\/media\/34910"}],"wp:attachment":[{"href":"https:\/\/ismaelcolosi.com.br\/index.php\/wp-json\/wp\/v2\/media?parent=34909"}],"wp:term":[{"taxonomy":"category","embeddable":true,"href":"https:\/\/ismaelcolosi.com.br\/index.php\/wp-json\/wp\/v2\/categories?post=34909"},{"taxonomy":"post_tag","embeddable":true,"href":"https:\/\/ismaelcolosi.com.br\/index.php\/wp-json\/wp\/v2\/tags?post=34909"}],"curies":[{"name":"wp","href":"https:\/\/api.w.org\/{rel}","templated":true}]}}