{"id":34813,"date":"2024-02-03T15:31:47","date_gmt":"2024-02-03T18:31:47","guid":{"rendered":"https:\/\/ismaelcolosi.com.br\/index.php\/2024\/02\/03\/tunel-imerso-ligara-santos-a-guaruja\/"},"modified":"2024-02-03T15:31:47","modified_gmt":"2024-02-03T18:31:47","slug":"tunel-imerso-ligara-santos-a-guaruja","status":"publish","type":"post","link":"https:\/\/ismaelcolosi.com.br\/index.php\/2024\/02\/03\/tunel-imerso-ligara-santos-a-guaruja\/","title":{"rendered":"T\u00fanel imerso ligar\u00e1 Santos a Guaruj\u00e1\u00a0"},"content":{"rendered":"<p> <br \/>\n<\/p>\n<div id=\"\">\n<p> <span class=\"entry-meta-item penci-posted-on\"><i class=\"fa fa-clock-o\"\/><time class=\"entry-date published\" datetime=\"2024-02-03T15:00:24-03:00\">3 de fevereiro de 2024 | 15:00<\/time><time class=\"updated\" datetime=\"2024-02-02T20:48:36-03:00\">2 de fevereiro de 2024 | 20:48<\/time><\/span><\/p>\n<p> <span class=\"penci-social-buttons penci-social-share-footer\"><a href=\"#\" class=\"penci-post-like penci_post-meta_item  single-like-button penci-social-item like\" data-post_id=\"372463\" title=\"Like\" data-like=\"Like\" data-unlike=\"Unlike\"><i class=\"fa fa-thumbs-o-up\"\/><span class=\"penci-share-number\">0<\/span><\/a><i class=\"fa fa-facebook\"\/><a class=\"penci-social-item twitter\" target=\"_blank\" rel=\"noopener\" title=\"\" href=\"https:\/\/twitter.com\/intent\/tweet?text=T\u00fanel%20imerso%20ligar\u00e1%20Santos%20a%20Guaruj\u00e1\u00a0%20-%20https:\/\/www.tribunaribeirao.com.br\/site\/tunel-imerso-ligara-santos-a-guaruja\/\"><i class=\"fa fa-twitter\"\/><\/a><i class=\"fa fa-whatsapp\"\/><\/span><\/div>\n<div>\n<p><span class=\"TextRun SCXW180596142 BCX0\" lang=\"PT-BR\" xml:lang=\"PT-BR\" data-contrast=\"auto\"><span class=\"NormalTextRun SCXW180596142 BCX0\">O presidente Luiz In\u00e1cio Lula da Silva anunciou, nesta sexta-feir<\/span><span class=\"NormalTextRun SCXW180596142 BCX0\">a, <\/span><span class=\"NormalTextRun SCXW180596142 BCX0\">2<\/span><span class=\"NormalTextRun SCXW180596142 BCX0\"> de fevereiro., <\/span><span class=\"NormalTextRun SCXW180596142 BCX0\">as obras do t\u00fanel imerso que ligar\u00e1 os munic\u00edpios de Santos e Guaruj\u00e1, no litoral de S\u00e3o Paulo. A solenidade tamb\u00e9m ocorreu em comemora\u00e7\u00e3o aos 132 anos do Porto de Santos.<\/span> <span class=\"NormalTextRun SCXW180596142 BCX0\">O empreendimento est\u00e1 inclu\u00eddo entre as obras do Novo Programa de Acelera\u00e7\u00e3o do Crescimento (PAC) e ser\u00e1 resultado de uma parceria p\u00fablico-privada (PPP), com R$ 5,8 bilh\u00f5es em investimentos.<\/span><\/span><span class=\"LineBreakBlob BlobObject DragDrop SCXW180596142 BCX0\"><span class=\"SCXW180596142 BCX0\">\u00a0<\/span><br class=\"SCXW180596142 BCX0\"\/><\/span><span class=\"LineBreakBlob BlobObject DragDrop SCXW180596142 BCX0\"><span class=\"SCXW180596142 BCX0\">\u00a0<\/span><br class=\"SCXW180596142 BCX0\"\/><\/span><span class=\"TextRun SCXW180596142 BCX0\" lang=\"PT-BR\" xml:lang=\"PT-BR\" data-contrast=\"auto\"><span class=\"NormalTextRun SCXW180596142 BCX0\">O t\u00fanel Santos-Guaruj\u00e1 ser\u00e1 o primeiro t\u00fanel imerso da Am\u00e9rica Latina, com 860 metros entre as margens. Ele ficar\u00e1 imerso sob o fundo do canal entre os dois munic\u00edpios a uma profundidade de 21 metros.<\/span> <span class=\"NormalTextRun SCXW180596142 BCX0\">Em comunicado, a Presid\u00eancia da Rep\u00fablica destacou que <\/span><span class=\"NormalTextRun SCXW180596142 BCX0\">a obra <\/span><span class=\"NormalTextRun SCXW180596142 BCX0\">beneficiar\u00e1 mais de <\/span><span class=\"NormalTextRun SCXW180596142 BCX0\">cinco <\/span><span class=\"NormalTextRun SCXW180596142 BCX0\">milh\u00f5es de pessoas, incluindo <\/span><span class=\"NormalTextRun SCXW180596142 BCX0\">1,6 milh\u00e3o<\/span><span class=\"NormalTextRun SCXW180596142 BCX0\"> de habitantes da Baixada Santista e os mais de <\/span><span class=\"NormalTextRun SCXW180596142 BCX0\">quatro <\/span><span class=\"NormalTextRun SCXW180596142 BCX0\">milh\u00f5es de turistas que anualmente visitam Guaruj\u00e1 e o litoral norte paulista. <\/span><\/span><span class=\"LineBreakBlob BlobObject DragDrop SCXW180596142 BCX0\"><span class=\"SCXW180596142 BCX0\">\u00a0<\/span><br class=\"SCXW180596142 BCX0\"\/><\/span><span class=\"LineBreakBlob BlobObject DragDrop SCXW180596142 BCX0\"><span class=\"SCXW180596142 BCX0\">\u00a0<\/span><br class=\"SCXW180596142 BCX0\"\/><\/span><span class=\"TextRun SCXW180596142 BCX0\" lang=\"PT-BR\" xml:lang=\"PT-BR\" data-contrast=\"auto\"><span class=\"NormalTextRun SCXW180596142 BCX0\">Atualmente, para ir de uma cidade a outra <\/span><span class=\"NormalTextRun SCXW180596142 BCX0\">pode-se<\/span><span class=\"NormalTextRun SCXW180596142 BCX0\"> utilizar o sistema de balsas, que faz o transporte de aproximadamente 23 mil ve\u00edculos por dia, ou a <\/span><span class=\"NormalTextRun SCXW180596142 BCX0\">R<\/span><span class=\"NormalTextRun SCXW180596142 BCX0\">odovia C\u00f4nego Domenico <\/span><span class=\"NormalTextRun SCXW180596142 BCX0\">Rangoni<\/span><span class=\"NormalTextRun SCXW180596142 BCX0\"> (SP-55)<\/span><span class=\"NormalTextRun SCXW180596142 BCX0\">.<\/span> <span class=\"NormalTextRun SCXW180596142 BCX0\">\u201cTodos os dias, 80 mil pessoas cruzam o canal. Atualmente, a espera nas filas para cruzar o canal pode se alongar por horas e, com o t\u00fanel, as travessias v\u00e3o demorar menos de dois minutos. A obra tamb\u00e9m ir\u00e1 proporcionar mais seguran\u00e7a \u00e0s embarca\u00e7\u00f5es que escalam o porto santista para realizar opera\u00e7\u00f5es\u201d, diz a nota.<\/span><\/span><span class=\"LineBreakBlob BlobObject DragDrop SCXW180596142 BCX0\"><span class=\"SCXW180596142 BCX0\">\u00a0<\/span><br class=\"SCXW180596142 BCX0\"\/><\/span><span class=\"LineBreakBlob BlobObject DragDrop SCXW180596142 BCX0\"><span class=\"SCXW180596142 BCX0\">\u00a0<\/span><br class=\"SCXW180596142 BCX0\"\/><\/span><span class=\"TextRun SCXW180596142 BCX0\" lang=\"PT-BR\" xml:lang=\"PT-BR\" data-contrast=\"auto\"><span class=\"NormalTextRun SCXW180596142 BCX0\">A solenidade de <\/span><span class=\"NormalTextRun SCXW180596142 BCX0\">ontem <\/span><span class=\"NormalTextRun SCXW180596142 BCX0\">tamb\u00e9m ocorreu em comemora\u00e7\u00e3o aos 132 anos do Porto de Santos. Considerado o maior do hemisf\u00e9rio Sul, respons\u00e1vel por quase 30% da balan\u00e7a comercial do Brasil, o porto registrou em dezembro de <\/span><span class=\"NormalTextRun SCXW180596142 BCX0\">2023 movimenta\u00e7\u00e3o<\/span><span class=\"NormalTextRun SCXW180596142 BCX0\"> recorde de 15,6 milh\u00f5es de toneladas de cargas, crescimento de 29,1% em rela\u00e7\u00e3o a dezembro de 2022. Com o resultado, o total movimentado no ano passado foi de 173,3 milh\u00f5es de toneladas.<\/span><\/span><span class=\"LineBreakBlob BlobObject DragDrop SCXW180596142 BCX0\"><span class=\"SCXW180596142 BCX0\">\u00a0<\/span><br class=\"SCXW180596142 BCX0\"\/><\/span><span class=\"LineBreakBlob BlobObject DragDrop SCXW180596142 BCX0\"><span class=\"SCXW180596142 BCX0\">\u00a0<\/span><br class=\"SCXW180596142 BCX0\"\/><\/span><span class=\"TextRun SCXW180596142 BCX0\" lang=\"PT-BR\" xml:lang=\"PT-BR\" data-contrast=\"auto\"><strong><span class=\"NormalTextRun SCXW180596142 BCX0\">Di\u00e1logo<\/span><\/strong><span class=\"NormalTextRun SCXW180596142 BCX0\"> \u2013 <\/span><\/span><span class=\"TextRun SCXW180596142 BCX0\" lang=\"PT-BR\" xml:lang=\"PT-BR\" data-contrast=\"auto\"><span class=\"NormalTextRun SCXW180596142 BCX0\">O governador Tarc\u00edsio de Freitas (Republicanos) recebeu um pedido inusitado durante a cerim\u00f4nia de comemora\u00e7\u00e3o aos 132 anos do Porto de Santos. \u201cVolta para o PT, Tarc\u00edsio\u201d, gritou um homem entre o p\u00fablico que acompanhava a solenidade. O aliado do ex-presidente Jair <\/span><span class=\"NormalTextRun SCXW180596142 BCX0\">Bolsonaro<\/span><span class=\"NormalTextRun SCXW180596142 BCX0\"> (PL) n\u00e3o conteve a gargalhada.<\/span><\/span><span class=\"LineBreakBlob BlobObject DragDrop SCXW180596142 BCX0\"><span class=\"SCXW180596142 BCX0\">\u00a0<\/span><br class=\"SCXW180596142 BCX0\"\/><\/span><span class=\"LineBreakBlob BlobObject DragDrop SCXW180596142 BCX0\"><span class=\"SCXW180596142 BCX0\">\u00a0<\/span><br class=\"SCXW180596142 BCX0\"\/><\/span><span class=\"TextRun SCXW180596142 BCX0\" lang=\"PT-BR\" xml:lang=\"PT-BR\" data-contrast=\"auto\"><span class=\"NormalTextRun SCXW180596142 BCX0\">Al\u00e9m de celebrar o anivers\u00e1rio do Porto de Santos, o evento tamb\u00e9m marcou a assinatura de um termo de coopera\u00e7\u00e3o t\u00e9cnica para a execu\u00e7\u00e3o de obras de <\/span><span class=\"NormalTextRun SCXW180596142 BCX0\">um t\u00fanel que ligar\u00e1 Santos ao Guaruj\u00e1. A interven\u00e7\u00e3o ocorreu durante o discurso de Lula, no momento em que o presidente relembrava o passado do chefe do Executivo paulista durante as gest\u00f5es petistas.<\/span> <\/span><span class=\"LineBreakBlob BlobObject DragDrop SCXW180596142 BCX0\"><span class=\"SCXW180596142 BCX0\">\u00a0<\/span><br class=\"SCXW180596142 BCX0\"\/><\/span><span class=\"LineBreakBlob BlobObject DragDrop SCXW180596142 BCX0\"><span class=\"SCXW180596142 BCX0\">\u00a0<\/span><br class=\"SCXW180596142 BCX0\"\/><\/span><span class=\"TextRun SCXW180596142 BCX0\" lang=\"PT-BR\" xml:lang=\"PT-BR\" data-contrast=\"auto\"><span class=\"NormalTextRun SCXW180596142 BCX0\">Tarc\u00edsio nunca foi filiado ao Partido dos Trabalhadores, mas j\u00e1 integrou a gest\u00e3o de Dilma <\/span><span class=\"NormalTextRun SCXW180596142 BCX0\">Rousseff<\/span><span class=\"NormalTextRun SCXW180596142 BCX0\">. No governo da petista, ele foi nomeado para a c\u00fapula do Departamento Nacional de <\/span><span class=\"NormalTextRun SCXW180596142 BCX0\">Infraestrutura<\/span><span class=\"NormalTextRun SCXW180596142 BCX0\"> de Transportes (<\/span><span class=\"NormalTextRun SCXW180596142 BCX0\">Dnit<\/span><span class=\"NormalTextRun SCXW180596142 BCX0\">). Al\u00e9m de relembrar a passagem de Tarc\u00edsio pelo <\/span><span class=\"NormalTextRun SCXW180596142 BCX0\">Dnit<\/span><span class=\"NormalTextRun SCXW180596142 BCX0\">, Lula afirmou que, em seu primeiro mandato, entre 2003 e 2006, havia conhecido Tarc\u00edsio quando o ent\u00e3o engenheiro do Ex\u00e9rcito se envolvia nas obras do gasoduto Coari-Manaus.<\/span><\/span><span class=\"LineBreakBlob BlobObject DragDrop SCXW180596142 BCX0\"><span class=\"SCXW180596142 BCX0\">\u00a0<\/span><br class=\"SCXW180596142 BCX0\"\/><\/span><span class=\"LineBreakBlob BlobObject DragDrop SCXW180596142 BCX0\"><span class=\"SCXW180596142 BCX0\">\u00a0<\/span><br class=\"SCXW180596142 BCX0\"\/><\/span><span class=\"TextRun SCXW180596142 BCX0\" lang=\"PT-BR\" xml:lang=\"PT-BR\" data-contrast=\"auto\"><span class=\"NormalTextRun SCXW180596142 BCX0\">Tarc\u00edsio \u00e9 um dos nomes cotados para <\/span><span class=\"NormalTextRun SCXW180596142 BCX0\">disputar a Presid\u00eancia em 2026 <\/span><span class=\"NormalTextRun SCXW180596142 BCX0\">\u2013<\/span> <span class=\"NormalTextRun SCXW180596142 BCX0\">Bolsonaro<\/span><span class=\"NormalTextRun SCXW180596142 BCX0\">, padrinho pol\u00edtico do governador, est\u00e1 ineleg\u00edvel. \u201cVou me preparar para te derrotar nas pr\u00f3ximas elei\u00e7\u00f5es, mas, da minha parte, n\u00e3o faltar\u00e1 respeito ao papel que voc\u00ea exerce em S\u00e3o Paulo. Eu e o (Geraldo) Alckmin \u00e9ramos advers\u00e1rios, mas estamos casadinhos agora\u201d, brincou Lula sobre o atual vice-presidente.<\/span><\/span><span class=\"LineBreakBlob BlobObject DragDrop SCXW180596142 BCX0\"><span class=\"SCXW180596142 BCX0\">\u00a0<\/span><br class=\"SCXW180596142 BCX0\"\/><\/span><span class=\"LineBreakBlob BlobObject DragDrop SCXW180596142 BCX0\"><span class=\"SCXW180596142 BCX0\">\u00a0<\/span><br class=\"SCXW180596142 BCX0\"\/><\/span><span class=\"TextRun SCXW180596142 BCX0\" lang=\"PT-BR\" xml:lang=\"PT-BR\" data-contrast=\"auto\"><span class=\"NormalTextRun SCXW180596142 BCX0\">Direcionando sua fala a Tarc\u00edsio, Lula afirmou que o governador \u201cter\u00e1 tudo que for necess\u00e1rio\u201d para governar S\u00e3o Paulo. \u201cEu n\u00e3o estou beneficiando o governador, eu estou beneficiando o estado mais importante da federa\u00e7\u00e3o com 42 milh\u00f5es de habitantes\u201d, acrescentou o presidente.<\/span><\/span><span class=\"LineBreakBlob BlobObject DragDrop SCXW180596142 BCX0\"><span class=\"SCXW180596142 BCX0\">\u00a0<\/span><br class=\"SCXW180596142 BCX0\"\/><\/span><span class=\"LineBreakBlob BlobObject DragDrop SCXW180596142 BCX0\"><span class=\"SCXW180596142 BCX0\">\u00a0<\/span><br class=\"SCXW180596142 BCX0\"\/><\/span><span class=\"TextRun SCXW180596142 BCX0\" lang=\"PT-BR\" xml:lang=\"PT-BR\" data-contrast=\"auto\"><span class=\"NormalTextRun SCXW180596142 BCX0\">Tarc\u00edsio de Freitas disse que as audi\u00eancias p\u00fablicas do t\u00fanel submarino<\/span> <span class=\"NormalTextRun SCXW180596142 BCX0\">devem estar abertas \u00e0 participa\u00e7\u00e3o p\u00fablica at\u00e9 mar\u00e7o. Com isso, a expectativa \u00e9 que o leil\u00e3o do projeto seja realizado a<\/span><span class=\"NormalTextRun SCXW180596142 BCX0\">inda neste ano, e que as obras comecem <\/span><span class=\"NormalTextRun SCXW180596142 BCX0\">em 2025<\/span><span class=\"NormalTextRun SCXW180596142 BCX0\">. <\/span><span class=\"NormalTextRun SCXW180596142 BCX0\">\u201cA gente quer que essa audi\u00eancia p\u00fablica em mar\u00e7o esteja marcada<\/span><span class=\"NormalTextRun SCXW180596142 BCX0\">\u201d, disse.<\/span> <\/span><span class=\"LineBreakBlob BlobObject DragDrop SCXW180596142 BCX0\"><span class=\"SCXW180596142 BCX0\">\u00a0<\/span><br class=\"SCXW180596142 BCX0\"\/><\/span><span class=\"LineBreakBlob BlobObject DragDrop SCXW180596142 BCX0\"><span class=\"SCXW180596142 BCX0\">\u00a0<\/span><br class=\"SCXW180596142 BCX0\"\/><\/span><\/p>\n<\/div>\n<p><script async src=\"\/\/platform.twitter.com\/widgets.js\" charset=\"utf-8\"><\/script><br \/>\n<br \/><br \/>\n<br \/><a href=\"https:\/\/www.tribunaribeirao.com.br\/site\/tunel-imerso-ligara-santos-a-guaruja\/\">Source link <\/a><\/p>\n<div class='code-block code-block-4' style='margin: 8px auto 8px 0; text-align: left; display: block; clear: both;'>\n\ud83d\udce2 Aviso Legal\n\nO site ismaelcolosi.com.br atua apenas como um canal de divulga\u00e7\u00e3o de oportunidades de emprego e n\u00e3o se responsabiliza pelo processo seletivo, contrata\u00e7\u00e3o ou qualquer outra etapa relacionada \u00e0s vagas publicadas. Todas as informa\u00e7\u00f5es s\u00e3o de responsabilidade dos anunciantes.\n\n\u26a0\ufe0f Aten\u00e7\u00e3o! Nunca pague por promessas de emprego nem compre cursos que garantam contrata\u00e7\u00e3o. Desconfie de qualquer cobran\u00e7a para participar de sele\u00e7\u00f5es.\n\n\n\n<\/div>\n<!-- CONTENT END 1 -->\n","protected":false},"excerpt":{"rendered":"<p>3 de fevereiro de 2024 | 15:002 de fevereiro de 2024 | 20:48 0 O presidente Luiz In\u00e1cio Lula da Silva anunciou, nesta sexta-feira, 2&#8230;<\/p>\n","protected":false},"author":1,"featured_media":34814,"comment_status":"open","ping_status":"open","sticky":false,"template":"","format":"standard","meta":{"_uag_custom_page_level_css":"","advanced_seo_description":"","jetpack_seo_html_title":"","jetpack_seo_noindex":false,"jetpack_post_was_ever_published":false,"_jetpack_newsletter_access":"","_jetpack_dont_email_post_to_subs":false,"_jetpack_newsletter_tier_id":0,"_jetpack_memberships_contains_paywalled_content":false,"_jetpack_memberships_contains_paid_content":false,"footnotes":"","jetpack_publicize_message":"","jetpack_publicize_feature_enabled":true,"jetpack_social_post_already_shared":true,"jetpack_social_options":{"image_generator_settings":{"template":"highway","default_image_id":0,"font":"","enabled":false},"version":2}},"categories":[11],"tags":[4049,4047,4048,1349,446],"class_list":["post-34813","post","type-post","status-publish","format-standard","has-post-thumbnail","hentry","category-noticias-de-ribeirao-preto-sp-e-regiao-ismael-colosi","tag-guaruja","tag-imerso","tag-ligara","tag-santos","tag-tunel"],"jetpack_publicize_connections":[],"jetpack_featured_media_url":"https:\/\/i0.wp.com\/ismaelcolosi.com.br\/wp-content\/uploads\/2024\/02\/Tunel-Ricardo-Stuckert-PR-02-scaled.jpg?fit=1000%2C615&ssl=1","uagb_featured_image_src":{"full":["https:\/\/i0.wp.com\/ismaelcolosi.com.br\/wp-content\/uploads\/2024\/02\/Tunel-Ricardo-Stuckert-PR-02-scaled.jpg?fit=1000%2C615&ssl=1",1000,615,false],"thumbnail":["https:\/\/i0.wp.com\/ismaelcolosi.com.br\/wp-content\/uploads\/2024\/02\/Tunel-Ricardo-Stuckert-PR-02-scaled.jpg?resize=150%2C150&ssl=1",150,150,true],"medium":["https:\/\/i0.wp.com\/ismaelcolosi.com.br\/wp-content\/uploads\/2024\/02\/Tunel-Ricardo-Stuckert-PR-02-scaled.jpg?fit=300%2C185&ssl=1",300,185,true],"medium_large":["https:\/\/i0.wp.com\/ismaelcolosi.com.br\/wp-content\/uploads\/2024\/02\/Tunel-Ricardo-Stuckert-PR-02-scaled.jpg?fit=768%2C472&ssl=1",768,472,true],"large":["https:\/\/i0.wp.com\/ismaelcolosi.com.br\/wp-content\/uploads\/2024\/02\/Tunel-Ricardo-Stuckert-PR-02-scaled.jpg?fit=1000%2C615&ssl=1",1000,615,true],"1536x1536":["https:\/\/i0.wp.com\/ismaelcolosi.com.br\/wp-content\/uploads\/2024\/02\/Tunel-Ricardo-Stuckert-PR-02-scaled.jpg?fit=1000%2C615&ssl=1",1000,615,true],"2048x2048":["https:\/\/i0.wp.com\/ismaelcolosi.com.br\/wp-content\/uploads\/2024\/02\/Tunel-Ricardo-Stuckert-PR-02-scaled.jpg?fit=1000%2C615&ssl=1",1000,615,true],"really-simple-thumb":["https:\/\/i0.wp.com\/ismaelcolosi.com.br\/wp-content\/uploads\/2024\/02\/Tunel-Ricardo-Stuckert-PR-02-scaled.jpg?resize=370%2C247&ssl=1",370,247,true]},"uagb_author_info":{"display_name":"ismaelcolosi.com.br","author_link":"https:\/\/ismaelcolosi.com.br\/index.php\/author\/vidareal-online\/"},"uagb_comment_info":0,"uagb_excerpt":"3 de fevereiro de 2024 | 15:002 de fevereiro de 2024 | 20:48 0 O presidente Luiz In\u00e1cio Lula da Silva anunciou, nesta sexta-feira, 2...","jetpack-related-posts":[{"id":42466,"url":"https:\/\/ismaelcolosi.com.br\/index.php\/2024\/03\/14\/leilao-do-hotel-brasil-em-ribeirao-preto-tem-nova-data-confira\/","url_meta":{"origin":34813,"position":0},"title":"Leil\u00e3o do Hotel Brasil em Ribeir\u00e3o Preto tem nova data; Confira","author":"ismaelcolosi.com.br","date":"14 de March de 2024","format":false,"excerpt":"A quarta tentativa do leil\u00e3o do Hotel Brasil, no Centro de Ribeir\u00e3o Preto, est\u00e1 marcado para o dia 25 de abril de 2024, a partir das 13h. O pr\u00e9dio hist\u00f3rico est\u00e1 avaliado em R$ 9.461.068,37. A quarta tentativa de leil\u00e3o do Hotel Brasil chegou a ser marcada para o dia\u2026","rel":"","context":"In &quot;Not\u00edcias de Ribeir\u00e3o Preto-SP e Regi\u00e3o&quot;","block_context":{"text":"Not\u00edcias de Ribeir\u00e3o Preto-SP e Regi\u00e3o","link":"https:\/\/ismaelcolosi.com.br\/index.php\/category\/noticias-de-ribeirao-preto-sp-e-regiao-ismael-colosi\/"},"img":{"alt_text":"","src":"https:\/\/i0.wp.com\/ismaelcolosi.com.br\/wp-content\/uploads\/2024\/03\/hotel-brasil.jpg?fit=650%2C515&ssl=1&resize=350%2C200","width":350,"height":200,"srcset":"https:\/\/i0.wp.com\/ismaelcolosi.com.br\/wp-content\/uploads\/2024\/03\/hotel-brasil.jpg?fit=650%2C515&ssl=1&resize=350%2C200 1x, https:\/\/i0.wp.com\/ismaelcolosi.com.br\/wp-content\/uploads\/2024\/03\/hotel-brasil.jpg?fit=650%2C515&ssl=1&resize=525%2C300 1.5x"},"classes":[]},{"id":39365,"url":"https:\/\/ismaelcolosi.com.br\/index.php\/2024\/02\/25\/governo-paulista-vai-fazer-13-leiloes-este-ano\/","url_meta":{"origin":34813,"position":1},"title":"Governo paulista vai fazer 13 leil\u00f5es este ano","author":"ismaelcolosi.com.br","date":"25 de February de 2024","format":false,"excerpt":"A partir do dia 29 de fevereiro o Governo do Estado de S\u00e3o Paulo inicia uma s\u00e9rie de leil\u00f5es que at\u00e9 o final do ano devem atingir 13 certames. O Trem Intercidades Eixo Norte, que ligar\u00e1 S\u00e3o Paulo a Campinas, ser\u00e1 o primeiro projeto a ser leiloado pelo Estado este\u2026","rel":"","context":"In &quot;Not\u00edcias de Ribeir\u00e3o Preto-SP e Regi\u00e3o&quot;","block_context":{"text":"Not\u00edcias de Ribeir\u00e3o Preto-SP e Regi\u00e3o","link":"https:\/\/ismaelcolosi.com.br\/index.php\/category\/noticias-de-ribeirao-preto-sp-e-regiao-ismael-colosi\/"},"img":{"alt_text":"","src":"https:\/\/i0.wp.com\/ismaelcolosi.com.br\/wp-content\/uploads\/2024\/02\/1-LEILOES-trem-intercidades-creditoreproducao.jpg?fit=696%2C392&ssl=1&resize=350%2C200","width":350,"height":200,"srcset":"https:\/\/i0.wp.com\/ismaelcolosi.com.br\/wp-content\/uploads\/2024\/02\/1-LEILOES-trem-intercidades-creditoreproducao.jpg?fit=696%2C392&ssl=1&resize=350%2C200 1x, https:\/\/i0.wp.com\/ismaelcolosi.com.br\/wp-content\/uploads\/2024\/02\/1-LEILOES-trem-intercidades-creditoreproducao.jpg?fit=696%2C392&ssl=1&resize=525%2C300 1.5x"},"classes":[]},{"id":27178,"url":"https:\/\/ismaelcolosi.com.br\/index.php\/2024\/01\/11\/programa-voa-brasil-atendera-dois-grupos\/","url_meta":{"origin":34813,"position":2},"title":"Programa Voa Brasil atender\u00e1 dois grupos","author":"ismaelcolosi.com.br","date":"11 de January de 2024","format":false,"excerpt":"11 de janeiro de 2024 | 16:0011 de janeiro de 2024 | 9:40 0Aposentados do Instituto Nacional do Seguro Social (INSS) e bolsistas do Programa Universidade para Todos (Prouni) ser\u00e3o os primeiros segmentos beneficiados pelo Programa Voa Brasil, que vai assegurar passagens a\u00e9reas a R$ 200 por trecho. Previsto desde\u2026","rel":"","context":"In &quot;Not\u00edcias de Ribeir\u00e3o Preto-SP e Regi\u00e3o&quot;","block_context":{"text":"Not\u00edcias de Ribeir\u00e3o Preto-SP e Regi\u00e3o","link":"https:\/\/ismaelcolosi.com.br\/index.php\/category\/noticias-de-ribeirao-preto-sp-e-regiao-ismael-colosi\/"},"img":{"alt_text":"","src":"https:\/\/i0.wp.com\/ismaelcolosi.com.br\/wp-content\/uploads\/2024\/01\/download.jpg?fit=1000%2C563&ssl=1&resize=350%2C200","width":350,"height":200,"srcset":"https:\/\/i0.wp.com\/ismaelcolosi.com.br\/wp-content\/uploads\/2024\/01\/download.jpg?fit=1000%2C563&ssl=1&resize=350%2C200 1x, https:\/\/i0.wp.com\/ismaelcolosi.com.br\/wp-content\/uploads\/2024\/01\/download.jpg?fit=1000%2C563&ssl=1&resize=525%2C300 1.5x, https:\/\/i0.wp.com\/ismaelcolosi.com.br\/wp-content\/uploads\/2024\/01\/download.jpg?fit=1000%2C563&ssl=1&resize=700%2C400 2x"},"classes":[]},{"id":34695,"url":"https:\/\/ismaelcolosi.com.br\/index.php\/2024\/02\/03\/mulher-e-vitima-de-estupro-coletivo-praticado-por-pms\/","url_meta":{"origin":34813,"position":3},"title":"Mulher \u00e9 v\u00edtima de estupro coletivo praticado por PMs\u00a0","author":"ismaelcolosi.com.br","date":"3 de February de 2024","format":false,"excerpt":"2 de fevereiro de 2024 | 13:002 de fevereiro de 2024 | 8:41 0Letycia Bond \u00a0Ag\u00eancia Brasil\u00a0\u00a0Uma mulher de 33 anos foi v\u00edtima de um estupro coletivo cometido por policiais militares no Guaruj\u00e1, litoral de S\u00e3o Paulo. O caso aconteceu em meados de agosto de 2023 e foi formalmente denunciado\u2026","rel":"","context":"In &quot;Not\u00edcias de Ribeir\u00e3o Preto-SP e Regi\u00e3o&quot;","block_context":{"text":"Not\u00edcias de Ribeir\u00e3o Preto-SP e Regi\u00e3o","link":"https:\/\/ismaelcolosi.com.br\/index.php\/category\/noticias-de-ribeirao-preto-sp-e-regiao-ismael-colosi\/"},"img":{"alt_text":"","src":"https:\/\/i0.wp.com\/ismaelcolosi.com.br\/wp-content\/uploads\/2024\/02\/033415f2-c352-427a-9981-4c29affef2dd-scaled.jpg?fit=1000%2C580&ssl=1&resize=350%2C200","width":350,"height":200,"srcset":"https:\/\/i0.wp.com\/ismaelcolosi.com.br\/wp-content\/uploads\/2024\/02\/033415f2-c352-427a-9981-4c29affef2dd-scaled.jpg?fit=1000%2C580&ssl=1&resize=350%2C200 1x, https:\/\/i0.wp.com\/ismaelcolosi.com.br\/wp-content\/uploads\/2024\/02\/033415f2-c352-427a-9981-4c29affef2dd-scaled.jpg?fit=1000%2C580&ssl=1&resize=525%2C300 1.5x, https:\/\/i0.wp.com\/ismaelcolosi.com.br\/wp-content\/uploads\/2024\/02\/033415f2-c352-427a-9981-4c29affef2dd-scaled.jpg?fit=1000%2C580&ssl=1&resize=700%2C400 2x"},"classes":[]},{"id":3111,"url":"https:\/\/ismaelcolosi.com.br\/index.php\/2023\/10\/18\/com-50-da-obra-concluida-viaduto-na-av-brasil-sera-inaugurado-ate-janeiro\/","url_meta":{"origin":34813,"position":4},"title":"Com 50% da obra conclu\u00edda, viaduto na Av. Brasil ser\u00e1 inaugurado at\u00e9 janeiro","author":"ismaelcolosi.com.br","date":"18 de October de 2023","format":false,"excerpt":"174 Com a instala\u00e7\u00e3o da rampa sul, em andamento, a constru\u00e7\u00e3o do viaduto na avenida Brasil sobre a Mogiana chega na metade do caminho, confirmando com folga sua entrega prevista para janeiro. Os 50% conclu\u00eddos representam a maior parte dos trabalhos \u2018pesados\u2019 e, portanto, \u00e9 poss\u00edvel que a obra seja\u2026","rel":"","context":"In &quot;Not\u00edcias de Ribeir\u00e3o Preto-SP e Regi\u00e3o&quot;","block_context":{"text":"Not\u00edcias de Ribeir\u00e3o Preto-SP e Regi\u00e3o","link":"https:\/\/ismaelcolosi.com.br\/index.php\/category\/noticias-de-ribeirao-preto-sp-e-regiao-ismael-colosi\/"},"img":{"alt_text":"","src":"https:\/\/i0.wp.com\/ismaelcolosi.com.br\/wp-content\/uploads\/2023\/11\/viaduto_av_brasil_av_mogiana_-_foto_fernando_gonzaga_02.jpg?fit=1200%2C799&ssl=1&resize=350%2C200","width":350,"height":200,"srcset":"https:\/\/i0.wp.com\/ismaelcolosi.com.br\/wp-content\/uploads\/2023\/11\/viaduto_av_brasil_av_mogiana_-_foto_fernando_gonzaga_02.jpg?fit=1200%2C799&ssl=1&resize=350%2C200 1x, https:\/\/i0.wp.com\/ismaelcolosi.com.br\/wp-content\/uploads\/2023\/11\/viaduto_av_brasil_av_mogiana_-_foto_fernando_gonzaga_02.jpg?fit=1200%2C799&ssl=1&resize=525%2C300 1.5x, https:\/\/i0.wp.com\/ismaelcolosi.com.br\/wp-content\/uploads\/2023\/11\/viaduto_av_brasil_av_mogiana_-_foto_fernando_gonzaga_02.jpg?fit=1200%2C799&ssl=1&resize=700%2C400 2x, https:\/\/i0.wp.com\/ismaelcolosi.com.br\/wp-content\/uploads\/2023\/11\/viaduto_av_brasil_av_mogiana_-_foto_fernando_gonzaga_02.jpg?fit=1200%2C799&ssl=1&resize=1050%2C600 3x"},"classes":[]},{"id":22076,"url":"https:\/\/ismaelcolosi.com.br\/index.php\/2023\/12\/29\/praias-improprias-para-banho-em-sp-no-ano-novo-veja-lista\/","url_meta":{"origin":34813,"position":5},"title":"Praias impr\u00f3prias para banho em SP no Ano Novo: veja lista","author":"ismaelcolosi.com.br","date":"29 de December de 2023","format":false,"excerpt":"O litoral paulista tem 33 praias impr\u00f3prias para banho de mar, conforme relat\u00f3rio de balneabilidade divulgado pela Companhia Ambiental do Estado de S\u00e3o Paulo (Cetesb). Assim como na semana passada, Praia Grande, no litoral sul, e Ubatuba, no litoral norte, s\u00e3o as cidades com maior n\u00famero de praias com balneabilidade\u2026","rel":"","context":"In &quot;Variedades&quot;","block_context":{"text":"Variedades","link":"https:\/\/ismaelcolosi.com.br\/index.php\/category\/variedades\/"},"img":{"alt_text":"","src":"https:\/\/i0.wp.com\/ismaelcolosi.com.br\/wp-content\/uploads\/2023\/12\/praia-canto-forte-praia-grande-rogerio-cassemiro-mtur.jpg?fit=1200%2C638&ssl=1&resize=350%2C200","width":350,"height":200,"srcset":"https:\/\/i0.wp.com\/ismaelcolosi.com.br\/wp-content\/uploads\/2023\/12\/praia-canto-forte-praia-grande-rogerio-cassemiro-mtur.jpg?fit=1200%2C638&ssl=1&resize=350%2C200 1x, https:\/\/i0.wp.com\/ismaelcolosi.com.br\/wp-content\/uploads\/2023\/12\/praia-canto-forte-praia-grande-rogerio-cassemiro-mtur.jpg?fit=1200%2C638&ssl=1&resize=525%2C300 1.5x, https:\/\/i0.wp.com\/ismaelcolosi.com.br\/wp-content\/uploads\/2023\/12\/praia-canto-forte-praia-grande-rogerio-cassemiro-mtur.jpg?fit=1200%2C638&ssl=1&resize=700%2C400 2x, https:\/\/i0.wp.com\/ismaelcolosi.com.br\/wp-content\/uploads\/2023\/12\/praia-canto-forte-praia-grande-rogerio-cassemiro-mtur.jpg?fit=1200%2C638&ssl=1&resize=1050%2C600 3x"},"classes":[]}],"jetpack_sharing_enabled":true,"jetpack_shortlink":"https:\/\/wp.me\/pfMlyK-93v","_links":{"self":[{"href":"https:\/\/ismaelcolosi.com.br\/index.php\/wp-json\/wp\/v2\/posts\/34813","targetHints":{"allow":["GET"]}}],"collection":[{"href":"https:\/\/ismaelcolosi.com.br\/index.php\/wp-json\/wp\/v2\/posts"}],"about":[{"href":"https:\/\/ismaelcolosi.com.br\/index.php\/wp-json\/wp\/v2\/types\/post"}],"author":[{"embeddable":true,"href":"https:\/\/ismaelcolosi.com.br\/index.php\/wp-json\/wp\/v2\/users\/1"}],"replies":[{"embeddable":true,"href":"https:\/\/ismaelcolosi.com.br\/index.php\/wp-json\/wp\/v2\/comments?post=34813"}],"version-history":[{"count":0,"href":"https:\/\/ismaelcolosi.com.br\/index.php\/wp-json\/wp\/v2\/posts\/34813\/revisions"}],"wp:featuredmedia":[{"embeddable":true,"href":"https:\/\/ismaelcolosi.com.br\/index.php\/wp-json\/wp\/v2\/media\/34814"}],"wp:attachment":[{"href":"https:\/\/ismaelcolosi.com.br\/index.php\/wp-json\/wp\/v2\/media?parent=34813"}],"wp:term":[{"taxonomy":"category","embeddable":true,"href":"https:\/\/ismaelcolosi.com.br\/index.php\/wp-json\/wp\/v2\/categories?post=34813"},{"taxonomy":"post_tag","embeddable":true,"href":"https:\/\/ismaelcolosi.com.br\/index.php\/wp-json\/wp\/v2\/tags?post=34813"}],"curies":[{"name":"wp","href":"https:\/\/api.w.org\/{rel}","templated":true}]}}