{"id":34242,"date":"2024-02-01T12:01:00","date_gmt":"2024-02-01T15:01:00","guid":{"rendered":"https:\/\/ismaelcolosi.com.br\/index.php\/2024\/02\/01\/veja-quanto-vai-custar-a-upa-do-ribeirao-verde-construtora-ja-foi-definida\/"},"modified":"2024-02-01T12:01:00","modified_gmt":"2024-02-01T15:01:00","slug":"veja-quanto-vai-custar-a-upa-do-ribeirao-verde-construtora-ja-foi-definida","status":"publish","type":"post","link":"https:\/\/ismaelcolosi.com.br\/index.php\/2024\/02\/01\/veja-quanto-vai-custar-a-upa-do-ribeirao-verde-construtora-ja-foi-definida\/","title":{"rendered":"Veja quanto vai custar a UPA do Ribeir\u00e3o Verde; Construtora j\u00e1 foi definida"},"content":{"rendered":"<p> <br \/>\n<\/p>\n<div>\n<p>A <strong>UPA (Unidade de Pronto Atendimento)<\/strong> do <strong>Ribeir\u00e3o Verde<\/strong>, na zona Leste de <strong>Ribeir\u00e3o Preto<\/strong>, vai custar R$ 14.765.131,91, conforme o julgamento da licita\u00e7\u00e3o, publicado no <strong>Di\u00e1rio Oficial do Munic\u00edpio<\/strong>, na \u00faltima quarta-feira (31).<\/p>\n<p>A empresa vencedora do projeto \u00e9 a <strong>Laforma Com\u00e9rcio e Servi\u00e7os Ltda<\/strong>, de <strong>S\u00e3o Paulo<\/strong>. A licita\u00e7\u00e3o para constru\u00e7\u00e3o da UPA, que chegou a ser aberta em abril de 2023, foi suspensa e foi devolvida para Secretaria Municipal da Sa\u00fade que realizou os estudos de readequa\u00e7\u00e3o or\u00e7ament\u00e1ria do projeto.<\/p>\n<h4 class=\"wp-block-heading\"><strong>Promessa antiga<\/strong><\/h4>\n<p>A UPA do bairro Ribeir\u00e3o Verde foi uma promessa de campanha do prefeito <strong>Duarte Nogueira (PSDB)<\/strong> nas elei\u00e7\u00f5es de 2020 \u2013 quando ele foi reeleito. Na campanha, o prometido era a constru\u00e7\u00e3o logo no primeiro ano da atual gest\u00e3o (2021).<\/p>\n<p>Esta nova UPA \u2013 Ribeir\u00e3o Preto j\u00e1 tem as unidades Treze de Maio, a Oeste e a Norte \u2013 ser\u00e1 a primeira municipal. Ela vai ser <mark style=\"background-color:#fcb900\" class=\"has-inline-color has-black-color\">constru\u00edda numa \u00e1rea institucional com 5,3 mil m\u00b2 localizada na avenida Antonio Mugnatto Marincek esquina com a rua Manoel Games<\/mark>, pr\u00f3ximo a <strong>Par\u00f3quia Santa Rita das Palmeiras.<\/strong><\/p>\n<p>De acordo com a prefeitura, a unidade ter\u00e1 1.925 m\u00b2 de \u00e1rea constru\u00edda, com consult\u00f3rios, ambulat\u00f3rios, \u00e1rea de ambul\u00e2ncias e estacionamento. A regi\u00e3o do Ribeir\u00e3o Verde tem hoje cerca de 20 mil habitantes.<\/p>\n<p>SAIBA MAIS<br \/>Atitude 67 \u00e9 atra\u00e7\u00e3o de carnaval em cidade da regi\u00e3o de Ribeir\u00e3o Preto<\/p>\n<h4 class=\"wp-block-heading\"><strong>FIQUE ON<\/strong><\/h4>\n<p>Fique ligado em tudo que acontece em Ribeir\u00e3o Preto e regi\u00e3o. Siga os perfis do <strong>acidade on<\/strong> no <a href=\"https:\/\/www.instagram.com\/acidadeonribeirao\" target=\"_blank\" rel=\"noreferrer noopener nofollow\">Instagram<\/a> e no <a href=\"https:\/\/www.facebook.com\/acidadeonribeirao\" target=\"_blank\" rel=\"noreferrer noopener nofollow\">Facebook.<\/a><\/p>\n<p>Receba not\u00edcias do <strong>acidade on <\/strong>no WhatsApp. <a href=\"https:\/\/chat.whatsapp.com\/Bnv2w66ZT4VDyZW3oiZ69n\" target=\"_blank\" rel=\"noreferrer noopener nofollow\">Para entrar no grupo, basta clicar aqui.<\/a><\/p>\n<p>Fa\u00e7a uma den\u00fancia ou sugira uma reportagem sobre Ribeir\u00e3o Preto e regi\u00e3o pelo WhatsApp: 16 99117 7802.<\/p>\n<p>VEJA TAMB\u00c9M<br \/>Renascer: Maria Santa volta na segunda fase?<\/p>\n<p><!-- AI CONTENT END 1 -->\n<\/div>\n<p><script async src=\"\/\/www.instagram.com\/embed.js\"><\/script><br \/>\n<br \/><br \/>\n<br \/><a href=\"https:\/\/www.acidadeon.com\/ribeiraopreto\/politica\/veja-quanto-vai-custar-a-upa-do-ribeirao-verde-construtora-ja-foi-definida\/\">Source link <\/a><\/p>\n<div class='code-block code-block-4' style='margin: 8px auto 8px 0; text-align: left; display: block; clear: both;'>\n\ud83d\udce2 Aviso Legal\n\nO site ismaelcolosi.com.br atua apenas como um canal de divulga\u00e7\u00e3o de oportunidades de emprego e n\u00e3o se responsabiliza pelo processo seletivo, contrata\u00e7\u00e3o ou qualquer outra etapa relacionada \u00e0s vagas publicadas. Todas as informa\u00e7\u00f5es s\u00e3o de responsabilidade dos anunciantes.\n\n\u26a0\ufe0f Aten\u00e7\u00e3o! Nunca pague por promessas de emprego nem compre cursos que garantam contrata\u00e7\u00e3o. Desconfie de qualquer cobran\u00e7a para participar de sele\u00e7\u00f5es.\n\n\n\n<\/div>\n<!-- CONTENT END 1 -->\n","protected":false},"excerpt":{"rendered":"<p>A UPA (Unidade de Pronto Atendimento) do Ribeir\u00e3o Verde, na zona Leste de Ribeir\u00e3o Preto, vai custar R$ 14.765.131,91, conforme o julgamento da licita\u00e7\u00e3o, publicado&#8230;<\/p>\n","protected":false},"author":1,"featured_media":34243,"comment_status":"open","ping_status":"open","sticky":false,"template":"","format":"standard","meta":{"_uag_custom_page_level_css":"","advanced_seo_description":"","jetpack_seo_html_title":"","jetpack_seo_noindex":false,"jetpack_post_was_ever_published":false,"_jetpack_newsletter_access":"","_jetpack_dont_email_post_to_subs":false,"_jetpack_newsletter_tier_id":0,"_jetpack_memberships_contains_paywalled_content":false,"_jetpack_memberships_contains_paid_content":false,"footnotes":"","jetpack_publicize_message":"","jetpack_publicize_feature_enabled":true,"jetpack_social_post_already_shared":true,"jetpack_social_options":{"image_generator_settings":{"template":"highway","default_image_id":0,"font":"","enabled":false},"version":2}},"categories":[11],"tags":[],"class_list":["post-34242","post","type-post","status-publish","format-standard","has-post-thumbnail","hentry","category-noticias-de-ribeirao-preto-sp-e-regiao-ismael-colosi"],"jetpack_publicize_connections":[],"jetpack_featured_media_url":"https:\/\/i0.wp.com\/ismaelcolosi.com.br\/wp-content\/uploads\/2024\/02\/upa-ribeirao-verde.jpg?fit=1376%2C845&ssl=1","uagb_featured_image_src":{"full":["https:\/\/i0.wp.com\/ismaelcolosi.com.br\/wp-content\/uploads\/2024\/02\/upa-ribeirao-verde.jpg?fit=1376%2C845&ssl=1",1376,845,false],"thumbnail":["https:\/\/i0.wp.com\/ismaelcolosi.com.br\/wp-content\/uploads\/2024\/02\/upa-ribeirao-verde.jpg?resize=150%2C150&ssl=1",150,150,true],"medium":["https:\/\/i0.wp.com\/ismaelcolosi.com.br\/wp-content\/uploads\/2024\/02\/upa-ribeirao-verde.jpg?fit=300%2C184&ssl=1",300,184,true],"medium_large":["https:\/\/i0.wp.com\/ismaelcolosi.com.br\/wp-content\/uploads\/2024\/02\/upa-ribeirao-verde.jpg?fit=768%2C472&ssl=1",768,472,true],"large":["https:\/\/i0.wp.com\/ismaelcolosi.com.br\/wp-content\/uploads\/2024\/02\/upa-ribeirao-verde.jpg?fit=1024%2C629&ssl=1",1024,629,true],"1536x1536":["https:\/\/i0.wp.com\/ismaelcolosi.com.br\/wp-content\/uploads\/2024\/02\/upa-ribeirao-verde.jpg?fit=1376%2C845&ssl=1",1376,845,true],"2048x2048":["https:\/\/i0.wp.com\/ismaelcolosi.com.br\/wp-content\/uploads\/2024\/02\/upa-ribeirao-verde.jpg?fit=1376%2C845&ssl=1",1376,845,true],"really-simple-thumb":["https:\/\/i0.wp.com\/ismaelcolosi.com.br\/wp-content\/uploads\/2024\/02\/upa-ribeirao-verde.jpg?resize=370%2C247&ssl=1",370,247,true]},"uagb_author_info":{"display_name":"ismaelcolosi.com.br","author_link":"https:\/\/ismaelcolosi.com.br\/index.php\/author\/vidareal-online\/"},"uagb_comment_info":0,"uagb_excerpt":"A UPA (Unidade de Pronto Atendimento) do Ribeir\u00e3o Verde, na zona Leste de Ribeir\u00e3o Preto, vai custar R$ 14.765.131,91, conforme o julgamento da licita\u00e7\u00e3o, publicado...","jetpack-related-posts":[{"id":16064,"url":"https:\/\/ismaelcolosi.com.br\/index.php\/2023\/12\/14\/upa-do-ribeirao-verde-cinco-empresas-disputam-obra-de-r-16-milhoes\/","url_meta":{"origin":34242,"position":0},"title":"UPA do Ribeir\u00e3o Verde: cinco empresas disputam obra de R$ 16 milh\u00f5es","author":"ismaelcolosi.com.br","date":"14 de December de 2023","format":false,"excerpt":"A Prefeitura de Ribeir\u00e3o Preto publicou no Di\u00e1rio Oficial do Munic\u00edpio, desta quinta-feira (14), o processo licitat\u00f3rio para a constru\u00e7\u00e3o da UPA (Unidade de Pronto Atendimento) do Ribeir\u00e3o Verde, na zona Leste. De acordo com a Administra\u00e7\u00e3o Municipal, dez empresas se inscreveram para participar da licita\u00e7\u00e3o, contudo, apenas cinco foram\u2026","rel":"","context":"In &quot;Not\u00edcias de Ribeir\u00e3o Preto-SP e Regi\u00e3o&quot;","block_context":{"text":"Not\u00edcias de Ribeir\u00e3o Preto-SP e Regi\u00e3o","link":"https:\/\/ismaelcolosi.com.br\/index.php\/category\/noticias-de-ribeirao-preto-sp-e-regiao-ismael-colosi\/"},"img":{"alt_text":"","src":"https:\/\/i0.wp.com\/ismaelcolosi.com.br\/wp-content\/uploads\/2023\/12\/projeto-UPA-Ribeirao-verde.jpeg?fit=1200%2C849&ssl=1&resize=350%2C200","width":350,"height":200,"srcset":"https:\/\/i0.wp.com\/ismaelcolosi.com.br\/wp-content\/uploads\/2023\/12\/projeto-UPA-Ribeirao-verde.jpeg?fit=1200%2C849&ssl=1&resize=350%2C200 1x, https:\/\/i0.wp.com\/ismaelcolosi.com.br\/wp-content\/uploads\/2023\/12\/projeto-UPA-Ribeirao-verde.jpeg?fit=1200%2C849&ssl=1&resize=525%2C300 1.5x, https:\/\/i0.wp.com\/ismaelcolosi.com.br\/wp-content\/uploads\/2023\/12\/projeto-UPA-Ribeirao-verde.jpeg?fit=1200%2C849&ssl=1&resize=700%2C400 2x, https:\/\/i0.wp.com\/ismaelcolosi.com.br\/wp-content\/uploads\/2023\/12\/projeto-UPA-Ribeirao-verde.jpeg?fit=1200%2C849&ssl=1&resize=1050%2C600 3x"},"classes":[]},{"id":43768,"url":"https:\/\/ismaelcolosi.com.br\/index.php\/2024\/03\/23\/upa-municipal-vai-sair-do-papel\/","url_meta":{"origin":34242,"position":1},"title":"\u2018UPA municipal\u2019 vai sair do papel \u00a0","author":"ismaelcolosi.com.br","date":"23 de March de 2024","format":false,"excerpt":"23 de mar\u00e7o de 2024 | 9:0022 de mar\u00e7o de 2024 | 19:58 0 A prefeitura de Ribeir\u00e3o Preto definiu a empresa respons\u00e1vel pela constru\u00e7\u00e3o da Unidade de Pronto Atendimento do Complexo Ribeir\u00e3o Verde, na Zona Leste de Ribeir\u00e3o Preto, a primeira UPA municipal. A homologa\u00e7\u00e3o ocorreu em 8 de\u2026","rel":"","context":"In &quot;Not\u00edcias de Ribeir\u00e3o Preto-SP e Regi\u00e3o&quot;","block_context":{"text":"Not\u00edcias de Ribeir\u00e3o Preto-SP e Regi\u00e3o","link":"https:\/\/ismaelcolosi.com.br\/index.php\/category\/noticias-de-ribeirao-preto-sp-e-regiao-ismael-colosi\/"},"img":{"alt_text":"","src":"https:\/\/i0.wp.com\/ismaelcolosi.com.br\/wp-content\/uploads\/2024\/03\/SaudeUPA-Detalhe-Divulgacao-scaled.jpg?fit=1000%2C553&ssl=1&resize=350%2C200","width":350,"height":200,"srcset":"https:\/\/i0.wp.com\/ismaelcolosi.com.br\/wp-content\/uploads\/2024\/03\/SaudeUPA-Detalhe-Divulgacao-scaled.jpg?fit=1000%2C553&ssl=1&resize=350%2C200 1x, https:\/\/i0.wp.com\/ismaelcolosi.com.br\/wp-content\/uploads\/2024\/03\/SaudeUPA-Detalhe-Divulgacao-scaled.jpg?fit=1000%2C553&ssl=1&resize=525%2C300 1.5x, https:\/\/i0.wp.com\/ismaelcolosi.com.br\/wp-content\/uploads\/2024\/03\/SaudeUPA-Detalhe-Divulgacao-scaled.jpg?fit=1000%2C553&ssl=1&resize=700%2C400 2x"},"classes":[]},{"id":36568,"url":"https:\/\/ismaelcolosi.com.br\/index.php\/2024\/02\/10\/empresa-de-sp-construira-upa-do-ribeirao-verde\/","url_meta":{"origin":34242,"position":2},"title":"Empresa de SP construir\u00e1 UPA do Ribeir\u00e3o Verde","author":"ismaelcolosi.com.br","date":"10 de February de 2024","format":false,"excerpt":"A prefeitura de Ribeir\u00e3o Preto definiu a empresa respons\u00e1vel pela constru\u00e7\u00e3o da Unidade de Pronto Atendimento do Complexo Ribeir\u00e3o Verde, na Zona Leste de Ribeir\u00e3o Preto, a primeira UPA municipal. A homologa\u00e7\u00e3o ocorreu na quinta-feira, 8 de fevereiro, ap\u00f3s a fase de recursos. O edital de julgamento de licita\u00e7\u00e3o havia\u2026","rel":"","context":"In &quot;Not\u00edcias de Ribeir\u00e3o Preto-SP e Regi\u00e3o&quot;","block_context":{"text":"Not\u00edcias de Ribeir\u00e3o Preto-SP e Regi\u00e3o","link":"https:\/\/ismaelcolosi.com.br\/index.php\/category\/noticias-de-ribeirao-preto-sp-e-regiao-ismael-colosi\/"},"img":{"alt_text":"","src":"https:\/\/i0.wp.com\/ismaelcolosi.com.br\/wp-content\/uploads\/2024\/02\/SaudeUPA-Divulgacao-1-scaled.jpg?fit=1000%2C553&ssl=1&resize=350%2C200","width":350,"height":200,"srcset":"https:\/\/i0.wp.com\/ismaelcolosi.com.br\/wp-content\/uploads\/2024\/02\/SaudeUPA-Divulgacao-1-scaled.jpg?fit=1000%2C553&ssl=1&resize=350%2C200 1x, https:\/\/i0.wp.com\/ismaelcolosi.com.br\/wp-content\/uploads\/2024\/02\/SaudeUPA-Divulgacao-1-scaled.jpg?fit=1000%2C553&ssl=1&resize=525%2C300 1.5x, https:\/\/i0.wp.com\/ismaelcolosi.com.br\/wp-content\/uploads\/2024\/02\/SaudeUPA-Divulgacao-1-scaled.jpg?fit=1000%2C553&ssl=1&resize=700%2C400 2x"},"classes":[]},{"id":36227,"url":"https:\/\/ismaelcolosi.com.br\/index.php\/2024\/02\/08\/prefeitura-investira-r-147-milhoes-na-construcao-da-upa-ribeirao-verde\/","url_meta":{"origin":34242,"position":3},"title":"Prefeitura investir\u00e1 R$ 14,7 milh\u00f5es na constru\u00e7\u00e3o da UPA Ribeir\u00e3o Verde","author":"ismaelcolosi.com.br","date":"8 de February de 2024","format":false,"excerpt":"8 de fevereiro de 2024 | 16:42 0A UPA Ribeir\u00e3o Verde, primeira unidade municipal de pronto atendimento, ser\u00e1 constru\u00edda pela empresa Laforma Com\u00e9rcio e Servi\u00e7o Ltda., pelo valor global de R$ 14.765.131,91, uma economia de 10,35% em rela\u00e7\u00e3o ao previsto inicialmente, R$ 16.471.198,12. O processo licitat\u00f3rio, aberto em dezembro, foi\u2026","rel":"","context":"In &quot;Not\u00edcias de Ribeir\u00e3o Preto-SP e Regi\u00e3o&quot;","block_context":{"text":"Not\u00edcias de Ribeir\u00e3o Preto-SP e Regi\u00e3o","link":"https:\/\/ismaelcolosi.com.br\/index.php\/category\/noticias-de-ribeirao-preto-sp-e-regiao-ismael-colosi\/"},"img":{"alt_text":"","src":"https:\/\/i0.wp.com\/ismaelcolosi.com.br\/wp-content\/uploads\/2024\/02\/upa_ribeirao_verde_6-scaled.jpeg?fit=912%2C645&ssl=1&resize=350%2C200","width":350,"height":200,"srcset":"https:\/\/i0.wp.com\/ismaelcolosi.com.br\/wp-content\/uploads\/2024\/02\/upa_ribeirao_verde_6-scaled.jpeg?fit=912%2C645&ssl=1&resize=350%2C200 1x, https:\/\/i0.wp.com\/ismaelcolosi.com.br\/wp-content\/uploads\/2024\/02\/upa_ribeirao_verde_6-scaled.jpeg?fit=912%2C645&ssl=1&resize=525%2C300 1.5x, https:\/\/i0.wp.com\/ismaelcolosi.com.br\/wp-content\/uploads\/2024\/02\/upa_ribeirao_verde_6-scaled.jpeg?fit=912%2C645&ssl=1&resize=700%2C400 2x"},"classes":[]},{"id":35395,"url":"https:\/\/ismaelcolosi.com.br\/index.php\/2024\/02\/06\/upa-da-zona-leste-custara-r-147-mi\/","url_meta":{"origin":34242,"position":4},"title":"UPA da Zona Leste custar\u00e1 R$ 14,7 mi\u00a0","author":"ismaelcolosi.com.br","date":"6 de February de 2024","format":false,"excerpt":"6 de fevereiro de 2024 | 8:305 de fevereiro de 2024 | 20:02 0A prefeitura de Ribeir\u00e3o Preto definiu a empresa respons\u00e1vel pela constru\u00e7\u00e3o da Unidade de Pronto Atendimento do Complexo Ribeir\u00e3o Verde, na Zona Leste de Ribeir\u00e3o Preto, a primeira UPA municipal. De acordo com o edital de julgamento\u2026","rel":"","context":"In &quot;Not\u00edcias de Ribeir\u00e3o Preto-SP e Regi\u00e3o&quot;","block_context":{"text":"Not\u00edcias de Ribeir\u00e3o Preto-SP e Regi\u00e3o","link":"https:\/\/ismaelcolosi.com.br\/index.php\/category\/noticias-de-ribeirao-preto-sp-e-regiao-ismael-colosi\/"},"img":{"alt_text":"","src":"https:\/\/i0.wp.com\/ismaelcolosi.com.br\/wp-content\/uploads\/2024\/02\/SaudeUPA-Divulgacao-scaled.jpg?fit=1000%2C553&ssl=1&resize=350%2C200","width":350,"height":200,"srcset":"https:\/\/i0.wp.com\/ismaelcolosi.com.br\/wp-content\/uploads\/2024\/02\/SaudeUPA-Divulgacao-scaled.jpg?fit=1000%2C553&ssl=1&resize=350%2C200 1x, https:\/\/i0.wp.com\/ismaelcolosi.com.br\/wp-content\/uploads\/2024\/02\/SaudeUPA-Divulgacao-scaled.jpg?fit=1000%2C553&ssl=1&resize=525%2C300 1.5x, https:\/\/i0.wp.com\/ismaelcolosi.com.br\/wp-content\/uploads\/2024\/02\/SaudeUPA-Divulgacao-scaled.jpg?fit=1000%2C553&ssl=1&resize=700%2C400 2x"},"classes":[]},{"id":44063,"url":"https:\/\/ismaelcolosi.com.br\/index.php\/2024\/03\/25\/378403-2\/","url_meta":{"origin":34242,"position":5},"title":"Vai come\u00e7ar a constru\u00e7\u00e3o da UPA do Ribeir\u00e3o Verde","author":"ismaelcolosi.com.br","date":"25 de March de 2024","format":false,"excerpt":"Na manh\u00e3 desta segunda-feira, 25 de mar\u00e7o, a prefeitura deu o pontap\u00e9 inicial das obras da UPA \u2013 Unidade de Pronto Atendimento do bairro Ribeir\u00e3o Verde, a primeira UPA municipal que vai beneficiar mais de 70 mil habitantes da regi\u00e3o leste da cidade. A ordem e servi\u00e7o foi assinada pelo\u2026","rel":"","context":"In &quot;Not\u00edcias de Ribeir\u00e3o Preto-SP e Regi\u00e3o&quot;","block_context":{"text":"Not\u00edcias de Ribeir\u00e3o Preto-SP e Regi\u00e3o","link":"https:\/\/ismaelcolosi.com.br\/index.php\/category\/noticias-de-ribeirao-preto-sp-e-regiao-ismael-colosi\/"},"img":{"alt_text":"","src":"https:\/\/i0.wp.com\/ismaelcolosi.com.br\/wp-content\/uploads\/2024\/03\/upa_ribeirao_verde_1.jpeg?fit=1200%2C849&ssl=1&resize=350%2C200","width":350,"height":200,"srcset":"https:\/\/i0.wp.com\/ismaelcolosi.com.br\/wp-content\/uploads\/2024\/03\/upa_ribeirao_verde_1.jpeg?fit=1200%2C849&ssl=1&resize=350%2C200 1x, https:\/\/i0.wp.com\/ismaelcolosi.com.br\/wp-content\/uploads\/2024\/03\/upa_ribeirao_verde_1.jpeg?fit=1200%2C849&ssl=1&resize=525%2C300 1.5x, https:\/\/i0.wp.com\/ismaelcolosi.com.br\/wp-content\/uploads\/2024\/03\/upa_ribeirao_verde_1.jpeg?fit=1200%2C849&ssl=1&resize=700%2C400 2x, https:\/\/i0.wp.com\/ismaelcolosi.com.br\/wp-content\/uploads\/2024\/03\/upa_ribeirao_verde_1.jpeg?fit=1200%2C849&ssl=1&resize=1050%2C600 3x"},"classes":[]}],"jetpack_sharing_enabled":true,"jetpack_shortlink":"https:\/\/wp.me\/pfMlyK-8Ui","_links":{"self":[{"href":"https:\/\/ismaelcolosi.com.br\/index.php\/wp-json\/wp\/v2\/posts\/34242","targetHints":{"allow":["GET"]}}],"collection":[{"href":"https:\/\/ismaelcolosi.com.br\/index.php\/wp-json\/wp\/v2\/posts"}],"about":[{"href":"https:\/\/ismaelcolosi.com.br\/index.php\/wp-json\/wp\/v2\/types\/post"}],"author":[{"embeddable":true,"href":"https:\/\/ismaelcolosi.com.br\/index.php\/wp-json\/wp\/v2\/users\/1"}],"replies":[{"embeddable":true,"href":"https:\/\/ismaelcolosi.com.br\/index.php\/wp-json\/wp\/v2\/comments?post=34242"}],"version-history":[{"count":0,"href":"https:\/\/ismaelcolosi.com.br\/index.php\/wp-json\/wp\/v2\/posts\/34242\/revisions"}],"wp:featuredmedia":[{"embeddable":true,"href":"https:\/\/ismaelcolosi.com.br\/index.php\/wp-json\/wp\/v2\/media\/34243"}],"wp:attachment":[{"href":"https:\/\/ismaelcolosi.com.br\/index.php\/wp-json\/wp\/v2\/media?parent=34242"}],"wp:term":[{"taxonomy":"category","embeddable":true,"href":"https:\/\/ismaelcolosi.com.br\/index.php\/wp-json\/wp\/v2\/categories?post=34242"},{"taxonomy":"post_tag","embeddable":true,"href":"https:\/\/ismaelcolosi.com.br\/index.php\/wp-json\/wp\/v2\/tags?post=34242"}],"curies":[{"name":"wp","href":"https:\/\/api.w.org\/{rel}","templated":true}]}}