{"id":33930,"date":"2024-01-31T10:58:51","date_gmt":"2024-01-31T13:58:51","guid":{"rendered":"https:\/\/ismaelcolosi.com.br\/index.php\/2024\/01\/31\/estre-ambiental-diz-que-negocia-com-motoristas\/"},"modified":"2024-01-31T10:58:51","modified_gmt":"2024-01-31T13:58:51","slug":"estre-ambiental-diz-que-negocia-com-motoristas","status":"publish","type":"post","link":"https:\/\/ismaelcolosi.com.br\/index.php\/2024\/01\/31\/estre-ambiental-diz-que-negocia-com-motoristas\/","title":{"rendered":"Estre Ambiental diz que negocia com motoristas\u00a0"},"content":{"rendered":"<p> <br \/>\n<\/p>\n<div id=\"\">\n<p> <span class=\"entry-meta-item penci-posted-on\"><i class=\"fa fa-clock-o\"\/><time class=\"entry-date published\" datetime=\"2024-01-31T10:00:42-03:00\">31 de janeiro de 2024 | 10:00<\/time><time class=\"updated\" datetime=\"2024-01-30T19:34:06-03:00\">30 de janeiro de 2024 | 19:34<\/time><\/span><\/p>\n<p> <span class=\"penci-social-buttons penci-social-share-footer\"><a href=\"#\" class=\"penci-post-like penci_post-meta_item  single-like-button penci-social-item like\" data-post_id=\"372069\" title=\"Like\" data-like=\"Like\" data-unlike=\"Unlike\"><i class=\"fa fa-thumbs-o-up\"\/><span class=\"penci-share-number\">0<\/span><\/a><i class=\"fa fa-facebook\"\/><a class=\"penci-social-item twitter\" target=\"_blank\" rel=\"noopener\" title=\"\" href=\"https:\/\/twitter.com\/intent\/tweet?text=Estre%20Ambiental%20diz%20que%20negocia%20com%20motoristas\u00a0%20-%20https:\/\/www.tribunaribeirao.com.br\/site\/estre-ambiental-diz-que-negocia-com-motoristas\/\"><i class=\"fa fa-twitter\"\/><\/a><i class=\"fa fa-whatsapp\"\/><\/span><\/div>\n<div>\n<p><span class=\"TextRun SCXW208517923 BCX0\" lang=\"PT-BR\" xml:lang=\"PT-BR\" data-contrast=\"none\"><span class=\"NormalTextRun SCXW208517923 BCX0\">A <\/span><span class=\"NormalTextRun SCXW208517923 BCX0\">Estre<\/span><span class=\"NormalTextRun SCXW208517923 BCX0\"> Ambi<\/span><span class=\"NormalTextRun SCXW208517923 BCX0\">e<\/span><span class=\"NormalTextRun SCXW208517923 BCX0\">ntal, empresa respons\u00e1vel pela coleta de lixo e pelo gerenciamento e destina\u00e7\u00e3o dos res\u00edduos s\u00f3lidos na cidade, <\/span><span class=\"NormalTextRun SCXW208517923 BCX0\">afirmou <\/span><span class=\"NormalTextRun SCXW208517923 BCX0\">ao Tribuna<\/span><span class=\"NormalTextRun SCXW208517923 BCX0\"> que segue em processo de negocia\u00e7\u00e3o com o Sindicato dos Motoristas e Condutores de Ribeir\u00e3o Preto e Regi\u00e3o<\/span><span class=\"NormalTextRun SCXW208517923 BCX0\">.<\/span><\/span><span class=\"LineBreakBlob BlobObject DragDrop SCXW208517923 BCX0\"><span class=\"SCXW208517923 BCX0\">\u00a0<\/span><br class=\"SCXW208517923 BCX0\"\/><\/span><span class=\"LineBreakBlob BlobObject DragDrop SCXW208517923 BCX0\"><span class=\"SCXW208517923 BCX0\">\u00a0<\/span><br class=\"SCXW208517923 BCX0\"\/><\/span><span class=\"TextRun SCXW208517923 BCX0\" lang=\"PT-BR\" xml:lang=\"PT-BR\" data-contrast=\"none\"><span class=\"NormalTextRun SCXW208517923 BCX0\">A discuss\u00e3o envolve <\/span><span class=\"NormalTextRun SCXW208517923 BCX0\">as reivindica\u00e7\u00f5es dos motoristas da empresa que realizam o servi\u00e7o <\/span><span class=\"NormalTextRun SCXW208517923 BCX0\">de coleta de lixo <\/span><span class=\"NormalTextRun SCXW208517923 BCX0\">em Ribeir\u00e3o Preto. Na segunda-feira<\/span><span class=\"NormalTextRun SCXW208517923 BCX0\">, 29 de janeiro, <\/span><span class=\"NormalTextRun SCXW208517923 BCX0\">o <\/span><span class=\"NormalTextRun SCXW208517923 BCX0\">s<\/span><span class=\"NormalTextRun SCXW208517923 BCX0\">indicato anunciou que os cerca de 100 <\/span><span class=\"NormalTextRun SCXW208517923 BCX0\">profissionais <\/span><span class=\"NormalTextRun SCXW208517923 BCX0\">da <\/span><span class=\"NormalTextRun SCXW208517923 BCX0\">Estre<\/span><span class=\"NormalTextRun SCXW208517923 BCX0\"> Ambiental <\/span><span class=\"NormalTextRun SCXW208517923 BCX0\">devem decretar estado de greve caso <\/span><span class=\"NormalTextRun SCXW208517923 BCX0\">n\u00e3o sejam atendidos<\/span><span class=\"NormalTextRun SCXW208517923 BCX0\">.<\/span><\/span><span class=\"LineBreakBlob BlobObject DragDrop SCXW208517923 BCX0\"><span class=\"SCXW208517923 BCX0\">\u00a0<\/span><br class=\"SCXW208517923 BCX0\"\/><\/span><span class=\"LineBreakBlob BlobObject DragDrop SCXW208517923 BCX0\"><span class=\"SCXW208517923 BCX0\">\u00a0<\/span><br class=\"SCXW208517923 BCX0\"\/><\/span><span class=\"TextRun SCXW208517923 BCX0\" lang=\"PT-BR\" xml:lang=\"PT-BR\" data-contrast=\"none\"><span class=\"NormalTextRun SCXW208517923 BCX0\">Por meio de nota<\/span><span class=\"NormalTextRun SCXW208517923 BCX0\">,<\/span><span class=\"NormalTextRun SCXW208517923 BCX0\"> a empresa afirm<\/span><span class=\"NormalTextRun SCXW208517923 BCX0\">a<\/span><span class=\"NormalTextRun SCXW208517923 BCX0\"> que est\u00e1 aberta ao di\u00e1logo. \u201cA empresa solicitou uma nova reuni\u00e3o com o Sindicato dos Motoristas e Condutores de Ribeir\u00e3o Preto para dar continuidade \u00e0s conversas, ainda no m\u00eas de janeiro<\/span><span class=\"NormalTextRun SCXW208517923 BCX0\">\u201d, diz no comunicado<\/span><span class=\"NormalTextRun SCXW208517923 BCX0\">. <\/span><\/span><span class=\"LineBreakBlob BlobObject DragDrop SCXW208517923 BCX0\"><span class=\"SCXW208517923 BCX0\">\u00a0<\/span><br class=\"SCXW208517923 BCX0\"\/><\/span><span class=\"LineBreakBlob BlobObject DragDrop SCXW208517923 BCX0\"><span class=\"SCXW208517923 BCX0\">\u00a0<\/span><br class=\"SCXW208517923 BCX0\"\/><\/span><span class=\"TextRun SCXW208517923 BCX0\" lang=\"PT-BR\" xml:lang=\"PT-BR\" data-contrast=\"none\"><span class=\"NormalTextRun SCXW208517923 BCX0\">\u201c<\/span><span class=\"NormalTextRun SCXW208517923 BCX0\">A empresa destaca ainda seu compromisso com a popula\u00e7\u00e3o de Ribeir\u00e3o Preto para que n\u00e3o haja interrup\u00e7\u00e3o da coleta no munic\u00edpio\u201d, finaliza <\/span><span class=\"NormalTextRun SCXW208517923 BCX0\">a <\/span><span class=\"NormalTextRun SCXW208517923 BCX0\">Estre<\/span><span class=\"NormalTextRun SCXW208517923 BCX0\"> Ambiental n<\/span><span class=\"NormalTextRun SCXW208517923 BCX0\">o texto. A empresa <\/span><span class=\"NormalTextRun SCXW208517923 BCX0\">concession\u00e1ria do servi\u00e7o de <\/span><span class=\"NormalTextRun SpellingErrorV2Themed SCXW208517923 BCX0\">coleta<\/span><span class=\"NormalTextRun SCXW208517923 BCX0\"> de lixo <\/span><span class=\"NormalTextRun SCXW208517923 BCX0\">n\u00e3o informou a data da reuni\u00e3o.<\/span><\/span><span class=\"LineBreakBlob BlobObject DragDrop SCXW208517923 BCX0\"><span class=\"SCXW208517923 BCX0\">\u00a0<\/span><br class=\"SCXW208517923 BCX0\"\/><\/span><span class=\"LineBreakBlob BlobObject DragDrop SCXW208517923 BCX0\"><span class=\"SCXW208517923 BCX0\">\u00a0<\/span><br class=\"SCXW208517923 BCX0\"\/><\/span><span class=\"TextRun SCXW208517923 BCX0\" lang=\"PT-BR\" xml:lang=\"PT-BR\" data-contrast=\"none\"><span class=\"NormalTextRun SCXW208517923 BCX0\"><strong>Contrato<\/strong> \u2013 <\/span><\/span><span class=\"TextRun SCXW208517923 BCX0\" lang=\"PT-BR\" xml:lang=\"PT-BR\" data-contrast=\"none\"><span class=\"NormalTextRun SCXW208517923 BCX0\">A empresa teve o contrato prorrogado emergencialmente, pela segunda vez, at\u00e9 29 de junho devido a questionamentos na esfera judicial evolvendo a licita\u00e7\u00e3o que definir\u00e1 a nova respons\u00e1vel pelos servi\u00e7os na cidade. O primeiro aditamento terminou em 29 de dezembro do ano passado e tinha valor de R$ 43.531.359,61<\/span><\/span><span class=\"LineBreakBlob BlobObject DragDrop SCXW208517923 BCX0\"><span class=\"SCXW208517923 BCX0\">\u00a0<\/span><br class=\"SCXW208517923 BCX0\"\/><\/span><span class=\"LineBreakBlob BlobObject DragDrop SCXW208517923 BCX0\"><span class=\"SCXW208517923 BCX0\">\u00a0<\/span><br class=\"SCXW208517923 BCX0\"\/><\/span><span class=\"TextRun SCXW208517923 BCX0\" lang=\"PT-BR\" xml:lang=\"PT-BR\" data-contrast=\"none\"><span class=\"NormalTextRun SCXW208517923 BCX0\">Segundo o presidente do sindicato, o ex-vereador Walter Gomes, os cerca de 100 motoristas da empresa que realizam a coleta de lixo s\u00e3o desvalorizados. Diz que mesmo sendo os chefes da equipe de coletores dos caminh\u00f5es, recebem percentual menor por insalubridade e nas horas <\/span><span class=\"NormalTextRun SCXW208517923 BCX0\">extra pagas<\/span><span class=\"NormalTextRun SCXW208517923 BCX0\"> aos s\u00e1bados, ap\u00f3s as 16 horas, em rela\u00e7\u00e3o aos lixeiros. <\/span><\/span><span class=\"LineBreakBlob BlobObject DragDrop SCXW208517923 BCX0\"><span class=\"SCXW208517923 BCX0\">\u00a0<\/span><br class=\"SCXW208517923 BCX0\"\/><\/span><span class=\"LineBreakBlob BlobObject DragDrop SCXW208517923 BCX0\"><span class=\"SCXW208517923 BCX0\">\u00a0<\/span><br class=\"SCXW208517923 BCX0\"\/><\/span><span class=\"TextRun SCXW208517923 BCX0\" lang=\"PT-BR\" xml:lang=\"PT-BR\" data-contrast=\"none\"><span class=\"NormalTextRun SCXW208517923 BCX0\"><strong>Diferen\u00e7a<\/strong> \u2013 <\/span><\/span><span class=\"TextRun SCXW208517923 BCX0\" lang=\"PT-BR\" xml:lang=\"PT-BR\" data-contrast=\"none\"><span class=\"NormalTextRun SCXW208517923 BCX0\">A insalubridade paga aos coletores, segundo o sindicato, tem percentual de 40% e a dos motoristas, de 20%. J\u00e1 nos plant\u00f5es aos s\u00e1bados, <\/span><span class=\"NormalTextRun SCXW208517923 BCX0\">ap\u00f3s as 16 horas, os motoristas recebem 50%, contra os 100% pago aos lixeiros. A data-base da categoria \u00e9 dezembro e o percentual de reajuste salarial ainda n\u00e3o foi definido. <\/span><\/span><span class=\"LineBreakBlob BlobObject DragDrop SCXW208517923 BCX0\"><span class=\"SCXW208517923 BCX0\">\u00a0<\/span><br class=\"SCXW208517923 BCX0\"\/><\/span><span class=\"LineBreakBlob BlobObject DragDrop SCXW208517923 BCX0\"><span class=\"SCXW208517923 BCX0\">\u00a0<\/span><br class=\"SCXW208517923 BCX0\"\/><\/span><span class=\"TextRun SCXW208517923 BCX0\" lang=\"PT-BR\" xml:lang=\"PT-BR\" data-contrast=\"none\"><span class=\"NormalTextRun SCXW208517923 BCX0\"><strong>Reajuste<\/strong> \u2013 <\/span><\/span><span class=\"TextRun SCXW208517923 BCX0\" lang=\"PT-BR\" xml:lang=\"PT-BR\" data-contrast=\"none\"><span class=\"NormalTextRun SCXW208517923 BCX0\">Os motoristas reivindicam aumento de 5% para uma infla\u00e7\u00e3o de 4,83% acumulada em doze meses, medida pelo \u00cdndice Nacional de Pre\u00e7os ao Consumidor amplo (IPCA), do Instituto Brasileiro de Geografia e <\/span><span class=\"NormalTextRun SpellingErrorV2Themed SCXW208517923 BCX0\">Estat\u00edstica<\/span><span class=\"NormalTextRun SCXW208517923 BCX0\">\u00a0(IBGE). Tamb\u00e9m reivindicam t\u00edquete-alimenta\u00e7\u00e3o de R$ 700. <\/span><\/span><span class=\"LineBreakBlob BlobObject DragDrop SCXW208517923 BCX0\"><span class=\"SCXW208517923 BCX0\">\u00a0<\/span><br class=\"SCXW208517923 BCX0\"\/><\/span><span class=\"LineBreakBlob BlobObject DragDrop SCXW208517923 BCX0\"><span class=\"SCXW208517923 BCX0\">\u00a0<\/span><br class=\"SCXW208517923 BCX0\"\/><\/span><span class=\"TextRun SCXW208517923 BCX0\" lang=\"PT-BR\" xml:lang=\"PT-BR\" data-contrast=\"none\"><span class=\"NormalTextRun SCXW208517923 BCX0\">O sindicato afirma que a <\/span><span class=\"NormalTextRun SCXW208517923 BCX0\">Estre<\/span><span class=\"NormalTextRun SCXW208517923 BCX0\"> Ambiental teria oferecido corre\u00e7\u00e3o de 3,68%. Uma reuni\u00e3o com a empresa ser\u00e1 realizada nesta ter\u00e7a-feira, 30 de janeiro. Na sexta-feira (26), o a entidade sindical divulgou carta aberta <\/span><span class=\"NormalTextRun SCXW208517923 BCX0\">a<\/span><span class=\"NormalTextRun SCXW208517923 BCX0\"> popula\u00e7\u00e3o de Ribeir\u00e3o Preto. <\/span><\/span><span class=\"LineBreakBlob BlobObject DragDrop SCXW208517923 BCX0\"><span class=\"SCXW208517923 BCX0\">\u00a0<\/span><br class=\"SCXW208517923 BCX0\"\/><\/span><span class=\"LineBreakBlob BlobObject DragDrop SCXW208517923 BCX0\"><span class=\"SCXW208517923 BCX0\">\u00a0<\/span><br class=\"SCXW208517923 BCX0\"\/><\/span><span class=\"TextRun SCXW208517923 BCX0\" lang=\"PT-BR\" xml:lang=\"PT-BR\" data-contrast=\"none\"><span class=\"NormalTextRun SCXW208517923 BCX0\"><strong>Insatisfa\u00e7\u00e3o<\/strong> \u2013 <\/span><\/span><span class=\"TextRun SCXW208517923 BCX0\" lang=\"PT-BR\" xml:lang=\"PT-BR\" data-contrast=\"none\"><span class=\"NormalTextRun SCXW208517923 BCX0\">No documento, diz que a principal reivindica\u00e7\u00e3o dos motoristas \u00e9 o reajuste salarial, apresentado pela empresa de forma insatisfat\u00f3ria. <\/span><\/span> <span class=\"TextRun SCXW208517923 BCX0\" lang=\"PT-BR\" xml:lang=\"PT-BR\" data-contrast=\"none\"><span class=\"NormalTextRun ContextualSpellingAndGrammarErrorV2Themed SCXW208517923 BCX0\">\u201c<\/span><span class=\"NormalTextRun SCXW208517923 BCX0\">A proposta oferecida est\u00e1 abaixo da infla\u00e7\u00e3o, o que significa um empobrecimento real dos trabalhadores, que j\u00e1 sofrem com longas jornadas de trabalho e condi\u00e7\u00f5es adversas\u201d, diz trecho da nota. <\/span><\/span><span class=\"LineBreakBlob BlobObject DragDrop SCXW208517923 BCX0\"><span class=\"SCXW208517923 BCX0\">\u00a0<\/span><br class=\"SCXW208517923 BCX0\"\/><\/span><span class=\"LineBreakBlob BlobObject DragDrop SCXW208517923 BCX0\"><span class=\"SCXW208517923 BCX0\">\u00a0<\/span><br class=\"SCXW208517923 BCX0\"\/><\/span><span class=\"TextRun SCXW208517923 BCX0\" lang=\"PT-BR\" xml:lang=\"PT-BR\" data-contrast=\"none\"><span class=\"NormalTextRun SCXW208517923 BCX0\">\u201cEssa situa\u00e7\u00e3o \u00e9 ainda mais preocupante quando levamos em conta a import\u00e2ncia do papel desempenhado por esses profissionais em nossa comunidade\u201d, diz parte do documento. \u201cCaso a empresa n\u00e3o se sensibilize e atenda as demandas dos trabalhadores, o sindicato respons\u00e1vel pelos motoristas poder\u00e1 notific\u00e1-la e, em um prazo de 72 horas, <\/span><span class=\"NormalTextRun SCXW208517923 BCX0\">dar<\/span><span class=\"NormalTextRun SCXW208517923 BCX0\"> in\u00edcio a uma greve\u201d, emenda.\u00a0 <\/span><\/span><span class=\"LineBreakBlob BlobObject DragDrop SCXW208517923 BCX0\"><span class=\"SCXW208517923 BCX0\">\u00a0<\/span><br class=\"SCXW208517923 BCX0\"\/><\/span><span class=\"LineBreakBlob BlobObject DragDrop SCXW208517923 BCX0\"><span class=\"SCXW208517923 BCX0\">\u00a0<\/span><br class=\"SCXW208517923 BCX0\"\/><\/span><span class=\"LineBreakBlob BlobObject DragDrop SCXW208517923 BCX0\"><br class=\"SCXW208517923 BCX0\"\/><\/span><span class=\"LineBreakBlob BlobObject DragDrop SCXW208517923 BCX0\"><span class=\"SCXW208517923 BCX0\">\u00a0<\/span><br class=\"SCXW208517923 BCX0\"\/><\/span><span class=\"EOP SCXW208517923 BCX0\" data-ccp-props=\"{&quot;201341983&quot;:0,&quot;335559739&quot;:200,&quot;335559740&quot;:276}\">\u00a0<\/span><\/p><div class='code-block code-block-8' style='margin: 8px auto; text-align: center; display: block; clear: both;'>\n<script>\n  atOptions = {\n    'key' : '66e2e2111ca34da796271819fc334058',\n    'format' : 'iframe',\n    'height' : 250,\n    'width' : 300,\n    'params' : {}\n  };\n<\/script>\n<script src=\"https:\/\/www.highperformanceformat.com\/66e2e2111ca34da796271819fc334058\/invoke.js\"><\/script>\n<\/div>\n\n<\/div>\n<p><script async src=\"\/\/platform.twitter.com\/widgets.js\" charset=\"utf-8\"><\/script><br \/>\n<br \/><br \/>\n<br \/><a href=\"https:\/\/www.tribunaribeirao.com.br\/site\/estre-ambiental-diz-que-negocia-com-motoristas\/\">Source link <\/a><\/p>\n<div class='code-block code-block-4' style='margin: 8px auto 8px 0; text-align: left; display: block; clear: both;'>\n\ud83d\udce2 Aviso Legal\n\nO site ismaelcolosi.com.br atua apenas como um canal de divulga\u00e7\u00e3o de oportunidades de emprego e n\u00e3o se responsabiliza pelo processo seletivo, contrata\u00e7\u00e3o ou qualquer outra etapa relacionada \u00e0s vagas publicadas. Todas as informa\u00e7\u00f5es s\u00e3o de responsabilidade dos anunciantes.\n\n\u26a0\ufe0f Aten\u00e7\u00e3o! Nunca pague por promessas de emprego nem compre cursos que garantam contrata\u00e7\u00e3o. Desconfie de qualquer cobran\u00e7a para participar de sele\u00e7\u00f5es.\n\n\n\n<\/div>\n<!-- CONTENT END 1 -->\n","protected":false},"excerpt":{"rendered":"<p>31 de janeiro de 2024 | 10:0030 de janeiro de 2024 | 19:34 0 A Estre Ambiental, empresa respons\u00e1vel pela coleta de lixo e pelo&#8230;<\/p>\n","protected":false},"author":1,"featured_media":33931,"comment_status":"open","ping_status":"open","sticky":false,"template":"","format":"standard","meta":{"_uag_custom_page_level_css":"","advanced_seo_description":"","jetpack_seo_html_title":"","jetpack_seo_noindex":false,"jetpack_post_was_ever_published":false,"_jetpack_newsletter_access":"","_jetpack_dont_email_post_to_subs":false,"_jetpack_newsletter_tier_id":0,"_jetpack_memberships_contains_paywalled_content":false,"_jetpack_memberships_contains_paid_content":false,"footnotes":"","jetpack_publicize_message":"","jetpack_publicize_feature_enabled":true,"jetpack_social_post_already_shared":true,"jetpack_social_options":{"image_generator_settings":{"template":"highway","default_image_id":0,"font":"","enabled":false},"version":2}},"categories":[11],"tags":[3990,1498,3989,2038,3991],"class_list":["post-33930","post","type-post","status-publish","format-standard","has-post-thumbnail","hentry","category-noticias-de-ribeirao-preto-sp-e-regiao-ismael-colosi","tag-ambiental","tag-diz","tag-estre","tag-motoristas","tag-negocia"],"jetpack_publicize_connections":[],"jetpack_featured_media_url":"https:\/\/i0.wp.com\/ismaelcolosi.com.br\/wp-content\/uploads\/2024\/01\/Estre-Alfredo-Risk-scaled.jpg?fit=967%2C645&ssl=1","uagb_featured_image_src":{"full":["https:\/\/i0.wp.com\/ismaelcolosi.com.br\/wp-content\/uploads\/2024\/01\/Estre-Alfredo-Risk-scaled.jpg?fit=967%2C645&ssl=1",967,645,false],"thumbnail":["https:\/\/i0.wp.com\/ismaelcolosi.com.br\/wp-content\/uploads\/2024\/01\/Estre-Alfredo-Risk-scaled.jpg?resize=150%2C150&ssl=1",150,150,true],"medium":["https:\/\/i0.wp.com\/ismaelcolosi.com.br\/wp-content\/uploads\/2024\/01\/Estre-Alfredo-Risk-scaled.jpg?fit=300%2C200&ssl=1",300,200,true],"medium_large":["https:\/\/i0.wp.com\/ismaelcolosi.com.br\/wp-content\/uploads\/2024\/01\/Estre-Alfredo-Risk-scaled.jpg?fit=768%2C512&ssl=1",768,512,true],"large":["https:\/\/i0.wp.com\/ismaelcolosi.com.br\/wp-content\/uploads\/2024\/01\/Estre-Alfredo-Risk-scaled.jpg?fit=967%2C645&ssl=1",967,645,true],"1536x1536":["https:\/\/i0.wp.com\/ismaelcolosi.com.br\/wp-content\/uploads\/2024\/01\/Estre-Alfredo-Risk-scaled.jpg?fit=967%2C645&ssl=1",967,645,true],"2048x2048":["https:\/\/i0.wp.com\/ismaelcolosi.com.br\/wp-content\/uploads\/2024\/01\/Estre-Alfredo-Risk-scaled.jpg?fit=967%2C645&ssl=1",967,645,true],"really-simple-thumb":["https:\/\/i0.wp.com\/ismaelcolosi.com.br\/wp-content\/uploads\/2024\/01\/Estre-Alfredo-Risk-scaled.jpg?resize=370%2C247&ssl=1",370,247,true]},"uagb_author_info":{"display_name":"ismaelcolosi.com.br","author_link":"https:\/\/ismaelcolosi.com.br\/index.php\/author\/vidareal-online\/"},"uagb_comment_info":0,"uagb_excerpt":"31 de janeiro de 2024 | 10:0030 de janeiro de 2024 | 19:34 0 A Estre Ambiental, empresa respons\u00e1vel pela coleta de lixo e pelo...","jetpack-related-posts":[{"id":34360,"url":"https:\/\/ismaelcolosi.com.br\/index.php\/2024\/02\/01\/motoristas-da-coleta-de-lixo-aceitam-proposta\/","url_meta":{"origin":33930,"position":0},"title":"Motoristas da coleta de lixo aceitam proposta\u00a0","author":"ismaelcolosi.com.br","date":"1 de February de 2024","format":false,"excerpt":"1 de fevereiro de 2024 | 17:001 de fevereiro de 2024 | 17:12 0Os cerca de 100 motoristas da Estre Ambiental, respons\u00e1vel pela coleta de lixo e pelo gerenciamento e destina\u00e7\u00e3o dos res\u00edduos s\u00f3lidos na cidade, aceitaram a proposta de reajuste salarial da empresa e descartaram a possibilidade de de\u2026","rel":"","context":"In &quot;Not\u00edcias de Ribeir\u00e3o Preto-SP e Regi\u00e3o&quot;","block_context":{"text":"Not\u00edcias de Ribeir\u00e3o Preto-SP e Regi\u00e3o","link":"https:\/\/ismaelcolosi.com.br\/index.php\/category\/noticias-de-ribeirao-preto-sp-e-regiao-ismael-colosi\/"},"img":{"alt_text":"","src":"https:\/\/i0.wp.com\/ismaelcolosi.com.br\/wp-content\/uploads\/2024\/02\/lixo.jpg?fit=700%2C450&ssl=1&resize=350%2C200","width":350,"height":200,"srcset":"https:\/\/i0.wp.com\/ismaelcolosi.com.br\/wp-content\/uploads\/2024\/02\/lixo.jpg?fit=700%2C450&ssl=1&resize=350%2C200 1x, https:\/\/i0.wp.com\/ismaelcolosi.com.br\/wp-content\/uploads\/2024\/02\/lixo.jpg?fit=700%2C450&ssl=1&resize=525%2C300 1.5x, https:\/\/i0.wp.com\/ismaelcolosi.com.br\/wp-content\/uploads\/2024\/02\/lixo.jpg?fit=700%2C450&ssl=1&resize=700%2C400 2x"},"classes":[]},{"id":44628,"url":"https:\/\/ismaelcolosi.com.br\/index.php\/2024\/03\/28\/definida-empresa-da-coleta-de-lixo-em-rp\/","url_meta":{"origin":33930,"position":1},"title":"Definida empresa da coleta de lixo em RP","author":"ismaelcolosi.com.br","date":"28 de March de 2024","format":false,"excerpt":"A prefeitura de Ribeir\u00e3o Preto conseguiu derrubar a liminar concedida a Ecco Liberty Solu\u00e7\u00f5es Ambientais Ltda. pelo juiz Gustavo M\u00fcller Lorenzato, da 1\u00aa Vara da Fazenda P\u00fablica, e concluiu o preg\u00e3o eletr\u00f4nico para contrata\u00e7\u00e3o de empresa respons\u00e1vel pela coleta, gerenciamento e destina\u00e7\u00e3o de res\u00edduos s\u00f3lidos na cidade. A Ecco Liberty\u2026","rel":"","context":"In &quot;Not\u00edcias de Ribeir\u00e3o Preto-SP e Regi\u00e3o&quot;","block_context":{"text":"Not\u00edcias de Ribeir\u00e3o Preto-SP e Regi\u00e3o","link":"https:\/\/ismaelcolosi.com.br\/index.php\/category\/noticias-de-ribeirao-preto-sp-e-regiao-ismael-colosi\/"},"img":{"alt_text":"","src":"https:\/\/i0.wp.com\/ismaelcolosi.com.br\/wp-content\/uploads\/2024\/03\/coleta-de-lixo-Rodrigo-Nagafuti-2.jpg?fit=750%2C500&ssl=1&resize=350%2C200","width":350,"height":200,"srcset":"https:\/\/i0.wp.com\/ismaelcolosi.com.br\/wp-content\/uploads\/2024\/03\/coleta-de-lixo-Rodrigo-Nagafuti-2.jpg?fit=750%2C500&ssl=1&resize=350%2C200 1x, https:\/\/i0.wp.com\/ismaelcolosi.com.br\/wp-content\/uploads\/2024\/03\/coleta-de-lixo-Rodrigo-Nagafuti-2.jpg?fit=750%2C500&ssl=1&resize=525%2C300 1.5x, https:\/\/i0.wp.com\/ismaelcolosi.com.br\/wp-content\/uploads\/2024\/03\/coleta-de-lixo-Rodrigo-Nagafuti-2.jpg?fit=750%2C500&ssl=1&resize=700%2C400 2x"},"classes":[]},{"id":79456,"url":"https:\/\/ismaelcolosi.com.br\/index.php\/2024\/12\/16\/cpi-do-descarte-irregular-de-lixo-e-instalada-em-ribeirao-preto-com-foco-na-responsabilidade-ambiental\/","url_meta":{"origin":33930,"position":2},"title":"CPI do Descarte Irregular de Lixo \u00e9 Instalada em Ribeir\u00e3o Preto com Foco na Responsabilidade Ambiental","author":"ismaelcolosi.com.br","date":"16 de December de 2024","format":false,"excerpt":"A C\u00e2mara Municipal de Ribeir\u00e3o Preto deu in\u00edcio \u00e0 Comiss\u00e3o Parlamentar de Inqu\u00e9rito (CPI) sobre o descarte irregular de lixo, abordando den\u00fancias que envolvem a empresa Estre Ambiental, respons\u00e1vel pela coleta de res\u00edduos no munic\u00edpio. O objetivo da CPI \u00e9 investigar o cumprimento de obriga\u00e7\u00f5es contratuais e a fiscaliza\u00e7\u00e3o da\u2026","rel":"","context":"In &quot;Not\u00edcias de Ribeir\u00e3o Preto-SP e Regi\u00e3o&quot;","block_context":{"text":"Not\u00edcias de Ribeir\u00e3o Preto-SP e Regi\u00e3o","link":"https:\/\/ismaelcolosi.com.br\/index.php\/category\/noticias-de-ribeirao-preto-sp-e-regiao-ismael-colosi\/"},"img":{"alt_text":"","src":"https:\/\/i0.wp.com\/ismaelcolosi.com.br\/wp-content\/uploads\/2024\/12\/469162406_978319214339335_226059249729063940_n_1.jpg?fit=1200%2C643&ssl=1&resize=350%2C200","width":350,"height":200,"srcset":"https:\/\/i0.wp.com\/ismaelcolosi.com.br\/wp-content\/uploads\/2024\/12\/469162406_978319214339335_226059249729063940_n_1.jpg?fit=1200%2C643&ssl=1&resize=350%2C200 1x, https:\/\/i0.wp.com\/ismaelcolosi.com.br\/wp-content\/uploads\/2024\/12\/469162406_978319214339335_226059249729063940_n_1.jpg?fit=1200%2C643&ssl=1&resize=525%2C300 1.5x, https:\/\/i0.wp.com\/ismaelcolosi.com.br\/wp-content\/uploads\/2024\/12\/469162406_978319214339335_226059249729063940_n_1.jpg?fit=1200%2C643&ssl=1&resize=700%2C400 2x, https:\/\/i0.wp.com\/ismaelcolosi.com.br\/wp-content\/uploads\/2024\/12\/469162406_978319214339335_226059249729063940_n_1.jpg?fit=1200%2C643&ssl=1&resize=1050%2C600 3x"},"classes":[]},{"id":84107,"url":"https:\/\/ismaelcolosi.com.br\/index.php\/2025\/03\/28\/contrata-se-motorista-tuk-tuk\/","url_meta":{"origin":33930,"position":3},"title":"CONTRATA-SE MOTORISTA TUK TUK","author":"ismaelcolosi.com.br","date":"28 de March de 2025","format":false,"excerpt":"An\u00fancios CONTRATA-SE MOTORISTA TUK TUK Empregos - - 27\/03\/2025 Estre Ambiental CONTRATA ambos os sexos para o cargo de motorista tuk tuk para realizar a coleta, transporte, acondicionamento e destina\u00e7\u00e3o do res\u00edduo coletado. Sal\u00e1rio a combinar + insalubridade + conv\u00eanio sa\u00fade e odontol\u00f3gico + vale alimenta\u00e7\u00e3o + v... CONTRATA-SE OPERADOR\u2026","rel":"","context":"In &quot;Vagas de Emprego em Ribeir\u00e3o Preto-SP&quot;","block_context":{"text":"Vagas de Emprego em Ribeir\u00e3o Preto-SP","link":"https:\/\/ismaelcolosi.com.br\/index.php\/category\/empregos-classificados-vagas-trabalho\/vagas-de-empregos-em-ribeirao-preto-regiao-brasil\/"},"img":{"alt_text":"CONTRATA-SE MOTORISTA TUK TUK","src":"https:\/\/i0.wp.com\/tribunaribeirao.com.br\/classificadostribuna\/oc-content\/uploads\/46\/5272_thumbnail.jpg?resize=350%2C200&ssl=1","width":350,"height":200},"classes":[]},{"id":78415,"url":"https:\/\/ismaelcolosi.com.br\/index.php\/2024\/12\/05\/camara-instaura-cpi-do-descarte-irregular\/","url_meta":{"origin":33930,"position":4},"title":"C\u00e2mara instaura CPI do Descarte Irregular \u00a0","author":"ismaelcolosi.com.br","date":"5 de December de 2024","format":false,"excerpt":"Moradora Silvana Trevizani filmou o caminh\u00e3o descarregando material na \u00e1rea p\u00fablica \u00e0s 8h30 de ter\u00e7a-feira, rua Japur\u00e1, ao lado da antiga linha f\u00e9rrea (Reprodu\u00e7\u00e3o\/Silvana Trevizani) A den\u00fancia de que funcion\u00e1rios da empresa respons\u00e1vel pela coleta seletiva de lixo e dos servi\u00e7os de recolhimento, gerenciamento e destina\u00e7\u00e3o de res\u00edduos s\u00f3lidos em\u2026","rel":"","context":"In &quot;Not\u00edcias de Ribeir\u00e3o Preto-SP e Regi\u00e3o&quot;","block_context":{"text":"Not\u00edcias de Ribeir\u00e3o Preto-SP e Regi\u00e3o","link":"https:\/\/ismaelcolosi.com.br\/index.php\/category\/noticias-de-ribeirao-preto-sp-e-regiao-ismael-colosi\/"},"img":{"alt_text":"","src":"https:\/\/i0.wp.com\/ismaelcolosi.com.br\/wp-content\/uploads\/2024\/12\/LixoRP-Lim-Camara-Divulgacao.jpg?fit=667%2C500&ssl=1&resize=350%2C200","width":350,"height":200,"srcset":"https:\/\/i0.wp.com\/ismaelcolosi.com.br\/wp-content\/uploads\/2024\/12\/LixoRP-Lim-Camara-Divulgacao.jpg?fit=667%2C500&ssl=1&resize=350%2C200 1x, https:\/\/i0.wp.com\/ismaelcolosi.com.br\/wp-content\/uploads\/2024\/12\/LixoRP-Lim-Camara-Divulgacao.jpg?fit=667%2C500&ssl=1&resize=525%2C300 1.5x"},"classes":[]},{"id":33016,"url":"https:\/\/ismaelcolosi.com.br\/index.php\/2024\/01\/27\/liminar-suspende-julgamento-de-licitacao-para-coleta-de-lixo-em-rp\/","url_meta":{"origin":33930,"position":5},"title":"Liminar suspende julgamento de licita\u00e7\u00e3o para coleta de lixo em RP","author":"ismaelcolosi.com.br","date":"27 de January de 2024","format":false,"excerpt":"Liminar concedida a Ecco Liberty Solu\u00e7\u00f5es Ambientais Ltda. pelo juiz Gustavo M\u00fcller Lorenzato, da 1\u00aa Vara da Fazenda P\u00fablica, suspendeu o preg\u00e3o eletr\u00f4nico lan\u00e7ado pela prefeitura de Ribeir\u00e3o Preto para contrata\u00e7\u00e3o de empresa respons\u00e1vel pela coleta, gerenciamento e destina\u00e7\u00e3o de res\u00edduos s\u00f3lidos na cidade.A Ecco Liberty entrou com mandado de\u2026","rel":"","context":"In &quot;Not\u00edcias de Ribeir\u00e3o Preto-SP e Regi\u00e3o&quot;","block_context":{"text":"Not\u00edcias de Ribeir\u00e3o Preto-SP e Regi\u00e3o","link":"https:\/\/ismaelcolosi.com.br\/index.php\/category\/noticias-de-ribeirao-preto-sp-e-regiao-ismael-colosi\/"},"img":{"alt_text":"","src":"https:\/\/i0.wp.com\/ismaelcolosi.com.br\/wp-content\/uploads\/2024\/01\/LixoRP-Max-Gallao-Mesquita-scaled.jpg?fit=1000%2C517&ssl=1&resize=350%2C200","width":350,"height":200,"srcset":"https:\/\/i0.wp.com\/ismaelcolosi.com.br\/wp-content\/uploads\/2024\/01\/LixoRP-Max-Gallao-Mesquita-scaled.jpg?fit=1000%2C517&ssl=1&resize=350%2C200 1x, https:\/\/i0.wp.com\/ismaelcolosi.com.br\/wp-content\/uploads\/2024\/01\/LixoRP-Max-Gallao-Mesquita-scaled.jpg?fit=1000%2C517&ssl=1&resize=525%2C300 1.5x, https:\/\/i0.wp.com\/ismaelcolosi.com.br\/wp-content\/uploads\/2024\/01\/LixoRP-Max-Gallao-Mesquita-scaled.jpg?fit=1000%2C517&ssl=1&resize=700%2C400 2x"},"classes":[]}],"jetpack_sharing_enabled":true,"jetpack_shortlink":"https:\/\/wp.me\/pfMlyK-8Pg","_links":{"self":[{"href":"https:\/\/ismaelcolosi.com.br\/index.php\/wp-json\/wp\/v2\/posts\/33930","targetHints":{"allow":["GET"]}}],"collection":[{"href":"https:\/\/ismaelcolosi.com.br\/index.php\/wp-json\/wp\/v2\/posts"}],"about":[{"href":"https:\/\/ismaelcolosi.com.br\/index.php\/wp-json\/wp\/v2\/types\/post"}],"author":[{"embeddable":true,"href":"https:\/\/ismaelcolosi.com.br\/index.php\/wp-json\/wp\/v2\/users\/1"}],"replies":[{"embeddable":true,"href":"https:\/\/ismaelcolosi.com.br\/index.php\/wp-json\/wp\/v2\/comments?post=33930"}],"version-history":[{"count":0,"href":"https:\/\/ismaelcolosi.com.br\/index.php\/wp-json\/wp\/v2\/posts\/33930\/revisions"}],"wp:featuredmedia":[{"embeddable":true,"href":"https:\/\/ismaelcolosi.com.br\/index.php\/wp-json\/wp\/v2\/media\/33931"}],"wp:attachment":[{"href":"https:\/\/ismaelcolosi.com.br\/index.php\/wp-json\/wp\/v2\/media?parent=33930"}],"wp:term":[{"taxonomy":"category","embeddable":true,"href":"https:\/\/ismaelcolosi.com.br\/index.php\/wp-json\/wp\/v2\/categories?post=33930"},{"taxonomy":"post_tag","embeddable":true,"href":"https:\/\/ismaelcolosi.com.br\/index.php\/wp-json\/wp\/v2\/tags?post=33930"}],"curies":[{"name":"wp","href":"https:\/\/api.w.org\/{rel}","templated":true}]}}