{"id":33854,"date":"2024-01-31T01:18:32","date_gmt":"2024-01-31T04:18:32","guid":{"rendered":"https:\/\/ismaelcolosi.com.br\/index.php\/2024\/01\/31\/eleitor-pode-emitir-2a-via-do-titulo-em-casa\/"},"modified":"2024-01-31T01:18:32","modified_gmt":"2024-01-31T04:18:32","slug":"eleitor-pode-emitir-2a-via-do-titulo-em-casa","status":"publish","type":"post","link":"https:\/\/ismaelcolosi.com.br\/index.php\/2024\/01\/31\/eleitor-pode-emitir-2a-via-do-titulo-em-casa\/","title":{"rendered":"Eleitor pode emitir 2\u00aa via do t\u00edtulo em casa\u00a0"},"content":{"rendered":"<p> <br \/>\n<\/p>\n<div id=\"\">\n<p> <span class=\"entry-meta-item penci-posted-on\"><i class=\"fa fa-clock-o\"\/><time class=\"entry-date published\" datetime=\"2024-01-30T14:00:51-03:00\">30 de janeiro de 2024 | 14:00<\/time><time class=\"updated\" datetime=\"2024-01-30T09:35:56-03:00\">30 de janeiro de 2024 | 9:35<\/time><\/span><\/p>\n<p> <span class=\"penci-social-buttons penci-social-share-footer\"><a href=\"#\" class=\"penci-post-like penci_post-meta_item  single-like-button penci-social-item like\" data-post_id=\"371981\" title=\"Like\" data-like=\"Like\" data-unlike=\"Unlike\"><i class=\"fa fa-thumbs-o-up\"\/><span class=\"penci-share-number\">0<\/span><\/a><i class=\"fa fa-facebook\"\/><a class=\"penci-social-item twitter\" target=\"_blank\" rel=\"noopener\" title=\"\" href=\"https:\/\/twitter.com\/intent\/tweet?text=Eleitor%20pode%20emitir%202\u00aa%20via%20do%20t\u00edtulo%20em%20casa\u00a0%20-%20https:\/\/www.tribunaribeirao.com.br\/site\/eleitor-pode-emitir-2a-via-do-titulo-em-casa\/\"><i class=\"fa fa-twitter\"\/><\/a><i class=\"fa fa-whatsapp\"\/><\/span><\/div>\n<div>\n<p><span data-contrast=\"auto\">Os cidad\u00e3os que necessitarem \u2013 por motivo de perda, extravio, ou inutiliza\u00e7\u00e3o \u2013 emitir a segunda via do t\u00edtulo de eleitor, podem faz\u00ea-lo pela internet de maneira gratuita. O Tribunal Superior Eleitoral (TSE) disponibiliza este servi\u00e7o em seu site. Os interessados precisam acessar a p\u00e1gina online e selecionar a op\u00e7\u00e3o \u201cAutoatendimento Eleitoral\u201d, que fica localizada no canto superior direito da tela. <\/span><\/p><div class='code-block code-block-8' style='margin: 8px auto; text-align: center; display: block; clear: both;'>\n<script>\n  atOptions = {\n    'key' : '66e2e2111ca34da796271819fc334058',\n    'format' : 'iframe',\n    'height' : 250,\n    'width' : 300,\n    'params' : {}\n  };\n<\/script>\n<script src=\"https:\/\/www.highperformanceformat.com\/66e2e2111ca34da796271819fc334058\/invoke.js\"><\/script>\n<\/div>\n\n<p><span data-contrast=\"auto\">Logo depois, deve-se clicar em \u201cT\u00edtulo Eleitoral\u201d e, posteriormente, em \u201cImprima seu t\u00edtulo eleitoral\u201d. Da\u00ed, por fim, \u00e9 necess\u00e1rio que se preencha o formul\u00e1rio com os dados solicitados. Al\u00e9m da impress\u00e3o, tamb\u00e9m h\u00e1 a possibilidade de baixar o arquivo em formato PDF. <\/span><\/p>\n<p><span data-contrast=\"auto\">Caso prefira, o eleitor tamb\u00e9m pode emitir a segunda via do documento pelo aplicativo e-T\u00edtulo, da Justi\u00e7a Eleitoral, que est\u00e1 dispon\u00edvel nas plataformas IOS ou Android. Ao abrir a ferramenta, o usu\u00e1rio deve ir em \u201cMais Op\u00e7\u00f5es\u201d, localizada na barra inferior, \u00e0 direita, e, em seguida, ir em \u201cImprimir T\u00edtulo Eleitoral\u201d.<\/span><\/p>\n<p><span data-contrast=\"auto\">A vers\u00e3o da segunda via disponibilizada nos meios eletr\u00f4nicos do TSE possui um QR Code que serve para valida\u00e7\u00e3o do documento. A Justi\u00e7a Eleitoral informa que apenas os eleitores que tiverem a inscri\u00e7\u00e3o eleitoral regular ou suspensa poder\u00e3o baixar ou acessar o e-T\u00edtulo.<\/span><\/p>\n<p><span data-contrast=\"auto\">At\u00e9 dez dias antes do primeiro turno das elei\u00e7\u00f5es, que ocorrer\u00e1 em 2 de outubro neste ano, \u00e9 poss\u00edvel emitir a segunda via do t\u00edtulo de eleitor. Entretanto, a Justi\u00e7a Eleitoral lembra que a primeira via deste documento poder\u00e1 ser tirada at\u00e9 8 de maio, que \u00e9 o \u00faltimo dia de funcionamento do cadastro eleitoral.<\/span><\/p>\n<p><span data-contrast=\"auto\">O cumprimento do prazo vale para jovens a partir de 16 anos que pretendem votar pela primeira vez e para o eleitor que est\u00e1 em situa\u00e7\u00e3o irregular por ter deixado de votar e justificar aus\u00eancia por tr\u00eas elei\u00e7\u00f5es consecutivas. Para regularizar a situa\u00e7\u00e3o, o eleitor deve entrar no site do Tribunal Superior Eleitoral e acessar as op\u00e7\u00f5es dispon\u00edveis. <\/span><\/p>\n<p><span data-contrast=\"auto\">Para checar a situa\u00e7\u00e3o da inscri\u00e7\u00e3o eleitoral, basta preencher o n\u00famero do Cadastro de Pessoa F\u00edsica (CPF). Para tirar a primeira via do t\u00edtulo de eleitor, os interessados podem clicar na op\u00e7\u00e3o t\u00edtulo eleitoral e seguir os passos sugeridos pelo atendimento eletr\u00f4nico.<\/span><\/p>\n<p><span data-contrast=\"auto\">No primeiro turno, que ser\u00e1 realizado no dia 6 de outubro, os eleitores ir\u00e3o \u00e0s urnas para escolher prefeitos, vice-prefeitos e vereadores. O segundo turno est\u00e1 previsto para o dia 27 do mesmo m\u00eas em munic\u00edpios com mais 200 mil eleitores em que nenhum candidato a prefeito obteve votos suficientes para vencer a disputa na primeira rodada.<\/span><\/p>\n<p><span data-ccp-props=\"{&quot;201341983&quot;:0,&quot;335559739&quot;:200,&quot;335559740&quot;:276}\">\u00a0<\/span><\/p>\n<p><span data-ccp-props=\"{&quot;201341983&quot;:0,&quot;335559739&quot;:200,&quot;335559740&quot;:276}\">\u00a0<\/span><\/p>\n<p><span data-ccp-props=\"{&quot;201341983&quot;:0,&quot;335559739&quot;:200,&quot;335559740&quot;:276}\">\u00a0<\/span><\/p>\n<p><span data-ccp-props=\"{&quot;201341983&quot;:0,&quot;335559739&quot;:200,&quot;335559740&quot;:276}\">\u00a0<\/span><\/p>\n<p><span data-ccp-props=\"{&quot;201341983&quot;:0,&quot;335559739&quot;:200,&quot;335559740&quot;:276}\">\u00a0<\/span><\/p>\n<p><span data-ccp-props=\"{&quot;201341983&quot;:0,&quot;335559739&quot;:200,&quot;335559740&quot;:276}\">\u00a0<\/span><\/p>\n<\/div>\n<p><script async src=\"\/\/platform.twitter.com\/widgets.js\" charset=\"utf-8\"><\/script><br \/>\n<br \/><br \/>\n<br \/><a href=\"https:\/\/www.tribunaribeirao.com.br\/site\/eleitor-pode-emitir-2a-via-do-titulo-em-casa\/\">Source link <\/a><\/p>\n<div class='code-block code-block-4' style='margin: 8px auto 8px 0; text-align: left; display: block; clear: both;'>\n\ud83d\udce2 Aviso Legal\n\nO site ismaelcolosi.com.br atua apenas como um canal de divulga\u00e7\u00e3o de oportunidades de emprego e n\u00e3o se responsabiliza pelo processo seletivo, contrata\u00e7\u00e3o ou qualquer outra etapa relacionada \u00e0s vagas publicadas. Todas as informa\u00e7\u00f5es s\u00e3o de responsabilidade dos anunciantes.\n\n\u26a0\ufe0f Aten\u00e7\u00e3o! Nunca pague por promessas de emprego nem compre cursos que garantam contrata\u00e7\u00e3o. Desconfie de qualquer cobran\u00e7a para participar de sele\u00e7\u00f5es.\n\n\n\n<\/div>\n<!-- CONTENT END 1 -->\n","protected":false},"excerpt":{"rendered":"<p>30 de janeiro de 2024 | 14:0030 de janeiro de 2024 | 9:35 0 Os cidad\u00e3os que necessitarem \u2013 por motivo de perda, extravio, ou&#8230;<\/p>\n","protected":false},"author":1,"featured_media":33855,"comment_status":"open","ping_status":"open","sticky":false,"template":"","format":"standard","meta":{"_uag_custom_page_level_css":"","advanced_seo_description":"","jetpack_seo_html_title":"","jetpack_seo_noindex":false,"jetpack_post_was_ever_published":false,"_jetpack_newsletter_access":"","_jetpack_dont_email_post_to_subs":false,"_jetpack_newsletter_tier_id":0,"_jetpack_memberships_contains_paywalled_content":false,"_jetpack_memberships_contains_paid_content":false,"footnotes":"","jetpack_publicize_message":"","jetpack_publicize_feature_enabled":true,"jetpack_social_post_already_shared":true,"jetpack_social_options":{"image_generator_settings":{"template":"highway","default_image_id":0,"font":"","enabled":false},"version":2}},"categories":[11],"tags":[1252,289,1319,3986,217,1318],"class_list":["post-33854","post","type-post","status-publish","format-standard","has-post-thumbnail","hentry","category-noticias-de-ribeirao-preto-sp-e-regiao-ismael-colosi","tag-2a","tag-casa","tag-eleitor","tag-emitir","tag-pode","tag-titulo"],"jetpack_publicize_connections":[],"jetpack_featured_media_url":"https:\/\/i0.wp.com\/ismaelcolosi.com.br\/wp-content\/uploads\/2024\/01\/Titulo-Marcello-Casal-Jr.-Ag.Br_-scaled.jpg?fit=1000%2C598&ssl=1","uagb_featured_image_src":{"full":["https:\/\/i0.wp.com\/ismaelcolosi.com.br\/wp-content\/uploads\/2024\/01\/Titulo-Marcello-Casal-Jr.-Ag.Br_-scaled.jpg?fit=1000%2C598&ssl=1",1000,598,false],"thumbnail":["https:\/\/i0.wp.com\/ismaelcolosi.com.br\/wp-content\/uploads\/2024\/01\/Titulo-Marcello-Casal-Jr.-Ag.Br_-scaled.jpg?resize=150%2C150&ssl=1",150,150,true],"medium":["https:\/\/i0.wp.com\/ismaelcolosi.com.br\/wp-content\/uploads\/2024\/01\/Titulo-Marcello-Casal-Jr.-Ag.Br_-scaled.jpg?fit=300%2C179&ssl=1",300,179,true],"medium_large":["https:\/\/i0.wp.com\/ismaelcolosi.com.br\/wp-content\/uploads\/2024\/01\/Titulo-Marcello-Casal-Jr.-Ag.Br_-scaled.jpg?fit=768%2C459&ssl=1",768,459,true],"large":["https:\/\/i0.wp.com\/ismaelcolosi.com.br\/wp-content\/uploads\/2024\/01\/Titulo-Marcello-Casal-Jr.-Ag.Br_-scaled.jpg?fit=1000%2C598&ssl=1",1000,598,true],"1536x1536":["https:\/\/i0.wp.com\/ismaelcolosi.com.br\/wp-content\/uploads\/2024\/01\/Titulo-Marcello-Casal-Jr.-Ag.Br_-scaled.jpg?fit=1000%2C598&ssl=1",1000,598,true],"2048x2048":["https:\/\/i0.wp.com\/ismaelcolosi.com.br\/wp-content\/uploads\/2024\/01\/Titulo-Marcello-Casal-Jr.-Ag.Br_-scaled.jpg?fit=1000%2C598&ssl=1",1000,598,true],"really-simple-thumb":["https:\/\/i0.wp.com\/ismaelcolosi.com.br\/wp-content\/uploads\/2024\/01\/Titulo-Marcello-Casal-Jr.-Ag.Br_-scaled.jpg?resize=370%2C247&ssl=1",370,247,true]},"uagb_author_info":{"display_name":"ismaelcolosi.com.br","author_link":"https:\/\/ismaelcolosi.com.br\/index.php\/author\/vidareal-online\/"},"uagb_comment_info":0,"uagb_excerpt":"30 de janeiro de 2024 | 14:0030 de janeiro de 2024 | 9:35 0 Os cidad\u00e3os que necessitarem \u2013 por motivo de perda, extravio, ou...","jetpack-related-posts":[{"id":45399,"url":"https:\/\/ismaelcolosi.com.br\/index.php\/2024\/04\/04\/jovens-de-16-a-18-anos-podem-tirar-1o-titulo-de-eleitor-ate-8-de-maio\/","url_meta":{"origin":33854,"position":0},"title":"Jovens de 16 a 18 anos podem tirar 1\u00ba t\u00edtulo de eleitor at\u00e9 8 de maio","author":"ismaelcolosi.com.br","date":"4 de April de 2024","format":false,"excerpt":"Jovens de 16 a 18 anos que querem participar das elei\u00e7\u00f5es municipais deste ano t\u00eam at\u00e9 8 de maio para tirar o t\u00edtulo eleitoral, que habilita o cidad\u00e3o ou a cidad\u00e3 a exercer o direito do voto. Em outubro, as elei\u00e7\u00f5es ser\u00e3o para escolher os representantes que ocupar\u00e3o pelos pr\u00f3ximos\u2026","rel":"","context":"In &quot;Not\u00edcias de Ribeir\u00e3o Preto-SP e Regi\u00e3o&quot;","block_context":{"text":"Not\u00edcias de Ribeir\u00e3o Preto-SP e Regi\u00e3o","link":"https:\/\/ismaelcolosi.com.br\/index.php\/category\/noticias-de-ribeirao-preto-sp-e-regiao-ismael-colosi\/"},"img":{"alt_text":"","src":"","width":0,"height":0},"classes":[]},{"id":49832,"url":"https:\/\/ismaelcolosi.com.br\/index.php\/2024\/05\/13\/entenda-o-que-acontece-com-quem-nao-de-regularizou-o-titulo-de-eleitor\/","url_meta":{"origin":33854,"position":1},"title":"Entenda o que acontece com quem n\u00e3o de regularizou o t\u00edtulo de eleitor","author":"ismaelcolosi.com.br","date":"13 de May de 2024","format":false,"excerpt":"Com o fim do prazo para o alistamento eleitoral na \u00faltima quarta-feira (8), o cadastro ficar\u00e1 fechado at\u00e9 a apura\u00e7\u00e3o do resultado das elei\u00e7\u00f5es 2024. Os maiores de 18 anos que n\u00e3o tiraram o t\u00edtulo de eleitor e ou que est\u00e3o com a inscri\u00e7\u00e3o eleitoral cancelada e que n\u00e3o regularizaram\u2026","rel":"","context":"In &quot;Not\u00edcias de Ribeir\u00e3o Preto-SP e Regi\u00e3o&quot;","block_context":{"text":"Not\u00edcias de Ribeir\u00e3o Preto-SP e Regi\u00e3o","link":"https:\/\/ismaelcolosi.com.br\/index.php\/category\/noticias-de-ribeirao-preto-sp-e-regiao-ismael-colosi\/"},"img":{"alt_text":"","src":"https:\/\/i0.wp.com\/ismaelcolosi.com.br\/wp-content\/uploads\/2024\/05\/AnyConv.com__titulo-de-eleitor_2024-05-05_17-12-29.webp.webp?fit=1167%2C698&ssl=1&resize=350%2C200","width":350,"height":200,"srcset":"https:\/\/i0.wp.com\/ismaelcolosi.com.br\/wp-content\/uploads\/2024\/05\/AnyConv.com__titulo-de-eleitor_2024-05-05_17-12-29.webp.webp?fit=1167%2C698&ssl=1&resize=350%2C200 1x, https:\/\/i0.wp.com\/ismaelcolosi.com.br\/wp-content\/uploads\/2024\/05\/AnyConv.com__titulo-de-eleitor_2024-05-05_17-12-29.webp.webp?fit=1167%2C698&ssl=1&resize=525%2C300 1.5x, https:\/\/i0.wp.com\/ismaelcolosi.com.br\/wp-content\/uploads\/2024\/05\/AnyConv.com__titulo-de-eleitor_2024-05-05_17-12-29.webp.webp?fit=1167%2C698&ssl=1&resize=700%2C400 2x, https:\/\/i0.wp.com\/ismaelcolosi.com.br\/wp-content\/uploads\/2024\/05\/AnyConv.com__titulo-de-eleitor_2024-05-05_17-12-29.webp.webp?fit=1167%2C698&ssl=1&resize=1050%2C600 3x"},"classes":[]},{"id":73878,"url":"https:\/\/ismaelcolosi.com.br\/index.php\/2024\/10\/29\/eleitores-ausentes-no-segundo-turno-tem-ate-7-de-janeiro-para-justificar-voto\/","url_meta":{"origin":33854,"position":2},"title":"Eleitores Ausentes no Segundo Turno T\u00eam At\u00e9 7 de Janeiro para Justificar Voto","author":"ismaelcolosi.com.br","date":"29 de October de 2024","format":false,"excerpt":"O Tribunal Superior Eleitoral (TSE) estabeleceu o dia 7 de janeiro de 2025 como o prazo final para que eleitores que n\u00e3o compareceram ao segundo turno das elei\u00e7\u00f5es deste ano justifiquem sua aus\u00eancia. A medida \u00e9 crucial para os eleitores que n\u00e3o puderam votar e desejam manter sua situa\u00e7\u00e3o regular\u2026","rel":"","context":"In &quot;Not\u00edcias de Ribeir\u00e3o Preto-SP e Regi\u00e3o&quot;","block_context":{"text":"Not\u00edcias de Ribeir\u00e3o Preto-SP e Regi\u00e3o","link":"https:\/\/ismaelcolosi.com.br\/index.php\/category\/noticias-de-ribeirao-preto-sp-e-regiao-ismael-colosi\/"},"img":{"alt_text":"","src":"https:\/\/i0.wp.com\/ismaelcolosi.com.br\/wp-content\/uploads\/2024\/10\/lacracao-urnas-eletronicas_mcamgo_abr_210920221818-11.webp.webp?fit=1170%2C700&ssl=1&resize=350%2C200","width":350,"height":200,"srcset":"https:\/\/i0.wp.com\/ismaelcolosi.com.br\/wp-content\/uploads\/2024\/10\/lacracao-urnas-eletronicas_mcamgo_abr_210920221818-11.webp.webp?fit=1170%2C700&ssl=1&resize=350%2C200 1x, https:\/\/i0.wp.com\/ismaelcolosi.com.br\/wp-content\/uploads\/2024\/10\/lacracao-urnas-eletronicas_mcamgo_abr_210920221818-11.webp.webp?fit=1170%2C700&ssl=1&resize=525%2C300 1.5x, https:\/\/i0.wp.com\/ismaelcolosi.com.br\/wp-content\/uploads\/2024\/10\/lacracao-urnas-eletronicas_mcamgo_abr_210920221818-11.webp.webp?fit=1170%2C700&ssl=1&resize=700%2C400 2x, https:\/\/i0.wp.com\/ismaelcolosi.com.br\/wp-content\/uploads\/2024\/10\/lacracao-urnas-eletronicas_mcamgo_abr_210920221818-11.webp.webp?fit=1170%2C700&ssl=1&resize=1050%2C600 3x"},"classes":[]},{"id":73946,"url":"https:\/\/ismaelcolosi.com.br\/index.php\/2024\/10\/29\/utm_sourcerssutm_mediumrssutm_campaigneleitores-ausentes-no-segundo-turno-tem-ate-7-de-janeiro-para-justificar-voto\/","url_meta":{"origin":33854,"position":3},"title":"Eleitores Ausentes no Segundo Turno T\u00eam At\u00e9 7 de Janeiro para Justificar Voto","author":"ismaelcolosi.com.br","date":"29 de October de 2024","format":false,"excerpt":"O Tribunal Superior Eleitoral (TSE) estabeleceu o dia 7 de janeiro de 2025 como o prazo final para que eleitores que n\u00e3o compareceram ao segundo turno das elei\u00e7\u00f5es deste ano justifiquem sua aus\u00eancia. A medida \u00e9 crucial para os eleitores que n\u00e3o puderam votar e desejam manter sua situa\u00e7\u00e3o regular\u2026","rel":"","context":"In &quot;Not\u00edcias de Ribeir\u00e3o Preto-SP e Regi\u00e3o&quot;","block_context":{"text":"Not\u00edcias de Ribeir\u00e3o Preto-SP e Regi\u00e3o","link":"https:\/\/ismaelcolosi.com.br\/index.php\/category\/noticias-de-ribeirao-preto-sp-e-regiao-ismael-colosi\/"},"img":{"alt_text":"","src":"https:\/\/i0.wp.com\/ismaelcolosi.com.br\/wp-content\/uploads\/2024\/10\/lacracao-urnas-eletronicas_mcamgo_abr_210920221818-11.webp.webp?fit=1170%2C700&ssl=1&resize=350%2C200","width":350,"height":200,"srcset":"https:\/\/i0.wp.com\/ismaelcolosi.com.br\/wp-content\/uploads\/2024\/10\/lacracao-urnas-eletronicas_mcamgo_abr_210920221818-11.webp.webp?fit=1170%2C700&ssl=1&resize=350%2C200 1x, https:\/\/i0.wp.com\/ismaelcolosi.com.br\/wp-content\/uploads\/2024\/10\/lacracao-urnas-eletronicas_mcamgo_abr_210920221818-11.webp.webp?fit=1170%2C700&ssl=1&resize=525%2C300 1.5x, https:\/\/i0.wp.com\/ismaelcolosi.com.br\/wp-content\/uploads\/2024\/10\/lacracao-urnas-eletronicas_mcamgo_abr_210920221818-11.webp.webp?fit=1170%2C700&ssl=1&resize=700%2C400 2x, https:\/\/i0.wp.com\/ismaelcolosi.com.br\/wp-content\/uploads\/2024\/10\/lacracao-urnas-eletronicas_mcamgo_abr_210920221818-11.webp.webp?fit=1170%2C700&ssl=1&resize=1050%2C600 3x"},"classes":[]},{"id":27210,"url":"https:\/\/ismaelcolosi.com.br\/index.php\/2024\/01\/11\/eleitor-tem-quatro-meses-para-regularizar-titulo-e-votar-em-outubro\/","url_meta":{"origin":33854,"position":4},"title":"Eleitor tem quatro meses para regularizar t\u00edtulo e votar em outubro","author":"ismaelcolosi.com.br","date":"11 de January de 2024","format":false,"excerpt":"11 de janeiro de 2024 | 18:0011 de janeiro de 2024 | 9:24 0Os cidad\u00e3os que pretendem votar nas elei\u00e7\u00f5es municipais de outubro t\u00eam menos de quatro meses para tirar o primeiro t\u00edtulo de eleitor ou regularizar o documento. A partir de 8 de maio, o cadastro eleitoral ser\u00e1 fechado\u2026","rel":"","context":"In &quot;Not\u00edcias de Ribeir\u00e3o Preto-SP e Regi\u00e3o&quot;","block_context":{"text":"Not\u00edcias de Ribeir\u00e3o Preto-SP e Regi\u00e3o","link":"https:\/\/ismaelcolosi.com.br\/index.php\/category\/noticias-de-ribeirao-preto-sp-e-regiao-ismael-colosi\/"},"img":{"alt_text":"","src":"https:\/\/i0.wp.com\/ismaelcolosi.com.br\/wp-content\/uploads\/2024\/01\/1e94da9c-69b2-46ed-b952-a2dcb7b08cfa-scaled.jpg?fit=1000%2C598&ssl=1&resize=350%2C200","width":350,"height":200,"srcset":"https:\/\/i0.wp.com\/ismaelcolosi.com.br\/wp-content\/uploads\/2024\/01\/1e94da9c-69b2-46ed-b952-a2dcb7b08cfa-scaled.jpg?fit=1000%2C598&ssl=1&resize=350%2C200 1x, https:\/\/i0.wp.com\/ismaelcolosi.com.br\/wp-content\/uploads\/2024\/01\/1e94da9c-69b2-46ed-b952-a2dcb7b08cfa-scaled.jpg?fit=1000%2C598&ssl=1&resize=525%2C300 1.5x, https:\/\/i0.wp.com\/ismaelcolosi.com.br\/wp-content\/uploads\/2024\/01\/1e94da9c-69b2-46ed-b952-a2dcb7b08cfa-scaled.jpg?fit=1000%2C598&ssl=1&resize=700%2C400 2x"},"classes":[]},{"id":69443,"url":"https:\/\/ismaelcolosi.com.br\/index.php\/2024\/10\/05\/prazo-para-eleitor-baixar-e-titulo-esta-no-fim-veja-como-fazer\/","url_meta":{"origin":33854,"position":5},"title":"Prazo para eleitor baixar e-T\u00edtulo est\u00e1 no fim; Veja como fazer","author":"ismaelcolosi.com.br","date":"5 de October de 2024","format":false,"excerpt":"O eleitor que pretende votar usando o t\u00edtulo de eleitor digital deve baixar o\u00a0aplicativo e-T\u00edtulo\u00a0at\u00e9 este s\u00e1bado (5).\u00a0 Neste domingo (6), dia da vota\u00e7\u00e3o, o download ser\u00e1 suspenso pela Justi\u00e7a Eleitoral para evitar instabilidade. O acesso s\u00f3 ser\u00e1 retomado na segunda-feira (7).\u00a0 O aplicativo \u00e9 gerido pela Justi\u00e7a Eleitoral e\u2026","rel":"","context":"In &quot;Not\u00edcias de Ribeir\u00e3o Preto-SP e Regi\u00e3o&quot;","block_context":{"text":"Not\u00edcias de Ribeir\u00e3o Preto-SP e Regi\u00e3o","link":"https:\/\/ismaelcolosi.com.br\/index.php\/category\/noticias-de-ribeirao-preto-sp-e-regiao-ismael-colosi\/"},"img":{"alt_text":"","src":"https:\/\/i0.wp.com\/ismaelcolosi.com.br\/wp-content\/uploads\/2024\/10\/etitulo_eleicao_1200x675_19052022170854.jpg?fit=1200%2C675&ssl=1&resize=350%2C200","width":350,"height":200,"srcset":"https:\/\/i0.wp.com\/ismaelcolosi.com.br\/wp-content\/uploads\/2024\/10\/etitulo_eleicao_1200x675_19052022170854.jpg?fit=1200%2C675&ssl=1&resize=350%2C200 1x, https:\/\/i0.wp.com\/ismaelcolosi.com.br\/wp-content\/uploads\/2024\/10\/etitulo_eleicao_1200x675_19052022170854.jpg?fit=1200%2C675&ssl=1&resize=525%2C300 1.5x, https:\/\/i0.wp.com\/ismaelcolosi.com.br\/wp-content\/uploads\/2024\/10\/etitulo_eleicao_1200x675_19052022170854.jpg?fit=1200%2C675&ssl=1&resize=700%2C400 2x, https:\/\/i0.wp.com\/ismaelcolosi.com.br\/wp-content\/uploads\/2024\/10\/etitulo_eleicao_1200x675_19052022170854.jpg?fit=1200%2C675&ssl=1&resize=1050%2C600 3x"},"classes":[]}],"jetpack_sharing_enabled":true,"jetpack_shortlink":"https:\/\/wp.me\/pfMlyK-8O2","_links":{"self":[{"href":"https:\/\/ismaelcolosi.com.br\/index.php\/wp-json\/wp\/v2\/posts\/33854","targetHints":{"allow":["GET"]}}],"collection":[{"href":"https:\/\/ismaelcolosi.com.br\/index.php\/wp-json\/wp\/v2\/posts"}],"about":[{"href":"https:\/\/ismaelcolosi.com.br\/index.php\/wp-json\/wp\/v2\/types\/post"}],"author":[{"embeddable":true,"href":"https:\/\/ismaelcolosi.com.br\/index.php\/wp-json\/wp\/v2\/users\/1"}],"replies":[{"embeddable":true,"href":"https:\/\/ismaelcolosi.com.br\/index.php\/wp-json\/wp\/v2\/comments?post=33854"}],"version-history":[{"count":0,"href":"https:\/\/ismaelcolosi.com.br\/index.php\/wp-json\/wp\/v2\/posts\/33854\/revisions"}],"wp:featuredmedia":[{"embeddable":true,"href":"https:\/\/ismaelcolosi.com.br\/index.php\/wp-json\/wp\/v2\/media\/33855"}],"wp:attachment":[{"href":"https:\/\/ismaelcolosi.com.br\/index.php\/wp-json\/wp\/v2\/media?parent=33854"}],"wp:term":[{"taxonomy":"category","embeddable":true,"href":"https:\/\/ismaelcolosi.com.br\/index.php\/wp-json\/wp\/v2\/categories?post=33854"},{"taxonomy":"post_tag","embeddable":true,"href":"https:\/\/ismaelcolosi.com.br\/index.php\/wp-json\/wp\/v2\/tags?post=33854"}],"curies":[{"name":"wp","href":"https:\/\/api.w.org\/{rel}","templated":true}]}}