{"id":33621,"date":"2024-01-30T09:53:48","date_gmt":"2024-01-30T12:53:48","guid":{"rendered":"https:\/\/ismaelcolosi.com.br\/index.php\/2024\/01\/30\/carreta-tomba-e-deixa-transito-congestionado-em-saida-da-anhanguera\/"},"modified":"2024-01-30T09:53:48","modified_gmt":"2024-01-30T12:53:48","slug":"carreta-tomba-e-deixa-transito-congestionado-em-saida-da-anhanguera","status":"publish","type":"post","link":"https:\/\/ismaelcolosi.com.br\/index.php\/2024\/01\/30\/carreta-tomba-e-deixa-transito-congestionado-em-saida-da-anhanguera\/","title":{"rendered":"Carreta tomba e deixa tr\u00e2nsito congestionado em sa\u00edda da Anhanguera"},"content":{"rendered":"<p> <br \/>\n<\/p>\n<div id=\"post-371985\">\n<header class=\"entry-header penci-entry-header penci-title-center\">\n<h2 class=\"penci-post-subtitle\">Acidente ocorreu na rotat\u00f3ria de acesso \u00e0 Avenida Thomaz Alberto Whatelly<\/h2>\n<p> <span class=\"entry-meta-item penci-posted-on\"><i class=\"fa fa-clock-o\"\/><time class=\"entry-date published updated\" datetime=\"2024-01-30T09:39:05-03:00\">30 de janeiro de 2024 | 9:39<\/time><\/span><\/p>\n<p> <span class=\"penci-social-buttons penci-social-share-footer\"><a href=\"#\" class=\"penci-post-like penci_post-meta_item  single-like-button penci-social-item like\" data-post_id=\"371985\" title=\"Like\" data-like=\"Like\" data-unlike=\"Unlike\"><i class=\"fa fa-thumbs-o-up\"\/><span class=\"penci-share-number\">2<\/span><\/a><i class=\"fa fa-facebook\"\/><a class=\"penci-social-item twitter\" target=\"_blank\" rel=\"noopener\" title=\"\" href=\"https:\/\/twitter.com\/intent\/tweet?text=Carreta%20tomba%20e%20deixa%20tr\u00e2nsito%20congestionado%20em%20sa\u00edda%20da%20Anhanguera%20-%20https:\/\/www.tribunaribeirao.com.br\/site\/carreta-tomba-e-deixa-transito-congestionado-em-saida-da-anhanguera\/\"><i class=\"fa fa-twitter\"\/><\/a><i class=\"fa fa-whatsapp\"\/><\/span><\/header>\n<div class=\"penci-entry-content entry-content\">\n<p>Por: Adalberto Luque<\/p><div class='code-block code-block-8' style='margin: 8px auto; text-align: center; display: block; clear: both;'>\n<script>\n  atOptions = {\n    'key' : '66e2e2111ca34da796271819fc334058',\n    'format' : 'iframe',\n    'height' : 250,\n    'width' : 300,\n    'params' : {}\n  };\n<\/script>\n<script src=\"https:\/\/www.highperformanceformat.com\/66e2e2111ca34da796271819fc334058\/invoke.js\"><\/script>\n<\/div>\n\n<p>Uma carreta tombou, no final da madrugada desta ter\u00e7a-feira (30), na rotat\u00f3ria de acesso \u00e0 Avenida Thomas Alberto Whatelly e Aeroporto Leite Lopes, zona Norte de Ribeir\u00e3o Preto. O acidente ocorreu no trevo sobre a Rodovia Anhanguera, no sentido Uberaba, altura do km 314.<\/p>\n<figure id=\"attachment_371979\" aria-describedby=\"caption-attachment-371979\" style=\"width: 994px\" class=\"wp-caption alignnone\"><noscript><img data-recalc-dims=\"1\" loading=\"lazy\" decoding=\"async\" class=\"size-full wp-image-371979\" src=\"https:\/\/i0.wp.com\/www.tribunaribeirao.com.br\/site\/wp-content\/uploads\/2024\/01\/00-30-jan-2024-carreta-tombada-02-foto-max-gallao-mesquita-scaled.jpg?resize=994%2C645&#038;ssl=1\" alt=\"\" width=\"994\" height=\"645\" srcset=\"https:\/\/www.tribunaribeirao.com.br\/site\/wp-content\/uploads\/2024\/01\/00-30-jan-2024-carreta-tombada-02-foto-max-gallao-mesquita-scaled.jpg 994w, https:\/\/www.tribunaribeirao.com.br\/site\/wp-content\/uploads\/2024\/01\/00-30-jan-2024-carreta-tombada-02-foto-max-gallao-mesquita-300x195.jpg 300w, https:\/\/www.tribunaribeirao.com.br\/site\/wp-content\/uploads\/2024\/01\/00-30-jan-2024-carreta-tombada-02-foto-max-gallao-mesquita-1024x665.jpg 1024w, https:\/\/www.tribunaribeirao.com.br\/site\/wp-content\/uploads\/2024\/01\/00-30-jan-2024-carreta-tombada-02-foto-max-gallao-mesquita-768x499.jpg 768w, https:\/\/www.tribunaribeirao.com.br\/site\/wp-content\/uploads\/2024\/01\/00-30-jan-2024-carreta-tombada-02-foto-max-gallao-mesquita-1536x997.jpg 1536w, https:\/\/www.tribunaribeirao.com.br\/site\/wp-content\/uploads\/2024\/01\/00-30-jan-2024-carreta-tombada-02-foto-max-gallao-mesquita-960x623.jpg 960w, https:\/\/www.tribunaribeirao.com.br\/site\/wp-content\/uploads\/2024\/01\/00-30-jan-2024-carreta-tombada-02-foto-max-gallao-mesquita-616x400.jpg 616w, https:\/\/www.tribunaribeirao.com.br\/site\/wp-content\/uploads\/2024\/01\/00-30-jan-2024-carreta-tombada-02-foto-max-gallao-mesquita-585x380.jpg 585w\" sizes=\"auto, (max-width: 994px) 100vw, 994px\"\/><\/noscript><figcaption id=\"caption-attachment-371979\" class=\"wp-caption-text\">Tr\u00e2nsito ficou congestionado (Foto: Max Gall\u00e3o Mesquita)<\/figcaption><\/figure>\n<p>Ningu\u00e9m se feriu no acidente, mas o tr\u00e2nsito ficou congestionado. Al\u00e9m de ser acesso a quem sai da rodovia para entrar naquela regi\u00e3o do Aeroporto, a sa\u00edda tamb\u00e9m \u00e9 utilizada por moradores do Ouro Branco, C\u00e2ndido Portinari e outros bairros pr\u00f3ximos.<\/p>\n<figure id=\"attachment_371980\" aria-describedby=\"caption-attachment-371980\" style=\"width: 968px\" class=\"wp-caption alignnone\"><img data-recalc-dims=\"1\" loading=\"lazy\" decoding=\"async\" alt=\"\" width=\"968\" height=\"645\" srcset=\"https:\/\/www.tribunaribeirao.com.br\/site\/wp-content\/uploads\/2024\/01\/00-30-jan-2024-carreta-tombada-03-foto-max-gallao-mesquita-scaled.jpg 968w, https:\/\/www.tribunaribeirao.com.br\/site\/wp-content\/uploads\/2024\/01\/00-30-jan-2024-carreta-tombada-03-foto-max-gallao-mesquita-300x200.jpg 300w, https:\/\/www.tribunaribeirao.com.br\/site\/wp-content\/uploads\/2024\/01\/00-30-jan-2024-carreta-tombada-03-foto-max-gallao-mesquita-1024x682.jpg 1024w, https:\/\/www.tribunaribeirao.com.br\/site\/wp-content\/uploads\/2024\/01\/00-30-jan-2024-carreta-tombada-03-foto-max-gallao-mesquita-768x512.jpg 768w, https:\/\/www.tribunaribeirao.com.br\/site\/wp-content\/uploads\/2024\/01\/00-30-jan-2024-carreta-tombada-03-foto-max-gallao-mesquita-1536x1023.jpg 1536w, https:\/\/www.tribunaribeirao.com.br\/site\/wp-content\/uploads\/2024\/01\/00-30-jan-2024-carreta-tombada-03-foto-max-gallao-mesquita-480x320.jpg 480w, https:\/\/www.tribunaribeirao.com.br\/site\/wp-content\/uploads\/2024\/01\/00-30-jan-2024-carreta-tombada-03-foto-max-gallao-mesquita-280x186.jpg 280w, https:\/\/www.tribunaribeirao.com.br\/site\/wp-content\/uploads\/2024\/01\/00-30-jan-2024-carreta-tombada-03-foto-max-gallao-mesquita-960x640.jpg 960w, https:\/\/www.tribunaribeirao.com.br\/site\/wp-content\/uploads\/2024\/01\/00-30-jan-2024-carreta-tombada-03-foto-max-gallao-mesquita-600x400.jpg 600w, https:\/\/www.tribunaribeirao.com.br\/site\/wp-content\/uploads\/2024\/01\/00-30-jan-2024-carreta-tombada-03-foto-max-gallao-mesquita-585x390.jpg 585w\" src=\"https:\/\/i0.wp.com\/www.tribunaribeirao.com.br\/site\/wp-content\/uploads\/2024\/01\/00-30-jan-2024-carreta-tombada-03-foto-max-gallao-mesquita-scaled.jpg?resize=968%2C645&#038;ssl=1\" data-sizes=\"(max-width: 968px) 100vw, 968px\" class=\"size-full wp-image-371980 lazyload\"\/><noscript><img data-recalc-dims=\"1\" loading=\"lazy\" decoding=\"async\" class=\"size-full wp-image-371980\" src=\"https:\/\/i0.wp.com\/www.tribunaribeirao.com.br\/site\/wp-content\/uploads\/2024\/01\/00-30-jan-2024-carreta-tombada-03-foto-max-gallao-mesquita-scaled.jpg?resize=968%2C645&#038;ssl=1\" alt=\"\" width=\"968\" height=\"645\" srcset=\"https:\/\/www.tribunaribeirao.com.br\/site\/wp-content\/uploads\/2024\/01\/00-30-jan-2024-carreta-tombada-03-foto-max-gallao-mesquita-scaled.jpg 968w, https:\/\/www.tribunaribeirao.com.br\/site\/wp-content\/uploads\/2024\/01\/00-30-jan-2024-carreta-tombada-03-foto-max-gallao-mesquita-300x200.jpg 300w, https:\/\/www.tribunaribeirao.com.br\/site\/wp-content\/uploads\/2024\/01\/00-30-jan-2024-carreta-tombada-03-foto-max-gallao-mesquita-1024x682.jpg 1024w, https:\/\/www.tribunaribeirao.com.br\/site\/wp-content\/uploads\/2024\/01\/00-30-jan-2024-carreta-tombada-03-foto-max-gallao-mesquita-768x512.jpg 768w, https:\/\/www.tribunaribeirao.com.br\/site\/wp-content\/uploads\/2024\/01\/00-30-jan-2024-carreta-tombada-03-foto-max-gallao-mesquita-1536x1023.jpg 1536w, https:\/\/www.tribunaribeirao.com.br\/site\/wp-content\/uploads\/2024\/01\/00-30-jan-2024-carreta-tombada-03-foto-max-gallao-mesquita-480x320.jpg 480w, https:\/\/www.tribunaribeirao.com.br\/site\/wp-content\/uploads\/2024\/01\/00-30-jan-2024-carreta-tombada-03-foto-max-gallao-mesquita-280x186.jpg 280w, https:\/\/www.tribunaribeirao.com.br\/site\/wp-content\/uploads\/2024\/01\/00-30-jan-2024-carreta-tombada-03-foto-max-gallao-mesquita-960x640.jpg 960w, https:\/\/www.tribunaribeirao.com.br\/site\/wp-content\/uploads\/2024\/01\/00-30-jan-2024-carreta-tombada-03-foto-max-gallao-mesquita-600x400.jpg 600w, https:\/\/www.tribunaribeirao.com.br\/site\/wp-content\/uploads\/2024\/01\/00-30-jan-2024-carreta-tombada-03-foto-max-gallao-mesquita-585x390.jpg 585w\" sizes=\"auto, (max-width: 968px) 100vw, 968px\"\/><\/noscript><figcaption id=\"caption-attachment-371980\" class=\"wp-caption-text\">Acesso pela Anhanguera ficou interditado durante retirada da carreta (Foto: Max Gall\u00e3o Mesquita)<\/figcaption><\/figure>\n<p>Equipes da Pol\u00edcia Militar Rodovi\u00e1ria e da concession\u00e1ria Arteris ViaPaulista (que administra o trecho da rodovia) estiveram no local para orientar os ve\u00edculos, mas o tr\u00e2nsito ficou lento e intenso. O acesso pela Rodovia Anhanguera ficou interditado. A carreta foi retirada por volta de 09h00 e a rotat\u00f3ria foi totalmente liberada. As causas do acidente ser\u00e3o apuradas.<\/p>\n<\/div>\n<footer class=\"penci-entry-footer\"\/><\/div>\n<p><script async src=\"\/\/platform.twitter.com\/widgets.js\" charset=\"utf-8\"><\/script><br \/>\n<br \/><br \/>\n<br \/><a href=\"https:\/\/www.tribunaribeirao.com.br\/site\/carreta-tomba-e-deixa-transito-congestionado-em-saida-da-anhanguera\/\">Source link <\/a><\/p>\n<div class='code-block code-block-4' style='margin: 8px auto 8px 0; text-align: left; display: block; clear: both;'>\n\ud83d\udce2 Aviso Legal\n\nO site ismaelcolosi.com.br atua apenas como um canal de divulga\u00e7\u00e3o de oportunidades de emprego e n\u00e3o se responsabiliza pelo processo seletivo, contrata\u00e7\u00e3o ou qualquer outra etapa relacionada \u00e0s vagas publicadas. Todas as informa\u00e7\u00f5es s\u00e3o de responsabilidade dos anunciantes.\n\n\u26a0\ufe0f Aten\u00e7\u00e3o! Nunca pague por promessas de emprego nem compre cursos que garantam contrata\u00e7\u00e3o. Desconfie de qualquer cobran\u00e7a para participar de sele\u00e7\u00f5es.\n\n\n<div data-type=\"_mgwidget\" data-widget-id=\"2000896\">\n<\/div>\n<script>(function(w,q){w[q]=w[q]||[];w[q].push([\"_mgc.load\"])})(window,\"_mgq\");\n<\/script>\n<\/div>\n<!-- CONTENT END 1 -->\n","protected":false},"excerpt":{"rendered":"<p>Acidente ocorreu na rotat\u00f3ria de acesso \u00e0 Avenida Thomaz Alberto Whatelly 30 de janeiro de 2024 | 9:39 2 Por: Adalberto Luque Uma carreta tombou,&#8230;<\/p>\n","protected":false},"author":1,"featured_media":33622,"comment_status":"open","ping_status":"open","sticky":false,"template":"","format":"standard","meta":{"om_disable_all_campaigns":false,"_uag_custom_page_level_css":"","jetpack_post_was_ever_published":false,"_jetpack_newsletter_access":"","_jetpack_dont_email_post_to_subs":false,"_jetpack_newsletter_tier_id":0,"_jetpack_memberships_contains_paywalled_content":false,"_jetpack_memberships_contains_paid_content":false,"_joinchat":[],"footnotes":"","jetpack_publicize_message":"","jetpack_publicize_feature_enabled":true,"jetpack_social_post_already_shared":true,"jetpack_social_options":{"image_generator_settings":{"template":"highway","default_image_id":0,"font":"","enabled":false},"version":2}},"categories":[11],"tags":[1433,3970,3971,77,1809,1973,1092],"class_list":["post-33621","post","type-post","status-publish","format-standard","has-post-thumbnail","hentry","category-noticias-de-ribeirao-preto-sp-e-regiao-ismael-colosi","tag-anhanguera","tag-carreta","tag-congestionado","tag-deixa","tag-saida","tag-tomba","tag-transito"],"aioseo_notices":[],"jetpack_publicize_connections":[],"jetpack_featured_media_url":"https:\/\/i0.wp.com\/ismaelcolosi.com.br\/wp-content\/uploads\/2024\/01\/00-30-jan-2024-carreta-tombada-01-foto-max-gallao-mesquita-scaled.jpg?fit=994%2C645&ssl=1","uagb_featured_image_src":{"full":["https:\/\/i0.wp.com\/ismaelcolosi.com.br\/wp-content\/uploads\/2024\/01\/00-30-jan-2024-carreta-tombada-01-foto-max-gallao-mesquita-scaled.jpg?fit=994%2C645&ssl=1",994,645,false],"thumbnail":["https:\/\/i0.wp.com\/ismaelcolosi.com.br\/wp-content\/uploads\/2024\/01\/00-30-jan-2024-carreta-tombada-01-foto-max-gallao-mesquita-scaled.jpg?resize=150%2C150&ssl=1",150,150,true],"medium":["https:\/\/i0.wp.com\/ismaelcolosi.com.br\/wp-content\/uploads\/2024\/01\/00-30-jan-2024-carreta-tombada-01-foto-max-gallao-mesquita-scaled.jpg?fit=300%2C195&ssl=1",300,195,true],"medium_large":["https:\/\/i0.wp.com\/ismaelcolosi.com.br\/wp-content\/uploads\/2024\/01\/00-30-jan-2024-carreta-tombada-01-foto-max-gallao-mesquita-scaled.jpg?fit=768%2C498&ssl=1",768,498,true],"large":["https:\/\/i0.wp.com\/ismaelcolosi.com.br\/wp-content\/uploads\/2024\/01\/00-30-jan-2024-carreta-tombada-01-foto-max-gallao-mesquita-scaled.jpg?fit=994%2C645&ssl=1",994,645,true],"1536x1536":["https:\/\/i0.wp.com\/ismaelcolosi.com.br\/wp-content\/uploads\/2024\/01\/00-30-jan-2024-carreta-tombada-01-foto-max-gallao-mesquita-scaled.jpg?fit=994%2C645&ssl=1",994,645,true],"2048x2048":["https:\/\/i0.wp.com\/ismaelcolosi.com.br\/wp-content\/uploads\/2024\/01\/00-30-jan-2024-carreta-tombada-01-foto-max-gallao-mesquita-scaled.jpg?fit=994%2C645&ssl=1",994,645,true],"really-simple-thumb":["https:\/\/i0.wp.com\/ismaelcolosi.com.br\/wp-content\/uploads\/2024\/01\/00-30-jan-2024-carreta-tombada-01-foto-max-gallao-mesquita-scaled.jpg?resize=370%2C247&ssl=1",370,247,true]},"uagb_author_info":{"display_name":"ismaelcolosi.com.br","author_link":"https:\/\/ismaelcolosi.com.br\/index.php\/author\/vidareal-online\/"},"uagb_comment_info":0,"uagb_excerpt":"Acidente ocorreu na rotat\u00f3ria de acesso \u00e0 Avenida Thomaz Alberto Whatelly 30 de janeiro de 2024 | 9:39 2 Por: Adalberto Luque Uma carreta tombou,...","jetpack-related-posts":[{"id":72780,"url":"https:\/\/ismaelcolosi.com.br\/index.php\/2024\/10\/23\/caminhao-carregado-de-telhas-tomba-em-rotatoria-da-anhanguera-em-ribeirao\/","url_meta":{"origin":33621,"position":0},"title":"Caminh\u00e3o carregado de telhas tomba em rotat\u00f3ria da Anhanguera em Ribeir\u00e3o","author":"ismaelcolosi.com.br","date":"23 de October de 2024","format":false,"excerpt":"Um caminh\u00e3o carregado de telhas tombou na manh\u00e3 desta quarta-feira (23), na rotat\u00f3ria de acesso ao bairro C\u00e2ndido Portinari pela rodovia Anhanguera (SP-330), na zona Leste de Ribeir\u00e3o Preto. Apesar do susto e danos, n\u00e3o houve registro de feridos. O tr\u00e2nsito na via marginal, entre a avenida Thomaz Alberto Whately\u2026","rel":"","context":"In &quot;Not\u00edcias de Ribeir\u00e3o Preto-SP e Regi\u00e3o&quot;","block_context":{"text":"Not\u00edcias de Ribeir\u00e3o Preto-SP e Regi\u00e3o","link":"https:\/\/ismaelcolosi.com.br\/index.php\/category\/noticias-de-ribeirao-preto-sp-e-regiao-ismael-colosi\/"},"img":{"alt_text":"","src":"https:\/\/i0.wp.com\/ismaelcolosi.com.br\/wp-content\/uploads\/2024\/10\/CAMINHAO_2024-10-23_13-53-10_jpg_2024-10-23_13-53-10.webp.webp?fit=1200%2C864&ssl=1&resize=350%2C200","width":350,"height":200,"srcset":"https:\/\/i0.wp.com\/ismaelcolosi.com.br\/wp-content\/uploads\/2024\/10\/CAMINHAO_2024-10-23_13-53-10_jpg_2024-10-23_13-53-10.webp.webp?fit=1200%2C864&ssl=1&resize=350%2C200 1x, https:\/\/i0.wp.com\/ismaelcolosi.com.br\/wp-content\/uploads\/2024\/10\/CAMINHAO_2024-10-23_13-53-10_jpg_2024-10-23_13-53-10.webp.webp?fit=1200%2C864&ssl=1&resize=525%2C300 1.5x, https:\/\/i0.wp.com\/ismaelcolosi.com.br\/wp-content\/uploads\/2024\/10\/CAMINHAO_2024-10-23_13-53-10_jpg_2024-10-23_13-53-10.webp.webp?fit=1200%2C864&ssl=1&resize=700%2C400 2x, https:\/\/i0.wp.com\/ismaelcolosi.com.br\/wp-content\/uploads\/2024\/10\/CAMINHAO_2024-10-23_13-53-10_jpg_2024-10-23_13-53-10.webp.webp?fit=1200%2C864&ssl=1&resize=1050%2C600 3x"},"classes":[]},{"id":65034,"url":"https:\/\/ismaelcolosi.com.br\/index.php\/2024\/09\/10\/carreta-tomba-na-rodovia-anhanguera-apos-pneu-estourar\/","url_meta":{"origin":33621,"position":1},"title":"Carreta tomba na rodovia Anhanguera ap\u00f3s pneu estourar","author":"ismaelcolosi.com.br","date":"10 de September de 2024","format":false,"excerpt":"Uma carreta tombou, no come\u00e7o da tarde desta ter\u00e7a-feira (10), na rodovia Anhanguera, pr\u00f3ximo a entrada do aeroporto Leite Lopes, em Ribeir\u00e3o Preto. O acidente aconteceu ap\u00f3s o pneu dianteiro estourar na altura do quil\u00f4metro 312. Segundo informa\u00e7\u00f5es apuradas pela EPTV, o motorista da carreta seguia pela rodovia no sentido\u2026","rel":"","context":"In &quot;Not\u00edcias de Ribeir\u00e3o Preto-SP e Regi\u00e3o&quot;","block_context":{"text":"Not\u00edcias de Ribeir\u00e3o Preto-SP e Regi\u00e3o","link":"https:\/\/ismaelcolosi.com.br\/index.php\/category\/noticias-de-ribeirao-preto-sp-e-regiao-ismael-colosi\/"},"img":{"alt_text":"","src":"https:\/\/i0.wp.com\/ismaelcolosi.com.br\/wp-content\/uploads\/2024\/09\/capotamento-anhanguera_2024-09-10_16-19-15_jpg_2024-09-10_16-19-15.webp.webp?fit=1200%2C913&ssl=1&resize=350%2C200","width":350,"height":200,"srcset":"https:\/\/i0.wp.com\/ismaelcolosi.com.br\/wp-content\/uploads\/2024\/09\/capotamento-anhanguera_2024-09-10_16-19-15_jpg_2024-09-10_16-19-15.webp.webp?fit=1200%2C913&ssl=1&resize=350%2C200 1x, https:\/\/i0.wp.com\/ismaelcolosi.com.br\/wp-content\/uploads\/2024\/09\/capotamento-anhanguera_2024-09-10_16-19-15_jpg_2024-09-10_16-19-15.webp.webp?fit=1200%2C913&ssl=1&resize=525%2C300 1.5x, https:\/\/i0.wp.com\/ismaelcolosi.com.br\/wp-content\/uploads\/2024\/09\/capotamento-anhanguera_2024-09-10_16-19-15_jpg_2024-09-10_16-19-15.webp.webp?fit=1200%2C913&ssl=1&resize=700%2C400 2x, https:\/\/i0.wp.com\/ismaelcolosi.com.br\/wp-content\/uploads\/2024\/09\/capotamento-anhanguera_2024-09-10_16-19-15_jpg_2024-09-10_16-19-15.webp.webp?fit=1200%2C913&ssl=1&resize=1050%2C600 3x"},"classes":[]},{"id":51718,"url":"https:\/\/ismaelcolosi.com.br\/index.php\/2024\/05\/30\/onibus-com-66-pessoas-tomba-e-deixa-1-morto-e-4-feridos-na-rodovia-anhanguera\/","url_meta":{"origin":33621,"position":2},"title":"\u00d4nibus com 66 pessoas tomba e deixa 1 morto e 4 feridos na rodovia Anhanguera \u00a0","author":"ismaelcolosi.com.br","date":"30 de May de 2024","format":false,"excerpt":"Um \u00f4nibus com 66 pessoas tombou na madrugada desta quinta-feira (30) e deixou um morto e quatro feridos, entre os quais um em estado grave, no km 301 da rodovia Anhanguera, entre Cravinhos e Ribeir\u00e3o Preto. O ve\u00edculo havia sa\u00eddo de Suzano (SP) e seguia com destino a Caldas Nova\u2026","rel":"","context":"In &quot;Not\u00edcias de Ribeir\u00e3o Preto-SP e Regi\u00e3o&quot;","block_context":{"text":"Not\u00edcias de Ribeir\u00e3o Preto-SP e Regi\u00e3o","link":"https:\/\/ismaelcolosi.com.br\/index.php\/category\/noticias-de-ribeirao-preto-sp-e-regiao-ismael-colosi\/"},"img":{"alt_text":"","src":"https:\/\/i0.wp.com\/ismaelcolosi.com.br\/wp-content\/uploads\/2024\/05\/WhatsApp-Image-2024-05-30-at-07.00.42_2024-05-30_10-22-40_jpeg_2024-05-30_10-22-41-scaled.webp.webp?fit=1200%2C675&ssl=1&resize=350%2C200","width":350,"height":200,"srcset":"https:\/\/i0.wp.com\/ismaelcolosi.com.br\/wp-content\/uploads\/2024\/05\/WhatsApp-Image-2024-05-30-at-07.00.42_2024-05-30_10-22-40_jpeg_2024-05-30_10-22-41-scaled.webp.webp?fit=1200%2C675&ssl=1&resize=350%2C200 1x, https:\/\/i0.wp.com\/ismaelcolosi.com.br\/wp-content\/uploads\/2024\/05\/WhatsApp-Image-2024-05-30-at-07.00.42_2024-05-30_10-22-40_jpeg_2024-05-30_10-22-41-scaled.webp.webp?fit=1200%2C675&ssl=1&resize=525%2C300 1.5x, https:\/\/i0.wp.com\/ismaelcolosi.com.br\/wp-content\/uploads\/2024\/05\/WhatsApp-Image-2024-05-30-at-07.00.42_2024-05-30_10-22-40_jpeg_2024-05-30_10-22-41-scaled.webp.webp?fit=1200%2C675&ssl=1&resize=700%2C400 2x, https:\/\/i0.wp.com\/ismaelcolosi.com.br\/wp-content\/uploads\/2024\/05\/WhatsApp-Image-2024-05-30-at-07.00.42_2024-05-30_10-22-40_jpeg_2024-05-30_10-22-41-scaled.webp.webp?fit=1200%2C675&ssl=1&resize=1050%2C600 3x"},"classes":[]},{"id":44167,"url":"https:\/\/ismaelcolosi.com.br\/index.php\/2024\/03\/26\/carreta-tomba-no-trevao-da-anhanguera-em-ribeirao-preto-veja-o-video\/","url_meta":{"origin":33621,"position":3},"title":"Carreta tomba no Trev\u00e3o da Anhanguera em Ribeir\u00e3o Preto; Veja o v\u00eddeo","author":"ismaelcolosi.com.br","date":"26 de March de 2024","format":false,"excerpt":"Uma carreta tombou no Trev\u00e3o da rodovia Anhanguera, em Ribeir\u00e3o Preto, na manh\u00e3 desta ter\u00e7a-feira (26) \u2013 veja o v\u00eddeo abaixo. VEJA O V\u00cdDEO Ver essa foto no Instagram Uma publica\u00e7\u00e3o compartilhada por acidade on Ribeir\u00e3o (@acidadeonribeirao) A carga de amendoim transportada pela carreta, que seguia na al\u00e7a sentido da\u2026","rel":"","context":"In &quot;Not\u00edcias de Ribeir\u00e3o Preto-SP e Regi\u00e3o&quot;","block_context":{"text":"Not\u00edcias de Ribeir\u00e3o Preto-SP e Regi\u00e3o","link":"https:\/\/ismaelcolosi.com.br\/index.php\/category\/noticias-de-ribeirao-preto-sp-e-regiao-ismael-colosi\/"},"img":{"alt_text":"","src":"https:\/\/i0.wp.com\/ismaelcolosi.com.br\/wp-content\/uploads\/2024\/03\/AnyConv.com__carreta-tomba.webp.webp?fit=1200%2C696&ssl=1&resize=350%2C200","width":350,"height":200,"srcset":"https:\/\/i0.wp.com\/ismaelcolosi.com.br\/wp-content\/uploads\/2024\/03\/AnyConv.com__carreta-tomba.webp.webp?fit=1200%2C696&ssl=1&resize=350%2C200 1x, https:\/\/i0.wp.com\/ismaelcolosi.com.br\/wp-content\/uploads\/2024\/03\/AnyConv.com__carreta-tomba.webp.webp?fit=1200%2C696&ssl=1&resize=525%2C300 1.5x, https:\/\/i0.wp.com\/ismaelcolosi.com.br\/wp-content\/uploads\/2024\/03\/AnyConv.com__carreta-tomba.webp.webp?fit=1200%2C696&ssl=1&resize=700%2C400 2x, https:\/\/i0.wp.com\/ismaelcolosi.com.br\/wp-content\/uploads\/2024\/03\/AnyConv.com__carreta-tomba.webp.webp?fit=1200%2C696&ssl=1&resize=1050%2C600 3x"},"classes":[]},{"id":51720,"url":"https:\/\/ismaelcolosi.com.br\/index.php\/2024\/05\/30\/onibus-com-66-pessoas-tomba-e-deixa-1-morto-e-feridos-na-rodovia-anhanguera\/","url_meta":{"origin":33621,"position":4},"title":"\u00d4nibus com 66 pessoas tomba e deixa 1 morto e feridos na rodovia Anhanguera \u00a0","author":"ismaelcolosi.com.br","date":"30 de May de 2024","format":false,"excerpt":"Um \u00f4nibus com 66 pessoas tombou na madrugada desta quinta-feira (30) e deixou um morto e ao menos quatro feridos, entre os quais um em estado grave, no km 301 da rodovia Anhanguera, entre Cravinhos e Ribeir\u00e3o Preto. O ve\u00edculo havia sa\u00eddo de Suzano (SP) e seguia com destino a\u2026","rel":"","context":"In &quot;Not\u00edcias de Ribeir\u00e3o Preto-SP e Regi\u00e3o&quot;","block_context":{"text":"Not\u00edcias de Ribeir\u00e3o Preto-SP e Regi\u00e3o","link":"https:\/\/ismaelcolosi.com.br\/index.php\/category\/noticias-de-ribeirao-preto-sp-e-regiao-ismael-colosi\/"},"img":{"alt_text":"","src":"https:\/\/i0.wp.com\/ismaelcolosi.com.br\/wp-content\/uploads\/2024\/05\/WhatsApp-Image-2024-05-30-at-07.00.42_2024-05-30_10-22-40_jpeg_2024-05-30_10-22-41-scaled.webp.webp?fit=1200%2C675&ssl=1&resize=350%2C200","width":350,"height":200,"srcset":"https:\/\/i0.wp.com\/ismaelcolosi.com.br\/wp-content\/uploads\/2024\/05\/WhatsApp-Image-2024-05-30-at-07.00.42_2024-05-30_10-22-40_jpeg_2024-05-30_10-22-41-scaled.webp.webp?fit=1200%2C675&ssl=1&resize=350%2C200 1x, https:\/\/i0.wp.com\/ismaelcolosi.com.br\/wp-content\/uploads\/2024\/05\/WhatsApp-Image-2024-05-30-at-07.00.42_2024-05-30_10-22-40_jpeg_2024-05-30_10-22-41-scaled.webp.webp?fit=1200%2C675&ssl=1&resize=525%2C300 1.5x, https:\/\/i0.wp.com\/ismaelcolosi.com.br\/wp-content\/uploads\/2024\/05\/WhatsApp-Image-2024-05-30-at-07.00.42_2024-05-30_10-22-40_jpeg_2024-05-30_10-22-41-scaled.webp.webp?fit=1200%2C675&ssl=1&resize=700%2C400 2x, https:\/\/i0.wp.com\/ismaelcolosi.com.br\/wp-content\/uploads\/2024\/05\/WhatsApp-Image-2024-05-30-at-07.00.42_2024-05-30_10-22-40_jpeg_2024-05-30_10-22-41-scaled.webp.webp?fit=1200%2C675&ssl=1&resize=1050%2C600 3x"},"classes":[]},{"id":2375,"url":"https:\/\/ismaelcolosi.com.br\/index.php\/2023\/11\/15\/dois-acidentes-e-obras-complicam-o-transito-na-anhanguera-em-ribeirao\/","url_meta":{"origin":33621,"position":5},"title":"Dois acidentes e obras complicam o tr\u00e2nsito na Anhanguera em Ribeir\u00e3o","author":"ismaelcolosi.com.br","date":"15 de November de 2023","format":false,"excerpt":"Dois acidentes e obras de manuten\u00e7\u00e3o da pista complicaram o tr\u00e2nsito na rodovia Anhanguera, em Ribeir\u00e3o Preto, no final da manh\u00e3 desta quarta-feira (15). Segundo a Arteris, concession\u00e1ria respons\u00e1vel pelo trecho da rodovia, foram dois acidentes no km 304 da Anhanguera (SP-330) no sentido Sul (interior \u2013 capital). Os acidentes\u2026","rel":"","context":"In &quot;Not\u00edcias de Ribeir\u00e3o Preto-SP e Regi\u00e3o&quot;","block_context":{"text":"Not\u00edcias de Ribeir\u00e3o Preto-SP e Regi\u00e3o","link":"https:\/\/ismaelcolosi.com.br\/index.php\/category\/noticias-de-ribeirao-preto-sp-e-regiao-ismael-colosi\/"},"img":{"alt_text":"","src":"https:\/\/i0.wp.com\/ismaelcolosi.com.br\/wp-content\/uploads\/2023\/11\/WhatsApp-Image-2023-11-15-at-12.14.12.jpeg?fit=1200%2C823&ssl=1&resize=350%2C200","width":350,"height":200,"srcset":"https:\/\/i0.wp.com\/ismaelcolosi.com.br\/wp-content\/uploads\/2023\/11\/WhatsApp-Image-2023-11-15-at-12.14.12.jpeg?fit=1200%2C823&ssl=1&resize=350%2C200 1x, https:\/\/i0.wp.com\/ismaelcolosi.com.br\/wp-content\/uploads\/2023\/11\/WhatsApp-Image-2023-11-15-at-12.14.12.jpeg?fit=1200%2C823&ssl=1&resize=525%2C300 1.5x, https:\/\/i0.wp.com\/ismaelcolosi.com.br\/wp-content\/uploads\/2023\/11\/WhatsApp-Image-2023-11-15-at-12.14.12.jpeg?fit=1200%2C823&ssl=1&resize=700%2C400 2x, https:\/\/i0.wp.com\/ismaelcolosi.com.br\/wp-content\/uploads\/2023\/11\/WhatsApp-Image-2023-11-15-at-12.14.12.jpeg?fit=1200%2C823&ssl=1&resize=1050%2C600 3x"},"classes":[]}],"jetpack_sharing_enabled":true,"jetpack_shortlink":"https:\/\/wp.me\/pfMlyK-8Kh","_links":{"self":[{"href":"https:\/\/ismaelcolosi.com.br\/index.php\/wp-json\/wp\/v2\/posts\/33621","targetHints":{"allow":["GET"]}}],"collection":[{"href":"https:\/\/ismaelcolosi.com.br\/index.php\/wp-json\/wp\/v2\/posts"}],"about":[{"href":"https:\/\/ismaelcolosi.com.br\/index.php\/wp-json\/wp\/v2\/types\/post"}],"author":[{"embeddable":true,"href":"https:\/\/ismaelcolosi.com.br\/index.php\/wp-json\/wp\/v2\/users\/1"}],"replies":[{"embeddable":true,"href":"https:\/\/ismaelcolosi.com.br\/index.php\/wp-json\/wp\/v2\/comments?post=33621"}],"version-history":[{"count":0,"href":"https:\/\/ismaelcolosi.com.br\/index.php\/wp-json\/wp\/v2\/posts\/33621\/revisions"}],"wp:featuredmedia":[{"embeddable":true,"href":"https:\/\/ismaelcolosi.com.br\/index.php\/wp-json\/wp\/v2\/media\/33622"}],"wp:attachment":[{"href":"https:\/\/ismaelcolosi.com.br\/index.php\/wp-json\/wp\/v2\/media?parent=33621"}],"wp:term":[{"taxonomy":"category","embeddable":true,"href":"https:\/\/ismaelcolosi.com.br\/index.php\/wp-json\/wp\/v2\/categories?post=33621"},{"taxonomy":"post_tag","embeddable":true,"href":"https:\/\/ismaelcolosi.com.br\/index.php\/wp-json\/wp\/v2\/tags?post=33621"}],"curies":[{"name":"wp","href":"https:\/\/api.w.org\/{rel}","templated":true}]}}