{"id":33529,"date":"2024-01-29T21:17:23","date_gmt":"2024-01-30T00:17:23","guid":{"rendered":"https:\/\/ismaelcolosi.com.br\/index.php\/2024\/01\/29\/cachorro-e-resgatado-apos-ser-amarrado-e-abandonado-em-rodovia-na-regiao-de-ribeirao-veja-o-video\/"},"modified":"2024-01-29T21:17:23","modified_gmt":"2024-01-30T00:17:23","slug":"cachorro-e-resgatado-apos-ser-amarrado-e-abandonado-em-rodovia-na-regiao-de-ribeirao-veja-o-video","status":"publish","type":"post","link":"https:\/\/ismaelcolosi.com.br\/index.php\/2024\/01\/29\/cachorro-e-resgatado-apos-ser-amarrado-e-abandonado-em-rodovia-na-regiao-de-ribeirao-veja-o-video\/","title":{"rendered":"Cachorro \u00e9 resgatado ap\u00f3s ser amarrado e abandonado em rodovia na regi\u00e3o de Ribeir\u00e3o; Veja o v\u00eddeo"},"content":{"rendered":"<p> <br \/>\n<\/p>\n<div>\n<p>Um <strong>cachorro<\/strong> foi resgatado na<strong> rodovia Anhanguera (SP-330)<\/strong>, pr\u00f3ximo ao quil\u00f4metro 244, na regi\u00e3o de <strong>Ribeir\u00e3o Preto<\/strong>, na manh\u00e3 desta segunda-feira (29), ap\u00f3s ser <strong>amarrado <\/strong>e <strong>abandonado <\/strong>na <strong>defensa met\u00e1lica<\/strong> do local.<\/p>\n<p>Um condutor foi quem teria visto o animal amarrado e acionado a <strong>Arteris ViaPaulista<\/strong> para efetuar o resgate \u2013 <mark style=\"background-color:#fcb900\" class=\"has-inline-color\">veja o v\u00eddeo abaixo.<\/mark><\/p>\n<p>De acordo com a concession\u00e1ria respons\u00e1vel pela rodovia, a equipe se deslocou at\u00e9 o local para atender uma ocorr\u00eancia envolvendo abandono e maus-tratos de animais.<\/p>\n<p>Chegando ao local, foi verificada a situa\u00e7\u00e3o do c\u00e3o e, na sequ\u00eancia, acionado um segundo recurso para <strong>viabilizar o transporte adequado e seguro para o animal<\/strong>. <mark style=\"background-color:#fcb900\" class=\"has-inline-color\">Segundo a <strong>Entrevias<\/strong>, o cachorro foi encontrado com <strong>alguns ferimentos<\/strong> e aparentava estar <strong>desidratado<\/strong>.<\/mark><\/p>\n<h4 class=\"wp-block-heading\"><strong>Cachorro foi levado para um abrigo<\/strong><\/h4>\n<p>Ap\u00f3s o resgate, o animal foi levado para um<strong> s\u00edtio-abrigo<\/strong> em <strong>Brodowski<\/strong>, a cerca de 29 quil\u00f4metros de Ribeir\u00e3o Preto, com o qual a concession\u00e1ria tem conv\u00eanio. <\/p>\n<p>Para este lugar s\u00e3o encaminhados animais dom\u00e9sticos encontrados abandonados nas rodovias, como c\u00e3es e gatos, al\u00e9m de equinos e bovinos \u2013 que ficam separados dos animais de pequenos portes.<\/p>\n<p>No decorrer desta segunda-feira, <strong>o c\u00e3o passou pela primeira consulta com um veterin\u00e1rio<\/strong> e foi medicado. <strong>O estado de sa\u00fade dele \u00e9 considerado est\u00e1vel.<\/strong> Agora o animal permanecer\u00e1 no local, recebendo os cuidados veterin\u00e1rios necess\u00e1rios.<\/p>\n<p>Caso o tutor procure pelo animal, ele dever\u00e1 assinar um <strong>termo de responsabilidade<\/strong> e o animal ser\u00e1 devolvido. Caso n\u00e3o, posteriormente, depois de recuperado, o cachorro seguir\u00e1 para <strong>ado\u00e7\u00e3o<\/strong>, e ONGs e poss\u00edveis interessados ser\u00e3o contatados.<\/p>\n<h4 class=\"wp-block-heading\"><strong>Abandono de animais \u00e9 crime<\/strong><\/h4>\n<p>Vale ressaltar que, o <strong>abandono de animal \u00e9 considerado crime<\/strong>, e est\u00e1 previsto na <em>Lei Federal 9605\/98<\/em>. Em 2020, com a aprova\u00e7\u00e3o da <em>Lei Federal 14.064\/20<\/em>, a pena para maus-tratos a c\u00e3es ou gatos passou a ser de 2 a 5 anos de reclus\u00e3o, multa e proibi\u00e7\u00e3o da guarda.<\/p>\n<blockquote class=\"twitter-tweet\" data-media-max-width=\"560\">\n<p lang=\"pt\" dir=\"ltr\">Um cachorro foi resgatado na rodovia Anhanguera (SP-330), pr\u00f3ximo ao quil\u00f4metro 244, na regi\u00e3o de Ribeir\u00e3o Preto, na manh\u00e3 desta segunda-feira (29), ap\u00f3s ser amarrado e abandonado na defensa met\u00e1lica do local.<\/p>\n<p>Saiba mais no site: <a href=\"https:\/\/t.co\/iGynbiHnSr\">https:\/\/t.co\/iGynbiHnSr<\/a> <a href=\"https:\/\/t.co\/C0PGs9msho\">pic.twitter.com\/C0PGs9msho<\/a><\/p>\n<p>\u2014 acidade on Ribeir\u00e3o e Regi\u00e3o (@acidadeonrp) <a href=\"https:\/\/twitter.com\/acidadeonrp\/status\/1752109686042530105?ref_src=twsrc%5Etfw\">January 29, 2024<\/a><\/p><\/blockquote>\n<p>SAIBA MAIS<\/p>\n<p>Prefeitura de Ribeir\u00e3o Preto anuncia medidas de emerg\u00eancia para avenida Nove de Julho<\/p>\n<h4 class=\"wp-block-heading\"><strong><mark style=\"background-color:#fcb900\" class=\"has-inline-color\">FIQUE ON<\/mark><\/strong><\/h4>\n<p>Fique ligado em tudo que acontece em Ribeir\u00e3o Preto e regi\u00e3o. Siga os perfis do\u00a0<strong>acidade on<\/strong>\u00a0no\u00a0<a href=\"https:\/\/www.instagram.com\/acidadeonribeirao\" target=\"_blank\" rel=\"noreferrer noopener\">Instagram<\/a>\u00a0e no<a href=\"https:\/\/www.facebook.com\/acidadeonribeirao\" target=\"_blank\" rel=\"noreferrer noopener\">\u00a0Facebook.<\/a><\/p>\n<p>Receba not\u00edcias do\u00a0<strong>acidade on<\/strong>\u00a0no WhatsApp.<a href=\"https:\/\/chat.whatsapp.com\/Bnv2w66ZT4VDyZW3oiZ69n\" target=\"_blank\" rel=\"noreferrer noopener\">\u00a0Para entrar no grupo, basta clicar aqui.<\/a><\/p>\n<p>Fa\u00e7a uma den\u00fancia ou sugira uma reportagem sobre Ribeir\u00e3o Preto e regi\u00e3o pelo WhatsApp: 16 99117 7802.<\/p>\n<p>VEJA TAMB\u00c9M<\/p>\n<p>Posso levar meu cachorro ou gato para a praia?<\/p>\n<p><!-- AI CONTENT END 1 -->\n<\/div>\n<p><script async src=\"\/\/platform.twitter.com\/widgets.js\" charset=\"utf-8\"><\/script><script async src=\"\/\/www.instagram.com\/embed.js\"><\/script><br \/>\n<br \/><br \/>\n<br \/><a href=\"https:\/\/www.acidadeon.com\/ribeiraopreto\/cotidiano\/cachorro-e-resgatado-apos-ser-amarrado-e-abandonado-em-rodovia-na-regiao-de-ribeirao-veja-o-video\/\">Source link <\/a><\/p>\n<div class='code-block code-block-4' style='margin: 8px auto 8px 0; text-align: left; display: block; clear: both;'>\n\ud83d\udce2 Aviso Legal\n\nO site ismaelcolosi.com.br atua apenas como um canal de divulga\u00e7\u00e3o de oportunidades de emprego e n\u00e3o se responsabiliza pelo processo seletivo, contrata\u00e7\u00e3o ou qualquer outra etapa relacionada \u00e0s vagas publicadas. Todas as informa\u00e7\u00f5es s\u00e3o de responsabilidade dos anunciantes.\n\n\u26a0\ufe0f Aten\u00e7\u00e3o! Nunca pague por promessas de emprego nem compre cursos que garantam contrata\u00e7\u00e3o. Desconfie de qualquer cobran\u00e7a para participar de sele\u00e7\u00f5es.\n\n\n\n<\/div>\n<!-- CONTENT END 1 -->\n","protected":false},"excerpt":{"rendered":"<p>Um cachorro foi resgatado na rodovia Anhanguera (SP-330), pr\u00f3ximo ao quil\u00f4metro 244, na regi\u00e3o de Ribeir\u00e3o Preto, na manh\u00e3 desta segunda-feira (29), ap\u00f3s ser amarrado&#8230;<\/p>\n","protected":false},"author":1,"featured_media":33530,"comment_status":"open","ping_status":"open","sticky":false,"template":"","format":"standard","meta":{"_uag_custom_page_level_css":"","advanced_seo_description":"","jetpack_seo_html_title":"","jetpack_seo_noindex":false,"jetpack_post_was_ever_published":false,"_jetpack_newsletter_access":"","_jetpack_dont_email_post_to_subs":false,"_jetpack_newsletter_tier_id":0,"_jetpack_memberships_contains_paywalled_content":false,"_jetpack_memberships_contains_paid_content":false,"footnotes":"","jetpack_publicize_message":"","jetpack_publicize_feature_enabled":true,"jetpack_social_post_already_shared":true,"jetpack_social_options":{"image_generator_settings":{"template":"highway","default_image_id":0,"font":"","enabled":false},"version":2}},"categories":[11],"tags":[],"class_list":["post-33529","post","type-post","status-publish","format-standard","has-post-thumbnail","hentry","category-noticias-de-ribeirao-preto-sp-e-regiao-ismael-colosi"],"jetpack_publicize_connections":[],"jetpack_featured_media_url":"https:\/\/i0.wp.com\/ismaelcolosi.com.br\/wp-content\/uploads\/2024\/01\/Copia-de-Copia-de-TAMANHO-EXATO-PARA-FOTOS-NO-SISTEMA-NOVO-23.png?fit=1200%2C675&ssl=1","uagb_featured_image_src":{"full":["https:\/\/i0.wp.com\/ismaelcolosi.com.br\/wp-content\/uploads\/2024\/01\/Copia-de-Copia-de-TAMANHO-EXATO-PARA-FOTOS-NO-SISTEMA-NOVO-23.png?fit=1200%2C675&ssl=1",1200,675,false],"thumbnail":["https:\/\/i0.wp.com\/ismaelcolosi.com.br\/wp-content\/uploads\/2024\/01\/Copia-de-Copia-de-TAMANHO-EXATO-PARA-FOTOS-NO-SISTEMA-NOVO-23.png?resize=150%2C150&ssl=1",150,150,true],"medium":["https:\/\/i0.wp.com\/ismaelcolosi.com.br\/wp-content\/uploads\/2024\/01\/Copia-de-Copia-de-TAMANHO-EXATO-PARA-FOTOS-NO-SISTEMA-NOVO-23.png?fit=300%2C169&ssl=1",300,169,true],"medium_large":["https:\/\/i0.wp.com\/ismaelcolosi.com.br\/wp-content\/uploads\/2024\/01\/Copia-de-Copia-de-TAMANHO-EXATO-PARA-FOTOS-NO-SISTEMA-NOVO-23.png?fit=768%2C432&ssl=1",768,432,true],"large":["https:\/\/i0.wp.com\/ismaelcolosi.com.br\/wp-content\/uploads\/2024\/01\/Copia-de-Copia-de-TAMANHO-EXATO-PARA-FOTOS-NO-SISTEMA-NOVO-23.png?fit=1024%2C576&ssl=1",1024,576,true],"1536x1536":["https:\/\/i0.wp.com\/ismaelcolosi.com.br\/wp-content\/uploads\/2024\/01\/Copia-de-Copia-de-TAMANHO-EXATO-PARA-FOTOS-NO-SISTEMA-NOVO-23.png?fit=1200%2C675&ssl=1",1200,675,true],"2048x2048":["https:\/\/i0.wp.com\/ismaelcolosi.com.br\/wp-content\/uploads\/2024\/01\/Copia-de-Copia-de-TAMANHO-EXATO-PARA-FOTOS-NO-SISTEMA-NOVO-23.png?fit=1200%2C675&ssl=1",1200,675,true],"really-simple-thumb":["https:\/\/i0.wp.com\/ismaelcolosi.com.br\/wp-content\/uploads\/2024\/01\/Copia-de-Copia-de-TAMANHO-EXATO-PARA-FOTOS-NO-SISTEMA-NOVO-23.png?resize=370%2C247&ssl=1",370,247,true]},"uagb_author_info":{"display_name":"ismaelcolosi.com.br","author_link":"https:\/\/ismaelcolosi.com.br\/index.php\/author\/vidareal-online\/"},"uagb_comment_info":0,"uagb_excerpt":"Um cachorro foi resgatado na rodovia Anhanguera (SP-330), pr\u00f3ximo ao quil\u00f4metro 244, na regi\u00e3o de Ribeir\u00e3o Preto, na manh\u00e3 desta segunda-feira (29), ap\u00f3s ser amarrado...","jetpack-related-posts":[{"id":33537,"url":"https:\/\/ismaelcolosi.com.br\/index.php\/2024\/01\/29\/adolescentes-sao-detidos-por-policial-que-deixava-o-filho-na-escola-em-ribeirao\/","url_meta":{"origin":33529,"position":0},"title":"Adolescentes s\u00e3o detidos por policial que deixava o filho na escola em Ribeir\u00e3o","author":"ismaelcolosi.com.br","date":"29 de January de 2024","format":false,"excerpt":"Dois adolescentes foram detidos por uma policial que havia deixado o filho na escola, ap\u00f3s se envolverem em um roubo, na tarde desta segunda-feira (29), em Ribeir\u00e3o Preto. De acordo com o boletim de ocorr\u00eancia (BO), a policial civil estava voltando para o seu carro, que estava estacionada na rua\u2026","rel":"","context":"In &quot;Not\u00edcias de Ribeir\u00e3o Preto-SP e Regi\u00e3o&quot;","block_context":{"text":"Not\u00edcias de Ribeir\u00e3o Preto-SP e Regi\u00e3o","link":"https:\/\/ismaelcolosi.com.br\/index.php\/category\/noticias-de-ribeirao-preto-sp-e-regiao-ismael-colosi\/"},"img":{"alt_text":"","src":"https:\/\/i0.wp.com\/ismaelcolosi.com.br\/wp-content\/uploads\/2024\/01\/policia_civil_1200x675_20122021140226.jpg?fit=1200%2C679&ssl=1&resize=350%2C200","width":350,"height":200,"srcset":"https:\/\/i0.wp.com\/ismaelcolosi.com.br\/wp-content\/uploads\/2024\/01\/policia_civil_1200x675_20122021140226.jpg?fit=1200%2C679&ssl=1&resize=350%2C200 1x, https:\/\/i0.wp.com\/ismaelcolosi.com.br\/wp-content\/uploads\/2024\/01\/policia_civil_1200x675_20122021140226.jpg?fit=1200%2C679&ssl=1&resize=525%2C300 1.5x, https:\/\/i0.wp.com\/ismaelcolosi.com.br\/wp-content\/uploads\/2024\/01\/policia_civil_1200x675_20122021140226.jpg?fit=1200%2C679&ssl=1&resize=700%2C400 2x, https:\/\/i0.wp.com\/ismaelcolosi.com.br\/wp-content\/uploads\/2024\/01\/policia_civil_1200x675_20122021140226.jpg?fit=1200%2C679&ssl=1&resize=1050%2C600 3x"},"classes":[]},{"id":33637,"url":"https:\/\/ismaelcolosi.com.br\/index.php\/2024\/01\/30\/banda-historica-do-rock-nacional-pede-doacao-de-sangue-para-integrante-em-ribeirao\/","url_meta":{"origin":33529,"position":1},"title":"Banda hist\u00f3rica do rock nacional pede doa\u00e7\u00e3o de sangue para integrante em Ribeir\u00e3o","author":"ismaelcolosi.com.br","date":"30 de January de 2024","format":false,"excerpt":"Os integrantes da banda Nenhum de N\u00f3s, que fez sucesso com m\u00fasicas como \u201cCamila, Camila\u201d e \u201cO Astronauta de M\u00e1rmore\u201d, est\u00e3o pedindo doa\u00e7\u00f5es de sangue para o tecladista e gaiteiro da banda, Jo\u00e3o Vicenti, que realiza tratamento de sa\u00fade em Ribeir\u00e3o Preto. Desde outubro, o artista, que enfrenta um tumor\u2026","rel":"","context":"In &quot;Not\u00edcias de Ribeir\u00e3o Preto-SP e Regi\u00e3o&quot;","block_context":{"text":"Not\u00edcias de Ribeir\u00e3o Preto-SP e Regi\u00e3o","link":"https:\/\/ismaelcolosi.com.br\/index.php\/category\/noticias-de-ribeirao-preto-sp-e-regiao-ismael-colosi\/"},"img":{"alt_text":"","src":"https:\/\/i0.wp.com\/ismaelcolosi.com.br\/wp-content\/uploads\/2024\/01\/nenhum-de-nos.jpg?fit=888%2C516&ssl=1&resize=350%2C200","width":350,"height":200,"srcset":"https:\/\/i0.wp.com\/ismaelcolosi.com.br\/wp-content\/uploads\/2024\/01\/nenhum-de-nos.jpg?fit=888%2C516&ssl=1&resize=350%2C200 1x, https:\/\/i0.wp.com\/ismaelcolosi.com.br\/wp-content\/uploads\/2024\/01\/nenhum-de-nos.jpg?fit=888%2C516&ssl=1&resize=525%2C300 1.5x, https:\/\/i0.wp.com\/ismaelcolosi.com.br\/wp-content\/uploads\/2024\/01\/nenhum-de-nos.jpg?fit=888%2C516&ssl=1&resize=700%2C400 2x"},"classes":[]},{"id":35147,"url":"https:\/\/ismaelcolosi.com.br\/index.php\/2024\/02\/05\/homem-e-preso-por-maus-tratos-contra-cachorro-na-regiao-de-ribeirao-preto\/","url_meta":{"origin":33529,"position":2},"title":"Homem \u00e9 preso por maus-tratos contra cachorro na regi\u00e3o de Ribeir\u00e3o Preto","author":"ismaelcolosi.com.br","date":"5 de February de 2024","format":false,"excerpt":"Um homem de 53 anos foi preso na manh\u00e3 de domingo (4), em C\u00f3rrego Rico, distrito de Jaboticabal, que fica cerca de 60 quil\u00f4metros de Ribeir\u00e3o Preto. Segundo o Boletim de Ocorr\u00eancia, registrado como abuso de animais, policiais militares foram chamados para checar uma den\u00fancia an\u00f4nima de maus-tratos contra animal.\u2026","rel":"","context":"In &quot;Not\u00edcias de Ribeir\u00e3o Preto-SP e Regi\u00e3o&quot;","block_context":{"text":"Not\u00edcias de Ribeir\u00e3o Preto-SP e Regi\u00e3o","link":"https:\/\/ismaelcolosi.com.br\/index.php\/category\/noticias-de-ribeirao-preto-sp-e-regiao-ismael-colosi\/"},"img":{"alt_text":"","src":"https:\/\/i0.wp.com\/ismaelcolosi.com.br\/wp-content\/uploads\/2024\/02\/acidadeon_logos_Prancheta-1-copia-12_edited.jpg?fit=1199%2C1200&ssl=1&resize=350%2C200","width":350,"height":200,"srcset":"https:\/\/i0.wp.com\/ismaelcolosi.com.br\/wp-content\/uploads\/2024\/02\/acidadeon_logos_Prancheta-1-copia-12_edited.jpg?fit=1199%2C1200&ssl=1&resize=350%2C200 1x, https:\/\/i0.wp.com\/ismaelcolosi.com.br\/wp-content\/uploads\/2024\/02\/acidadeon_logos_Prancheta-1-copia-12_edited.jpg?fit=1199%2C1200&ssl=1&resize=525%2C300 1.5x, https:\/\/i0.wp.com\/ismaelcolosi.com.br\/wp-content\/uploads\/2024\/02\/acidadeon_logos_Prancheta-1-copia-12_edited.jpg?fit=1199%2C1200&ssl=1&resize=700%2C400 2x, https:\/\/i0.wp.com\/ismaelcolosi.com.br\/wp-content\/uploads\/2024\/02\/acidadeon_logos_Prancheta-1-copia-12_edited.jpg?fit=1199%2C1200&ssl=1&resize=1050%2C600 3x"},"classes":[]},{"id":35151,"url":"https:\/\/ismaelcolosi.com.br\/index.php\/2024\/02\/05\/homem-e-preso-por-maus-tratos-contra-cachorro-na-regiao-de-ribeirao-preto-2\/","url_meta":{"origin":33529,"position":3},"title":"Homem \u00e9 preso por maus-tratos contra cachorro na regi\u00e3o de Ribeir\u00e3o Preto","author":"ismaelcolosi.com.br","date":"5 de February de 2024","format":false,"excerpt":"Um homem de 53 anos foi preso na manh\u00e3 de domingo (4), em C\u00f3rrego Rico, distrito de Jaboticabal, que fica cerca de 60 quil\u00f4metros de Ribeir\u00e3o Preto. Segundo o Boletim de Ocorr\u00eancia, registrado como abuso de animais, policiais militares foram chamados para checar uma den\u00fancia an\u00f4nima de maus-tratos contra animal.\u2026","rel":"","context":"In &quot;Not\u00edcias de Ribeir\u00e3o Preto-SP e Regi\u00e3o&quot;","block_context":{"text":"Not\u00edcias de Ribeir\u00e3o Preto-SP e Regi\u00e3o","link":"https:\/\/ismaelcolosi.com.br\/index.php\/category\/noticias-de-ribeirao-preto-sp-e-regiao-ismael-colosi\/"},"img":{"alt_text":"","src":"https:\/\/i0.wp.com\/ismaelcolosi.com.br\/wp-content\/uploads\/2024\/02\/1-1.jpg?fit=1200%2C675&ssl=1&resize=350%2C200","width":350,"height":200,"srcset":"https:\/\/i0.wp.com\/ismaelcolosi.com.br\/wp-content\/uploads\/2024\/02\/1-1.jpg?fit=1200%2C675&ssl=1&resize=350%2C200 1x, https:\/\/i0.wp.com\/ismaelcolosi.com.br\/wp-content\/uploads\/2024\/02\/1-1.jpg?fit=1200%2C675&ssl=1&resize=525%2C300 1.5x, https:\/\/i0.wp.com\/ismaelcolosi.com.br\/wp-content\/uploads\/2024\/02\/1-1.jpg?fit=1200%2C675&ssl=1&resize=700%2C400 2x, https:\/\/i0.wp.com\/ismaelcolosi.com.br\/wp-content\/uploads\/2024\/02\/1-1.jpg?fit=1200%2C675&ssl=1&resize=1050%2C600 3x"},"classes":[]},{"id":44088,"url":"https:\/\/ismaelcolosi.com.br\/index.php\/2024\/03\/25\/cachorro-esta-preso-ha-dez-dias-em-bueiro-de-ribeirao-preto-veja-video\/","url_meta":{"origin":33529,"position":4},"title":"Cachorro est\u00e1 preso h\u00e1 dez dias em bueiro de Ribeir\u00e3o Preto; Veja v\u00eddeo","author":"ismaelcolosi.com.br","date":"25 de March de 2024","format":false,"excerpt":"Um cachorro foi encontrado dentro de um bueiro pr\u00f3ximo a uma sa\u00edda do km 315 da rodovia Anhanguera (SP-330), sentido sul, em Ribeir\u00e3o Preto. De acordo com Maur\u00edcio Garcia, presidente da ONG (Organiza\u00e7\u00e3o n\u00e3o governamental) Patinhas de Rua, o animal est\u00e1 pelo local h\u00e1 dez dias. Cada dia vai um\u2026","rel":"","context":"In &quot;Not\u00edcias de Ribeir\u00e3o Preto-SP e Regi\u00e3o&quot;","block_context":{"text":"Not\u00edcias de Ribeir\u00e3o Preto-SP e Regi\u00e3o","link":"https:\/\/ismaelcolosi.com.br\/index.php\/category\/noticias-de-ribeirao-preto-sp-e-regiao-ismael-colosi\/"},"img":{"alt_text":"","src":"https:\/\/i0.wp.com\/ismaelcolosi.com.br\/wp-content\/uploads\/2024\/03\/Copia-de-Copia-de-TAMANHO-EXATO-PARA-FOTOS-NO-SISTEMA-NOVO-1.png?fit=1200%2C675&ssl=1&resize=350%2C200","width":350,"height":200,"srcset":"https:\/\/i0.wp.com\/ismaelcolosi.com.br\/wp-content\/uploads\/2024\/03\/Copia-de-Copia-de-TAMANHO-EXATO-PARA-FOTOS-NO-SISTEMA-NOVO-1.png?fit=1200%2C675&ssl=1&resize=350%2C200 1x, https:\/\/i0.wp.com\/ismaelcolosi.com.br\/wp-content\/uploads\/2024\/03\/Copia-de-Copia-de-TAMANHO-EXATO-PARA-FOTOS-NO-SISTEMA-NOVO-1.png?fit=1200%2C675&ssl=1&resize=525%2C300 1.5x, https:\/\/i0.wp.com\/ismaelcolosi.com.br\/wp-content\/uploads\/2024\/03\/Copia-de-Copia-de-TAMANHO-EXATO-PARA-FOTOS-NO-SISTEMA-NOVO-1.png?fit=1200%2C675&ssl=1&resize=700%2C400 2x, https:\/\/i0.wp.com\/ismaelcolosi.com.br\/wp-content\/uploads\/2024\/03\/Copia-de-Copia-de-TAMANHO-EXATO-PARA-FOTOS-NO-SISTEMA-NOVO-1.png?fit=1200%2C675&ssl=1&resize=1050%2C600 3x"},"classes":[]},{"id":66355,"url":"https:\/\/ismaelcolosi.com.br\/index.php\/2024\/09\/17\/motorista-e-resgatado-apos-batida-em-rodovia-na-regiao-de-ribeirao-video\/","url_meta":{"origin":33529,"position":5},"title":"Motorista \u00e9 resgatado ap\u00f3s batida em rodovia na regi\u00e3o de Ribeir\u00e3o; V\u00eddeo","author":"ismaelcolosi.com.br","date":"17 de September de 2024","format":false,"excerpt":"O motorista de um furg\u00e3o foi resgatado pelo Corpo de Bombeiros na noite desta segunda-feira (16), ap\u00f3s se envolver em uma batida com um caminh\u00e3o, na rodovia F\u00e1bio Talarico (SP-354), em S\u00e3o Jos\u00e9 da Bela Vista, cidade a aproximadamente 80 quil\u00f4metros de Ribeir\u00e3o Preto. Assista ao v\u00eddeo abaixo. Segundo o\u2026","rel":"","context":"In &quot;Not\u00edcias de Ribeir\u00e3o Preto-SP e Regi\u00e3o&quot;","block_context":{"text":"Not\u00edcias de Ribeir\u00e3o Preto-SP e Regi\u00e3o","link":"https:\/\/ismaelcolosi.com.br\/index.php\/category\/noticias-de-ribeirao-preto-sp-e-regiao-ismael-colosi\/"},"img":{"alt_text":"","src":"https:\/\/i0.wp.com\/ismaelcolosi.com.br\/wp-content\/uploads\/2024\/09\/ACIDENTE_2024-09-17_13-08-28_jpg_2024-09-17_13-08-29.webp.webp?fit=1200%2C814&ssl=1&resize=350%2C200","width":350,"height":200,"srcset":"https:\/\/i0.wp.com\/ismaelcolosi.com.br\/wp-content\/uploads\/2024\/09\/ACIDENTE_2024-09-17_13-08-28_jpg_2024-09-17_13-08-29.webp.webp?fit=1200%2C814&ssl=1&resize=350%2C200 1x, https:\/\/i0.wp.com\/ismaelcolosi.com.br\/wp-content\/uploads\/2024\/09\/ACIDENTE_2024-09-17_13-08-28_jpg_2024-09-17_13-08-29.webp.webp?fit=1200%2C814&ssl=1&resize=525%2C300 1.5x, https:\/\/i0.wp.com\/ismaelcolosi.com.br\/wp-content\/uploads\/2024\/09\/ACIDENTE_2024-09-17_13-08-28_jpg_2024-09-17_13-08-29.webp.webp?fit=1200%2C814&ssl=1&resize=700%2C400 2x, https:\/\/i0.wp.com\/ismaelcolosi.com.br\/wp-content\/uploads\/2024\/09\/ACIDENTE_2024-09-17_13-08-28_jpg_2024-09-17_13-08-29.webp.webp?fit=1200%2C814&ssl=1&resize=1050%2C600 3x"},"classes":[]}],"jetpack_sharing_enabled":true,"jetpack_shortlink":"https:\/\/wp.me\/pfMlyK-8IN","_links":{"self":[{"href":"https:\/\/ismaelcolosi.com.br\/index.php\/wp-json\/wp\/v2\/posts\/33529","targetHints":{"allow":["GET"]}}],"collection":[{"href":"https:\/\/ismaelcolosi.com.br\/index.php\/wp-json\/wp\/v2\/posts"}],"about":[{"href":"https:\/\/ismaelcolosi.com.br\/index.php\/wp-json\/wp\/v2\/types\/post"}],"author":[{"embeddable":true,"href":"https:\/\/ismaelcolosi.com.br\/index.php\/wp-json\/wp\/v2\/users\/1"}],"replies":[{"embeddable":true,"href":"https:\/\/ismaelcolosi.com.br\/index.php\/wp-json\/wp\/v2\/comments?post=33529"}],"version-history":[{"count":0,"href":"https:\/\/ismaelcolosi.com.br\/index.php\/wp-json\/wp\/v2\/posts\/33529\/revisions"}],"wp:featuredmedia":[{"embeddable":true,"href":"https:\/\/ismaelcolosi.com.br\/index.php\/wp-json\/wp\/v2\/media\/33530"}],"wp:attachment":[{"href":"https:\/\/ismaelcolosi.com.br\/index.php\/wp-json\/wp\/v2\/media?parent=33529"}],"wp:term":[{"taxonomy":"category","embeddable":true,"href":"https:\/\/ismaelcolosi.com.br\/index.php\/wp-json\/wp\/v2\/categories?post=33529"},{"taxonomy":"post_tag","embeddable":true,"href":"https:\/\/ismaelcolosi.com.br\/index.php\/wp-json\/wp\/v2\/tags?post=33529"}],"curies":[{"name":"wp","href":"https:\/\/api.w.org\/{rel}","templated":true}]}}