{"id":33167,"date":"2024-01-28T11:08:05","date_gmt":"2024-01-28T14:08:05","guid":{"rendered":"https:\/\/ismaelcolosi.com.br\/index.php\/2024\/01\/28\/em-busca-da-primeira-vitoria-comercial-recebe-a-ferroviaria-na-joia\/"},"modified":"2024-01-28T11:08:05","modified_gmt":"2024-01-28T14:08:05","slug":"em-busca-da-primeira-vitoria-comercial-recebe-a-ferroviaria-na-joia","status":"publish","type":"post","link":"https:\/\/ismaelcolosi.com.br\/index.php\/2024\/01\/28\/em-busca-da-primeira-vitoria-comercial-recebe-a-ferroviaria-na-joia\/","title":{"rendered":"Em busca da primeira vit\u00f3ria, Comercial recebe a Ferrovi\u00e1ria na Joia\u00a0\u00a0"},"content":{"rendered":"<p> <br \/>\n<\/p>\n<div>\n<p><span data-contrast=\"auto\">Ocupando a \u00faltima posi\u00e7\u00e3o na tabela de classifica\u00e7\u00e3o da S\u00e9rie A2, o Comercial busca sua primeira vit\u00f3ria e ter\u00e1 uma nova oportunidade neste domingo. O time de Luiz Carlos Martins enfrenta a Ferrovi\u00e1ria, \u00e0s 16h, no est\u00e1dio Palma Travassos.\u00a0<\/span><span data-ccp-props=\"{&quot;201341983&quot;:0,&quot;335551550&quot;:6,&quot;335551620&quot;:6,&quot;335559739&quot;:200,&quot;335559740&quot;:276}\">\u00a0<\/span><\/p>\n<p><span data-contrast=\"auto\">Para a partida, o treinador tem mais uma novidade dispon\u00edvel. O atacante paraguaio Carlos Herrera, de 23 anos, foi regularizado, inscrito na competi\u00e7\u00e3o e est\u00e1 \u00e0 disposi\u00e7\u00e3o para o confronto de domingo.\u00a0<\/span><span data-ccp-props=\"{&quot;201341983&quot;:0,&quot;335551550&quot;:6,&quot;335551620&quot;:6,&quot;335559739&quot;:200,&quot;335559740&quot;:276}\">\u00a0<\/span><\/p>\n<p><span data-contrast=\"auto\">O jogador est\u00e1 em sua primeira experi\u00eancia no futebol brasileiro. Antes ele atuou em times da segunda divis\u00e3o do futebol paraguaio. O jogador foi oferecido ao Le\u00e3o atrav\u00e9s de empres\u00e1rios.\u00a0<\/span><span data-ccp-props=\"{&quot;201341983&quot;:0,&quot;335551550&quot;:6,&quot;335551620&quot;:6,&quot;335559739&quot;:200,&quot;335559740&quot;:276}\">\u00a0<\/span><\/p>\n<p><span data-contrast=\"auto\">Mesmo com os v\u00e1rios problemas ofensivos, Herrera deve come\u00e7ar a partida no banco de reservas. Ele j\u00e1 estava integrado ao elenco do Bafo h\u00e1 algumas semanas.\u00a0<\/span><span data-ccp-props=\"{&quot;201341983&quot;:0,&quot;335551550&quot;:6,&quot;335551620&quot;:6,&quot;335559739&quot;:200,&quot;335559740&quot;:276}\">\u00a0<\/span><\/p>\n<p><span data-contrast=\"auto\">Se tem not\u00edcia boa, tamb\u00e9m tem ruim. O Comercial n\u00e3o vai poder contar com o zagueiro Luc\u00e3o, que foi titular e capit\u00e3o nos tr\u00eas primeiros jogos. Ele sofreu uma les\u00e3o muscular na coxa e deve ficar 10 dias fora de combate.\u00a0<\/span><span data-ccp-props=\"{&quot;201341983&quot;:0,&quot;335551550&quot;:6,&quot;335551620&quot;:6,&quot;335559739&quot;:200,&quot;335559740&quot;:276}\">\u00a0<\/span><\/p>\n<p><span data-contrast=\"auto\">Em contrapartida, o lateral-direito L\u00e9o Santos pode retornar ao time titular. Ele tem uma fascite plantar e ficou de fora dos \u00faltimos jogos por esse motivo. O jogador est\u00e1 recuperado e deve ser titular.\u00a0<\/span><span data-ccp-props=\"{&quot;201341983&quot;:0,&quot;335551550&quot;:6,&quot;335551620&quot;:6,&quot;335559739&quot;:200,&quot;335559740&quot;:276}\">\u00a0<\/span><\/p>\n<p><span data-contrast=\"auto\">\u00c9 prov\u00e1vel que ele n\u00e3o esteja 100%, mas a aus\u00eancia de Luc\u00e3o deve acelerar sua volta. Isso porque o zagueiro Hil\u00e1rio vinha atuando pela direita. Por\u00e9m, ele deve voltar para sua posi\u00e7\u00e3o de origem e L\u00e9o Santos vai na direita.\u00a0<\/span><span data-ccp-props=\"{&quot;201341983&quot;:0,&quot;335551550&quot;:6,&quot;335551620&quot;:6,&quot;335559739&quot;:200,&quot;335559740&quot;:276}\">\u00a0<\/span><\/p>\n<p><span data-contrast=\"auto\">O meio-campo deve ser o mesmo da \u00faltima partida. Willyam Maranh\u00e3o, Claudemir e Nascimento. Andradina pode reaparecer no time, mas sua presen\u00e7a n\u00e3o est\u00e1 confirmada. Se isso acontecer, Nascimento deve ir pro banco.\u00a0<\/span><span data-ccp-props=\"{&quot;201341983&quot;:0,&quot;335551550&quot;:6,&quot;335551620&quot;:6,&quot;335559739&quot;:200,&quot;335559740&quot;:276}\">\u00a0<\/span><\/p>\n<p><span data-contrast=\"auto\">O ataque pode sofrer uma mudan\u00e7a. Vitor Alagoano tem entrado bem nos jogos e tem a chance de ganhar a posi\u00e7\u00e3o de Fidel, que n\u00e3o tem agradado. Lucas Carioca e Luis Felipe v\u00e3o para o jogo.\u00a0<\/span><span data-ccp-props=\"{&quot;201341983&quot;:0,&quot;335551550&quot;:6,&quot;335551620&quot;:6,&quot;335559739&quot;:200,&quot;335559740&quot;:276}\">\u00a0<\/span><\/p>\n<p><span data-contrast=\"auto\">Tamb\u00e9m \u00e9 poss\u00edvel que aconte\u00e7a uma mudan\u00e7a no gol. Allan Thiago falhou nos \u00faltimos dois jogos. Leonardo pode ser testado diante da Ferrovi\u00e1ria.\u00a0<\/span><span data-ccp-props=\"{&quot;201341983&quot;:0,&quot;335551550&quot;:6,&quot;335551620&quot;:6,&quot;335559739&quot;:200,&quot;335559740&quot;:276}\">\u00a0<\/span><\/p>\n<p><span data-contrast=\"auto\">O Comercial deve iniciar a partida com a seguinte escala\u00e7\u00e3o: Allan Thiago (Leonardo); L\u00e9o Santos, Hil\u00e1rio, J\u00fanior Sergipano e Igor Miranda; Willyam Maranh\u00e3o, Claudemir e Nascimento (Andradina); Lucas Carioca, Luis Felipe e Fidel (Vitor Alagoano).\u00a0<\/span><span data-ccp-props=\"{&quot;201341983&quot;:0,&quot;335551550&quot;:6,&quot;335551620&quot;:6,&quot;335559739&quot;:200,&quot;335559740&quot;:276}\">\u00a0<\/span><\/p>\n<p><b><span data-contrast=\"auto\">Martins balan\u00e7ando no cargo\u00a0<\/span><\/b><span data-ccp-props=\"{&quot;201341983&quot;:0,&quot;335551550&quot;:6,&quot;335551620&quot;:6,&quot;335559739&quot;:200,&quot;335559740&quot;:276}\">\u00a0<\/span><\/p>\n<p><span data-contrast=\"auto\">Principal investimento do Comercial para 2024, o treinador Luiz Carlos Martins j\u00e1 balan\u00e7a no cargo. Sem conseguir emplacar bons resultados, o Le\u00e3o do Norte \u00e9 o \u00faltimo colocado da competi\u00e7\u00e3o. O futebol apresentado tamb\u00e9m n\u00e3o tem agradado. Em caso de nova derrota diante da Ferrovi\u00e1ria, a situa\u00e7\u00e3o do treinador fica ainda mais delicada.\u00a0<\/span><span data-ccp-props=\"{&quot;201341983&quot;:0,&quot;335551550&quot;:6,&quot;335551620&quot;:6,&quot;335559739&quot;:200,&quot;335559740&quot;:276}\">\u00a0<\/span><\/p>\n<p><b><span data-contrast=\"auto\">Ferrovi\u00e1ria<\/span><\/b><span data-ccp-props=\"{&quot;201341983&quot;:0,&quot;335551550&quot;:6,&quot;335551620&quot;:6,&quot;335559739&quot;:200,&quot;335559740&quot;:276}\">\u00a0<\/span><\/p>\n<p><span data-contrast=\"auto\">A Locomotiva ainda est\u00e1 invicta nesta edi\u00e7\u00e3o de S\u00e9rie A2. S\u00e3o dois empates e uma vit\u00f3ria. Na primeira rodada o time de Araraquara ficou no empate com o Monte Azul. No segundo jogo venceu o Juventus, da Mooca, por 2 a 1, em Araraquara, e na terceira rodada ficou no empate em 1 a 1 com o S\u00e3o Bento.\u00a0<\/span><span data-ccp-props=\"{&quot;201341983&quot;:0,&quot;335551550&quot;:6,&quot;335551620&quot;:6,&quot;335559739&quot;:200,&quot;335559740&quot;:276}\">\u00a0<\/span><\/p>\n<p><span data-contrast=\"auto\">A Ferrovi\u00e1ria \u00e9 um dos times de maior or\u00e7amento da divis\u00e3o. Rebaixada do Paulist\u00e3o em 2023, o time tenta voltar para a elite j\u00e1 no primeiro ano. A Ferrinha tamb\u00e9m joga a S\u00e9rie C em 2024. O grande destaque at\u00e9 aqui \u00e9 o atacante Matheus Batista, que anotou dois gols em duas partidas.\u00a0<\/span><span data-ccp-props=\"{&quot;201341983&quot;:0,&quot;335551550&quot;:6,&quot;335551620&quot;:6,&quot;335559739&quot;:200,&quot;335559740&quot;:276}\">\u00a0<\/span><\/p>\n<p><b><span data-contrast=\"auto\">Hist\u00f3rico do confronto\u00a0<\/span><\/b><span data-ccp-props=\"{&quot;201341983&quot;:0,&quot;335551550&quot;:6,&quot;335551620&quot;:6,&quot;335559739&quot;:200,&quot;335559740&quot;:276}\">\u00a0<\/span><\/p>\n<p><span data-contrast=\"auto\">Comercial e Ferrovi\u00e1ria j\u00e1 se enfrentaram em 71 oportunidades. O Le\u00e3o do Norte leva vantagem. S\u00e3o 26 vit\u00f3rias do Bafo, 23 empates e 22 vit\u00f3rias da Locomotiva. O \u00faltimo encontro entre as equipes foi em 2020. Na ocasi\u00e3o, o duelo terminou empatado em 1 a 1, em jogo v\u00e1lido pela Copa Paulista.\u00a0<\/span><span data-ccp-props=\"{&quot;201341983&quot;:0,&quot;335551550&quot;:6,&quot;335551620&quot;:6,&quot;335559739&quot;:200,&quot;335559740&quot;:276}\">\u00a0<\/span><\/p>\n<p><span data-contrast=\"auto\">A \u00faltima vit\u00f3ria do Bafo foi na Copa Paulista de 2019. Triunfo com o placar de 1 a 0, gol marcado por Lucas Rodrigues.\u00a0<\/span><span data-ccp-props=\"{&quot;201341983&quot;:0,&quot;335551550&quot;:6,&quot;335551620&quot;:6,&quot;335559739&quot;:200,&quot;335559740&quot;:276}\">\u00a0<\/span><\/p>\n<p><span data-contrast=\"auto\">Escala\u00e7\u00e3o Comercial: Allan Thiago (Leonardo); L\u00e9o Santos, Hil\u00e1rio, J\u00fanior Sergipano e Igor Miranda; Willyam Maranh\u00e3o, Claudemir e Nascimento (Andradina); Lucas Carioca, Luis Felipe e Fidel (Vitor Alagoano). T\u00e9cnico: Luiz Carlos Martins.\u00a0<\/span><span data-ccp-props=\"{&quot;201341983&quot;:0,&quot;335551550&quot;:6,&quot;335551620&quot;:6,&quot;335559739&quot;:200,&quot;335559740&quot;:276}\">\u00a0<\/span><\/p>\n<p><span data-contrast=\"auto\">Escala\u00e7\u00e3o Ferrovi\u00e1ria: Saulo;<\/span> <span data-contrast=\"auto\">Lucas Rodrigues, Ronaldo Alves, Gustavo Medina e Rennan Siqueira; Pablo Gabriel, Paulinho Santos e Thomaz;<\/span> \u00a0<span data-contrast=\"auto\">Vitor Barreto, Lu\u00eds Henrique e Batista. T\u00e9cnico: Alexandre Lopes.\u00a0<\/span><span data-ccp-props=\"{&quot;201341983&quot;:0,&quot;335551550&quot;:6,&quot;335551620&quot;:6,&quot;335559739&quot;:200,&quot;335559740&quot;:276}\">\u00a0<\/span><\/p>\n<p><span data-contrast=\"auto\">Data: 28\/01<\/span><span data-ccp-props=\"{&quot;201341983&quot;:0,&quot;335551550&quot;:6,&quot;335551620&quot;:6,&quot;335559739&quot;:200,&quot;335559740&quot;:276}\">\u00a0<\/span><\/p>\n<p><span data-contrast=\"auto\">Hor\u00e1rio: 16h<\/span><span data-ccp-props=\"{&quot;201341983&quot;:0,&quot;335551550&quot;:6,&quot;335551620&quot;:6,&quot;335559739&quot;:200,&quot;335559740&quot;:276}\">\u00a0<\/span><\/p>\n<p><span data-contrast=\"auto\">Local: Est\u00e1dio Palma Travassos\u00a0<\/span><span data-ccp-props=\"{&quot;201341983&quot;:0,&quot;335551550&quot;:6,&quot;335551620&quot;:6,&quot;335559739&quot;:200,&quot;335559740&quot;:276}\">\u00a0<\/span><\/p>\n<\/div>\n<p><br \/>\n<br \/><a href=\"https:\/\/www.tribunaribeirao.com.br\/site\/em-busca-da-primeira-vitoria-comercial-recebe-a-ferroviaria-na-joia\/\">Source link <\/a><\/p>\n<div class='code-block code-block-4' style='margin: 8px auto 8px 0; text-align: left; display: block; clear: both;'>\n\ud83d\udce2 Aviso Legal\n\nO site ismaelcolosi.com.br atua apenas como um canal de divulga\u00e7\u00e3o de oportunidades de emprego e n\u00e3o se responsabiliza pelo processo seletivo, contrata\u00e7\u00e3o ou qualquer outra etapa relacionada \u00e0s vagas publicadas. Todas as informa\u00e7\u00f5es s\u00e3o de responsabilidade dos anunciantes.\n\n\u26a0\ufe0f Aten\u00e7\u00e3o! Nunca pague por promessas de emprego nem compre cursos que garantam contrata\u00e7\u00e3o. Desconfie de qualquer cobran\u00e7a para participar de sele\u00e7\u00f5es.\n\n\n\n<\/div>\n<!-- CONTENT END 1 -->\n","protected":false},"excerpt":{"rendered":"<p>Ocupando a \u00faltima posi\u00e7\u00e3o na tabela de classifica\u00e7\u00e3o da S\u00e9rie A2, o Comercial busca sua primeira vit\u00f3ria e ter\u00e1 uma nova oportunidade neste domingo. O&#8230;<\/p>\n","protected":false},"author":1,"featured_media":33168,"comment_status":"open","ping_status":"open","sticky":false,"template":"","format":"standard","meta":{"_uag_custom_page_level_css":"","advanced_seo_description":"","jetpack_seo_html_title":"","jetpack_seo_noindex":false,"jetpack_post_was_ever_published":false,"_jetpack_newsletter_access":"","_jetpack_dont_email_post_to_subs":false,"_jetpack_newsletter_tier_id":0,"_jetpack_memberships_contains_paywalled_content":false,"_jetpack_memberships_contains_paid_content":false,"footnotes":"","jetpack_publicize_message":"","jetpack_publicize_feature_enabled":true,"jetpack_social_post_already_shared":true,"jetpack_social_options":{"image_generator_settings":{"template":"highway","default_image_id":0,"font":"","enabled":false},"version":2}},"categories":[11],"tags":[1994,705,3577,1078,189,407,1672],"class_list":["post-33167","post","type-post","status-publish","format-standard","has-post-thumbnail","hentry","category-noticias-de-ribeirao-preto-sp-e-regiao-ismael-colosi","tag-busca","tag-comercial","tag-ferroviaria","tag-joia","tag-primeira","tag-recebe","tag-vitoria"],"jetpack_publicize_connections":[],"jetpack_featured_media_url":"https:\/\/i0.wp.com\/ismaelcolosi.com.br\/wp-content\/uploads\/2024\/01\/Foto-1-1-scaled.jpg?fit=967%2C645&ssl=1","uagb_featured_image_src":{"full":["https:\/\/i0.wp.com\/ismaelcolosi.com.br\/wp-content\/uploads\/2024\/01\/Foto-1-1-scaled.jpg?fit=967%2C645&ssl=1",967,645,false],"thumbnail":["https:\/\/i0.wp.com\/ismaelcolosi.com.br\/wp-content\/uploads\/2024\/01\/Foto-1-1-scaled.jpg?resize=150%2C150&ssl=1",150,150,true],"medium":["https:\/\/i0.wp.com\/ismaelcolosi.com.br\/wp-content\/uploads\/2024\/01\/Foto-1-1-scaled.jpg?fit=300%2C200&ssl=1",300,200,true],"medium_large":["https:\/\/i0.wp.com\/ismaelcolosi.com.br\/wp-content\/uploads\/2024\/01\/Foto-1-1-scaled.jpg?fit=768%2C512&ssl=1",768,512,true],"large":["https:\/\/i0.wp.com\/ismaelcolosi.com.br\/wp-content\/uploads\/2024\/01\/Foto-1-1-scaled.jpg?fit=967%2C645&ssl=1",967,645,true],"1536x1536":["https:\/\/i0.wp.com\/ismaelcolosi.com.br\/wp-content\/uploads\/2024\/01\/Foto-1-1-scaled.jpg?fit=967%2C645&ssl=1",967,645,true],"2048x2048":["https:\/\/i0.wp.com\/ismaelcolosi.com.br\/wp-content\/uploads\/2024\/01\/Foto-1-1-scaled.jpg?fit=967%2C645&ssl=1",967,645,true],"really-simple-thumb":["https:\/\/i0.wp.com\/ismaelcolosi.com.br\/wp-content\/uploads\/2024\/01\/Foto-1-1-scaled.jpg?resize=370%2C247&ssl=1",370,247,true]},"uagb_author_info":{"display_name":"ismaelcolosi.com.br","author_link":"https:\/\/ismaelcolosi.com.br\/index.php\/author\/vidareal-online\/"},"uagb_comment_info":0,"uagb_excerpt":"Ocupando a \u00faltima posi\u00e7\u00e3o na tabela de classifica\u00e7\u00e3o da S\u00e9rie A2, o Comercial busca sua primeira vit\u00f3ria e ter\u00e1 uma nova oportunidade neste domingo. O...","jetpack-related-posts":[{"id":33075,"url":"https:\/\/ismaelcolosi.com.br\/index.php\/2024\/01\/27\/comercial-contrata-atacante-paraguaio\/","url_meta":{"origin":33167,"position":0},"title":"Comercial contrata atacante paraguaio\u00a0\u00a0 &#8211; Jornal Tribuna Ribeir\u00e3o","author":"ismaelcolosi.com.br","date":"27 de January de 2024","format":false,"excerpt":"27 de janeiro de 2024 | 16:0027 de janeiro de 2024 | 11:45 0O Comercial acertou a contrata\u00e7\u00e3o de mais um jogador para a sequ\u00eancia da S\u00e9rie A2. O atacante paraguaio Carlos Herrera, de 23 anos, assinou contrato e j\u00e1 est\u00e1 dispon\u00edvel para estrear pelo Le\u00e3o do Norte.\u00a0\u00a0Herrera j\u00e1 estava\u2026","rel":"","context":"In &quot;Not\u00edcias de Ribeir\u00e3o Preto-SP e Regi\u00e3o&quot;","block_context":{"text":"Not\u00edcias de Ribeir\u00e3o Preto-SP e Regi\u00e3o","link":"https:\/\/ismaelcolosi.com.br\/index.php\/category\/noticias-de-ribeirao-preto-sp-e-regiao-ismael-colosi\/"},"img":{"alt_text":"","src":"https:\/\/i0.wp.com\/ismaelcolosi.com.br\/wp-content\/uploads\/2024\/01\/Comercial-9-scaled.jpeg?fit=645%2C645&ssl=1&resize=350%2C200","width":350,"height":200,"srcset":"https:\/\/i0.wp.com\/ismaelcolosi.com.br\/wp-content\/uploads\/2024\/01\/Comercial-9-scaled.jpeg?fit=645%2C645&ssl=1&resize=350%2C200 1x, https:\/\/i0.wp.com\/ismaelcolosi.com.br\/wp-content\/uploads\/2024\/01\/Comercial-9-scaled.jpeg?fit=645%2C645&ssl=1&resize=525%2C300 1.5x"},"classes":[]},{"id":33954,"url":"https:\/\/ismaelcolosi.com.br\/index.php\/2024\/01\/31\/comercial-visita-o-noroeste-em-busca-da-primeira-vitoria-na-a2\/","url_meta":{"origin":33167,"position":1},"title":"Comercial visita o Noroeste em busca da primeira vit\u00f3ria na A2\u00a0\u00a0","author":"ismaelcolosi.com.br","date":"31 de January de 2024","format":false,"excerpt":"Ainda sem vencer na S\u00e9rie A2, o Comercial volta a campo nesta quarta para tentar triunfar diante do Noroeste. O jogo est\u00e1 marcado para as 19h30, no est\u00e1dio Alfredo de Castilho, em Bauru.\u00a0\u00a0Com apenas dois pontos ganhos em quatro partidas, o Le\u00e3o do Norte vive momento de press\u00e3o e precisa\u2026","rel":"","context":"In &quot;Not\u00edcias de Ribeir\u00e3o Preto-SP e Regi\u00e3o&quot;","block_context":{"text":"Not\u00edcias de Ribeir\u00e3o Preto-SP e Regi\u00e3o","link":"https:\/\/ismaelcolosi.com.br\/index.php\/category\/noticias-de-ribeirao-preto-sp-e-regiao-ismael-colosi\/"},"img":{"alt_text":"","src":"https:\/\/i0.wp.com\/ismaelcolosi.com.br\/wp-content\/uploads\/2024\/01\/Comercial-5-scaled.jpg?fit=967%2C645&ssl=1&resize=350%2C200","width":350,"height":200,"srcset":"https:\/\/i0.wp.com\/ismaelcolosi.com.br\/wp-content\/uploads\/2024\/01\/Comercial-5-scaled.jpg?fit=967%2C645&ssl=1&resize=350%2C200 1x, https:\/\/i0.wp.com\/ismaelcolosi.com.br\/wp-content\/uploads\/2024\/01\/Comercial-5-scaled.jpg?fit=967%2C645&ssl=1&resize=525%2C300 1.5x, https:\/\/i0.wp.com\/ismaelcolosi.com.br\/wp-content\/uploads\/2024\/01\/Comercial-5-scaled.jpg?fit=967%2C645&ssl=1&resize=700%2C400 2x"},"classes":[]},{"id":45149,"url":"https:\/\/ismaelcolosi.com.br\/index.php\/2024\/04\/02\/comercial-rescinde-com-atacante-paraguaio-carlos-herrera\/","url_meta":{"origin":33167,"position":2},"title":"Comercial rescinde com atacante paraguaio Carlos Herrera\u00a0","author":"ismaelcolosi.com.br","date":"2 de April de 2024","format":false,"excerpt":"2 de abril de 2024 | 16:002 de abril de 2024 | 9:23 0 O atacante paraguaio Carlos Herrera teve sua rescis\u00e3o com o Comercial publicada no Boletim Informativo Di\u00e1rio (BID) da CBF, na \u00faltima segunda-feira, e n\u00e3o joga mais pelo Le\u00e3o do Norte. Ele tinha contrato com o clube\u2026","rel":"","context":"In &quot;Not\u00edcias de Ribeir\u00e3o Preto-SP e Regi\u00e3o&quot;","block_context":{"text":"Not\u00edcias de Ribeir\u00e3o Preto-SP e Regi\u00e3o","link":"https:\/\/ismaelcolosi.com.br\/index.php\/category\/noticias-de-ribeirao-preto-sp-e-regiao-ismael-colosi\/"},"img":{"alt_text":"","src":"https:\/\/i0.wp.com\/ismaelcolosi.com.br\/wp-content\/uploads\/2024\/04\/ATA-Herrera-Barbara-Pires_Comercial-FC.jpg?fit=750%2C500&ssl=1&resize=350%2C200","width":350,"height":200,"srcset":"https:\/\/i0.wp.com\/ismaelcolosi.com.br\/wp-content\/uploads\/2024\/04\/ATA-Herrera-Barbara-Pires_Comercial-FC.jpg?fit=750%2C500&ssl=1&resize=350%2C200 1x, https:\/\/i0.wp.com\/ismaelcolosi.com.br\/wp-content\/uploads\/2024\/04\/ATA-Herrera-Barbara-Pires_Comercial-FC.jpg?fit=750%2C500&ssl=1&resize=525%2C300 1.5x, https:\/\/i0.wp.com\/ismaelcolosi.com.br\/wp-content\/uploads\/2024\/04\/ATA-Herrera-Barbara-Pires_Comercial-FC.jpg?fit=750%2C500&ssl=1&resize=700%2C400 2x"},"classes":[]},{"id":35474,"url":"https:\/\/ismaelcolosi.com.br\/index.php\/2024\/02\/06\/sem-tecnico-comercial-busca-primeira-vitoria-diante-do-primavera\/","url_meta":{"origin":33167,"position":3},"title":"Sem t\u00e9cnico, Comercial busca primeira vit\u00f3ria diante do Primavera\u00a0\u00a0","author":"ismaelcolosi.com.br","date":"6 de February de 2024","format":false,"excerpt":"6 de fevereiro de 2024 | 14:006 de fevereiro de 2024 | 8:09 0O Comercial vive momento muito delicado na temporada. Ainda sem vencer na S\u00e9rie A2, o Le\u00e3o do Norte vai encarar o Primavera nesta ter\u00e7a sem treinador. O clube comunicou a demiss\u00e3o de Luiz Carlos Martins na manh\u00e3\u2026","rel":"","context":"In &quot;Not\u00edcias de Ribeir\u00e3o Preto-SP e Regi\u00e3o&quot;","block_context":{"text":"Not\u00edcias de Ribeir\u00e3o Preto-SP e Regi\u00e3o","link":"https:\/\/ismaelcolosi.com.br\/index.php\/category\/noticias-de-ribeirao-preto-sp-e-regiao-ismael-colosi\/"},"img":{"alt_text":"","src":"https:\/\/i0.wp.com\/ismaelcolosi.com.br\/wp-content\/uploads\/2024\/02\/Comercial-7-scaled.jpg?fit=967%2C645&ssl=1&resize=350%2C200","width":350,"height":200,"srcset":"https:\/\/i0.wp.com\/ismaelcolosi.com.br\/wp-content\/uploads\/2024\/02\/Comercial-7-scaled.jpg?fit=967%2C645&ssl=1&resize=350%2C200 1x, https:\/\/i0.wp.com\/ismaelcolosi.com.br\/wp-content\/uploads\/2024\/02\/Comercial-7-scaled.jpg?fit=967%2C645&ssl=1&resize=525%2C300 1.5x, https:\/\/i0.wp.com\/ismaelcolosi.com.br\/wp-content\/uploads\/2024\/02\/Comercial-7-scaled.jpg?fit=967%2C645&ssl=1&resize=700%2C400 2x"},"classes":[]},{"id":56672,"url":"https:\/\/ismaelcolosi.com.br\/index.php\/2024\/07\/14\/comercial-vira-nos-acrescimos-e-conquista-primeira-vitoria-na-copa-paulista-2\/","url_meta":{"origin":33167,"position":4},"title":"Comercial vira nos acr\u00e9scimos e conquista primeira vit\u00f3ria na Copa Paulista","author":"ismaelcolosi.com.br","date":"14 de July de 2024","format":false,"excerpt":"O Comercial conquistou sua primeira vit\u00f3ria na Copa Paulista ao virar o jogo em 2 a 1 j\u00e1 nos acr\u00e9scimos diante do Monte Azul na tarde deste s\u00e1bado (13), no est\u00e1dio Palma Travassos, em Ribeir\u00e3o Preto. O jogo foi v\u00e1lido pela 5\u00aa rodada da competi\u00e7\u00e3o. A v\u00edt\u00f3ria quebrou o jejum\u2026","rel":"","context":"In &quot;Not\u00edcias de Ribeir\u00e3o Preto-SP e Regi\u00e3o&quot;","block_context":{"text":"Not\u00edcias de Ribeir\u00e3o Preto-SP e Regi\u00e3o","link":"https:\/\/ismaelcolosi.com.br\/index.php\/category\/noticias-de-ribeirao-preto-sp-e-regiao-ismael-colosi\/"},"img":{"alt_text":"","src":"https:\/\/i0.wp.com\/ismaelcolosi.com.br\/wp-content\/uploads\/2024\/07\/WhatsApp-Image-2024-07-13-at-16.52.50_2024-07-13_20-14-31_jpeg_2024-07-13_20-14-32-scaled.webp.webp?fit=1200%2C800&ssl=1&resize=350%2C200","width":350,"height":200,"srcset":"https:\/\/i0.wp.com\/ismaelcolosi.com.br\/wp-content\/uploads\/2024\/07\/WhatsApp-Image-2024-07-13-at-16.52.50_2024-07-13_20-14-31_jpeg_2024-07-13_20-14-32-scaled.webp.webp?fit=1200%2C800&ssl=1&resize=350%2C200 1x, https:\/\/i0.wp.com\/ismaelcolosi.com.br\/wp-content\/uploads\/2024\/07\/WhatsApp-Image-2024-07-13-at-16.52.50_2024-07-13_20-14-31_jpeg_2024-07-13_20-14-32-scaled.webp.webp?fit=1200%2C800&ssl=1&resize=525%2C300 1.5x, https:\/\/i0.wp.com\/ismaelcolosi.com.br\/wp-content\/uploads\/2024\/07\/WhatsApp-Image-2024-07-13-at-16.52.50_2024-07-13_20-14-31_jpeg_2024-07-13_20-14-32-scaled.webp.webp?fit=1200%2C800&ssl=1&resize=700%2C400 2x, https:\/\/i0.wp.com\/ismaelcolosi.com.br\/wp-content\/uploads\/2024\/07\/WhatsApp-Image-2024-07-13-at-16.52.50_2024-07-13_20-14-31_jpeg_2024-07-13_20-14-32-scaled.webp.webp?fit=1200%2C800&ssl=1&resize=1050%2C600 3x"},"classes":[]},{"id":46531,"url":"https:\/\/ismaelcolosi.com.br\/index.php\/2024\/04\/12\/joia-de-franca-marca-gol-do-palmeiras-na-libertadores\/","url_meta":{"origin":33167,"position":5},"title":"Joia de Franca marca gol do Palmeiras na Libertadores","author":"ismaelcolosi.com.br","date":"12 de April de 2024","format":false,"excerpt":"O atacante Est\u00eav\u00e3o, natural de Franca, cidade na regi\u00e3o de Ribeir\u00e3o Preto, foi um dos respons\u00e1veis por garantir a primeira vit\u00f3ria do Palmeiras na Libertadores 2024, em partida realizada na noite desta quinta-feira (12), no Allianz Parque, em S\u00e3o Paulo. O Verd\u00e3o jogou contra o Liverpool (URU) e venceu por\u2026","rel":"","context":"In &quot;Not\u00edcias de Ribeir\u00e3o Preto-SP e Regi\u00e3o&quot;","block_context":{"text":"Not\u00edcias de Ribeir\u00e3o Preto-SP e Regi\u00e3o","link":"https:\/\/ismaelcolosi.com.br\/index.php\/category\/noticias-de-ribeirao-preto-sp-e-regiao-ismael-colosi\/"},"img":{"alt_text":"","src":"https:\/\/i0.wp.com\/ismaelcolosi.com.br\/wp-content\/uploads\/2024\/04\/AnyConv.com__53648592870_5c4181764c_h.webp.webp?fit=1200%2C675&ssl=1&resize=350%2C200","width":350,"height":200,"srcset":"https:\/\/i0.wp.com\/ismaelcolosi.com.br\/wp-content\/uploads\/2024\/04\/AnyConv.com__53648592870_5c4181764c_h.webp.webp?fit=1200%2C675&ssl=1&resize=350%2C200 1x, https:\/\/i0.wp.com\/ismaelcolosi.com.br\/wp-content\/uploads\/2024\/04\/AnyConv.com__53648592870_5c4181764c_h.webp.webp?fit=1200%2C675&ssl=1&resize=525%2C300 1.5x, https:\/\/i0.wp.com\/ismaelcolosi.com.br\/wp-content\/uploads\/2024\/04\/AnyConv.com__53648592870_5c4181764c_h.webp.webp?fit=1200%2C675&ssl=1&resize=700%2C400 2x, https:\/\/i0.wp.com\/ismaelcolosi.com.br\/wp-content\/uploads\/2024\/04\/AnyConv.com__53648592870_5c4181764c_h.webp.webp?fit=1200%2C675&ssl=1&resize=1050%2C600 3x"},"classes":[]}],"jetpack_sharing_enabled":true,"jetpack_shortlink":"https:\/\/wp.me\/pfMlyK-8CX","_links":{"self":[{"href":"https:\/\/ismaelcolosi.com.br\/index.php\/wp-json\/wp\/v2\/posts\/33167","targetHints":{"allow":["GET"]}}],"collection":[{"href":"https:\/\/ismaelcolosi.com.br\/index.php\/wp-json\/wp\/v2\/posts"}],"about":[{"href":"https:\/\/ismaelcolosi.com.br\/index.php\/wp-json\/wp\/v2\/types\/post"}],"author":[{"embeddable":true,"href":"https:\/\/ismaelcolosi.com.br\/index.php\/wp-json\/wp\/v2\/users\/1"}],"replies":[{"embeddable":true,"href":"https:\/\/ismaelcolosi.com.br\/index.php\/wp-json\/wp\/v2\/comments?post=33167"}],"version-history":[{"count":0,"href":"https:\/\/ismaelcolosi.com.br\/index.php\/wp-json\/wp\/v2\/posts\/33167\/revisions"}],"wp:featuredmedia":[{"embeddable":true,"href":"https:\/\/ismaelcolosi.com.br\/index.php\/wp-json\/wp\/v2\/media\/33168"}],"wp:attachment":[{"href":"https:\/\/ismaelcolosi.com.br\/index.php\/wp-json\/wp\/v2\/media?parent=33167"}],"wp:term":[{"taxonomy":"category","embeddable":true,"href":"https:\/\/ismaelcolosi.com.br\/index.php\/wp-json\/wp\/v2\/categories?post=33167"},{"taxonomy":"post_tag","embeddable":true,"href":"https:\/\/ismaelcolosi.com.br\/index.php\/wp-json\/wp\/v2\/tags?post=33167"}],"curies":[{"name":"wp","href":"https:\/\/api.w.org\/{rel}","templated":true}]}}