{"id":33034,"date":"2024-01-27T11:57:22","date_gmt":"2024-01-27T14:57:22","guid":{"rendered":"https:\/\/ismaelcolosi.com.br\/index.php\/2024\/01\/27\/suzy-brasil-se-apresenta-em-ribeirao-preto-veja-tudo-sobre-o-espetaculo\/"},"modified":"2024-01-27T11:57:22","modified_gmt":"2024-01-27T14:57:22","slug":"suzy-brasil-se-apresenta-em-ribeirao-preto-veja-tudo-sobre-o-espetaculo","status":"publish","type":"post","link":"https:\/\/ismaelcolosi.com.br\/index.php\/2024\/01\/27\/suzy-brasil-se-apresenta-em-ribeirao-preto-veja-tudo-sobre-o-espetaculo\/","title":{"rendered":"Suzy Brasil se apresenta em Ribeir\u00e3o Preto; Veja tudo sobre o espet\u00e1culo"},"content":{"rendered":"<p> <br \/>\n<\/p>\n<div data-td-block-uid=\"tdi_104\">\n<div class=\"tdb-block-inner td-fix-index\">\n<p><strong>A drag queen Suzy Brasil traz para Ribeir\u00e3o Preto a pe\u00e7a \u201cBye Bye Bangu\u201d, no dia 2 de mar\u00e7o (s\u00e1bado), \u00e0s 20 horas, no Teatro Municipal do munic\u00edpio.<\/strong><\/p>\n<p>Os ingressos para a apresenta\u00e7\u00e3o <strong>j\u00e1 est\u00e3o dispon\u00edveis<\/strong> e podem ser adquiridos de forma <strong>on-line<\/strong>, atrav\u00e9s da plataforma <strong>Mega Bilheteria (<a href=\"https:\/\/www.megabilheteria.com\/evento?id=20231227125409\">clique aqui<\/a>). <\/strong><\/p>\n<p>A pe\u00e7a foi vencedora do <strong>Pr\u00eamio Prio do Humor de 2023<\/strong> na categoria \u201c<strong>Melhor Performance<\/strong>\u201d. Vale ressaltar que <strong>Suzy Brasil<\/strong> se apresentar\u00e1 uma \u00fanica vez na cidade.<\/p>\n<h4 class=\"wp-block-heading\"><strong>O espet\u00e1culo<\/strong><\/h4>\n<p><strong>Bye Bye Bangu<\/strong> conta a hist\u00f3ria de <strong>Consuelo<\/strong>, uma recente aposentada que decide refazer uma viagem feita h\u00e1 25 anos com tr\u00eas amigas.<\/p>\n<p>Enquanto espera as colegas no aeroporto, <strong>Consuelo<\/strong> lembra com muito humor as hist\u00f3rias que viveram juntas e as brigas que tiveram, al\u00e9m de se meter em v\u00e1rias confus\u00f5es t\u00edpicas de quem parte para uma viagem internacional.\u00a0<\/p>\n<h4 class=\"wp-block-heading\"><strong>Ingressos<\/strong><\/h4>\n<p>A venda dos ingressos para a apresenta\u00e7\u00e3o j\u00e1 come\u00e7ou e os valores variam entre <strong>R$ 40<\/strong> e <strong>R$ 80<\/strong>. Confira:<\/p>\n<ul>\n<li>Meia-entrada \u2013 R$ 40<\/li>\n<li>Antecipado \u2013 R$ 70 <\/li>\n<li>Inteira \u2013 R$ 80 <\/li>\n<\/ul>\n<p>Atrav\u00e9s do site da venda de ingressos, \u00e9 poss\u00edvel visualizar o mapa do teatro. O espet\u00e1culo dura 80 minutos e tem classifica\u00e7\u00e3o indicativa de 16 anos.<\/p>\n<h4 class=\"wp-block-heading\"><strong>SERVI\u00c7O<\/strong><\/h4>\n<p><em>Bye Bye Bangu<\/em><br \/>Data: 2 de mar\u00e7o<br \/>Hor\u00e1rio: 20h<br \/>Dura\u00e7\u00e3o: 80 minutos<br \/>Classifica\u00e7\u00e3o et\u00e1ria: 16 anos<br \/>Local: Teatro Municipal de Ribeir\u00e3o Preto \u2013 Morro do S\u00e3o Bento\u00a0<br \/>Ingressos: <a href=\"https:\/\/www.megabilheteria.com\/evento?id=20231227125409\">clique aqui<\/a><\/p>\n<p>SAIBA MAIS<br \/>Nova linha de \u00f4nibus em Ribeir\u00e3o Preto come\u00e7a a operar neste domingo<\/p>\n<h4 class=\"wp-block-heading\"><strong>FIQUE ON<\/strong><\/h4>\n<p>Fique ligado em tudo que acontece em Ribeir\u00e3o Preto e regi\u00e3o. Siga os perfis do acidade on no <a href=\"https:\/\/www.instagram.com\/acidadeonribeirao\" target=\"_blank\" rel=\"noreferrer noopener\">Instagram<\/a> e no <a href=\"https:\/\/www.facebook.com\/acidadeonribeirao\" target=\"_blank\" rel=\"noreferrer noopener\">Facebook<\/a>.<\/p>\n<p>Receba not\u00edcias do acidade on no WhatsApp. Para entrar no grupo, basta <a href=\"https:\/\/chat.whatsapp.com\/Bnv2w66ZT4VDyZW3oiZ69n\" target=\"_blank\" rel=\"noreferrer noopener\">clicar aqui<\/a>.<\/p>\n<p>Fa\u00e7a uma den\u00fancia ou sugira uma reportagem sobre Ribeir\u00e3o Preto e regi\u00e3o pelo WhatsApp: 16 99117 7802.<\/p>\n<p>VEJA TAMB\u00c9M<br \/>Quem foi Maria Santa na primeira vers\u00e3o de \u201cRenascer\u201d?<\/p>\n<p><!-- AI CONTENT END 1 -->\n<\/div>\n<\/div>\n<p><script async src=\"\/\/www.instagram.com\/embed.js\"><\/script><br \/>\n<br \/><br \/>\n<br \/><a href=\"https:\/\/www.acidadeon.com\/ribeiraopreto\/lazer-e-cultura\/suzy-brasil-se-apresenta-em-ribeirao-preto-veja-tudo-sobre-o-espetaculo\/\">Source link <\/a><\/p>\n<div class='code-block code-block-4' style='margin: 8px auto 8px 0; text-align: left; display: block; clear: both;'>\n\ud83d\udce2 Aviso Legal\n\nO site ismaelcolosi.com.br atua apenas como um canal de divulga\u00e7\u00e3o de oportunidades de emprego e n\u00e3o se responsabiliza pelo processo seletivo, contrata\u00e7\u00e3o ou qualquer outra etapa relacionada \u00e0s vagas publicadas. Todas as informa\u00e7\u00f5es s\u00e3o de responsabilidade dos anunciantes.\n\n\u26a0\ufe0f Aten\u00e7\u00e3o! Nunca pague por promessas de emprego nem compre cursos que garantam contrata\u00e7\u00e3o. Desconfie de qualquer cobran\u00e7a para participar de sele\u00e7\u00f5es.\n\n\n\n<\/div>\n<!-- CONTENT END 1 -->\n","protected":false},"excerpt":{"rendered":"<p>A drag queen Suzy Brasil traz para Ribeir\u00e3o Preto a pe\u00e7a \u201cBye Bye Bangu\u201d, no dia 2 de mar\u00e7o (s\u00e1bado), \u00e0s 20 horas, no Teatro&#8230;<\/p>\n","protected":false},"author":1,"featured_media":33035,"comment_status":"open","ping_status":"open","sticky":false,"template":"","format":"standard","meta":{"_uag_custom_page_level_css":"","advanced_seo_description":"","jetpack_seo_html_title":"","jetpack_seo_noindex":false,"jetpack_post_was_ever_published":false,"_jetpack_newsletter_access":"","_jetpack_dont_email_post_to_subs":false,"_jetpack_newsletter_tier_id":0,"_jetpack_memberships_contains_paywalled_content":false,"_jetpack_memberships_contains_paid_content":false,"footnotes":"","jetpack_publicize_message":"","jetpack_publicize_feature_enabled":true,"jetpack_social_post_already_shared":true,"jetpack_social_options":{"image_generator_settings":{"template":"highway","default_image_id":0,"font":"","enabled":false},"version":2}},"categories":[11],"tags":[],"class_list":["post-33034","post","type-post","status-publish","format-standard","has-post-thumbnail","hentry","category-noticias-de-ribeirao-preto-sp-e-regiao-ismael-colosi"],"jetpack_publicize_connections":[],"jetpack_featured_media_url":"https:\/\/i0.wp.com\/ismaelcolosi.com.br\/wp-content\/uploads\/2024\/01\/20231227125625.jpg?fit=1924%2C1282&ssl=1","uagb_featured_image_src":{"full":["https:\/\/i0.wp.com\/ismaelcolosi.com.br\/wp-content\/uploads\/2024\/01\/20231227125625.jpg?fit=1924%2C1282&ssl=1",1924,1282,false],"thumbnail":["https:\/\/i0.wp.com\/ismaelcolosi.com.br\/wp-content\/uploads\/2024\/01\/20231227125625.jpg?resize=150%2C150&ssl=1",150,150,true],"medium":["https:\/\/i0.wp.com\/ismaelcolosi.com.br\/wp-content\/uploads\/2024\/01\/20231227125625.jpg?fit=300%2C200&ssl=1",300,200,true],"medium_large":["https:\/\/i0.wp.com\/ismaelcolosi.com.br\/wp-content\/uploads\/2024\/01\/20231227125625.jpg?fit=768%2C512&ssl=1",768,512,true],"large":["https:\/\/i0.wp.com\/ismaelcolosi.com.br\/wp-content\/uploads\/2024\/01\/20231227125625.jpg?fit=1024%2C682&ssl=1",1024,682,true],"1536x1536":["https:\/\/i0.wp.com\/ismaelcolosi.com.br\/wp-content\/uploads\/2024\/01\/20231227125625.jpg?fit=1536%2C1023&ssl=1",1536,1023,true],"2048x2048":["https:\/\/i0.wp.com\/ismaelcolosi.com.br\/wp-content\/uploads\/2024\/01\/20231227125625.jpg?fit=1924%2C1282&ssl=1",1924,1282,true],"really-simple-thumb":["https:\/\/i0.wp.com\/ismaelcolosi.com.br\/wp-content\/uploads\/2024\/01\/20231227125625.jpg?resize=370%2C247&ssl=1",370,247,true]},"uagb_author_info":{"display_name":"ismaelcolosi.com.br","author_link":"https:\/\/ismaelcolosi.com.br\/index.php\/author\/vidareal-online\/"},"uagb_comment_info":0,"uagb_excerpt":"A drag queen Suzy Brasil traz para Ribeir\u00e3o Preto a pe\u00e7a \u201cBye Bye Bangu\u201d, no dia 2 de mar\u00e7o (s\u00e1bado), \u00e0s 20 horas, no Teatro...","jetpack-related-posts":[{"id":27365,"url":"https:\/\/ismaelcolosi.com.br\/index.php\/2024\/01\/12\/suzy-brasil-traz-espetaculo-a-rp\/","url_meta":{"origin":33034,"position":0},"title":"Suzy Brasil traz espet\u00e1culo a RP\u00a0","author":"ismaelcolosi.com.br","date":"12 de January de 2024","format":false,"excerpt":"11 de janeiro de 2024 | 14:3011 de janeiro de 2024 | 9:52 0Suzy Brazil vai contar as perip\u00e9cias de Consuelo, uma mulher aposentada recentemente que resolve propor para tr\u00eas amigas refazerem a mesma viagem 25 anos depois \u00a0\u00a0O espet\u00e1culo \u201cBye Bye Bangu\u201d, com Suzy Brasil, estar\u00e1 em cartaz no\u2026","rel":"","context":"In &quot;Not\u00edcias de Ribeir\u00e3o Preto-SP e Regi\u00e3o&quot;","block_context":{"text":"Not\u00edcias de Ribeir\u00e3o Preto-SP e Regi\u00e3o","link":"https:\/\/ismaelcolosi.com.br\/index.php\/category\/noticias-de-ribeirao-preto-sp-e-regiao-ismael-colosi\/"},"img":{"alt_text":"","src":"https:\/\/i0.wp.com\/ismaelcolosi.com.br\/wp-content\/uploads\/2024\/01\/Bangu-Ban-Divulgacao-scaled.jpg?fit=968%2C645&ssl=1&resize=350%2C200","width":350,"height":200,"srcset":"https:\/\/i0.wp.com\/ismaelcolosi.com.br\/wp-content\/uploads\/2024\/01\/Bangu-Ban-Divulgacao-scaled.jpg?fit=968%2C645&ssl=1&resize=350%2C200 1x, https:\/\/i0.wp.com\/ismaelcolosi.com.br\/wp-content\/uploads\/2024\/01\/Bangu-Ban-Divulgacao-scaled.jpg?fit=968%2C645&ssl=1&resize=525%2C300 1.5x, https:\/\/i0.wp.com\/ismaelcolosi.com.br\/wp-content\/uploads\/2024\/01\/Bangu-Ban-Divulgacao-scaled.jpg?fit=968%2C645&ssl=1&resize=700%2C400 2x"},"classes":[]},{"id":40035,"url":"https:\/\/ismaelcolosi.com.br\/index.php\/2024\/02\/29\/suzy-brasil-traz-espetaculo-a-rp-2\/","url_meta":{"origin":33034,"position":1},"title":"Suzy Brasil traz espet\u00e1culo a RP\u00a0","author":"ismaelcolosi.com.br","date":"29 de February de 2024","format":false,"excerpt":"29 de fevereiro de 2024 | 16:3029 de fevereiro de 2024 | 12:37 0O espet\u00e1culo \u201cBye Bye Bangu\u201d, com Suzy Brasil, estar\u00e1 em cartaz no Teatro Municipal de Ribeir\u00e3o Preto, neste s\u00e1bado, 2 de mar\u00e7o, \u00e0s 20 horas, para mostrar as perip\u00e9cias de Consuelo, uma mulher aposentada recentemente que resolve\u2026","rel":"","context":"In &quot;Not\u00edcias de Ribeir\u00e3o Preto-SP e Regi\u00e3o&quot;","block_context":{"text":"Not\u00edcias de Ribeir\u00e3o Preto-SP e Regi\u00e3o","link":"https:\/\/ismaelcolosi.com.br\/index.php\/category\/noticias-de-ribeirao-preto-sp-e-regiao-ismael-colosi\/"},"img":{"alt_text":"","src":"https:\/\/i0.wp.com\/ismaelcolosi.com.br\/wp-content\/uploads\/2024\/02\/Bangu-Ban-Divulgacao-1-scaled.jpg?fit=968%2C645&ssl=1&resize=350%2C200","width":350,"height":200,"srcset":"https:\/\/i0.wp.com\/ismaelcolosi.com.br\/wp-content\/uploads\/2024\/02\/Bangu-Ban-Divulgacao-1-scaled.jpg?fit=968%2C645&ssl=1&resize=350%2C200 1x, https:\/\/i0.wp.com\/ismaelcolosi.com.br\/wp-content\/uploads\/2024\/02\/Bangu-Ban-Divulgacao-1-scaled.jpg?fit=968%2C645&ssl=1&resize=525%2C300 1.5x, https:\/\/i0.wp.com\/ismaelcolosi.com.br\/wp-content\/uploads\/2024\/02\/Bangu-Ban-Divulgacao-1-scaled.jpg?fit=968%2C645&ssl=1&resize=700%2C400 2x"},"classes":[]},{"id":55649,"url":"https:\/\/ismaelcolosi.com.br\/index.php\/2024\/07\/04\/teatro-municipal-recebe-novo-stand-up-de-suzy-brasil-neste-fim-de-semana\/","url_meta":{"origin":33034,"position":2},"title":"Teatro Municipal recebe novo stand-up de Suzy Brasil neste fim de semana","author":"ismaelcolosi.com.br","date":"4 de July de 2024","format":false,"excerpt":"Suzy Brasil, uma drag queen interpretada por Marcelo Souza, estreia seu novo stand-up, o \u201cMade In Brasil\u201d, no Teatro Municipal de Ribeir\u00e3o Preto, neste domingo (7), \u00e0s 19h. No novo espet\u00e1culo, Suzy relembra divertidas hist\u00f3rias dos seus mais de 25 anos de vida art\u00edstica e mais de 40 anos de\u2026","rel":"","context":"In &quot;Not\u00edcias de Ribeir\u00e3o Preto-SP e Regi\u00e3o&quot;","block_context":{"text":"Not\u00edcias de Ribeir\u00e3o Preto-SP e Regi\u00e3o","link":"https:\/\/ismaelcolosi.com.br\/index.php\/category\/noticias-de-ribeirao-preto-sp-e-regiao-ismael-colosi\/"},"img":{"alt_text":"","src":"https:\/\/i0.wp.com\/ismaelcolosi.com.br\/wp-content\/uploads\/2024\/07\/Copia-de-Copia-de-TAMANHO-EXATO-PARA-FOTOS-NO-SISTEMA-NOVO-5_2024-07-04_14-35-23_jpg_2024-07-04_14-35-24.webp.webp?fit=1200%2C675&ssl=1&resize=350%2C200","width":350,"height":200,"srcset":"https:\/\/i0.wp.com\/ismaelcolosi.com.br\/wp-content\/uploads\/2024\/07\/Copia-de-Copia-de-TAMANHO-EXATO-PARA-FOTOS-NO-SISTEMA-NOVO-5_2024-07-04_14-35-23_jpg_2024-07-04_14-35-24.webp.webp?fit=1200%2C675&ssl=1&resize=350%2C200 1x, https:\/\/i0.wp.com\/ismaelcolosi.com.br\/wp-content\/uploads\/2024\/07\/Copia-de-Copia-de-TAMANHO-EXATO-PARA-FOTOS-NO-SISTEMA-NOVO-5_2024-07-04_14-35-23_jpg_2024-07-04_14-35-24.webp.webp?fit=1200%2C675&ssl=1&resize=525%2C300 1.5x, https:\/\/i0.wp.com\/ismaelcolosi.com.br\/wp-content\/uploads\/2024\/07\/Copia-de-Copia-de-TAMANHO-EXATO-PARA-FOTOS-NO-SISTEMA-NOVO-5_2024-07-04_14-35-23_jpg_2024-07-04_14-35-24.webp.webp?fit=1200%2C675&ssl=1&resize=700%2C400 2x, https:\/\/i0.wp.com\/ismaelcolosi.com.br\/wp-content\/uploads\/2024\/07\/Copia-de-Copia-de-TAMANHO-EXATO-PARA-FOTOS-NO-SISTEMA-NOVO-5_2024-07-04_14-35-23_jpg_2024-07-04_14-35-24.webp.webp?fit=1200%2C675&ssl=1&resize=1050%2C600 3x"},"classes":[]},{"id":54774,"url":"https:\/\/ismaelcolosi.com.br\/index.php\/2024\/06\/27\/atriz-global-se-apresenta-no-teatro-municipal-de-ribeirao-preto-com-peca-sobre-lgbtqiap\/","url_meta":{"origin":33034,"position":3},"title":"Atriz global se apresenta no Teatro Municipal de Ribeir\u00e3o Preto com pe\u00e7a sobre LGBTQIAP+","author":"ismaelcolosi.com.br","date":"27 de June de 2024","format":false,"excerpt":"O espet\u00e1culo \u201cEu Sempre Soube\u2026\u201d, que aborda o tema LGBTQIAP+, ser\u00e1 apresentado nesta sexta-feira (28), no Teatro Municipal de Ribeir\u00e3o Preto. Com entrada gratuita, o mon\u00f3logo com a atriz Rosane Gofman, tem in\u00edcio \u00e0s 20h. Os ingressos devem ser retirados uma hora antes do in\u00edcio da pe\u00e7a teatral, na bilheteria\u2026","rel":"","context":"In &quot;Not\u00edcias de Ribeir\u00e3o Preto-SP e Regi\u00e3o&quot;","block_context":{"text":"Not\u00edcias de Ribeir\u00e3o Preto-SP e Regi\u00e3o","link":"https:\/\/ismaelcolosi.com.br\/index.php\/category\/noticias-de-ribeirao-preto-sp-e-regiao-ismael-colosi\/"},"img":{"alt_text":"","src":"https:\/\/i0.wp.com\/ismaelcolosi.com.br\/wp-content\/uploads\/2024\/06\/Copia-de-Copia-de-TAMANHO-EXATO-PARA-FOTOS-NO-SISTEMA-NOVO-20_2024-06-27_18-22-29_jpg_2024-06-27_18-22-29.webp.webp?fit=1200%2C675&ssl=1&resize=350%2C200","width":350,"height":200,"srcset":"https:\/\/i0.wp.com\/ismaelcolosi.com.br\/wp-content\/uploads\/2024\/06\/Copia-de-Copia-de-TAMANHO-EXATO-PARA-FOTOS-NO-SISTEMA-NOVO-20_2024-06-27_18-22-29_jpg_2024-06-27_18-22-29.webp.webp?fit=1200%2C675&ssl=1&resize=350%2C200 1x, https:\/\/i0.wp.com\/ismaelcolosi.com.br\/wp-content\/uploads\/2024\/06\/Copia-de-Copia-de-TAMANHO-EXATO-PARA-FOTOS-NO-SISTEMA-NOVO-20_2024-06-27_18-22-29_jpg_2024-06-27_18-22-29.webp.webp?fit=1200%2C675&ssl=1&resize=525%2C300 1.5x, https:\/\/i0.wp.com\/ismaelcolosi.com.br\/wp-content\/uploads\/2024\/06\/Copia-de-Copia-de-TAMANHO-EXATO-PARA-FOTOS-NO-SISTEMA-NOVO-20_2024-06-27_18-22-29_jpg_2024-06-27_18-22-29.webp.webp?fit=1200%2C675&ssl=1&resize=700%2C400 2x, https:\/\/i0.wp.com\/ismaelcolosi.com.br\/wp-content\/uploads\/2024\/06\/Copia-de-Copia-de-TAMANHO-EXATO-PARA-FOTOS-NO-SISTEMA-NOVO-20_2024-06-27_18-22-29_jpg_2024-06-27_18-22-29.webp.webp?fit=1200%2C675&ssl=1&resize=1050%2C600 3x"},"classes":[]},{"id":67795,"url":"https:\/\/ismaelcolosi.com.br\/index.php\/2024\/09\/25\/caso-meinhof-ribeirao-preto-recebe-peca-inspirada-em-obra-de-ganhadora-do-nobel\/","url_meta":{"origin":33034,"position":4},"title":"Caso Meinhof: Ribeir\u00e3o Preto recebe pe\u00e7a inspirada em obra de ganhadora do Nobel","author":"ismaelcolosi.com.br","date":"25 de September de 2024","format":false,"excerpt":"A pe\u00e7a \u201cO Caso Meinhof\u201d chega ao Centro Cultural Cer\u00e2mica S\u00e3o Luiz, em Ribeir\u00e3o Preto, neste domingo (29), \u00e0s 18h. Apresentado pelo Teatro Fim do Mundo, o espet\u00e1culo \u00e9 inspirado em texto da ganhadora do Nobel de Literatura, Elfriede Jelinek. Ap\u00f3s a apresenta\u00e7\u00e3o, acontecer\u00e1 uma roda de conversa com os\u2026","rel":"","context":"In &quot;Not\u00edcias de Ribeir\u00e3o Preto-SP e Regi\u00e3o&quot;","block_context":{"text":"Not\u00edcias de Ribeir\u00e3o Preto-SP e Regi\u00e3o","link":"https:\/\/ismaelcolosi.com.br\/index.php\/category\/noticias-de-ribeirao-preto-sp-e-regiao-ismael-colosi\/"},"img":{"alt_text":"","src":"https:\/\/i0.wp.com\/ismaelcolosi.com.br\/wp-content\/uploads\/2024\/09\/Espetaculo-O-caso-meinhof-Foto-de-Caca-Bernardes-2_2024-09-25_13-27-32_jpg_2024-09-25_13-27-33-scaled.webp.webp?fit=1200%2C800&ssl=1&resize=350%2C200","width":350,"height":200,"srcset":"https:\/\/i0.wp.com\/ismaelcolosi.com.br\/wp-content\/uploads\/2024\/09\/Espetaculo-O-caso-meinhof-Foto-de-Caca-Bernardes-2_2024-09-25_13-27-32_jpg_2024-09-25_13-27-33-scaled.webp.webp?fit=1200%2C800&ssl=1&resize=350%2C200 1x, https:\/\/i0.wp.com\/ismaelcolosi.com.br\/wp-content\/uploads\/2024\/09\/Espetaculo-O-caso-meinhof-Foto-de-Caca-Bernardes-2_2024-09-25_13-27-32_jpg_2024-09-25_13-27-33-scaled.webp.webp?fit=1200%2C800&ssl=1&resize=525%2C300 1.5x, https:\/\/i0.wp.com\/ismaelcolosi.com.br\/wp-content\/uploads\/2024\/09\/Espetaculo-O-caso-meinhof-Foto-de-Caca-Bernardes-2_2024-09-25_13-27-32_jpg_2024-09-25_13-27-33-scaled.webp.webp?fit=1200%2C800&ssl=1&resize=700%2C400 2x, https:\/\/i0.wp.com\/ismaelcolosi.com.br\/wp-content\/uploads\/2024\/09\/Espetaculo-O-caso-meinhof-Foto-de-Caca-Bernardes-2_2024-09-25_13-27-32_jpg_2024-09-25_13-27-33-scaled.webp.webp?fit=1200%2C800&ssl=1&resize=1050%2C600 3x"},"classes":[]},{"id":28644,"url":"https:\/\/ismaelcolosi.com.br\/index.php\/2024\/01\/16\/ribeirao-preto-recebe-peca-de-teatro-interativa-saiba-tudo-sobre-o-espetaculo\/","url_meta":{"origin":33034,"position":5},"title":"Ribeir\u00e3o Preto recebe pe\u00e7a de teatro interativa; Saiba tudo sobre o espet\u00e1culo","author":"ismaelcolosi.com.br","date":"16 de January de 2024","format":false,"excerpt":"O espet\u00e1culo interativo \u201cCoronel Mostarda com a Chave Inglesa na Cozinha\u201d retorna para Ribeir\u00e3o Preto no dia 28 de janeiro, \u00e0s 19h. A apresenta\u00e7\u00e3o acontece no Teatro Santarosa, que fica na City Ribeir\u00e3o, na zona Sul. Sobre a pe\u00e7a \u201cCoronel Mostarda com a Chave Inglesa na Cozinha\u201d \u00e9 um espet\u00e1culo-jogo\u2026","rel":"","context":"In &quot;Not\u00edcias de Ribeir\u00e3o Preto-SP e Regi\u00e3o&quot;","block_context":{"text":"Not\u00edcias de Ribeir\u00e3o Preto-SP e Regi\u00e3o","link":"https:\/\/ismaelcolosi.com.br\/index.php\/category\/noticias-de-ribeirao-preto-sp-e-regiao-ismael-colosi\/"},"img":{"alt_text":"","src":"https:\/\/i0.wp.com\/ismaelcolosi.com.br\/wp-content\/uploads\/2024\/01\/Elenco-1-1-e1695152771535-1130x650-1.jpg?fit=1130%2C650&ssl=1&resize=350%2C200","width":350,"height":200,"srcset":"https:\/\/i0.wp.com\/ismaelcolosi.com.br\/wp-content\/uploads\/2024\/01\/Elenco-1-1-e1695152771535-1130x650-1.jpg?fit=1130%2C650&ssl=1&resize=350%2C200 1x, https:\/\/i0.wp.com\/ismaelcolosi.com.br\/wp-content\/uploads\/2024\/01\/Elenco-1-1-e1695152771535-1130x650-1.jpg?fit=1130%2C650&ssl=1&resize=525%2C300 1.5x, https:\/\/i0.wp.com\/ismaelcolosi.com.br\/wp-content\/uploads\/2024\/01\/Elenco-1-1-e1695152771535-1130x650-1.jpg?fit=1130%2C650&ssl=1&resize=700%2C400 2x, https:\/\/i0.wp.com\/ismaelcolosi.com.br\/wp-content\/uploads\/2024\/01\/Elenco-1-1-e1695152771535-1130x650-1.jpg?fit=1130%2C650&ssl=1&resize=1050%2C600 3x"},"classes":[]}],"jetpack_sharing_enabled":true,"jetpack_shortlink":"https:\/\/wp.me\/pfMlyK-8AO","_links":{"self":[{"href":"https:\/\/ismaelcolosi.com.br\/index.php\/wp-json\/wp\/v2\/posts\/33034","targetHints":{"allow":["GET"]}}],"collection":[{"href":"https:\/\/ismaelcolosi.com.br\/index.php\/wp-json\/wp\/v2\/posts"}],"about":[{"href":"https:\/\/ismaelcolosi.com.br\/index.php\/wp-json\/wp\/v2\/types\/post"}],"author":[{"embeddable":true,"href":"https:\/\/ismaelcolosi.com.br\/index.php\/wp-json\/wp\/v2\/users\/1"}],"replies":[{"embeddable":true,"href":"https:\/\/ismaelcolosi.com.br\/index.php\/wp-json\/wp\/v2\/comments?post=33034"}],"version-history":[{"count":0,"href":"https:\/\/ismaelcolosi.com.br\/index.php\/wp-json\/wp\/v2\/posts\/33034\/revisions"}],"wp:featuredmedia":[{"embeddable":true,"href":"https:\/\/ismaelcolosi.com.br\/index.php\/wp-json\/wp\/v2\/media\/33035"}],"wp:attachment":[{"href":"https:\/\/ismaelcolosi.com.br\/index.php\/wp-json\/wp\/v2\/media?parent=33034"}],"wp:term":[{"taxonomy":"category","embeddable":true,"href":"https:\/\/ismaelcolosi.com.br\/index.php\/wp-json\/wp\/v2\/categories?post=33034"},{"taxonomy":"post_tag","embeddable":true,"href":"https:\/\/ismaelcolosi.com.br\/index.php\/wp-json\/wp\/v2\/tags?post=33034"}],"curies":[{"name":"wp","href":"https:\/\/api.w.org\/{rel}","templated":true}]}}