{"id":33000,"date":"2024-01-27T08:53:40","date_gmt":"2024-01-27T11:53:40","guid":{"rendered":"https:\/\/ismaelcolosi.com.br\/index.php\/2024\/01\/27\/hard-rock-cafe-apresenta-os-tres-porquinhos-em-ribeirao-preto-confira\/"},"modified":"2024-01-27T08:53:40","modified_gmt":"2024-01-27T11:53:40","slug":"hard-rock-cafe-apresenta-os-tres-porquinhos-em-ribeirao-preto-confira","status":"publish","type":"post","link":"https:\/\/ismaelcolosi.com.br\/index.php\/2024\/01\/27\/hard-rock-cafe-apresenta-os-tres-porquinhos-em-ribeirao-preto-confira\/","title":{"rendered":"Hard Rock Cafe apresenta Os Tr\u00eas Porquinhos em Ribeir\u00e3o Preto; Confira"},"content":{"rendered":"<p> <br \/>\n<\/p>\n<div data-td-block-uid=\"tdi_104\">\n<div class=\"tdb-block-inner td-fix-index\">\n<p>O <strong>Hard Rock Cafe<\/strong>, em<strong> Ribeir\u00e3o Preto<\/strong>, estreia neste domingo (28), \u00e0s 16h, o projeto \u201cEm Cena\u201d, com a pe\u00e7a <strong>\u201cOs Tr\u00eas Porquinhos\u201d<\/strong>. <\/p>\n<p><mark style=\"background-color:#fcb900\" class=\"has-inline-color has-black-color\">O \u201cEm Cena\u201d conta com apresenta\u00e7\u00f5es teatrais infantis em<strong> <\/strong>todos os \u00faltimos domingos de cada m\u00eas. <\/mark><\/p><div class='code-block code-block-8' style='margin: 8px auto; text-align: center; display: block; clear: both;'>\n<script>\n  atOptions = {\n    'key' : '66e2e2111ca34da796271819fc334058',\n    'format' : 'iframe',\n    'height' : 250,\n    'width' : 300,\n    'params' : {}\n  };\n<\/script>\n<script src=\"https:\/\/www.highperformanceformat.com\/66e2e2111ca34da796271819fc334058\/invoke.js\"><\/script>\n<\/div>\n\n<p>O local oferece almo\u00e7o a partir das 12h, e o espet\u00e1culo acontece no final da tarde, \u00e0s 16h.<\/p>\n<p>Os ingressos podem ser adquiridos atrav\u00e9s do site da Sympla (<a href=\"https:\/\/www.sympla.com.br\/evento\/os-tres-porquinhos\/2287540?referrer=www.google.com\" target=\"_blank\" rel=\"noreferrer noopener\">clique aqui<\/a>), e custam R$30. Crian\u00e7as a partir de 2 anos pagam entrada.<\/p>\n<p>O Hard Rock Cafe na Arena Nicnet, no bairro Ribeir\u00e2nia, na zona Leste de Ribeir\u00e3o Preto.<\/p>\n<h4 class=\"wp-block-heading\"><strong>SERVI\u00c7O<\/strong><\/h4>\n<p><strong>Os Tr\u00eas Porquinhos no Hard Rock Cafe<\/strong><br \/>Data: 28 de janeiro (domingo)<br \/>Hor\u00e1rio: 16h <br \/>Local: Hard Rock Cafe, Arena Nicnet.<br \/>Endere\u00e7o: rua Edgar Rodrigues, 200 \u2013 Santa Cruz<br \/>Ingressos: R$ 30, no site da Sympla (<a href=\"https:\/\/www.sympla.com.br\/evento\/os-tres-porquinhos\/2287540?referrer=www.google.com\" target=\"_blank\" rel=\"noreferrer noopener\">clique aqui<\/a>)<\/p>\n<p>SAIBA MAIS<br \/>Entenda por que aliviou o calor no interior de SP; Veja a previs\u00e3o do tempo<\/p>\n<h4 class=\"wp-block-heading\"><strong>FIQUE ON<\/strong><\/h4>\n<p>Fique ligado em tudo que acontece em Ribeir\u00e3o Preto e regi\u00e3o. Siga os perfis do acidade on no <a href=\"https:\/\/www.instagram.com\/acidadeonribeirao\" target=\"_blank\" rel=\"noreferrer noopener\">Instagram<\/a> e no <a href=\"https:\/\/www.facebook.com\/acidadeonribeirao\" target=\"_blank\" rel=\"noreferrer noopener\">Facebook<\/a>.<\/p>\n<p>Receba not\u00edcias do acidade on no WhatsApp. Para entrar no grupo, basta<a href=\"https:\/\/chat.whatsapp.com\/Bnv2w66ZT4VDyZW3oiZ69n\" target=\"_blank\" rel=\"noreferrer noopener\"> clicar aqui<\/a>.<\/p>\n<p>Fa\u00e7a uma den\u00fancia ou sugira uma reportagem sobre Ribeir\u00e3o Preto e regi\u00e3o pelo WhatsApp: 16 99117 7802.<\/p>\n<p>VEJA TAMB\u00c9M<br \/>Davi e Yasmin Brunet discutem ao vivo no BBB 24<\/p>\n<p><!-- AI CONTENT END 1 -->\n<\/div>\n<\/div>\n<p><script async src=\"\/\/www.instagram.com\/embed.js\"><\/script><br \/>\n<br \/><br \/>\n<br \/><a href=\"https:\/\/www.acidadeon.com\/ribeiraopreto\/cotidiano\/hard-rock-cafe-apresenta-os-tres-porquinhos-em-ribeirao-preto-confira\/\">Source link <\/a><\/p>\n<div class='code-block code-block-4' style='margin: 8px auto 8px 0; text-align: left; display: block; clear: both;'>\n\ud83d\udce2 Aviso Legal\n\nO site ismaelcolosi.com.br atua apenas como um canal de divulga\u00e7\u00e3o de oportunidades de emprego e n\u00e3o se responsabiliza pelo processo seletivo, contrata\u00e7\u00e3o ou qualquer outra etapa relacionada \u00e0s vagas publicadas. Todas as informa\u00e7\u00f5es s\u00e3o de responsabilidade dos anunciantes.\n\n\u26a0\ufe0f Aten\u00e7\u00e3o! Nunca pague por promessas de emprego nem compre cursos que garantam contrata\u00e7\u00e3o. Desconfie de qualquer cobran\u00e7a para participar de sele\u00e7\u00f5es.\n\n\n\n<\/div>\n<!-- CONTENT END 1 -->\n","protected":false},"excerpt":{"rendered":"<p>O Hard Rock Cafe, em Ribeir\u00e3o Preto, estreia neste domingo (28), \u00e0s 16h, o projeto \u201cEm Cena\u201d, com a pe\u00e7a \u201cOs Tr\u00eas Porquinhos\u201d. O \u201cEm&#8230;<\/p>\n","protected":false},"author":1,"featured_media":33001,"comment_status":"open","ping_status":"open","sticky":false,"template":"","format":"standard","meta":{"_uag_custom_page_level_css":"","advanced_seo_description":"","jetpack_seo_html_title":"","jetpack_seo_noindex":false,"jetpack_post_was_ever_published":false,"_jetpack_newsletter_access":"","_jetpack_dont_email_post_to_subs":false,"_jetpack_newsletter_tier_id":0,"_jetpack_memberships_contains_paywalled_content":false,"_jetpack_memberships_contains_paid_content":false,"footnotes":"","jetpack_publicize_message":"","jetpack_publicize_feature_enabled":true,"jetpack_social_post_already_shared":true,"jetpack_social_options":{"image_generator_settings":{"template":"highway","default_image_id":0,"font":"","enabled":false},"version":2}},"categories":[11],"tags":[],"class_list":["post-33000","post","type-post","status-publish","format-standard","has-post-thumbnail","hentry","category-noticias-de-ribeirao-preto-sp-e-regiao-ismael-colosi"],"jetpack_publicize_connections":[],"jetpack_featured_media_url":"https:\/\/i0.wp.com\/ismaelcolosi.com.br\/wp-content\/uploads\/2024\/01\/em-cena.jpg?fit=1400%2C733&ssl=1","uagb_featured_image_src":{"full":["https:\/\/i0.wp.com\/ismaelcolosi.com.br\/wp-content\/uploads\/2024\/01\/em-cena.jpg?fit=1400%2C733&ssl=1",1400,733,false],"thumbnail":["https:\/\/i0.wp.com\/ismaelcolosi.com.br\/wp-content\/uploads\/2024\/01\/em-cena.jpg?resize=150%2C150&ssl=1",150,150,true],"medium":["https:\/\/i0.wp.com\/ismaelcolosi.com.br\/wp-content\/uploads\/2024\/01\/em-cena.jpg?fit=300%2C157&ssl=1",300,157,true],"medium_large":["https:\/\/i0.wp.com\/ismaelcolosi.com.br\/wp-content\/uploads\/2024\/01\/em-cena.jpg?fit=768%2C402&ssl=1",768,402,true],"large":["https:\/\/i0.wp.com\/ismaelcolosi.com.br\/wp-content\/uploads\/2024\/01\/em-cena.jpg?fit=1024%2C536&ssl=1",1024,536,true],"1536x1536":["https:\/\/i0.wp.com\/ismaelcolosi.com.br\/wp-content\/uploads\/2024\/01\/em-cena.jpg?fit=1400%2C733&ssl=1",1400,733,true],"2048x2048":["https:\/\/i0.wp.com\/ismaelcolosi.com.br\/wp-content\/uploads\/2024\/01\/em-cena.jpg?fit=1400%2C733&ssl=1",1400,733,true],"really-simple-thumb":["https:\/\/i0.wp.com\/ismaelcolosi.com.br\/wp-content\/uploads\/2024\/01\/em-cena.jpg?resize=370%2C247&ssl=1",370,247,true]},"uagb_author_info":{"display_name":"ismaelcolosi.com.br","author_link":"https:\/\/ismaelcolosi.com.br\/index.php\/author\/vidareal-online\/"},"uagb_comment_info":0,"uagb_excerpt":"O Hard Rock Cafe, em Ribeir\u00e3o Preto, estreia neste domingo (28), \u00e0s 16h, o projeto \u201cEm Cena\u201d, com a pe\u00e7a \u201cOs Tr\u00eas Porquinhos\u201d. O \u201cEm...","jetpack-related-posts":[{"id":66367,"url":"https:\/\/ismaelcolosi.com.br\/index.php\/2024\/09\/17\/theatro-pedro-ii-recebe-tres-espetaculos-infantis-no-mesmo-dia-veja-quais\/","url_meta":{"origin":33000,"position":0},"title":"Theatro Pedro II recebe tr\u00eas espet\u00e1culos infantis no mesmo dia; Veja quais","author":"ismaelcolosi.com.br","date":"17 de September de 2024","format":false,"excerpt":"O Theatro Pedro II, em Ribeir\u00e3o Preto, vai ser palco de tr\u00eas pe\u00e7as de teatro infantis no pr\u00f3ximo dia 29 de setembro. O \u201c3x Teatro Infantil\u201d acontece em tr\u00eas hor\u00e1rios diferentes, sendo \u00e0s 11h, \u00e0s 16h, e \u00e0s 19h. As pe\u00e7as escolhidas foram \u201cO Casamento da Dona Baratinha\u201d, \u201cOs Tr\u00eas\u2026","rel":"","context":"In &quot;Not\u00edcias de Ribeir\u00e3o Preto-SP e Regi\u00e3o&quot;","block_context":{"text":"Not\u00edcias de Ribeir\u00e3o Preto-SP e Regi\u00e3o","link":"https:\/\/ismaelcolosi.com.br\/index.php\/category\/noticias-de-ribeirao-preto-sp-e-regiao-ismael-colosi\/"},"img":{"alt_text":"","src":"https:\/\/i0.wp.com\/ismaelcolosi.com.br\/wp-content\/uploads\/2024\/09\/Copia-de-Copia-de-Copia-de-TAMANHO-EXATO-PARA-FOTOS-NO-SISTEMA-NOVO-8_2024-09-17_13-14-05_jpg_2024-09-17_13-14-05.webp.webp?fit=1200%2C675&ssl=1&resize=350%2C200","width":350,"height":200,"srcset":"https:\/\/i0.wp.com\/ismaelcolosi.com.br\/wp-content\/uploads\/2024\/09\/Copia-de-Copia-de-Copia-de-TAMANHO-EXATO-PARA-FOTOS-NO-SISTEMA-NOVO-8_2024-09-17_13-14-05_jpg_2024-09-17_13-14-05.webp.webp?fit=1200%2C675&ssl=1&resize=350%2C200 1x, https:\/\/i0.wp.com\/ismaelcolosi.com.br\/wp-content\/uploads\/2024\/09\/Copia-de-Copia-de-Copia-de-TAMANHO-EXATO-PARA-FOTOS-NO-SISTEMA-NOVO-8_2024-09-17_13-14-05_jpg_2024-09-17_13-14-05.webp.webp?fit=1200%2C675&ssl=1&resize=525%2C300 1.5x, https:\/\/i0.wp.com\/ismaelcolosi.com.br\/wp-content\/uploads\/2024\/09\/Copia-de-Copia-de-Copia-de-TAMANHO-EXATO-PARA-FOTOS-NO-SISTEMA-NOVO-8_2024-09-17_13-14-05_jpg_2024-09-17_13-14-05.webp.webp?fit=1200%2C675&ssl=1&resize=700%2C400 2x, https:\/\/i0.wp.com\/ismaelcolosi.com.br\/wp-content\/uploads\/2024\/09\/Copia-de-Copia-de-Copia-de-TAMANHO-EXATO-PARA-FOTOS-NO-SISTEMA-NOVO-8_2024-09-17_13-14-05_jpg_2024-09-17_13-14-05.webp.webp?fit=1200%2C675&ssl=1&resize=1050%2C600 3x"},"classes":[]},{"id":33149,"url":"https:\/\/ismaelcolosi.com.br\/index.php\/2024\/01\/28\/cohab-de-ribeirao-preto-abre-concorrencia-para-construcao-de-unidades-habitacionais\/","url_meta":{"origin":33000,"position":1},"title":"Cohab de Ribeir\u00e3o Preto abre concorr\u00eancia para constru\u00e7\u00e3o de unidades habitacionais","author":"ismaelcolosi.com.br","date":"28 de January de 2024","format":false,"excerpt":"A Cohab-RP (Companhia Habitacional Regional de Ribeir\u00e3o Preto) abriu uma concorr\u00eancia para constru\u00e7\u00e3o de unidades habitacionais. De acordo com o aviso da licita\u00e7\u00e3o, publicado no Di\u00e1rio Oficial do Munic\u00edpio da \u00faltima sexta-feira (26), est\u00e3o previstas a constru\u00e7\u00e3o de 82 unidades habitacionais. A contrata\u00e7\u00e3o se dar\u00e1 pela proposta mais vantajosa, para\u2026","rel":"","context":"In &quot;Not\u00edcias de Ribeir\u00e3o Preto-SP e Regi\u00e3o&quot;","block_context":{"text":"Not\u00edcias de Ribeir\u00e3o Preto-SP e Regi\u00e3o","link":"https:\/\/ismaelcolosi.com.br\/index.php\/category\/noticias-de-ribeirao-preto-sp-e-regiao-ismael-colosi\/"},"img":{"alt_text":"","src":"https:\/\/i0.wp.com\/ismaelcolosi.com.br\/wp-content\/uploads\/2024\/01\/WhatsApp-Image-2024-01-27-at-09.31.03.jpeg?fit=1200%2C900&ssl=1&resize=350%2C200","width":350,"height":200,"srcset":"https:\/\/i0.wp.com\/ismaelcolosi.com.br\/wp-content\/uploads\/2024\/01\/WhatsApp-Image-2024-01-27-at-09.31.03.jpeg?fit=1200%2C900&ssl=1&resize=350%2C200 1x, https:\/\/i0.wp.com\/ismaelcolosi.com.br\/wp-content\/uploads\/2024\/01\/WhatsApp-Image-2024-01-27-at-09.31.03.jpeg?fit=1200%2C900&ssl=1&resize=525%2C300 1.5x, https:\/\/i0.wp.com\/ismaelcolosi.com.br\/wp-content\/uploads\/2024\/01\/WhatsApp-Image-2024-01-27-at-09.31.03.jpeg?fit=1200%2C900&ssl=1&resize=700%2C400 2x, https:\/\/i0.wp.com\/ismaelcolosi.com.br\/wp-content\/uploads\/2024\/01\/WhatsApp-Image-2024-01-27-at-09.31.03.jpeg?fit=1200%2C900&ssl=1&resize=1050%2C600 3x"},"classes":[]},{"id":33020,"url":"https:\/\/ismaelcolosi.com.br\/index.php\/2024\/01\/27\/interior-de-sp-deve-ter-final-de-semana-com-sol-e-pancadas-de-chuva-veja-a-previsao\/","url_meta":{"origin":33000,"position":2},"title":"Interior de SP deve ter final de semana com sol e pancadas de chuva; Veja a previs\u00e3o","author":"ismaelcolosi.com.br","date":"27 de January de 2024","format":false,"excerpt":"A Zona de Converg\u00eancia do Atl\u00e2ntico Sul (ZCAS) ainda est\u00e1 ativa sobre o Brasil e espalha nuvens carregadas sobre algumas regi\u00f5es do pa\u00eds. De acordo com a Climatempo, o interior do estado de S\u00e3o Paulo deve ter um final de semana de sol o dia todo, acompanhado de nuvens e\u2026","rel":"","context":"In &quot;Not\u00edcias de Ribeir\u00e3o Preto-SP e Regi\u00e3o&quot;","block_context":{"text":"Not\u00edcias de Ribeir\u00e3o Preto-SP e Regi\u00e3o","link":"https:\/\/ismaelcolosi.com.br\/index.php\/category\/noticias-de-ribeirao-preto-sp-e-regiao-ismael-colosi\/"},"img":{"alt_text":"","src":"https:\/\/i0.wp.com\/ismaelcolosi.com.br\/wp-content\/uploads\/2024\/01\/1706363396_RIBEIRAO-PRETO.jpg?fit=1200%2C739&ssl=1&resize=350%2C200","width":350,"height":200,"srcset":"https:\/\/i0.wp.com\/ismaelcolosi.com.br\/wp-content\/uploads\/2024\/01\/1706363396_RIBEIRAO-PRETO.jpg?fit=1200%2C739&ssl=1&resize=350%2C200 1x, https:\/\/i0.wp.com\/ismaelcolosi.com.br\/wp-content\/uploads\/2024\/01\/1706363396_RIBEIRAO-PRETO.jpg?fit=1200%2C739&ssl=1&resize=525%2C300 1.5x, https:\/\/i0.wp.com\/ismaelcolosi.com.br\/wp-content\/uploads\/2024\/01\/1706363396_RIBEIRAO-PRETO.jpg?fit=1200%2C739&ssl=1&resize=700%2C400 2x, https:\/\/i0.wp.com\/ismaelcolosi.com.br\/wp-content\/uploads\/2024\/01\/1706363396_RIBEIRAO-PRETO.jpg?fit=1200%2C739&ssl=1&resize=1050%2C600 3x"},"classes":[]},{"id":37482,"url":"https:\/\/ismaelcolosi.com.br\/index.php\/2024\/02\/16\/confira-o-que-fazer-no-final-de-semana-pos-carnaval-em-ribeirao-preto\/","url_meta":{"origin":33000,"position":3},"title":"Confira o que fazer no final de semana p\u00f3s-Carnaval em Ribeir\u00e3o Preto","author":"ismaelcolosi.com.br","date":"16 de February de 2024","format":false,"excerpt":"O final de semana p\u00f3s-Carnaval chegou e Ribeir\u00e3o Preto oferece op\u00e7\u00f5es diversas de lazer e tamb\u00e9m conta com mais folia para fam\u00edlia e amigos. Confira a programa\u00e7\u00e3o e veja o que fazer para se divertir na cidade: Blocos de Rua A folia em Ribeir\u00e3o Preto continua, ainda existem mais dois\u2026","rel":"","context":"In &quot;Not\u00edcias de Ribeir\u00e3o Preto-SP e Regi\u00e3o&quot;","block_context":{"text":"Not\u00edcias de Ribeir\u00e3o Preto-SP e Regi\u00e3o","link":"https:\/\/ismaelcolosi.com.br\/index.php\/category\/noticias-de-ribeirao-preto-sp-e-regiao-ismael-colosi\/"},"img":{"alt_text":"","src":"https:\/\/i0.wp.com\/ismaelcolosi.com.br\/wp-content\/uploads\/2024\/02\/1708103330_pessoa-feliz-no-carnaval.jpg?fit=1200%2C800&ssl=1&resize=350%2C200","width":350,"height":200,"srcset":"https:\/\/i0.wp.com\/ismaelcolosi.com.br\/wp-content\/uploads\/2024\/02\/1708103330_pessoa-feliz-no-carnaval.jpg?fit=1200%2C800&ssl=1&resize=350%2C200 1x, https:\/\/i0.wp.com\/ismaelcolosi.com.br\/wp-content\/uploads\/2024\/02\/1708103330_pessoa-feliz-no-carnaval.jpg?fit=1200%2C800&ssl=1&resize=525%2C300 1.5x, https:\/\/i0.wp.com\/ismaelcolosi.com.br\/wp-content\/uploads\/2024\/02\/1708103330_pessoa-feliz-no-carnaval.jpg?fit=1200%2C800&ssl=1&resize=700%2C400 2x, https:\/\/i0.wp.com\/ismaelcolosi.com.br\/wp-content\/uploads\/2024\/02\/1708103330_pessoa-feliz-no-carnaval.jpg?fit=1200%2C800&ssl=1&resize=1050%2C600 3x"},"classes":[]},{"id":68103,"url":"https:\/\/ismaelcolosi.com.br\/index.php\/2024\/09\/27\/luisa-sonza-oktobefest-e-muita-coxinha-veja-agenda-do-fim-de-semana-em-ribeirao-preto\/","url_meta":{"origin":33000,"position":4},"title":"Lu\u00edsa Sonza, Oktobefest e muita coxinha: Veja agenda do fim de semana em Ribeir\u00e3o Preto","author":"ismaelcolosi.com.br","date":"27 de September de 2024","format":false,"excerpt":"Para encerrar setembro com muita agita\u00e7\u00e3o, a agenda cultural deste fim de semana em Ribeir\u00e3o Preto conta com diversas atividades para diferentes idades e gostos. Entre os destaques, tem show da cantora Lu\u00edsa Sonza, Oktoberfest Ribeir\u00e3o, o Vila Dion\u00edsio Festival e a pe\u00e7a Mem\u00f3rias do Vinho. Confira. Festival Vira Copos\u2026","rel":"","context":"In &quot;Not\u00edcias de Ribeir\u00e3o Preto-SP e Regi\u00e3o&quot;","block_context":{"text":"Not\u00edcias de Ribeir\u00e3o Preto-SP e Regi\u00e3o","link":"https:\/\/ismaelcolosi.com.br\/index.php\/category\/noticias-de-ribeirao-preto-sp-e-regiao-ismael-colosi\/"},"img":{"alt_text":"","src":"https:\/\/i0.wp.com\/ismaelcolosi.com.br\/wp-content\/uploads\/2024\/09\/sextou_2024-09-27_12-48-40_jpeg_2024-09-27_12-48-40.webp.webp?fit=1200%2C675&ssl=1&resize=350%2C200","width":350,"height":200,"srcset":"https:\/\/i0.wp.com\/ismaelcolosi.com.br\/wp-content\/uploads\/2024\/09\/sextou_2024-09-27_12-48-40_jpeg_2024-09-27_12-48-40.webp.webp?fit=1200%2C675&ssl=1&resize=350%2C200 1x, https:\/\/i0.wp.com\/ismaelcolosi.com.br\/wp-content\/uploads\/2024\/09\/sextou_2024-09-27_12-48-40_jpeg_2024-09-27_12-48-40.webp.webp?fit=1200%2C675&ssl=1&resize=525%2C300 1.5x, https:\/\/i0.wp.com\/ismaelcolosi.com.br\/wp-content\/uploads\/2024\/09\/sextou_2024-09-27_12-48-40_jpeg_2024-09-27_12-48-40.webp.webp?fit=1200%2C675&ssl=1&resize=700%2C400 2x, https:\/\/i0.wp.com\/ismaelcolosi.com.br\/wp-content\/uploads\/2024\/09\/sextou_2024-09-27_12-48-40_jpeg_2024-09-27_12-48-40.webp.webp?fit=1200%2C675&ssl=1&resize=1050%2C600 3x"},"classes":[]},{"id":32731,"url":"https:\/\/ismaelcolosi.com.br\/index.php\/2024\/01\/26\/confira-os-eventos-para-curtir-no-fim-de-semana-em-ribeirao-preto\/","url_meta":{"origin":33000,"position":5},"title":"Confira os eventos para curtir no fim de semana em Ribeir\u00e3o Preto","author":"ismaelcolosi.com.br","date":"26 de January de 2024","format":false,"excerpt":"A programa\u00e7\u00e3o para o fim de semana esta diversificada e cheia de novidades em Ribeir\u00e3o Preto. Entre os eventos h\u00e1 pr\u00e9-carnaval, show e o Encontro Nacional de Folia de Reis. Confira: Labirinto do Livro Encantado no Shopping Iguatemi O Labirinto do Livro Encantado \u00e9 um espa\u00e7o de leitura imersivo e\u2026","rel":"","context":"In &quot;Not\u00edcias de Ribeir\u00e3o Preto-SP e Regi\u00e3o&quot;","block_context":{"text":"Not\u00edcias de Ribeir\u00e3o Preto-SP e Regi\u00e3o","link":"https:\/\/ismaelcolosi.com.br\/index.php\/category\/noticias-de-ribeirao-preto-sp-e-regiao-ismael-colosi\/"},"img":{"alt_text":"","src":"https:\/\/i0.wp.com\/ismaelcolosi.com.br\/wp-content\/uploads\/2024\/01\/Design-sem-nome-1.jpg?fit=1200%2C675&ssl=1&resize=350%2C200","width":350,"height":200,"srcset":"https:\/\/i0.wp.com\/ismaelcolosi.com.br\/wp-content\/uploads\/2024\/01\/Design-sem-nome-1.jpg?fit=1200%2C675&ssl=1&resize=350%2C200 1x, https:\/\/i0.wp.com\/ismaelcolosi.com.br\/wp-content\/uploads\/2024\/01\/Design-sem-nome-1.jpg?fit=1200%2C675&ssl=1&resize=525%2C300 1.5x, https:\/\/i0.wp.com\/ismaelcolosi.com.br\/wp-content\/uploads\/2024\/01\/Design-sem-nome-1.jpg?fit=1200%2C675&ssl=1&resize=700%2C400 2x, https:\/\/i0.wp.com\/ismaelcolosi.com.br\/wp-content\/uploads\/2024\/01\/Design-sem-nome-1.jpg?fit=1200%2C675&ssl=1&resize=1050%2C600 3x"},"classes":[]}],"jetpack_sharing_enabled":true,"jetpack_shortlink":"https:\/\/wp.me\/pfMlyK-8Ag","_links":{"self":[{"href":"https:\/\/ismaelcolosi.com.br\/index.php\/wp-json\/wp\/v2\/posts\/33000","targetHints":{"allow":["GET"]}}],"collection":[{"href":"https:\/\/ismaelcolosi.com.br\/index.php\/wp-json\/wp\/v2\/posts"}],"about":[{"href":"https:\/\/ismaelcolosi.com.br\/index.php\/wp-json\/wp\/v2\/types\/post"}],"author":[{"embeddable":true,"href":"https:\/\/ismaelcolosi.com.br\/index.php\/wp-json\/wp\/v2\/users\/1"}],"replies":[{"embeddable":true,"href":"https:\/\/ismaelcolosi.com.br\/index.php\/wp-json\/wp\/v2\/comments?post=33000"}],"version-history":[{"count":0,"href":"https:\/\/ismaelcolosi.com.br\/index.php\/wp-json\/wp\/v2\/posts\/33000\/revisions"}],"wp:featuredmedia":[{"embeddable":true,"href":"https:\/\/ismaelcolosi.com.br\/index.php\/wp-json\/wp\/v2\/media\/33001"}],"wp:attachment":[{"href":"https:\/\/ismaelcolosi.com.br\/index.php\/wp-json\/wp\/v2\/media?parent=33000"}],"wp:term":[{"taxonomy":"category","embeddable":true,"href":"https:\/\/ismaelcolosi.com.br\/index.php\/wp-json\/wp\/v2\/categories?post=33000"},{"taxonomy":"post_tag","embeddable":true,"href":"https:\/\/ismaelcolosi.com.br\/index.php\/wp-json\/wp\/v2\/tags?post=33000"}],"curies":[{"name":"wp","href":"https:\/\/api.w.org\/{rel}","templated":true}]}}