{"id":32729,"date":"2024-01-26T09:59:19","date_gmt":"2024-01-26T12:59:19","guid":{"rendered":"https:\/\/ismaelcolosi.com.br\/index.php\/2024\/01\/26\/as-ausencias-no-trabalho-permitidas-pela-clt-carreira-sucesso\/"},"modified":"2024-01-26T09:59:19","modified_gmt":"2024-01-26T12:59:19","slug":"as-ausencias-no-trabalho-permitidas-pela-clt-carreira-sucesso","status":"publish","type":"post","link":"https:\/\/ismaelcolosi.com.br\/index.php\/2024\/01\/26\/as-ausencias-no-trabalho-permitidas-pela-clt-carreira-sucesso\/","title":{"rendered":"as aus\u00eancias no trabalho permitidas pela CLT| Carreira &#038; Sucesso"},"content":{"rendered":"<p> <br \/>\n<\/p>\n<div>\n<p>Em um cen\u00e1rio ideal, o profissional n\u00e3o deve se ausentar do trabalho, mas por diferentes motivos, poder\u00e3o ocorrer as faltas justificadas no trabalho.\u00a0<\/p>\n<p>Descubra a seguir quais s\u00e3o as 12 faltas justificadas pela CLT, e saiba como validar as faltas justificadas no trabalho conforme a Legisla\u00e7\u00e3o Trabalhista para n\u00e3o ter penalidades ou altera\u00e7\u00f5es na remunera\u00e7\u00e3o. Vamos conferir?\u00a0<\/p><div class='code-block code-block-8' style='margin: 8px auto; text-align: center; display: block; clear: both;'>\n<script>\n  atOptions = {\n    'key' : '66e2e2111ca34da796271819fc334058',\n    'format' : 'iframe',\n    'height' : 250,\n    'width' : 300,\n    'params' : {}\n  };\n<\/script>\n<script src=\"https:\/\/www.highperformanceformat.com\/66e2e2111ca34da796271819fc334058\/invoke.js\"><\/script>\n<\/div>\n\n<nav class=\"toc-container  active\">\n<hr\/>\n<\/nav>\n<h2 class=\"wp-block-heading\" id=\"O_que_a_Lei_diz_sobre_as_faltas_justificadas_no_trabalho\"><strong>O que a Lei diz sobre as faltas justificadas no trabalho<\/strong><\/h2>\n<p>Justificar uma falta no trabalho \u00e9 um direito que todo trabalhador regente na Consolida\u00e7\u00e3o das Leis do Trabalho (CLT) possui. No entanto, mesmo com essa possibilidade de justificativa, existem alguns pontos de aten\u00e7\u00e3o perante a aus\u00eancia no trabalho.\u00a0<\/p>\n<p>Podemos ressaltar que uma falta \u00e9 v\u00e1lida como falta justificada \u00e9 aquela que ocorre quando o funcion\u00e1rio poder\u00e1 n\u00e3o comparecer ao trabalho sem preju\u00edzos \u00e0 remunera\u00e7\u00e3o.<\/p>\n<p>Portanto, no <a href=\"https:\/\/www.jusbrasil.com.br\/topicos\/10711223\/artigo-473-do-decreto-lei-n-5452-de-01-de-maio-de-1943\" target=\"_blank\" rel=\"noreferrer noopener\" data-wpel-link=\"external\">artigo 473<\/a> da Consolida\u00e7\u00e3o das Leis do Trabalho diz que as faltas apenas ser\u00e3o justificadas, de forma comprovada quando:<\/p>\n<p><strong><em>Art. 473 <\/em><\/strong><em>\u2013 O empregado poder\u00e1 deixar de comparecer ao servi\u00e7o sem preju\u00edzo do sal\u00e1rio:<\/em><\/p>\n<p><em>I \u2013 at\u00e9 2 (dois) dias consecutivos, em caso de falecimento do c\u00f4njuge, ascendente, descendente, irm\u00e3o ou pessoa que, declarada em sua carteira de trabalho e previd\u00eancia social, viva sob sua depend\u00eancia econ\u00f4mica;<\/em><\/p>\n<p><em>II \u2013 at\u00e9 3 (tr\u00eas) dias consecutivos, em virtude de casamento;<\/em><\/p>\n<p><em>III \u2013 por 5 (cinco) dias consecutivos, em caso de nascimento de filho, de ado\u00e7\u00e3o ou de guarda compartilhada;<\/em><\/p>\n<p><em>IV \u2013 por um dia, em cada 12 (doze) meses de trabalho, em caso de doa\u00e7\u00e3o volunt\u00e1ria de sangue devidamente comprovada;<\/em><\/p>\n<p><em>V \u2013 at\u00e9 2 (dois) dias consecutivos ou n\u00e3o, para o fim de se alistar eleitor, nos termos da lei respectiva.<\/em><\/p>\n<p><em>VI \u2013 no per\u00edodo em que tiver de cumprir as exig\u00eancias do Servi\u00e7o Militar referidas na letra \u201cc\u201d do art. 65 da Lei n\u00ba 4.375, de 17 de agosto de 1964 (Lei do Servi\u00e7o Militar).<\/em><\/p>\n<p><em>\u00a0VII \u2013 nos dias em que estiver comprovadamente realizando provas de exame vestibular para ingresso em estabelecimento de ensino superior.<\/em><\/p>\n<p><em>\u00a0VIII \u2013 pelo tempo que se fizer necess\u00e1rio, quando tiver que comparecer a ju\u00edzo.<\/em><\/p>\n<p><em>IX \u2013 pelo tempo que se fizer necess\u00e1rio, quando, na qualidade de representante de entidade sindical, estiver participando de reuni\u00e3o oficial de organismo internacional do qual o Brasil seja membro.<\/em><\/p>\n<p><em>X \u2013 pelo tempo necess\u00e1rio para acompanhar sua esposa ou companheira em at\u00e9 6 (seis) consultas m\u00e9dicas, ou em exames complementares, durante o per\u00edodo de gravidez;<\/em><\/p>\n<p><em>XI \u2013 por 1 (um) dia por ano para acompanhar filho de at\u00e9 6 (seis) anos em consulta m\u00e9dica.<\/em><\/p>\n<p><em>XII \u2013 at\u00e9 3 (tr\u00eas) dias, em cada 12 (doze) meses de trabalho, em caso de realiza\u00e7\u00e3o de exames preventivos de c\u00e2ncer devidamente comprovado.<\/em><\/p>\n<p><em>Par\u00e1grafo \u00fanico. O prazo a que se refere o inciso III do capitulo deste artigo ser\u00e1 contado a partir da data de nascimento do filho.<\/em><\/p>\n<p>\ud83d\udd14 Aprenda tamb\u00e9m o que \u00e9 o abandono de emprego e o que diz a lei.\u00a0<\/p>\n<h2 class=\"wp-block-heading\" id=\"Confira_quais_sao_as_12_faltas_justificadas_pela_CLT\"><strong>Confira quais s\u00e3o as 12 faltas justificadas pela CLT<\/strong><\/h2>\n<ol>\n<li>Licen\u00e7a de \u00f3bito;<\/li>\n<li>Nascimento de filho ou ado\u00e7\u00e3o;<\/li>\n<li>Aborto n\u00e3o criminoso;<\/li>\n<li>Doa\u00e7\u00e3o de sangue de forma volunt\u00e1ria;<\/li>\n<li>Licen\u00e7a Casamento;<\/li>\n<li>Cumprimento de servi\u00e7o militar obrigat\u00f3rio;<\/li>\n<li>Alistamento eleitoral e participa\u00e7\u00e3o em elei\u00e7\u00f5es (exemplo: mes\u00e1rio);<\/li>\n<li>Comparecimento em ju\u00edzo;<\/li>\n<li>Exames preventivos de c\u00e2ncer;<\/li>\n<li>Acompanhamento de filho de at\u00e9 seis anos em consultas;<\/li>\n<li>Consultas m\u00e9dicas.<\/li>\n<li>Vestibular.<\/li>\n<\/ol>\n<p>Por\u00e9m, \u00e9 preciso ficar atento, pois essas faltas apenas podem ser classificadas como justificadas quando apresentados documentos que comprovem o motivo da aus\u00eancia. Como, por exemplo, atestados m\u00e9dicos.<\/p>\n<h2 class=\"wp-block-heading\" id=\"Saiba_tudo_sobre_as_faltas_nao_justificadas\"><strong>Saiba tudo sobre as faltas n\u00e3o justificadas\u00a0<\/strong><\/h2>\n<p>Com isso, \u00e9 dito como uma falta n\u00e3o justificada nos casos de:<\/p>\n<ul>\n<li>Ida a casamentos, mesmo sendo padrinho;<\/li>\n<li>Falecimento de amigos;<\/li>\n<li>Ida a entrevistas, shows, palestras, etc;<\/li>\n<li>Acompanhamento em exames m\u00e9dicos sem justificativa;<\/li>\n<li>Acompanhamento de amigos ou parentes na doa\u00e7\u00e3o de sangue.<\/li>\n<\/ul>\n<p>Vale ressaltar que as a\u00e7\u00f5es perante a aus\u00eancia de um funcion\u00e1rio podem variar em rela\u00e7\u00e3o aos dias e tamb\u00e9m ao estilo de contrata\u00e7\u00e3o. Cabe ao departamento de RH analisar a melhor solu\u00e7\u00e3o para o caso apresentado.\u00a0<\/p>\n<p>A falta de uma justificativa v\u00e1lida por lei, d\u00e1 a empresa o direito de aplicar ao funcion\u00e1rio o desconto dos dias que ocorreram a aus\u00eancia proporcionalmente ao final do m\u00eas no sal\u00e1rio.<\/p>\n<p>Al\u00e9m disso, em caso de muitas faltas seguidas ou justificativa inv\u00e1lida, pode ocorrer advert\u00eancia, que pode evoluir para uma suspens\u00e3o ou at\u00e9 mesmo uma demiss\u00e3o.<\/p>\n<p>\ud83d\udd14 Conhe\u00e7a quais s\u00e3o os direitos trabalhistas previstos na CLT.\u00a0<\/p>\n<h2 class=\"wp-block-heading\" id=\"Perguntas_frequentes_sobre_faltas_justificadas_no_trabalho\"><strong>Perguntas frequentes sobre faltas justificadas no trabalho<\/strong><\/h2>\n<ol>\n<li><strong>O que acontece se a falta n\u00e3o for justificada?<\/strong><\/li>\n<\/ol>\n<p>Caso a falta no trabalho n\u00e3o for justificada ou sua justificativa n\u00e3o for validade por lei, a empresa pode aplicar um desconto no sal\u00e1rio, advert\u00eancia ou at\u00e9 mesmo demiss\u00e3o em caso de recorr\u00eancia.\u00a0<\/p>\n<ol start=\"2\">\n<li><strong>Poder\u00e1 haver desconto no sal\u00e1rio por faltar no trabalho?<\/strong><\/li>\n<\/ol>\n<p>Sim. O desconto na remunera\u00e7\u00e3o poder\u00e1 ocorrer no fim do m\u00eas conforme a quantidade de dias que o empregado deixou de comparecer ao trabalho sem uma justificativa v\u00e1lida.\u00a0<\/p>\n<ol start=\"3\">\n<li><strong>Quantas faltas no emprego s\u00e3o permitidas?<\/strong><\/li>\n<\/ol>\n<p>N\u00e3o existe na legisla\u00e7\u00e3o um n\u00famero de faltas justificadas permitidas definido, mas \u00e9 preciso avaliar cada situa\u00e7\u00e3o de forma individual.<\/p>\n<p>Descubra mais de 400 mil vagas no site da Catho de gra\u00e7a![\/destaque]<\/p>\n<p>Aproveite para compartilhar com seus amigos o nosso conte\u00fado que revela mais sobre as faltas justificadas no trabalho e fa\u00e7a um coment\u00e1rio.<\/p>\n<div id=\"banner_bottom\"><img data-recalc-dims=\"1\" decoding=\"async\" style=\"with:100%\" data-gtm-event-category=\"catho:lp-carreira-sucesso\" data-gtm-event-action=\"carreira-sucesso:banner-artigo\" data-gtm-event-label=\"botao:banner\" src=\"https:\/\/i0.wp.com\/s24534.pcdn.co\/carreira-sucesso\/wp-content\/uploads\/sites\/3\/2023\/12\/banner-970x250_CBU_CONSIDERACAO_PORTAL.jpeg?ssl=1\"\/><noscript><img data-recalc-dims=\"1\" decoding=\"async\" src=\"https:\/\/i0.wp.com\/s24534.pcdn.co\/carreira-sucesso\/wp-content\/uploads\/sites\/3\/2023\/12\/banner-970x250_CBU_CONSIDERACAO_PORTAL.jpeg?ssl=1\" style=\"with:100%\" data-gtm-event-category=\"catho:lp-carreira-sucesso\" data-gtm-event-action=\"carreira-sucesso:banner-artigo\" data-gtm-event-label=\"botao:banner\"\/><\/noscript><\/div>\n<\/p><\/div>\n<p><br \/>\n<br \/><a href=\"https:\/\/www.catho.com.br\/carreira-sucesso\/faltas-justificadas\/\">Source link <\/a><\/p>\n<div class='code-block code-block-4' style='margin: 8px auto 8px 0; text-align: left; display: block; clear: both;'>\n\ud83d\udce2 Aviso Legal\n\nO site ismaelcolosi.com.br atua apenas como um canal de divulga\u00e7\u00e3o de oportunidades de emprego e n\u00e3o se responsabiliza pelo processo seletivo, contrata\u00e7\u00e3o ou qualquer outra etapa relacionada \u00e0s vagas publicadas. Todas as informa\u00e7\u00f5es s\u00e3o de responsabilidade dos anunciantes.\n\n\u26a0\ufe0f Aten\u00e7\u00e3o! Nunca pague por promessas de emprego nem compre cursos que garantam contrata\u00e7\u00e3o. Desconfie de qualquer cobran\u00e7a para participar de sele\u00e7\u00f5es.\n\n\n\n<\/div>\n<!-- CONTENT END 1 -->\n","protected":false},"excerpt":{"rendered":"<p>Em um cen\u00e1rio ideal, o profissional n\u00e3o deve se ausentar do trabalho, mas por diferentes motivos, poder\u00e3o ocorrer as faltas justificadas no trabalho.\u00a0 Descubra a&#8230;<\/p>\n","protected":false},"author":1,"featured_media":32730,"comment_status":"open","ping_status":"open","sticky":false,"template":"","format":"standard","meta":{"_uag_custom_page_level_css":"","advanced_seo_description":"","jetpack_seo_html_title":"","jetpack_seo_noindex":false,"jetpack_post_was_ever_published":false,"_jetpack_newsletter_access":"","_jetpack_dont_email_post_to_subs":false,"_jetpack_newsletter_tier_id":0,"_jetpack_memberships_contains_paywalled_content":false,"_jetpack_memberships_contains_paid_content":false,"footnotes":"","jetpack_publicize_message":"","jetpack_publicize_feature_enabled":true,"jetpack_social_post_already_shared":true,"jetpack_social_options":{"image_generator_settings":{"template":"highway","default_image_id":0,"font":"","enabled":false},"version":2}},"categories":[1964],"tags":[],"class_list":["post-32729","post","type-post","status-publish","format-standard","has-post-thumbnail","hentry","category-carreira-e-sucesso-dicas-para-carreira"],"jetpack_publicize_connections":[],"jetpack_featured_media_url":"https:\/\/i0.wp.com\/ismaelcolosi.com.br\/wp-content\/uploads\/2024\/01\/faltas-justificadas.jpg?fit=1200%2C675&ssl=1","uagb_featured_image_src":{"full":["https:\/\/i0.wp.com\/ismaelcolosi.com.br\/wp-content\/uploads\/2024\/01\/faltas-justificadas.jpg?fit=1200%2C675&ssl=1",1200,675,false],"thumbnail":["https:\/\/i0.wp.com\/ismaelcolosi.com.br\/wp-content\/uploads\/2024\/01\/faltas-justificadas.jpg?resize=150%2C150&ssl=1",150,150,true],"medium":["https:\/\/i0.wp.com\/ismaelcolosi.com.br\/wp-content\/uploads\/2024\/01\/faltas-justificadas.jpg?fit=300%2C169&ssl=1",300,169,true],"medium_large":["https:\/\/i0.wp.com\/ismaelcolosi.com.br\/wp-content\/uploads\/2024\/01\/faltas-justificadas.jpg?fit=768%2C432&ssl=1",768,432,true],"large":["https:\/\/i0.wp.com\/ismaelcolosi.com.br\/wp-content\/uploads\/2024\/01\/faltas-justificadas.jpg?fit=1024%2C576&ssl=1",1024,576,true],"1536x1536":["https:\/\/i0.wp.com\/ismaelcolosi.com.br\/wp-content\/uploads\/2024\/01\/faltas-justificadas.jpg?fit=1200%2C675&ssl=1",1200,675,true],"2048x2048":["https:\/\/i0.wp.com\/ismaelcolosi.com.br\/wp-content\/uploads\/2024\/01\/faltas-justificadas.jpg?fit=1200%2C675&ssl=1",1200,675,true],"really-simple-thumb":["https:\/\/i0.wp.com\/ismaelcolosi.com.br\/wp-content\/uploads\/2024\/01\/faltas-justificadas.jpg?resize=370%2C247&ssl=1",370,247,true]},"uagb_author_info":{"display_name":"ismaelcolosi.com.br","author_link":"https:\/\/ismaelcolosi.com.br\/index.php\/author\/vidareal-online\/"},"uagb_comment_info":0,"uagb_excerpt":"Em um cen\u00e1rio ideal, o profissional n\u00e3o deve se ausentar do trabalho, mas por diferentes motivos, poder\u00e3o ocorrer as faltas justificadas no trabalho.\u00a0 Descubra a...","jetpack-related-posts":[{"id":44005,"url":"https:\/\/ismaelcolosi.com.br\/index.php\/2024\/03\/25\/o-que-e-pode-ser-justa-causa-descubra-aqui\/","url_meta":{"origin":32729,"position":0},"title":"o que \u00e9, pode ser justa causa? Descubra aqui!","author":"ismaelcolosi.com.br","date":"25 de March de 2024","format":false,"excerpt":"A des\u00eddia \u00e9 o ato de evitar qualquer tipo de esfor\u00e7o, seja f\u00edsico ou mental, sendo aquela famosa \u201cpregui\u00e7a\u201d que sentimos em alguns momentos. E n\u00e3o h\u00e1 problema em sentir isso de vez em quando, o risco \u00e9 quando a des\u00eddia chega ao ambiente de trabalho, atrapalhando os colegas e\u2026","rel":"","context":"In &quot;Carreira e Sucesso&quot;","block_context":{"text":"Carreira e Sucesso","link":"https:\/\/ismaelcolosi.com.br\/index.php\/category\/carreira-e-sucesso-dicas-para-carreira\/"},"img":{"alt_text":"","src":"https:\/\/i0.wp.com\/ismaelcolosi.com.br\/wp-content\/uploads\/2024\/03\/Desidia.jpg?fit=1200%2C675&ssl=1&resize=350%2C200","width":350,"height":200,"srcset":"https:\/\/i0.wp.com\/ismaelcolosi.com.br\/wp-content\/uploads\/2024\/03\/Desidia.jpg?fit=1200%2C675&ssl=1&resize=350%2C200 1x, https:\/\/i0.wp.com\/ismaelcolosi.com.br\/wp-content\/uploads\/2024\/03\/Desidia.jpg?fit=1200%2C675&ssl=1&resize=525%2C300 1.5x, https:\/\/i0.wp.com\/ismaelcolosi.com.br\/wp-content\/uploads\/2024\/03\/Desidia.jpg?fit=1200%2C675&ssl=1&resize=700%2C400 2x, https:\/\/i0.wp.com\/ismaelcolosi.com.br\/wp-content\/uploads\/2024\/03\/Desidia.jpg?fit=1200%2C675&ssl=1&resize=1050%2C600 3x"},"classes":[]},{"id":50174,"url":"https:\/\/ismaelcolosi.com.br\/index.php\/2024\/05\/15\/tragedia-no-rs-empresas-podem-descontar-faltas-ou-suspender-salarios-entenda-direitos\/","url_meta":{"origin":32729,"position":1},"title":"Trag\u00e9dia no RS: empresas podem descontar faltas ou suspender sal\u00e1rios? Entenda direitos","author":"ismaelcolosi.com.br","date":"15 de May de 2024","format":false,"excerpt":"Tha\u00eds Matosi Tha\u00eds Matos 15\/05\/2024 - 6:35 As fortes chuvas que atingiram o Rio Grande do Sul deixaram milhares de desalojados e desabrigados, afetando tamb\u00e9m a atividade produtiva. Diante da situa\u00e7\u00e3o, v\u00e1rias empresas t\u00eam decretado f\u00e9rias coletivas, seja por falta de acesso ou condi\u00e7\u00f5es ou para evitar deslocamentos dos colaboradores\u2026","rel":"","context":"In &quot;Empregos - Classificados&quot;","block_context":{"text":"Empregos - Classificados","link":"https:\/\/ismaelcolosi.com.br\/index.php\/category\/empregos-classificados-vagas-trabalho\/"},"img":{"alt_text":"","src":"https:\/\/i0.wp.com\/ismaelcolosi.com.br\/wp-content\/uploads\/2024\/05\/2024-05-14t162236z-1-lynxmpek4d0oe-rtroptp-4-brazil-rains-scaled.jpg?fit=1200%2C800&ssl=1&resize=350%2C200","width":350,"height":200,"srcset":"https:\/\/i0.wp.com\/ismaelcolosi.com.br\/wp-content\/uploads\/2024\/05\/2024-05-14t162236z-1-lynxmpek4d0oe-rtroptp-4-brazil-rains-scaled.jpg?fit=1200%2C800&ssl=1&resize=350%2C200 1x, https:\/\/i0.wp.com\/ismaelcolosi.com.br\/wp-content\/uploads\/2024\/05\/2024-05-14t162236z-1-lynxmpek4d0oe-rtroptp-4-brazil-rains-scaled.jpg?fit=1200%2C800&ssl=1&resize=525%2C300 1.5x, https:\/\/i0.wp.com\/ismaelcolosi.com.br\/wp-content\/uploads\/2024\/05\/2024-05-14t162236z-1-lynxmpek4d0oe-rtroptp-4-brazil-rains-scaled.jpg?fit=1200%2C800&ssl=1&resize=700%2C400 2x, https:\/\/i0.wp.com\/ismaelcolosi.com.br\/wp-content\/uploads\/2024\/05\/2024-05-14t162236z-1-lynxmpek4d0oe-rtroptp-4-brazil-rains-scaled.jpg?fit=1200%2C800&ssl=1&resize=1050%2C600 3x"},"classes":[]},{"id":42909,"url":"https:\/\/ismaelcolosi.com.br\/index.php\/2024\/03\/18\/tudo-o-que-voce-precisa-saber-sobre-o-tema\/","url_meta":{"origin":32729,"position":2},"title":"tudo o que voc\u00ea precisa saber sobre o tema!","author":"ismaelcolosi.com.br","date":"18 de March de 2024","format":false,"excerpt":"Apesar de muitas vezes rejeitado, o ato de bater ponto \u00e9 obrigat\u00f3rio em alguns casos e garante que o pagamento seja feito da forma correta, incluindo adicionais e horas extras, quando tiver. Al\u00e9m disso, \u00e9 uma forma de comprovar que os hor\u00e1rios de trabalho est\u00e3o sendo cumpridos. Esse registro \u00e9\u2026","rel":"","context":"In &quot;Carreira e Sucesso&quot;","block_context":{"text":"Carreira e Sucesso","link":"https:\/\/ismaelcolosi.com.br\/index.php\/category\/carreira-e-sucesso-dicas-para-carreira\/"},"img":{"alt_text":"","src":"https:\/\/i0.wp.com\/ismaelcolosi.com.br\/wp-content\/uploads\/2024\/03\/bater-ponto.jpg?fit=1200%2C675&ssl=1&resize=350%2C200","width":350,"height":200,"srcset":"https:\/\/i0.wp.com\/ismaelcolosi.com.br\/wp-content\/uploads\/2024\/03\/bater-ponto.jpg?fit=1200%2C675&ssl=1&resize=350%2C200 1x, https:\/\/i0.wp.com\/ismaelcolosi.com.br\/wp-content\/uploads\/2024\/03\/bater-ponto.jpg?fit=1200%2C675&ssl=1&resize=525%2C300 1.5x, https:\/\/i0.wp.com\/ismaelcolosi.com.br\/wp-content\/uploads\/2024\/03\/bater-ponto.jpg?fit=1200%2C675&ssl=1&resize=700%2C400 2x, https:\/\/i0.wp.com\/ismaelcolosi.com.br\/wp-content\/uploads\/2024\/03\/bater-ponto.jpg?fit=1200%2C675&ssl=1&resize=1050%2C600 3x"},"classes":[]},{"id":17874,"url":"https:\/\/ismaelcolosi.com.br\/index.php\/2023\/12\/19\/abandono-de-emprego-o-que-diz-a-legislacao\/","url_meta":{"origin":32729,"position":3},"title":"Abandono de emprego: o que diz a legisla\u00e7\u00e3o","author":"ismaelcolosi.com.br","date":"19 de December de 2023","format":false,"excerpt":"Pode parecer uma situa\u00e7\u00e3o absurda, mas por diferentes motivos, alguns profissionais recorrem ao abandono de emprego. Se voc\u00ea busca mais informa\u00e7\u00f5es sobre o tema abandono de emprego, confira no texto o que diz a lei brasileira sobre abandonar o trabalho e tamb\u00e9m dicas para n\u00e3o deixar que isso aconte\u00e7a.\u00a0 Vamos\u2026","rel":"","context":"In &quot;Carreira e Sucesso&quot;","block_context":{"text":"Carreira e Sucesso","link":"https:\/\/ismaelcolosi.com.br\/index.php\/category\/carreira-e-sucesso-dicas-para-carreira\/"},"img":{"alt_text":"","src":"https:\/\/i0.wp.com\/ismaelcolosi.com.br\/wp-content\/uploads\/2023\/12\/abandono-de-emprego.jpg?fit=1200%2C675&ssl=1&resize=350%2C200","width":350,"height":200,"srcset":"https:\/\/i0.wp.com\/ismaelcolosi.com.br\/wp-content\/uploads\/2023\/12\/abandono-de-emprego.jpg?fit=1200%2C675&ssl=1&resize=350%2C200 1x, https:\/\/i0.wp.com\/ismaelcolosi.com.br\/wp-content\/uploads\/2023\/12\/abandono-de-emprego.jpg?fit=1200%2C675&ssl=1&resize=525%2C300 1.5x, https:\/\/i0.wp.com\/ismaelcolosi.com.br\/wp-content\/uploads\/2023\/12\/abandono-de-emprego.jpg?fit=1200%2C675&ssl=1&resize=700%2C400 2x, https:\/\/i0.wp.com\/ismaelcolosi.com.br\/wp-content\/uploads\/2023\/12\/abandono-de-emprego.jpg?fit=1200%2C675&ssl=1&resize=1050%2C600 3x"},"classes":[]},{"id":42703,"url":"https:\/\/ismaelcolosi.com.br\/index.php\/2024\/03\/16\/educacao-supera-10-de-absenteismo\/","url_meta":{"origin":32729,"position":4},"title":"Educa\u00e7\u00e3o supera 10% de absente\u00edsmo \u00a0","author":"ismaelcolosi.com.br","date":"16 de March de 2024","format":false,"excerpt":"16 de mar\u00e7o de 2024 | 10:0015 de mar\u00e7o de 2024 | 22:13 0Dados da Divis\u00e3o de Medicina e Seguran\u00e7a do Trabalho da prefeitura de Ribeir\u00e3o Preto revelam que, no ano passado, a Secretaria Municipal da Educa\u00e7\u00e3o registrou m\u00e9dia de 10,26% de absente\u00edsmo \u2013 aus\u00eancia de servidores ao trabalho. O\u2026","rel":"","context":"In &quot;Not\u00edcias de Ribeir\u00e3o Preto-SP e Regi\u00e3o&quot;","block_context":{"text":"Not\u00edcias de Ribeir\u00e3o Preto-SP e Regi\u00e3o","link":"https:\/\/ismaelcolosi.com.br\/index.php\/category\/noticias-de-ribeirao-preto-sp-e-regiao-ismael-colosi\/"},"img":{"alt_text":"","src":"https:\/\/i0.wp.com\/ismaelcolosi.com.br\/wp-content\/uploads\/2024\/03\/Servidor-Alexandre-de-Azevedo-Arquivo-foto-ilustrativa-scaled.jpg?fit=967%2C645&ssl=1&resize=350%2C200","width":350,"height":200,"srcset":"https:\/\/i0.wp.com\/ismaelcolosi.com.br\/wp-content\/uploads\/2024\/03\/Servidor-Alexandre-de-Azevedo-Arquivo-foto-ilustrativa-scaled.jpg?fit=967%2C645&ssl=1&resize=350%2C200 1x, https:\/\/i0.wp.com\/ismaelcolosi.com.br\/wp-content\/uploads\/2024\/03\/Servidor-Alexandre-de-Azevedo-Arquivo-foto-ilustrativa-scaled.jpg?fit=967%2C645&ssl=1&resize=525%2C300 1.5x, https:\/\/i0.wp.com\/ismaelcolosi.com.br\/wp-content\/uploads\/2024\/03\/Servidor-Alexandre-de-Azevedo-Arquivo-foto-ilustrativa-scaled.jpg?fit=967%2C645&ssl=1&resize=700%2C400 2x"},"classes":[]},{"id":90092,"url":"https:\/\/ismaelcolosi.com.br\/index.php\/2026\/04\/29\/empresas-em-portugal-implementam-semana-de-quatro-dias-de-trabalho\/","url_meta":{"origin":32729,"position":5},"title":"Empresas em Portugal Implementam Semana de Quatro Dias de Trabalho","author":"ismaelcolosi.com.br","date":"29 de April de 2026","format":false,"excerpt":"Com o livro \u201cSexta-Feira \u00e9 o Novo S\u00e1bado\u201c, o professor de economia da Universidade de Londres, o portugu\u00eas Pedro Gomes, tem divulgado os casos de 41 empresas em Portugal que decidiram, por conta pr\u00f3pria, reduzir a escala para quatro dias de trabalho por tr\u00eas de descanso (4\u00d73). O especialista da\u2026","rel":"","context":"In &quot;Carreira e Sucesso&quot;","block_context":{"text":"Carreira e Sucesso","link":"https:\/\/ismaelcolosi.com.br\/index.php\/category\/carreira-e-sucesso-dicas-para-carreira\/"},"img":{"alt_text":"","src":"https:\/\/i0.wp.com\/ismaelcolosi.com.br\/wp-content\/uploads\/2026\/04\/portugal-semana-de-trabalho-1200x675.jpg?fit=1200%2C675&ssl=1&resize=350%2C200","width":350,"height":200,"srcset":"https:\/\/i0.wp.com\/ismaelcolosi.com.br\/wp-content\/uploads\/2026\/04\/portugal-semana-de-trabalho-1200x675.jpg?fit=1200%2C675&ssl=1&resize=350%2C200 1x, https:\/\/i0.wp.com\/ismaelcolosi.com.br\/wp-content\/uploads\/2026\/04\/portugal-semana-de-trabalho-1200x675.jpg?fit=1200%2C675&ssl=1&resize=525%2C300 1.5x, https:\/\/i0.wp.com\/ismaelcolosi.com.br\/wp-content\/uploads\/2026\/04\/portugal-semana-de-trabalho-1200x675.jpg?fit=1200%2C675&ssl=1&resize=700%2C400 2x, https:\/\/i0.wp.com\/ismaelcolosi.com.br\/wp-content\/uploads\/2026\/04\/portugal-semana-de-trabalho-1200x675.jpg?fit=1200%2C675&ssl=1&resize=1050%2C600 3x"},"classes":[]}],"jetpack_sharing_enabled":true,"jetpack_shortlink":"https:\/\/wp.me\/pfMlyK-8vT","_links":{"self":[{"href":"https:\/\/ismaelcolosi.com.br\/index.php\/wp-json\/wp\/v2\/posts\/32729","targetHints":{"allow":["GET"]}}],"collection":[{"href":"https:\/\/ismaelcolosi.com.br\/index.php\/wp-json\/wp\/v2\/posts"}],"about":[{"href":"https:\/\/ismaelcolosi.com.br\/index.php\/wp-json\/wp\/v2\/types\/post"}],"author":[{"embeddable":true,"href":"https:\/\/ismaelcolosi.com.br\/index.php\/wp-json\/wp\/v2\/users\/1"}],"replies":[{"embeddable":true,"href":"https:\/\/ismaelcolosi.com.br\/index.php\/wp-json\/wp\/v2\/comments?post=32729"}],"version-history":[{"count":0,"href":"https:\/\/ismaelcolosi.com.br\/index.php\/wp-json\/wp\/v2\/posts\/32729\/revisions"}],"wp:featuredmedia":[{"embeddable":true,"href":"https:\/\/ismaelcolosi.com.br\/index.php\/wp-json\/wp\/v2\/media\/32730"}],"wp:attachment":[{"href":"https:\/\/ismaelcolosi.com.br\/index.php\/wp-json\/wp\/v2\/media?parent=32729"}],"wp:term":[{"taxonomy":"category","embeddable":true,"href":"https:\/\/ismaelcolosi.com.br\/index.php\/wp-json\/wp\/v2\/categories?post=32729"},{"taxonomy":"post_tag","embeddable":true,"href":"https:\/\/ismaelcolosi.com.br\/index.php\/wp-json\/wp\/v2\/tags?post=32729"}],"curies":[{"name":"wp","href":"https:\/\/api.w.org\/{rel}","templated":true}]}}