{"id":32483,"date":"2024-01-25T11:49:40","date_gmt":"2024-01-25T14:49:40","guid":{"rendered":"https:\/\/ismaelcolosi.com.br\/index.php\/2024\/01\/25\/livro-reportagem-sobre-violencia-sexual-sera-lancado-nesta-quinta-em-rp\/"},"modified":"2024-01-25T11:49:40","modified_gmt":"2024-01-25T14:49:40","slug":"livro-reportagem-sobre-violencia-sexual-sera-lancado-nesta-quinta-em-rp","status":"publish","type":"post","link":"https:\/\/ismaelcolosi.com.br\/index.php\/2024\/01\/25\/livro-reportagem-sobre-violencia-sexual-sera-lancado-nesta-quinta-em-rp\/","title":{"rendered":"Livro-reportagem sobre viol\u00eancia sexual ser\u00e1 lan\u00e7ado nesta quinta em RP"},"content":{"rendered":"<p> <br \/>\n<\/p>\n<div id=\"post-371514\">\n<header class=\"entry-header penci-entry-header penci-title-center\">\n<p> <span class=\"entry-meta-item penci-posted-on\"><i class=\"fa fa-clock-o\"\/><time class=\"entry-date published\" datetime=\"2024-01-25T11:40:25-03:00\">25 de janeiro de 2024 | 11:40<\/time><time class=\"updated\" datetime=\"2024-01-25T11:41:46-03:00\">25 de janeiro de 2024 | 11:41<\/time><\/span><\/p>\n<p> <span class=\"penci-social-buttons penci-social-share-footer\"><a href=\"#\" class=\"penci-post-like penci_post-meta_item  single-like-button penci-social-item like\" data-post_id=\"371514\" title=\"Like\" data-like=\"Like\" data-unlike=\"Unlike\"><i class=\"fa fa-thumbs-o-up\"\/><span class=\"penci-share-number\">0<\/span><\/a><i class=\"fa fa-facebook\"\/><a class=\"penci-social-item twitter\" target=\"_blank\" rel=\"noopener\" title=\"\" href=\"https:\/\/twitter.com\/intent\/tweet?text=Livro-reportagem%20sobre%20viol\u00eancia%20sexual%20ser\u00e1%20lan\u00e7ado%20nesta%20quinta%20em%20RP%20-%20https:\/\/www.tribunaribeirao.com.br\/site\/livro-reportagem-sobre-violencia-sexual-sera-lancado-nesta-quinta-em-rp\/\"><i class=\"fa fa-twitter\"\/><\/a><i class=\"fa fa-whatsapp\"\/><\/span><\/header>\n<div class=\"penci-entry-content entry-content\">\n<p>O livro-reportagem \u201cQuando as vozes se calam\u201d, com hist\u00f3rias reais de mulheres v\u00edtimas de viol\u00eancia sexual na regi\u00e3o de Ribeir\u00e3o Preto, ser\u00e1 lan\u00e7ado nesta quinta-feira, 25, \u00e0s 19h na Livraria Travessa no Ribeir\u00e3o Shopping.<\/p>\n<p>O projeto nasceu para o Trabalho de Conclus\u00e3o do curso de jornalismo, com o objetivo de conscientizar e desculpabilizar as v\u00edtimas de ass\u00e9dio, importuna\u00e7\u00e3o sexual e estupro.<\/p>\n<p>Com seis cap\u00edtulo, o livro introduz sobre o machismo estrutural e como ele contribui para a repress\u00e3o da mulher em assuntos relacionados ao sexo. De acordo com a autora Karla Rodrigues, este fator inibe as v\u00edtimas de falarem sobre a viol\u00eancia sexual, pois sentem medo, culpa ou vergonha.<\/p>\n<p>Al\u00e9m dos fatores hist\u00f3ricos, o livro retrata a vida de tr\u00eas mulheres v\u00edtimas de abuso sexual. Os cap\u00edtulos convidam os leitores a mergulhar na hist\u00f3ria de cada uma. \u201cN\u00e3o se restringem \u00e0 viol\u00eancia sofrida, \u00e9 poss\u00edvel perceber como a vida delas foi impactada\u201d, diz a jornalista.<\/p>\n<p><strong>\u00a0<\/strong><strong>Sinopse<\/strong><\/p>\n<p>Tr\u00eas hist\u00f3rias reais de mulheres diferentes, mas com algo em comum: elas foram v\u00edtimas de viol\u00eancia sexual. Os relatos emocionantes demonstram a realidade de uma a cada tr\u00eas mulheres no mundo. Contudo, essa \u00e9 uma viol\u00eancia ainda pouco exposta por causa da vergonha, medo ou culpa sentida pela v\u00edtima. O ass\u00e9dio, a importuna\u00e7\u00e3o sexual ou o estupro s\u00e3o formas de viol\u00eancias sexuais que deixam marcas al\u00e9m do tempo e mudam a vida das v\u00edtimas.<\/p>\n<p>\u00a0<\/p>\n<\/div>\n<footer class=\"penci-entry-footer\"\/><\/div>\n<p><script async src=\"\/\/platform.twitter.com\/widgets.js\" charset=\"utf-8\"><\/script><br \/>\n<br \/><br \/>\n<br \/><a href=\"https:\/\/www.tribunaribeirao.com.br\/site\/livro-reportagem-sobre-violencia-sexual-sera-lancado-nesta-quinta-em-rp\/\">Source link <\/a><\/p>\n<div class='code-block code-block-4' style='margin: 8px auto 8px 0; text-align: left; display: block; clear: both;'>\n\ud83d\udce2 Aviso Legal\n\nO site ismaelcolosi.com.br atua apenas como um canal de divulga\u00e7\u00e3o de oportunidades de emprego e n\u00e3o se responsabiliza pelo processo seletivo, contrata\u00e7\u00e3o ou qualquer outra etapa relacionada \u00e0s vagas publicadas. Todas as informa\u00e7\u00f5es s\u00e3o de responsabilidade dos anunciantes.\n\n\u26a0\ufe0f Aten\u00e7\u00e3o! Nunca pague por promessas de emprego nem compre cursos que garantam contrata\u00e7\u00e3o. Desconfie de qualquer cobran\u00e7a para participar de sele\u00e7\u00f5es.\n\n\n\n<\/div>\n<!-- CONTENT END 1 -->\n","protected":false},"excerpt":{"rendered":"<p>25 de janeiro de 2024 | 11:4025 de janeiro de 2024 | 11:41 0 O livro-reportagem \u201cQuando as vozes se calam\u201d, com hist\u00f3rias reais de&#8230;<\/p>\n","protected":false},"author":1,"featured_media":32484,"comment_status":"open","ping_status":"open","sticky":false,"template":"","format":"standard","meta":{"_uag_custom_page_level_css":"","advanced_seo_description":"","jetpack_seo_html_title":"","jetpack_seo_noindex":false,"jetpack_post_was_ever_published":false,"_jetpack_newsletter_access":"","_jetpack_dont_email_post_to_subs":false,"_jetpack_newsletter_tier_id":0,"_jetpack_memberships_contains_paywalled_content":false,"_jetpack_memberships_contains_paid_content":false,"footnotes":"","jetpack_publicize_message":"","jetpack_publicize_feature_enabled":true,"jetpack_social_post_already_shared":true,"jetpack_social_options":{"image_generator_settings":{"template":"highway","default_image_id":0,"font":"","enabled":false},"version":2}},"categories":[11],"tags":[3868,3867,207,884,172,1561,468,1587],"class_list":["post-32483","post","type-post","status-publish","format-standard","has-post-thumbnail","hentry","category-noticias-de-ribeirao-preto-sp-e-regiao-ismael-colosi","tag-lancado","tag-livroreportagem","tag-nesta","tag-quinta","tag-sera","tag-sexual","tag-sobre","tag-violencia"],"jetpack_publicize_connections":[],"jetpack_featured_media_url":"https:\/\/i0.wp.com\/ismaelcolosi.com.br\/wp-content\/uploads\/2024\/01\/e53bd033-99f9-4257-b389-e98156f3380b-scaled.jpg?fit=454%2C645&ssl=1","uagb_featured_image_src":{"full":["https:\/\/i0.wp.com\/ismaelcolosi.com.br\/wp-content\/uploads\/2024\/01\/e53bd033-99f9-4257-b389-e98156f3380b-scaled.jpg?fit=454%2C645&ssl=1",454,645,false],"thumbnail":["https:\/\/i0.wp.com\/ismaelcolosi.com.br\/wp-content\/uploads\/2024\/01\/e53bd033-99f9-4257-b389-e98156f3380b-scaled.jpg?resize=150%2C150&ssl=1",150,150,true],"medium":["https:\/\/i0.wp.com\/ismaelcolosi.com.br\/wp-content\/uploads\/2024\/01\/e53bd033-99f9-4257-b389-e98156f3380b-scaled.jpg?fit=211%2C300&ssl=1",211,300,true],"medium_large":["https:\/\/i0.wp.com\/ismaelcolosi.com.br\/wp-content\/uploads\/2024\/01\/e53bd033-99f9-4257-b389-e98156f3380b-scaled.jpg?fit=454%2C645&ssl=1",454,645,true],"large":["https:\/\/i0.wp.com\/ismaelcolosi.com.br\/wp-content\/uploads\/2024\/01\/e53bd033-99f9-4257-b389-e98156f3380b-scaled.jpg?fit=454%2C645&ssl=1",454,645,true],"1536x1536":["https:\/\/i0.wp.com\/ismaelcolosi.com.br\/wp-content\/uploads\/2024\/01\/e53bd033-99f9-4257-b389-e98156f3380b-scaled.jpg?fit=454%2C645&ssl=1",454,645,true],"2048x2048":["https:\/\/i0.wp.com\/ismaelcolosi.com.br\/wp-content\/uploads\/2024\/01\/e53bd033-99f9-4257-b389-e98156f3380b-scaled.jpg?fit=454%2C645&ssl=1",454,645,true],"really-simple-thumb":["https:\/\/i0.wp.com\/ismaelcolosi.com.br\/wp-content\/uploads\/2024\/01\/e53bd033-99f9-4257-b389-e98156f3380b-scaled.jpg?resize=370%2C247&ssl=1",370,247,true]},"uagb_author_info":{"display_name":"ismaelcolosi.com.br","author_link":"https:\/\/ismaelcolosi.com.br\/index.php\/author\/vidareal-online\/"},"uagb_comment_info":0,"uagb_excerpt":"25 de janeiro de 2024 | 11:4025 de janeiro de 2024 | 11:41 0 O livro-reportagem \u201cQuando as vozes se calam\u201d, com hist\u00f3rias reais de...","jetpack-related-posts":[{"id":41356,"url":"https:\/\/ismaelcolosi.com.br\/index.php\/2024\/03\/07\/a-cada-24-horas-ao-menos-oito-mulheres-sao-vitimas-de-violencia\/","url_meta":{"origin":32483,"position":0},"title":"A cada 24 horas, ao menos oito mulheres s\u00e3o v\u00edtimas de viol\u00eancia","author":"ismaelcolosi.com.br","date":"7 de March de 2024","format":false,"excerpt":"7 de mar\u00e7o de 2024 | 18:007 de mar\u00e7o de 2024 | 11:11 0No ano de 2023, ao menos oito mulheres foram v\u00edtimas de viol\u00eancia dom\u00e9stica a cada 24 horas. Os dados referem-se a oito dos nove estados monitorados pela Rede de Observat\u00f3rios da Seguran\u00e7a (BA, CE, MA, PA, PE,\u2026","rel":"","context":"In &quot;Not\u00edcias de Ribeir\u00e3o Preto-SP e Regi\u00e3o&quot;","block_context":{"text":"Not\u00edcias de Ribeir\u00e3o Preto-SP e Regi\u00e3o","link":"https:\/\/ismaelcolosi.com.br\/index.php\/category\/noticias-de-ribeirao-preto-sp-e-regiao-ismael-colosi\/"},"img":{"alt_text":"","src":"https:\/\/i0.wp.com\/ismaelcolosi.com.br\/wp-content\/uploads\/2024\/03\/11e2ca13-c9b9-40da-9729-500c31a70b84-scaled.jpg?fit=1000%2C598&ssl=1&resize=350%2C200","width":350,"height":200,"srcset":"https:\/\/i0.wp.com\/ismaelcolosi.com.br\/wp-content\/uploads\/2024\/03\/11e2ca13-c9b9-40da-9729-500c31a70b84-scaled.jpg?fit=1000%2C598&ssl=1&resize=350%2C200 1x, https:\/\/i0.wp.com\/ismaelcolosi.com.br\/wp-content\/uploads\/2024\/03\/11e2ca13-c9b9-40da-9729-500c31a70b84-scaled.jpg?fit=1000%2C598&ssl=1&resize=525%2C300 1.5x, https:\/\/i0.wp.com\/ismaelcolosi.com.br\/wp-content\/uploads\/2024\/03\/11e2ca13-c9b9-40da-9729-500c31a70b84-scaled.jpg?fit=1000%2C598&ssl=1&resize=700%2C400 2x"},"classes":[]},{"id":48171,"url":"https:\/\/ismaelcolosi.com.br\/index.php\/2024\/05\/01\/bruce-dickinson-do-iron-maiden-se-apresenta-em-ribeirao-preto-nesta-quinta\/","url_meta":{"origin":32483,"position":1},"title":"Bruce Dickinson, do Iron Maiden, se apresenta em Ribeir\u00e3o Preto nesta quinta","author":"ismaelcolosi.com.br","date":"1 de May de 2024","format":false,"excerpt":"O vocalista do Iron Maiden, Bruce Dickinson, traz seu show solo para Ribeir\u00e3o Preto nesta quinta-feira (2), no Quinta Linda Centro de Eventos. O hor\u00e1rio de abertura dos port\u00f5es foi alterado, sendo agora \u00e0s 19h e o show come\u00e7a \u00e0s 21h. O artista traz para os palcos do interior de\u2026","rel":"","context":"In &quot;Not\u00edcias de Ribeir\u00e3o Preto-SP e Regi\u00e3o&quot;","block_context":{"text":"Not\u00edcias de Ribeir\u00e3o Preto-SP e Regi\u00e3o","link":"https:\/\/ismaelcolosi.com.br\/index.php\/category\/noticias-de-ribeirao-preto-sp-e-regiao-ismael-colosi\/"},"img":{"alt_text":"","src":"https:\/\/i0.wp.com\/ismaelcolosi.com.br\/wp-content\/uploads\/2024\/05\/AnyConv.com__bruce-dickinson.webp.webp?fit=1078%2C812&ssl=1&resize=350%2C200","width":350,"height":200,"srcset":"https:\/\/i0.wp.com\/ismaelcolosi.com.br\/wp-content\/uploads\/2024\/05\/AnyConv.com__bruce-dickinson.webp.webp?fit=1078%2C812&ssl=1&resize=350%2C200 1x, https:\/\/i0.wp.com\/ismaelcolosi.com.br\/wp-content\/uploads\/2024\/05\/AnyConv.com__bruce-dickinson.webp.webp?fit=1078%2C812&ssl=1&resize=525%2C300 1.5x, https:\/\/i0.wp.com\/ismaelcolosi.com.br\/wp-content\/uploads\/2024\/05\/AnyConv.com__bruce-dickinson.webp.webp?fit=1078%2C812&ssl=1&resize=700%2C400 2x, https:\/\/i0.wp.com\/ismaelcolosi.com.br\/wp-content\/uploads\/2024\/05\/AnyConv.com__bruce-dickinson.webp.webp?fit=1078%2C812&ssl=1&resize=1050%2C600 3x"},"classes":[]},{"id":36225,"url":"https:\/\/ismaelcolosi.com.br\/index.php\/2024\/02\/08\/beijo-roubado-no-carnaval-e-crime-de-assedio-veja-o-que-diz-advogado\/","url_meta":{"origin":32483,"position":2},"title":"Beijo roubado no Carnaval \u00e9 crime de ass\u00e9dio? Veja o que diz advogado","author":"ismaelcolosi.com.br","date":"8 de February de 2024","format":false,"excerpt":"Muitas atitudes que eram \u201ccomuns\u201d em \u00e9pocas anteriores durante o Carnaval, como o beijo roubado, por exemplo, seja repentino ou de forma mais agressiva como segurar pelos bra\u00e7os, s\u00e3o consideradas crime. O advogado Adolfo Angelotti explica que dependendo de como for o beijo roubado, o crime pode passar de importuna\u00e7\u00e3o\u2026","rel":"","context":"In &quot;Not\u00edcias de Ribeir\u00e3o Preto-SP e Regi\u00e3o&quot;","block_context":{"text":"Not\u00edcias de Ribeir\u00e3o Preto-SP e Regi\u00e3o","link":"https:\/\/ismaelcolosi.com.br\/index.php\/category\/noticias-de-ribeirao-preto-sp-e-regiao-ismael-colosi\/"},"img":{"alt_text":"","src":"https:\/\/i0.wp.com\/ismaelcolosi.com.br\/wp-content\/uploads\/2024\/02\/barraca-do-beijo.jpg?fit=512%2C768&ssl=1&resize=350%2C200","width":350,"height":200},"classes":[]},{"id":34195,"url":"https:\/\/ismaelcolosi.com.br\/index.php\/2024\/02\/01\/trecho-da-meira-junior-sera-interditada-nesta-quinta\/","url_meta":{"origin":32483,"position":3},"title":"Trecho da Meira J\u00fanior ser\u00e1 interditada nesta quinta","author":"ismaelcolosi.com.br","date":"1 de February de 2024","format":false,"excerpt":"1 de fevereiro de 2024 | 8:3031 de janeiro de 2024 | 18:13 0A pista Centro\/Bairro da trincheira do complexo vi\u00e1rio Doutor Manoel Ferreira Le\u00e3o Netto, localizada no cruzamento das avenidas Meira Junior, Treze de Maio e Capit\u00e3o Salom\u00e3o, ser\u00e1 totalmente interditada na manh\u00e3 desta quinta-feira, dia 1\u00ba de fevereiro.\u2026","rel":"","context":"In &quot;Not\u00edcias de Ribeir\u00e3o Preto-SP e Regi\u00e3o&quot;","block_context":{"text":"Not\u00edcias de Ribeir\u00e3o Preto-SP e Regi\u00e3o","link":"https:\/\/ismaelcolosi.com.br\/index.php\/category\/noticias-de-ribeirao-preto-sp-e-regiao-ismael-colosi\/"},"img":{"alt_text":"","src":"https:\/\/i0.wp.com\/ismaelcolosi.com.br\/wp-content\/uploads\/2024\/02\/interdicao_trincheira_meira_junior_2-scaled.jpg?fit=1000%2C563&ssl=1&resize=350%2C200","width":350,"height":200,"srcset":"https:\/\/i0.wp.com\/ismaelcolosi.com.br\/wp-content\/uploads\/2024\/02\/interdicao_trincheira_meira_junior_2-scaled.jpg?fit=1000%2C563&ssl=1&resize=350%2C200 1x, https:\/\/i0.wp.com\/ismaelcolosi.com.br\/wp-content\/uploads\/2024\/02\/interdicao_trincheira_meira_junior_2-scaled.jpg?fit=1000%2C563&ssl=1&resize=525%2C300 1.5x, https:\/\/i0.wp.com\/ismaelcolosi.com.br\/wp-content\/uploads\/2024\/02\/interdicao_trincheira_meira_junior_2-scaled.jpg?fit=1000%2C563&ssl=1&resize=700%2C400 2x"},"classes":[]},{"id":39876,"url":"https:\/\/ismaelcolosi.com.br\/index.php\/2024\/02\/28\/grupo-mulheres-do-brasil-realiza-evento-de-combate-a-violencia-contra-mulheres\/","url_meta":{"origin":32483,"position":4},"title":"Grupo Mulheres do Brasil realiza evento de combate \u00e0 viol\u00eancia contra mulheres","author":"ismaelcolosi.com.br","date":"28 de February de 2024","format":false,"excerpt":"28 de fevereiro de 2024 | 14:54 0O Grupo Mulheres do Brasil realizar\u00e1 nesta quinta-feira uma reuni\u00e3o de planejamento global sobre o combate \u00e0 viol\u00eancia contra mulheres e meninas, que acontecer\u00e1 das 14h \u00e0s 17h30 na Arena Magalu, em S\u00e3o Paulo. Seu objetivo \u00e9 buscar a\u00e7\u00f5es que possam contribuir significativamente\u2026","rel":"","context":"In &quot;Not\u00edcias de Ribeir\u00e3o Preto-SP e Regi\u00e3o&quot;","block_context":{"text":"Not\u00edcias de Ribeir\u00e3o Preto-SP e Regi\u00e3o","link":"https:\/\/ismaelcolosi.com.br\/index.php\/category\/noticias-de-ribeirao-preto-sp-e-regiao-ismael-colosi\/"},"img":{"alt_text":"","src":"https:\/\/i0.wp.com\/ismaelcolosi.com.br\/wp-content\/uploads\/2024\/02\/8118-1689679199904.jpg?fit=640%2C480&ssl=1&resize=350%2C200","width":350,"height":200,"srcset":"https:\/\/i0.wp.com\/ismaelcolosi.com.br\/wp-content\/uploads\/2024\/02\/8118-1689679199904.jpg?fit=640%2C480&ssl=1&resize=350%2C200 1x, https:\/\/i0.wp.com\/ismaelcolosi.com.br\/wp-content\/uploads\/2024\/02\/8118-1689679199904.jpg?fit=640%2C480&ssl=1&resize=525%2C300 1.5x"},"classes":[]},{"id":77885,"url":"https:\/\/ismaelcolosi.com.br\/index.php\/2024\/11\/29\/pf-faz-operacao-contra-pornografia-infantil-na-regiao\/","url_meta":{"origin":32483,"position":5},"title":"PF faz opera\u00e7\u00e3o contra pornografia infantil na regi\u00e3o","author":"ismaelcolosi.com.br","date":"29 de November de 2024","format":false,"excerpt":"Por: Adalberto Luque A Delegacia da Pol\u00edcia Federal em Ribeir\u00e3o Preto realizou, nesta quinta-feira (28), a opera\u00e7\u00e3o Elpis 12, com o objetivo de desarticular o ramo de uma organiza\u00e7\u00e3o criminosa que se dedica \u00e0 difus\u00e3o de arquivos com fotos e v\u00eddeos de pornografia infantojuvenil. A a\u00e7\u00e3o ocorreu em uma resid\u00eancia\u2026","rel":"","context":"In &quot;Not\u00edcias de Ribeir\u00e3o Preto-SP e Regi\u00e3o&quot;","block_context":{"text":"Not\u00edcias de Ribeir\u00e3o Preto-SP e Regi\u00e3o","link":"https:\/\/ismaelcolosi.com.br\/index.php\/category\/noticias-de-ribeirao-preto-sp-e-regiao-ismael-colosi\/"},"img":{"alt_text":"","src":"https:\/\/i0.wp.com\/ismaelcolosi.com.br\/wp-content\/uploads\/2024\/11\/29nov2024-operacaoelpis.jpeg?fit=463%2C500&ssl=1&resize=350%2C200","width":350,"height":200},"classes":[]}],"jetpack_sharing_enabled":true,"jetpack_shortlink":"https:\/\/wp.me\/pfMlyK-8rV","_links":{"self":[{"href":"https:\/\/ismaelcolosi.com.br\/index.php\/wp-json\/wp\/v2\/posts\/32483","targetHints":{"allow":["GET"]}}],"collection":[{"href":"https:\/\/ismaelcolosi.com.br\/index.php\/wp-json\/wp\/v2\/posts"}],"about":[{"href":"https:\/\/ismaelcolosi.com.br\/index.php\/wp-json\/wp\/v2\/types\/post"}],"author":[{"embeddable":true,"href":"https:\/\/ismaelcolosi.com.br\/index.php\/wp-json\/wp\/v2\/users\/1"}],"replies":[{"embeddable":true,"href":"https:\/\/ismaelcolosi.com.br\/index.php\/wp-json\/wp\/v2\/comments?post=32483"}],"version-history":[{"count":0,"href":"https:\/\/ismaelcolosi.com.br\/index.php\/wp-json\/wp\/v2\/posts\/32483\/revisions"}],"wp:featuredmedia":[{"embeddable":true,"href":"https:\/\/ismaelcolosi.com.br\/index.php\/wp-json\/wp\/v2\/media\/32484"}],"wp:attachment":[{"href":"https:\/\/ismaelcolosi.com.br\/index.php\/wp-json\/wp\/v2\/media?parent=32483"}],"wp:term":[{"taxonomy":"category","embeddable":true,"href":"https:\/\/ismaelcolosi.com.br\/index.php\/wp-json\/wp\/v2\/categories?post=32483"},{"taxonomy":"post_tag","embeddable":true,"href":"https:\/\/ismaelcolosi.com.br\/index.php\/wp-json\/wp\/v2\/tags?post=32483"}],"curies":[{"name":"wp","href":"https:\/\/api.w.org\/{rel}","templated":true}]}}