{"id":32132,"date":"2024-01-24T08:17:50","date_gmt":"2024-01-24T11:17:50","guid":{"rendered":"https:\/\/ismaelcolosi.com.br\/index.php\/2024\/01\/24\/supervisor-telecom-home-office\/"},"modified":"2024-01-24T08:17:50","modified_gmt":"2024-01-24T11:17:50","slug":"supervisor-telecom-home-office","status":"publish","type":"post","link":"https:\/\/ismaelcolosi.com.br\/index.php\/2024\/01\/24\/supervisor-telecom-home-office\/","title":{"rendered":"SUPERVISOR TELECOM &#8211; HOME OFFICE"},"content":{"rendered":"<p> [ad_1]<br \/>\n<\/p>\n<div id=\"post-11966\">\n<div class=\"single-featured\"><img data-recalc-dims=\"1\" loading=\"lazy\" decoding=\"async\" width=\"750\" height=\"430\" alt=\"Supervisor Telecom, Est\u00e1gio Suporte ao Cliente, Analista de Marketing, ASSISTENTE DE DEPARTAMENTO PESSOAL, Vendedor(a) PlenoAUXILIAR DE ESCRIT\u00d3RIO, SUPERVISOR COMERCIAL\" src=\"https:\/\/i0.wp.com\/empregandosp.com\/wp-content\/uploads\/2024\/01\/vagas-de-emprego-2-EMPREGANDOSP-750x430.webp?resize=750%2C430&#038;ssl=1\"\/>\n\t\t\t\t\t\t\t\t\t\t\t<\/div>\n<div class=\"entry-content clearfix single-post-content\">\n<h2 class=\"wp-block-heading\"><strong>A Serede abriu vaga para Supervisor Telecom, para atuar Home Office!<\/strong><\/h2>\n<p>Veja os detalhes da vaga a seguir e prepare o seu melhor curr\u00edculo!<\/p>\n<h2 class=\"wp-block-heading\">SOBRE A VAGA<\/h2>\n<p>Se voc\u00ea sempre sonhou em trabalhar em uma das empresas que mais emprega no Brasil, que est\u00e1 em constante transforma\u00e7\u00e3o e investe em projetos de inova\u00e7\u00e3o, essa \u00e9 sua chance!<\/p>\n<p>Nosso maior desafio \u00e9 promover e liderar a transforma\u00e7\u00e3o do modelo de opera\u00e7\u00e3o e manuten\u00e7\u00e3o de redes de Telecom, aportando tecnologia, revisando procedimentos, otimizando recursos e, principalmente, investindo na capacita\u00e7\u00e3o e no desenvolvimento dos nossos colaboradores. Sua miss\u00e3o ser\u00e1:<\/p>\n<p>Analisar e tratar os BAs de falhas dos equipamentos da rede de comuta\u00e7\u00e3o, rotas das Redes TDM, NGN e IMS\/FTTH, al\u00e9m de triagem e tramita\u00e7\u00e3o dos BAs de reparo n\u00e3o solucionados para o Suporte de Comuta\u00e7\u00e3o N\u00edvel 3 ou Equipes respons\u00e1veis pela solu\u00e7\u00e3o sejam em remotas (Transmiss\u00e3o, Dados ou Interconex\u00e3o) ou de Campo.<\/p>\n<p>Se interessou? Venha trabalhar em uma empresa que conecta pessoas!<\/p>\n<h2 class=\"wp-block-heading\">RESPONSABILIDADES E ATRIBUI\u00c7\u00d5ES<\/h2>\n<ul>\n<li>Apoiar na elabora\u00e7\u00e3o de propostas, negocia\u00e7\u00f5es e estudos da \u00e1rea, incluindo ETE \u2013 Especifica\u00e7\u00e3o T\u00e9cnica de Engenharia, ETP \u2013 Especifica\u00e7\u00e3o T\u00e9cnica de Planejamento e RFP \u2013 Request for Proposal;<\/li>\n<li>Elaborar documentos e projetos t\u00e9cnicos de interconex\u00e3o (APTIs, APEIs, TDM e SIP), suportando o processo para configura\u00e7\u00f5es de redes e entrada em novas \u00e1reas locais;<\/li>\n<li>Realizar interface com os diversos \u00e1reas, levantando informa\u00e7\u00f5es como topologias de rede e interconex\u00e3o, homologando novos servi\u00e7os e solu\u00e7\u00f5es para os produtos Telecom;\u00a0<\/li>\n<li>Atuar como representante oficial da empresa em f\u00f3runs t\u00e9cnicos junto a Anatel, Regulat\u00f3rio e Atacado e em reuni\u00f5es que tratem interconex\u00f5es com as demais operadoras nacionais e internacionais;\u00a0<\/li>\n<li>Elaborar documentos internos para abertura de faixa de numera\u00e7\u00e3o de outras operadoras, e demais documentos relacionados a sinaliza\u00e7\u00e3o;<\/li>\n<li>Realizar o levantamento de custo e prazo junto aos fornecedores de solu\u00e7\u00f5es de rede;<\/li>\n<li>Elaborar projetos t\u00e9cnicos de interconex\u00e3o TDM e SIP; documentos internos para abertura de faixa de numera\u00e7\u00e3o de outras operadoras, documentos de interconex\u00e3o (APTIs, APEIs) que v\u00e3o servir de suporte para outras \u00e1reas seguirem com as configura\u00e7\u00f5es de rede;<\/li>\n<li>Conhecer sobre os modelos de interconex\u00f5es praticados entre as Operadoras;<\/li>\n<li>Ter amplo conhecimento de topologia de rede de comuta\u00e7\u00e3o e sinaliza\u00e7\u00e3o;<\/li>\n<li>Conhecer conceitos de portabilidade, remunera\u00e7\u00e3o de rede, numera\u00e7\u00e3o, servi\u00e7os especiais, \u00e1rea local, PPI e POI, estrutura de endere\u00e7amentos IP;<\/li>\n<li>Conhecer protocolos SIP e SSN7,conceitos de centrais TDM, NGN e IMS;<\/li>\n<li>Analisar trafego de rede para negocia\u00e7\u00f5es de mudan\u00e7as de topologia de rede e altera\u00e7\u00e3o de rotas;<\/li>\n<li>Suportar a Gerencia com informa\u00e7\u00f5es, ATAs e planilhas sobre monitoramento das a\u00e7\u00f5es e reuni\u00f5es;<\/li>\n<li>Apresentar solu\u00e7\u00f5es inovadoras para melhorar desempenho da rede, buscando a implementa\u00e7\u00e3o de melhorias tecnol\u00f3gicas as Redes de Telecomunica\u00e7\u00f5es e Dados;<\/li>\n<li>Atuar como facilitador de conhecimento ministrando treinamentos t\u00e9cnicos junto a sua Equipe;<\/li>\n<li>Participar de reuni\u00f5es com seu Gestor e Equipe para apresentar dados T\u00e9cnicos de resolu\u00e7\u00e3o de problemas;<\/li>\n<li>Analisar, planejar, controlar e liderar as atividades da Equipe;<\/li>\n<li>Executar as atividades da \u00e1rea, sempre que necess\u00e1rio para garantir as entregas.<\/li>\n<\/ul>\n<h2 class=\"wp-block-heading\">REQUISITOS E QUALIFICA\u00c7\u00d5ES<\/h2>\n<ul>\n<li>Ensino superior completo.<\/li>\n<li>Conhecimento em telecomunica\u00e7\u00f5es;<\/li>\n<li>Conhecimento avan\u00e7ado em pacote office;<\/li>\n<\/ul>\n<h2 class=\"wp-block-heading\">INFORMA\u00c7\u00d5ES ADICIONAIS<\/h2>\n<p>Benef\u00edcios:<\/p>\n<ul>\n<li>Plano de sa\u00fade;<\/li>\n<li>Plano odontol\u00f3gico;<\/li>\n<li>Ticket refei\u00e7\u00e3o ou alimenta\u00e7\u00e3o;<\/li>\n<li>Seguro de vida;<\/li>\n<li>PL anual;<\/li>\n<li>Clube de descontos.<\/li>\n<\/ul>\n<h2 class=\"wp-block-heading\">Local:<\/h2>\n<p>Gostou da vaga?<\/p>\n<p>Veja mais vagas no\u00a0<strong><a href=\"https:\/\/www.linkedin.com\/company\/empregandosp\" target=\"_blank\" rel=\"noreferrer noopener nofollow\">Linkedin.<\/a><\/strong><\/p>\n<\/p><\/div>\n<\/p><\/div>\n<div id=\"\">\n<p>\t\t<span class=\"post-author-avatar\" itemprop=\"image\"><img data-recalc-dims=\"1\" loading=\"lazy\" decoding=\"async\" alt=\"\" src=\"https:\/\/i0.wp.com\/empregandosp.com\/wp-content\/uploads\/2023\/12\/vanderlei-goulart-avatar-150x150.webp?resize=80%2C80&#038;ssl=1\" class=\"avatar avatar-80 photo avatar-default\" height=\"80\" width=\"80\"\/><\/span><\/p>\n<div class=\"post-author-bio\" itemprop=\"description\">\n<p>Sou Pedagogo pela Est\u00e1cio e P\u00f3s-Graduado em Gest\u00e3o de RH pela Universidade Candido Mendes. Recentemente conclu\u00ed minha segunda gradua\u00e7\u00e3o em Tecnologia da Informa\u00e7\u00e3o, pela UNINOVE, unindo assim minhas duas paix\u00f5es: pessoas e tecnologia!<\/p>\n<\/p><\/div>\n<\/div>\n<p>[ad_2]<br \/>\n<br \/><a href=\"https:\/\/empregandosp.com\/supervisor-telecom-home-office-serede-py\/\" target=\"_blank\" rel=\"noopener\">Source link <\/a><\/p>\n<div class='code-block code-block-4' style='margin: 8px auto 8px 0; text-align: left; display: block; clear: both;'>\n\ud83d\udce2 Aviso Legal\n\nO site ismaelcolosi.com.br atua apenas como um canal de divulga\u00e7\u00e3o de oportunidades de emprego e n\u00e3o se responsabiliza pelo processo seletivo, contrata\u00e7\u00e3o ou qualquer outra etapa relacionada \u00e0s vagas publicadas. Todas as informa\u00e7\u00f5es s\u00e3o de responsabilidade dos anunciantes.\n\n\u26a0\ufe0f Aten\u00e7\u00e3o! Nunca pague por promessas de emprego nem compre cursos que garantam contrata\u00e7\u00e3o. Desconfie de qualquer cobran\u00e7a para participar de sele\u00e7\u00f5es.\n\n\n\n<\/div>\n<!-- CONTENT END 1 -->\n","protected":false},"excerpt":{"rendered":"<p>[ad_1] A Serede abriu vaga para Supervisor Telecom, para atuar Home Office! Veja os detalhes da vaga a seguir e prepare o seu melhor curr\u00edculo! SOBRE A VAGA Se voc\u00ea sempre sonhou em trabalhar em uma das empresas que mais emprega no Brasil, que est\u00e1 em constante transforma\u00e7\u00e3o e investe em projetos de inova\u00e7\u00e3o, essa&hellip;&nbsp;<\/p>\n","protected":false},"author":1,"featured_media":31858,"comment_status":"open","ping_status":"open","sticky":false,"template":"","format":"standard","meta":{"_uag_custom_page_level_css":"","neve_meta_sidebar":"","neve_meta_container":"","neve_meta_enable_content_width":"","neve_meta_content_width":0,"neve_meta_title_alignment":"","neve_meta_author_avatar":"","neve_post_elements_order":"","neve_meta_disable_header":"","neve_meta_disable_footer":"","neve_meta_disable_title":"","_jetpack_newsletter_access":"","_jetpack_dont_email_post_to_subs":false,"_jetpack_newsletter_tier_id":0,"_jetpack_memberships_contains_paywalled_content":false,"_jetpack_memberships_contains_paid_content":false,"footnotes":""},"categories":[16],"tags":[],"class_list":["post-32132","post","type-post","status-publish","format-standard","has-post-thumbnail","hentry","category-vagas-de-emprego-para-trabalhar-de-casa-home-office-remoto"],"uagb_featured_image_src":{"full":["https:\/\/i0.wp.com\/ismaelcolosi.com.br\/wp-content\/uploads\/2024\/01\/vagas-de-emprego-2-EMPREGANDOSP.webp.webp?fit=2000%2C1333&ssl=1",2000,1333,false],"thumbnail":["https:\/\/i0.wp.com\/ismaelcolosi.com.br\/wp-content\/uploads\/2024\/01\/vagas-de-emprego-2-EMPREGANDOSP.webp.webp?resize=150%2C150&ssl=1",150,150,true],"medium":["https:\/\/i0.wp.com\/ismaelcolosi.com.br\/wp-content\/uploads\/2024\/01\/vagas-de-emprego-2-EMPREGANDOSP.webp.webp?fit=300%2C200&ssl=1",300,200,true],"medium_large":["https:\/\/i0.wp.com\/ismaelcolosi.com.br\/wp-content\/uploads\/2024\/01\/vagas-de-emprego-2-EMPREGANDOSP.webp.webp?fit=768%2C512&ssl=1",768,512,true],"large":["https:\/\/i0.wp.com\/ismaelcolosi.com.br\/wp-content\/uploads\/2024\/01\/vagas-de-emprego-2-EMPREGANDOSP.webp.webp?fit=1024%2C682&ssl=1",1024,682,true],"1536x1536":["https:\/\/i0.wp.com\/ismaelcolosi.com.br\/wp-content\/uploads\/2024\/01\/vagas-de-emprego-2-EMPREGANDOSP.webp.webp?fit=1536%2C1024&ssl=1",1536,1024,true],"2048x2048":["https:\/\/i0.wp.com\/ismaelcolosi.com.br\/wp-content\/uploads\/2024\/01\/vagas-de-emprego-2-EMPREGANDOSP.webp.webp?fit=2000%2C1333&ssl=1",2000,1333,true],"neve-blog":["https:\/\/i0.wp.com\/ismaelcolosi.com.br\/wp-content\/uploads\/2024\/01\/vagas-de-emprego-2-EMPREGANDOSP.webp.webp?resize=930%2C620&ssl=1",930,620,true]},"uagb_author_info":{"display_name":"ismaelcolosi.com.br","author_link":"https:\/\/ismaelcolosi.com.br\/author\/vidareal-online\/"},"uagb_comment_info":0,"uagb_excerpt":"[ad_1] A Serede abriu vaga para Supervisor Telecom, para atuar Home Office! Veja os detalhes da vaga a seguir e prepare o seu melhor curr\u00edculo! SOBRE A VAGA Se voc\u00ea sempre sonhou em trabalhar em uma das empresas que mais emprega no Brasil, que est\u00e1 em constante transforma\u00e7\u00e3o e investe em projetos de inova\u00e7\u00e3o, essa&hellip;&nbsp;","jetpack-related-posts":[{"id":31539,"url":"https:\/\/ismaelcolosi.com.br\/index.php\/2024\/01\/22\/empresa-de-telecom-contrata-para-home-office-em-todo-o-brasil-auxiliar-comercial-com-salario-de-r2-00000\/","url_meta":{"origin":32132,"position":0},"title":"Empresa de Telecom contrata para HOME OFFICE em TODO O BRASIL Auxiliar Comercial com sal\u00e1rio de R$2.000,00","author":"ismaelcolosi.com.br","date":"22 de Janeiro de 2024","format":false,"excerpt":"Empresa de Telecom contrata para HOME OFFICE em TODO O BRASIL Auxiliar Comercial com sal\u00e1rio de R$2.000,00 Empresa de Telecom est\u00e1 contratando Auxiliar Comercial! Venha fazer parte do time! Auxiliar Comercial (REMOTO) Diferencial da empresa: Day-Off; Oportunidade de Crescimento. Fornecemos sal\u00e1rio fixo de R$2.000,00\u00a0+\u00a0bonifica\u00e7\u00e3o\u00a0por atingimento de metas Leia mais","rel":"","context":"In &quot;Vagas de Emprego Remoto - Home Office&quot;","block_context":{"text":"Vagas de Emprego Remoto - Home Office","link":"https:\/\/ismaelcolosi.com.br\/index.php\/category\/empregos-classificados-vagas-trabalho\/vagas-de-empregos-em-ribeirao-preto-regiao-brasil\/vagas-de-emprego-para-trabalhar-de-casa-home-office-remoto\/"},"img":{"alt_text":"","src":"","width":0,"height":0},"classes":[]},{"id":32137,"url":"https:\/\/ismaelcolosi.com.br\/index.php\/2024\/01\/24\/analista-de-recursos-humanos-home-office\/","url_meta":{"origin":32132,"position":1},"title":"ANALISTA DE RECURSOS HUMANOS \u2013 HOME OFFICE","author":"ismaelcolosi.com.br","date":"24 de Janeiro de 2024","format":false,"excerpt":"[ad_1] A Serede abriu vaga para Analista de Recursos Humanos, para atuar Home Office! Veja os detalhes da vaga a seguir e prepare o seu melhor curr\u00edculo! SOBRE A VAGA Se voc\u00ea sempre sonhou em trabalhar em uma das empresas que mais emprega no Brasil, que est\u00e1 em constante transforma\u00e7\u00e3o\u2026","rel":"","context":"In &quot;Vagas de Emprego Remoto - Home Office&quot;","block_context":{"text":"Vagas de Emprego Remoto - Home Office","link":"https:\/\/ismaelcolosi.com.br\/index.php\/category\/empregos-classificados-vagas-trabalho\/vagas-de-empregos-em-ribeirao-preto-regiao-brasil\/vagas-de-emprego-para-trabalhar-de-casa-home-office-remoto\/"},"img":{"alt_text":"","src":"https:\/\/i0.wp.com\/ismaelcolosi.com.br\/wp-content\/uploads\/2024\/01\/vagas-de-emprego-serede-gupy.webp.webp?fit=1200%2C1200&ssl=1&resize=350%2C200","width":350,"height":200,"srcset":"https:\/\/i0.wp.com\/ismaelcolosi.com.br\/wp-content\/uploads\/2024\/01\/vagas-de-emprego-serede-gupy.webp.webp?fit=1200%2C1200&ssl=1&resize=350%2C200 1x, https:\/\/i0.wp.com\/ismaelcolosi.com.br\/wp-content\/uploads\/2024\/01\/vagas-de-emprego-serede-gupy.webp.webp?fit=1200%2C1200&ssl=1&resize=525%2C300 1.5x, https:\/\/i0.wp.com\/ismaelcolosi.com.br\/wp-content\/uploads\/2024\/01\/vagas-de-emprego-serede-gupy.webp.webp?fit=1200%2C1200&ssl=1&resize=700%2C400 2x, https:\/\/i0.wp.com\/ismaelcolosi.com.br\/wp-content\/uploads\/2024\/01\/vagas-de-emprego-serede-gupy.webp.webp?fit=1200%2C1200&ssl=1&resize=1050%2C600 3x"},"classes":[]},{"id":91488,"url":"https:\/\/ismaelcolosi.com.br\/index.php\/2026\/08\/21\/supervisor-de-vendas-home-office\/","url_meta":{"origin":32132,"position":2},"title":"Supervisor de Vendas \u2013 Home Office\u00a0","author":"Arthur Tijolo","date":"21 de Agosto de 2026","format":false,"excerpt":"\u270d\ufe0f Ismael ColosiHeadhunter | R&S | Mutir\u00e3o do Emprego Especialista em recrutamento e sele\u00e7\u00e3o com mais de 10 anos de experi\u00eancia. Headhunter com atua\u00e7\u00e3o em Ribeir\u00e3o Preto-SP e todo Brasil; fundador e presidente do iBEE - Instituto Brasileiro do Emprego e Empreendedorismo. \ud83d\udd17 LinkedIn \ud83d\udcf8 Instagram \ud83d\udc4d Facebook \ud83c\udf3f Linktree\u2026","rel":"","context":"In &quot;Vagas de Emprego Remoto - Home Office&quot;","block_context":{"text":"Vagas de Emprego Remoto - Home Office","link":"https:\/\/ismaelcolosi.com.br\/index.php\/category\/empregos-classificados-vagas-trabalho\/vagas-de-empregos-em-ribeirao-preto-regiao-brasil\/vagas-de-emprego-para-trabalhar-de-casa-home-office-remoto\/"},"img":{"alt_text":"","src":"https:\/\/i0.wp.com\/ismaelcolosi.com.br\/wp-content\/uploads\/2026\/05\/trabalho-de-casa.png?fit=1200%2C800&ssl=1&resize=350%2C200","width":350,"height":200,"srcset":"https:\/\/i0.wp.com\/ismaelcolosi.com.br\/wp-content\/uploads\/2026\/05\/trabalho-de-casa.png?fit=1200%2C800&ssl=1&resize=350%2C200 1x, https:\/\/i0.wp.com\/ismaelcolosi.com.br\/wp-content\/uploads\/2026\/05\/trabalho-de-casa.png?fit=1200%2C800&ssl=1&resize=525%2C300 1.5x, https:\/\/i0.wp.com\/ismaelcolosi.com.br\/wp-content\/uploads\/2026\/05\/trabalho-de-casa.png?fit=1200%2C800&ssl=1&resize=700%2C400 2x, https:\/\/i0.wp.com\/ismaelcolosi.com.br\/wp-content\/uploads\/2026\/05\/trabalho-de-casa.png?fit=1200%2C800&ssl=1&resize=1050%2C600 3x"},"classes":[]},{"id":91387,"url":"https:\/\/ismaelcolosi.com.br\/index.php\/2026\/08\/17\/gerente-de-projetos-sr-home-office\/","url_meta":{"origin":32132,"position":3},"title":"Gerente de Projetos SR \u2013 Home Office","author":"Arthur Tijolo","date":"17 de Agosto de 2026","format":false,"excerpt":"\u270d\ufe0f Ismael ColosiHeadhunter | R&S | Mutir\u00e3o do Emprego Especialista em recrutamento e sele\u00e7\u00e3o com mais de 10 anos de experi\u00eancia. Headhunter com atua\u00e7\u00e3o em Ribeir\u00e3o Preto-SP e todo Brasil; fundador e presidente do iBEE - Instituto Brasileiro do Emprego e Empreendedorismo. \ud83d\udd17 LinkedIn \ud83d\udcf8 Instagram \ud83d\udc4d Facebook \ud83c\udf3f Linktree\u2026","rel":"","context":"In &quot;Vagas de Emprego Remoto - Home Office&quot;","block_context":{"text":"Vagas de Emprego Remoto - Home Office","link":"https:\/\/ismaelcolosi.com.br\/index.php\/category\/empregos-classificados-vagas-trabalho\/vagas-de-empregos-em-ribeirao-preto-regiao-brasil\/vagas-de-emprego-para-trabalhar-de-casa-home-office-remoto\/"},"img":{"alt_text":"","src":"https:\/\/i0.wp.com\/ismaelcolosi.com.br\/wp-content\/uploads\/2026\/08\/Gemini_Generated_Image_k8dfb2k8dfb2k8df.png?fit=1200%2C800&ssl=1&resize=350%2C200","width":350,"height":200,"srcset":"https:\/\/i0.wp.com\/ismaelcolosi.com.br\/wp-content\/uploads\/2026\/08\/Gemini_Generated_Image_k8dfb2k8dfb2k8df.png?fit=1200%2C800&ssl=1&resize=350%2C200 1x, https:\/\/i0.wp.com\/ismaelcolosi.com.br\/wp-content\/uploads\/2026\/08\/Gemini_Generated_Image_k8dfb2k8dfb2k8df.png?fit=1200%2C800&ssl=1&resize=525%2C300 1.5x, https:\/\/i0.wp.com\/ismaelcolosi.com.br\/wp-content\/uploads\/2026\/08\/Gemini_Generated_Image_k8dfb2k8dfb2k8df.png?fit=1200%2C800&ssl=1&resize=700%2C400 2x, https:\/\/i0.wp.com\/ismaelcolosi.com.br\/wp-content\/uploads\/2026\/08\/Gemini_Generated_Image_k8dfb2k8dfb2k8df.png?fit=1200%2C800&ssl=1&resize=1050%2C600 3x"},"classes":[]},{"id":75047,"url":"https:\/\/ismaelcolosi.com.br\/index.php\/2024\/11\/04\/50-vagas-de-emprego-para-trabalhar-de-casa-na-area-de-atendimento-ao-cliente-sac-vagas-home-office-clique-em-candidatar-35\/","url_meta":{"origin":32132,"position":4},"title":"50 vagas de emprego para trabalhar de casa na \u00e1rea de Atendimento ao Cliente &#8211; SAC. Vagas Home Office, clique em candidatar","author":"ismaelcolosi.com.br","date":"4 de Novembro de 2024","format":false,"excerpt":"Assistente de Suporte e Atendimento (\u00c1rea da TI) BDR Remoto SAC Publicado h\u00e1 1 m\u00eas Candidatar ninja\/operador de atendimento (noturno) aiqfome Brasil SAC Publicado h\u00e1 2 dias Candidatar AUXILIAR DE CARGA E DESCARGA \u2013 FAZENDA RIO GRANDEO EMPREGOA Combinar1 vaga: Fazenda Rio Grande \u2013 PR (1)Publicada ontemL.A. Head Hunter Coordenador\u2026","rel":"","context":"In &quot;Vagas de Emprego Remoto - Home Office&quot;","block_context":{"text":"Vagas de Emprego Remoto - Home Office","link":"https:\/\/ismaelcolosi.com.br\/index.php\/category\/empregos-classificados-vagas-trabalho\/vagas-de-empregos-em-ribeirao-preto-regiao-brasil\/vagas-de-emprego-para-trabalhar-de-casa-home-office-remoto\/"},"img":{"alt_text":"","src":"https:\/\/i0.wp.com\/ismaelcolosi.com.br\/wp-content\/uploads\/2024\/11\/entenda-a-importancia-do-sac-como-uma-estrategia-de-marketing.jpeg?fit=1000%2C1000&ssl=1&resize=350%2C200","width":350,"height":200,"srcset":"https:\/\/i0.wp.com\/ismaelcolosi.com.br\/wp-content\/uploads\/2024\/11\/entenda-a-importancia-do-sac-como-uma-estrategia-de-marketing.jpeg?fit=1000%2C1000&ssl=1&resize=350%2C200 1x, https:\/\/i0.wp.com\/ismaelcolosi.com.br\/wp-content\/uploads\/2024\/11\/entenda-a-importancia-do-sac-como-uma-estrategia-de-marketing.jpeg?fit=1000%2C1000&ssl=1&resize=525%2C300 1.5x, https:\/\/i0.wp.com\/ismaelcolosi.com.br\/wp-content\/uploads\/2024\/11\/entenda-a-importancia-do-sac-como-uma-estrategia-de-marketing.jpeg?fit=1000%2C1000&ssl=1&resize=700%2C400 2x"},"classes":[]},{"id":85526,"url":"https:\/\/ismaelcolosi.com.br\/index.php\/2025\/05\/21\/empresas-chinesas-oferecem-350-vagas-com-salarios-de-ate-r-10-mil-veja-como-se-candidatar\/","url_meta":{"origin":32132,"position":5},"title":"Empresas chinesas oferecem 350 vagas com sal\u00e1rios de at\u00e9 R$ 10 mil; veja como se candidatar","author":"ismaelcolosi.com.br","date":"21 de Maio de 2025","format":false,"excerpt":"[ad_1] No dia 31 de maio, 28 empresas chinesas participar\u00e3o da 7\u00aa Feira de Recrutamento de Empresas Chinesas no Brasil, em S\u00e3o Paulo. O evento que acontece das 10h \u00e0s 16h tem como objetivo atrair candidatos para ocupar vagas em diferentes n\u00edveis de atua\u00e7\u00e3o. Ser\u00e3o oferecidas mais de 350 vagas\u2026","rel":"","context":"In &quot;Empregos - Classificados&quot;","block_context":{"text":"Empregos - Classificados","link":"https:\/\/ismaelcolosi.com.br\/index.php\/category\/empregos-classificados-vagas-trabalho\/"},"img":{"alt_text":"","src":"","width":0,"height":0},"classes":[]}],"jetpack_sharing_enabled":true,"jetpack_shortlink":"https:\/\/wp.me\/pfMlyK-8mg","jetpack_featured_media_url":"https:\/\/i0.wp.com\/ismaelcolosi.com.br\/wp-content\/uploads\/2024\/01\/vagas-de-emprego-2-EMPREGANDOSP.webp.webp?fit=2000%2C1333&ssl=1","_links":{"self":[{"href":"https:\/\/ismaelcolosi.com.br\/index.php\/wp-json\/wp\/v2\/posts\/32132","targetHints":{"allow":["GET"]}}],"collection":[{"href":"https:\/\/ismaelcolosi.com.br\/index.php\/wp-json\/wp\/v2\/posts"}],"about":[{"href":"https:\/\/ismaelcolosi.com.br\/index.php\/wp-json\/wp\/v2\/types\/post"}],"author":[{"embeddable":true,"href":"https:\/\/ismaelcolosi.com.br\/index.php\/wp-json\/wp\/v2\/users\/1"}],"replies":[{"embeddable":true,"href":"https:\/\/ismaelcolosi.com.br\/index.php\/wp-json\/wp\/v2\/comments?post=32132"}],"version-history":[{"count":0,"href":"https:\/\/ismaelcolosi.com.br\/index.php\/wp-json\/wp\/v2\/posts\/32132\/revisions"}],"wp:featuredmedia":[{"embeddable":true,"href":"https:\/\/ismaelcolosi.com.br\/index.php\/wp-json\/wp\/v2\/media\/31858"}],"wp:attachment":[{"href":"https:\/\/ismaelcolosi.com.br\/index.php\/wp-json\/wp\/v2\/media?parent=32132"}],"wp:term":[{"taxonomy":"category","embeddable":true,"href":"https:\/\/ismaelcolosi.com.br\/index.php\/wp-json\/wp\/v2\/categories?post=32132"},{"taxonomy":"post_tag","embeddable":true,"href":"https:\/\/ismaelcolosi.com.br\/index.php\/wp-json\/wp\/v2\/tags?post=32132"}],"curies":[{"name":"wp","href":"https:\/\/api.w.org\/{rel}","templated":true}]}}