{"id":31585,"date":"2024-01-22T19:15:32","date_gmt":"2024-01-22T22:15:32","guid":{"rendered":"https:\/\/ismaelcolosi.com.br\/index.php\/2024\/01\/22\/governo-anuncia-nova-politica-para-desenvolvimento-da-industria\/"},"modified":"2024-01-22T19:15:32","modified_gmt":"2024-01-22T22:15:32","slug":"governo-anuncia-nova-politica-para-desenvolvimento-da-industria","status":"publish","type":"post","link":"https:\/\/ismaelcolosi.com.br\/index.php\/2024\/01\/22\/governo-anuncia-nova-politica-para-desenvolvimento-da-industria\/","title":{"rendered":"Governo anuncia nova pol\u00edtica para desenvolvimento da ind\u00fastria"},"content":{"rendered":"<p> <br \/>\n<\/p>\n<div id=\"Corpo\">\n<p>O presidente da Rep\u00fablica, Luiz In\u00e1cio Lula da Silva, afirmou nesta segunda-feira, 22, que os R$ 300 bilh\u00f5es dispon\u00edveis para financiamento na nova pol\u00edtica industrial do Brasil ser\u00e1 um \u201calento\u201d para que o Pa\u00eds saia do patamar em que se encontra e d\u00ea um \u201csalto de qualidade\u201d. Contudo, o chefe do Executivo cobrou dos ministros que haja um acompanhamento para garantir o cumprimento das a\u00e7\u00f5es previstas.<\/p>\n<p>Chamada de \u201cNova Ind\u00fastria Brasil\u201d, a pol\u00edtica foi apresentada nesta segunda-feira durante evento no Pal\u00e1cio do Planalto. No total, segundo o governo, ser\u00e3o at\u00e9 R$ 300 bilh\u00f5es dispon\u00edveis para financiamento at\u00e9 2026.<\/p><div class='code-block code-block-8' style='margin: 8px auto; text-align: center; display: block; clear: both;'>\n<script>\n  atOptions = {\n    'key' : '66e2e2111ca34da796271819fc334058',\n    'format' : 'iframe',\n    'height' : 250,\n    'width' : 300,\n    'params' : {}\n  };\n<\/script>\n<script src=\"https:\/\/www.highperformanceformat.com\/66e2e2111ca34da796271819fc334058\/invoke.js\"><\/script>\n<\/div>\n\n<p>Parte desse recurso, R$ 106 bilh\u00f5es, j\u00e1 havia sido anunciada na primeira reuni\u00e3o do Conselho Nacional de Desenvolvimento Industrial (CNDI) em julho. Agora, o governo est\u00e1 incorporando ao montante R$ 194 bilh\u00f5es, provenientes de diferentes fontes de recursos.<\/p>\n<p>Em seu discurso, o presidente ressaltou que \u00e9 necess\u00e1ria uma mudan\u00e7a na postura do Brasil perante o mercado externo. \u201cUma coisa que o ministro Rui Costa disse e que tem que se levar em conta \u00e9 que muitas vezes , para que o Brasil se torne competitivo, o Brasil tem que financiar alguma das coisa que quer exportar. A gente n\u00e3o pode agir como sempre agiu que todo mundo \u00e9 obrigado a gostar do Brasil, que todo mundo vai comprar do Brasil, sem que a gente cumpra nossas obriga\u00e7\u00f5es. O debate a n\u00edvel de mercado internacional \u00e9 muito competitivo, \u00e9 uma guerra \u201d<\/p>\n<p>Na esteira, Lula cobrou os ministros por uma continuidade de estudos do ato desta segunda-feira. \u201c\u00c9 muito importante para o Brasil que a gente volte a ter uma pol\u00edtica industrial inovadora, totalmente digitalizada como o mundo exige hoje e que a gente possa superar, de uma vez por todas, esse problema de o Brasil nunca ser um pa\u00eds definitivamente grande e desenvolvido, estamos sempre na beira mas nunca chegamos l\u00e1.\u201d<\/p>\n<p>O chefe do Executivo comentou que, inicialmente, o problema do Pa\u00eds era o dinheiro, mas que agora, com a incorpora\u00e7\u00e3o de recursos para financiamento, \u00e9 poss\u00edvel que gargalos se resolvam com mais facilidade. \u201cSe dinheiro n\u00e3o \u00e9 problema, ent\u00e3o precisamos resolver as coisas com muito mais facilidade\u201d, disse.<\/p>\n<p>Na fala, ele cobrou os ministros para que se expanda as fronteiras de maneira comercial para que o Pa\u00eds mostre o verdadeiro potencial. \u201cN\u00f3s precisamos tamb\u00e9m fazer com que os empres\u00e1rios brasileiros acreditem um pouco no Brasil.\u201d<\/p>\n<\/div>\n<p><br \/>\n<br \/><a href=\"https:\/\/www.tribunaribeirao.com.br\/site\/governo-anuncia-nova-politica-para-desenvolvimento-da-industria\/\">Source link <\/a><\/p>\n<div class='code-block code-block-4' style='margin: 8px auto 8px 0; text-align: left; display: block; clear: both;'>\n\ud83d\udce2 Aviso Legal\n\nO site ismaelcolosi.com.br atua apenas como um canal de divulga\u00e7\u00e3o de oportunidades de emprego e n\u00e3o se responsabiliza pelo processo seletivo, contrata\u00e7\u00e3o ou qualquer outra etapa relacionada \u00e0s vagas publicadas. Todas as informa\u00e7\u00f5es s\u00e3o de responsabilidade dos anunciantes.\n\n\u26a0\ufe0f Aten\u00e7\u00e3o! Nunca pague por promessas de emprego nem compre cursos que garantam contrata\u00e7\u00e3o. Desconfie de qualquer cobran\u00e7a para participar de sele\u00e7\u00f5es.\n\n\n\n<\/div>\n<!-- CONTENT END 1 -->\n","protected":false},"excerpt":{"rendered":"<p>O presidente da Rep\u00fablica, Luiz In\u00e1cio Lula da Silva, afirmou nesta segunda-feira, 22, que os R$ 300 bilh\u00f5es dispon\u00edveis para financiamento na nova pol\u00edtica industrial&#8230;<\/p>\n","protected":false},"author":1,"featured_media":31586,"comment_status":"open","ping_status":"open","sticky":false,"template":"","format":"standard","meta":{"_uag_custom_page_level_css":"","advanced_seo_description":"","jetpack_seo_html_title":"","jetpack_seo_noindex":false,"jetpack_post_was_ever_published":false,"_jetpack_newsletter_access":"","_jetpack_dont_email_post_to_subs":false,"_jetpack_newsletter_tier_id":0,"_jetpack_memberships_contains_paywalled_content":false,"_jetpack_memberships_contains_paid_content":false,"footnotes":"","jetpack_publicize_message":"","jetpack_publicize_feature_enabled":true,"jetpack_social_post_already_shared":true,"jetpack_social_options":{"image_generator_settings":{"template":"highway","default_image_id":0,"font":"","enabled":false},"version":2}},"categories":[11],"tags":[175,3792,1271,1487,422,71,1626],"class_list":["post-31585","post","type-post","status-publish","format-standard","has-post-thumbnail","hentry","category-noticias-de-ribeirao-preto-sp-e-regiao-ismael-colosi","tag-anuncia","tag-desenvolvimento","tag-governo","tag-industria","tag-nova","tag-para","tag-politica"],"jetpack_publicize_connections":[],"jetpack_featured_media_url":"https:\/\/i0.wp.com\/ismaelcolosi.com.br\/wp-content\/uploads\/2024\/01\/6923331f-5f40-4f73-a855-f7eab336da91-scaled.jpg?fit=1000%2C598&ssl=1","uagb_featured_image_src":{"full":["https:\/\/i0.wp.com\/ismaelcolosi.com.br\/wp-content\/uploads\/2024\/01\/6923331f-5f40-4f73-a855-f7eab336da91-scaled.jpg?fit=1000%2C598&ssl=1",1000,598,false],"thumbnail":["https:\/\/i0.wp.com\/ismaelcolosi.com.br\/wp-content\/uploads\/2024\/01\/6923331f-5f40-4f73-a855-f7eab336da91-scaled.jpg?resize=150%2C150&ssl=1",150,150,true],"medium":["https:\/\/i0.wp.com\/ismaelcolosi.com.br\/wp-content\/uploads\/2024\/01\/6923331f-5f40-4f73-a855-f7eab336da91-scaled.jpg?fit=300%2C179&ssl=1",300,179,true],"medium_large":["https:\/\/i0.wp.com\/ismaelcolosi.com.br\/wp-content\/uploads\/2024\/01\/6923331f-5f40-4f73-a855-f7eab336da91-scaled.jpg?fit=768%2C459&ssl=1",768,459,true],"large":["https:\/\/i0.wp.com\/ismaelcolosi.com.br\/wp-content\/uploads\/2024\/01\/6923331f-5f40-4f73-a855-f7eab336da91-scaled.jpg?fit=1000%2C598&ssl=1",1000,598,true],"1536x1536":["https:\/\/i0.wp.com\/ismaelcolosi.com.br\/wp-content\/uploads\/2024\/01\/6923331f-5f40-4f73-a855-f7eab336da91-scaled.jpg?fit=1000%2C598&ssl=1",1000,598,true],"2048x2048":["https:\/\/i0.wp.com\/ismaelcolosi.com.br\/wp-content\/uploads\/2024\/01\/6923331f-5f40-4f73-a855-f7eab336da91-scaled.jpg?fit=1000%2C598&ssl=1",1000,598,true],"really-simple-thumb":["https:\/\/i0.wp.com\/ismaelcolosi.com.br\/wp-content\/uploads\/2024\/01\/6923331f-5f40-4f73-a855-f7eab336da91-scaled.jpg?resize=370%2C247&ssl=1",370,247,true]},"uagb_author_info":{"display_name":"ismaelcolosi.com.br","author_link":"https:\/\/ismaelcolosi.com.br\/index.php\/author\/vidareal-online\/"},"uagb_comment_info":0,"uagb_excerpt":"O presidente da Rep\u00fablica, Luiz In\u00e1cio Lula da Silva, afirmou nesta segunda-feira, 22, que os R$ 300 bilh\u00f5es dispon\u00edveis para financiamento na nova pol\u00edtica industrial...","jetpack-related-posts":[{"id":26289,"url":"https:\/\/ismaelcolosi.com.br\/index.php\/2024\/01\/09\/salario-minimo-de-r-1-412-entra-em-vigor-nesta-segunda-feira\/","url_meta":{"origin":31585,"position":0},"title":"Sal\u00e1rio m\u00ednimo de R$ 1.412 entra em vigor nesta segunda-feira \u2013 Folha de Ribeir\u00e3o","author":"ismaelcolosi.com.br","date":"9 de January de 2024","format":false,"excerpt":"A partir desta segunda-feira (1\u00ba), o\u00a0sal\u00e1rio m\u00ednimo\u00a0oficial ser\u00e1 de R$ 1.412. O valor, que ser\u00e1 pago a partir de fevereiro referente \u00e0 folha de janeiro, \u00e9 6,97% maior que o sal\u00e1rio de R$ 1.320, que vigorou de maio a dezembro de 2023. Aprovado no Or\u00e7amento Geral da Uni\u00e3o de 2024,\u2026","rel":"","context":"In &quot;Not\u00edcias de Ribeir\u00e3o Preto-SP e Regi\u00e3o&quot;","block_context":{"text":"Not\u00edcias de Ribeir\u00e3o Preto-SP e Regi\u00e3o","link":"https:\/\/ismaelcolosi.com.br\/index.php\/category\/noticias-de-ribeirao-preto-sp-e-regiao-ismael-colosi\/"},"img":{"alt_text":"","src":"","width":0,"height":0},"classes":[]},{"id":23188,"url":"https:\/\/ismaelcolosi.com.br\/index.php\/2024\/01\/01\/salario-minimo-de-r-1-412-entra-em-vigor-nesta-segunda\/","url_meta":{"origin":31585,"position":1},"title":"Sal\u00e1rio m\u00ednimo de R$ 1.412 entra em vigor nesta segunda","author":"ismaelcolosi.com.br","date":"1 de January de 2024","format":false,"excerpt":"1 de janeiro de 2024 | 12:001 de janeiro de 2024 | 10:50 0A partir desta segunda-feira (1\u00ba), o sal\u00e1rio m\u00ednimo oficial ser\u00e1 de R$ 1.412. O valor, que ser\u00e1 pago a partir de fevereiro referente \u00e0 folha de janeiro, \u00e9 6,97% maior que o sal\u00e1rio de R$ 1.320, que\u2026","rel":"","context":"In &quot;Not\u00edcias de Ribeir\u00e3o Preto-SP e Regi\u00e3o&quot;","block_context":{"text":"Not\u00edcias de Ribeir\u00e3o Preto-SP e Regi\u00e3o","link":"https:\/\/ismaelcolosi.com.br\/index.php\/category\/noticias-de-ribeirao-preto-sp-e-regiao-ismael-colosi\/"},"img":{"alt_text":"","src":"https:\/\/i0.wp.com\/ismaelcolosi.com.br\/wp-content\/uploads\/2024\/01\/72bc50a2-e7b6-43a0-a61b-56cd97204ba5-scaled.jpg?fit=968%2C645&ssl=1&resize=350%2C200","width":350,"height":200,"srcset":"https:\/\/i0.wp.com\/ismaelcolosi.com.br\/wp-content\/uploads\/2024\/01\/72bc50a2-e7b6-43a0-a61b-56cd97204ba5-scaled.jpg?fit=968%2C645&ssl=1&resize=350%2C200 1x, https:\/\/i0.wp.com\/ismaelcolosi.com.br\/wp-content\/uploads\/2024\/01\/72bc50a2-e7b6-43a0-a61b-56cd97204ba5-scaled.jpg?fit=968%2C645&ssl=1&resize=525%2C300 1.5x, https:\/\/i0.wp.com\/ismaelcolosi.com.br\/wp-content\/uploads\/2024\/01\/72bc50a2-e7b6-43a0-a61b-56cd97204ba5-scaled.jpg?fit=968%2C645&ssl=1&resize=700%2C400 2x"},"classes":[]},{"id":42502,"url":"https:\/\/ismaelcolosi.com.br\/index.php\/2024\/03\/14\/lula-quer-mecanismos-para-baixar-preco-dos-alimentos\/","url_meta":{"origin":31585,"position":2},"title":"Lula quer mecanismos para baixar pre\u00e7o dos alimentos","author":"ismaelcolosi.com.br","date":"14 de March de 2024","format":false,"excerpt":"Por Sofia AguiarO presidente da Rep\u00fablica, Luiz In\u00e1cio Lula da Silva, afirmou que discutir\u00e1 com integrantes do governo mecanismos para a redu\u00e7\u00e3o do pre\u00e7o dos alimentos. Segundo o chefe do Executivo, a reuni\u00e3o ter\u00e1 como foco a produ\u00e7\u00e3o desses produtos.\u201cAgora pela manh\u00e3 vamos falar sobre a produ\u00e7\u00e3o de alimentos e\u2026","rel":"","context":"In &quot;Not\u00edcias de Ribeir\u00e3o Preto-SP e Regi\u00e3o&quot;","block_context":{"text":"Not\u00edcias de Ribeir\u00e3o Preto-SP e Regi\u00e3o","link":"https:\/\/ismaelcolosi.com.br\/index.php\/category\/noticias-de-ribeirao-preto-sp-e-regiao-ismael-colosi\/"},"img":{"alt_text":"","src":"https:\/\/i0.wp.com\/ismaelcolosi.com.br\/wp-content\/uploads\/2024\/03\/b186d49a-8259-11e9-b84a-00505697492c-wp-660x372-1.jpg?fit=660%2C372&ssl=1&resize=350%2C200","width":350,"height":200,"srcset":"https:\/\/i0.wp.com\/ismaelcolosi.com.br\/wp-content\/uploads\/2024\/03\/b186d49a-8259-11e9-b84a-00505697492c-wp-660x372-1.jpg?fit=660%2C372&ssl=1&resize=350%2C200 1x, https:\/\/i0.wp.com\/ismaelcolosi.com.br\/wp-content\/uploads\/2024\/03\/b186d49a-8259-11e9-b84a-00505697492c-wp-660x372-1.jpg?fit=660%2C372&ssl=1&resize=525%2C300 1.5x"},"classes":[]},{"id":50605,"url":"https:\/\/ismaelcolosi.com.br\/index.php\/2024\/05\/17\/petrobras-aprova-saida-de-prates-e-nomeia-clarice-coppetti-como-ceo-interina\/","url_meta":{"origin":31585,"position":3},"title":"Petrobras aprova sa\u00edda de Prates e nomeia Clarice Coppetti como CEO interina","author":"ismaelcolosi.com.br","date":"17 de May de 2024","format":false,"excerpt":"Sergio Moraes\/ReutersAs a\u00e7\u00f5es da Petrobras (PETR4) chegaram a recuar 8% na abertura dos neg\u00f3cios nesta quarta-feira (15), representando uma perda de R$ 46,7 bilh\u00f5es Acessibilidade L L A- A+ \u25d0 O conselho de administra\u00e7\u00e3o da Petrobras nomeou nesta quarta-feira (15) Clarice Coppetti como presidente interina da companhia ap\u00f3s aprovar o\u2026","rel":"","context":"In &quot;Carreira e Sucesso&quot;","block_context":{"text":"Carreira e Sucesso","link":"https:\/\/ismaelcolosi.com.br\/index.php\/category\/carreira-e-sucesso-dicas-para-carreira\/"},"img":{"alt_text":"","src":"https:\/\/i0.wp.com\/ismaelcolosi.com.br\/wp-content\/uploads\/2024\/05\/money-petrobras-08mar22-Sergio-Moraes-reuters-1024x683.jpg?fit=1024%2C683&ssl=1&resize=350%2C200","width":350,"height":200,"srcset":"https:\/\/i0.wp.com\/ismaelcolosi.com.br\/wp-content\/uploads\/2024\/05\/money-petrobras-08mar22-Sergio-Moraes-reuters-1024x683.jpg?fit=1024%2C683&ssl=1&resize=350%2C200 1x, https:\/\/i0.wp.com\/ismaelcolosi.com.br\/wp-content\/uploads\/2024\/05\/money-petrobras-08mar22-Sergio-Moraes-reuters-1024x683.jpg?fit=1024%2C683&ssl=1&resize=525%2C300 1.5x, https:\/\/i0.wp.com\/ismaelcolosi.com.br\/wp-content\/uploads\/2024\/05\/money-petrobras-08mar22-Sergio-Moraes-reuters-1024x683.jpg?fit=1024%2C683&ssl=1&resize=700%2C400 2x"},"classes":[]},{"id":17403,"url":"https:\/\/ismaelcolosi.com.br\/index.php\/2023\/12\/18\/lei-autoriza-incentivo-para-permanencia-no-ensino-medio\/","url_meta":{"origin":31585,"position":4},"title":"Lei autoriza incentivo para perman\u00eancia no ensino m\u00e9dio","author":"ismaelcolosi.com.br","date":"18 de December de 2023","format":false,"excerpt":"18 de dezembro de 2023 | 11:0018 de dezembro de 2023 | 8:49 0O presidente Luiz In\u00e1cio Lula da Silva sancionou lei complementar que autoriza o uso de at\u00e9 R$ 6 bilh\u00f5es do Fundo Social para cobrir despesas voltadas ao incentivo da perman\u00eancia de estudantes no ensino m\u00e9dio em 2023\u2026","rel":"","context":"In &quot;Not\u00edcias de Ribeir\u00e3o Preto-SP e Regi\u00e3o&quot;","block_context":{"text":"Not\u00edcias de Ribeir\u00e3o Preto-SP e Regi\u00e3o","link":"https:\/\/ismaelcolosi.com.br\/index.php\/category\/noticias-de-ribeirao-preto-sp-e-regiao-ismael-colosi\/"},"img":{"alt_text":"","src":"https:\/\/i0.wp.com\/ismaelcolosi.com.br\/wp-content\/uploads\/2023\/12\/2c8294f1-9800-4346-a525-5a301f34556e-scaled.jpg?fit=968%2C645&ssl=1&resize=350%2C200","width":350,"height":200,"srcset":"https:\/\/i0.wp.com\/ismaelcolosi.com.br\/wp-content\/uploads\/2023\/12\/2c8294f1-9800-4346-a525-5a301f34556e-scaled.jpg?fit=968%2C645&ssl=1&resize=350%2C200 1x, https:\/\/i0.wp.com\/ismaelcolosi.com.br\/wp-content\/uploads\/2023\/12\/2c8294f1-9800-4346-a525-5a301f34556e-scaled.jpg?fit=968%2C645&ssl=1&resize=525%2C300 1.5x, https:\/\/i0.wp.com\/ismaelcolosi.com.br\/wp-content\/uploads\/2023\/12\/2c8294f1-9800-4346-a525-5a301f34556e-scaled.jpg?fit=968%2C645&ssl=1&resize=700%2C400 2x"},"classes":[]},{"id":7122,"url":"https:\/\/ismaelcolosi.com.br\/index.php\/2023\/11\/27\/valor-maior-do-bolsa-familia-de-novembro-chega-para-grupo-especifico\/","url_meta":{"origin":31585,"position":5},"title":"Valor maior do Bolsa Fam\u00edlia de novembro chega para grupo espec\u00edfico","author":"ismaelcolosi.com.br","date":"27 de November de 2023","format":false,"excerpt":"A Caixa Econ\u00f4mica Federal paga nesta segunda-feira, 27, a parcela de novembro do novo Bolsa Fam\u00edlia aos benefici\u00e1rios com N\u00famero de Inscri\u00e7\u00e3o Social (NIS) de final 7. Pelo segundo m\u00eas seguido, o benef\u00edcio tem um adicional para m\u00e3es de beb\u00eas de at\u00e9 seis meses de idade. Cr\u00e9ditos: Ag\u00eancia Brasil\/Marcello Casal\u2026","rel":"","context":"In &quot;Variedades&quot;","block_context":{"text":"Variedades","link":"https:\/\/ismaelcolosi.com.br\/index.php\/category\/variedades\/"},"img":{"alt_text":"","src":"https:\/\/i0.wp.com\/ismaelcolosi.com.br\/wp-content\/uploads\/2023\/11\/bolsa-familia-quais-os-documentos-necessarios-para-se-cadastrar.png?fit=1200%2C638&ssl=1&resize=350%2C200","width":350,"height":200,"srcset":"https:\/\/i0.wp.com\/ismaelcolosi.com.br\/wp-content\/uploads\/2023\/11\/bolsa-familia-quais-os-documentos-necessarios-para-se-cadastrar.png?fit=1200%2C638&ssl=1&resize=350%2C200 1x, https:\/\/i0.wp.com\/ismaelcolosi.com.br\/wp-content\/uploads\/2023\/11\/bolsa-familia-quais-os-documentos-necessarios-para-se-cadastrar.png?fit=1200%2C638&ssl=1&resize=525%2C300 1.5x, https:\/\/i0.wp.com\/ismaelcolosi.com.br\/wp-content\/uploads\/2023\/11\/bolsa-familia-quais-os-documentos-necessarios-para-se-cadastrar.png?fit=1200%2C638&ssl=1&resize=700%2C400 2x, https:\/\/i0.wp.com\/ismaelcolosi.com.br\/wp-content\/uploads\/2023\/11\/bolsa-familia-quais-os-documentos-necessarios-para-se-cadastrar.png?fit=1200%2C638&ssl=1&resize=1050%2C600 3x"},"classes":[]}],"jetpack_sharing_enabled":true,"jetpack_shortlink":"https:\/\/wp.me\/pfMlyK-8dr","_links":{"self":[{"href":"https:\/\/ismaelcolosi.com.br\/index.php\/wp-json\/wp\/v2\/posts\/31585","targetHints":{"allow":["GET"]}}],"collection":[{"href":"https:\/\/ismaelcolosi.com.br\/index.php\/wp-json\/wp\/v2\/posts"}],"about":[{"href":"https:\/\/ismaelcolosi.com.br\/index.php\/wp-json\/wp\/v2\/types\/post"}],"author":[{"embeddable":true,"href":"https:\/\/ismaelcolosi.com.br\/index.php\/wp-json\/wp\/v2\/users\/1"}],"replies":[{"embeddable":true,"href":"https:\/\/ismaelcolosi.com.br\/index.php\/wp-json\/wp\/v2\/comments?post=31585"}],"version-history":[{"count":0,"href":"https:\/\/ismaelcolosi.com.br\/index.php\/wp-json\/wp\/v2\/posts\/31585\/revisions"}],"wp:featuredmedia":[{"embeddable":true,"href":"https:\/\/ismaelcolosi.com.br\/index.php\/wp-json\/wp\/v2\/media\/31586"}],"wp:attachment":[{"href":"https:\/\/ismaelcolosi.com.br\/index.php\/wp-json\/wp\/v2\/media?parent=31585"}],"wp:term":[{"taxonomy":"category","embeddable":true,"href":"https:\/\/ismaelcolosi.com.br\/index.php\/wp-json\/wp\/v2\/categories?post=31585"},{"taxonomy":"post_tag","embeddable":true,"href":"https:\/\/ismaelcolosi.com.br\/index.php\/wp-json\/wp\/v2\/tags?post=31585"}],"curies":[{"name":"wp","href":"https:\/\/api.w.org\/{rel}","templated":true}]}}