{"id":31386,"date":"2024-01-22T04:45:45","date_gmt":"2024-01-22T07:45:45","guid":{"rendered":"https:\/\/ismaelcolosi.com.br\/index.php\/2024\/01\/22\/top-10-mecanismos-de-defesa-psicologica\/"},"modified":"2024-01-22T04:45:45","modified_gmt":"2024-01-22T07:45:45","slug":"top-10-mecanismos-de-defesa-psicologica","status":"publish","type":"post","link":"https:\/\/ismaelcolosi.com.br\/index.php\/2024\/01\/22\/top-10-mecanismos-de-defesa-psicologica\/","title":{"rendered":"Top 10 Mecanismos de Defesa Psicol\u00f3gica"},"content":{"rendered":"<p> <br \/>\n<\/p>\n<div>\n<p><span style=\"font-family: arial, helvetica, sans-serif; font-size: 14pt;\">J\u00e1 se perguntou como nossa mente lida com situa\u00e7\u00f5es estressantes ou emocionalmente desafiadoras? Bem, a chave est\u00e1 nos mecanismos de defesa. Estes s\u00e3o processos inconscientes que nos ajudam a lidar com realidades dif\u00edceis e manter nosso equil\u00edbrio emocional. Vamos mergulhar neste fascinante mundo psicol\u00f3gico, explorando os 10 principais mecanismos de defesa que moldam nossas rea\u00e7\u00f5es e percep\u00e7\u00f5es.<\/span><\/p>\n<p><span style=\"font-family: arial, helvetica, sans-serif; font-size: 14pt;\">Os mecanismos de defesa s\u00e3o como guardi\u00f5es secretos da nossa psique. Eles operam nos bastidores, protegendo-nos de pensamentos e sentimentos que podem ser dif\u00edceis de enfrentar. Neste artigo, voc\u00ea vai descobrir como esses processos funcionam e talvez reconhecer alguns que voc\u00ea mesmo utiliza. Prepare-se para uma jornada intrigante pelo autoconhecimento!<\/span><\/p><div class='code-block code-block-8' style='margin: 8px auto; text-align: center; display: block; clear: both;'>\n<script>\n  atOptions = {\n    'key' : '66e2e2111ca34da796271819fc334058',\n    'format' : 'iframe',\n    'height' : 250,\n    'width' : 300,\n    'params' : {}\n  };\n<\/script>\n<script src=\"https:\/\/www.highperformanceformat.com\/66e2e2111ca34da796271819fc334058\/invoke.js\"><\/script>\n<\/div>\n\n<p>\u00a0<\/p>\n<hr\/>\n<h2><span style=\"font-family: arial, helvetica, sans-serif;\"><span style=\"font-size: 36pt; color: #ffffff; background-color: #1e90ff;\"><strong>10<\/strong><\/span><span style=\"font-size: 24pt;\"> Identifica\u00e7\u00e3o<\/span><\/span><\/h2>\n<hr\/>\n<p><span style=\"font-family: arial, helvetica, sans-serif; font-size: 14pt;\">Voc\u00ea j\u00e1 parou para pensar como \u00e0s vezes adotamos caracter\u00edsticas de pessoas que admiramos, quase como se estiv\u00e9ssemos usando suas capas de super-her\u00f3is? Isso \u00e9 identifica\u00e7\u00e3o, um mecanismo de defesa fascinante. Ele funciona como um espelho psicol\u00f3gico, onde refletimos qualidades de algu\u00e9m que nos inspira ou nos oferece seguran\u00e7a. Um exemplo cl\u00e1ssico \u00e9 quando um jovem atleta imita os gestos e t\u00e9cnicas de seu \u00eddolo esportivo. Mas vai al\u00e9m disso; a identifica\u00e7\u00e3o tamb\u00e9m pode ser uma estrat\u00e9gia de sobreviv\u00eancia em situa\u00e7\u00f5es de trauma, como algu\u00e9m que adota tra\u00e7os de um agressor para lidar com a dor.<\/span><\/p>\n<p><span style=\"font-family: arial, helvetica, sans-serif; font-size: 14pt;\">Mas aqui est\u00e1 o truque interessante: a identifica\u00e7\u00e3o n\u00e3o apenas nos ajuda a enfrentar desafios ou traumas; ela tamb\u00e9m desempenha um papel vital no nosso desenvolvimento. Desde a inf\u00e2ncia, ao imitar nossos pais ou professores, estamos aprendendo e integrando normas sociais e habilidades. \u00c9 uma parte fundamental do que nos torna humanos \u2013 essa capacidade de ver, imitar e incorporar aspectos dos outros em nossa pr\u00f3pria personalidade.<\/span><\/p>\n<hr\/>\n<h2><span style=\"font-family: arial, helvetica, sans-serif;\"><span style=\"color: #ffffff; background-color: #1e90ff;\"><strong><span style=\"font-size: 36pt; background-color: #1e90ff;\">9<\/span><\/strong><\/span><span style=\"font-size: 24pt;\"> Fantasia<\/span><\/span><\/h2>\n<hr\/>\n<p><span style=\"font-family: arial, helvetica, sans-serif; font-size: 14pt;\">Agora, vamos falar sobre a fantasia, essa fuga m\u00e1gica da realidade. Quando a vida joga duro, nossa mente tem o poder incr\u00edvel de nos transportar para mundos onde somos mais felizes, mais fortes ou at\u00e9 mesmo her\u00f3is. A fantasia \u00e9 como um cinema pessoal, exibindo filmes onde superamos obst\u00e1culos ou realizamos nossos desejos mais profundos. Ela \u00e9 uma v\u00e1lvula de escape essencial, permitindo-nos lidar com as press\u00f5es da vida cotidiana de uma maneira segura e controlada.<\/span><\/p>\n<p><span style=\"font-family: arial, helvetica, sans-serif; font-size: 14pt;\">Mas a fantasia n\u00e3o \u00e9 apenas um ref\u00fagio; ela \u00e9 uma ferramenta poderosa para a autoexplora\u00e7\u00e3o e planejamento. Quando sonhamos acordados com nossos objetivos, estamos na verdade tra\u00e7ando um mapa para o futuro, fortalecendo nossa motiva\u00e7\u00e3o e nossa capacidade de perseguir esses sonhos. Al\u00e9m disso, a fantasia pode ser um terreno f\u00e9rtil para a criatividade. Grandes inventores, artistas e escritores muitas vezes come\u00e7am com uma simples fantasia, transformando-a em realidades inovadoras. A fantasia \u00e9, portanto, um campo de treinamento para a criatividade e um ref\u00fagio para o bem-estar emocional.<\/span><\/p>\n<hr\/>\n<h2><span style=\"font-family: arial, helvetica, sans-serif;\"><strong><span style=\"font-size: 36pt; color: #ffffff; background-color: #1e90ff;\">8<\/span><\/strong><span style=\"font-size: 24pt;\"> Regula\u00e7\u00e3o<\/span><\/span><\/h2>\n<hr\/>\n<p><span style=\"font-family: arial, helvetica, sans-serif; font-size: 14pt;\">Quando a press\u00e3o aumenta, \u00e0s vezes nosso comportamento d\u00e1 um salto no tempo, voltando para fases mais c\u00f4modas da vida. Isso \u00e9 regress\u00e3o, um mecanismo de defesa que nos faz agir como se f\u00f4ssemos mais jovens, buscando o conforto de tempos mais simples. Imagine um adulto que, sob estresse, come\u00e7a a morder as unhas ou a falar com voz infantil. Parece estranho, mas \u00e9 a mente buscando ref\u00fagio em um per\u00edodo em que se sentia mais protegida.<\/span><\/p>\n<p><span style=\"font-family: arial, helvetica, sans-serif; font-size: 14pt;\">A regress\u00e3o \u00e9 mais do que apenas um capricho ou uma peculiaridade; ela \u00e9 uma janela para nossas ansiedades mais profundas. Ela revela nossos medos e inseguran\u00e7as e, ao faz\u00ea-lo, nos oferece uma chance de entender e enfrentar essas quest\u00f5es. Por exemplo, um profissional que, sob press\u00e3o, regressa a comportamentos adolescentes pode estar mostrando uma necessidade de apoio e reconhecimento que n\u00e3o foi atendida. Compreender esses gatilhos pode ser um passo crucial para o desenvolvimento pessoal e profissional.<\/span><\/p>\n<hr\/>\n<h2><span style=\"font-family: arial, helvetica, sans-serif;\"><span style=\"color: #ffffff; background-color: #1e90ff;\"><strong><span style=\"font-size: 36pt; background-color: #1e90ff;\">7<\/span><\/strong><\/span><span style=\"font-size: 24pt;\"> Sublima\u00e7\u00e3o<\/span><\/span><\/h2>\n<hr\/>\n<p><span style=\"font-family: arial, helvetica, sans-serif; font-size: 14pt;\">Considerada a estrela dourada dos mecanismos de defesa, a sublima\u00e7\u00e3o \u00e9 a arte de transformar o negativo em positivo. Ela ocorre quando canalizamos emo\u00e7\u00f5es ou impulsos inaceit\u00e1veis em algo produtivo e socialmente aceit\u00e1vel. Por exemplo, algu\u00e9m que sente uma raiva intensa pode se tornar um atleta excepcional, usando a energia da raiva para impulsionar seu desempenho. \u00c9 uma maneira elegante de a mente converter energia emocional em realiza\u00e7\u00f5es concretas.<\/span><\/p>\n<p><span style=\"font-family: arial, helvetica, sans-serif; font-size: 14pt;\">A sublima\u00e7\u00e3o n\u00e3o \u00e9 apenas uma ferramenta para lidar com emo\u00e7\u00f5es dif\u00edceis; ela \u00e9 tamb\u00e9m um catalisador para a criatividade e o sucesso. Muitos grandes artistas, cientistas e l\u00edderes usaram a sublima\u00e7\u00e3o para transformar suas lutas internas em obras-primas e descobertas. Este mecanismo mostra o poder da mente humana de transformar obst\u00e1culos em degraus para alcan\u00e7ar o extraordin\u00e1rio. Em vez de serem v\u00edtimas de suas circunst\u00e2ncias, as pessoas que utilizam a sublima\u00e7\u00e3o tornam-se mestres de seu destino, criando beleza e significado a partir de suas batalhas internas.<\/span><\/p>\n<hr\/>\n<h2><span style=\"font-family: arial, helvetica, sans-serif;\"><strong><span style=\"font-size: 36pt; color: #ffffff; background-color: #1e90ff;\">6<\/span><\/strong><span style=\"font-size: 24pt;\"> Forma\u00e7\u00e3o Reativa<\/span><\/span><\/h2>\n<hr\/>\n<p><span style=\"font-family: arial, helvetica, sans-serif; font-size: 14pt;\">A forma\u00e7\u00e3o reativa \u00e9 como um palco teatral onde atuamos o oposto do que realmente sentimos. Quando algu\u00e9m tem medo de algo, por exemplo, pode se mostrar excessivamente corajoso, ou uma pessoa com sentimentos hostis pode se tornar super cuidadosa e gentil. \u00c9 uma dan\u00e7a intrigante entre desejo e express\u00e3o, onde mostramos ao mundo uma vers\u00e3o de n\u00f3s mesmos que contradiz nossos sentimentos verdadeiros.<\/span><\/p>\n<p><span style=\"font-family: arial, helvetica, sans-serif; font-size: 14pt;\">Esse mecanismo \u00e9 uma esp\u00e9cie de camuflagem emocional. Ele nos permite lidar com sentimentos e desejos que podem ser socialmente inaceit\u00e1veis ou assustadores para n\u00f3s mesmos. Interessantemente, a forma\u00e7\u00e3o reativa tamb\u00e9m pode ser um sinal de que estamos tentando nos adaptar a normas sociais ou expectativas, transformando impulsos potencialmente problem\u00e1ticos em comportamentos aceit\u00e1veis. Por exemplo, algu\u00e9m com impulsos agressivos pode se tornar um defensor apaixonado da paz.<\/span><\/p>\n<hr\/>\n<h2><span style=\"font-family: arial, helvetica, sans-serif;\"><span style=\"color: #ffffff; background-color: #1e90ff;\"><strong><span style=\"font-size: 36pt; background-color: #1e90ff;\">5<\/span><\/strong><\/span><span style=\"font-size: 24pt;\"> Deslocamento<\/span><\/span><\/h2>\n<hr\/>\n<p><span style=\"font-family: arial, helvetica, sans-serif; font-size: 14pt;\">O deslocamento \u00e9 o equivalente emocional de desviar um golpe. Ele ocorre quando movemos sentimentos intensos de sua fonte original para um alvo mais seguro. Imagine ter um dia dif\u00edcil no trabalho e, em vez de confrontar o chefe, voc\u00ea acaba descontando a frustra\u00e7\u00e3o no videogame em casa. N\u00e3o \u00e9 a solu\u00e7\u00e3o ideal, mas \u00e9 uma maneira da nossa mente lidar com emo\u00e7\u00f5es dif\u00edceis sem entrar em conflito direto com a causa real.<\/span><\/p>\n<p><span style=\"font-family: arial, helvetica, sans-serif; font-size: 14pt;\">Esse mecanismo de defesa serve como um amortecedor emocional. Ele nos ajuda a evitar confrontos diretos que podem parecer amea\u00e7adores ou avassaladores. No entanto, \u00e9 importante estar ciente de que o deslocamento pode afetar nossos relacionamentos e bem-estar. Ao reconhecer esse padr\u00e3o, podemos come\u00e7ar a abordar mais diretamente as fontes de nosso estresse e aprender a expressar nossas emo\u00e7\u00f5es de maneira mais saud\u00e1vel e construtiva.<\/span><\/p>\n<hr\/>\n<h2><span style=\"font-family: arial, helvetica, sans-serif;\"><strong><span style=\"font-size: 36pt; color: #ffffff; background-color: #1e90ff;\">4<\/span><\/strong><span style=\"font-size: 24pt;\"> Racionaliza\u00e7\u00e3o<\/span><\/span><\/h2>\n<hr\/>\n<p><span style=\"font-family: arial, helvetica, sans-serif; font-size: 14pt;\">Imagine que voc\u00ea est\u00e1 criando uma hist\u00f3ria convincente para explicar uma situa\u00e7\u00e3o decepcionante, e voc\u00ea tem a racionaliza\u00e7\u00e3o. \u00c9 um mecanismo de defesa onde criamos justificativas l\u00f3gicas, por\u00e9m falaciosas, para a\u00e7\u00f5es ou sentimentos que s\u00e3o motivados por raz\u00f5es menos aceit\u00e1veis. Por exemplo, ap\u00f3s ser rejeitado em uma entrevista de emprego, voc\u00ea pode dizer a si mesmo que o trabalho n\u00e3o era t\u00e3o bom assim. Essa \u00e9 a racionaliza\u00e7\u00e3o em a\u00e7\u00e3o: uma tentativa de proteger a autoestima e evitar sentimentos dolorosos.<\/span><\/p>\n<p><span style=\"font-family: arial, helvetica, sans-serif; font-size: 14pt;\">A racionaliza\u00e7\u00e3o \u00e9 uma ferramenta dupla: ela pode ajudar a aliviar o estresse imediato e preservar a autoimagem, mas tamb\u00e9m pode nos manter presos em padr\u00f5es de nega\u00e7\u00e3o e autoengano. Quando racionalizamos, estamos criando uma realidade alternativa que pode nos impedir de aprender com nossos erros ou enfrentar desafios. \u00c9 importante estar ciente dessa tend\u00eancia e buscar equilibr\u00e1-la com uma avalia\u00e7\u00e3o honesta das situa\u00e7\u00f5es.<\/span><\/p>\n<hr\/>\n<h2><span style=\"font-family: arial, helvetica, sans-serif;\"><span style=\"color: #ffffff; background-color: #1e90ff;\"><strong><span style=\"font-size: 36pt; background-color: #1e90ff;\">3<\/span><\/strong><\/span><span style=\"font-size: 24pt;\"> Proje\u00e7\u00e3o<\/span><\/span><\/h2>\n<hr\/>\n<p><span style=\"font-family: arial, helvetica, sans-serif; font-size: 14pt;\">A proje\u00e7\u00e3o \u00e9 como um filme psicol\u00f3gico onde os aspectos que n\u00e3o gostamos em n\u00f3s mesmos s\u00e3o atribu\u00eddos a outras pessoas. Quando estamos com raiva, por exemplo, podemos acusar outra pessoa de ser hostil. \u00c9 uma maneira de lidar com emo\u00e7\u00f5es e desejos que s\u00e3o dif\u00edceis de aceitar como nossos. A proje\u00e7\u00e3o nos permite expressar esses sentimentos, mas de uma maneira que nos distancia deles.<\/span><\/p>\n<p><span style=\"font-family: arial, helvetica, sans-serif; font-size: 14pt;\">Esse mecanismo \u00e9 um espelho distorcido do nosso interior. Ele nos revela muito sobre nossos medos e desejos ocultos, mas de uma maneira que pode ser confusa e enganosa. Ao entender a proje\u00e7\u00e3o, podemos come\u00e7ar a reconhecer e aceitar partes de n\u00f3s mesmos que talvez n\u00e3o estejamos confort\u00e1veis em confrontar. Isso n\u00e3o s\u00f3 melhora nossa autoconsci\u00eancia, mas tamb\u00e9m pode ajudar a fortalecer nossos relacionamentos, pois nos tornamos mais emp\u00e1ticos e menos julgadores.<\/span><\/p>\n<hr\/>\n<h2><span style=\"font-family: arial, helvetica, sans-serif;\"><span style=\"color: #ffffff; background-color: #1e90ff;\"><strong><span style=\"font-size: 36pt; background-color: #1e90ff;\">2<\/span><\/strong><\/span><span style=\"font-size: 24pt;\"> Repress\u00e3o<\/span><\/span><\/h2>\n<hr\/>\n<p><span style=\"font-family: arial, helvetica, sans-serif; font-size: 14pt;\">A repress\u00e3o \u00e9 como um ba\u00fa trancado na mente, onde guardamos mem\u00f3rias, pensamentos ou sentimentos que s\u00e3o muito dolorosos para lidar conscientemente. \u00c9 um dos mecanismos de defesa mais misteriosos e poderosos. Pense nisso como empurrar uma lembran\u00e7a desagrad\u00e1vel para um canto escondido da sua mente. Por exemplo, algu\u00e9m que passou por uma experi\u00eancia traum\u00e1tica na inf\u00e2ncia pode n\u00e3o se lembrar dela conscientemente, mas essa mem\u00f3ria reprimida pode influenciar seu comportamento e emo\u00e7\u00f5es de maneiras sutis.<\/span><\/p>\n<p><span style=\"font-family: arial, helvetica, sans-serif; font-size: 14pt;\">A repress\u00e3o \u00e9 um escudo protetor da mente, mas tem seu pre\u00e7o. Embora possa nos proteger do sofrimento imediato, as mem\u00f3rias reprimidas podem ressurgir, influenciando nosso bem-estar emocional e f\u00edsico de maneiras imprevis\u00edveis. Ansiedade, fobias, e at\u00e9 mesmo sintomas f\u00edsicos podem ser rastreados at\u00e9 experi\u00eancias reprimidas. Reconhecer e lidar com esses conte\u00fados reprimidos, muitas vezes com a ajuda de um terapeuta, pode ser um caminho para a cura e o autoconhecimento.<\/span><\/p>\n<hr\/>\n<h2><span style=\"font-family: arial, helvetica, sans-serif;\"><strong><span style=\"font-size: 36pt; color: #ffffff; background-color: #1e90ff;\">1<\/span><\/strong><span style=\"font-size: 24pt;\"> Nega\u00e7\u00e3o<\/span><\/span><\/h2>\n<hr\/>\n<p><span style=\"font-family: arial, helvetica, sans-serif; font-size: 14pt;\">Chegando ao fim da nossa lista temos a nega\u00e7\u00e3o, o escudo mais b\u00e1sico da psique contra a realidade dolorosa. Ela acontece quando nos recusamos a aceitar a verdade sobre algo que est\u00e1 acontecendo em nossas vidas. Pode ser algo t\u00e3o simples quanto negar que comemos demais ou t\u00e3o grave quanto ignorar um problema de sa\u00fade s\u00e9rio. A nega\u00e7\u00e3o \u00e9 como um muro que constru\u00edmos para nos proteger de enfrentar uma verdade desconfort\u00e1vel.<\/span><\/p>\n<p><span style=\"font-family: arial, helvetica, sans-serif; font-size: 14pt;\">Embora a nega\u00e7\u00e3o possa oferecer um al\u00edvio tempor\u00e1rio, viver nesse estado de \u201cfingir que n\u00e3o existe\u201d pode ter consequ\u00eancias s\u00e9rias. Ela pode nos impedir de tomar a\u00e7\u00f5es necess\u00e1rias para resolver problemas reais, levando a complica\u00e7\u00f5es maiores no futuro. Reconhecer que estamos em nega\u00e7\u00e3o \u00e9 o primeiro passo para derrubar essas paredes e encarar a realidade. Assim, podemos come\u00e7ar a tomar decis\u00f5es mais saud\u00e1veis e construtivas em nossas vidas.<\/span><\/p>\n<h2><span style=\"font-size: 24pt; font-family: arial, helvetica, sans-serif;\">Desvendando os Segredos da Mente<\/span><\/h2>\n<p><span style=\"font-family: arial, helvetica, sans-serif; font-size: 14pt;\">Nossa jornada pelos mecanismos de defesa nos mostra o qu\u00e3o complexa e incr\u00edvel \u00e9 a mente humana. Esses mecanismos, de nega\u00e7\u00e3o a identifica\u00e7\u00e3o, s\u00e3o ferramentas inconscientes que usamos para navegar pelas complexidades da vida. Eles nos protegem, nos ajudam a adaptar e, \u00e0s vezes, at\u00e9 nos limitam.<\/span><\/p>\n<p><span style=\"font-family: arial, helvetica, sans-serif; font-size: 14pt;\">Reconhecer e compreender nossos pr\u00f3prios mecanismos de defesa pode ser um passo poderoso em dire\u00e7\u00e3o ao autoconhecimento e ao bem-estar emocional. Ao entender como e por que reagimos a certas situa\u00e7\u00f5es, podemos come\u00e7ar a trabalhar em maneiras mais saud\u00e1veis de lidar com nossos sentimentos e problemas. Lembre-se, esses mecanismos s\u00e3o uma parte normal da psicologia humana, mas o objetivo \u00e9 alcan\u00e7ar um equil\u00edbrio onde possamos enfrentar a realidade de forma eficaz e saud\u00e1vel.<\/span><\/p>\n<p><span style=\"font-family: arial, helvetica, sans-serif; font-size: 14pt;\">Ent\u00e3o, da pr\u00f3xima vez que se pegar usando um desses mecanismos, fa\u00e7a uma pausa e reflita. Por que estou reagindo assim? Existe uma maneira melhor de lidar com isso? Com essa conscientiza\u00e7\u00e3o, voc\u00ea pode come\u00e7ar a transformar defesas em for\u00e7as, abrindo caminho para um eu mais aut\u00eantico e resiliente. Afinal, a maior defesa \u00e9 a compreens\u00e3o de si mesmo.<\/span><\/p>\n<p>\u00a0<\/p>\n<\/div>\n<p><br \/>\n<br \/><a href=\"https:\/\/mundotop10.com\/mecanismos-de-defesa\/\">Source link <\/a><\/p>\n<div class='code-block code-block-4' style='margin: 8px auto 8px 0; text-align: left; display: block; clear: both;'>\n\ud83d\udce2 Aviso Legal\n\nO site ismaelcolosi.com.br atua apenas como um canal de divulga\u00e7\u00e3o de oportunidades de emprego e n\u00e3o se responsabiliza pelo processo seletivo, contrata\u00e7\u00e3o ou qualquer outra etapa relacionada \u00e0s vagas publicadas. Todas as informa\u00e7\u00f5es s\u00e3o de responsabilidade dos anunciantes.\n\n\u26a0\ufe0f Aten\u00e7\u00e3o! Nunca pague por promessas de emprego nem compre cursos que garantam contrata\u00e7\u00e3o. Desconfie de qualquer cobran\u00e7a para participar de sele\u00e7\u00f5es.\n\n\n\n<\/div>\n<!-- CONTENT END 1 -->\n","protected":false},"excerpt":{"rendered":"<p>J\u00e1 se perguntou como nossa mente lida com situa\u00e7\u00f5es estressantes ou emocionalmente desafiadoras? Bem, a chave est\u00e1 nos mecanismos de defesa. Estes s\u00e3o processos inconscientes&#8230;<\/p>\n","protected":false},"author":1,"featured_media":31387,"comment_status":"open","ping_status":"open","sticky":false,"template":"","format":"standard","meta":{"_uag_custom_page_level_css":"","advanced_seo_description":"","jetpack_seo_html_title":"","jetpack_seo_noindex":false,"jetpack_post_was_ever_published":false,"_jetpack_newsletter_access":"","_jetpack_dont_email_post_to_subs":false,"_jetpack_newsletter_tier_id":0,"_jetpack_memberships_contains_paywalled_content":false,"_jetpack_memberships_contains_paid_content":false,"footnotes":"","jetpack_publicize_message":"","jetpack_publicize_feature_enabled":true,"jetpack_social_post_already_shared":true,"jetpack_social_options":{"image_generator_settings":{"template":"highway","default_image_id":0,"font":"","enabled":false},"version":2}},"categories":[1],"tags":[],"class_list":["post-31386","post","type-post","status-publish","format-standard","has-post-thumbnail","hentry","category-blog"],"jetpack_publicize_connections":[],"jetpack_featured_media_url":"https:\/\/i0.wp.com\/ismaelcolosi.com.br\/wp-content\/uploads\/2024\/01\/Mecanismos-de-Defesa.jpg?fit=1200%2C800&ssl=1","uagb_featured_image_src":{"full":["https:\/\/i0.wp.com\/ismaelcolosi.com.br\/wp-content\/uploads\/2024\/01\/Mecanismos-de-Defesa.jpg?fit=1200%2C800&ssl=1",1200,800,false],"thumbnail":["https:\/\/i0.wp.com\/ismaelcolosi.com.br\/wp-content\/uploads\/2024\/01\/Mecanismos-de-Defesa.jpg?resize=150%2C150&ssl=1",150,150,true],"medium":["https:\/\/i0.wp.com\/ismaelcolosi.com.br\/wp-content\/uploads\/2024\/01\/Mecanismos-de-Defesa.jpg?fit=300%2C200&ssl=1",300,200,true],"medium_large":["https:\/\/i0.wp.com\/ismaelcolosi.com.br\/wp-content\/uploads\/2024\/01\/Mecanismos-de-Defesa.jpg?fit=768%2C512&ssl=1",768,512,true],"large":["https:\/\/i0.wp.com\/ismaelcolosi.com.br\/wp-content\/uploads\/2024\/01\/Mecanismos-de-Defesa.jpg?fit=1024%2C683&ssl=1",1024,683,true],"1536x1536":["https:\/\/i0.wp.com\/ismaelcolosi.com.br\/wp-content\/uploads\/2024\/01\/Mecanismos-de-Defesa.jpg?fit=1200%2C800&ssl=1",1200,800,true],"2048x2048":["https:\/\/i0.wp.com\/ismaelcolosi.com.br\/wp-content\/uploads\/2024\/01\/Mecanismos-de-Defesa.jpg?fit=1200%2C800&ssl=1",1200,800,true],"really-simple-thumb":["https:\/\/i0.wp.com\/ismaelcolosi.com.br\/wp-content\/uploads\/2024\/01\/Mecanismos-de-Defesa.jpg?resize=370%2C247&ssl=1",370,247,true]},"uagb_author_info":{"display_name":"ismaelcolosi.com.br","author_link":"https:\/\/ismaelcolosi.com.br\/index.php\/author\/vidareal-online\/"},"uagb_comment_info":0,"uagb_excerpt":"J\u00e1 se perguntou como nossa mente lida com situa\u00e7\u00f5es estressantes ou emocionalmente desafiadoras? Bem, a chave est\u00e1 nos mecanismos de defesa. Estes s\u00e3o processos inconscientes...","jetpack-related-posts":[{"id":36632,"url":"https:\/\/ismaelcolosi.com.br\/index.php\/2024\/02\/10\/relogio-da-praca-xv-passa-por-limpeza\/","url_meta":{"origin":31386,"position":0},"title":"Rel\u00f3gio da pra\u00e7a XV\u00a0 passa por limpeza\u00a0","author":"ismaelcolosi.com.br","date":"10 de February de 2024","format":false,"excerpt":"10 de fevereiro de 2024 | 17:0010 de fevereiro de 2024 | 9:39 0O monumento do rel\u00f3gio, localizado na pra\u00e7a XV de Novembro, no Centro Hist\u00f3rico de Ribeir\u00e3o Preto, passou por limpeza e ajustes neste in\u00edcio de ano. A empresa contratada para a execu\u00e7\u00e3o do servi\u00e7o removeu os tr\u00eas mecanismos\u2026","rel":"","context":"In &quot;Not\u00edcias de Ribeir\u00e3o Preto-SP e Regi\u00e3o&quot;","block_context":{"text":"Not\u00edcias de Ribeir\u00e3o Preto-SP e Regi\u00e3o","link":"https:\/\/ismaelcolosi.com.br\/index.php\/category\/noticias-de-ribeirao-preto-sp-e-regiao-ismael-colosi\/"},"img":{"alt_text":"","src":"https:\/\/i0.wp.com\/ismaelcolosi.com.br\/wp-content\/uploads\/2024\/02\/Relogio-Divulgacao-scaled.jpeg?fit=860%2C645&ssl=1&resize=350%2C200","width":350,"height":200,"srcset":"https:\/\/i0.wp.com\/ismaelcolosi.com.br\/wp-content\/uploads\/2024\/02\/Relogio-Divulgacao-scaled.jpeg?fit=860%2C645&ssl=1&resize=350%2C200 1x, https:\/\/i0.wp.com\/ismaelcolosi.com.br\/wp-content\/uploads\/2024\/02\/Relogio-Divulgacao-scaled.jpeg?fit=860%2C645&ssl=1&resize=525%2C300 1.5x, https:\/\/i0.wp.com\/ismaelcolosi.com.br\/wp-content\/uploads\/2024\/02\/Relogio-Divulgacao-scaled.jpeg?fit=860%2C645&ssl=1&resize=700%2C400 2x"},"classes":[]},{"id":42674,"url":"https:\/\/ismaelcolosi.com.br\/index.php\/2024\/03\/15\/governo-lancou-26-cursos-gratis-com-certificacao-unb\/","url_meta":{"origin":31386,"position":1},"title":"Governo lan\u00e7ou 26 cursos gr\u00e1tis com certifica\u00e7\u00e3o UnB","author":"ismaelcolosi.com.br","date":"15 de March de 2024","format":false,"excerpt":"O Governo atrav\u00e9s da ENDC \u2013 Escola Nacional de Defesa do Consumidor lan\u00e7ou 26 cursos online gratuitos com certifica\u00e7\u00e3o UnB, confira todos os detalhes neste artigo A Escola Nacional de Defesa do Consumidor, sob a \u00e9gide da Secretaria Nacional do Consumidor, introduz a Trilha Forma\u00e7\u00e3o em Defesa do Consumidor. Esta\u2026","rel":"","context":"In &quot;Cursos Gratuitos e Bolsas de Estudos&quot;","block_context":{"text":"Cursos Gratuitos e Bolsas de Estudos","link":"https:\/\/ismaelcolosi.com.br\/index.php\/category\/cursos-gratuitos-e-bolsas-de-estudos-ribeirao-preto\/"},"img":{"alt_text":"","src":"https:\/\/i0.wp.com\/ismaelcolosi.com.br\/wp-content\/uploads\/2024\/03\/26-cursos-gratuitos-com-certificado.png?fit=1200%2C686&ssl=1&resize=350%2C200","width":350,"height":200,"srcset":"https:\/\/i0.wp.com\/ismaelcolosi.com.br\/wp-content\/uploads\/2024\/03\/26-cursos-gratuitos-com-certificado.png?fit=1200%2C686&ssl=1&resize=350%2C200 1x, https:\/\/i0.wp.com\/ismaelcolosi.com.br\/wp-content\/uploads\/2024\/03\/26-cursos-gratuitos-com-certificado.png?fit=1200%2C686&ssl=1&resize=525%2C300 1.5x, https:\/\/i0.wp.com\/ismaelcolosi.com.br\/wp-content\/uploads\/2024\/03\/26-cursos-gratuitos-com-certificado.png?fit=1200%2C686&ssl=1&resize=700%2C400 2x, https:\/\/i0.wp.com\/ismaelcolosi.com.br\/wp-content\/uploads\/2024\/03\/26-cursos-gratuitos-com-certificado.png?fit=1200%2C686&ssl=1&resize=1050%2C600 3x"},"classes":[]},{"id":39175,"url":"https:\/\/ismaelcolosi.com.br\/index.php\/2024\/02\/23\/comissao-do-senado-aprova-lei-para-proteger-criancas-em-ambientes-digitais\/","url_meta":{"origin":31386,"position":2},"title":"Comiss\u00e3o do Senado aprova lei para proteger crian\u00e7as em ambientes digitais","author":"ismaelcolosi.com.br","date":"23 de February de 2024","format":false,"excerpt":"23 de fevereiro de 2024 | 16:19 0A Comiss\u00e3o de Constitui\u00e7\u00e3o e Justi\u00e7a (CCJ) do Senado aprovou o projeto de lei (PL) 2.628\/2022, que busca proteger crian\u00e7as e adolescentes em ambientes digitais. Os senadores aprovaram um requerimento de urg\u00eancia para a vota\u00e7\u00e3o da mat\u00e9ria, que segue para a Comiss\u00e3o de\u2026","rel":"","context":"In &quot;Not\u00edcias de Ribeir\u00e3o Preto-SP e Regi\u00e3o&quot;","block_context":{"text":"Not\u00edcias de Ribeir\u00e3o Preto-SP e Regi\u00e3o","link":"https:\/\/ismaelcolosi.com.br\/index.php\/category\/noticias-de-ribeirao-preto-sp-e-regiao-ismael-colosi\/"},"img":{"alt_text":"","src":"https:\/\/i0.wp.com\/ismaelcolosi.com.br\/wp-content\/uploads\/2024\/02\/588dc7e2-9d70-44d1-ba41-cad6f14dd088.jpeg?fit=675%2C450&ssl=1&resize=350%2C200","width":350,"height":200,"srcset":"https:\/\/i0.wp.com\/ismaelcolosi.com.br\/wp-content\/uploads\/2024\/02\/588dc7e2-9d70-44d1-ba41-cad6f14dd088.jpeg?fit=675%2C450&ssl=1&resize=350%2C200 1x, https:\/\/i0.wp.com\/ismaelcolosi.com.br\/wp-content\/uploads\/2024\/02\/588dc7e2-9d70-44d1-ba41-cad6f14dd088.jpeg?fit=675%2C450&ssl=1&resize=525%2C300 1.5x"},"classes":[]},{"id":72183,"url":"https:\/\/ismaelcolosi.com.br\/index.php\/2024\/10\/20\/defesa-civil-atualiza-informacoes-sobre-as-chuvas-no-estado-de-sp\/","url_meta":{"origin":31386,"position":3},"title":"Defesa Civil atualiza informa\u00e7\u00f5es sobre as chuvas no estado de SP","author":"ismaelcolosi.com.br","date":"20 de October de 2024","format":false,"excerpt":"A Defesa Civil de S\u00e3o Paulo publicou neste domingo (20) novas informa\u00e7\u00f5es sobre as chuvas no estado. Segundo o \u00f3rg\u00e3o, mesmo com a frente fria j\u00e1 afastada, o tempo segue inst\u00e1vel. Por\u00e9m, n\u00e3o h\u00e1 risco para temporais em nenhuma das \u00e1reas monitoradas, com possibilidade para pancadas de chuva isoladas. \u201cA\u2026","rel":"","context":"In &quot;Not\u00edcias de Ribeir\u00e3o Preto-SP e Regi\u00e3o&quot;","block_context":{"text":"Not\u00edcias de Ribeir\u00e3o Preto-SP e Regi\u00e3o","link":"https:\/\/ismaelcolosi.com.br\/index.php\/category\/noticias-de-ribeirao-preto-sp-e-regiao-ismael-colosi\/"},"img":{"alt_text":"","src":"https:\/\/i0.wp.com\/ismaelcolosi.com.br\/wp-content\/uploads\/2024\/10\/WhatsApp-Image-2024-02-15-at-08.13.35-1.jpeg?fit=1200%2C540&ssl=1&resize=350%2C200","width":350,"height":200,"srcset":"https:\/\/i0.wp.com\/ismaelcolosi.com.br\/wp-content\/uploads\/2024\/10\/WhatsApp-Image-2024-02-15-at-08.13.35-1.jpeg?fit=1200%2C540&ssl=1&resize=350%2C200 1x, https:\/\/i0.wp.com\/ismaelcolosi.com.br\/wp-content\/uploads\/2024\/10\/WhatsApp-Image-2024-02-15-at-08.13.35-1.jpeg?fit=1200%2C540&ssl=1&resize=525%2C300 1.5x, https:\/\/i0.wp.com\/ismaelcolosi.com.br\/wp-content\/uploads\/2024\/10\/WhatsApp-Image-2024-02-15-at-08.13.35-1.jpeg?fit=1200%2C540&ssl=1&resize=700%2C400 2x, https:\/\/i0.wp.com\/ismaelcolosi.com.br\/wp-content\/uploads\/2024\/10\/WhatsApp-Image-2024-02-15-at-08.13.35-1.jpeg?fit=1200%2C540&ssl=1&resize=1050%2C600 3x"},"classes":[]},{"id":83895,"url":"https:\/\/ismaelcolosi.com.br\/index.php\/2025\/03\/20\/documentario-da-anitta-inspira-reflexao\/","url_meta":{"origin":31386,"position":4},"title":"Document\u00e1rio da Anitta Inspira Reflex\u00e3o","author":"ismaelcolosi.com.br","date":"20 de March de 2025","format":false,"excerpt":"\r Divulga\u00e7\u00e3o\/Netflix\r O document\u00e1rio \"Larissa: O Outro Lado de Anitta\" foi lan\u00e7ado na Netflix neste m\u00eas\r Acessibilidade \r L\r L\r A-\r A+\r \r \u25d0\r \r \u00a0 O sucesso \u00e9 uma daquelas palavras que carregam um peso enorme, mas cujo significado \u00e9, na verdade, extremamente relativo. H\u00e1 algum tempo, eu comecei\u2026","rel":"","context":"In &quot;Carreira e Sucesso&quot;","block_context":{"text":"Carreira e Sucesso","link":"https:\/\/ismaelcolosi.com.br\/index.php\/category\/carreira-e-sucesso-dicas-para-carreira\/"},"img":{"alt_text":"","src":"https:\/\/i0.wp.com\/ismaelcolosi.com.br\/wp-content\/uploads\/2025\/03\/forbes-anitta-documentario-netflix-1200x675.jpg?fit=1200%2C675&ssl=1&resize=350%2C200","width":350,"height":200,"srcset":"https:\/\/i0.wp.com\/ismaelcolosi.com.br\/wp-content\/uploads\/2025\/03\/forbes-anitta-documentario-netflix-1200x675.jpg?fit=1200%2C675&ssl=1&resize=350%2C200 1x, https:\/\/i0.wp.com\/ismaelcolosi.com.br\/wp-content\/uploads\/2025\/03\/forbes-anitta-documentario-netflix-1200x675.jpg?fit=1200%2C675&ssl=1&resize=525%2C300 1.5x, https:\/\/i0.wp.com\/ismaelcolosi.com.br\/wp-content\/uploads\/2025\/03\/forbes-anitta-documentario-netflix-1200x675.jpg?fit=1200%2C675&ssl=1&resize=700%2C400 2x, https:\/\/i0.wp.com\/ismaelcolosi.com.br\/wp-content\/uploads\/2025\/03\/forbes-anitta-documentario-netflix-1200x675.jpg?fit=1200%2C675&ssl=1&resize=1050%2C600 3x"},"classes":[]},{"id":83901,"url":"https:\/\/ismaelcolosi.com.br\/index.php\/2025\/03\/20\/documentario-da-artista-mostram-que-o-sucesso-e-relativo\/","url_meta":{"origin":31386,"position":5},"title":"Document\u00e1rio da artista mostram que o sucesso \u00e9 relativo","author":"ismaelcolosi.com.br","date":"20 de March de 2025","format":false,"excerpt":"\r Divulga\u00e7\u00e3o\/Netflix\r O document\u00e1rio \"Larissa: O Outro Lado de Anitta\" foi lan\u00e7ado na Netflix neste m\u00eas\r Acessibilidade \r L\r L\r A-\r A+\r \r \u25d0\r \r \u00a0 O sucesso \u00e9 uma daquelas palavras que carregam um peso enorme, mas cujo significado \u00e9, na verdade, extremamente relativo. H\u00e1 algum tempo, eu comecei\u2026","rel":"","context":"In &quot;Carreira e Sucesso&quot;","block_context":{"text":"Carreira e Sucesso","link":"https:\/\/ismaelcolosi.com.br\/index.php\/category\/carreira-e-sucesso-dicas-para-carreira\/"},"img":{"alt_text":"","src":"https:\/\/i0.wp.com\/ismaelcolosi.com.br\/wp-content\/uploads\/2025\/03\/1742480197_forbes-anitta-documentario-netflix-1200x675.jpg?fit=1200%2C675&ssl=1&resize=350%2C200","width":350,"height":200,"srcset":"https:\/\/i0.wp.com\/ismaelcolosi.com.br\/wp-content\/uploads\/2025\/03\/1742480197_forbes-anitta-documentario-netflix-1200x675.jpg?fit=1200%2C675&ssl=1&resize=350%2C200 1x, https:\/\/i0.wp.com\/ismaelcolosi.com.br\/wp-content\/uploads\/2025\/03\/1742480197_forbes-anitta-documentario-netflix-1200x675.jpg?fit=1200%2C675&ssl=1&resize=525%2C300 1.5x, https:\/\/i0.wp.com\/ismaelcolosi.com.br\/wp-content\/uploads\/2025\/03\/1742480197_forbes-anitta-documentario-netflix-1200x675.jpg?fit=1200%2C675&ssl=1&resize=700%2C400 2x, https:\/\/i0.wp.com\/ismaelcolosi.com.br\/wp-content\/uploads\/2025\/03\/1742480197_forbes-anitta-documentario-netflix-1200x675.jpg?fit=1200%2C675&ssl=1&resize=1050%2C600 3x"},"classes":[]}],"jetpack_sharing_enabled":true,"jetpack_shortlink":"https:\/\/wp.me\/pfMlyK-8ae","_links":{"self":[{"href":"https:\/\/ismaelcolosi.com.br\/index.php\/wp-json\/wp\/v2\/posts\/31386","targetHints":{"allow":["GET"]}}],"collection":[{"href":"https:\/\/ismaelcolosi.com.br\/index.php\/wp-json\/wp\/v2\/posts"}],"about":[{"href":"https:\/\/ismaelcolosi.com.br\/index.php\/wp-json\/wp\/v2\/types\/post"}],"author":[{"embeddable":true,"href":"https:\/\/ismaelcolosi.com.br\/index.php\/wp-json\/wp\/v2\/users\/1"}],"replies":[{"embeddable":true,"href":"https:\/\/ismaelcolosi.com.br\/index.php\/wp-json\/wp\/v2\/comments?post=31386"}],"version-history":[{"count":0,"href":"https:\/\/ismaelcolosi.com.br\/index.php\/wp-json\/wp\/v2\/posts\/31386\/revisions"}],"wp:featuredmedia":[{"embeddable":true,"href":"https:\/\/ismaelcolosi.com.br\/index.php\/wp-json\/wp\/v2\/media\/31387"}],"wp:attachment":[{"href":"https:\/\/ismaelcolosi.com.br\/index.php\/wp-json\/wp\/v2\/media?parent=31386"}],"wp:term":[{"taxonomy":"category","embeddable":true,"href":"https:\/\/ismaelcolosi.com.br\/index.php\/wp-json\/wp\/v2\/categories?post=31386"},{"taxonomy":"post_tag","embeddable":true,"href":"https:\/\/ismaelcolosi.com.br\/index.php\/wp-json\/wp\/v2\/tags?post=31386"}],"curies":[{"name":"wp","href":"https:\/\/api.w.org\/{rel}","templated":true}]}}