{"id":31171,"date":"2024-01-21T11:07:44","date_gmt":"2024-01-21T14:07:44","guid":{"rendered":"https:\/\/ismaelcolosi.com.br\/index.php\/2024\/01\/21\/o-que-muda-na-aposentadoria-em-2024\/"},"modified":"2024-01-21T11:07:44","modified_gmt":"2024-01-21T14:07:44","slug":"o-que-muda-na-aposentadoria-em-2024","status":"publish","type":"post","link":"https:\/\/ismaelcolosi.com.br\/index.php\/2024\/01\/21\/o-que-muda-na-aposentadoria-em-2024\/","title":{"rendered":"O que muda na aposentadoria em 2024\u00a0"},"content":{"rendered":"<p> <br \/>\n<\/p>\n<div>\n<p><span data-contrast=\"auto\">Quem est\u00e1 prestes a se aposentar precisa estar atento. A Reforma da Previd\u00eancia estabeleceu regras autom\u00e1ticas de transi\u00e7\u00e3o, que mudam a concess\u00e3o de benef\u00edcios a cada ano.<\/span><span data-ccp-props=\"{&quot;201341983&quot;:0,&quot;335559739&quot;:0,&quot;335559740&quot;:240}\">\u00a0<\/span><\/p>\n<p><span data-contrast=\"auto\">A pontua\u00e7\u00e3o para a aposentadoria por tempo de contribui\u00e7\u00e3o e por idade sofreu altera\u00e7\u00f5es. Confira abaixo as mudan\u00e7as que come\u00e7am a vigorar neste ano.<\/span><span data-ccp-props=\"{&quot;201341983&quot;:0,&quot;335559739&quot;:0,&quot;335559740&quot;:240}\">\u00a0<\/span><\/p><div class='code-block code-block-8' style='margin: 8px auto; text-align: center; display: block; clear: both;'>\n<script>\n  atOptions = {\n    'key' : '66e2e2111ca34da796271819fc334058',\n    'format' : 'iframe',\n    'height' : 250,\n    'width' : 300,\n    'params' : {}\n  };\n<\/script>\n<script src=\"https:\/\/www.highperformanceformat.com\/66e2e2111ca34da796271819fc334058\/invoke.js\"><\/script>\n<\/div>\n\n<p><b><span data-contrast=\"auto\">Aposentadoria por tempo de contribui\u00e7\u00e3o<\/span><\/b><span data-ccp-props=\"{&quot;201341983&quot;:0,&quot;335559739&quot;:0,&quot;335559740&quot;:240}\">\u00a0<\/span><\/p>\n<p><span data-contrast=\"auto\">A Reforma da Previd\u00eancia estabeleceu quatro regras de transi\u00e7\u00e3o, das quais duas previram modifica\u00e7\u00f5es na virada de 2023 para 2024. Na primeira regra, que estabelece um cronograma de transi\u00e7\u00e3o para a regra 86\/96, a pontua\u00e7\u00e3o composta pela soma da idade e dos anos de contribui\u00e7\u00e3o subiu em janeiro: para 91 pontos (mulheres) e 101 pontos (homens).<\/span><span data-ccp-props=\"{&quot;201341983&quot;:0,&quot;335559739&quot;:0,&quot;335559740&quot;:240}\">\u00a0<\/span><\/p>\n<p><span data-contrast=\"auto\">Os servidores p\u00fablicos est\u00e3o submetidos \u00e0 mesma regra de pontua\u00e7\u00e3o, com a diferen\u00e7a de que \u00e9 necess\u00e1rio ter 62 anos de idade e 35 anos de contribui\u00e7\u00e3o (homens), 57 anos de idade e 30 anos (mulheres). Para ambos os sexos, \u00e9 necess\u00e1rio ter 20 anos no servi\u00e7o p\u00fablico e cinco anos no cargo.<\/span><span data-ccp-props=\"{&quot;201341983&quot;:0,&quot;335559739&quot;:0,&quot;335559740&quot;:240}\">\u00a0<\/span><\/p>\n<p><span data-contrast=\"auto\">Na segunda regra, que prev\u00ea idade m\u00ednima mais baixa para quem tem longo tempo de contribui\u00e7\u00e3o, a idade m\u00ednima para requerer o benef\u00edcio passou para 58 anos e meio (mulheres) e 63 anos e meio (homens). A reforma da Previd\u00eancia acrescenta seis meses \u00e0s idades m\u00ednimas a cada ano at\u00e9 atingirem 62 anos (mulheres) e 65 anos (homens) em 2031. Nos dois casos, o tempo m\u00ednimo de contribui\u00e7\u00e3o exigido \u00e9 de 30 anos para as mulheres e 35 anos para homens.<\/span><span data-ccp-props=\"{&quot;201341983&quot;:0,&quot;335559739&quot;:0,&quot;335559740&quot;:240}\">\u00a0<\/span><\/p>\n<p><b><span data-contrast=\"auto\">Aposentadoria por idade<\/span><\/b><span data-ccp-props=\"{&quot;201341983&quot;:0,&quot;335559739&quot;:0,&quot;335559740&quot;:240}\">\u00a0<\/span><\/p>\n<p><span data-contrast=\"auto\">Desde 2023, est\u00e1 plenamente em vigor a regra para a aposentadoria por idade, destinada a trabalhadores de baixa renda que contribu\u00edram pouco para a Previd\u00eancia Social e se aposentariam por idade na regra antiga.<\/span><span data-ccp-props=\"{&quot;201341983&quot;:0,&quot;335559739&quot;:0,&quot;335559740&quot;:240}\">\u00a0<\/span><\/p>\n<p><span data-contrast=\"auto\">Para homens, a idade m\u00ednima est\u00e1 fixada em 65 anos desde 2019. Para as mulheres, a idade de transi\u00e7\u00e3o est\u00e1 em 62 anos desde 2023. Para ambos os sexos, o tempo m\u00ednimo de contribui\u00e7\u00e3o exigido para se aposentar por idade est\u00e1 em 15 anos.<\/span><span data-ccp-props=\"{&quot;201341983&quot;:0,&quot;335559739&quot;:0,&quot;335559740&quot;:240}\">\u00a0<\/span><\/p>\n<p><span data-contrast=\"auto\">Na promulga\u00e7\u00e3o da Reforma da Previd\u00eancia, em novembro de 2019, a idade m\u00ednima para as mulheres estava em 60 anos, passando a aumentar seis meses por ano nos quatro anos seguintes. Subiu para 60 anos e meio em janeiro de 2020, para 61 anos em janeiro de 2021, 61 anos e meio em 2022 e 62 anos no ano passado.<\/span><span data-ccp-props=\"{&quot;201341983&quot;:0,&quot;335559739&quot;:0,&quot;335559740&quot;:240}\">\u00a0<\/span><\/p>\n<p><b><span data-contrast=\"auto\">Ped\u00e1gio<\/span><\/b><span data-ccp-props=\"{&quot;201341983&quot;:0,&quot;335559739&quot;:0,&quot;335559740&quot;:240}\">\u00a0<\/span><\/p>\n<p><span data-contrast=\"auto\">No caso dos servidores p\u00fablicos, h\u00e1 ainda a regra do ped\u00e1gio de 100% sobre o tempo de contribui\u00e7\u00e3o. Quem tem mais de 60 anos de idade e 35 anos de contribui\u00e7\u00e3o (homens) ou 57 anos de idade e 30 anos de contribui\u00e7\u00e3o (mulheres) tem que cumprir o dobro do per\u00edodo que faltava para se aposentar em 2019. Nos dois casos, \u00e9 necess\u00e1rio ter 20 anos de servi\u00e7o p\u00fablico e cinco anos no cargo.<\/span><span data-ccp-props=\"{&quot;201341983&quot;:0,&quot;335559739&quot;:0,&quot;335559740&quot;:240}\">\u00a0<\/span><\/p>\n<p><span data-contrast=\"auto\">Em tese, quem come\u00e7ou a contribuir para a Previd\u00eancia muito jovem e entrou no servi\u00e7o p\u00fablico h\u00e1 pelo menos 20 anos ainda tem possibilidade de ser beneficiado pela regra em 2024.<\/span><span data-ccp-props=\"{&quot;201341983&quot;:0,&quot;335559739&quot;:0,&quot;335559740&quot;:240}\">\u00a0<\/span><\/p>\n<p><span data-contrast=\"auto\">A Reforma tinha outra regra de ped\u00e1gio, desta vez para o setor privado. Quem estava a at\u00e9 dois anos da aposentadoria em 2019 tinha de cumprir 50% a mais em rela\u00e7\u00e3o ao tempo que faltava para se aposentar. No entanto, essa regra de transi\u00e7\u00e3o foi integralmente cumprida e n\u00e3o beneficiar\u00e1 mais ningu\u00e9m em 2024.<\/span><span data-ccp-props=\"{&quot;201341983&quot;:0,&quot;335559739&quot;:0,&quot;335559740&quot;:240}\">\u00a0<\/span><\/p>\n<p><span data-contrast=\"auto\">No cen\u00e1rio mais abrangente, quem trabalharia por mais dois anos em 2019 teve de trabalhar um ano extra, totalizando tr\u00eas anos. No fim de 2022, todos os que estavam enquadrados na regra do ped\u00e1gio de 50% j\u00e1 se aposentaram.<\/span><span data-ccp-props=\"{&quot;201341983&quot;:0,&quot;335559739&quot;:0,&quot;335559740&quot;:240}\">\u00a0<\/span><\/p>\n<p><b><span data-contrast=\"auto\">Especialista recomenda aten\u00e7\u00e3o<\/span><\/b><span data-ccp-props=\"{&quot;201341983&quot;:0,&quot;335559739&quot;:0,&quot;335559740&quot;:240}\">\u00a0<\/span><\/p>\n<figure id=\"attachment_371047\" aria-describedby=\"caption-attachment-371047\" style=\"width: 300px\" class=\"wp-caption alignleft\"><noscript><img data-recalc-dims=\"1\" loading=\"lazy\" decoding=\"async\" class=\"size-medium wp-image-371047\" src=\"https:\/\/i0.wp.com\/www.tribunaribeirao.com.br\/site\/wp-content\/uploads\/2024\/01\/4-Advogada-Paula-Diniz-0112-300x200.jpg?resize=300%2C200&#038;ssl=1\" alt=\"\" width=\"300\" height=\"200\" srcset=\"https:\/\/www.tribunaribeirao.com.br\/site\/wp-content\/uploads\/2024\/01\/4-Advogada-Paula-Diniz-0112-300x200.jpg 300w, https:\/\/www.tribunaribeirao.com.br\/site\/wp-content\/uploads\/2024\/01\/4-Advogada-Paula-Diniz-0112-1024x682.jpg 1024w, https:\/\/www.tribunaribeirao.com.br\/site\/wp-content\/uploads\/2024\/01\/4-Advogada-Paula-Diniz-0112-768x512.jpg 768w, https:\/\/www.tribunaribeirao.com.br\/site\/wp-content\/uploads\/2024\/01\/4-Advogada-Paula-Diniz-0112-1536x1024.jpg 1536w, https:\/\/www.tribunaribeirao.com.br\/site\/wp-content\/uploads\/2024\/01\/4-Advogada-Paula-Diniz-0112-480x320.jpg 480w, https:\/\/www.tribunaribeirao.com.br\/site\/wp-content\/uploads\/2024\/01\/4-Advogada-Paula-Diniz-0112-280x186.jpg 280w, https:\/\/www.tribunaribeirao.com.br\/site\/wp-content\/uploads\/2024\/01\/4-Advogada-Paula-Diniz-0112-1920x1280.jpg 1920w, https:\/\/www.tribunaribeirao.com.br\/site\/wp-content\/uploads\/2024\/01\/4-Advogada-Paula-Diniz-0112-960x640.jpg 960w, https:\/\/www.tribunaribeirao.com.br\/site\/wp-content\/uploads\/2024\/01\/4-Advogada-Paula-Diniz-0112-600x400.jpg 600w, https:\/\/www.tribunaribeirao.com.br\/site\/wp-content\/uploads\/2024\/01\/4-Advogada-Paula-Diniz-0112-585x390.jpg 585w, https:\/\/www.tribunaribeirao.com.br\/site\/wp-content\/uploads\/2024\/01\/4-Advogada-Paula-Diniz-0112-scaled.jpg 967w\" sizes=\"auto, (max-width: 300px) 100vw, 300px\"\/><\/noscript><figcaption id=\"caption-attachment-371047\" class=\"wp-caption-text\">A advogada Paula Diniz Silveira, especialista na \u00e1rea previdenci\u00e1ria: \u201cEsteja sempre atento\u201d (Renan Bin)<\/figcaption><\/figure>\n<p><span data-contrast=\"auto\">A advogada Paula Diniz Silveira, especialista na \u00e1rea previdenci\u00e1ria, explica que com a Reforma Previdenci\u00e1ria, todo os anos temos altera\u00e7\u00f5es dos requisitos para a concess\u00e3o das aposentadorias. \u201cIsso acontece pois estamos por passando por uma transi\u00e7\u00e3o das regras que foram alteradas com a Reforma\u201d, diz.<\/span><span data-ccp-props=\"{&quot;201341983&quot;:0,&quot;335559739&quot;:0,&quot;335559740&quot;:240}\">\u00a0<\/span><\/p>\n<p><span data-contrast=\"auto\">\u201c\u00c9 importante que voc\u00ea verifique como fica a sua situa\u00e7\u00e3o com as novas altera\u00e7\u00f5es, pois elas podem atrasar a sua aposentadoria, a cada ano, com as regras de transi\u00e7\u00e3o, temos um acr\u00e9scimo no tempo de contribui\u00e7\u00e3o e na idade, requisitos essenciais para aposentar. Esteja sempre atento\u201d, conclui.<\/span><span data-ccp-props=\"{&quot;201341983&quot;:0,&quot;335559739&quot;:0,&quot;335559740&quot;:240}\">\u00a0<\/span><\/p>\n<p><b><span data-contrast=\"auto\">Piso e teto previdenci\u00e1rio no INSS<\/span><\/b><span data-ccp-props=\"{&quot;201341983&quot;:0,&quot;335559739&quot;:0,&quot;335559740&quot;:240}\">\u00a0<\/span><\/p>\n<p><span data-contrast=\"auto\">Al\u00e9m das regras autom\u00e1ticas de transi\u00e7\u00e3o para aposentadoria estabelecidas na Reforma da Previd\u00eancia, outra mudan\u00e7a \u00e9 nos valores dos benef\u00edcios e aposentadorias pagas pelo INSS, que sofreram altera\u00e7\u00f5es.<\/span><span data-ccp-props=\"{&quot;201341983&quot;:0,&quot;335559739&quot;:0,&quot;335559740&quot;:240}\">\u00a0<\/span><\/p>\n<p><span data-contrast=\"auto\">O INSS come\u00e7ar\u00e1 a pagar os benef\u00edcios de janeiro agora no fim do m\u00eas. Para quem ganha um sal\u00e1rio m\u00ednimo, o pagamento da aposentadoria, pens\u00e3o ou aux\u00edlio ser\u00e1 feito entre 25 de janeiro e 7 de fevereiro. Quem recebe al\u00e9m do m\u00ednimo ter\u00e1 o benef\u00edcio depositado entre 1\u00ba e 7 de fevereiro.<\/span><span data-ccp-props=\"{&quot;201341983&quot;:0,&quot;335559739&quot;:0,&quot;335559740&quot;:240}\">\u00a0<\/span><\/p>\n<p><span data-contrast=\"auto\">Os benef\u00edcios atrelados ao sal\u00e1rio m\u00ednimo subir\u00e3o 6,97%, de R$ 1.320 para R$ 1.412, o valor m\u00ednimo da aposentadoria pelo INSS. Esse valor tamb\u00e9m \u00e9 chamado de piso previdenci\u00e1rio e se aplica a todos os benef\u00edcios do INSS como aposentadoria, aux\u00edlio-doen\u00e7a, pens\u00e3o por morte, etc.<\/span><span data-ccp-props=\"{&quot;201341983&quot;:0,&quot;335559739&quot;:0,&quot;335559740&quot;:240}\">\u00a0<\/span><\/p>\n<p><span data-contrast=\"auto\">A varia\u00e7\u00e3o do \u00edndice de reajuste corresponde \u00e0 pol\u00edtica corre\u00e7\u00e3o aprovada em agosto do ano passado, que prev\u00ea a reposi\u00e7\u00e3o da infla\u00e7\u00e3o pelo INPC do ano anterior, mais o crescimento do Produto Interno Bruto (PIB) de dois anos antes.<\/span><span data-ccp-props=\"{&quot;201341983&quot;:0,&quot;335559739&quot;:0,&quot;335559740&quot;:240}\">\u00a0<\/span><\/p>\n<p><b><span data-contrast=\"auto\">Teto \u2013 <\/span><\/b><span data-contrast=\"auto\">O reajuste para quem recebe acima do sal\u00e1rio m\u00ednimo, pelo INSS, foi 3,71%, que seguiu o \u00cdndice Nacional de Pre\u00e7os ao Consumidor (INPC) do ano passado, Com isso \u2013 o teto do INSS teve acr\u00e9scimo de R$ 278,52, passando de R$ 7.507,49 para R$ 7.786,01.<\/span><span data-ccp-props=\"{&quot;201341983&quot;:0,&quot;335559739&quot;:0,&quot;335559740&quot;:240}\">\u00a0<\/span><\/p>\n<p><span data-contrast=\"auto\">Al\u00e9m de corrigir os benef\u00edcios, o INPC tamb\u00e9m \u00e9 aplicado para reajustar as contribui\u00e7\u00f5es para a Previd\u00eancia Social, que sobem conforme o sal\u00e1rio. Quanto mais o trabalhador na ativa recebe, mais est\u00e1 sujeito a al\u00edquotas adicionais que elevam a contribui\u00e7\u00e3o.<\/span><span data-ccp-props=\"{&quot;201341983&quot;:0,&quot;335559739&quot;:0,&quot;335559740&quot;:240}\">\u00a0<\/span><\/p>\n<p><span data-ccp-props=\"{&quot;201341983&quot;:0,&quot;335559739&quot;:0,&quot;335559740&quot;:240}\">\u00a0<\/span><\/p>\n<\/div>\n<p><br \/>\n<br \/><a href=\"https:\/\/www.tribunaribeirao.com.br\/site\/o-que-muda-na-aposentadoria-em-2024\/\">Source link <\/a><\/p>\n<div class='code-block code-block-4' style='margin: 8px auto 8px 0; text-align: left; display: block; clear: both;'>\n\ud83d\udce2 Aviso Legal\n\nO site ismaelcolosi.com.br atua apenas como um canal de divulga\u00e7\u00e3o de oportunidades de emprego e n\u00e3o se responsabiliza pelo processo seletivo, contrata\u00e7\u00e3o ou qualquer outra etapa relacionada \u00e0s vagas publicadas. Todas as informa\u00e7\u00f5es s\u00e3o de responsabilidade dos anunciantes.\n\n\u26a0\ufe0f Aten\u00e7\u00e3o! Nunca pague por promessas de emprego nem compre cursos que garantam contrata\u00e7\u00e3o. Desconfie de qualquer cobran\u00e7a para participar de sele\u00e7\u00f5es.\n\n\n\n<\/div>\n<!-- CONTENT END 1 -->\n","protected":false},"excerpt":{"rendered":"<p>Quem est\u00e1 prestes a se aposentar precisa estar atento. A Reforma da Previd\u00eancia estabeleceu regras autom\u00e1ticas de transi\u00e7\u00e3o, que mudam a concess\u00e3o de benef\u00edcios a&#8230;<\/p>\n","protected":false},"author":1,"featured_media":31172,"comment_status":"open","ping_status":"open","sticky":false,"template":"","format":"standard","meta":{"_uag_custom_page_level_css":"","advanced_seo_description":"","jetpack_seo_html_title":"","jetpack_seo_noindex":false,"jetpack_post_was_ever_published":false,"_jetpack_newsletter_access":"","_jetpack_dont_email_post_to_subs":false,"_jetpack_newsletter_tier_id":0,"_jetpack_memberships_contains_paywalled_content":false,"_jetpack_memberships_contains_paid_content":false,"footnotes":"","jetpack_publicize_message":"","jetpack_publicize_feature_enabled":true,"jetpack_social_post_already_shared":true,"jetpack_social_options":{"image_generator_settings":{"template":"highway","default_image_id":0,"font":"","enabled":false},"version":2}},"categories":[11],"tags":[2809,3747],"class_list":["post-31171","post","type-post","status-publish","format-standard","has-post-thumbnail","hentry","category-noticias-de-ribeirao-preto-sp-e-regiao-ismael-colosi","tag-aposentadoria","tag-muda"],"jetpack_publicize_connections":[],"jetpack_featured_media_url":"https:\/\/i0.wp.com\/ismaelcolosi.com.br\/wp-content\/uploads\/2024\/01\/1-aposentadoria-1.png?fit=974%2C645&ssl=1","uagb_featured_image_src":{"full":["https:\/\/i0.wp.com\/ismaelcolosi.com.br\/wp-content\/uploads\/2024\/01\/1-aposentadoria-1.png?fit=974%2C645&ssl=1",974,645,false],"thumbnail":["https:\/\/i0.wp.com\/ismaelcolosi.com.br\/wp-content\/uploads\/2024\/01\/1-aposentadoria-1.png?resize=150%2C150&ssl=1",150,150,true],"medium":["https:\/\/i0.wp.com\/ismaelcolosi.com.br\/wp-content\/uploads\/2024\/01\/1-aposentadoria-1.png?fit=300%2C199&ssl=1",300,199,true],"medium_large":["https:\/\/i0.wp.com\/ismaelcolosi.com.br\/wp-content\/uploads\/2024\/01\/1-aposentadoria-1.png?fit=768%2C509&ssl=1",768,509,true],"large":["https:\/\/i0.wp.com\/ismaelcolosi.com.br\/wp-content\/uploads\/2024\/01\/1-aposentadoria-1.png?fit=974%2C645&ssl=1",974,645,true],"1536x1536":["https:\/\/i0.wp.com\/ismaelcolosi.com.br\/wp-content\/uploads\/2024\/01\/1-aposentadoria-1.png?fit=974%2C645&ssl=1",974,645,true],"2048x2048":["https:\/\/i0.wp.com\/ismaelcolosi.com.br\/wp-content\/uploads\/2024\/01\/1-aposentadoria-1.png?fit=974%2C645&ssl=1",974,645,true],"really-simple-thumb":["https:\/\/i0.wp.com\/ismaelcolosi.com.br\/wp-content\/uploads\/2024\/01\/1-aposentadoria-1.png?resize=370%2C247&ssl=1",370,247,true]},"uagb_author_info":{"display_name":"ismaelcolosi.com.br","author_link":"https:\/\/ismaelcolosi.com.br\/index.php\/author\/vidareal-online\/"},"uagb_comment_info":0,"uagb_excerpt":"Quem est\u00e1 prestes a se aposentar precisa estar atento. A Reforma da Previd\u00eancia estabeleceu regras autom\u00e1ticas de transi\u00e7\u00e3o, que mudam a concess\u00e3o de benef\u00edcios a...","jetpack-related-posts":[{"id":14153,"url":"https:\/\/ismaelcolosi.com.br\/index.php\/2023\/12\/11\/veja-o-que-muda-nas-regras-para-aposentadoria-em-2024\/","url_meta":{"origin":31171,"position":0},"title":"Veja o que muda nas regras para aposentadoria em 2024","author":"ismaelcolosi.com.br","date":"11 de December de 2023","format":false,"excerpt":"A cada ano que passa, a perspectiva da aposentadoria se afasta ainda mais. Os trabalhadores que almejam se aposentar em 2024 devem estar atentos \u00e0s diretrizes estabelecidas pela reforma da Previd\u00eancia, as quais impactam, entre outros aspectos, o aumento da idade m\u00ednima e do per\u00edodo de contribui\u00e7\u00e3o. Cr\u00e9ditos: Ag\u00eancia Brasil\/Marcello\u2026","rel":"","context":"In &quot;Variedades&quot;","block_context":{"text":"Variedades","link":"https:\/\/ismaelcolosi.com.br\/index.php\/category\/variedades\/"},"img":{"alt_text":"","src":"https:\/\/i0.wp.com\/ismaelcolosi.com.br\/wp-content\/uploads\/2023\/12\/1702332484_a-melhor-noticia-para-quem-aguarda-pericia-no-inss-acaba-de-chegar.jpg?fit=1200%2C638&ssl=1&resize=350%2C200","width":350,"height":200,"srcset":"https:\/\/i0.wp.com\/ismaelcolosi.com.br\/wp-content\/uploads\/2023\/12\/1702332484_a-melhor-noticia-para-quem-aguarda-pericia-no-inss-acaba-de-chegar.jpg?fit=1200%2C638&ssl=1&resize=350%2C200 1x, https:\/\/i0.wp.com\/ismaelcolosi.com.br\/wp-content\/uploads\/2023\/12\/1702332484_a-melhor-noticia-para-quem-aguarda-pericia-no-inss-acaba-de-chegar.jpg?fit=1200%2C638&ssl=1&resize=525%2C300 1.5x, https:\/\/i0.wp.com\/ismaelcolosi.com.br\/wp-content\/uploads\/2023\/12\/1702332484_a-melhor-noticia-para-quem-aguarda-pericia-no-inss-acaba-de-chegar.jpg?fit=1200%2C638&ssl=1&resize=700%2C400 2x, https:\/\/i0.wp.com\/ismaelcolosi.com.br\/wp-content\/uploads\/2023\/12\/1702332484_a-melhor-noticia-para-quem-aguarda-pericia-no-inss-acaba-de-chegar.jpg?fit=1200%2C638&ssl=1&resize=1050%2C600 3x"},"classes":[]},{"id":17778,"url":"https:\/\/ismaelcolosi.com.br\/index.php\/2023\/12\/19\/aposentar-se-em-2024-sera-mais-dificil-veja-o-que-muda\/","url_meta":{"origin":31171,"position":1},"title":"Aposentar-se em 2024 ser\u00e1 mais dif\u00edcil? Veja o que muda","author":"ismaelcolosi.com.br","date":"19 de December de 2023","format":false,"excerpt":"A cada ano que passa, a perspectiva da aposentadoria se afasta ainda mais. Os trabalhadores que almejam se aposentar em 2024 devem estar atentos \u00e0s diretrizes estabelecidas pela reforma da Previd\u00eancia, as quais impactam, entre outros aspectos, o aumento da idade m\u00ednima e do per\u00edodo de contribui\u00e7\u00e3o. Cr\u00e9ditos: Jos\u00e9 Cruz\/Ag\u00eancia\u2026","rel":"","context":"In &quot;Variedades&quot;","block_context":{"text":"Variedades","link":"https:\/\/ismaelcolosi.com.br\/index.php\/category\/variedades\/"},"img":{"alt_text":"","src":"https:\/\/i0.wp.com\/ismaelcolosi.com.br\/wp-content\/uploads\/2023\/12\/inss-governo-2.jpg?fit=1200%2C638&ssl=1&resize=350%2C200","width":350,"height":200,"srcset":"https:\/\/i0.wp.com\/ismaelcolosi.com.br\/wp-content\/uploads\/2023\/12\/inss-governo-2.jpg?fit=1200%2C638&ssl=1&resize=350%2C200 1x, https:\/\/i0.wp.com\/ismaelcolosi.com.br\/wp-content\/uploads\/2023\/12\/inss-governo-2.jpg?fit=1200%2C638&ssl=1&resize=525%2C300 1.5x, https:\/\/i0.wp.com\/ismaelcolosi.com.br\/wp-content\/uploads\/2023\/12\/inss-governo-2.jpg?fit=1200%2C638&ssl=1&resize=700%2C400 2x, https:\/\/i0.wp.com\/ismaelcolosi.com.br\/wp-content\/uploads\/2023\/12\/inss-governo-2.jpg?fit=1200%2C638&ssl=1&resize=1050%2C600 3x"},"classes":[]},{"id":14522,"url":"https:\/\/ismaelcolosi.com.br\/index.php\/2023\/12\/12\/regras-para-se-aposentar-pelo-inss-ficarao-mais-rigidas-em-2024\/","url_meta":{"origin":31171,"position":2},"title":"Regras para se aposentar pelo INSS ficar\u00e3o mais r\u00edgidas em 2024","author":"ismaelcolosi.com.br","date":"12 de December de 2023","format":false,"excerpt":"A cada ano que passa, a perspectiva da aposentadoria se afasta ainda mais. Os trabalhadores que almejam se aposentar em 2024 devem estar atentos \u00e0s diretrizes estabelecidas pela reforma da Previd\u00eancia, as quais impactam, entre outros aspectos, o aumento da idade m\u00ednima e do per\u00edodo de contribui\u00e7\u00e3o. Cr\u00e9ditos: Ag\u00eancia Brasil\/Marcello\u2026","rel":"","context":"In &quot;Variedades&quot;","block_context":{"text":"Variedades","link":"https:\/\/ismaelcolosi.com.br\/index.php\/category\/variedades\/"},"img":{"alt_text":"","src":"https:\/\/i0.wp.com\/ismaelcolosi.com.br\/wp-content\/uploads\/2023\/12\/concurso-inss.jpg?fit=1200%2C638&ssl=1&resize=350%2C200","width":350,"height":200,"srcset":"https:\/\/i0.wp.com\/ismaelcolosi.com.br\/wp-content\/uploads\/2023\/12\/concurso-inss.jpg?fit=1200%2C638&ssl=1&resize=350%2C200 1x, https:\/\/i0.wp.com\/ismaelcolosi.com.br\/wp-content\/uploads\/2023\/12\/concurso-inss.jpg?fit=1200%2C638&ssl=1&resize=525%2C300 1.5x, https:\/\/i0.wp.com\/ismaelcolosi.com.br\/wp-content\/uploads\/2023\/12\/concurso-inss.jpg?fit=1200%2C638&ssl=1&resize=700%2C400 2x, https:\/\/i0.wp.com\/ismaelcolosi.com.br\/wp-content\/uploads\/2023\/12\/concurso-inss.jpg?fit=1200%2C638&ssl=1&resize=1050%2C600 3x"},"classes":[]},{"id":15152,"url":"https:\/\/ismaelcolosi.com.br\/index.php\/2023\/12\/13\/novas-regras-para-aposentadoria-comecam-a-valer-em-2024\/","url_meta":{"origin":31171,"position":3},"title":"Novas regras para aposentadoria come\u00e7am a valer em 2024","author":"ismaelcolosi.com.br","date":"13 de December de 2023","format":false,"excerpt":"A cada ano que passa, a perspectiva da aposentadoria se afasta ainda mais. Os trabalhadores que almejam se aposentar em 2024 devem estar atentos \u00e0s diretrizes estabelecidas pela reforma da Previd\u00eancia, as quais impactam, entre outros aspectos, o aumento da idade m\u00ednima e do per\u00edodo de contribui\u00e7\u00e3o. Cr\u00e9ditos: Reprodu\u00e7\u00e3o\/Gov.brINSS: Novas\u2026","rel":"","context":"In &quot;Variedades&quot;","block_context":{"text":"Variedades","link":"https:\/\/ismaelcolosi.com.br\/index.php\/category\/variedades\/"},"img":{"alt_text":"","src":"https:\/\/i0.wp.com\/ismaelcolosi.com.br\/wp-content\/uploads\/2023\/12\/1702459971_a-melhor-noticia-para-aposentados-do-inss-acaba-de-chegar-1.jpeg?fit=1200%2C638&ssl=1&resize=350%2C200","width":350,"height":200,"srcset":"https:\/\/i0.wp.com\/ismaelcolosi.com.br\/wp-content\/uploads\/2023\/12\/1702459971_a-melhor-noticia-para-aposentados-do-inss-acaba-de-chegar-1.jpeg?fit=1200%2C638&ssl=1&resize=350%2C200 1x, https:\/\/i0.wp.com\/ismaelcolosi.com.br\/wp-content\/uploads\/2023\/12\/1702459971_a-melhor-noticia-para-aposentados-do-inss-acaba-de-chegar-1.jpeg?fit=1200%2C638&ssl=1&resize=525%2C300 1.5x, https:\/\/i0.wp.com\/ismaelcolosi.com.br\/wp-content\/uploads\/2023\/12\/1702459971_a-melhor-noticia-para-aposentados-do-inss-acaba-de-chegar-1.jpeg?fit=1200%2C638&ssl=1&resize=700%2C400 2x, https:\/\/i0.wp.com\/ismaelcolosi.com.br\/wp-content\/uploads\/2023\/12\/1702459971_a-melhor-noticia-para-aposentados-do-inss-acaba-de-chegar-1.jpeg?fit=1200%2C638&ssl=1&resize=1050%2C600 3x"},"classes":[]},{"id":18014,"url":"https:\/\/ismaelcolosi.com.br\/index.php\/2023\/12\/19\/nao-seja-pego-de-surpresa-pelas-novas-regras-para-aposentadoria-confira\/","url_meta":{"origin":31171,"position":4},"title":"N\u00e3o seja pego de surpresa pelas novas regras para aposentadoria; confira","author":"ismaelcolosi.com.br","date":"19 de December de 2023","format":false,"excerpt":"A cada ano que passa, a perspectiva da aposentadoria se afasta ainda mais. Os trabalhadores que almejam se aposentar em 2024 devem estar atentos \u00e0s diretrizes estabelecidas pela reforma da Previd\u00eancia, as quais impactam, entre outros aspectos, o aumento da idade m\u00ednima e do per\u00edodo de contribui\u00e7\u00e3o para o INSS.\u2026","rel":"","context":"In &quot;Variedades&quot;","block_context":{"text":"Variedades","link":"https:\/\/ismaelcolosi.com.br\/index.php\/category\/variedades\/"},"img":{"alt_text":"","src":"https:\/\/i0.wp.com\/ismaelcolosi.com.br\/wp-content\/uploads\/2023\/12\/1703010391_inss-libera-r-18-bilhao-para-beneficiarios-veja-se-voce-vai-receber.png?fit=1200%2C638&ssl=1&resize=350%2C200","width":350,"height":200,"srcset":"https:\/\/i0.wp.com\/ismaelcolosi.com.br\/wp-content\/uploads\/2023\/12\/1703010391_inss-libera-r-18-bilhao-para-beneficiarios-veja-se-voce-vai-receber.png?fit=1200%2C638&ssl=1&resize=350%2C200 1x, https:\/\/i0.wp.com\/ismaelcolosi.com.br\/wp-content\/uploads\/2023\/12\/1703010391_inss-libera-r-18-bilhao-para-beneficiarios-veja-se-voce-vai-receber.png?fit=1200%2C638&ssl=1&resize=525%2C300 1.5x, https:\/\/i0.wp.com\/ismaelcolosi.com.br\/wp-content\/uploads\/2023\/12\/1703010391_inss-libera-r-18-bilhao-para-beneficiarios-veja-se-voce-vai-receber.png?fit=1200%2C638&ssl=1&resize=700%2C400 2x, https:\/\/i0.wp.com\/ismaelcolosi.com.br\/wp-content\/uploads\/2023\/12\/1703010391_inss-libera-r-18-bilhao-para-beneficiarios-veja-se-voce-vai-receber.png?fit=1200%2C638&ssl=1&resize=1050%2C600 3x"},"classes":[]},{"id":17331,"url":"https:\/\/ismaelcolosi.com.br\/index.php\/2023\/12\/18\/aposentadoria-mais-dificil-em-2024-conheca-as-mudancas-do-inss\/","url_meta":{"origin":31171,"position":5},"title":"Aposentadoria mais dif\u00edcil em 2024! Conhe\u00e7a as mudan\u00e7as do INSS","author":"ismaelcolosi.com.br","date":"18 de December de 2023","format":false,"excerpt":"A cada ano que passa, a perspectiva da aposentadoria se afasta ainda mais. Os trabalhadores que almejam se aposentar em 2024 devem estar atentos \u00e0s diretrizes estabelecidas pela reforma da Previd\u00eancia, as quais impactam, entre outros aspectos, o aumento da idade m\u00ednima e do per\u00edodo de contribui\u00e7\u00e3o. Cr\u00e9ditos: Reprodu\u00e7\u00e3o\/Gov.brINSS: Novas\u2026","rel":"","context":"In &quot;Variedades&quot;","block_context":{"text":"Variedades","link":"https:\/\/ismaelcolosi.com.br\/index.php\/category\/variedades\/"},"img":{"alt_text":"","src":"https:\/\/i0.wp.com\/ismaelcolosi.com.br\/wp-content\/uploads\/2023\/12\/1702895001_a-melhor-noticia-para-aposentados-do-inss-acaba-de-chegar-1.jpeg?fit=1200%2C638&ssl=1&resize=350%2C200","width":350,"height":200,"srcset":"https:\/\/i0.wp.com\/ismaelcolosi.com.br\/wp-content\/uploads\/2023\/12\/1702895001_a-melhor-noticia-para-aposentados-do-inss-acaba-de-chegar-1.jpeg?fit=1200%2C638&ssl=1&resize=350%2C200 1x, https:\/\/i0.wp.com\/ismaelcolosi.com.br\/wp-content\/uploads\/2023\/12\/1702895001_a-melhor-noticia-para-aposentados-do-inss-acaba-de-chegar-1.jpeg?fit=1200%2C638&ssl=1&resize=525%2C300 1.5x, https:\/\/i0.wp.com\/ismaelcolosi.com.br\/wp-content\/uploads\/2023\/12\/1702895001_a-melhor-noticia-para-aposentados-do-inss-acaba-de-chegar-1.jpeg?fit=1200%2C638&ssl=1&resize=700%2C400 2x, https:\/\/i0.wp.com\/ismaelcolosi.com.br\/wp-content\/uploads\/2023\/12\/1702895001_a-melhor-noticia-para-aposentados-do-inss-acaba-de-chegar-1.jpeg?fit=1200%2C638&ssl=1&resize=1050%2C600 3x"},"classes":[]}],"jetpack_sharing_enabled":true,"jetpack_shortlink":"https:\/\/wp.me\/pfMlyK-86L","_links":{"self":[{"href":"https:\/\/ismaelcolosi.com.br\/index.php\/wp-json\/wp\/v2\/posts\/31171","targetHints":{"allow":["GET"]}}],"collection":[{"href":"https:\/\/ismaelcolosi.com.br\/index.php\/wp-json\/wp\/v2\/posts"}],"about":[{"href":"https:\/\/ismaelcolosi.com.br\/index.php\/wp-json\/wp\/v2\/types\/post"}],"author":[{"embeddable":true,"href":"https:\/\/ismaelcolosi.com.br\/index.php\/wp-json\/wp\/v2\/users\/1"}],"replies":[{"embeddable":true,"href":"https:\/\/ismaelcolosi.com.br\/index.php\/wp-json\/wp\/v2\/comments?post=31171"}],"version-history":[{"count":0,"href":"https:\/\/ismaelcolosi.com.br\/index.php\/wp-json\/wp\/v2\/posts\/31171\/revisions"}],"wp:featuredmedia":[{"embeddable":true,"href":"https:\/\/ismaelcolosi.com.br\/index.php\/wp-json\/wp\/v2\/media\/31172"}],"wp:attachment":[{"href":"https:\/\/ismaelcolosi.com.br\/index.php\/wp-json\/wp\/v2\/media?parent=31171"}],"wp:term":[{"taxonomy":"category","embeddable":true,"href":"https:\/\/ismaelcolosi.com.br\/index.php\/wp-json\/wp\/v2\/categories?post=31171"},{"taxonomy":"post_tag","embeddable":true,"href":"https:\/\/ismaelcolosi.com.br\/index.php\/wp-json\/wp\/v2\/tags?post=31171"}],"curies":[{"name":"wp","href":"https:\/\/api.w.org\/{rel}","templated":true}]}}