{"id":31023,"date":"2024-01-20T18:48:53","date_gmt":"2024-01-20T21:48:53","guid":{"rendered":"https:\/\/ismaelcolosi.com.br\/index.php\/2024\/01\/20\/10-carros-novos-mais-vendidos-do-brasil-em-dezembro-de-2023-lista-10\/"},"modified":"2024-01-20T18:48:53","modified_gmt":"2024-01-20T21:48:53","slug":"10-carros-novos-mais-vendidos-do-brasil-em-dezembro-de-2023-lista-10","status":"publish","type":"post","link":"https:\/\/ismaelcolosi.com.br\/index.php\/2024\/01\/20\/10-carros-novos-mais-vendidos-do-brasil-em-dezembro-de-2023-lista-10\/","title":{"rendered":"10 carros novos mais vendidos do Brasil em dezembro de 2023 \u2013 Lista 10"},"content":{"rendered":"<p> <br \/>\n<\/p>\n<div>\n\t\t\t<!-- Post Meta Data --><\/p>\n<div class=\"postmetadata\">\n<h6 class=\"blog-date\">&#13;<br \/>\n\t\t\t\t\t\t<i class=\"ti-calendar\"\/>&#13;<br \/>\n\t\t\t\t\t\t19 de janeiro de 2024\t\t\t\t\t<\/h6>\n<h6 class=\"blog-cat\">&#13;<br \/>\n\t\t\t\t\t\t<i class=\"ti-folder\"\/>&#13;<br \/>\n\t\t\t\t\t\tCarros &#13;<br \/>\n\t\t\t\t\t<\/h6>\n<h6 class=\"blog-views\">&#13;<br \/>\n\t\t\t\t\t\t<i class=\"wn-far wn-fa-eye\"\/>&#13;<br \/>\n\t\t\t\t\t\t<span>0<\/span>&#13;<br \/>\n\t\t\t\t\t<\/h6>\n<\/p><div class='code-block code-block-8' style='margin: 8px auto; text-align: center; display: block; clear: both;'>\n<script>\n  atOptions = {\n    'key' : '66e2e2111ca34da796271819fc334058',\n    'format' : 'iframe',\n    'height' : 250,\n    'width' : 300,\n    'params' : {}\n  };\n<\/script>\n<script src=\"https:\/\/www.highperformanceformat.com\/66e2e2111ca34da796271819fc334058\/invoke.js\"><\/script>\n<\/div>\n<\/div>\n<p>\t\t\t\t\t\t\t<!-- Post Meta Author --><\/p>\n<p>\t\t\t\t\t<!-- block quote --><\/p>\n<p>J\u00e1 vamos dar um spoiler que foi um modelo da Volkswagen que liderou essa lista como o carro mais vendido. Confira agora os 10 carros novos mais vendidos do Brasil em dezembro de 2023.<\/p>\n<p><strong>10. Chevrolet Onix Plus <\/strong><br \/>Venda: 6.375<\/p>\n<figure class=\"wp-block-image size-large\"><img data-recalc-dims=\"1\" decoding=\"async\" loading=\"lazy\" width=\"1024\" height=\"563\" alt=\"\" srcset=\"https:\/\/lista10.org\/wp-content\/uploads\/2024\/01\/Chevrolet-Onix-Plus-2023-4-1024x563.jpg 1024w, https:\/\/lista10.org\/wp-content\/uploads\/2024\/01\/Chevrolet-Onix-Plus-2023-4-300x165.jpg 300w, https:\/\/lista10.org\/wp-content\/uploads\/2024\/01\/Chevrolet-Onix-Plus-2023-4-768x422.jpg 768w, https:\/\/lista10.org\/wp-content\/uploads\/2024\/01\/Chevrolet-Onix-Plus-2023-4.jpg 1200w\" src=\"https:\/\/i0.wp.com\/lista10.org\/wp-content\/uploads\/2024\/01\/Chevrolet-Onix-Plus-2023-4-1024x563.jpg?resize=1024%2C563&#038;ssl=1\" data-sizes=\"(max-width: 1024px) 100vw, 1024px\" class=\"wp-image-40252 lazyload\"\/><noscript><img data-recalc-dims=\"1\" decoding=\"async\" loading=\"lazy\" width=\"1024\" height=\"563\" src=\"https:\/\/i0.wp.com\/lista10.org\/wp-content\/uploads\/2024\/01\/Chevrolet-Onix-Plus-2023-4-1024x563.jpg?resize=1024%2C563&#038;ssl=1\" alt=\"\" class=\"wp-image-40252\" srcset=\"https:\/\/lista10.org\/wp-content\/uploads\/2024\/01\/Chevrolet-Onix-Plus-2023-4-1024x563.jpg 1024w, https:\/\/lista10.org\/wp-content\/uploads\/2024\/01\/Chevrolet-Onix-Plus-2023-4-300x165.jpg 300w, https:\/\/lista10.org\/wp-content\/uploads\/2024\/01\/Chevrolet-Onix-Plus-2023-4-768x422.jpg 768w, https:\/\/lista10.org\/wp-content\/uploads\/2024\/01\/Chevrolet-Onix-Plus-2023-4.jpg 1200w\" sizes=\"auto, (max-width: 1024px) 100vw, 1024px\"\/><\/noscript><\/figure>\n<p><strong>9. Chevrolet Tracker<\/strong><br \/>Venda: 6.769<\/p>\n<figure class=\"wp-block-image size-large\"><img data-recalc-dims=\"1\" decoding=\"async\" loading=\"lazy\" width=\"1024\" height=\"512\" alt=\"\" srcset=\"https:\/\/lista10.org\/wp-content\/uploads\/2024\/01\/1-1024x512.jpg 1024w, https:\/\/lista10.org\/wp-content\/uploads\/2024\/01\/1-300x150.jpg 300w, https:\/\/lista10.org\/wp-content\/uploads\/2024\/01\/1-768x384.jpg 768w, https:\/\/lista10.org\/wp-content\/uploads\/2024\/01\/1-1536x768.jpg 1536w, https:\/\/lista10.org\/wp-content\/uploads\/2024\/01\/1.jpg 1920w\" src=\"https:\/\/i0.wp.com\/lista10.org\/wp-content\/uploads\/2024\/01\/1-1024x512.jpg?resize=1024%2C512&#038;ssl=1\" data-sizes=\"(max-width: 1024px) 100vw, 1024px\" class=\"wp-image-40253 lazyload\"\/><noscript><img data-recalc-dims=\"1\" decoding=\"async\" loading=\"lazy\" width=\"1024\" height=\"512\" src=\"https:\/\/i0.wp.com\/lista10.org\/wp-content\/uploads\/2024\/01\/1-1024x512.jpg?resize=1024%2C512&#038;ssl=1\" alt=\"\" class=\"wp-image-40253\" srcset=\"https:\/\/lista10.org\/wp-content\/uploads\/2024\/01\/1-1024x512.jpg 1024w, https:\/\/lista10.org\/wp-content\/uploads\/2024\/01\/1-300x150.jpg 300w, https:\/\/lista10.org\/wp-content\/uploads\/2024\/01\/1-768x384.jpg 768w, https:\/\/lista10.org\/wp-content\/uploads\/2024\/01\/1-1536x768.jpg 1536w, https:\/\/lista10.org\/wp-content\/uploads\/2024\/01\/1.jpg 1920w\" sizes=\"auto, (max-width: 1024px) 100vw, 1024px\"\/><\/noscript><\/figure>\n<p><strong>8. Fiat Mobi<\/strong><br \/>Venda: 7.395<\/p>\n<figure class=\"wp-block-image size-large\"><img data-recalc-dims=\"1\" decoding=\"async\" loading=\"lazy\" width=\"640\" height=\"360\" alt=\"\" srcset=\"https:\/\/lista10.org\/wp-content\/uploads\/2024\/01\/fiat_mobi_trekking_2023_3d_model_c4d_max_obj_fbx_ma_lwo_3ds_3dm_stl_4598617.jpg 640w, https:\/\/lista10.org\/wp-content\/uploads\/2024\/01\/fiat_mobi_trekking_2023_3d_model_c4d_max_obj_fbx_ma_lwo_3ds_3dm_stl_4598617-300x169.jpg 300w\" src=\"https:\/\/i0.wp.com\/lista10.org\/wp-content\/uploads\/2024\/01\/fiat_mobi_trekking_2023_3d_model_c4d_max_obj_fbx_ma_lwo_3ds_3dm_stl_4598617.jpg?resize=640%2C360&#038;ssl=1\" data-sizes=\"(max-width: 640px) 100vw, 640px\" class=\"wp-image-40254 lazyload\"\/><noscript><img data-recalc-dims=\"1\" decoding=\"async\" loading=\"lazy\" width=\"640\" height=\"360\" src=\"https:\/\/i0.wp.com\/lista10.org\/wp-content\/uploads\/2024\/01\/fiat_mobi_trekking_2023_3d_model_c4d_max_obj_fbx_ma_lwo_3ds_3dm_stl_4598617.jpg?resize=640%2C360&#038;ssl=1\" alt=\"\" class=\"wp-image-40254\" srcset=\"https:\/\/lista10.org\/wp-content\/uploads\/2024\/01\/fiat_mobi_trekking_2023_3d_model_c4d_max_obj_fbx_ma_lwo_3ds_3dm_stl_4598617.jpg 640w, https:\/\/lista10.org\/wp-content\/uploads\/2024\/01\/fiat_mobi_trekking_2023_3d_model_c4d_max_obj_fbx_ma_lwo_3ds_3dm_stl_4598617-300x169.jpg 300w\" sizes=\"auto, (max-width: 640px) 100vw, 640px\"\/><\/noscript><\/figure>\n<p><strong>7. Volkswagen T-Cross <\/strong><br \/>Venda: 7.792<\/p>\n<figure class=\"wp-block-image size-large\"><img data-recalc-dims=\"1\" decoding=\"async\" loading=\"lazy\" width=\"1024\" height=\"576\" alt=\"\" srcset=\"https:\/\/lista10.org\/wp-content\/uploads\/2024\/01\/T-Cross-2023.jpg 1024w, https:\/\/lista10.org\/wp-content\/uploads\/2024\/01\/T-Cross-2023-300x169.jpg 300w, https:\/\/lista10.org\/wp-content\/uploads\/2024\/01\/T-Cross-2023-768x432.jpg 768w\" src=\"https:\/\/i0.wp.com\/lista10.org\/wp-content\/uploads\/2024\/01\/T-Cross-2023.jpg?resize=1024%2C576&#038;ssl=1\" data-sizes=\"(max-width: 1024px) 100vw, 1024px\" class=\"wp-image-40255 lazyload\"\/><noscript><img data-recalc-dims=\"1\" decoding=\"async\" loading=\"lazy\" width=\"1024\" height=\"576\" src=\"https:\/\/i0.wp.com\/lista10.org\/wp-content\/uploads\/2024\/01\/T-Cross-2023.jpg?resize=1024%2C576&#038;ssl=1\" alt=\"\" class=\"wp-image-40255\" srcset=\"https:\/\/lista10.org\/wp-content\/uploads\/2024\/01\/T-Cross-2023.jpg 1024w, https:\/\/lista10.org\/wp-content\/uploads\/2024\/01\/T-Cross-2023-300x169.jpg 300w, https:\/\/lista10.org\/wp-content\/uploads\/2024\/01\/T-Cross-2023-768x432.jpg 768w\" sizes=\"auto, (max-width: 1024px) 100vw, 1024px\"\/><\/noscript><\/figure>\n<p><strong>6. Renault Kwid <\/strong><br \/>Venda: 8.084<\/p>\n<figure class=\"wp-block-image size-large\"><img data-recalc-dims=\"1\" decoding=\"async\" loading=\"lazy\" width=\"1024\" height=\"614\" alt=\"\" srcset=\"https:\/\/lista10.org\/wp-content\/uploads\/2024\/01\/Renault-Kwid-Outsider_2-1024x614.jpg 1024w, https:\/\/lista10.org\/wp-content\/uploads\/2024\/01\/Renault-Kwid-Outsider_2-300x180.jpg 300w, https:\/\/lista10.org\/wp-content\/uploads\/2024\/01\/Renault-Kwid-Outsider_2-768x461.jpg 768w, https:\/\/lista10.org\/wp-content\/uploads\/2024\/01\/Renault-Kwid-Outsider_2.jpg 1280w\" src=\"https:\/\/i0.wp.com\/lista10.org\/wp-content\/uploads\/2024\/01\/Renault-Kwid-Outsider_2-1024x614.jpg?resize=1024%2C614&#038;ssl=1\" data-sizes=\"(max-width: 1024px) 100vw, 1024px\" class=\"wp-image-40257 lazyload\"\/><noscript><img data-recalc-dims=\"1\" decoding=\"async\" loading=\"lazy\" width=\"1024\" height=\"614\" src=\"https:\/\/i0.wp.com\/lista10.org\/wp-content\/uploads\/2024\/01\/Renault-Kwid-Outsider_2-1024x614.jpg?resize=1024%2C614&#038;ssl=1\" alt=\"\" class=\"wp-image-40257\" srcset=\"https:\/\/lista10.org\/wp-content\/uploads\/2024\/01\/Renault-Kwid-Outsider_2-1024x614.jpg 1024w, https:\/\/lista10.org\/wp-content\/uploads\/2024\/01\/Renault-Kwid-Outsider_2-300x180.jpg 300w, https:\/\/lista10.org\/wp-content\/uploads\/2024\/01\/Renault-Kwid-Outsider_2-768x461.jpg 768w, https:\/\/lista10.org\/wp-content\/uploads\/2024\/01\/Renault-Kwid-Outsider_2.jpg 1280w\" sizes=\"auto, (max-width: 1024px) 100vw, 1024px\"\/><\/noscript><\/figure>\n<p><strong>5. Hyundai Creta<\/strong><br \/>Venda: 8.579<\/p>\n<figure class=\"wp-block-image size-large\"><img data-recalc-dims=\"1\" decoding=\"async\" loading=\"lazy\" width=\"768\" height=\"513\" alt=\"\" srcset=\"https:\/\/lista10.org\/wp-content\/uploads\/2024\/01\/fl_progressivef_jpgq_50w_768-1.jpg 768w, https:\/\/lista10.org\/wp-content\/uploads\/2024\/01\/fl_progressivef_jpgq_50w_768-1-300x200.jpg 300w\" src=\"https:\/\/i0.wp.com\/lista10.org\/wp-content\/uploads\/2024\/01\/fl_progressivef_jpgq_50w_768-1.jpg?resize=768%2C513&#038;ssl=1\" data-sizes=\"(max-width: 768px) 100vw, 768px\" class=\"wp-image-40258 lazyload\"\/><noscript><img data-recalc-dims=\"1\" decoding=\"async\" loading=\"lazy\" width=\"768\" height=\"513\" src=\"https:\/\/i0.wp.com\/lista10.org\/wp-content\/uploads\/2024\/01\/fl_progressivef_jpgq_50w_768-1.jpg?resize=768%2C513&#038;ssl=1\" alt=\"\" class=\"wp-image-40258\" srcset=\"https:\/\/lista10.org\/wp-content\/uploads\/2024\/01\/fl_progressivef_jpgq_50w_768-1.jpg 768w, https:\/\/lista10.org\/wp-content\/uploads\/2024\/01\/fl_progressivef_jpgq_50w_768-1-300x200.jpg 300w\" sizes=\"auto, (max-width: 768px) 100vw, 768px\"\/><\/noscript><\/figure>\n<p><strong>4. Hyundai HB20<\/strong><br \/>Venda: 9.627<\/p>\n<figure class=\"wp-block-image size-large\"><img data-recalc-dims=\"1\" decoding=\"async\" loading=\"lazy\" width=\"1024\" height=\"576\" alt=\"\" srcset=\"https:\/\/lista10.org\/wp-content\/uploads\/2024\/01\/novo-hyundai-hb20-chega-a-colombia-1024x576.jpg 1024w, https:\/\/lista10.org\/wp-content\/uploads\/2024\/01\/novo-hyundai-hb20-chega-a-colombia-300x169.jpg 300w, https:\/\/lista10.org\/wp-content\/uploads\/2024\/01\/novo-hyundai-hb20-chega-a-colombia-768x432.jpg 768w, https:\/\/lista10.org\/wp-content\/uploads\/2024\/01\/novo-hyundai-hb20-chega-a-colombia.jpg 1280w\" src=\"https:\/\/i0.wp.com\/lista10.org\/wp-content\/uploads\/2024\/01\/novo-hyundai-hb20-chega-a-colombia-1024x576.jpg?resize=1024%2C576&#038;ssl=1\" data-sizes=\"(max-width: 1024px) 100vw, 1024px\" class=\"wp-image-40259 lazyload\"\/><noscript><img data-recalc-dims=\"1\" decoding=\"async\" loading=\"lazy\" width=\"1024\" height=\"576\" src=\"https:\/\/i0.wp.com\/lista10.org\/wp-content\/uploads\/2024\/01\/novo-hyundai-hb20-chega-a-colombia-1024x576.jpg?resize=1024%2C576&#038;ssl=1\" alt=\"\" class=\"wp-image-40259\" srcset=\"https:\/\/lista10.org\/wp-content\/uploads\/2024\/01\/novo-hyundai-hb20-chega-a-colombia-1024x576.jpg 1024w, https:\/\/lista10.org\/wp-content\/uploads\/2024\/01\/novo-hyundai-hb20-chega-a-colombia-300x169.jpg 300w, https:\/\/lista10.org\/wp-content\/uploads\/2024\/01\/novo-hyundai-hb20-chega-a-colombia-768x432.jpg 768w, https:\/\/lista10.org\/wp-content\/uploads\/2024\/01\/novo-hyundai-hb20-chega-a-colombia.jpg 1280w\" sizes=\"auto, (max-width: 1024px) 100vw, 1024px\"\/><\/noscript><\/figure>\n<p><strong>3. Fiat Strada<\/strong><br \/>Venda: 10.573<\/p>\n<figure class=\"wp-block-image size-large\"><img data-recalc-dims=\"1\" decoding=\"async\" loading=\"lazy\" width=\"1024\" height=\"538\" alt=\"\" srcset=\"https:\/\/lista10.org\/wp-content\/uploads\/2024\/01\/Fiat-Strada-2023-1024x538.jpg 1024w, https:\/\/lista10.org\/wp-content\/uploads\/2024\/01\/Fiat-Strada-2023-300x158.jpg 300w, https:\/\/lista10.org\/wp-content\/uploads\/2024\/01\/Fiat-Strada-2023-768x403.jpg 768w, https:\/\/lista10.org\/wp-content\/uploads\/2024\/01\/Fiat-Strada-2023.jpg 1200w\" src=\"https:\/\/i0.wp.com\/lista10.org\/wp-content\/uploads\/2024\/01\/Fiat-Strada-2023-1024x538.jpg?resize=1024%2C538&#038;ssl=1\" data-sizes=\"(max-width: 1024px) 100vw, 1024px\" class=\"wp-image-40260 lazyload\"\/><noscript><img data-recalc-dims=\"1\" decoding=\"async\" loading=\"lazy\" width=\"1024\" height=\"538\" src=\"https:\/\/i0.wp.com\/lista10.org\/wp-content\/uploads\/2024\/01\/Fiat-Strada-2023-1024x538.jpg?resize=1024%2C538&#038;ssl=1\" alt=\"\" class=\"wp-image-40260\" srcset=\"https:\/\/lista10.org\/wp-content\/uploads\/2024\/01\/Fiat-Strada-2023-1024x538.jpg 1024w, https:\/\/lista10.org\/wp-content\/uploads\/2024\/01\/Fiat-Strada-2023-300x158.jpg 300w, https:\/\/lista10.org\/wp-content\/uploads\/2024\/01\/Fiat-Strada-2023-768x403.jpg 768w, https:\/\/lista10.org\/wp-content\/uploads\/2024\/01\/Fiat-Strada-2023.jpg 1200w\" sizes=\"auto, (max-width: 1024px) 100vw, 1024px\"\/><\/noscript><\/figure>\n<p><strong>2. Chevrolet Onix<\/strong><br \/>Venda: 10.839<\/p>\n<figure class=\"wp-block-image size-large\"><img data-recalc-dims=\"1\" decoding=\"async\" loading=\"lazy\" width=\"604\" height=\"403\" alt=\"\" srcset=\"https:\/\/lista10.org\/wp-content\/uploads\/2024\/01\/chevrolet-onix-2023-1.jpg 604w, https:\/\/lista10.org\/wp-content\/uploads\/2024\/01\/chevrolet-onix-2023-1-300x200.jpg 300w\" src=\"https:\/\/i0.wp.com\/lista10.org\/wp-content\/uploads\/2024\/01\/chevrolet-onix-2023-1.jpg?resize=604%2C403&#038;ssl=1\" data-sizes=\"(max-width: 604px) 100vw, 604px\" class=\"wp-image-40262 lazyload\"\/><noscript><img data-recalc-dims=\"1\" decoding=\"async\" loading=\"lazy\" width=\"604\" height=\"403\" src=\"https:\/\/i0.wp.com\/lista10.org\/wp-content\/uploads\/2024\/01\/chevrolet-onix-2023-1.jpg?resize=604%2C403&#038;ssl=1\" alt=\"\" class=\"wp-image-40262\" srcset=\"https:\/\/lista10.org\/wp-content\/uploads\/2024\/01\/chevrolet-onix-2023-1.jpg 604w, https:\/\/lista10.org\/wp-content\/uploads\/2024\/01\/chevrolet-onix-2023-1-300x200.jpg 300w\" sizes=\"auto, (max-width: 604px) 100vw, 604px\"\/><\/noscript><\/figure>\n<p><strong>1.Volkswagen Polo<\/strong><br \/>Venda: 17.999<\/p>\n<figure class=\"wp-block-image size-large\"><img data-recalc-dims=\"1\" decoding=\"async\" loading=\"lazy\" width=\"1024\" height=\"576\" alt=\"\" srcset=\"https:\/\/lista10.org\/wp-content\/uploads\/2024\/01\/vollkswagen-polo-tsi-2023-1024x576.jpg 1024w, https:\/\/lista10.org\/wp-content\/uploads\/2024\/01\/vollkswagen-polo-tsi-2023-300x169.jpg 300w, https:\/\/lista10.org\/wp-content\/uploads\/2024\/01\/vollkswagen-polo-tsi-2023-768x432.jpg 768w, https:\/\/lista10.org\/wp-content\/uploads\/2024\/01\/vollkswagen-polo-tsi-2023.jpg 1280w\" src=\"https:\/\/i0.wp.com\/lista10.org\/wp-content\/uploads\/2024\/01\/vollkswagen-polo-tsi-2023-1024x576.jpg?resize=1024%2C576&#038;ssl=1\" data-sizes=\"(max-width: 1024px) 100vw, 1024px\" class=\"wp-image-40263 lazyload\"\/><noscript><img data-recalc-dims=\"1\" decoding=\"async\" loading=\"lazy\" width=\"1024\" height=\"576\" src=\"https:\/\/i0.wp.com\/lista10.org\/wp-content\/uploads\/2024\/01\/vollkswagen-polo-tsi-2023-1024x576.jpg?resize=1024%2C576&#038;ssl=1\" alt=\"\" class=\"wp-image-40263\" srcset=\"https:\/\/lista10.org\/wp-content\/uploads\/2024\/01\/vollkswagen-polo-tsi-2023-1024x576.jpg 1024w, https:\/\/lista10.org\/wp-content\/uploads\/2024\/01\/vollkswagen-polo-tsi-2023-300x169.jpg 300w, https:\/\/lista10.org\/wp-content\/uploads\/2024\/01\/vollkswagen-polo-tsi-2023-768x432.jpg 768w, https:\/\/lista10.org\/wp-content\/uploads\/2024\/01\/vollkswagen-polo-tsi-2023.jpg 1280w\" sizes=\"auto, (max-width: 1024px) 100vw, 1024px\"\/><\/noscript><\/figure>\n<p><strong>FONTE:<\/strong> Consultoria Jato<\/p>\n<p><!-- \/2792711\/lista10novo728x90 --><br \/>\n\t\t\t<!-- Jetpack Socials --><\/p>\n<p>\t\t\t<!-- Post Tags --><\/p>\n<p>\t\t\t<!-- Next And Previous Post --><\/p>\n<p>\t\t\t<!-- socials --><br \/>\n\t\t\t\t\t\t<!-- Author Box --><br \/>\n\t\t\t\t\t\t<!-- Post Review --><br \/>\n\t\t\t\t\t<!-- end wn-review-section --><br \/>\n\t\t\t\t\t<!-- Recomended Posts --><br \/>\n\t\t\t\t\t\t<!-- Comments --><\/p>\n<p>\t\t\t\t\t<!-- User Rating -->\n\t\t\t\t\t<\/div>\n<p><script type=\"text\/javascript\">!function(e,n,t){var o,c=e.getElementsByTagName(n)[0];e.getElementById(t)||(o=e.createElement(n),o.id=t,o.src=\"https:\/\/connect.facebook.net\/pt_BR\/sdk.js#xfbml=1&version=v8.0\",c.parentNode.insertBefore(o,c))}(document,\"script\",\"facebook-jssdk\");<\/script><script defer>\n          !function(f,b,e,v,n,t,s)\n          {if(f.fbq)return;n=f.fbq=function(){n.callMethod?\n          n.callMethod.apply(n,arguments):n.queue.push(arguments)};\n          if(!f._fbq)f._fbq=n;n.push=n;n.loaded=!0;n.version='2.0';\n          n.queue=[];t=b.createElement(e);t.async=!0;\n          t.src=v;s=b.getElementsByTagName(e)[0];\n          s.parentNode.insertBefore(t,s)}(window, document,'script',\n          'https:\/\/connect.facebook.net\/en_US\/fbevents.js');\n          fbq('init', '1943212169300918');\n          fbq('track', 'PageView');\n        <\/script><br \/>\n<br \/><br \/>\n<br \/><a href=\"https:\/\/lista10.org\/carros\/10-carros-novos-mais-vendidos-do-brasil-em-dezembro-de-2023\/\">Source link <\/a><\/p>\n<div class='code-block code-block-4' style='margin: 8px auto 8px 0; text-align: left; display: block; clear: both;'>\n\ud83d\udce2 Aviso Legal\n\nO site ismaelcolosi.com.br atua apenas como um canal de divulga\u00e7\u00e3o de oportunidades de emprego e n\u00e3o se responsabiliza pelo processo seletivo, contrata\u00e7\u00e3o ou qualquer outra etapa relacionada \u00e0s vagas publicadas. Todas as informa\u00e7\u00f5es s\u00e3o de responsabilidade dos anunciantes.\n\n\u26a0\ufe0f Aten\u00e7\u00e3o! Nunca pague por promessas de emprego nem compre cursos que garantam contrata\u00e7\u00e3o. Desconfie de qualquer cobran\u00e7a para participar de sele\u00e7\u00f5es.\n\n\n\n<\/div>\n<!-- CONTENT END 1 -->\n","protected":false},"excerpt":{"rendered":"<p>&#13; &#13; 19 de janeiro de 2024 &#13; &#13; Carros &#13; &#13; &#13; 0&#13; J\u00e1 vamos dar um spoiler que foi um modelo da Volkswagen&#8230;<\/p>\n","protected":false},"author":1,"featured_media":31024,"comment_status":"open","ping_status":"open","sticky":false,"template":"","format":"standard","meta":{"_uag_custom_page_level_css":"","advanced_seo_description":"","jetpack_seo_html_title":"","jetpack_seo_noindex":false,"jetpack_post_was_ever_published":false,"_jetpack_newsletter_access":"","_jetpack_dont_email_post_to_subs":false,"_jetpack_newsletter_tier_id":0,"_jetpack_memberships_contains_paywalled_content":false,"_jetpack_memberships_contains_paid_content":false,"footnotes":"","jetpack_publicize_message":"","jetpack_publicize_feature_enabled":true,"jetpack_social_post_already_shared":true,"jetpack_social_options":{"image_generator_settings":{"template":"highway","default_image_id":0,"font":"","enabled":false},"version":2}},"categories":[1],"tags":[],"class_list":["post-31023","post","type-post","status-publish","format-standard","has-post-thumbnail","hentry","category-blog"],"jetpack_publicize_connections":[],"jetpack_featured_media_url":"https:\/\/i0.wp.com\/ismaelcolosi.com.br\/wp-content\/uploads\/2024\/01\/tcross1_23122021_70179_1280_960.jpg?fit=1280%2C960&ssl=1","uagb_featured_image_src":{"full":["https:\/\/i0.wp.com\/ismaelcolosi.com.br\/wp-content\/uploads\/2024\/01\/tcross1_23122021_70179_1280_960.jpg?fit=1280%2C960&ssl=1",1280,960,false],"thumbnail":["https:\/\/i0.wp.com\/ismaelcolosi.com.br\/wp-content\/uploads\/2024\/01\/tcross1_23122021_70179_1280_960.jpg?resize=150%2C150&ssl=1",150,150,true],"medium":["https:\/\/i0.wp.com\/ismaelcolosi.com.br\/wp-content\/uploads\/2024\/01\/tcross1_23122021_70179_1280_960.jpg?fit=300%2C225&ssl=1",300,225,true],"medium_large":["https:\/\/i0.wp.com\/ismaelcolosi.com.br\/wp-content\/uploads\/2024\/01\/tcross1_23122021_70179_1280_960.jpg?fit=768%2C576&ssl=1",768,576,true],"large":["https:\/\/i0.wp.com\/ismaelcolosi.com.br\/wp-content\/uploads\/2024\/01\/tcross1_23122021_70179_1280_960.jpg?fit=1024%2C768&ssl=1",1024,768,true],"1536x1536":["https:\/\/i0.wp.com\/ismaelcolosi.com.br\/wp-content\/uploads\/2024\/01\/tcross1_23122021_70179_1280_960.jpg?fit=1280%2C960&ssl=1",1280,960,true],"2048x2048":["https:\/\/i0.wp.com\/ismaelcolosi.com.br\/wp-content\/uploads\/2024\/01\/tcross1_23122021_70179_1280_960.jpg?fit=1280%2C960&ssl=1",1280,960,true],"really-simple-thumb":["https:\/\/i0.wp.com\/ismaelcolosi.com.br\/wp-content\/uploads\/2024\/01\/tcross1_23122021_70179_1280_960.jpg?resize=370%2C247&ssl=1",370,247,true]},"uagb_author_info":{"display_name":"ismaelcolosi.com.br","author_link":"https:\/\/ismaelcolosi.com.br\/index.php\/author\/vidareal-online\/"},"uagb_comment_info":0,"uagb_excerpt":"&#13; &#13; 19 de janeiro de 2024 &#13; &#13; Carros &#13; &#13; &#13; 0&#13; J\u00e1 vamos dar um spoiler que foi um modelo da Volkswagen...","jetpack-related-posts":[{"id":17435,"url":"https:\/\/ismaelcolosi.com.br\/index.php\/2023\/12\/18\/saiu-a-lista-dos-livros-mais-vendidos-do-e-commerce-da-amazon\/","url_meta":{"origin":31023,"position":0},"title":"Saiu a lista dos livros mais vendidos do e-commerce da Amazon","author":"ismaelcolosi.com.br","date":"18 de December de 2023","format":false,"excerpt":"18 de dezembro de 2023 | 12:0018 de dezembro de 2023 | 9:27 0A Amazon divulgou a sua tradicional e esperada lista de livros mais vendidos em seu e-commerce em 2023 na qual se destacam obras nas categorias romance, autodesenvolvimento e fic\u00e7\u00e3o.Especializada em romances nos g\u00eaneros rom\u00e2ntico e fic\u00e7\u00e3o para\u2026","rel":"","context":"In &quot;Not\u00edcias de Ribeir\u00e3o Preto-SP e Regi\u00e3o&quot;","block_context":{"text":"Not\u00edcias de Ribeir\u00e3o Preto-SP e Regi\u00e3o","link":"https:\/\/ismaelcolosi.com.br\/index.php\/category\/noticias-de-ribeirao-preto-sp-e-regiao-ismael-colosi\/"},"img":{"alt_text":"","src":"https:\/\/i0.wp.com\/ismaelcolosi.com.br\/wp-content\/uploads\/2023\/12\/livros-digitais-scaled.jpg?fit=806%2C645&ssl=1&resize=350%2C200","width":350,"height":200,"srcset":"https:\/\/i0.wp.com\/ismaelcolosi.com.br\/wp-content\/uploads\/2023\/12\/livros-digitais-scaled.jpg?fit=806%2C645&ssl=1&resize=350%2C200 1x, https:\/\/i0.wp.com\/ismaelcolosi.com.br\/wp-content\/uploads\/2023\/12\/livros-digitais-scaled.jpg?fit=806%2C645&ssl=1&resize=525%2C300 1.5x, https:\/\/i0.wp.com\/ismaelcolosi.com.br\/wp-content\/uploads\/2023\/12\/livros-digitais-scaled.jpg?fit=806%2C645&ssl=1&resize=700%2C400 2x"},"classes":[]},{"id":56206,"url":"https:\/\/ismaelcolosi.com.br\/index.php\/2024\/07\/10\/encontro-de-carros-antigos-no-fim-de-semana-tem-food-trucks-e-musica-em-ribeirao-preto\/","url_meta":{"origin":31023,"position":1},"title":"Encontro de carros antigos no fim de semana tem food trucks e m\u00fasica em Ribeir\u00e3o Preto","author":"ismaelcolosi.com.br","date":"10 de July de 2024","format":false,"excerpt":"O encontro de carros antigos \u201cCalif\u00f3rnia Volks Brothers\u201d realiza a sua 12\u00aa edi\u00e7\u00e3o neste domingo (14), no Campus Universit\u00e1rio Moura Lacerda, das 8h \u00e0s 17h. Al\u00e9m da exposi\u00e7\u00e3o de carros cl\u00e1ssicos e e aircooleds \u2013 carros em que o sistema usa o pr\u00f3prio ar para refrigerar o motor -, o\u2026","rel":"","context":"In &quot;Not\u00edcias de Ribeir\u00e3o Preto-SP e Regi\u00e3o&quot;","block_context":{"text":"Not\u00edcias de Ribeir\u00e3o Preto-SP e Regi\u00e3o","link":"https:\/\/ismaelcolosi.com.br\/index.php\/category\/noticias-de-ribeirao-preto-sp-e-regiao-ismael-colosi\/"},"img":{"alt_text":"","src":"https:\/\/i0.wp.com\/ismaelcolosi.com.br\/wp-content\/uploads\/2024\/07\/IMG-8262_2024-07-10_13-03-13_jpg_2024-07-10_13-03-15-scaled.webp.webp?fit=1200%2C800&ssl=1&resize=350%2C200","width":350,"height":200,"srcset":"https:\/\/i0.wp.com\/ismaelcolosi.com.br\/wp-content\/uploads\/2024\/07\/IMG-8262_2024-07-10_13-03-13_jpg_2024-07-10_13-03-15-scaled.webp.webp?fit=1200%2C800&ssl=1&resize=350%2C200 1x, https:\/\/i0.wp.com\/ismaelcolosi.com.br\/wp-content\/uploads\/2024\/07\/IMG-8262_2024-07-10_13-03-13_jpg_2024-07-10_13-03-15-scaled.webp.webp?fit=1200%2C800&ssl=1&resize=525%2C300 1.5x, https:\/\/i0.wp.com\/ismaelcolosi.com.br\/wp-content\/uploads\/2024\/07\/IMG-8262_2024-07-10_13-03-13_jpg_2024-07-10_13-03-15-scaled.webp.webp?fit=1200%2C800&ssl=1&resize=700%2C400 2x, https:\/\/i0.wp.com\/ismaelcolosi.com.br\/wp-content\/uploads\/2024\/07\/IMG-8262_2024-07-10_13-03-13_jpg_2024-07-10_13-03-15-scaled.webp.webp?fit=1200%2C800&ssl=1&resize=1050%2C600 3x"},"classes":[]},{"id":6671,"url":"https:\/\/ismaelcolosi.com.br\/index.php\/2023\/11\/26\/leilao-em-rp-tera-modelos-que-foram-sucesso-nas-telas-na-decada-de-1980\/","url_meta":{"origin":31023,"position":2},"title":"Leil\u00e3o em RP ter\u00e1 modelos que foram sucesso nas telas na d\u00e9cada de 1980\u00a0","author":"ismaelcolosi.com.br","date":"26 de November de 2023","format":false,"excerpt":"O 2\u00ba Leil\u00e3o de Ve\u00edculos Antigos Ribeir\u00e3o Preto, a 56\u00b0 edi\u00e7\u00e3o do Circuito de Leil\u00f5es do Brasil, superou expectativas com mais de 160 ve\u00edculos inscritos, um n\u00famero bastante expressivo e 30% maior que o da primeira edi\u00e7\u00e3o, que aconteceu em Ribeir\u00e3o Preto no m\u00eas de outubro deste ano e movimentou\u2026","rel":"","context":"In &quot;Not\u00edcias de Ribeir\u00e3o Preto-SP e Regi\u00e3o&quot;","block_context":{"text":"Not\u00edcias de Ribeir\u00e3o Preto-SP e Regi\u00e3o","link":"https:\/\/ismaelcolosi.com.br\/index.php\/category\/noticias-de-ribeirao-preto-sp-e-regiao-ismael-colosi\/"},"img":{"alt_text":"","src":"https:\/\/i0.wp.com\/ismaelcolosi.com.br\/wp-content\/uploads\/2023\/11\/mercedes.jpg?fit=1086%2C652&ssl=1&resize=350%2C200","width":350,"height":200,"srcset":"https:\/\/i0.wp.com\/ismaelcolosi.com.br\/wp-content\/uploads\/2023\/11\/mercedes.jpg?fit=1086%2C652&ssl=1&resize=350%2C200 1x, https:\/\/i0.wp.com\/ismaelcolosi.com.br\/wp-content\/uploads\/2023\/11\/mercedes.jpg?fit=1086%2C652&ssl=1&resize=525%2C300 1.5x, https:\/\/i0.wp.com\/ismaelcolosi.com.br\/wp-content\/uploads\/2023\/11\/mercedes.jpg?fit=1086%2C652&ssl=1&resize=700%2C400 2x, https:\/\/i0.wp.com\/ismaelcolosi.com.br\/wp-content\/uploads\/2023\/11\/mercedes.jpg?fit=1086%2C652&ssl=1&resize=1050%2C600 3x"},"classes":[]},{"id":16026,"url":"https:\/\/ismaelcolosi.com.br\/index.php\/2023\/12\/14\/fabricante-chinesa-de-carros-eletricos-promete-reduzir-em-ate-1o-a-temperatura-global\/","url_meta":{"origin":31023,"position":3},"title":"Fabricante chinesa de carros el\u00e9tricos promete reduzir em at\u00e9 1\u00ba a temperatura global","author":"ismaelcolosi.com.br","date":"14 de December de 2023","format":false,"excerpt":"14 de dezembro de 2023 | 17:41 0Maior fabricante de ve\u00edculos el\u00e9tricos do mundo, BYD, j\u00e1 evitou mais de 30 bilh\u00f5es de quilos de emiss\u00f5es de carbono e visa diminuir ainda mais os impactos ambientaisA BYD esteve presente em Ribeir\u00e3o Preto nesta quarta-feira, (13), em um evento realizado na concession\u00e1ria\u2026","rel":"","context":"In &quot;Not\u00edcias de Ribeir\u00e3o Preto-SP e Regi\u00e3o&quot;","block_context":{"text":"Not\u00edcias de Ribeir\u00e3o Preto-SP e Regi\u00e3o","link":"https:\/\/ismaelcolosi.com.br\/index.php\/category\/noticias-de-ribeirao-preto-sp-e-regiao-ismael-colosi\/"},"img":{"alt_text":"","src":"https:\/\/i0.wp.com\/ismaelcolosi.com.br\/wp-content\/uploads\/2023\/12\/byd_capa.jpeg?fit=747%2C469&ssl=1&resize=350%2C200","width":350,"height":200,"srcset":"https:\/\/i0.wp.com\/ismaelcolosi.com.br\/wp-content\/uploads\/2023\/12\/byd_capa.jpeg?fit=747%2C469&ssl=1&resize=350%2C200 1x, https:\/\/i0.wp.com\/ismaelcolosi.com.br\/wp-content\/uploads\/2023\/12\/byd_capa.jpeg?fit=747%2C469&ssl=1&resize=525%2C300 1.5x, https:\/\/i0.wp.com\/ismaelcolosi.com.br\/wp-content\/uploads\/2023\/12\/byd_capa.jpeg?fit=747%2C469&ssl=1&resize=700%2C400 2x"},"classes":[]},{"id":52172,"url":"https:\/\/ismaelcolosi.com.br\/index.php\/2024\/06\/04\/ribeirao-preto-recebe-encontro-de-carros-antigos-veja-data-e-como-comprar-ingressos\/","url_meta":{"origin":31023,"position":4},"title":"Ribeir\u00e3o Preto recebe encontro de carros antigos; Veja data e como comprar ingressos","author":"ismaelcolosi.com.br","date":"4 de June de 2024","format":false,"excerpt":"O evento que promete reurnir amantes de carros antigos, rebaixados e modificados, conhecido como \u201cLow Style States Conection\u201d, ser\u00e1 realizado no pr\u00f3ximo domingo (9), a partir das 9h, no Est\u00e1dio Palma Travassos (Comercial), em Ribeir\u00e3o Preto. Al\u00e9m dos carros, o encontro ter\u00e1 estande de tatuagem, com o tatuador Matheus Seabra,\u2026","rel":"","context":"In &quot;Not\u00edcias de Ribeir\u00e3o Preto-SP e Regi\u00e3o&quot;","block_context":{"text":"Not\u00edcias de Ribeir\u00e3o Preto-SP e Regi\u00e3o","link":"https:\/\/ismaelcolosi.com.br\/index.php\/category\/noticias-de-ribeirao-preto-sp-e-regiao-ismael-colosi\/"},"img":{"alt_text":"","src":"https:\/\/i0.wp.com\/ismaelcolosi.com.br\/wp-content\/uploads\/2024\/06\/Copia-de-Copia-de-TAMANHO-EXATO-PARA-FOTOS-NO-SISTEMA-NOVO-4_2024-06-04_14-36-58_jpg_2024-06-04_14-36-58.webp.webp?fit=1200%2C675&ssl=1&resize=350%2C200","width":350,"height":200,"srcset":"https:\/\/i0.wp.com\/ismaelcolosi.com.br\/wp-content\/uploads\/2024\/06\/Copia-de-Copia-de-TAMANHO-EXATO-PARA-FOTOS-NO-SISTEMA-NOVO-4_2024-06-04_14-36-58_jpg_2024-06-04_14-36-58.webp.webp?fit=1200%2C675&ssl=1&resize=350%2C200 1x, https:\/\/i0.wp.com\/ismaelcolosi.com.br\/wp-content\/uploads\/2024\/06\/Copia-de-Copia-de-TAMANHO-EXATO-PARA-FOTOS-NO-SISTEMA-NOVO-4_2024-06-04_14-36-58_jpg_2024-06-04_14-36-58.webp.webp?fit=1200%2C675&ssl=1&resize=525%2C300 1.5x, https:\/\/i0.wp.com\/ismaelcolosi.com.br\/wp-content\/uploads\/2024\/06\/Copia-de-Copia-de-TAMANHO-EXATO-PARA-FOTOS-NO-SISTEMA-NOVO-4_2024-06-04_14-36-58_jpg_2024-06-04_14-36-58.webp.webp?fit=1200%2C675&ssl=1&resize=700%2C400 2x, https:\/\/i0.wp.com\/ismaelcolosi.com.br\/wp-content\/uploads\/2024\/06\/Copia-de-Copia-de-TAMANHO-EXATO-PARA-FOTOS-NO-SISTEMA-NOVO-4_2024-06-04_14-36-58_jpg_2024-06-04_14-36-58.webp.webp?fit=1200%2C675&ssl=1&resize=1050%2C600 3x"},"classes":[]},{"id":41534,"url":"https:\/\/ismaelcolosi.com.br\/index.php\/2024\/03\/08\/producao-de-veiculos-cresce-243-no-brasil\/","url_meta":{"origin":31023,"position":5},"title":"Produ\u00e7\u00e3o de ve\u00edculos cresce 24,3% no Brasil\u00a0","author":"ismaelcolosi.com.br","date":"8 de March de 2024","format":false,"excerpt":"8 de mar\u00e7o de 2024 | 17:007 de mar\u00e7o de 2024 | 20:57 0A produ\u00e7\u00e3o de ve\u00edculos automotores no Brasil cresceu 24,3% em fevereiro na compara\u00e7\u00e3o com o mesmo m\u00eas do ano passado, com 189.684 unidades produzidas. Na compara\u00e7\u00e3o anual, o aumento foi de 17,4%. Os dados foram divulgados nesta\u2026","rel":"","context":"In &quot;Not\u00edcias de Ribeir\u00e3o Preto-SP e Regi\u00e3o&quot;","block_context":{"text":"Not\u00edcias de Ribeir\u00e3o Preto-SP e Regi\u00e3o","link":"https:\/\/ismaelcolosi.com.br\/index.php\/category\/noticias-de-ribeirao-preto-sp-e-regiao-ismael-colosi\/"},"img":{"alt_text":"","src":"https:\/\/i0.wp.com\/ismaelcolosi.com.br\/wp-content\/uploads\/2024\/03\/Veiculos-Rafa-Neddermeyer-Ag.Br_-scaled.jpg?fit=1000%2C598&ssl=1&resize=350%2C200","width":350,"height":200,"srcset":"https:\/\/i0.wp.com\/ismaelcolosi.com.br\/wp-content\/uploads\/2024\/03\/Veiculos-Rafa-Neddermeyer-Ag.Br_-scaled.jpg?fit=1000%2C598&ssl=1&resize=350%2C200 1x, https:\/\/i0.wp.com\/ismaelcolosi.com.br\/wp-content\/uploads\/2024\/03\/Veiculos-Rafa-Neddermeyer-Ag.Br_-scaled.jpg?fit=1000%2C598&ssl=1&resize=525%2C300 1.5x, https:\/\/i0.wp.com\/ismaelcolosi.com.br\/wp-content\/uploads\/2024\/03\/Veiculos-Rafa-Neddermeyer-Ag.Br_-scaled.jpg?fit=1000%2C598&ssl=1&resize=700%2C400 2x"},"classes":[]}],"jetpack_sharing_enabled":true,"jetpack_shortlink":"https:\/\/wp.me\/pfMlyK-84n","_links":{"self":[{"href":"https:\/\/ismaelcolosi.com.br\/index.php\/wp-json\/wp\/v2\/posts\/31023","targetHints":{"allow":["GET"]}}],"collection":[{"href":"https:\/\/ismaelcolosi.com.br\/index.php\/wp-json\/wp\/v2\/posts"}],"about":[{"href":"https:\/\/ismaelcolosi.com.br\/index.php\/wp-json\/wp\/v2\/types\/post"}],"author":[{"embeddable":true,"href":"https:\/\/ismaelcolosi.com.br\/index.php\/wp-json\/wp\/v2\/users\/1"}],"replies":[{"embeddable":true,"href":"https:\/\/ismaelcolosi.com.br\/index.php\/wp-json\/wp\/v2\/comments?post=31023"}],"version-history":[{"count":0,"href":"https:\/\/ismaelcolosi.com.br\/index.php\/wp-json\/wp\/v2\/posts\/31023\/revisions"}],"wp:featuredmedia":[{"embeddable":true,"href":"https:\/\/ismaelcolosi.com.br\/index.php\/wp-json\/wp\/v2\/media\/31024"}],"wp:attachment":[{"href":"https:\/\/ismaelcolosi.com.br\/index.php\/wp-json\/wp\/v2\/media?parent=31023"}],"wp:term":[{"taxonomy":"category","embeddable":true,"href":"https:\/\/ismaelcolosi.com.br\/index.php\/wp-json\/wp\/v2\/categories?post=31023"},{"taxonomy":"post_tag","embeddable":true,"href":"https:\/\/ismaelcolosi.com.br\/index.php\/wp-json\/wp\/v2\/tags?post=31023"}],"curies":[{"name":"wp","href":"https:\/\/api.w.org\/{rel}","templated":true}]}}