{"id":31021,"date":"2024-01-20T18:48:25","date_gmt":"2024-01-20T21:48:25","guid":{"rendered":"https:\/\/ismaelcolosi.com.br\/index.php\/2024\/01\/20\/top-10-mpb-musica-popular-brasileira-mais-tocadas\/"},"modified":"2024-01-20T18:48:25","modified_gmt":"2024-01-20T21:48:25","slug":"top-10-mpb-musica-popular-brasileira-mais-tocadas","status":"publish","type":"post","link":"https:\/\/ismaelcolosi.com.br\/index.php\/2024\/01\/20\/top-10-mpb-musica-popular-brasileira-mais-tocadas\/","title":{"rendered":"Top 10 MPB (M\u00fasica Popular Brasileira) mais tocadas"},"content":{"rendered":"<p> <br \/>\n<\/p>\n<div data-td-block-uid=\"tdi_49\">\n<div class=\"tdb-block-inner td-fix-index\">\n<p><span style=\"font-family: arial, helvetica, sans-serif;\"><span style=\"font-size: 14pt;\">Confira quais s\u00e3o as m\u00fasicas de <strong>MPB mais tocadas<\/strong>. Ou\u00e7a a playlist das melhores da M\u00fasica Popular Brasileira mais tocadas no Youtube assim como nas r\u00e1dios do <\/span><span style=\"font-size: 18.6667px;\">Brasil<\/span><span style=\"font-size: 14pt;\">.\u00a0<\/span><span style=\"font-size: 14pt;\">S\u00e3o os maiores sucessos da <strong>M\u00fasica Popular Brasileira<\/strong> mais ouvidas pelos f\u00e2s do g\u00eanero. Portanto, aproveite para ouvir o ranking do top MPB de todos os tempos<\/span><span style=\"font-size: 14pt;\">. Al\u00e9m disso, voc\u00ea pode ver tamb\u00e9m as m\u00fasicas mais tocadas reproduzidas no <\/span>mundotop10<span style=\"font-size: 14pt;\"> em <\/span><span style=\"color: #000000; font-size: 14pt;\"><a style=\"color: #000000;\" href=\"https:\/\/www.youtube.com\/watch?v=vaXCSYva2FM&amp;list=PLKbUCgGyA9VjctbjwSDFgQsPeEoMZrWc5\" target=\"_blank\" rel=\"noopener noreferrer\">playlists<\/a><\/span><span style=\"font-size: 14pt;\"> de diversos g\u00eaneros em <\/span>sertanejas<span style=\"font-size: 14pt;\">, <\/span>internacionais<span style=\"font-size: 14pt;\">, <\/span>gospel<span style=\"font-size: 14pt;\">, <\/span>funk<span style=\"font-size: 14pt;\">, <\/span>eletr\u00f4nicas<span style=\"font-size: 14pt;\">, <\/span>forr\u00f3<span style=\"font-size: 14pt;\">, <\/span>pagode e samba<span style=\"font-size: 14pt;\">, <\/span>rap nacional<span style=\"font-size: 14pt;\">, <\/span>hip hop<span style=\"font-size: 14pt;\">, <\/span>pop<span style=\"font-size: 14pt;\">, <\/span>rock<span style=\"font-size: 14pt;\">, <\/span>ax\u00e9<span style=\"font-size: 14pt;\">,\u00a0<\/span>rom\u00e2nticas internacionais<span style=\"font-size: 14pt;\">, <\/span>sertanejas antigas<span style=\"font-size: 14pt;\">, <\/span>espanholas<span style=\"font-size: 14pt;\">, <\/span>para malhar<span style=\"font-size: 14pt;\">, <\/span>cat\u00f3licas<span style=\"font-size: 14pt;\">, <\/span>no spotify<span style=\"font-size: 14pt;\">, <\/span>rom\u00e2nticas nacionais<span style=\"font-size: 14pt;\">, <\/span>m\u00fasicas geral, <span style=\"font-size: 14pt;\">m\u00fasicas para relaxar, vaquejadas e no <\/span>youtube<span style=\"font-size: 14pt;\">.<\/span><\/span><\/p>\n<hr\/>\n<p>\u00a0<\/p><div class='code-block code-block-8' style='margin: 8px auto; text-align: center; display: block; clear: both;'>\n<script>\n  atOptions = {\n    'key' : '66e2e2111ca34da796271819fc334058',\n    'format' : 'iframe',\n    'height' : 250,\n    'width' : 300,\n    'params' : {}\n  };\n<\/script>\n<script src=\"https:\/\/www.highperformanceformat.com\/66e2e2111ca34da796271819fc334058\/invoke.js\"><\/script>\n<\/div>\n\n<h2><span style=\"font-family: arial, helvetica, sans-serif; font-size: 18pt;\">MPB mais tocadas<\/span><\/h2>\n<p><span style=\"font-family: arial, helvetica, sans-serif; font-size: 14pt;\"><span class=\"mart\"><span style=\"font-size: 14pt;\"><span class=\"mtits\"><span style=\"font-size: 12pt;\"><span style=\"font-size: 14pt;\"><span style=\"color:#FFFFFF;padding:7px 20px;font-size:16px;line-height:24px;border-color:#5e5e5e;border-radius:0px;-moz-border-radius:0px;-webkit-border-radius:0px;text-shadow:none;-moz-text-shadow:none;-webkit-text-shadow:none\"><i class=\"sui sui-play\" style=\"font-size:16px;color:#FFFFFF\"\/> Ouvir MPB <\/span><\/span><\/span><\/span><\/span><\/span><\/span><\/p>\n<ol>\n<li><span style=\"font-family: arial, helvetica, sans-serif; font-size: 12pt; color: #808080;\">Z\u00e9 Ramalho <\/span><br \/><span style=\"font-family: arial, helvetica, sans-serif; font-size: 12pt;\"><span style=\"font-size: 14pt;\">Sin\u00f4nimos \u00a0<span style=\"font-size: 14pt;\"><span class=\"mart\"><span style=\"font-size: 14pt;\"><span class=\"mtits\"><br \/><span style=\"color:#FFFFFF;padding:7px 20px;font-size:16px;line-height:24px;border-color:#5e5e5e;border-radius:40px;-moz-border-radius:40px;-webkit-border-radius:40px;text-shadow:none;-moz-text-shadow:none;-webkit-text-shadow:none\"><i class=\"sui sui-play\" style=\"font-size:16px;color:#FFFFFF\"\/> <\/span><\/span><\/span><\/span><\/span><\/span><\/span><\/li>\n<li><span style=\"font-family: arial, helvetica, sans-serif; font-size: 12pt; color: #808080;\">Melin\u00a0<\/span><br \/><span style=\"font-family: arial, helvetica, sans-serif; font-size: 12pt;\"><span style=\"font-size: 14pt;\">Meu Abrigo <span style=\"font-size: 14pt;\"><span class=\"mart\"><span style=\"font-size: 14pt;\"><span class=\"mtits\"><br \/><span style=\"color:#FFFFFF;padding:7px 20px;font-size:16px;line-height:24px;border-color:#5e5e5e;border-radius:40px;-moz-border-radius:40px;-webkit-border-radius:40px;text-shadow:none;-moz-text-shadow:none;-webkit-text-shadow:none\"><i class=\"sui sui-play\" style=\"font-size:16px;color:#FFFFFF\"\/> <\/span><\/span><\/span><\/span><\/span><\/span><\/span><\/li>\n<li><span style=\"font-family: arial, helvetica, sans-serif; font-size: 12pt; color: #808080;\">Kell Smith <\/span><br \/><span style=\"font-family: arial, helvetica, sans-serif; font-size: 12pt;\"><span style=\"font-size: 14pt;\">Era Uma Vez <span style=\"font-size: 14pt;\"><span class=\"mart\"><span style=\"font-size: 14pt;\"><span class=\"mtits\"><br \/><span style=\"color:#FFFFFF;padding:7px 20px;font-size:16px;line-height:24px;border-color:#5e5e5e;border-radius:40px;-moz-border-radius:40px;-webkit-border-radius:40px;text-shadow:none;-moz-text-shadow:none;-webkit-text-shadow:none\"><i class=\"sui sui-play\" style=\"font-size:16px;color:#FFFFFF\"\/> <\/span><\/span><\/span><\/span><\/span><\/span><\/span><\/li>\n<li><span style=\"font-family: arial, helvetica, sans-serif; font-size: 12pt; color: #808080;\">Melim <\/span><br \/><span style=\"font-family: arial, helvetica, sans-serif; font-size: 12pt;\"><span style=\"font-size: 14pt;\">Ouvi Dizer <span style=\"font-size: 14pt;\"><span class=\"mart\"><span style=\"font-size: 14pt;\"><span class=\"mtits\"><br \/><span style=\"color:#FFFFFF;padding:7px 20px;font-size:16px;line-height:24px;border-color:#5e5e5e;border-radius:40px;-moz-border-radius:40px;-webkit-border-radius:40px;text-shadow:none;-moz-text-shadow:none;-webkit-text-shadow:none\"><i class=\"sui sui-play\" style=\"font-size:16px;color:#FFFFFF\"\/> <\/span><\/span><\/span><\/span><\/span><\/span><\/span><\/li>\n<li><span style=\"font-family: arial, helvetica, sans-serif; font-size: 12pt; color: #808080;\">Ana Carolina <\/span><br \/><span style=\"font-family: arial, helvetica, sans-serif; font-size: 12pt;\"><span style=\"font-size: 14pt;\">Quem De N\u00f3s Dois <span style=\"font-size: 14pt;\"><span class=\"mart\"><span style=\"font-size: 14pt;\"><span class=\"mtits\"><br \/><span style=\"color:#FFFFFF;padding:7px 20px;font-size:16px;line-height:24px;border-color:#5e5e5e;border-radius:40px;-moz-border-radius:40px;-webkit-border-radius:40px;text-shadow:none;-moz-text-shadow:none;-webkit-text-shadow:none\"><i class=\"sui sui-play\" style=\"font-size:16px;color:#FFFFFF\"\/> <\/span><\/span><\/span><\/span><\/span><\/span><\/span><\/li>\n<li><span style=\"font-family: arial, helvetica, sans-serif; font-size: 12pt; color: #808080;\">Vitor Kley <\/span><br \/><span style=\"font-family: arial, helvetica, sans-serif; font-size: 12pt;\"><span style=\"font-size: 14pt;\">O Sol <span style=\"font-size: 14pt;\"><span class=\"mart\"><span style=\"font-size: 14pt;\"><span class=\"mtits\"><br \/><span style=\"color:#FFFFFF;padding:7px 20px;font-size:16px;line-height:24px;border-color:#5e5e5e;border-radius:40px;-moz-border-radius:40px;-webkit-border-radius:40px;text-shadow:none;-moz-text-shadow:none;-webkit-text-shadow:none\"><i class=\"sui sui-play\" style=\"font-size:16px;color:#FFFFFF\"\/> <\/span><\/span><\/span><\/span><\/span><\/span><\/span><\/li>\n<li><span style=\"font-family: arial, helvetica, sans-serif; font-size: 12pt; color: #808080;\">Alceu Valen\u00e7a <\/span><br \/><span style=\"font-family: arial, helvetica, sans-serif; font-size: 12pt;\"><span style=\"font-size: 14pt;\">\u00a0La Belle de Jour \/ Girassol <span style=\"font-size: 14pt;\"><span class=\"mart\"><span style=\"font-size: 14pt;\"><span class=\"mtits\"><br \/><span style=\"color:#FFFFFF;padding:7px 20px;font-size:16px;line-height:24px;border-color:#5e5e5e;border-radius:40px;-moz-border-radius:40px;-webkit-border-radius:40px;text-shadow:none;-moz-text-shadow:none;-webkit-text-shadow:none\"><i class=\"sui sui-play\" style=\"font-size:16px;color:#FFFFFF\"\/> <\/span><\/span><\/span><\/span><\/span><\/span><\/span><\/li>\n<li><span style=\"font-family: arial, helvetica, sans-serif; font-size: 12pt; color: #808080;\">Ana Vilela <\/span><br \/><span style=\"font-family: arial, helvetica, sans-serif; font-size: 12pt;\"><span style=\"font-size: 14pt;\">Trem-Bala \u00a0<span style=\"font-size: 14pt;\"><span class=\"mart\"><span style=\"font-size: 14pt;\"><span class=\"mtits\"><br \/><span style=\"color:#FFFFFF;padding:7px 20px;font-size:16px;line-height:24px;border-color:#5e5e5e;border-radius:40px;-moz-border-radius:40px;-webkit-border-radius:40px;text-shadow:none;-moz-text-shadow:none;-webkit-text-shadow:none\"><i class=\"sui sui-play\" style=\"font-size:16px;color:#FFFFFF\"\/> <\/span><\/span><\/span><\/span><\/span><\/span><\/span><\/li>\n<li><span style=\"font-family: arial, helvetica, sans-serif; font-size: 12pt; color: #808080;\">Z\u00e9 Ramalho <\/span><br \/><span style=\"font-family: arial, helvetica, sans-serif; font-size: 12pt;\"><span style=\"font-size: 14pt;\">Ch\u00e3o de Giz \u00a0<span style=\"font-size: 14pt;\"><span class=\"mart\"><span style=\"font-size: 14pt;\"><span class=\"mtits\"><br \/><span style=\"color:#FFFFFF;padding:7px 20px;font-size:16px;line-height:24px;border-color:#5e5e5e;border-radius:40px;-moz-border-radius:40px;-webkit-border-radius:40px;text-shadow:none;-moz-text-shadow:none;-webkit-text-shadow:none\"><i class=\"sui sui-play\" style=\"font-size:16px;color:#FFFFFF\"\/> <\/span><\/span><\/span><\/span><\/span><\/span><\/span><\/li>\n<li><span style=\"font-family: arial, helvetica, sans-serif; font-size: 12pt; color: #808080;\">ANAVIT\u00d3RIA ft. Matheus &amp; Kauan <\/span><br \/><span style=\"font-family: arial, helvetica, sans-serif;\"><span style=\"font-size: 12pt;\"><span style=\"font-size: 14pt;\">Fica <span style=\"font-size: 14pt;\"><span class=\"mart\"><span style=\"font-size: 14pt;\"><span class=\"mtits\"><br \/><span style=\"color:#FFFFFF;padding:7px 20px;font-size:16px;line-height:24px;border-color:#5e5e5e;border-radius:40px;-moz-border-radius:40px;-webkit-border-radius:40px;text-shadow:none;-moz-text-shadow:none;-webkit-text-shadow:none\"><i class=\"sui sui-play\" style=\"font-size:16px;color:#FFFFFF\"\/> <\/span><\/span><\/span><\/span><\/span><\/span><\/span><\/span><br \/>\n<hr\/>\n<h3><span style=\"font-family: arial, helvetica, sans-serif;\"><span style=\"font-size: 14pt;\"><span class=\"mart\"><span style=\"font-size: 14pt;\"><span class=\"mtits\"><span style=\"font-size: 12pt;\"><span style=\"font-size: 14pt;\"><span style=\"font-size: 14pt;\"><span style=\"color:#FFFFFF;padding:7px 20px;font-size:16px;line-height:24px;border-color:#5e5e5e;border-radius:0px;-moz-border-radius:0px;-webkit-border-radius:0px;text-shadow:none;-moz-text-shadow:none;-webkit-text-shadow:none\"><i class=\"sui sui-play\" style=\"font-size:16px;color:#FFFFFF\"\/> Ouvir MPB <\/span><\/span><\/span><\/span><\/span><\/span><br \/><span style=\"font-size: 14pt; font-family: arial, helvetica, sans-serif;\">  <\/span><br \/><span style=\"font-family: arial, helvetica, sans-serif;\"><span style=\"font-size: 14pt;\"\/><\/span><\/span><\/span><\/span><\/h3>\n<\/li>\n<li><span style=\"font-family: arial, helvetica, sans-serif; font-size: 12pt; color: #808080;\">GIULIA BE <\/span><br \/><span style=\"font-family: arial, helvetica, sans-serif; font-size: 12pt;\">Menina Solta <\/span><\/li>\n<li><span style=\"font-family: arial, helvetica, sans-serif; font-size: 12pt; color: #808080;\">Natiruts <\/span><br \/><span style=\"font-family: arial, helvetica, sans-serif; font-size: 12pt;\">Sorri, Sou Rei <\/span><\/li>\n<li><span style=\"font-family: arial, helvetica, sans-serif; font-size: 12pt; color: #808080;\">Org\u00e2nico, Lourena e Sant <\/span><br \/><span style=\"font-family: arial, helvetica, sans-serif; font-size: 12pt;\">Dizeres <\/span><\/li>\n<li><span style=\"font-family: arial, helvetica, sans-serif; font-size: 12pt; color: #808080;\">Ti\u00ea <\/span><br \/><span style=\"font-family: arial, helvetica, sans-serif; font-size: 12pt;\">A Noite<\/span><\/li>\n<li><span style=\"font-family: arial, helvetica, sans-serif; font-size: 12pt; color: #808080;\">TIAGO IORC\u00a0<\/span><br \/><span style=\"font-family: arial, helvetica, sans-serif; font-size: 12pt;\"> Amei Te Ver<\/span><\/li>\n<li><span style=\"font-family: arial, helvetica, sans-serif; font-size: 12pt; color: #808080;\">Ana Carolina, Seu Jorge\u00a0<\/span><br \/><span style=\"font-family: arial, helvetica, sans-serif; font-size: 12pt;\"> \u00c9 Isso A\u00ed <\/span><\/li>\n<li><span style=\"font-family: arial, helvetica, sans-serif; font-size: 12pt; color: #808080;\">Sabrina Lopes\u00a0<\/span><br \/><span style=\"font-family: arial, helvetica, sans-serif; font-size: 12pt;\"> Lei Da Vida <\/span><\/li>\n<li><span style=\"font-family: arial, helvetica, sans-serif; font-size: 12pt; color: #808080;\">Z\u00e9 Ramalho\u00a0<\/span><br \/><span style=\"font-family: arial, helvetica, sans-serif; font-size: 12pt;\"> Av\u00f4hai <\/span><\/li>\n<li><span style=\"font-family: arial, helvetica, sans-serif; font-size: 12pt; color: #808080;\">Paula Fernandes, Leonardo\u00a0<\/span><br \/><span style=\"font-family: arial, helvetica, sans-serif; font-size: 12pt;\"> Tocando Em Frente <\/span><\/li>\n<li><span style=\"font-family: arial, helvetica, sans-serif; font-size: 12pt; color: #808080;\">ANAVIT\u00d3RIA, Vitor Kley\u00a0<\/span><br \/><span style=\"font-family: arial, helvetica, sans-serif; font-size: 12pt;\"> Pupila<\/span><\/li>\n<li><span style=\"font-family: arial, helvetica, sans-serif; font-size: 12pt; color: #808080;\">Vitor Kley &amp; Bruno Martini\u00a0<\/span><br \/><span style=\"font-family: arial, helvetica, sans-serif; font-size: 12pt;\"> Morena <\/span><\/li>\n<li><span style=\"font-family: arial, helvetica, sans-serif; font-size: 12pt; color: #808080;\">ANAVIT\u00d3RIA\u00a0<\/span><br \/><span style=\"font-family: arial, helvetica, sans-serif; font-size: 12pt;\"> Agora Eu Quero Ir<\/span><\/li>\n<li><span style=\"font-family: arial, helvetica, sans-serif; font-size: 12pt; color: #808080;\">Sandy\u00a0<\/span><br \/><span style=\"font-family: arial, helvetica, sans-serif; font-size: 12pt;\"> Me Espera ft. Tiago Iorc<\/span><\/li>\n<li><span style=\"font-family: arial, helvetica, sans-serif; font-size: 12pt; color: #808080;\">Melim\u00a0<\/span><br \/><span style=\"font-family: arial, helvetica, sans-serif; font-size: 12pt;\"> Dois Cora\u00e7\u00f5es<\/span><\/li>\n<li><span style=\"font-family: arial, helvetica, sans-serif; font-size: 12pt; color: #808080;\">TIAGO IORC\u00a0<\/span><br \/><span style=\"font-family: arial, helvetica, sans-serif; font-size: 12pt;\"> Coisa Linda<\/span><\/li>\n<li><span style=\"font-family: arial, helvetica, sans-serif; font-size: 12pt; color: #808080;\">Melim\u00a0<\/span><br \/><span style=\"font-family: arial, helvetica, sans-serif; font-size: 12pt;\"> Dois Cora\u00e7\u00f5es<\/span><\/li>\n<li><span style=\"font-family: arial, helvetica, sans-serif; font-size: 12pt; color: #808080;\">Alceu Valenca\u00a0<\/span><br \/><span style=\"font-family: arial, helvetica, sans-serif; font-size: 12pt;\"> Anuncia\u00e7\u00e3o<\/span><\/li>\n<li><span style=\"font-family: arial, helvetica, sans-serif; font-size: 12pt; color: #808080;\">Nicolas Germano\u00a0<\/span><br \/><span style=\"font-family: arial, helvetica, sans-serif; font-size: 12pt;\"> Simples e Rom\u00e2ntico <\/span><\/li>\n<li><span style=\"font-family: arial, helvetica, sans-serif; font-size: 12pt;\"><span style=\"color: #808080;\">Chimarruts<\/span>\u00a0<\/span><br \/><span style=\"font-family: arial, helvetica, sans-serif; font-size: 12pt;\"> Versos Simples<\/span><\/li>\n<li><span style=\"font-family: arial, helvetica, sans-serif; font-size: 12pt; color: #808080;\">Malibu, Delacruz, Clau, Luccas Carlos e Keviin<\/span><br \/><span style=\"font-family: arial, helvetica, sans-serif; font-size: 12pt;\">Cigana<\/span><\/li>\n<li><span style=\"font-family: arial, helvetica, sans-serif; font-size: 12pt; color: #808080;\">Giulia Be <\/span><br \/><span style=\"font-family: arial, helvetica, sans-serif; font-size: 12pt;\">(N\u00e3o) Era Amor<\/span><\/li>\n<li><span style=\"font-family: arial, helvetica, sans-serif; font-size: 12pt; color: #808080;\">ANAVIT\u00d3RIA ft. Tiago Iorc<\/span><br \/><span style=\"font-family: arial, helvetica, sans-serif; font-size: 12pt;\">Trevo\u00a0<\/span><\/li>\n<li><span style=\"font-family: arial, helvetica, sans-serif; font-size: 12pt; color: #808080;\">Paula Fernandes, Almir Sater <\/span><br \/><span style=\"font-family: arial, helvetica, sans-serif; font-size: 12pt;\">Jeito De Mato<\/span><\/li>\n<li><span style=\"font-family: arial, helvetica, sans-serif; font-size: 12pt; color: #808080;\">Marisa Monte<\/span><br \/><span style=\"font-family: arial, helvetica, sans-serif; font-size: 12pt;\">Ainda Bem\u00a0<\/span><\/li>\n<li><span style=\"font-family: arial, helvetica, sans-serif; font-size: 12pt; color: #808080;\">Melim\u00a0<\/span><br \/><span style=\"font-family: arial, helvetica, sans-serif; font-size: 12pt;\"> Gelo<\/span><\/li>\n<li><span style=\"font-family: arial, helvetica, sans-serif; font-size: 12pt; color: #808080;\">Ana Carolina\u00a0<\/span><br \/><span style=\"font-family: arial, helvetica, sans-serif; font-size: 12pt;\"> Confesso <\/span><\/li>\n<li><span style=\"font-family: arial, helvetica, sans-serif; font-size: 12pt; color: #808080;\">B\u00e1rbara Dias\u00a0<\/span><br \/><span style=\"font-family: arial, helvetica, sans-serif; font-size: 12pt;\"> 9 Meses\u00a0<\/span><\/li>\n<li><span style=\"font-family: arial, helvetica, sans-serif; font-size: 12pt; color: #808080;\">Djavan\u00a0<\/span><br \/><span style=\"font-family: arial, helvetica, sans-serif; font-size: 12pt;\"> Oceano <\/span><\/li>\n<li><span style=\"font-family: arial, helvetica, sans-serif; font-size: 12pt; color: #808080;\">TIAGO IORC\u00a0<\/span><br \/><span style=\"font-family: arial, helvetica, sans-serif; font-size: 12pt;\"> Dia Especial<\/span><\/li>\n<li><span style=\"font-family: arial, helvetica, sans-serif; font-size: 12pt; color: #808080;\">Rubel, ANAVIT\u00d3RIA\u00a0<\/span><br \/><span style=\"font-family: arial, helvetica, sans-serif; font-size: 12pt;\"> Partilhar <\/span><\/li>\n<li><span style=\"font-family: arial, helvetica, sans-serif; font-size: 12pt; color: #808080;\">Roberto Carlos, Jennifer Lopez<\/span><br \/><span style=\"font-family: arial, helvetica, sans-serif; font-size: 12pt;\">Chegaste\u00a0<\/span><\/li>\n<li><span style=\"font-family: arial, helvetica, sans-serif; font-size: 12pt; color: #808080;\">Roberto Carlos<\/span><br \/><span style=\"font-family: arial, helvetica, sans-serif; font-size: 12pt;\">Ese Tipo Soy Yo (Esse Cara Sou Eu)\u00a0<\/span><\/li>\n<li><span style=\"font-family: arial, helvetica, sans-serif; font-size: 12pt; color: #808080;\">Rubel\u00a0<\/span><br \/><span style=\"font-family: arial, helvetica, sans-serif; font-size: 12pt;\"> Quando Bate Aquela Saudade <\/span><\/li>\n<li><span style=\"font-family: arial, helvetica, sans-serif; font-size: 12pt; color: #808080;\">Melim\u00a0<\/span><br \/><span style=\"font-family: arial, helvetica, sans-serif; font-size: 12pt;\"> Pe\u00e7a Felicidade <\/span><\/li>\n<li><span style=\"font-family: arial, helvetica, sans-serif; font-size: 12pt; color: #808080;\">Giulia Be e Luan Santana\u00a0<\/span><br \/><span style=\"font-family: arial, helvetica, sans-serif; font-size: 12pt;\">Inesquec\u00edvel <\/span><\/li>\n<li><span style=\"font-family: arial, helvetica, sans-serif; font-size: 12pt; color: #808080;\">Fagner\u00a0<\/span><br \/><span style=\"font-family: arial, helvetica, sans-serif; font-size: 12pt;\"> Borbulhas de amor<\/span><\/li>\n<li><span style=\"font-family: arial, helvetica, sans-serif; font-size: 12pt; color: #808080;\">Jorge Vercillo\u00a0<\/span><br \/><span style=\"font-family: arial, helvetica, sans-serif; font-size: 12pt;\"> Ela Une Todas As Coisas<\/span><\/li>\n<li><span style=\"font-family: arial, helvetica, sans-serif; font-size: 12pt; color: #808080;\">Carol &amp; Vitoria\u00a0<\/span><br \/><span style=\"font-family: arial, helvetica, sans-serif; font-size: 12pt;\"> Eu T\u00f4 Gostando De Um Menino A\u00ed <\/span><\/li>\n<li><span style=\"font-family: arial, helvetica, sans-serif; font-size: 12pt; color: #808080;\">Melim <\/span><br \/><span style=\"font-family: arial, helvetica, sans-serif; font-size: 12pt;\">Velha Inf\u00e2ncia (Tribalistas)<\/span><\/li>\n<li><span style=\"font-family: arial, helvetica, sans-serif; font-size: 12pt; color: #808080;\">ANAVIT\u00d3RIA\u00a0<\/span><br \/><span style=\"font-family: arial, helvetica, sans-serif; font-size: 12pt;\"> Porque Eu Te Amo<\/span><br \/>\n<hr\/>\n<h3><span style=\"font-family: arial, helvetica, sans-serif; font-size: 14pt;\"><span style=\"font-size: 12pt;\"><span class=\"mart\"><span style=\"font-size: 14pt;\"><span class=\"mtits\"><span style=\"font-size: 12pt;\"><span style=\"font-size: 14pt;\"><span style=\"color:#FFFFFF;padding:7px 20px;font-size:16px;line-height:24px;border-color:#5e5e5e;border-radius:0px;-moz-border-radius:0px;-webkit-border-radius:0px;text-shadow:none;-moz-text-shadow:none;-webkit-text-shadow:none\"><i class=\"sui sui-play\" style=\"font-size:16px;color:#FFFFFF\"\/> Ouvir M\u00fasicas <\/span><\/span><\/span><\/span><\/span><\/span><\/span><\/span><\/h3>\n<\/li>\n<li><span style=\"font-family: arial, helvetica, sans-serif; font-size: 12pt; color: #808080;\">Sodr\u00e9\u00a0<\/span><br \/><span style=\"font-family: arial, helvetica, sans-serif; font-size: 12pt;\"> Te Amar Demais<\/span><\/li>\n<li><span style=\"font-family: arial, helvetica, sans-serif; font-size: 12pt; color: #808080;\">Lu\u00edsa Sonza\u00a0<\/span><br \/><span style=\"font-family: arial, helvetica, sans-serif; font-size: 12pt;\"> Olhos Castanhos<\/span><\/li>\n<li><span style=\"font-family: arial, helvetica, sans-serif; font-size: 12pt; color: #808080;\">Tiago Iorc, DUDA BEAT\u00a0<\/span><br \/><span style=\"font-family: arial, helvetica, sans-serif; font-size: 12pt;\"> Tangerina <\/span><\/li>\n<li><span style=\"font-family: arial, helvetica, sans-serif; font-size: 12pt; color: #808080;\">Sandy\u00a0ft. ANAVIT\u00d3RIA<\/span><br \/><span style=\"font-family: arial, helvetica, sans-serif; font-size: 12pt;\">\u00a0Pra Me Refazer<\/span><\/li>\n<li><span style=\"font-family: arial, helvetica, sans-serif; font-size: 12pt; color: #808080;\">Giulia Be\u00a0<\/span><br \/><span style=\"font-family: arial, helvetica, sans-serif; font-size: 12pt;\">Ee Essa Vida Fosse Um Filme <\/span><\/li>\n<li><span style=\"font-family: arial, helvetica, sans-serif; font-size: 12pt; color: #808080;\">Roberta Campos e Nando Reis\u00a0<\/span><br \/><span style=\"font-family: arial, helvetica, sans-serif; font-size: 12pt;\"> De Janeiro a Janeiro<\/span><\/li>\n<li><span style=\"font-family: arial, helvetica, sans-serif; font-size: 12pt; color: #808080;\">Z\u00e9 Ramalho\u00a0<\/span><br \/><span style=\"font-family: arial, helvetica, sans-serif; font-size: 12pt;\"> Admir\u00e1vel Gado Novo <\/span><\/li>\n<li><span style=\"font-family: arial, helvetica, sans-serif; font-size: 12pt; color: #808080;\">Ana Vilela\u00a0<\/span><br \/><span style=\"font-family: arial, helvetica, sans-serif; font-size: 12pt;\"> Promete <\/span><\/li>\n<li><span style=\"font-family: arial, helvetica, sans-serif; font-size: 12pt; color: #808080;\">Silva e Anitta\u00a0<\/span><br \/><span style=\"font-family: arial, helvetica, sans-serif; font-size: 12pt;\"> Fica Tudo Bem<\/span><\/li>\n<li><span style=\"font-family: arial, helvetica, sans-serif; font-size: 12pt; color: #808080;\">Caetano Veloso<\/span><br \/><span style=\"font-family: arial, helvetica, sans-serif; font-size: 12pt;\">Sozinho\u00a0\u00a0<\/span><\/li>\n<li><span style=\"font-family: arial, helvetica, sans-serif; font-size: 12pt; color: #808080;\">Ritchie<\/span><br \/><span style=\"font-family: arial, helvetica, sans-serif; font-size: 12pt;\">Menina Veneno\u00a0<\/span><\/li>\n<li><span style=\"font-family: arial, helvetica, sans-serif; font-size: 12pt; color: #808080;\">Maria Gad\u00fa <\/span><br \/><span style=\"font-family: arial, helvetica, sans-serif; font-size: 12pt;\">Quase sem querer<\/span><\/li>\n<li><span style=\"font-family: arial, helvetica, sans-serif; font-size: 12pt; color: #808080;\">Tim Maia<\/span><br \/><span style=\"font-family: arial, helvetica, sans-serif; font-size: 12pt;\">Gostava Tanto De Voc\u00ea<\/span><\/li>\n<li><span style=\"font-family: arial, helvetica, sans-serif; font-size: 12pt; color: #808080;\">Tim Maia\u00a0<\/span><br \/><span style=\"font-family: arial, helvetica, sans-serif; font-size: 12pt;\"> Me d\u00ea motivo<\/span><\/li>\n<li><span style=\"font-family: arial, helvetica, sans-serif; font-size: 12pt; color: #808080;\">Z\u00e9 Ramalho\u00a0<\/span><br \/><span style=\"font-family: arial, helvetica, sans-serif; font-size: 12pt;\"> Mist\u00e9rios da Meia-Noite <\/span><\/li>\n<li><span style=\"font-family: arial, helvetica, sans-serif; font-size: 12pt; color: #808080;\">Geraldo Azevedo\u00a0<\/span><br \/><span style=\"font-family: arial, helvetica, sans-serif; font-size: 12pt;\"> Dona da Minha Cabe\u00e7a <\/span><\/li>\n<li><span style=\"font-family: arial, helvetica, sans-serif; font-size: 12pt; color: #808080;\">Melim\u00a0<\/span><br \/><span style=\"font-family: arial, helvetica, sans-serif; font-size: 12pt;\"> Eu Feat. Voc\u00ea<\/span><\/li>\n<li><span style=\"font-family: arial, helvetica, sans-serif; font-size: 12pt; color: #808080;\">J\u00e3o\u00a0<\/span><br \/><span style=\"font-family: arial, helvetica, sans-serif; font-size: 12pt;\"> Idiota<\/span><\/li>\n<li><span style=\"font-family: arial, helvetica, sans-serif; font-size: 12pt; color: #808080;\">ANAVIT\u00d3RIA\u00a0<\/span><br \/><span style=\"font-family: arial, helvetica, sans-serif; font-size: 12pt;\"> Ai, Amor <\/span><\/li>\n<li><span style=\"font-family: arial, helvetica, sans-serif; font-size: 12pt;\"><span style=\"color: #808080;\">Djavan<\/span>\u00a0<\/span><br \/><span style=\"font-family: arial, helvetica, sans-serif; font-size: 12pt;\"> Eu Te Devoro <\/span><\/li>\n<li><span style=\"font-family: arial, helvetica, sans-serif; font-size: 12pt; color: #808080;\">Djavan\u00a0<\/span><br \/><span style=\"font-family: arial, helvetica, sans-serif; font-size: 12pt;\"> Um Amor Puro <\/span><\/li>\n<li><span style=\"font-family: arial, helvetica, sans-serif; font-size: 12pt; color: #808080;\">Francisco, el Hombre\u00a0<\/span><br \/><span style=\"font-family: arial, helvetica, sans-serif; font-size: 12pt;\"> Triste, Louca ou M\u00e1 <\/span><\/li>\n<li><span style=\"font-family: arial, helvetica, sans-serif; font-size: 12pt; color: #808080;\">Sandy, Lucas Lima\u00a0<\/span><br \/><span style=\"font-family: arial, helvetica, sans-serif; font-size: 12pt;\"> Areia<\/span><\/li>\n<li><span style=\"font-family: arial, helvetica, sans-serif; font-size: 12pt; color: #808080;\">Nicolas Germano\u00a0<\/span><br \/><span style=\"font-family: arial, helvetica, sans-serif; font-size: 12pt;\"> Beijo Raro<\/span><\/li>\n<li><span style=\"font-family: arial, helvetica, sans-serif; font-size: 12pt; color: #808080;\">ANAVIT\u00d3RIA, Rita Lee\u00a0<\/span><br \/><span style=\"font-family: arial, helvetica, sans-serif; font-size: 12pt;\"> Amarelo, azul e branco <\/span><\/li>\n<li><span style=\"font-family: arial, helvetica, sans-serif; font-size: 12pt; color: #808080;\">Mariana Nolasco<\/span><br \/><span style=\"font-family: arial, helvetica, sans-serif; font-size: 12pt;\">Anuncia\u00e7\u00e3o\u00a0<\/span><\/li>\n<li><span style=\"font-family: arial, helvetica, sans-serif; font-size: 12pt; color: #808080;\">Djavan\u00a0<\/span><br \/><span style=\"font-family: arial, helvetica, sans-serif; font-size: 12pt;\"> Se\u2026 <\/span><\/li>\n<li><span style=\"font-family: arial, helvetica, sans-serif; font-size: 12pt; color: #808080;\">Luan Santana canta, Ana Vilela <\/span><br \/><span style=\"font-family: arial, helvetica, sans-serif; font-size: 12pt;\">Trem-Bala<\/span><\/li>\n<li><span style=\"font-family: arial, helvetica, sans-serif; font-size: 12pt; color: #808080;\">Adriana Calcanhotto\u00a0<\/span><br \/><span style=\"font-family: arial, helvetica, sans-serif; font-size: 12pt;\"> Fico Assim Sem Voc\u00ea <\/span><\/li>\n<li><span style=\"font-family: arial, helvetica, sans-serif; font-size: 12pt; color: #808080;\">Nando Reis, Ana Ca\u00f1as\u00a0<\/span><br \/><span style=\"font-family: arial, helvetica, sans-serif; font-size: 12pt;\"> Pra Voc\u00ea Guardei O Amor<\/span><\/li>\n<li><span style=\"font-family: arial, helvetica, sans-serif; font-size: 12pt; color: #808080;\">Kell Smith\u00a0<\/span><br \/><span style=\"font-family: arial, helvetica, sans-serif; font-size: 12pt;\"> Nossa Conversa <\/span><\/li>\n<li><span style=\"font-family: arial, helvetica, sans-serif; font-size: 12pt; color: #808080;\">Ivete Sangalo, Melim\u00a0<\/span><br \/><span style=\"font-family: arial, helvetica, sans-serif; font-size: 12pt;\"> Um Sinal<\/span><\/li>\n<li><span style=\"font-family: arial, helvetica, sans-serif; font-size: 12pt; color: #808080;\">Roberto Carlos\u00a0<\/span><br \/><span style=\"font-family: arial, helvetica, sans-serif; font-size: 12pt;\"> Lady Laura <\/span><\/li>\n<li><span style=\"font-family: arial, helvetica, sans-serif; font-size: 12pt;\"><span style=\"color: #808080;\">Silva<\/span>\u00a0<\/span><br \/><span style=\"font-family: arial, helvetica, sans-serif; font-size: 12pt;\"> N\u00e3o V\u00e1 Embora <\/span><\/li>\n<li><span style=\"font-family: arial, helvetica, sans-serif; font-size: 12pt; color: #808080;\">Benito Di Paula\u00a0<\/span><br \/><span style=\"font-family: arial, helvetica, sans-serif; font-size: 12pt;\"> Retalhos de Cetim<\/span><\/li>\n<li><span style=\"font-family: arial, helvetica, sans-serif; font-size: 12pt; color: #808080;\">F\u00e1bio Jr.\u00a0<\/span><br \/><span style=\"font-family: arial, helvetica, sans-serif; font-size: 12pt;\"> Pai <\/span><\/li>\n<li><span style=\"font-family: arial, helvetica, sans-serif; font-size: 12pt; color: #808080;\">ANAVIT\u00d3RIA\u00a0ft. Diogo Pi\u00e7arra\u00a0<\/span><br \/><span style=\"font-family: arial, helvetica, sans-serif; font-size: 12pt;\"> Trevo (Tu)<\/span><\/li>\n<li><span style=\"font-family: arial, helvetica, sans-serif; font-size: 12pt; color: #808080;\">MARIA\u00a0<\/span><br \/><span style=\"font-family: arial, helvetica, sans-serif; font-size: 12pt;\"> Perd\u00e3o<\/span><\/li>\n<li><span style=\"font-family: arial, helvetica, sans-serif; font-size: 12pt; color: #808080;\">Regina C\u00f4rtes<\/span><br \/><span style=\"font-family: arial, helvetica, sans-serif; font-size: 12pt;\">Peninha Sonhos<\/span><\/li>\n<li><span style=\"font-family: arial, helvetica, sans-serif; font-size: 12pt; color: #808080;\">Roberto Carlos\u00a0<\/span><br \/><span style=\"font-family: arial, helvetica, sans-serif; font-size: 12pt;\"> Detalhes <\/span><\/li>\n<li><span style=\"font-family: arial, helvetica, sans-serif; font-size: 12pt; color: #808080;\">Roberta Campos\u00a0<\/span><br \/><span style=\"font-family: arial, helvetica, sans-serif; font-size: 12pt;\"> Minha Felicidade <\/span><\/li>\n<li><span style=\"font-family: arial, helvetica, sans-serif; font-size: 12pt; color: #808080;\">Roupa Nova\u00a0<\/span><br \/><span style=\"font-family: arial, helvetica, sans-serif; font-size: 12pt;\"> Cora\u00e7\u00e3o Pirata <\/span><\/li>\n<li><span style=\"font-family: arial, helvetica, sans-serif; font-size: 12pt; color: #808080;\">Lagum\u00a0<\/span><br \/><span style=\"font-family: arial, helvetica, sans-serif; font-size: 12pt;\"> Oi<\/span><\/li>\n<li><span style=\"font-family: arial, helvetica, sans-serif; font-size: 12pt; color: #808080;\">Nelson Gon\u00e7alves<\/span><br \/><span style=\"font-family: arial, helvetica, sans-serif; font-size: 12pt;\">Naquela Mesa\u00a0<\/span><\/li>\n<li><span style=\"font-family: arial, helvetica, sans-serif; font-size: 12pt; color: #808080;\">Caetano Veloso\u00a0<\/span><br \/><span style=\"font-family: arial, helvetica, sans-serif; font-size: 12pt;\"> Sozinho<\/span><\/li>\n<li><span style=\"font-family: arial, helvetica, sans-serif; font-size: 12pt;\"><span style=\"color: #808080;\">Gilsons<\/span>\u00a0<\/span><br \/><span style=\"font-family: arial, helvetica, sans-serif; font-size: 12pt;\"> V\u00e1rias Queixas <\/span><\/li>\n<li><span style=\"font-family: arial, helvetica, sans-serif; font-size: 12pt; color: #808080;\">Caetano Veloso\u00a0<\/span><br \/><span style=\"font-family: arial, helvetica, sans-serif; font-size: 12pt;\"> Reconvexo<\/span><\/li>\n<li><span style=\"font-family: arial, helvetica, sans-serif; font-size: 12pt; color: #808080;\">Melim\u00a0<\/span><br \/><span style=\"font-family: arial, helvetica, sans-serif; font-size: 12pt;\"> Ap\u00ea<\/span><\/li>\n<li><span style=\"font-family: arial, helvetica, sans-serif; font-size: 12pt; color: #808080;\">Melim\u00a0<\/span><br \/><span style=\"font-family: arial, helvetica, sans-serif; font-size: 12pt;\"> Transmiss\u00e3o De Pensamento <\/span><\/li>\n<li><span style=\"font-family: arial, helvetica, sans-serif; font-size: 12pt; color: #808080;\">Roberto Carlos\u00a0<\/span><br \/><span style=\"font-family: arial, helvetica, sans-serif; font-size: 12pt;\"> Como \u00e9 Grande o Meu Amor por Voc\u00ea<\/span><br \/>\n<hr\/>\n<p><span style=\"font-family: arial, helvetica, sans-serif; font-size: 14pt;\"><span style=\"font-size: 14pt;\"><span style=\"font-size: 14pt;\"><span class=\"mart\">M\u00fasica Popular Brasileira mais tocadas <\/span><\/span><\/span><\/span><\/p>\n<p><span style=\"font-family: arial, helvetica, sans-serif; font-size: 14pt;\"><span style=\"font-size: 14pt;\"><span style=\"font-size: 14pt;\"><span class=\"mart\"><span style=\"font-size: 14pt;\"><span class=\"mtits\"><span style=\"font-size: 12pt;\"><span style=\"font-size: 14pt;\"><span style=\"color:#FFFFFF;padding:7px 20px;font-size:16px;line-height:24px;border-color:#5e5e5e;border-radius:0px;-moz-border-radius:0px;-webkit-border-radius:0px;text-shadow:none;-moz-text-shadow:none;-webkit-text-shadow:none\"><i class=\"sui sui-play\" style=\"font-size:16px;color:#FFFFFF\"\/> Playlist MPB <\/span><\/span><\/span><\/span><\/span><\/span><\/span><\/span><\/span><\/p>\n<\/li>\n<\/ol>\n<\/div>\n<\/div>\n<p><br \/>\n<br \/><a href=\"https:\/\/mundotop10.com\/musicas-de-mpb-mais-tocadas\/\">Source link <\/a><\/p>\n<div class='code-block code-block-4' style='margin: 8px auto 8px 0; text-align: left; display: block; clear: both;'>\n\ud83d\udce2 Aviso Legal\n\nO site ismaelcolosi.com.br atua apenas como um canal de divulga\u00e7\u00e3o de oportunidades de emprego e n\u00e3o se responsabiliza pelo processo seletivo, contrata\u00e7\u00e3o ou qualquer outra etapa relacionada \u00e0s vagas publicadas. Todas as informa\u00e7\u00f5es s\u00e3o de responsabilidade dos anunciantes.\n\n\u26a0\ufe0f Aten\u00e7\u00e3o! Nunca pague por promessas de emprego nem compre cursos que garantam contrata\u00e7\u00e3o. Desconfie de qualquer cobran\u00e7a para participar de sele\u00e7\u00f5es.\n\n\n\n<\/div>\n<!-- CONTENT END 1 -->\n","protected":false},"excerpt":{"rendered":"<p>Confira quais s\u00e3o as m\u00fasicas de MPB mais tocadas. Ou\u00e7a a playlist das melhores da M\u00fasica Popular Brasileira mais tocadas no Youtube assim como nas&#8230;<\/p>\n","protected":false},"author":1,"featured_media":31022,"comment_status":"open","ping_status":"open","sticky":false,"template":"","format":"standard","meta":{"_uag_custom_page_level_css":"","advanced_seo_description":"","jetpack_seo_html_title":"","jetpack_seo_noindex":false,"jetpack_post_was_ever_published":false,"_jetpack_newsletter_access":"","_jetpack_dont_email_post_to_subs":false,"_jetpack_newsletter_tier_id":0,"_jetpack_memberships_contains_paywalled_content":false,"_jetpack_memberships_contains_paid_content":false,"footnotes":"","jetpack_publicize_message":"","jetpack_publicize_feature_enabled":true,"jetpack_social_post_already_shared":true,"jetpack_social_options":{"image_generator_settings":{"template":"highway","default_image_id":0,"font":"","enabled":false},"version":2}},"categories":[1],"tags":[],"class_list":["post-31021","post","type-post","status-publish","format-standard","has-post-thumbnail","hentry","category-blog"],"jetpack_publicize_connections":[],"jetpack_featured_media_url":"https:\/\/i0.wp.com\/ismaelcolosi.com.br\/wp-content\/uploads\/2024\/01\/MPB-Musica-Popular-Brasileira-mais-tocadas.jpg?fit=1200%2C750&ssl=1","uagb_featured_image_src":{"full":["https:\/\/i0.wp.com\/ismaelcolosi.com.br\/wp-content\/uploads\/2024\/01\/MPB-Musica-Popular-Brasileira-mais-tocadas.jpg?fit=1200%2C750&ssl=1",1200,750,false],"thumbnail":["https:\/\/i0.wp.com\/ismaelcolosi.com.br\/wp-content\/uploads\/2024\/01\/MPB-Musica-Popular-Brasileira-mais-tocadas.jpg?resize=150%2C150&ssl=1",150,150,true],"medium":["https:\/\/i0.wp.com\/ismaelcolosi.com.br\/wp-content\/uploads\/2024\/01\/MPB-Musica-Popular-Brasileira-mais-tocadas.jpg?fit=300%2C188&ssl=1",300,188,true],"medium_large":["https:\/\/i0.wp.com\/ismaelcolosi.com.br\/wp-content\/uploads\/2024\/01\/MPB-Musica-Popular-Brasileira-mais-tocadas.jpg?fit=768%2C480&ssl=1",768,480,true],"large":["https:\/\/i0.wp.com\/ismaelcolosi.com.br\/wp-content\/uploads\/2024\/01\/MPB-Musica-Popular-Brasileira-mais-tocadas.jpg?fit=1024%2C640&ssl=1",1024,640,true],"1536x1536":["https:\/\/i0.wp.com\/ismaelcolosi.com.br\/wp-content\/uploads\/2024\/01\/MPB-Musica-Popular-Brasileira-mais-tocadas.jpg?fit=1200%2C750&ssl=1",1200,750,true],"2048x2048":["https:\/\/i0.wp.com\/ismaelcolosi.com.br\/wp-content\/uploads\/2024\/01\/MPB-Musica-Popular-Brasileira-mais-tocadas.jpg?fit=1200%2C750&ssl=1",1200,750,true],"really-simple-thumb":["https:\/\/i0.wp.com\/ismaelcolosi.com.br\/wp-content\/uploads\/2024\/01\/MPB-Musica-Popular-Brasileira-mais-tocadas.jpg?resize=370%2C247&ssl=1",370,247,true]},"uagb_author_info":{"display_name":"ismaelcolosi.com.br","author_link":"https:\/\/ismaelcolosi.com.br\/index.php\/author\/vidareal-online\/"},"uagb_comment_info":0,"uagb_excerpt":"Confira quais s\u00e3o as m\u00fasicas de MPB mais tocadas. Ou\u00e7a a playlist das melhores da M\u00fasica Popular Brasileira mais tocadas no Youtube assim como nas...","jetpack-related-posts":[{"id":31131,"url":"https:\/\/ismaelcolosi.com.br\/index.php\/2024\/01\/21\/top-200-musicas-mais-tocadas-no-youtube-em-2024\/","url_meta":{"origin":31021,"position":0},"title":"Top 200 m\u00fasicas mais tocadas no Youtube em 2024","author":"ismaelcolosi.com.br","date":"21 de January de 2024","format":false,"excerpt":"Confira o Top 200 m\u00fasicas mais tocadas no Youtube do momento no Brasil. S\u00e3o os maiores sucessos dos cantores nacionais e internacionais de v\u00e1rios\u00a0g\u00eaneros musicais\u00a0que s\u00e3o mais assistidas e que entraram para o ranking, que \u00e9 atualizado automaticamente e diariamente pelo sistema de localiza\u00e7\u00e3o de v\u00eddeos mais vistos e em\u2026","rel":"","context":"In &quot;Blog&quot;","block_context":{"text":"Blog","link":"https:\/\/ismaelcolosi.com.br\/index.php\/category\/blog\/"},"img":{"alt_text":"","src":"https:\/\/i0.wp.com\/ismaelcolosi.com.br\/wp-content\/uploads\/2024\/01\/Musicas-mais-tocadas-no-Youtube.jpg?fit=1200%2C799&ssl=1&resize=350%2C200","width":350,"height":200,"srcset":"https:\/\/i0.wp.com\/ismaelcolosi.com.br\/wp-content\/uploads\/2024\/01\/Musicas-mais-tocadas-no-Youtube.jpg?fit=1200%2C799&ssl=1&resize=350%2C200 1x, https:\/\/i0.wp.com\/ismaelcolosi.com.br\/wp-content\/uploads\/2024\/01\/Musicas-mais-tocadas-no-Youtube.jpg?fit=1200%2C799&ssl=1&resize=525%2C300 1.5x, https:\/\/i0.wp.com\/ismaelcolosi.com.br\/wp-content\/uploads\/2024\/01\/Musicas-mais-tocadas-no-Youtube.jpg?fit=1200%2C799&ssl=1&resize=700%2C400 2x, https:\/\/i0.wp.com\/ismaelcolosi.com.br\/wp-content\/uploads\/2024\/01\/Musicas-mais-tocadas-no-Youtube.jpg?fit=1200%2C799&ssl=1&resize=1050%2C600 3x"},"classes":[]},{"id":31153,"url":"https:\/\/ismaelcolosi.com.br\/index.php\/2024\/01\/21\/top-10-musicas-catolicas-mais-tocadas-do-brasil-em-2024\/","url_meta":{"origin":31021,"position":1},"title":"Top 10 m\u00fasicas Cat\u00f3licas mais tocadas do Brasil em 2024","author":"ismaelcolosi.com.br","date":"21 de January de 2024","format":false,"excerpt":"Confira as top m\u00fasicas cat\u00f3licas mais tocadas. Ou\u00e7a as melhores m\u00fasicas cat\u00f3licas mais tocadas nas r\u00e1dios do Brasil e consequentemente no Youtube. S\u00e3o os maiores sucessos do g\u00eanero cat\u00f3lico que s\u00e3o mais ouvidas tanto nas r\u00e1dios, como nas missas, nas igrejas e na internet. Portanto, aproveite para ouvir o top\u2026","rel":"","context":"In &quot;Blog&quot;","block_context":{"text":"Blog","link":"https:\/\/ismaelcolosi.com.br\/index.php\/category\/blog\/"},"img":{"alt_text":"","src":"https:\/\/i0.wp.com\/ismaelcolosi.com.br\/wp-content\/uploads\/2024\/01\/Musicas-catolicas-mais-tocadas.jpg?fit=1200%2C799&ssl=1&resize=350%2C200","width":350,"height":200,"srcset":"https:\/\/i0.wp.com\/ismaelcolosi.com.br\/wp-content\/uploads\/2024\/01\/Musicas-catolicas-mais-tocadas.jpg?fit=1200%2C799&ssl=1&resize=350%2C200 1x, https:\/\/i0.wp.com\/ismaelcolosi.com.br\/wp-content\/uploads\/2024\/01\/Musicas-catolicas-mais-tocadas.jpg?fit=1200%2C799&ssl=1&resize=525%2C300 1.5x, https:\/\/i0.wp.com\/ismaelcolosi.com.br\/wp-content\/uploads\/2024\/01\/Musicas-catolicas-mais-tocadas.jpg?fit=1200%2C799&ssl=1&resize=700%2C400 2x, https:\/\/i0.wp.com\/ismaelcolosi.com.br\/wp-content\/uploads\/2024\/01\/Musicas-catolicas-mais-tocadas.jpg?fit=1200%2C799&ssl=1&resize=1050%2C600 3x"},"classes":[]},{"id":31181,"url":"https:\/\/ismaelcolosi.com.br\/index.php\/2024\/01\/21\/top-10-musicas-gospel-mais-tocadas-2024\/","url_meta":{"origin":31021,"position":2},"title":"Top 10 m\u00fasicas Gospel mais tocadas (2024)","author":"ismaelcolosi.com.br","date":"21 de January de 2024","format":false,"excerpt":"Confira quais s\u00e3o as m\u00fasicas gospel mais tocadas. Ou\u00e7a a playlist das melhores m\u00fasicas evang\u00e9licas mais tocadas no Youtube, assim como nas igrejas e consequentemente nas r\u00e1dios do Brasil. Portanto, aproveite para ouvir o ranking do top gospel do momento atualizado(2024) com esses lindos hinos evang\u00e9licos e louvores de adora\u00e7\u00e3o\u2026","rel":"","context":"In &quot;Blog&quot;","block_context":{"text":"Blog","link":"https:\/\/ismaelcolosi.com.br\/index.php\/category\/blog\/"},"img":{"alt_text":"","src":"https:\/\/i0.wp.com\/ismaelcolosi.com.br\/wp-content\/uploads\/2024\/01\/Musicas-gospel-mais-tocadas.jpg?fit=1200%2C675&ssl=1&resize=350%2C200","width":350,"height":200,"srcset":"https:\/\/i0.wp.com\/ismaelcolosi.com.br\/wp-content\/uploads\/2024\/01\/Musicas-gospel-mais-tocadas.jpg?fit=1200%2C675&ssl=1&resize=350%2C200 1x, https:\/\/i0.wp.com\/ismaelcolosi.com.br\/wp-content\/uploads\/2024\/01\/Musicas-gospel-mais-tocadas.jpg?fit=1200%2C675&ssl=1&resize=525%2C300 1.5x, https:\/\/i0.wp.com\/ismaelcolosi.com.br\/wp-content\/uploads\/2024\/01\/Musicas-gospel-mais-tocadas.jpg?fit=1200%2C675&ssl=1&resize=700%2C400 2x, https:\/\/i0.wp.com\/ismaelcolosi.com.br\/wp-content\/uploads\/2024\/01\/Musicas-gospel-mais-tocadas.jpg?fit=1200%2C675&ssl=1&resize=1050%2C600 3x"},"classes":[]},{"id":31097,"url":"https:\/\/ismaelcolosi.com.br\/index.php\/2024\/01\/21\/top-10-musicas-de-rock-nacional-mais-tocadas\/","url_meta":{"origin":31021,"position":3},"title":"Top 10 m\u00fasicas de Rock Nacional mais tocadas","author":"ismaelcolosi.com.br","date":"21 de January de 2024","format":false,"excerpt":"Confira quais s\u00e3o as m\u00fasicas de Rock Nacional mais tocadas. Ou\u00e7a a playlist das melhores m\u00fasicas de pop\/rock nacional mais tocadas na internet e nas r\u00e1dios do Brasil. S\u00e3o os maiores sucessos do rock nacional mais ouvidas nas r\u00e1dios brasileiras e no youtube. Aproveite para ouvir o ranking do top\u2026","rel":"","context":"In &quot;Blog&quot;","block_context":{"text":"Blog","link":"https:\/\/ismaelcolosi.com.br\/index.php\/category\/blog\/"},"img":{"alt_text":"","src":"https:\/\/i0.wp.com\/ismaelcolosi.com.br\/wp-content\/uploads\/2024\/01\/Rock-Nacional-mais-tocadas.jpg?fit=1200%2C728&ssl=1&resize=350%2C200","width":350,"height":200,"srcset":"https:\/\/i0.wp.com\/ismaelcolosi.com.br\/wp-content\/uploads\/2024\/01\/Rock-Nacional-mais-tocadas.jpg?fit=1200%2C728&ssl=1&resize=350%2C200 1x, https:\/\/i0.wp.com\/ismaelcolosi.com.br\/wp-content\/uploads\/2024\/01\/Rock-Nacional-mais-tocadas.jpg?fit=1200%2C728&ssl=1&resize=525%2C300 1.5x, https:\/\/i0.wp.com\/ismaelcolosi.com.br\/wp-content\/uploads\/2024\/01\/Rock-Nacional-mais-tocadas.jpg?fit=1200%2C728&ssl=1&resize=700%2C400 2x, https:\/\/i0.wp.com\/ismaelcolosi.com.br\/wp-content\/uploads\/2024\/01\/Rock-Nacional-mais-tocadas.jpg?fit=1200%2C728&ssl=1&resize=1050%2C600 3x"},"classes":[]},{"id":31293,"url":"https:\/\/ismaelcolosi.com.br\/index.php\/2024\/01\/21\/top-10-musicas-internacionais-mais-tocadas-em-2024-janeiro\/","url_meta":{"origin":31021,"position":4},"title":"Top 10 M\u00fasicas Internacionais Mais Tocadas em 2024 (Janeiro)","author":"ismaelcolosi.com.br","date":"21 de January de 2024","format":false,"excerpt":"Confira a lista das m\u00fasicas internacionais mais tocadas. Ou\u00e7a a playlist das melhores m\u00fasicas internacionais mais tocadas nas r\u00e1dios do Brasil. S\u00e3o os maiores sucessos do g\u00eanero internacionais que os ouvintes mais pedem para tocar. Portanto, aproveite para ouvir o ranking do top internacional do momento atualizado(2024). Al\u00e9m disso, confira\u2026","rel":"","context":"In &quot;Blog&quot;","block_context":{"text":"Blog","link":"https:\/\/ismaelcolosi.com.br\/index.php\/category\/blog\/"},"img":{"alt_text":"","src":"https:\/\/i0.wp.com\/ismaelcolosi.com.br\/wp-content\/uploads\/2024\/01\/Musicas-internacionais-mais-tocadas.jpg?fit=1200%2C776&ssl=1&resize=350%2C200","width":350,"height":200,"srcset":"https:\/\/i0.wp.com\/ismaelcolosi.com.br\/wp-content\/uploads\/2024\/01\/Musicas-internacionais-mais-tocadas.jpg?fit=1200%2C776&ssl=1&resize=350%2C200 1x, https:\/\/i0.wp.com\/ismaelcolosi.com.br\/wp-content\/uploads\/2024\/01\/Musicas-internacionais-mais-tocadas.jpg?fit=1200%2C776&ssl=1&resize=525%2C300 1.5x, https:\/\/i0.wp.com\/ismaelcolosi.com.br\/wp-content\/uploads\/2024\/01\/Musicas-internacionais-mais-tocadas.jpg?fit=1200%2C776&ssl=1&resize=700%2C400 2x, https:\/\/i0.wp.com\/ismaelcolosi.com.br\/wp-content\/uploads\/2024\/01\/Musicas-internacionais-mais-tocadas.jpg?fit=1200%2C776&ssl=1&resize=1050%2C600 3x"},"classes":[]},{"id":31053,"url":"https:\/\/ismaelcolosi.com.br\/index.php\/2024\/01\/20\/top-10-musicas-pop-nacional-mais-tocadas-em-2024\/","url_meta":{"origin":31021,"position":5},"title":"Top 10 m\u00fasicas Pop Nacional mais tocadas em 2024","author":"ismaelcolosi.com.br","date":"20 de January de 2024","format":false,"excerpt":"Confira quais s\u00e3o as m\u00fasicas Pop Nacional mais tocadas do Brasil. Ou\u00e7a a playlist das melhores m\u00fasicas do pop nacional mais ouvidas no Youtube. S\u00e3o os maiores sucessos do pop brasileiro mais acessadas da internet e consequentemente que os ouvintes mais pedem para tocar nas r\u00e1dios. Portanto, aproveite para ouvir\u2026","rel":"","context":"In &quot;Blog&quot;","block_context":{"text":"Blog","link":"https:\/\/ismaelcolosi.com.br\/index.php\/category\/blog\/"},"img":{"alt_text":"","src":"https:\/\/i0.wp.com\/ismaelcolosi.com.br\/wp-content\/uploads\/2024\/01\/Musicas-Pop-Nacional-mais-tocadas.jpg?fit=1200%2C799&ssl=1&resize=350%2C200","width":350,"height":200,"srcset":"https:\/\/i0.wp.com\/ismaelcolosi.com.br\/wp-content\/uploads\/2024\/01\/Musicas-Pop-Nacional-mais-tocadas.jpg?fit=1200%2C799&ssl=1&resize=350%2C200 1x, https:\/\/i0.wp.com\/ismaelcolosi.com.br\/wp-content\/uploads\/2024\/01\/Musicas-Pop-Nacional-mais-tocadas.jpg?fit=1200%2C799&ssl=1&resize=525%2C300 1.5x, https:\/\/i0.wp.com\/ismaelcolosi.com.br\/wp-content\/uploads\/2024\/01\/Musicas-Pop-Nacional-mais-tocadas.jpg?fit=1200%2C799&ssl=1&resize=700%2C400 2x, https:\/\/i0.wp.com\/ismaelcolosi.com.br\/wp-content\/uploads\/2024\/01\/Musicas-Pop-Nacional-mais-tocadas.jpg?fit=1200%2C799&ssl=1&resize=1050%2C600 3x"},"classes":[]}],"jetpack_sharing_enabled":true,"jetpack_shortlink":"https:\/\/wp.me\/pfMlyK-84l","_links":{"self":[{"href":"https:\/\/ismaelcolosi.com.br\/index.php\/wp-json\/wp\/v2\/posts\/31021","targetHints":{"allow":["GET"]}}],"collection":[{"href":"https:\/\/ismaelcolosi.com.br\/index.php\/wp-json\/wp\/v2\/posts"}],"about":[{"href":"https:\/\/ismaelcolosi.com.br\/index.php\/wp-json\/wp\/v2\/types\/post"}],"author":[{"embeddable":true,"href":"https:\/\/ismaelcolosi.com.br\/index.php\/wp-json\/wp\/v2\/users\/1"}],"replies":[{"embeddable":true,"href":"https:\/\/ismaelcolosi.com.br\/index.php\/wp-json\/wp\/v2\/comments?post=31021"}],"version-history":[{"count":0,"href":"https:\/\/ismaelcolosi.com.br\/index.php\/wp-json\/wp\/v2\/posts\/31021\/revisions"}],"wp:featuredmedia":[{"embeddable":true,"href":"https:\/\/ismaelcolosi.com.br\/index.php\/wp-json\/wp\/v2\/media\/31022"}],"wp:attachment":[{"href":"https:\/\/ismaelcolosi.com.br\/index.php\/wp-json\/wp\/v2\/media?parent=31021"}],"wp:term":[{"taxonomy":"category","embeddable":true,"href":"https:\/\/ismaelcolosi.com.br\/index.php\/wp-json\/wp\/v2\/categories?post=31021"},{"taxonomy":"post_tag","embeddable":true,"href":"https:\/\/ismaelcolosi.com.br\/index.php\/wp-json\/wp\/v2\/tags?post=31021"}],"curies":[{"name":"wp","href":"https:\/\/api.w.org\/{rel}","templated":true}]}}