{"id":31001,"date":"2024-01-20T18:04:17","date_gmt":"2024-01-20T21:04:17","guid":{"rendered":"https:\/\/ismaelcolosi.com.br\/index.php\/2024\/01\/20\/fique-atento-a-7-sinais-que-o-corpo-avisa-que-pode-estar-com-cancer-ver-mais\/"},"modified":"2024-01-20T18:04:17","modified_gmt":"2024-01-20T21:04:17","slug":"fique-atento-a-7-sinais-que-o-corpo-avisa-que-pode-estar-com-cancer-ver-mais","status":"publish","type":"post","link":"https:\/\/ismaelcolosi.com.br\/index.php\/2024\/01\/20\/fique-atento-a-7-sinais-que-o-corpo-avisa-que-pode-estar-com-cancer-ver-mais\/","title":{"rendered":"FIQUE ATENTO a 7 sinais que o corpo AVISA que pode estar com C\u00c2NCER\u2026 Ver mais"},"content":{"rendered":"<p> <br \/>\n<\/p>\n<div itemprop=\"text\">\n<p style=\"text-align: justify;\"><span style=\"font-weight: 400; font-family: arial, helvetica, sans-serif; font-size: 14pt;\">Ultimamente pessoas ao redor do mundo est\u00e3o sofrendo cada vez mais com diagn\u00f3sticos inesperados que relatam doen\u00e7as avassaladoras, causando um grande medo por parte da popula\u00e7\u00e3o.<\/span><\/p>\n<p style=\"text-align: justify;\"><span style=\"font-weight: 400; font-family: arial, helvetica, sans-serif; font-size: 14pt;\">Famosos e an\u00f4nimos est\u00e3o enfrentando batalhas di\u00e1rias sobre problemas relacionados \u00e0 sa\u00fade como o temido c\u00e2ncer, por\u00e9m, existem meios de conseguir detectar que algo est\u00e1 errado e o nosso corpo d\u00e1 in\u00fameros sinais que devemos estar atentos.<\/span><\/p><div class='code-block code-block-8' style='margin: 8px auto; text-align: center; display: block; clear: both;'>\n<script>\n  atOptions = {\n    'key' : '66e2e2111ca34da796271819fc334058',\n    'format' : 'iframe',\n    'height' : 250,\n    'width' : 300,\n    'params' : {}\n  };\n<\/script>\n<script src=\"https:\/\/www.highperformanceformat.com\/66e2e2111ca34da796271819fc334058\/invoke.js\"><\/script>\n<\/div>\n\n<p style=\"text-align: justify;\"><span style=\"font-weight: 400; font-family: arial, helvetica, sans-serif; font-size: 14pt;\">Primeiramente, exames peri\u00f3dicos devem ser feitos para ter uma precis\u00e3o mais exata de como est\u00e1 sua sa\u00fade e assim conseguir investigar quais medidas devem ser tomadas, decis\u00f5es que devem ser analisadas sempre ao lado de um profissional da sa\u00fade.<\/span><\/p>\n<p style=\"text-align: justify;\"><span style=\"font-weight: 400; font-family: arial, helvetica, sans-serif; font-size: 14pt;\">Ainda sim muitos outros alertas devem ser acompanhados como sangramentos anormais na urina e fezes, dores abdominais sem motivos espec\u00edficos, erup\u00e7\u00f5es na pele, les\u00f5es que n\u00e3o cicatrizam e altera\u00e7\u00f5es em sardas e pintas.<\/span><\/p>\n<p style=\"text-align: justify;\"><span style=\"font-weight: 400; font-family: arial, helvetica, sans-serif; font-size: 14pt;\">N\u00f3dulos e incha\u00e7o nos seios s\u00e3o algo para gerar preocupa\u00e7\u00e3o, j\u00e1 que em mulheres \u00e9 um grande indicativo de c\u00e2ncer de mama que necessita de tratamento precoce.<\/span><\/p>\n<p style=\"text-align: justify;\"><span style=\"font-weight: 400; font-family: arial, helvetica, sans-serif; font-size: 14pt;\">Secre\u00e7\u00f5es na regi\u00e3o do mamilo e mudan\u00e7as bruscas na pele da regi\u00e3o dos seios precisam de aten\u00e7\u00e3o, algo que deve ser relatado a um ginecologista e monitorado por esse profissional.<\/span><\/p>\n<p style=\"text-align: justify;\"><span style=\"font-weight: 400; font-family: arial, helvetica, sans-serif; font-size: 14pt;\">Al\u00e9m disso, a perda de peso de maneira inexplic\u00e1vel e desmaios recorrentes podem ser causados por in\u00fameros fatores, mas uma observa\u00e7\u00e3o mais detalhada \u00e9 importante para o diagn\u00f3stico:<\/span><\/p>\n<p><iframe loading=\"lazy\" title=\"8 SINTOMAS frequentes de C\u00c2NCER \u2502 M\u00e9dico Explica\" width=\"500\" height=\"281\" src=\"https:\/\/www.youtube.com\/embed\/nLYil64Z_iI?feature=oembed\" frameborder=\"0\" allow=\"accelerometer; autoplay; clipboard-write; encrypted-media; gyroscope; picture-in-picture; web-share\" referrerpolicy=\"strict-origin-when-cross-origin\" allowfullscreen><\/iframe><\/p>\n<p><img data-recalc-dims=\"1\" decoding=\"async\" loading=\"lazy\" class=\"alignnone wp-image-865\" src=\"https:\/\/i0.wp.com\/informe.webnoticias.net.br\/wp-content\/uploads\/2023\/11\/associates_175x250_1557334371_12.06kb._CB463889837_.jpg?resize=212%2C303&#038;ssl=1\" alt=\"\" width=\"212\" height=\"303\"\/><img data-recalc-dims=\"1\" decoding=\"async\" loading=\"lazy\" class=\"size-medium wp-image-874 alignleft\" src=\"https:\/\/i0.wp.com\/informe.webnoticias.net.br\/wp-content\/uploads\/2024\/01\/CUIDADOSPESSOAIS_associates_1200x1200._CB445147900_-300x300.jpg?resize=300%2C300&#038;ssl=1\" alt=\"\" width=\"300\" height=\"300\"\/><img data-recalc-dims=\"1\" decoding=\"async\" loading=\"lazy\" class=\" wp-image-863 alignleft\" src=\"https:\/\/i0.wp.com\/informe.webnoticias.net.br\/wp-content\/uploads\/2023\/11\/XCM_Manual-1169045_br_associates_1_280x280_1557441393.jpg?resize=298%2C298&#038;ssl=1\" alt=\"\" width=\"298\" height=\"298\"\/><\/p>\n<p><!-- AI CONTENT END 1 -->\n<\/div>\n<p><br \/>\n<br \/><a href=\"https:\/\/informenoticias.net\/fique-atento-a-7-sinais-que-o-corpo-avisa-que-pode-estar-com-cancer-ver-mais\/\">Source link <\/a><\/p>\n<div class='code-block code-block-4' style='margin: 8px auto 8px 0; text-align: left; display: block; clear: both;'>\n\ud83d\udce2 Aviso Legal\n\nO site ismaelcolosi.com.br atua apenas como um canal de divulga\u00e7\u00e3o de oportunidades de emprego e n\u00e3o se responsabiliza pelo processo seletivo, contrata\u00e7\u00e3o ou qualquer outra etapa relacionada \u00e0s vagas publicadas. Todas as informa\u00e7\u00f5es s\u00e3o de responsabilidade dos anunciantes.\n\n\u26a0\ufe0f Aten\u00e7\u00e3o! Nunca pague por promessas de emprego nem compre cursos que garantam contrata\u00e7\u00e3o. Desconfie de qualquer cobran\u00e7a para participar de sele\u00e7\u00f5es.\n\n\n\n<\/div>\n<!-- CONTENT END 1 -->\n","protected":false},"excerpt":{"rendered":"<p>Ultimamente pessoas ao redor do mundo est\u00e3o sofrendo cada vez mais com diagn\u00f3sticos inesperados que relatam doen\u00e7as avassaladoras, causando um grande medo por parte da&#8230;<\/p>\n","protected":false},"author":1,"featured_media":31002,"comment_status":"open","ping_status":"open","sticky":false,"template":"","format":"standard","meta":{"_uag_custom_page_level_css":"","advanced_seo_description":"","jetpack_seo_html_title":"","jetpack_seo_noindex":false,"jetpack_post_was_ever_published":false,"_jetpack_newsletter_access":"","_jetpack_dont_email_post_to_subs":false,"_jetpack_newsletter_tier_id":0,"_jetpack_memberships_contains_paywalled_content":false,"_jetpack_memberships_contains_paid_content":false,"footnotes":"","jetpack_publicize_message":"","jetpack_publicize_feature_enabled":true,"jetpack_social_post_already_shared":true,"jetpack_social_options":{"image_generator_settings":{"template":"highway","default_image_id":0,"font":"","enabled":false},"version":2}},"categories":[19],"tags":[],"class_list":["post-31001","post","type-post","status-publish","format-standard","has-post-thumbnail","hentry","category-variedades"],"jetpack_publicize_connections":[],"jetpack_featured_media_url":"https:\/\/i0.wp.com\/ismaelcolosi.com.br\/wp-content\/uploads\/2024\/01\/1705784661_27301ea6-aaaf-4588-a162-3b868181ad04.jpeg?fit=1539%2C817&ssl=1","uagb_featured_image_src":{"full":["https:\/\/i0.wp.com\/ismaelcolosi.com.br\/wp-content\/uploads\/2024\/01\/1705784661_27301ea6-aaaf-4588-a162-3b868181ad04.jpeg?fit=1539%2C817&ssl=1",1539,817,false],"thumbnail":["https:\/\/i0.wp.com\/ismaelcolosi.com.br\/wp-content\/uploads\/2024\/01\/1705784661_27301ea6-aaaf-4588-a162-3b868181ad04.jpeg?resize=150%2C150&ssl=1",150,150,true],"medium":["https:\/\/i0.wp.com\/ismaelcolosi.com.br\/wp-content\/uploads\/2024\/01\/1705784661_27301ea6-aaaf-4588-a162-3b868181ad04.jpeg?fit=300%2C159&ssl=1",300,159,true],"medium_large":["https:\/\/i0.wp.com\/ismaelcolosi.com.br\/wp-content\/uploads\/2024\/01\/1705784661_27301ea6-aaaf-4588-a162-3b868181ad04.jpeg?fit=768%2C408&ssl=1",768,408,true],"large":["https:\/\/i0.wp.com\/ismaelcolosi.com.br\/wp-content\/uploads\/2024\/01\/1705784661_27301ea6-aaaf-4588-a162-3b868181ad04.jpeg?fit=1024%2C544&ssl=1",1024,544,true],"1536x1536":["https:\/\/i0.wp.com\/ismaelcolosi.com.br\/wp-content\/uploads\/2024\/01\/1705784661_27301ea6-aaaf-4588-a162-3b868181ad04.jpeg?fit=1536%2C815&ssl=1",1536,815,true],"2048x2048":["https:\/\/i0.wp.com\/ismaelcolosi.com.br\/wp-content\/uploads\/2024\/01\/1705784661_27301ea6-aaaf-4588-a162-3b868181ad04.jpeg?fit=1539%2C817&ssl=1",1539,817,true],"really-simple-thumb":["https:\/\/i0.wp.com\/ismaelcolosi.com.br\/wp-content\/uploads\/2024\/01\/1705784661_27301ea6-aaaf-4588-a162-3b868181ad04.jpeg?resize=370%2C247&ssl=1",370,247,true]},"uagb_author_info":{"display_name":"ismaelcolosi.com.br","author_link":"https:\/\/ismaelcolosi.com.br\/index.php\/author\/vidareal-online\/"},"uagb_comment_info":0,"uagb_excerpt":"Ultimamente pessoas ao redor do mundo est\u00e3o sofrendo cada vez mais com diagn\u00f3sticos inesperados que relatam doen\u00e7as avassaladoras, causando um grande medo por parte da...","jetpack-related-posts":[{"id":6427,"url":"https:\/\/ismaelcolosi.com.br\/index.php\/2023\/11\/25\/5-sinais-da-doenca-que-os-homens-mais-ignoram\/","url_meta":{"origin":31001,"position":0},"title":"5 sinais da doen\u00e7a que os homens mais ignoram","author":"ismaelcolosi.com.br","date":"25 de November de 2023","format":false,"excerpt":"Cr\u00e9ditos: Getty Images\/iStockphotoSinais de c\u00e2ncer podem se manifestar por meio de dores e queixas do dia a dia, alertam especialistas \u2013 iStock\/Getty Images O avan\u00e7o da medicina permitiu compreender que, eventualmente, alguns sinais que se manifestam em nosso corpo podem indicar sintomas de doen\u00e7as graves, como o c\u00e2ncer. Sobretudo em\u2026","rel":"","context":"In &quot;Variedades&quot;","block_context":{"text":"Variedades","link":"https:\/\/ismaelcolosi.com.br\/index.php\/category\/variedades\/"},"img":{"alt_text":"","src":"https:\/\/i0.wp.com\/ismaelcolosi.com.br\/wp-content\/uploads\/2023\/11\/istock-1417310641.jpg?fit=1200%2C638&ssl=1&resize=350%2C200","width":350,"height":200,"srcset":"https:\/\/i0.wp.com\/ismaelcolosi.com.br\/wp-content\/uploads\/2023\/11\/istock-1417310641.jpg?fit=1200%2C638&ssl=1&resize=350%2C200 1x, https:\/\/i0.wp.com\/ismaelcolosi.com.br\/wp-content\/uploads\/2023\/11\/istock-1417310641.jpg?fit=1200%2C638&ssl=1&resize=525%2C300 1.5x, https:\/\/i0.wp.com\/ismaelcolosi.com.br\/wp-content\/uploads\/2023\/11\/istock-1417310641.jpg?fit=1200%2C638&ssl=1&resize=700%2C400 2x, https:\/\/i0.wp.com\/ismaelcolosi.com.br\/wp-content\/uploads\/2023\/11\/istock-1417310641.jpg?fit=1200%2C638&ssl=1&resize=1050%2C600 3x"},"classes":[]},{"id":6751,"url":"https:\/\/ismaelcolosi.com.br\/index.php\/2023\/11\/26\/5-sinais-que-nao-devem-ser-ignorados\/","url_meta":{"origin":31001,"position":1},"title":"5 sinais que n\u00e3o devem ser ignorados","author":"ismaelcolosi.com.br","date":"26 de November de 2023","format":false,"excerpt":"Cr\u00e9ditos: Getty Images\/iStockphotoEstudos t\u00eam mostrado que incluir mais alimentos ricos em fibras e verduras saud\u00e1veis na dieta, bem como fazer atividade f\u00edsica regular pode minimizar o risco de c\u00e2ncer \u2013 iStock\/Getty Images Mais de 45 mil casos de c\u00e2ncer de intestino foram diagnosticados em 2022, conforme dados do Instituto Nacional\u2026","rel":"","context":"In &quot;Variedades&quot;","block_context":{"text":"Variedades","link":"https:\/\/ismaelcolosi.com.br\/index.php\/category\/variedades\/"},"img":{"alt_text":"","src":"https:\/\/i0.wp.com\/ismaelcolosi.com.br\/wp-content\/uploads\/2023\/11\/istock-1088402038.jpg?fit=1200%2C638&ssl=1&resize=350%2C200","width":350,"height":200,"srcset":"https:\/\/i0.wp.com\/ismaelcolosi.com.br\/wp-content\/uploads\/2023\/11\/istock-1088402038.jpg?fit=1200%2C638&ssl=1&resize=350%2C200 1x, https:\/\/i0.wp.com\/ismaelcolosi.com.br\/wp-content\/uploads\/2023\/11\/istock-1088402038.jpg?fit=1200%2C638&ssl=1&resize=525%2C300 1.5x, https:\/\/i0.wp.com\/ismaelcolosi.com.br\/wp-content\/uploads\/2023\/11\/istock-1088402038.jpg?fit=1200%2C638&ssl=1&resize=700%2C400 2x, https:\/\/i0.wp.com\/ismaelcolosi.com.br\/wp-content\/uploads\/2023\/11\/istock-1088402038.jpg?fit=1200%2C638&ssl=1&resize=1050%2C600 3x"},"classes":[]},{"id":20190,"url":"https:\/\/ismaelcolosi.com.br\/index.php\/2023\/12\/24\/saiba-identificar-os-sintomas-do-cancer-no-rim\/","url_meta":{"origin":31001,"position":2},"title":"saiba identificar os sintomas do c\u00e2ncer no rim","author":"ismaelcolosi.com.br","date":"24 de December de 2023","format":false,"excerpt":"Todo ano, aproximadamente 12 mil brasileiros s\u00e3o diagnosticados com c\u00e2ncer de rim, um dos 13 tipos de c\u00e2ncer mais frequentes no pa\u00eds, segundo dados da Pfizer de 2020. Para homens acima dos 50 anos, este tipo de c\u00e2ncer \u00e9 ainda mais comum. Cr\u00e9ditos: SewcreamStudio\/istockConhe\u00e7a os sinais de alerta de c\u00e2ncer\u2026","rel":"","context":"In &quot;Variedades&quot;","block_context":{"text":"Variedades","link":"https:\/\/ismaelcolosi.com.br\/index.php\/category\/variedades\/"},"img":{"alt_text":"","src":"https:\/\/i0.wp.com\/ismaelcolosi.com.br\/wp-content\/uploads\/2023\/12\/istock-1427708143.jpg?fit=1200%2C638&ssl=1&resize=350%2C200","width":350,"height":200,"srcset":"https:\/\/i0.wp.com\/ismaelcolosi.com.br\/wp-content\/uploads\/2023\/12\/istock-1427708143.jpg?fit=1200%2C638&ssl=1&resize=350%2C200 1x, https:\/\/i0.wp.com\/ismaelcolosi.com.br\/wp-content\/uploads\/2023\/12\/istock-1427708143.jpg?fit=1200%2C638&ssl=1&resize=525%2C300 1.5x, https:\/\/i0.wp.com\/ismaelcolosi.com.br\/wp-content\/uploads\/2023\/12\/istock-1427708143.jpg?fit=1200%2C638&ssl=1&resize=700%2C400 2x, https:\/\/i0.wp.com\/ismaelcolosi.com.br\/wp-content\/uploads\/2023\/12\/istock-1427708143.jpg?fit=1200%2C638&ssl=1&resize=1050%2C600 3x"},"classes":[]},{"id":40437,"url":"https:\/\/ismaelcolosi.com.br\/index.php\/2024\/03\/03\/entenda-a-diferenca-dos-sintomas-de-dengue-e-de-covid-19\/","url_meta":{"origin":31001,"position":3},"title":"Entenda a diferen\u00e7a dos sintomas de dengue e de covid-19\u00a0","author":"ismaelcolosi.com.br","date":"3 de March de 2024","format":false,"excerpt":"Em meio a uma explos\u00e3o de casos de dengue e o aumento de infec\u00e7\u00f5es por covid-19 no Brasil, sintomas como febre, dor de cabe\u00e7a e mal-estar passaram a assustar e gerar muitas d\u00favidas. No atual cen\u00e1rio epidemiol\u00f3gico, \u00e9 importante saber diferenciar os sinais de cada enfermidade.\u00a0O infectologista do Servi\u00e7o de\u2026","rel":"","context":"In &quot;Not\u00edcias de Ribeir\u00e3o Preto-SP e Regi\u00e3o&quot;","block_context":{"text":"Not\u00edcias de Ribeir\u00e3o Preto-SP e Regi\u00e3o","link":"https:\/\/ismaelcolosi.com.br\/index.php\/category\/noticias-de-ribeirao-preto-sp-e-regiao-ismael-colosi\/"},"img":{"alt_text":"","src":"https:\/\/i0.wp.com\/ismaelcolosi.com.br\/wp-content\/uploads\/2024\/03\/sintomas-covid-coronavirus-pandemia-diagnostico-teste.png?fit=1000%2C523&ssl=1&resize=350%2C200","width":350,"height":200,"srcset":"https:\/\/i0.wp.com\/ismaelcolosi.com.br\/wp-content\/uploads\/2024\/03\/sintomas-covid-coronavirus-pandemia-diagnostico-teste.png?fit=1000%2C523&ssl=1&resize=350%2C200 1x, https:\/\/i0.wp.com\/ismaelcolosi.com.br\/wp-content\/uploads\/2024\/03\/sintomas-covid-coronavirus-pandemia-diagnostico-teste.png?fit=1000%2C523&ssl=1&resize=525%2C300 1.5x, https:\/\/i0.wp.com\/ismaelcolosi.com.br\/wp-content\/uploads\/2024\/03\/sintomas-covid-coronavirus-pandemia-diagnostico-teste.png?fit=1000%2C523&ssl=1&resize=700%2C400 2x"},"classes":[]},{"id":87894,"url":"https:\/\/ismaelcolosi.com.br\/index.php\/2025\/10\/10\/saude-mental-ultrapassa-cancer-e-se-torna-a-maior-preocupacao-dos-brasileiros\/","url_meta":{"origin":31001,"position":4},"title":"Sa\u00fade Mental Ultrapassa C\u00e2ncer e se Torna a Maior Preocupa\u00e7\u00e3o dos Brasileiros","author":"ismaelcolosi.com.br","date":"10 de October de 2025","format":false,"excerpt":"\r Westend61\/Getty Images\r Pesquisa aponta que 7 em cada 10 profissionais no pa\u00eds se sentem emocionalmente sobrecarregados\r Acessibilidade \r L\r L\r A-\r A+\r \r \u25d0\r \r A sa\u00fade mental se tornou o principal problema de sa\u00fade para os brasileiros, superando at\u00e9 mesmo o c\u00e2ncer. De acordo com o levantamento Ipsos\u2026","rel":"","context":"In &quot;Carreira e Sucesso&quot;","block_context":{"text":"Carreira e Sucesso","link":"https:\/\/ismaelcolosi.com.br\/index.php\/category\/carreira-e-sucesso-dicas-para-carreira\/"},"img":{"alt_text":"","src":"https:\/\/i0.wp.com\/ismaelcolosi.com.br\/wp-content\/uploads\/2025\/10\/carreira-saude-mental-trabalho-getty-1-1200x675.jpg?fit=1200%2C675&ssl=1&resize=350%2C200","width":350,"height":200,"srcset":"https:\/\/i0.wp.com\/ismaelcolosi.com.br\/wp-content\/uploads\/2025\/10\/carreira-saude-mental-trabalho-getty-1-1200x675.jpg?fit=1200%2C675&ssl=1&resize=350%2C200 1x, https:\/\/i0.wp.com\/ismaelcolosi.com.br\/wp-content\/uploads\/2025\/10\/carreira-saude-mental-trabalho-getty-1-1200x675.jpg?fit=1200%2C675&ssl=1&resize=525%2C300 1.5x, https:\/\/i0.wp.com\/ismaelcolosi.com.br\/wp-content\/uploads\/2025\/10\/carreira-saude-mental-trabalho-getty-1-1200x675.jpg?fit=1200%2C675&ssl=1&resize=700%2C400 2x, https:\/\/i0.wp.com\/ismaelcolosi.com.br\/wp-content\/uploads\/2025\/10\/carreira-saude-mental-trabalho-getty-1-1200x675.jpg?fit=1200%2C675&ssl=1&resize=1050%2C600 3x"},"classes":[]},{"id":36972,"url":"https:\/\/ismaelcolosi.com.br\/index.php\/2024\/02\/13\/e-dengue-ou-gripe-saiba-como-diferenciar-os-sintomas-das-doencas\/","url_meta":{"origin":31001,"position":5},"title":"\u00c9 dengue ou gripe? Saiba como diferenciar os sintomas das doen\u00e7as","author":"ismaelcolosi.com.br","date":"13 de February de 2024","format":false,"excerpt":"Sintomas como dor de cabe\u00e7a, mal-estar, febre e fraqueza s\u00e3o sinais comuns presentes em v\u00e1rias enfermidades, incluindo a dengue e a gripe. Desta forma, em caso de suspeita de alguma dessas doen\u00e7as \u00e9 importante aumentar a hidrata\u00e7\u00e3o e evitar a automedica\u00e7\u00e3o. Somente um m\u00e9dico pode fazer o diagn\u00f3stico correto.\u201c\u00c9 poss\u00edvel\u2026","rel":"","context":"In &quot;Not\u00edcias de Ribeir\u00e3o Preto-SP e Regi\u00e3o&quot;","block_context":{"text":"Not\u00edcias de Ribeir\u00e3o Preto-SP e Regi\u00e3o","link":"https:\/\/ismaelcolosi.com.br\/index.php\/category\/noticias-de-ribeirao-preto-sp-e-regiao-ismael-colosi\/"},"img":{"alt_text":"","src":"https:\/\/i0.wp.com\/ismaelcolosi.com.br\/wp-content\/uploads\/2024\/02\/gripe-resfriado-dengue-ou-covid.png-1.jpg?fit=800%2C481&ssl=1&resize=350%2C200","width":350,"height":200,"srcset":"https:\/\/i0.wp.com\/ismaelcolosi.com.br\/wp-content\/uploads\/2024\/02\/gripe-resfriado-dengue-ou-covid.png-1.jpg?fit=800%2C481&ssl=1&resize=350%2C200 1x, https:\/\/i0.wp.com\/ismaelcolosi.com.br\/wp-content\/uploads\/2024\/02\/gripe-resfriado-dengue-ou-covid.png-1.jpg?fit=800%2C481&ssl=1&resize=525%2C300 1.5x, https:\/\/i0.wp.com\/ismaelcolosi.com.br\/wp-content\/uploads\/2024\/02\/gripe-resfriado-dengue-ou-covid.png-1.jpg?fit=800%2C481&ssl=1&resize=700%2C400 2x"},"classes":[]}],"jetpack_sharing_enabled":true,"jetpack_shortlink":"https:\/\/wp.me\/pfMlyK-841","_links":{"self":[{"href":"https:\/\/ismaelcolosi.com.br\/index.php\/wp-json\/wp\/v2\/posts\/31001","targetHints":{"allow":["GET"]}}],"collection":[{"href":"https:\/\/ismaelcolosi.com.br\/index.php\/wp-json\/wp\/v2\/posts"}],"about":[{"href":"https:\/\/ismaelcolosi.com.br\/index.php\/wp-json\/wp\/v2\/types\/post"}],"author":[{"embeddable":true,"href":"https:\/\/ismaelcolosi.com.br\/index.php\/wp-json\/wp\/v2\/users\/1"}],"replies":[{"embeddable":true,"href":"https:\/\/ismaelcolosi.com.br\/index.php\/wp-json\/wp\/v2\/comments?post=31001"}],"version-history":[{"count":0,"href":"https:\/\/ismaelcolosi.com.br\/index.php\/wp-json\/wp\/v2\/posts\/31001\/revisions"}],"wp:featuredmedia":[{"embeddable":true,"href":"https:\/\/ismaelcolosi.com.br\/index.php\/wp-json\/wp\/v2\/media\/31002"}],"wp:attachment":[{"href":"https:\/\/ismaelcolosi.com.br\/index.php\/wp-json\/wp\/v2\/media?parent=31001"}],"wp:term":[{"taxonomy":"category","embeddable":true,"href":"https:\/\/ismaelcolosi.com.br\/index.php\/wp-json\/wp\/v2\/categories?post=31001"},{"taxonomy":"post_tag","embeddable":true,"href":"https:\/\/ismaelcolosi.com.br\/index.php\/wp-json\/wp\/v2\/tags?post=31001"}],"curies":[{"name":"wp","href":"https:\/\/api.w.org\/{rel}","templated":true}]}}