{"id":30067,"date":"2024-01-20T01:38:14","date_gmt":"2024-01-20T04:38:14","guid":{"rendered":"https:\/\/ismaelcolosi.com.br\/index.php\/2024\/01\/20\/prefeitura-de-ribeirao-abre-concurso-com-10-vagas-e-salario-de-r-8-mil\/"},"modified":"2024-01-20T01:38:14","modified_gmt":"2024-01-20T04:38:14","slug":"prefeitura-de-ribeirao-abre-concurso-com-10-vagas-e-salario-de-r-8-mil","status":"publish","type":"post","link":"https:\/\/ismaelcolosi.com.br\/index.php\/2024\/01\/20\/prefeitura-de-ribeirao-abre-concurso-com-10-vagas-e-salario-de-r-8-mil\/","title":{"rendered":"Prefeitura de Ribeir\u00e3o abre concurso com 10 vagas e sal\u00e1rio de R$ 8 mil"},"content":{"rendered":"<p> <br \/>\n<\/p>\n<div data-td-block-uid=\"tdi_104\">\n<div class=\"tdb-block-inner td-fix-index\">\n<p>A <strong><a href=\"https:\/\/www.ribeiraopreto.sp.gov.br\/portal\/\" target=\"_blank\" rel=\"noreferrer noopener\">Prefeitura de Ribeir\u00e3o Preto<\/a><\/strong> publicou, nesta sexta-feira (19), edital de concurso p\u00fablico com <strong>10 vagas<\/strong> de n\u00edvel superior, para o cargo de <strong>Fiscal Fazend\u00e1rio<\/strong>. <mark style=\"background-color:#fcb900\" class=\"has-inline-color\">O sal\u00e1rio oferecido \u00e9 de <strong>R$ 8.852,98<\/strong> por 40 horas semanais de trabalho.<\/mark><\/p>\n<p>As inscri\u00e7\u00f5es devem ser realizadas no site da <strong>RBO Concursos<\/strong>, a partir do dia <strong>29 de janeiro<\/strong>. Os interessados podem se inscrever at\u00e9 o dia 1\u00ba de mar\u00e7o. O valor da <strong>taxa de inscri\u00e7\u00e3o<\/strong> \u00e9 de <strong>R$ 33,60<\/strong>.<\/p>\n<p>De acordo com a Prefeitura, <strong>as provas objetivas ser\u00e3o aplicadas no dia 24 de mar\u00e7o<\/strong> em locais e hor\u00e1rios a serem comunicados atrav\u00e9s da convoca\u00e7\u00e3o para as provas. O edital completo pode ser conferido <a href=\"https:\/\/www.ribeiraopreto.sp.gov.br\/concurso\/prefeitura\" target=\"_blank\" rel=\"noreferrer noopener\">clicando aqui<\/a>.<\/p>\n<p>Entre as atribui\u00e7\u00f5es do cargo est\u00e3o controlar, auditar e fiscalizar o cumprimento das obriga\u00e7\u00f5es tribut\u00e1rias dos contribuintes, orientar sobre a aplica\u00e7\u00e3o de leis, regulamentos e demais atos administrativos, autuar empresas, comerciantes, profissionais liberais e aut\u00f4nomos em situa\u00e7\u00e3o irregular etc.<\/p>\n<p>SAIBA MAIS<\/p>\n<p>Plataforma oferece cerca de 390 oportunidades de emprego em Ribeir\u00e3o e regi\u00e3o<\/p>\n<h4 class=\"wp-block-heading\"><strong><mark style=\"background-color:#fcb900\" class=\"has-inline-color\">FIQUE ON<\/mark><\/strong><\/h4>\n<p>Fique ligado em tudo que acontece em Ribeir\u00e3o Preto e regi\u00e3o. Siga os perfis do\u00a0<strong>acidade on\u00a0<\/strong>no\u00a0<a href=\"https:\/\/www.instagram.com\/acidadeonribeirao\" target=\"_blank\" rel=\"noreferrer noopener\">Instagram<\/a>\u00a0e no\u00a0<a href=\"https:\/\/www.facebook.com\/acidadeonribeirao\" target=\"_blank\" rel=\"noreferrer noopener\">Facebook<\/a>.<\/p>\n<p>Receba not\u00edcias do\u00a0<strong>acidade on\u00a0<\/strong>no WhatsApp.<a href=\"https:\/\/chat.whatsapp.com\/Bnv2w66ZT4VDyZW3oiZ69n\" target=\"_blank\" rel=\"noreferrer noopener\">\u00a0Para entrar no grupo, basta clicar aqui.<\/a><\/p>\n<p>Fa\u00e7a uma den\u00fancia ou sugira uma reportagem sobre Ribeir\u00e3o Preto e regi\u00e3o pelo WhatsApp: 16\u00a0 99117 7802.<\/p>\n<p>VEJA TAMB\u00c9M<\/p>\n<p>Vanessa Lopes desiste do BBB 24 e aperta bot\u00e3o da desist\u00eancia; veja v\u00eddeo<\/p>\n<p><!-- AI CONTENT END 1 -->\n<\/div>\n<\/div>\n<p><script async src=\"\/\/www.instagram.com\/embed.js\"><\/script><br \/>\n<br \/><br \/>\n<br \/><a href=\"https:\/\/www.acidadeon.com\/ribeiraopreto\/economia\/prefeitura-de-ribeirao-abre-concurso-com-10-vagas-e-salario-de-r-8-mil\/\">Source link <\/a><\/p>\n<div class='code-block code-block-4' style='margin: 8px auto 8px 0; text-align: left; display: block; clear: both;'>\n\ud83d\udce2 Aviso Legal\n\nO site ismaelcolosi.com.br atua apenas como um canal de divulga\u00e7\u00e3o de oportunidades de emprego e n\u00e3o se responsabiliza pelo processo seletivo, contrata\u00e7\u00e3o ou qualquer outra etapa relacionada \u00e0s vagas publicadas. Todas as informa\u00e7\u00f5es s\u00e3o de responsabilidade dos anunciantes.\n\n\u26a0\ufe0f Aten\u00e7\u00e3o! Nunca pague por promessas de emprego nem compre cursos que garantam contrata\u00e7\u00e3o. Desconfie de qualquer cobran\u00e7a para participar de sele\u00e7\u00f5es.\n\n\n\n<\/div>\n<!-- CONTENT END 1 -->\n","protected":false},"excerpt":{"rendered":"<p>A Prefeitura de Ribeir\u00e3o Preto publicou, nesta sexta-feira (19), edital de concurso p\u00fablico com 10 vagas de n\u00edvel superior, para o cargo de Fiscal Fazend\u00e1rio&#8230;.<\/p>\n","protected":false},"author":1,"featured_media":30068,"comment_status":"open","ping_status":"open","sticky":false,"template":"","format":"standard","meta":{"_uag_custom_page_level_css":"","advanced_seo_description":"","jetpack_seo_html_title":"","jetpack_seo_noindex":false,"jetpack_post_was_ever_published":false,"_jetpack_newsletter_access":"","_jetpack_dont_email_post_to_subs":false,"_jetpack_newsletter_tier_id":0,"_jetpack_memberships_contains_paywalled_content":false,"_jetpack_memberships_contains_paid_content":false,"footnotes":"","jetpack_publicize_message":"","jetpack_publicize_feature_enabled":true,"jetpack_social_post_already_shared":true,"jetpack_social_options":{"image_generator_settings":{"template":"highway","default_image_id":0,"font":"","enabled":false},"version":2}},"categories":[11],"tags":[210,567,402,244,26,1245,143],"class_list":["post-30067","post","type-post","status-publish","format-standard","has-post-thumbnail","hentry","category-noticias-de-ribeirao-preto-sp-e-regiao-ismael-colosi","tag-abre","tag-concurso","tag-mil","tag-prefeitura","tag-ribeirao","tag-salario","tag-vagas"],"jetpack_publicize_connections":[],"jetpack_featured_media_url":"https:\/\/i0.wp.com\/ismaelcolosi.com.br\/wp-content\/uploads\/2024\/01\/concurso_publico_1024x576_26102019144239.jpg?fit=1024%2C576&ssl=1","uagb_featured_image_src":{"full":["https:\/\/i0.wp.com\/ismaelcolosi.com.br\/wp-content\/uploads\/2024\/01\/concurso_publico_1024x576_26102019144239.jpg?fit=1024%2C576&ssl=1",1024,576,false],"thumbnail":["https:\/\/i0.wp.com\/ismaelcolosi.com.br\/wp-content\/uploads\/2024\/01\/concurso_publico_1024x576_26102019144239.jpg?resize=150%2C150&ssl=1",150,150,true],"medium":["https:\/\/i0.wp.com\/ismaelcolosi.com.br\/wp-content\/uploads\/2024\/01\/concurso_publico_1024x576_26102019144239.jpg?fit=300%2C169&ssl=1",300,169,true],"medium_large":["https:\/\/i0.wp.com\/ismaelcolosi.com.br\/wp-content\/uploads\/2024\/01\/concurso_publico_1024x576_26102019144239.jpg?fit=768%2C432&ssl=1",768,432,true],"large":["https:\/\/i0.wp.com\/ismaelcolosi.com.br\/wp-content\/uploads\/2024\/01\/concurso_publico_1024x576_26102019144239.jpg?fit=1024%2C576&ssl=1",1024,576,true],"1536x1536":["https:\/\/i0.wp.com\/ismaelcolosi.com.br\/wp-content\/uploads\/2024\/01\/concurso_publico_1024x576_26102019144239.jpg?fit=1024%2C576&ssl=1",1024,576,true],"2048x2048":["https:\/\/i0.wp.com\/ismaelcolosi.com.br\/wp-content\/uploads\/2024\/01\/concurso_publico_1024x576_26102019144239.jpg?fit=1024%2C576&ssl=1",1024,576,true],"really-simple-thumb":["https:\/\/i0.wp.com\/ismaelcolosi.com.br\/wp-content\/uploads\/2024\/01\/concurso_publico_1024x576_26102019144239.jpg?resize=370%2C247&ssl=1",370,247,true]},"uagb_author_info":{"display_name":"ismaelcolosi.com.br","author_link":"https:\/\/ismaelcolosi.com.br\/index.php\/author\/vidareal-online\/"},"uagb_comment_info":0,"uagb_excerpt":"A Prefeitura de Ribeir\u00e3o Preto publicou, nesta sexta-feira (19), edital de concurso p\u00fablico com 10 vagas de n\u00edvel superior, para o cargo de Fiscal Fazend\u00e1rio....","jetpack-related-posts":[{"id":30135,"url":"https:\/\/ismaelcolosi.com.br\/index.php\/2024\/01\/20\/prefeitura-abre-concurso-com-10-vagas-para-fiscal-fazendario\/","url_meta":{"origin":30067,"position":0},"title":"Prefeitura abre concurso com 10 vagas para Fiscal Fazend\u00e1rio","author":"ismaelcolosi.com.br","date":"20 de January de 2024","format":false,"excerpt":"20 de janeiro de 2024 | 10:0019 de janeiro de 2024 | 20:08 0A prefeitura de Ribeir\u00e3o Preto publicou nesta sexta-feira, 19 de janeiro, o edital de abertura do concurso n\u00ba 01\/2024, com 10 vagas para o cargo de Fiscal Fazend\u00e1rio. O sal\u00e1rio oferecido \u00e9 de R$ 8.852,98 por 40\u2026","rel":"","context":"In &quot;Not\u00edcias de Ribeir\u00e3o Preto-SP e Regi\u00e3o&quot;","block_context":{"text":"Not\u00edcias de Ribeir\u00e3o Preto-SP e Regi\u00e3o","link":"https:\/\/ismaelcolosi.com.br\/index.php\/category\/noticias-de-ribeirao-preto-sp-e-regiao-ismael-colosi\/"},"img":{"alt_text":"","src":"https:\/\/i0.wp.com\/ismaelcolosi.com.br\/wp-content\/uploads\/2024\/01\/concurso_publico_1-scaled.jpeg?fit=967%2C645&ssl=1&resize=350%2C200","width":350,"height":200,"srcset":"https:\/\/i0.wp.com\/ismaelcolosi.com.br\/wp-content\/uploads\/2024\/01\/concurso_publico_1-scaled.jpeg?fit=967%2C645&ssl=1&resize=350%2C200 1x, https:\/\/i0.wp.com\/ismaelcolosi.com.br\/wp-content\/uploads\/2024\/01\/concurso_publico_1-scaled.jpeg?fit=967%2C645&ssl=1&resize=525%2C300 1.5x, https:\/\/i0.wp.com\/ismaelcolosi.com.br\/wp-content\/uploads\/2024\/01\/concurso_publico_1-scaled.jpeg?fit=967%2C645&ssl=1&resize=700%2C400 2x"},"classes":[]},{"id":43728,"url":"https:\/\/ismaelcolosi.com.br\/index.php\/2024\/03\/22\/prefeitura-de-ribeirao-preto-abre-concurso-publico-com-salario-de-r-8-mil\/","url_meta":{"origin":30067,"position":1},"title":"Prefeitura de Ribeir\u00e3o Preto abre concurso p\u00fablico com sal\u00e1rio de R$ 8 mil","author":"ismaelcolosi.com.br","date":"22 de March de 2024","format":false,"excerpt":"A Prefeitura de Ribeir\u00e3o Preto publicou no Di\u00e1rio Oficial do Munic\u00edpio desta sexta-feira (22) o edital do concurso p\u00fablico para contrata\u00e7\u00e3o de coordenador pedag\u00f3gico. As vagas s\u00e3o de n\u00edvel superior e os sal\u00e1rios para fun\u00e7\u00e3o s\u00e3o de R$ 8.586,35. As inscri\u00e7\u00f5es devem ser realizadas entre os dias 02 de abril\u2026","rel":"","context":"In &quot;Not\u00edcias de Ribeir\u00e3o Preto-SP e Regi\u00e3o&quot;","block_context":{"text":"Not\u00edcias de Ribeir\u00e3o Preto-SP e Regi\u00e3o","link":"https:\/\/ismaelcolosi.com.br\/index.php\/category\/noticias-de-ribeirao-preto-sp-e-regiao-ismael-colosi\/"},"img":{"alt_text":"","src":"https:\/\/i0.wp.com\/ismaelcolosi.com.br\/wp-content\/uploads\/2024\/03\/inauguracao_centro_administrativo_prefeitura_-_foto_guilherme_sircili_14.jpg?fit=1200%2C799&ssl=1&resize=350%2C200","width":350,"height":200,"srcset":"https:\/\/i0.wp.com\/ismaelcolosi.com.br\/wp-content\/uploads\/2024\/03\/inauguracao_centro_administrativo_prefeitura_-_foto_guilherme_sircili_14.jpg?fit=1200%2C799&ssl=1&resize=350%2C200 1x, https:\/\/i0.wp.com\/ismaelcolosi.com.br\/wp-content\/uploads\/2024\/03\/inauguracao_centro_administrativo_prefeitura_-_foto_guilherme_sircili_14.jpg?fit=1200%2C799&ssl=1&resize=525%2C300 1.5x, https:\/\/i0.wp.com\/ismaelcolosi.com.br\/wp-content\/uploads\/2024\/03\/inauguracao_centro_administrativo_prefeitura_-_foto_guilherme_sircili_14.jpg?fit=1200%2C799&ssl=1&resize=700%2C400 2x, https:\/\/i0.wp.com\/ismaelcolosi.com.br\/wp-content\/uploads\/2024\/03\/inauguracao_centro_administrativo_prefeitura_-_foto_guilherme_sircili_14.jpg?fit=1200%2C799&ssl=1&resize=1050%2C600 3x"},"classes":[]},{"id":22600,"url":"https:\/\/ismaelcolosi.com.br\/index.php\/2023\/12\/30\/prefeitura-de-ribeirao-preto-abre-concurso-com-16-vagas-e-salarios-de-r-5-mil\/","url_meta":{"origin":30067,"position":2},"title":"Prefeitura de Ribeir\u00e3o Preto abre concurso com 16 vagas e sal\u00e1rios de R$ 5 mil","author":"ismaelcolosi.com.br","date":"30 de December de 2023","format":false,"excerpt":"A Prefeitura de Ribeir\u00e3o Preto publicou edital de concurso p\u00fablico com 16 vagas de n\u00edvel fundamental, m\u00e9dio, t\u00e9cnico e superior. Os sal\u00e1rios variam entre R$ 2,6 mil e R$ 5,6 mil, conforme a especialidade. As inscri\u00e7\u00f5es devem ser realizadas no site da RBO Concursos (clique aqui) no per\u00edodo entre 8\u2026","rel":"","context":"In &quot;Not\u00edcias de Ribeir\u00e3o Preto-SP e Regi\u00e3o&quot;","block_context":{"text":"Not\u00edcias de Ribeir\u00e3o Preto-SP e Regi\u00e3o","link":"https:\/\/ismaelcolosi.com.br\/index.php\/category\/noticias-de-ribeirao-preto-sp-e-regiao-ismael-colosi\/"},"img":{"alt_text":"","src":"https:\/\/i0.wp.com\/ismaelcolosi.com.br\/wp-content\/uploads\/2023\/12\/ribeirao-preto-prefeitura.jpg?fit=1200%2C900&ssl=1&resize=350%2C200","width":350,"height":200,"srcset":"https:\/\/i0.wp.com\/ismaelcolosi.com.br\/wp-content\/uploads\/2023\/12\/ribeirao-preto-prefeitura.jpg?fit=1200%2C900&ssl=1&resize=350%2C200 1x, https:\/\/i0.wp.com\/ismaelcolosi.com.br\/wp-content\/uploads\/2023\/12\/ribeirao-preto-prefeitura.jpg?fit=1200%2C900&ssl=1&resize=525%2C300 1.5x, https:\/\/i0.wp.com\/ismaelcolosi.com.br\/wp-content\/uploads\/2023\/12\/ribeirao-preto-prefeitura.jpg?fit=1200%2C900&ssl=1&resize=700%2C400 2x, https:\/\/i0.wp.com\/ismaelcolosi.com.br\/wp-content\/uploads\/2023\/12\/ribeirao-preto-prefeitura.jpg?fit=1200%2C900&ssl=1&resize=1050%2C600 3x"},"classes":[]},{"id":6397,"url":"https:\/\/ismaelcolosi.com.br\/index.php\/2023\/11\/25\/confira-lista-com-cinco-concursos-publicos-com-salarios-de-ate-13-mil\/","url_meta":{"origin":30067,"position":3},"title":"Confira lista com cinco concursos p\u00fablicos com sal\u00e1rios de at\u00e9 13 mil\u00a0","author":"ismaelcolosi.com.br","date":"25 de November de 2023","format":false,"excerpt":"Para quem est\u00e1 em busca de oportunidades, o acidadeon Ribeir\u00e3o Preto preparou uma lista com cinco\u00a0concursos que est\u00e3o com inscri\u00e7\u00f5es abertas para. H\u00e1 op\u00e7\u00f5es com sal\u00e1rios que variam entre R$ 1,9 mil a R$ 13,9 mil.\u00a0\u00a0 Confira mais informa\u00e7\u00f5es sobre as vagas abaixo: PREFEITURA MUNICIPAL DE RIBEIR\u00c3O PRETO\u00a0 A Prefeitura\u2026","rel":"","context":"In &quot;Not\u00edcias de Ribeir\u00e3o Preto-SP e Regi\u00e3o&quot;","block_context":{"text":"Not\u00edcias de Ribeir\u00e3o Preto-SP e Regi\u00e3o","link":"https:\/\/ismaelcolosi.com.br\/index.php\/category\/noticias-de-ribeirao-preto-sp-e-regiao-ismael-colosi\/"},"img":{"alt_text":"","src":"https:\/\/i0.wp.com\/ismaelcolosi.com.br\/wp-content\/uploads\/2023\/11\/mao-com-a-pena-sobre-o-formulario-de-candidatura-scaled.jpg?fit=1200%2C801&ssl=1&resize=350%2C200","width":350,"height":200,"srcset":"https:\/\/i0.wp.com\/ismaelcolosi.com.br\/wp-content\/uploads\/2023\/11\/mao-com-a-pena-sobre-o-formulario-de-candidatura-scaled.jpg?fit=1200%2C801&ssl=1&resize=350%2C200 1x, https:\/\/i0.wp.com\/ismaelcolosi.com.br\/wp-content\/uploads\/2023\/11\/mao-com-a-pena-sobre-o-formulario-de-candidatura-scaled.jpg?fit=1200%2C801&ssl=1&resize=525%2C300 1.5x, https:\/\/i0.wp.com\/ismaelcolosi.com.br\/wp-content\/uploads\/2023\/11\/mao-com-a-pena-sobre-o-formulario-de-candidatura-scaled.jpg?fit=1200%2C801&ssl=1&resize=700%2C400 2x, https:\/\/i0.wp.com\/ismaelcolosi.com.br\/wp-content\/uploads\/2023\/11\/mao-com-a-pena-sobre-o-formulario-de-candidatura-scaled.jpg?fit=1200%2C801&ssl=1&resize=1050%2C600 3x"},"classes":[]},{"id":792,"url":"https:\/\/ismaelcolosi.com.br\/index.php\/2023\/11\/09\/prefeitura-de-ribeirao-preto-abre-concurso-publico-com-9-vagas-e-salarios-de-r-5-mil\/","url_meta":{"origin":30067,"position":4},"title":"Prefeitura de Ribeir\u00e3o Preto abre concurso p\u00fablico com 9 vagas e sal\u00e1rios de R$ 5 mil","author":"ismaelcolosi.com.br","date":"9 de November de 2023","format":false,"excerpt":"A Prefeitura de Ribeir\u00e3o Preto publicou nesta quarta-feira (8) edital de concurso p\u00fablico com 9 vagas e sal\u00e1rios que variam entre R$ 5.144,66 e R$ 5.930,64. As vagas s\u00e3o de n\u00edvel superior e os aprovados ser\u00e3o lotados na Secretaria de Administra\u00e7\u00e3o. As inscri\u00e7\u00f5es dever\u00e3o ser realizadas no per\u00edodo entre 13\u2026","rel":"","context":"In &quot;Not\u00edcias de Ribeir\u00e3o Preto-SP e Regi\u00e3o&quot;","block_context":{"text":"Not\u00edcias de Ribeir\u00e3o Preto-SP e Regi\u00e3o","link":"https:\/\/ismaelcolosi.com.br\/index.php\/category\/noticias-de-ribeirao-preto-sp-e-regiao-ismael-colosi\/"},"img":{"alt_text":"","src":"https:\/\/i0.wp.com\/ismaelcolosi.com.br\/wp-content\/uploads\/2023\/11\/concurso-publico-16.jpg?fit=1200%2C801&ssl=1&resize=350%2C200","width":350,"height":200,"srcset":"https:\/\/i0.wp.com\/ismaelcolosi.com.br\/wp-content\/uploads\/2023\/11\/concurso-publico-16.jpg?fit=1200%2C801&ssl=1&resize=350%2C200 1x, https:\/\/i0.wp.com\/ismaelcolosi.com.br\/wp-content\/uploads\/2023\/11\/concurso-publico-16.jpg?fit=1200%2C801&ssl=1&resize=525%2C300 1.5x, https:\/\/i0.wp.com\/ismaelcolosi.com.br\/wp-content\/uploads\/2023\/11\/concurso-publico-16.jpg?fit=1200%2C801&ssl=1&resize=700%2C400 2x, https:\/\/i0.wp.com\/ismaelcolosi.com.br\/wp-content\/uploads\/2023\/11\/concurso-publico-16.jpg?fit=1200%2C801&ssl=1&resize=1050%2C600 3x"},"classes":[]},{"id":33398,"url":"https:\/\/ismaelcolosi.com.br\/index.php\/2024\/01\/29\/abertas-as-inscricoes-para-concurso-publico-com-salario-de-r-8-mil-em-ribeirao-preto\/","url_meta":{"origin":30067,"position":5},"title":"Abertas as inscri\u00e7\u00f5es para concurso p\u00fablico com sal\u00e1rio de R$ 8 mil em Ribeir\u00e3o Preto","author":"ismaelcolosi.com.br","date":"29 de January de 2024","format":false,"excerpt":"As inscri\u00e7\u00f5es para o concurso de Fiscal Fazend\u00e1rio da Prefeitura de Ribeir\u00e3o Preto come\u00e7aram nesta segunda-feira (29). Ao todo, s\u00e3o 10 vagas para o cargo que ter\u00e1 o sal\u00e1rio de R$ 8.852,98 por 40h de trabalho semanais. Os interessados devem se inscrever at\u00e9 o dia 1\u00ba de mar\u00e7o no site\u2026","rel":"","context":"In &quot;Not\u00edcias de Ribeir\u00e3o Preto-SP e Regi\u00e3o&quot;","block_context":{"text":"Not\u00edcias de Ribeir\u00e3o Preto-SP e Regi\u00e3o","link":"https:\/\/ismaelcolosi.com.br\/index.php\/category\/noticias-de-ribeirao-preto-sp-e-regiao-ismael-colosi\/"},"img":{"alt_text":"","src":"https:\/\/i0.wp.com\/ismaelcolosi.com.br\/wp-content\/uploads\/2024\/01\/mao-com-a-pena-sobre-o-formulario-de-candidatura-scaled.jpg?fit=1200%2C801&ssl=1&resize=350%2C200","width":350,"height":200,"srcset":"https:\/\/i0.wp.com\/ismaelcolosi.com.br\/wp-content\/uploads\/2024\/01\/mao-com-a-pena-sobre-o-formulario-de-candidatura-scaled.jpg?fit=1200%2C801&ssl=1&resize=350%2C200 1x, https:\/\/i0.wp.com\/ismaelcolosi.com.br\/wp-content\/uploads\/2024\/01\/mao-com-a-pena-sobre-o-formulario-de-candidatura-scaled.jpg?fit=1200%2C801&ssl=1&resize=525%2C300 1.5x, https:\/\/i0.wp.com\/ismaelcolosi.com.br\/wp-content\/uploads\/2024\/01\/mao-com-a-pena-sobre-o-formulario-de-candidatura-scaled.jpg?fit=1200%2C801&ssl=1&resize=700%2C400 2x, https:\/\/i0.wp.com\/ismaelcolosi.com.br\/wp-content\/uploads\/2024\/01\/mao-com-a-pena-sobre-o-formulario-de-candidatura-scaled.jpg?fit=1200%2C801&ssl=1&resize=1050%2C600 3x"},"classes":[]}],"jetpack_sharing_enabled":true,"jetpack_shortlink":"https:\/\/wp.me\/pfMlyK-7OX","_links":{"self":[{"href":"https:\/\/ismaelcolosi.com.br\/index.php\/wp-json\/wp\/v2\/posts\/30067","targetHints":{"allow":["GET"]}}],"collection":[{"href":"https:\/\/ismaelcolosi.com.br\/index.php\/wp-json\/wp\/v2\/posts"}],"about":[{"href":"https:\/\/ismaelcolosi.com.br\/index.php\/wp-json\/wp\/v2\/types\/post"}],"author":[{"embeddable":true,"href":"https:\/\/ismaelcolosi.com.br\/index.php\/wp-json\/wp\/v2\/users\/1"}],"replies":[{"embeddable":true,"href":"https:\/\/ismaelcolosi.com.br\/index.php\/wp-json\/wp\/v2\/comments?post=30067"}],"version-history":[{"count":0,"href":"https:\/\/ismaelcolosi.com.br\/index.php\/wp-json\/wp\/v2\/posts\/30067\/revisions"}],"wp:featuredmedia":[{"embeddable":true,"href":"https:\/\/ismaelcolosi.com.br\/index.php\/wp-json\/wp\/v2\/media\/30068"}],"wp:attachment":[{"href":"https:\/\/ismaelcolosi.com.br\/index.php\/wp-json\/wp\/v2\/media?parent=30067"}],"wp:term":[{"taxonomy":"category","embeddable":true,"href":"https:\/\/ismaelcolosi.com.br\/index.php\/wp-json\/wp\/v2\/categories?post=30067"},{"taxonomy":"post_tag","embeddable":true,"href":"https:\/\/ismaelcolosi.com.br\/index.php\/wp-json\/wp\/v2\/tags?post=30067"}],"curies":[{"name":"wp","href":"https:\/\/api.w.org\/{rel}","templated":true}]}}