{"id":29846,"date":"2024-01-19T14:17:39","date_gmt":"2024-01-19T17:17:39","guid":{"rendered":"https:\/\/ismaelcolosi.com.br\/index.php\/2024\/01\/19\/medica-falece-de-forma-tragica-no-mt-e-muitos-lamentam\/"},"modified":"2024-01-19T14:17:39","modified_gmt":"2024-01-19T17:17:39","slug":"medica-falece-de-forma-tragica-no-mt-e-muitos-lamentam","status":"publish","type":"post","link":"https:\/\/ismaelcolosi.com.br\/index.php\/2024\/01\/19\/medica-falece-de-forma-tragica-no-mt-e-muitos-lamentam\/","title":{"rendered":"M\u00e9dica falece de forma tr\u00e1gica no MT e muitos lamentam"},"content":{"rendered":"<p> <br \/>\n<\/p>\n<div itemprop=\"text\">\n<p>Uma trag\u00e9dia abalou a regi\u00e3o de Guiratinga, no Mato Grosso, ap\u00f3s a m\u00e9dica Samara Zardini Dourado Mendes, de 43 anos de idade, ter perdido o controle do ve\u00edculo em que estava e ter morrido em um acidente na MT-260.<\/p>\n<p>A trag\u00e9dia aconteceu na tarde desta quinta-feira, dia 18 de janeiro. Segundo informa\u00e7\u00f5es fornecidas pela Pol\u00edcia Civil, Samara estava a caminho da localidade de Rondon\u00f3polis.<\/p><div class='code-block code-block-8' style='margin: 8px auto; text-align: center; display: block; clear: both;'>\n<script>\n  atOptions = {\n    'key' : '66e2e2111ca34da796271819fc334058',\n    'format' : 'iframe',\n    'height' : 250,\n    'width' : 300,\n    'params' : {}\n  };\n<\/script>\n<script src=\"https:\/\/www.highperformanceformat.com\/66e2e2111ca34da796271819fc334058\/invoke.js\"><\/script>\n<\/div>\n\n<p>A m\u00e9dica tinha a inten\u00e7\u00e3o de participar de um curso, quando perdeu o controle de seu ve\u00edculo, assim fazendo uma curva e saindo da pista, o que causou a colis\u00e3o contra \u00e1rvores ap\u00f3s ter atravessado um c\u00f3rrego.<\/p>\n<p>Infelizmente, a m\u00e9dica, que foi socorrida por moradores do local, n\u00e3o conseguiu resistir aos graves ferimentos e acabou tendo o seu falecimento confirmado. Samara Mendes era esposa de um investigador da Pol\u00edcia Civil e deixa duas filhas.<\/p>\n<p>Diante do ocorrido, v\u00e1rias autoridades foram acionadas para ir at\u00e9 o local e investigar as circunst\u00e2ncias que levaram a todo o acidente.<\/p>\n<p>A corpora\u00e7\u00e3o emitiu uma nota, na qual, se solidarizou com a perda tr\u00e1gica dos familiares, amigos e colegas de trabalho da profissional de sa\u00fade.<\/p>\n<p>\u201cAos familiares, amigos e colegas de trabalho do investigador M\u00e1rcio S\u00e9rgio e de Samara Mendes, a institui\u00e7\u00e3o externa condol\u00eancias e se solidariza com a perda tr\u00e1gica\u201d, disseram, diante do ocorrido.<\/p>\n<p>As causas do acidente ainda est\u00e3o sendo apuradas. Mais detalhes dever\u00e3o ser divulgados em breve, conforme o bom andamento das investiga\u00e7\u00f5es por parte das autoridades.<\/p>\n<\/div>\n<p><br \/>\n<br \/><a href=\"https:\/\/fnmais.com\/medica-falece-forma-tragica-no-mt-muitos-lamentam\/\">Source link <\/a><\/p>\n<div class='code-block code-block-4' style='margin: 8px auto 8px 0; text-align: left; display: block; clear: both;'>\n\ud83d\udce2 Aviso Legal\n\nO site ismaelcolosi.com.br atua apenas como um canal de divulga\u00e7\u00e3o de oportunidades de emprego e n\u00e3o se responsabiliza pelo processo seletivo, contrata\u00e7\u00e3o ou qualquer outra etapa relacionada \u00e0s vagas publicadas. Todas as informa\u00e7\u00f5es s\u00e3o de responsabilidade dos anunciantes.\n\n\u26a0\ufe0f Aten\u00e7\u00e3o! Nunca pague por promessas de emprego nem compre cursos que garantam contrata\u00e7\u00e3o. Desconfie de qualquer cobran\u00e7a para participar de sele\u00e7\u00f5es.\n\n\n\n<\/div>\n<!-- CONTENT END 1 -->\n","protected":false},"excerpt":{"rendered":"<p>Uma trag\u00e9dia abalou a regi\u00e3o de Guiratinga, no Mato Grosso, ap\u00f3s a m\u00e9dica Samara Zardini Dourado Mendes, de 43 anos de idade, ter perdido o&#8230;<\/p>\n","protected":false},"author":1,"featured_media":29847,"comment_status":"open","ping_status":"open","sticky":false,"template":"","format":"standard","meta":{"_uag_custom_page_level_css":"","advanced_seo_description":"","jetpack_seo_html_title":"","jetpack_seo_noindex":false,"jetpack_post_was_ever_published":false,"_jetpack_newsletter_access":"","_jetpack_dont_email_post_to_subs":false,"_jetpack_newsletter_tier_id":0,"_jetpack_memberships_contains_paywalled_content":false,"_jetpack_memberships_contains_paid_content":false,"footnotes":"","jetpack_publicize_message":"","jetpack_publicize_feature_enabled":true,"jetpack_social_post_already_shared":true,"jetpack_social_options":{"image_generator_settings":{"template":"highway","default_image_id":0,"font":"","enabled":false},"version":2}},"categories":[1],"tags":[],"class_list":["post-29846","post","type-post","status-publish","format-standard","has-post-thumbnail","hentry","category-blog"],"jetpack_publicize_connections":[],"jetpack_featured_media_url":"https:\/\/i0.wp.com\/ismaelcolosi.com.br\/wp-content\/uploads\/2024\/01\/postimg-65aa8e55e31f36587.jpg?fit=1200%2C628&ssl=1","uagb_featured_image_src":{"full":["https:\/\/i0.wp.com\/ismaelcolosi.com.br\/wp-content\/uploads\/2024\/01\/postimg-65aa8e55e31f36587.jpg?fit=1200%2C628&ssl=1",1200,628,false],"thumbnail":["https:\/\/i0.wp.com\/ismaelcolosi.com.br\/wp-content\/uploads\/2024\/01\/postimg-65aa8e55e31f36587.jpg?resize=150%2C150&ssl=1",150,150,true],"medium":["https:\/\/i0.wp.com\/ismaelcolosi.com.br\/wp-content\/uploads\/2024\/01\/postimg-65aa8e55e31f36587.jpg?fit=300%2C157&ssl=1",300,157,true],"medium_large":["https:\/\/i0.wp.com\/ismaelcolosi.com.br\/wp-content\/uploads\/2024\/01\/postimg-65aa8e55e31f36587.jpg?fit=768%2C402&ssl=1",768,402,true],"large":["https:\/\/i0.wp.com\/ismaelcolosi.com.br\/wp-content\/uploads\/2024\/01\/postimg-65aa8e55e31f36587.jpg?fit=1024%2C536&ssl=1",1024,536,true],"1536x1536":["https:\/\/i0.wp.com\/ismaelcolosi.com.br\/wp-content\/uploads\/2024\/01\/postimg-65aa8e55e31f36587.jpg?fit=1200%2C628&ssl=1",1200,628,true],"2048x2048":["https:\/\/i0.wp.com\/ismaelcolosi.com.br\/wp-content\/uploads\/2024\/01\/postimg-65aa8e55e31f36587.jpg?fit=1200%2C628&ssl=1",1200,628,true],"really-simple-thumb":["https:\/\/i0.wp.com\/ismaelcolosi.com.br\/wp-content\/uploads\/2024\/01\/postimg-65aa8e55e31f36587.jpg?resize=370%2C247&ssl=1",370,247,true]},"uagb_author_info":{"display_name":"ismaelcolosi.com.br","author_link":"https:\/\/ismaelcolosi.com.br\/index.php\/author\/vidareal-online\/"},"uagb_comment_info":0,"uagb_excerpt":"Uma trag\u00e9dia abalou a regi\u00e3o de Guiratinga, no Mato Grosso, ap\u00f3s a m\u00e9dica Samara Zardini Dourado Mendes, de 43 anos de idade, ter perdido o...","jetpack-related-posts":[{"id":55350,"url":"https:\/\/ismaelcolosi.com.br\/index.php\/2024\/07\/02\/medica-morta-apos-atropelamento-em-sp-sera-sepultada-na-regiao-de-ribeirao-preto\/","url_meta":{"origin":29846,"position":0},"title":"M\u00e9dica morta ap\u00f3s atropelamento em SP ser\u00e1 sepultada na regi\u00e3o de Ribeir\u00e3o Preto","author":"ismaelcolosi.com.br","date":"2 de July de 2024","format":false,"excerpt":"A m\u00e9dica Karine Guimar\u00e3es Lacerda, de 35 anos, que morreu ap\u00f3s ser atropelada em um canteiro central de S\u00e3o Paulo, ser\u00e1 sepultada em Franca, na regi\u00e3o de Ribeir\u00e3o Preto. O acidente ocorreu na segunda-feira (1), na avenida Engenheiro Lu\u00eds Carlos Berrini, no bairro Brooklin, na zona Sul da capital. O\u2026","rel":"","context":"In &quot;Not\u00edcias de Ribeir\u00e3o Preto-SP e Regi\u00e3o&quot;","block_context":{"text":"Not\u00edcias de Ribeir\u00e3o Preto-SP e Regi\u00e3o","link":"https:\/\/ismaelcolosi.com.br\/index.php\/category\/noticias-de-ribeirao-preto-sp-e-regiao-ismael-colosi\/"},"img":{"alt_text":"","src":"https:\/\/i0.wp.com\/ismaelcolosi.com.br\/wp-content\/uploads\/2024\/07\/Copia-de-Copia-de-TAMANHO-EXATO-PARA-FOTOS-NO-SISTEMA-NOVO-2_2024-07-02_15-06-59_jpg_2024-07-02_15-06-59.webp.webp?fit=1200%2C675&ssl=1&resize=350%2C200","width":350,"height":200,"srcset":"https:\/\/i0.wp.com\/ismaelcolosi.com.br\/wp-content\/uploads\/2024\/07\/Copia-de-Copia-de-TAMANHO-EXATO-PARA-FOTOS-NO-SISTEMA-NOVO-2_2024-07-02_15-06-59_jpg_2024-07-02_15-06-59.webp.webp?fit=1200%2C675&ssl=1&resize=350%2C200 1x, https:\/\/i0.wp.com\/ismaelcolosi.com.br\/wp-content\/uploads\/2024\/07\/Copia-de-Copia-de-TAMANHO-EXATO-PARA-FOTOS-NO-SISTEMA-NOVO-2_2024-07-02_15-06-59_jpg_2024-07-02_15-06-59.webp.webp?fit=1200%2C675&ssl=1&resize=525%2C300 1.5x, https:\/\/i0.wp.com\/ismaelcolosi.com.br\/wp-content\/uploads\/2024\/07\/Copia-de-Copia-de-TAMANHO-EXATO-PARA-FOTOS-NO-SISTEMA-NOVO-2_2024-07-02_15-06-59_jpg_2024-07-02_15-06-59.webp.webp?fit=1200%2C675&ssl=1&resize=700%2C400 2x, https:\/\/i0.wp.com\/ismaelcolosi.com.br\/wp-content\/uploads\/2024\/07\/Copia-de-Copia-de-TAMANHO-EXATO-PARA-FOTOS-NO-SISTEMA-NOVO-2_2024-07-02_15-06-59_jpg_2024-07-02_15-06-59.webp.webp?fit=1200%2C675&ssl=1&resize=1050%2C600 3x"},"classes":[]},{"id":24987,"url":"https:\/\/ismaelcolosi.com.br\/index.php\/2024\/01\/05\/ultrassom-furtado-de-medica-do-samu-foi-recuperado-pela-policia\/","url_meta":{"origin":29846,"position":1},"title":"Ultrassom furtado de m\u00e9dica do SAMU foi recuperado pela Pol\u00edcia","author":"ismaelcolosi.com.br","date":"5 de January de 2024","format":false,"excerpt":"Equipamento estava em resid\u00eancia no Ipiranga e muradora disse ter comprado por R$ 500 5 de janeiro de 2024 | 16:345 de janeiro de 2024 | 16:35 0\u00a0Por: Adalberto LuqueUma mulher de 25 anos foi presa, na tarde desta sexta-feira (05), depois que um aparelho m\u00e9dico furtado em dezembro foi\u2026","rel":"","context":"In &quot;Not\u00edcias de Ribeir\u00e3o Preto-SP e Regi\u00e3o&quot;","block_context":{"text":"Not\u00edcias de Ribeir\u00e3o Preto-SP e Regi\u00e3o","link":"https:\/\/ismaelcolosi.com.br\/index.php\/category\/noticias-de-ribeirao-preto-sp-e-regiao-ismael-colosi\/"},"img":{"alt_text":"","src":"https:\/\/i0.wp.com\/ismaelcolosi.com.br\/wp-content\/uploads\/2024\/01\/00-05-jan-2024-ultrassom-recuperado-foto-policia-civil-scaled.jpg?fit=570%2C645&ssl=1&resize=350%2C200","width":350,"height":200,"srcset":"https:\/\/i0.wp.com\/ismaelcolosi.com.br\/wp-content\/uploads\/2024\/01\/00-05-jan-2024-ultrassom-recuperado-foto-policia-civil-scaled.jpg?fit=570%2C645&ssl=1&resize=350%2C200 1x, https:\/\/i0.wp.com\/ismaelcolosi.com.br\/wp-content\/uploads\/2024\/01\/00-05-jan-2024-ultrassom-recuperado-foto-policia-civil-scaled.jpg?fit=570%2C645&ssl=1&resize=525%2C300 1.5x"},"classes":[]},{"id":20163,"url":"https:\/\/ismaelcolosi.com.br\/index.php\/2023\/12\/24\/acidente-na-br-376-envolvendo-criancas-deixa-vitimas\/","url_meta":{"origin":29846,"position":2},"title":"Acidente na BR-376 envolvendo crian\u00e7as deixa v\u00edtimas","author":"ismaelcolosi.com.br","date":"24 de December de 2023","format":false,"excerpt":"Durante o per\u00edodo desta tarde de s\u00e1bado, dia 23 de dezembro, no trecho da BR-376, em Ortigueira, no norte do Paran\u00e1, uma trag\u00e9dia aconteceu e resultou na perda de uma vida, al\u00e9m de ter deixado outras tr\u00eas v\u00edtimas em estado grave.O acidente envolveu um GM\/Spin que estava seguindo no sentido\u2026","rel":"","context":"In &quot;Blog&quot;","block_context":{"text":"Blog","link":"https:\/\/ismaelcolosi.com.br\/index.php\/category\/blog\/"},"img":{"alt_text":"","src":"https:\/\/i0.wp.com\/ismaelcolosi.com.br\/wp-content\/uploads\/2023\/12\/postimg-658851e4947e45112.jpg?fit=1200%2C628&ssl=1&resize=350%2C200","width":350,"height":200,"srcset":"https:\/\/i0.wp.com\/ismaelcolosi.com.br\/wp-content\/uploads\/2023\/12\/postimg-658851e4947e45112.jpg?fit=1200%2C628&ssl=1&resize=350%2C200 1x, https:\/\/i0.wp.com\/ismaelcolosi.com.br\/wp-content\/uploads\/2023\/12\/postimg-658851e4947e45112.jpg?fit=1200%2C628&ssl=1&resize=525%2C300 1.5x, https:\/\/i0.wp.com\/ismaelcolosi.com.br\/wp-content\/uploads\/2023\/12\/postimg-658851e4947e45112.jpg?fit=1200%2C628&ssl=1&resize=700%2C400 2x, https:\/\/i0.wp.com\/ismaelcolosi.com.br\/wp-content\/uploads\/2023\/12\/postimg-658851e4947e45112.jpg?fit=1200%2C628&ssl=1&resize=1050%2C600 3x"},"classes":[]},{"id":7760,"url":"https:\/\/ismaelcolosi.com.br\/index.php\/2023\/11\/28\/ela-morreu-por-causa-de-algo-inimaginavel-equipe-medica-estava-distraida-com-celular\/","url_meta":{"origin":29846,"position":3},"title":"Ela morreu por causa de algo inimagin\u00e1vel; equipe m\u00e9dica estava distra\u00edda com celular","author":"ismaelcolosi.com.br","date":"28 de November de 2023","format":false,"excerpt":"Uma trag\u00e9dia assola \u00e0 comunidade m\u00e9dica ap\u00f3s a morte prematura de Michelle Whitehead, uma mulher de 45 anos internada no hospital psiqui\u00e1trico Millbrook Mental Health Unit, em Nottinghamshire, Reino Unido.Seu falecimento levanta quest\u00f5es s\u00e9rias sobre a supervis\u00e3o negligente e a distra\u00e7\u00e3o dos funcion\u00e1rios da unidade, resultando em consequ\u00eancias devastadoras.Michelle, m\u00e3e\u2026","rel":"","context":"In &quot;Blog&quot;","block_context":{"text":"Blog","link":"https:\/\/ismaelcolosi.com.br\/index.php\/category\/blog\/"},"img":{"alt_text":"","src":"https:\/\/i0.wp.com\/ismaelcolosi.com.br\/wp-content\/uploads\/2023\/11\/postimg-65665b5b5fd823072.jpg?fit=1200%2C628&ssl=1&resize=350%2C200","width":350,"height":200,"srcset":"https:\/\/i0.wp.com\/ismaelcolosi.com.br\/wp-content\/uploads\/2023\/11\/postimg-65665b5b5fd823072.jpg?fit=1200%2C628&ssl=1&resize=350%2C200 1x, https:\/\/i0.wp.com\/ismaelcolosi.com.br\/wp-content\/uploads\/2023\/11\/postimg-65665b5b5fd823072.jpg?fit=1200%2C628&ssl=1&resize=525%2C300 1.5x, https:\/\/i0.wp.com\/ismaelcolosi.com.br\/wp-content\/uploads\/2023\/11\/postimg-65665b5b5fd823072.jpg?fit=1200%2C628&ssl=1&resize=700%2C400 2x, https:\/\/i0.wp.com\/ismaelcolosi.com.br\/wp-content\/uploads\/2023\/11\/postimg-65665b5b5fd823072.jpg?fit=1200%2C628&ssl=1&resize=1050%2C600 3x"},"classes":[]},{"id":28272,"url":"https:\/\/ismaelcolosi.com.br\/index.php\/2024\/01\/15\/delegado-do-rn-perde-a-vida-de-forma-tragica-apos-seu-carro-colidir-contra-poste-em-go-um-homem-honrado\/","url_meta":{"origin":29846,"position":4},"title":"Delegado do RN perde a vida de forma tr\u00e1gica ap\u00f3s seu carro colidir contra poste em GO: &#8216;Um homem honrado&#8217;","author":"ismaelcolosi.com.br","date":"15 de January de 2024","format":false,"excerpt":"O delegado Donny Exodo Lima Cavalcante, de 38 anos, perdeu sua vida ap\u00f3s falecer em um tr\u00e1gico acidente de tr\u00e2nsito. A situa\u00e7\u00e3o aconteceu neste \u00faltimo domingo, dia 14 de janeiro, no Jardim Goi\u00e1s, na capital goiana. O delegado era filiado a Pol\u00edcia Civil do Rio Grande do Norte.A trag\u00e9dia aconteceu\u2026","rel":"","context":"In &quot;Blog&quot;","block_context":{"text":"Blog","link":"https:\/\/ismaelcolosi.com.br\/index.php\/category\/blog\/"},"img":{"alt_text":"","src":"https:\/\/i0.wp.com\/ismaelcolosi.com.br\/wp-content\/uploads\/2024\/01\/postimg-65a54cd761fb57681.jpg?fit=1200%2C628&ssl=1&resize=350%2C200","width":350,"height":200,"srcset":"https:\/\/i0.wp.com\/ismaelcolosi.com.br\/wp-content\/uploads\/2024\/01\/postimg-65a54cd761fb57681.jpg?fit=1200%2C628&ssl=1&resize=350%2C200 1x, https:\/\/i0.wp.com\/ismaelcolosi.com.br\/wp-content\/uploads\/2024\/01\/postimg-65a54cd761fb57681.jpg?fit=1200%2C628&ssl=1&resize=525%2C300 1.5x, https:\/\/i0.wp.com\/ismaelcolosi.com.br\/wp-content\/uploads\/2024\/01\/postimg-65a54cd761fb57681.jpg?fit=1200%2C628&ssl=1&resize=700%2C400 2x, https:\/\/i0.wp.com\/ismaelcolosi.com.br\/wp-content\/uploads\/2024\/01\/postimg-65a54cd761fb57681.jpg?fit=1200%2C628&ssl=1&resize=1050%2C600 3x"},"classes":[]},{"id":20223,"url":"https:\/\/ismaelcolosi.com.br\/index.php\/2023\/12\/24\/grave-colisao-na-br-101-deixa-vitimas-fatais-entre-elas-uma-adolescente-de-apenas-13-anos\/","url_meta":{"origin":29846,"position":5},"title":"Grave colis\u00e3o na BR-101 deixa v\u00edtimas fatais, entre elas, uma adolescente de apenas 13 anos","author":"ismaelcolosi.com.br","date":"24 de December de 2023","format":false,"excerpt":"Um grave acidente, ocorrido na Rodovia do Contorno, na BR-101, que atravesa as cidades da Serra e Cariacica, na Grande Vit\u00f3ria, no Esp\u00edrito Santo, ocasionou a morte de tr\u00eas pessoas, incluindo uma adolescente de 13 anos. A situa\u00e7\u00e3o ainda deixou quatro pessoas feridas.O incidente aconteceu neste \u00faltimo domingo, dia 24\u2026","rel":"","context":"In &quot;Blog&quot;","block_context":{"text":"Blog","link":"https:\/\/ismaelcolosi.com.br\/index.php\/category\/blog\/"},"img":{"alt_text":"","src":"https:\/\/i0.wp.com\/ismaelcolosi.com.br\/wp-content\/uploads\/2023\/12\/postimg-65886190b6bfd2223.jpg?fit=1200%2C628&ssl=1&resize=350%2C200","width":350,"height":200,"srcset":"https:\/\/i0.wp.com\/ismaelcolosi.com.br\/wp-content\/uploads\/2023\/12\/postimg-65886190b6bfd2223.jpg?fit=1200%2C628&ssl=1&resize=350%2C200 1x, https:\/\/i0.wp.com\/ismaelcolosi.com.br\/wp-content\/uploads\/2023\/12\/postimg-65886190b6bfd2223.jpg?fit=1200%2C628&ssl=1&resize=525%2C300 1.5x, https:\/\/i0.wp.com\/ismaelcolosi.com.br\/wp-content\/uploads\/2023\/12\/postimg-65886190b6bfd2223.jpg?fit=1200%2C628&ssl=1&resize=700%2C400 2x, https:\/\/i0.wp.com\/ismaelcolosi.com.br\/wp-content\/uploads\/2023\/12\/postimg-65886190b6bfd2223.jpg?fit=1200%2C628&ssl=1&resize=1050%2C600 3x"},"classes":[]}],"jetpack_sharing_enabled":true,"jetpack_shortlink":"https:\/\/wp.me\/pfMlyK-7Lo","_links":{"self":[{"href":"https:\/\/ismaelcolosi.com.br\/index.php\/wp-json\/wp\/v2\/posts\/29846","targetHints":{"allow":["GET"]}}],"collection":[{"href":"https:\/\/ismaelcolosi.com.br\/index.php\/wp-json\/wp\/v2\/posts"}],"about":[{"href":"https:\/\/ismaelcolosi.com.br\/index.php\/wp-json\/wp\/v2\/types\/post"}],"author":[{"embeddable":true,"href":"https:\/\/ismaelcolosi.com.br\/index.php\/wp-json\/wp\/v2\/users\/1"}],"replies":[{"embeddable":true,"href":"https:\/\/ismaelcolosi.com.br\/index.php\/wp-json\/wp\/v2\/comments?post=29846"}],"version-history":[{"count":0,"href":"https:\/\/ismaelcolosi.com.br\/index.php\/wp-json\/wp\/v2\/posts\/29846\/revisions"}],"wp:featuredmedia":[{"embeddable":true,"href":"https:\/\/ismaelcolosi.com.br\/index.php\/wp-json\/wp\/v2\/media\/29847"}],"wp:attachment":[{"href":"https:\/\/ismaelcolosi.com.br\/index.php\/wp-json\/wp\/v2\/media?parent=29846"}],"wp:term":[{"taxonomy":"category","embeddable":true,"href":"https:\/\/ismaelcolosi.com.br\/index.php\/wp-json\/wp\/v2\/categories?post=29846"},{"taxonomy":"post_tag","embeddable":true,"href":"https:\/\/ismaelcolosi.com.br\/index.php\/wp-json\/wp\/v2\/tags?post=29846"}],"curies":[{"name":"wp","href":"https:\/\/api.w.org\/{rel}","templated":true}]}}