{"id":29802,"date":"2024-01-19T12:36:48","date_gmt":"2024-01-19T15:36:48","guid":{"rendered":"https:\/\/ismaelcolosi.com.br\/index.php\/2024\/01\/19\/oi-indica-novo-presidente-executivo-forbes\/"},"modified":"2024-01-19T12:36:48","modified_gmt":"2024-01-19T15:36:48","slug":"oi-indica-novo-presidente-executivo-forbes","status":"publish","type":"post","link":"https:\/\/ismaelcolosi.com.br\/index.php\/2024\/01\/19\/oi-indica-novo-presidente-executivo-forbes\/","title":{"rendered":"Oi indica novo presidente-executivo &#8211; Forbes"},"content":{"rendered":"<p> <br \/>\n<\/p>\n<div>\n<div id=\"attachment_591012\" class=\"wp-caption alignnone style=\" max-width:=\"\"><img data-recalc-dims=\"1\" fetchpriority=\"high\" decoding=\"async\" class=\"alignnone alignnone size-medium wp-image-591012\" src=\"https:\/\/i0.wp.com\/forbes.com.br\/wp-content\/uploads\/2024\/01\/money-oi-telecom-768x512.jpg?resize=678%2C452&#038;ssl=1\" http:=\"\" alt=\"Logo Oi - Imagem: Getty Images\" width=\"678\" height=\"452\" data-lazy-src=\"https:\/\/forbes.com.br\/wp-content\/uploads\/2024\/01\/money-oi-telecom-768x512.jpg\"\/><noscript><img data-recalc-dims=\"1\" fetchpriority=\"high\" decoding=\"async\" class=\"alignnone alignnone size-medium wp-image-591012\" src=\"https:\/\/i0.wp.com\/forbes.com.br\/wp-content\/uploads\/2024\/01\/money-oi-telecom-768x512.jpg?resize=678%2C452&#038;ssl=1\" alt=\"Logo Oi - Imagem: Getty Images\" width=\"678\" height=\"452\"\/><\/noscript><\/p>\n<p>Logo Oi &#8211; Imagem: Getty Images<\/p><div class='code-block code-block-8' style='margin: 8px auto; text-align: center; display: block; clear: both;'>\n<script>\n  atOptions = {\n    'key' : '66e2e2111ca34da796271819fc334058',\n    'format' : 'iframe',\n    'height' : 250,\n    'width' : 300,\n    'params' : {}\n  };\n<\/script>\n<script src=\"https:\/\/www.highperformanceformat.com\/66e2e2111ca34da796271819fc334058\/invoke.js\"><\/script>\n<\/div>\n\n<p class=\"wp-caption-text\">Sob nova lideran\u00e7a, Oi deve apresentar novo plano de Recupera\u00e7\u00e3o Judicial at\u00e9 o final do m\u00eas<\/p>\n<\/div>\n<p>A companhia de telecomunica\u00e7\u00f5es Oi, que atravessa uma segunda recupera\u00e7\u00e3o judicial consecutiva, anunciou no final da noite de quinta-feira (18) que o atual presidente-executivo n\u00e3o vai renovar contrato com a empresa e que ser\u00e1 substitu\u00eddo por membro independente do conselho de administra\u00e7\u00e3o.<\/p>\n<h3>Siga o canal da <a href=\"https:\/\/whatsapp.com\/channel\/0029Va9gQKwBFLgM96cJnu0u\" target=\"_blank\" rel=\"noopener\">Forbes<\/a> e de <a href=\"https:\/\/whatsapp.com\/channel\/0029VaAZk57JuyA9F4UwQc2I\" target=\"_blank\" rel=\"noopener\">Forbes Money<\/a> no WhatsApp e receba as principais not\u00edcias sobre neg\u00f3cios, carreira, tecnologia e estilo de vida<\/h3>\n<p>\u201cO executivo e o conselho de administra\u00e7\u00e3o tomaram a decis\u00e3o, de comum acordo, de n\u00e3o renova\u00e7\u00e3o do mandato para o pr\u00f3ximo per\u00edodo\u201d, afirmou a Oi se referindo a Rodrigo Modesto de Abreu.<\/p>\n<p>O mandato de dois anos de Abreu acaba no final deste m\u00eas e para seu lugar a companhia indicou Mateus Affonso Bandeira, que tamb\u00e9m \u00e9 conselheiro da Vibra Energia, Intelbr\u00e1s e Marcopolo, e j\u00e1 foi presidente-executivo da consultoria Falconi e do Banrisul.<\/p>\n<h3><strong><a href=\"https:\/\/t.me\/forbesmoney\" target=\"_blank\" rel=\"noopener\">Acompanhe em primeira m\u00e3o o conte\u00fado do Forbes Money no Telegram<\/a><\/strong><\/h3>\n<p>\u201cNessa nova fase da Oi, al\u00e9m dos desafios imediatos de aprova\u00e7\u00e3o do novo plano de recupera\u00e7\u00e3o judicial e conclus\u00e3o do acordo para a resolu\u00e7\u00e3o da concess\u00e3o STFC, a companhia manter\u00e1 o foco cr\u00edtico na redu\u00e7\u00e3o dos custos operacionais em todas as suas \u00e1reas, em particular nas \u00e1reas ligadas \u00e0s opera\u00e7\u00f5es legadas, e na acelera\u00e7\u00e3o de suas opera\u00e7\u00f5es Oi Fibra e Oi Solu\u00e7\u00f5es\u201d, afirmou a empresa em comunicado ao mercado.<\/p>\n<p>A expectativa da Oi \u00e9 que o novo plano seja apresentado at\u00e9 o final deste m\u00eas.<\/p>\n<\/div>\n<p><script type=\"rocketlazyloadscript\">\n\t\t\t\t(function(d, s, id){\n\t\t\t\t\tvar js, fjs = d.getElementsByTagName(s)[0];\n\t\t\t\t\tif (d.getElementById(id)) return;\n\t\t\t\t\tjs = d.createElement(s); js.id = id;\n\t\t\t\t\tjs.src = \"\/\/connect.facebook.net\/pt_BR\/sdk.js#xfbml=1&version=v2.9\";\n\t\t\t\t\tfjs.parentNode.insertBefore(js, fjs);\n\t\t\t\t}(document, 'script', 'facebook-jssdk'));\n\t\t\t<\/script><br \/>\n<br \/><br \/>\n<br \/><a href=\"https:\/\/forbes.com.br\/forbes-money\/2024\/01\/oi-indica-novo-presidente-executivo\/\">Source link <\/a><\/p>\n<div class='code-block code-block-4' style='margin: 8px auto 8px 0; text-align: left; display: block; clear: both;'>\n\ud83d\udce2 Aviso Legal\n\nO site ismaelcolosi.com.br atua apenas como um canal de divulga\u00e7\u00e3o de oportunidades de emprego e n\u00e3o se responsabiliza pelo processo seletivo, contrata\u00e7\u00e3o ou qualquer outra etapa relacionada \u00e0s vagas publicadas. Todas as informa\u00e7\u00f5es s\u00e3o de responsabilidade dos anunciantes.\n\n\u26a0\ufe0f Aten\u00e7\u00e3o! Nunca pague por promessas de emprego nem compre cursos que garantam contrata\u00e7\u00e3o. Desconfie de qualquer cobran\u00e7a para participar de sele\u00e7\u00f5es.\n\n\n\n<\/div>\n<!-- CONTENT END 1 -->\n","protected":false},"excerpt":{"rendered":"<p>Logo Oi &#8211; Imagem: Getty Images Sob nova lideran\u00e7a, Oi deve apresentar novo plano de Recupera\u00e7\u00e3o Judicial at\u00e9 o final do m\u00eas A companhia de&#8230;<\/p>\n","protected":false},"author":1,"featured_media":29803,"comment_status":"open","ping_status":"open","sticky":false,"template":"","format":"standard","meta":{"_uag_custom_page_level_css":"","advanced_seo_description":"","jetpack_seo_html_title":"","jetpack_seo_noindex":false,"jetpack_post_was_ever_published":false,"_jetpack_newsletter_access":"","_jetpack_dont_email_post_to_subs":false,"_jetpack_newsletter_tier_id":0,"_jetpack_memberships_contains_paywalled_content":false,"_jetpack_memberships_contains_paid_content":false,"footnotes":"","jetpack_publicize_message":"","jetpack_publicize_feature_enabled":true,"jetpack_social_post_already_shared":true,"jetpack_social_options":{"image_generator_settings":{"template":"highway","default_image_id":0,"font":"","enabled":false},"version":2}},"categories":[1964],"tags":[],"class_list":["post-29802","post","type-post","status-publish","format-standard","has-post-thumbnail","hentry","category-carreira-e-sucesso-dicas-para-carreira"],"jetpack_publicize_connections":[],"jetpack_featured_media_url":"https:\/\/i0.wp.com\/ismaelcolosi.com.br\/wp-content\/uploads\/2024\/01\/money-oi-telecom-1024x683.jpg?fit=1024%2C683&ssl=1","uagb_featured_image_src":{"full":["https:\/\/i0.wp.com\/ismaelcolosi.com.br\/wp-content\/uploads\/2024\/01\/money-oi-telecom-1024x683.jpg?fit=1024%2C683&ssl=1",1024,683,false],"thumbnail":["https:\/\/i0.wp.com\/ismaelcolosi.com.br\/wp-content\/uploads\/2024\/01\/money-oi-telecom-1024x683.jpg?resize=150%2C150&ssl=1",150,150,true],"medium":["https:\/\/i0.wp.com\/ismaelcolosi.com.br\/wp-content\/uploads\/2024\/01\/money-oi-telecom-1024x683.jpg?fit=300%2C200&ssl=1",300,200,true],"medium_large":["https:\/\/i0.wp.com\/ismaelcolosi.com.br\/wp-content\/uploads\/2024\/01\/money-oi-telecom-1024x683.jpg?fit=768%2C512&ssl=1",768,512,true],"large":["https:\/\/i0.wp.com\/ismaelcolosi.com.br\/wp-content\/uploads\/2024\/01\/money-oi-telecom-1024x683.jpg?fit=1024%2C683&ssl=1",1024,683,true],"1536x1536":["https:\/\/i0.wp.com\/ismaelcolosi.com.br\/wp-content\/uploads\/2024\/01\/money-oi-telecom-1024x683.jpg?fit=1024%2C683&ssl=1",1024,683,true],"2048x2048":["https:\/\/i0.wp.com\/ismaelcolosi.com.br\/wp-content\/uploads\/2024\/01\/money-oi-telecom-1024x683.jpg?fit=1024%2C683&ssl=1",1024,683,true],"really-simple-thumb":["https:\/\/i0.wp.com\/ismaelcolosi.com.br\/wp-content\/uploads\/2024\/01\/money-oi-telecom-1024x683.jpg?resize=370%2C247&ssl=1",370,247,true]},"uagb_author_info":{"display_name":"ismaelcolosi.com.br","author_link":"https:\/\/ismaelcolosi.com.br\/index.php\/author\/vidareal-online\/"},"uagb_comment_info":0,"uagb_excerpt":"Logo Oi &#8211; Imagem: Getty Images Sob nova lideran\u00e7a, Oi deve apresentar novo plano de Recupera\u00e7\u00e3o Judicial at\u00e9 o final do m\u00eas A companhia de...","jetpack-related-posts":[{"id":87257,"url":"https:\/\/ismaelcolosi.com.br\/index.php\/2025\/08\/26\/quem-e-o-novo-presidente-da-americanas\/","url_meta":{"origin":29802,"position":0},"title":"Quem \u00e9 o Novo Presidente da Americanas","author":"ismaelcolosi.com.br","date":"26 de August de 2025","format":false,"excerpt":"\r \r \r \r Fernando Dias Soares, at\u00e9 ent\u00e3o vice-presidente de opera\u00e7\u00f5es da companhia, substitui Leonardo Coelho, que passar\u00e1 a integrar o Comit\u00ea Financeiro \r \r \r \r Reprodu\u00e7\u00e3o\/LinkedIn\r Novo CEO da Americanas, Fernando Soares j\u00e1 esteve \u00e0 frente de companhias como Ambev e Domino\u2019s\r Acessibilidade \r L\r L\r A-\r\u2026","rel":"","context":"In &quot;Carreira e Sucesso&quot;","block_context":{"text":"Carreira e Sucesso","link":"https:\/\/ismaelcolosi.com.br\/index.php\/category\/carreira-e-sucesso-dicas-para-carreira\/"},"img":{"alt_text":"","src":"https:\/\/i0.wp.com\/ismaelcolosi.com.br\/wp-content\/uploads\/2025\/08\/carreira-presidente-americanas-fernando-soares-1200x675.jpg?fit=1200%2C675&ssl=1&resize=350%2C200","width":350,"height":200,"srcset":"https:\/\/i0.wp.com\/ismaelcolosi.com.br\/wp-content\/uploads\/2025\/08\/carreira-presidente-americanas-fernando-soares-1200x675.jpg?fit=1200%2C675&ssl=1&resize=350%2C200 1x, https:\/\/i0.wp.com\/ismaelcolosi.com.br\/wp-content\/uploads\/2025\/08\/carreira-presidente-americanas-fernando-soares-1200x675.jpg?fit=1200%2C675&ssl=1&resize=525%2C300 1.5x, https:\/\/i0.wp.com\/ismaelcolosi.com.br\/wp-content\/uploads\/2025\/08\/carreira-presidente-americanas-fernando-soares-1200x675.jpg?fit=1200%2C675&ssl=1&resize=700%2C400 2x, https:\/\/i0.wp.com\/ismaelcolosi.com.br\/wp-content\/uploads\/2025\/08\/carreira-presidente-americanas-fernando-soares-1200x675.jpg?fit=1200%2C675&ssl=1&resize=1050%2C600 3x"},"classes":[]},{"id":32763,"url":"https:\/\/ismaelcolosi.com.br\/index.php\/2024\/01\/26\/gol-nao-espera-demissoes-por-recuperacao-judicial\/","url_meta":{"origin":29802,"position":1},"title":"Gol n\u00e3o espera demiss\u00f5es por recupera\u00e7\u00e3o judicial","author":"ismaelcolosi.com.br","date":"26 de January de 2024","format":false,"excerpt":"ReutersA Gol segue o caminho de outras companhias a\u00e9reas latino-americanas, como a colombiana Avianca, a mexicana Aeromexico e a chilena Latam Airlines O presidente-executivo da companhia a\u00e9rea Gol n\u00e3o prev\u00ea demiss\u00f5es de pessoal relacionadas ao pedido de recupera\u00e7\u00e3o judicial feito pela empresa na v\u00e9spera nos Estados Unidos, afirmou Celso Ferrer,\u2026","rel":"","context":"In &quot;Carreira e Sucesso&quot;","block_context":{"text":"Carreira e Sucesso","link":"https:\/\/ismaelcolosi.com.br\/index.php\/category\/carreira-e-sucesso-dicas-para-carreira\/"},"img":{"alt_text":"","src":"https:\/\/i0.wp.com\/ismaelcolosi.com.br\/wp-content\/uploads\/2024\/01\/money-gol-aviao-1-1024x683.jpg?fit=1024%2C683&ssl=1&resize=350%2C200","width":350,"height":200,"srcset":"https:\/\/i0.wp.com\/ismaelcolosi.com.br\/wp-content\/uploads\/2024\/01\/money-gol-aviao-1-1024x683.jpg?fit=1024%2C683&ssl=1&resize=350%2C200 1x, https:\/\/i0.wp.com\/ismaelcolosi.com.br\/wp-content\/uploads\/2024\/01\/money-gol-aviao-1-1024x683.jpg?fit=1024%2C683&ssl=1&resize=525%2C300 1.5x, https:\/\/i0.wp.com\/ismaelcolosi.com.br\/wp-content\/uploads\/2024\/01\/money-gol-aviao-1-1024x683.jpg?fit=1024%2C683&ssl=1&resize=700%2C400 2x"},"classes":[]},{"id":33503,"url":"https:\/\/ismaelcolosi.com.br\/index.php\/2024\/01\/29\/em-recuperacao-judicial-gol-tinha-dividas-acima-de-r-20-bi-em-2023\/","url_meta":{"origin":29802,"position":2},"title":"Em recupera\u00e7\u00e3o judicial, Gol tinha d\u00edvidas acima de R$ 20 bi em 2023 \u2013 Folha de Ribeir\u00e3o","author":"ismaelcolosi.com.br","date":"29 de January de 2024","format":false,"excerpt":"A empresa a\u00e9rea Gol anunciou, nesta segunda-feira (29), que fechou o ano de 2023 com uma d\u00edvida de cerca de R$ 20,176 bilh\u00f5es. O resultado, contudo, \u00e9 preliminar, pois ainda n\u00e3o foi examinado por auditores externos, conforme informou a companhia em\u00a0comunicado\u00a0divulgado\u00a0nesta manh\u00e3. \u201cAs informa\u00e7\u00f5es financeiras aqui fornecidas s\u00e3o preliminares e\u2026","rel":"","context":"In &quot;Not\u00edcias de Ribeir\u00e3o Preto-SP e Regi\u00e3o&quot;","block_context":{"text":"Not\u00edcias de Ribeir\u00e3o Preto-SP e Regi\u00e3o","link":"https:\/\/ismaelcolosi.com.br\/index.php\/category\/noticias-de-ribeirao-preto-sp-e-regiao-ismael-colosi\/"},"img":{"alt_text":"","src":"","width":0,"height":0},"classes":[]},{"id":87953,"url":"https:\/\/ismaelcolosi.com.br\/index.php\/2025\/10\/17\/porsche-aposta-em-ex-chefe-da-mclaren-como-ceo-para-impulsionar-recuperacao\/","url_meta":{"origin":29802,"position":3},"title":"Porsche Aposta em Ex-chefe da McLaren Como CEO para Impulsionar Recupera\u00e7\u00e3o","author":"ismaelcolosi.com.br","date":"17 de October de 2025","format":false,"excerpt":"\r \r \r \r H\u00e1 apenas tr\u00eas anos, o valor de mercado da Porsche era o segundo maior da hist\u00f3ria da Alemanha. Desde ent\u00e3o, o pre\u00e7o das a\u00e7\u00f5es caiu mais da metade \r \r \r \r Divulga\u00e7\u00e3o\/Porsche \r \r Acessibilidade \r L\r L\r A-\r A+\r \r \u25d0\r \r A Porsche\u2026","rel":"","context":"In &quot;Carreira e Sucesso&quot;","block_context":{"text":"Carreira e Sucesso","link":"https:\/\/ismaelcolosi.com.br\/index.php\/category\/carreira-e-sucesso-dicas-para-carreira\/"},"img":{"alt_text":"","src":"https:\/\/i0.wp.com\/ismaelcolosi.com.br\/wp-content\/uploads\/2025\/10\/Ppainel-e1664467778978-1030x438.jpg?fit=1030%2C438&ssl=1&resize=350%2C200","width":350,"height":200,"srcset":"https:\/\/i0.wp.com\/ismaelcolosi.com.br\/wp-content\/uploads\/2025\/10\/Ppainel-e1664467778978-1030x438.jpg?fit=1030%2C438&ssl=1&resize=350%2C200 1x, https:\/\/i0.wp.com\/ismaelcolosi.com.br\/wp-content\/uploads\/2025\/10\/Ppainel-e1664467778978-1030x438.jpg?fit=1030%2C438&ssl=1&resize=525%2C300 1.5x, https:\/\/i0.wp.com\/ismaelcolosi.com.br\/wp-content\/uploads\/2025\/10\/Ppainel-e1664467778978-1030x438.jpg?fit=1030%2C438&ssl=1&resize=700%2C400 2x"},"classes":[]},{"id":85747,"url":"https:\/\/ismaelcolosi.com.br\/index.php\/2025\/05\/27\/eletronet-anuncia-novo-ceo\/","url_meta":{"origin":29802,"position":4},"title":"Eletronet Anuncia Novo CEO","author":"ismaelcolosi.com.br","date":"27 de May de 2025","format":false,"excerpt":"\r \r \r \r Com 20 anos de experi\u00eancia no setor, Rog\u00e9rio Garchet assume lideran\u00e7a da operadora nacional de telecomunica\u00e7\u00f5es do grupo Eletrobras \r \r \r \r Divulga\u00e7\u00e3o\r Novo CEO da Eletronet, Rog\u00e9rio Garchet \u00e9 formado em administra\u00e7\u00e3o de empresas pela Universidade Federal de Minas Gerais\r Acessibilidade \r L\r L\r\u2026","rel":"","context":"In &quot;Carreira e Sucesso&quot;","block_context":{"text":"Carreira e Sucesso","link":"https:\/\/ismaelcolosi.com.br\/index.php\/category\/carreira-e-sucesso-dicas-para-carreira\/"},"img":{"alt_text":"","src":"https:\/\/i0.wp.com\/ismaelcolosi.com.br\/wp-content\/uploads\/2025\/05\/forbes-Eletronet-anuncia-Rogerio-Garchet-como-novo-CEO-1200x675.jpg?fit=1200%2C675&ssl=1&resize=350%2C200","width":350,"height":200,"srcset":"https:\/\/i0.wp.com\/ismaelcolosi.com.br\/wp-content\/uploads\/2025\/05\/forbes-Eletronet-anuncia-Rogerio-Garchet-como-novo-CEO-1200x675.jpg?fit=1200%2C675&ssl=1&resize=350%2C200 1x, https:\/\/i0.wp.com\/ismaelcolosi.com.br\/wp-content\/uploads\/2025\/05\/forbes-Eletronet-anuncia-Rogerio-Garchet-como-novo-CEO-1200x675.jpg?fit=1200%2C675&ssl=1&resize=525%2C300 1.5x, https:\/\/i0.wp.com\/ismaelcolosi.com.br\/wp-content\/uploads\/2025\/05\/forbes-Eletronet-anuncia-Rogerio-Garchet-como-novo-CEO-1200x675.jpg?fit=1200%2C675&ssl=1&resize=700%2C400 2x, https:\/\/i0.wp.com\/ismaelcolosi.com.br\/wp-content\/uploads\/2025\/05\/forbes-Eletronet-anuncia-Rogerio-Garchet-como-novo-CEO-1200x675.jpg?fit=1200%2C675&ssl=1&resize=1050%2C600 3x"},"classes":[]},{"id":54060,"url":"https:\/\/ismaelcolosi.com.br\/index.php\/2024\/06\/21\/quem-e-o-ex-ceo-do-mcdonalds-que-agora-vai-liderar-a-dona-do-burger-king-no-brasil\/","url_meta":{"origin":29802,"position":5},"title":"Quem \u00e9 o ex-CEO do McDonald&#8217;s que, agora, vai liderar a dona do Burger King no Brasil","author":"ismaelcolosi.com.br","date":"21 de June de 2024","format":false,"excerpt":"O executivo Paulo Camargo, escolhido pela Zamp, master-franqueada de Burger King, Popeyes e, recentemente, Starbucks no Brasil, conforme comunicado, tem uma longa trajet\u00f3ria na \u00e1rea de foodservice. Camargo vai suceder Ariel Grunkraut, que era CEO da Zamp desde janeiro de 2023. Acessibilidade L L A- A+ \u25d0 Paulo Camargo Durante\u2026","rel":"","context":"In &quot;Carreira e Sucesso&quot;","block_context":{"text":"Carreira e Sucesso","link":"https:\/\/ismaelcolosi.com.br\/index.php\/category\/carreira-e-sucesso-dicas-para-carreira\/"},"img":{"alt_text":"","src":"https:\/\/i0.wp.com\/ismaelcolosi.com.br\/wp-content\/uploads\/2024\/06\/PauloC.jpeg?fit=420%2C278&ssl=1&resize=350%2C200","width":350,"height":200},"classes":[]}],"jetpack_sharing_enabled":true,"jetpack_shortlink":"https:\/\/wp.me\/pfMlyK-7KG","_links":{"self":[{"href":"https:\/\/ismaelcolosi.com.br\/index.php\/wp-json\/wp\/v2\/posts\/29802","targetHints":{"allow":["GET"]}}],"collection":[{"href":"https:\/\/ismaelcolosi.com.br\/index.php\/wp-json\/wp\/v2\/posts"}],"about":[{"href":"https:\/\/ismaelcolosi.com.br\/index.php\/wp-json\/wp\/v2\/types\/post"}],"author":[{"embeddable":true,"href":"https:\/\/ismaelcolosi.com.br\/index.php\/wp-json\/wp\/v2\/users\/1"}],"replies":[{"embeddable":true,"href":"https:\/\/ismaelcolosi.com.br\/index.php\/wp-json\/wp\/v2\/comments?post=29802"}],"version-history":[{"count":0,"href":"https:\/\/ismaelcolosi.com.br\/index.php\/wp-json\/wp\/v2\/posts\/29802\/revisions"}],"wp:featuredmedia":[{"embeddable":true,"href":"https:\/\/ismaelcolosi.com.br\/index.php\/wp-json\/wp\/v2\/media\/29803"}],"wp:attachment":[{"href":"https:\/\/ismaelcolosi.com.br\/index.php\/wp-json\/wp\/v2\/media?parent=29802"}],"wp:term":[{"taxonomy":"category","embeddable":true,"href":"https:\/\/ismaelcolosi.com.br\/index.php\/wp-json\/wp\/v2\/categories?post=29802"},{"taxonomy":"post_tag","embeddable":true,"href":"https:\/\/ismaelcolosi.com.br\/index.php\/wp-json\/wp\/v2\/tags?post=29802"}],"curies":[{"name":"wp","href":"https:\/\/api.w.org\/{rel}","templated":true}]}}