{"id":29762,"date":"2024-01-19T10:03:11","date_gmt":"2024-01-19T13:03:11","guid":{"rendered":"https:\/\/ismaelcolosi.com.br\/index.php\/2024\/01\/19\/arena-preve-quando-sera-a-inauguracao-do-bar-do-zeca-pagodinho-em-ribeirao-confira\/"},"modified":"2024-01-19T10:03:11","modified_gmt":"2024-01-19T13:03:11","slug":"arena-preve-quando-sera-a-inauguracao-do-bar-do-zeca-pagodinho-em-ribeirao-confira","status":"publish","type":"post","link":"https:\/\/ismaelcolosi.com.br\/index.php\/2024\/01\/19\/arena-preve-quando-sera-a-inauguracao-do-bar-do-zeca-pagodinho-em-ribeirao-confira\/","title":{"rendered":"Arena prev\u00ea quando ser\u00e1 a inaugura\u00e7\u00e3o do Bar do Zeca Pagodinho em Ribeir\u00e3o; Confira"},"content":{"rendered":"<p> <br \/>\n<\/p>\n<div>\n<p>O presidente do conselho de administra\u00e7\u00e3o da <strong>Botafogo S.A.<\/strong>, Adalberto Baptista, afirmou que o <strong>Bar do Zeca Pagodinho <\/strong>deve ser inaugurado na <strong>Arena Nicnet<\/strong>, em <strong>Ribeir\u00e3o Preto<\/strong>, at\u00e9 o final do m\u00eas de fevereiro.<\/p>\n<p>O novo bar ir\u00e1 ocupar o espa\u00e7o onde ficava o Seo Tib\u00e9rio. Essa ser\u00e1 a segunda unidade do Bar do Zeca no <strong>Estado de S\u00e3o Paulo<\/strong>, que tamb\u00e9m est\u00e1 presente no<strong> est\u00e1dio do Corinthians<\/strong>, na capital. Al\u00e9m do est\u00e1dio corintiano, o Bar do Zeca conta com quatro unidades no <strong>Rio de Janeiro<\/strong>.<\/p>\n<p>A informa\u00e7\u00e3o foi confirmada por Adalberto no evento de lan\u00e7amento do novo naming rights do est\u00e1dio, na noite da \u00faltima quinta-feira (19). No evento, o <strong>Botafogo S.A<\/strong>. ainda lan\u00e7ou seu uniforme principal para a temporada e apresentou o novo sistema de ilumina\u00e7\u00e3o da arena.<\/p>\n<h4 class=\"wp-block-heading\"><strong>O que \u00e9?<\/strong><\/h4>\n<p>O Bar do Zeca Pagodinho \u00e9 um espa\u00e7o tem\u00e1tico onde o p\u00fablico pode conhecer a trajet\u00f3ria de Zeca Pagodinho, atrav\u00e9s de imagens, fotos e elementos ligados a vida do sambista.<\/p>\n<p>Os estabelecimentos tamb\u00e9m contam com m\u00fasica ao vivo, comida tradicional de boteco, cerveja e drinks.<\/p>\n<h4 class=\"wp-block-heading\"><strong>Programa\u00e7\u00e3o de shows<\/strong><\/h4>\n<p>Ainda segundo Adalberto Baptista, a arena j\u00e1 conta com 16 datas reservadas para shows em 2024, sendo que j\u00e1 est\u00e1 confirmada a apresenta\u00e7\u00e3o da dupla Victor e L\u00e9o, no dia 6 de abril. Os ingressos j\u00e1 est\u00e3o sendo vendidos e custam a partir de R$ 50.<\/p>\n<p>Al\u00e9m disso, o presidente da Botafogo S.A. afirma que o <strong>Seo Tib\u00e9rio<\/strong>, que encerrou as atividades como bar no final de 2023, continuar\u00e1 na arena como um camarote, ainda em parceria com a <strong>Walf\u00e4nger<\/strong>.<\/p>\n<p>SAIBA MAIS<br \/>Ribeir\u00e3o tem Encontro de Fuscas com show de rock, food truck e chope; Veja quando<\/p>\n<h4 class=\"wp-block-heading\"><strong>FIQUE ON<\/strong><\/h4>\n<p>Fique ligado em tudo que acontece em Ribeir\u00e3o Preto e regi\u00e3o. Siga os perfis do<strong> acidade on <\/strong>no <a href=\"https:\/\/www.instagram.com\/acidadeonribeirao\" target=\"_blank\" rel=\"noreferrer noopener nofollow\">Instagram<\/a> e no <a href=\"https:\/\/www.facebook.com\/acidadeonribeirao\" target=\"_blank\" rel=\"noreferrer noopener nofollow\">Facebook<\/a>.<\/p>\n<p>Receba not\u00edcias do <strong>acidade on <\/strong>no WhatsApp. <a href=\"https:\/\/chat.whatsapp.com\/Bnv2w66ZT4VDyZW3oiZ69n\" target=\"_blank\" rel=\"noreferrer noopener nofollow\">Para entrar no grupo, basta clicar aqui.<\/a><\/p>\n<p>Fa\u00e7a uma den\u00fancia ou sugira uma reportagem sobre Ribeir\u00e3o Preto e regi\u00e3o pelo WhatsApp: 16 99117 7802.<\/p>\n<p>VEJA TAMB\u00c9M<br \/>Como ser\u00e1 a din\u00e2mica da semana no BBB 24? Quarta Elimina\u00e7\u00e3o acontece no domingo<\/p>\n<p><!-- AI CONTENT END 1 -->\n<\/div>\n<p><script async src=\"\/\/www.instagram.com\/embed.js\"><\/script><br \/>\n<br \/><br \/>\n<br \/><a href=\"https:\/\/www.acidadeon.com\/ribeiraopreto\/lazer-e-cultura\/arena-preve-quando-sera-a-inauguracao-do-bar-do-zeca-pagodinho-em-ribeirao-confira\/\">Source link <\/a><\/p>\n<div class='code-block code-block-4' style='margin: 8px auto 8px 0; text-align: left; display: block; clear: both;'>\n\ud83d\udce2 Aviso Legal\n\nO site ismaelcolosi.com.br atua apenas como um canal de divulga\u00e7\u00e3o de oportunidades de emprego e n\u00e3o se responsabiliza pelo processo seletivo, contrata\u00e7\u00e3o ou qualquer outra etapa relacionada \u00e0s vagas publicadas. Todas as informa\u00e7\u00f5es s\u00e3o de responsabilidade dos anunciantes.\n\n\u26a0\ufe0f Aten\u00e7\u00e3o! Nunca pague por promessas de emprego nem compre cursos que garantam contrata\u00e7\u00e3o. Desconfie de qualquer cobran\u00e7a para participar de sele\u00e7\u00f5es.\n\n\n\n<\/div>\n<!-- CONTENT END 1 -->\n","protected":false},"excerpt":{"rendered":"<p>O presidente do conselho de administra\u00e7\u00e3o da Botafogo S.A., Adalberto Baptista, afirmou que o Bar do Zeca Pagodinho deve ser inaugurado na Arena Nicnet, em&#8230;<\/p>\n","protected":false},"author":1,"featured_media":29763,"comment_status":"open","ping_status":"open","sticky":false,"template":"","format":"standard","meta":{"_uag_custom_page_level_css":"","advanced_seo_description":"","jetpack_seo_html_title":"","jetpack_seo_noindex":false,"jetpack_post_was_ever_published":false,"_jetpack_newsletter_access":"","_jetpack_dont_email_post_to_subs":false,"_jetpack_newsletter_tier_id":0,"_jetpack_memberships_contains_paywalled_content":false,"_jetpack_memberships_contains_paid_content":false,"footnotes":"","jetpack_publicize_message":"","jetpack_publicize_feature_enabled":true,"jetpack_social_post_already_shared":true,"jetpack_social_options":{"image_generator_settings":{"template":"highway","default_image_id":0,"font":"","enabled":false},"version":2}},"categories":[11],"tags":[3698,2696,269,1282,3600,1402,620,26,172,3599],"class_list":["post-29762","post","type-post","status-publish","format-standard","has-post-thumbnail","hentry","category-noticias-de-ribeirao-preto-sp-e-regiao-ismael-colosi","tag-arena","tag-bar","tag-confira","tag-inauguracao","tag-pagodinho","tag-preve","tag-quando","tag-ribeirao","tag-sera","tag-zeca"],"jetpack_publicize_connections":[],"jetpack_featured_media_url":"https:\/\/i0.wp.com\/ismaelcolosi.com.br\/wp-content\/uploads\/2024\/01\/bar-do-zeca.jpg?fit=1440%2C960&ssl=1","uagb_featured_image_src":{"full":["https:\/\/i0.wp.com\/ismaelcolosi.com.br\/wp-content\/uploads\/2024\/01\/bar-do-zeca.jpg?fit=1440%2C960&ssl=1",1440,960,false],"thumbnail":["https:\/\/i0.wp.com\/ismaelcolosi.com.br\/wp-content\/uploads\/2024\/01\/bar-do-zeca.jpg?resize=150%2C150&ssl=1",150,150,true],"medium":["https:\/\/i0.wp.com\/ismaelcolosi.com.br\/wp-content\/uploads\/2024\/01\/bar-do-zeca.jpg?fit=300%2C200&ssl=1",300,200,true],"medium_large":["https:\/\/i0.wp.com\/ismaelcolosi.com.br\/wp-content\/uploads\/2024\/01\/bar-do-zeca.jpg?fit=768%2C512&ssl=1",768,512,true],"large":["https:\/\/i0.wp.com\/ismaelcolosi.com.br\/wp-content\/uploads\/2024\/01\/bar-do-zeca.jpg?fit=1024%2C683&ssl=1",1024,683,true],"1536x1536":["https:\/\/i0.wp.com\/ismaelcolosi.com.br\/wp-content\/uploads\/2024\/01\/bar-do-zeca.jpg?fit=1440%2C960&ssl=1",1440,960,true],"2048x2048":["https:\/\/i0.wp.com\/ismaelcolosi.com.br\/wp-content\/uploads\/2024\/01\/bar-do-zeca.jpg?fit=1440%2C960&ssl=1",1440,960,true],"really-simple-thumb":["https:\/\/i0.wp.com\/ismaelcolosi.com.br\/wp-content\/uploads\/2024\/01\/bar-do-zeca.jpg?resize=370%2C247&ssl=1",370,247,true]},"uagb_author_info":{"display_name":"ismaelcolosi.com.br","author_link":"https:\/\/ismaelcolosi.com.br\/index.php\/author\/vidareal-online\/"},"uagb_comment_info":0,"uagb_excerpt":"O presidente do conselho de administra\u00e7\u00e3o da Botafogo S.A., Adalberto Baptista, afirmou que o Bar do Zeca Pagodinho deve ser inaugurado na Arena Nicnet, em...","jetpack-related-posts":[{"id":44069,"url":"https:\/\/ismaelcolosi.com.br\/index.php\/2024\/03\/25\/bar-do-zeca-pagodinho-em-ribeirao-preto-ja-tem-data-de-inauguracao\/","url_meta":{"origin":29762,"position":0},"title":"Bar do Zeca Pagodinho em Ribeir\u00e3o Preto j\u00e1 tem data de inaugura\u00e7\u00e3o","author":"ismaelcolosi.com.br","date":"25 de March de 2024","format":false,"excerpt":"A unidade do Bar do Zeca Pagodinho em Ribeir\u00e3o Preto vai ser inaugurada no dia 5 de abril. O bar ficar\u00e1 na Arena Nicnet, est\u00e1dio do Botafogo, e ser\u00e1 a segunda unidade no Estado de S\u00e3o Paulo \u2013 as outras casas est\u00e3o na capital e no Rio de Janeiro. O\u2026","rel":"","context":"In &quot;Not\u00edcias de Ribeir\u00e3o Preto-SP e Regi\u00e3o&quot;","block_context":{"text":"Not\u00edcias de Ribeir\u00e3o Preto-SP e Regi\u00e3o","link":"https:\/\/ismaelcolosi.com.br\/index.php\/category\/noticias-de-ribeirao-preto-sp-e-regiao-ismael-colosi\/"},"img":{"alt_text":"","src":"https:\/\/i0.wp.com\/ismaelcolosi.com.br\/wp-content\/uploads\/2024\/03\/AnyConv.com__bar-do-zeca-pagodinho-scaled.webp.webp?fit=1200%2C801&ssl=1&resize=350%2C200","width":350,"height":200,"srcset":"https:\/\/i0.wp.com\/ismaelcolosi.com.br\/wp-content\/uploads\/2024\/03\/AnyConv.com__bar-do-zeca-pagodinho-scaled.webp.webp?fit=1200%2C801&ssl=1&resize=350%2C200 1x, https:\/\/i0.wp.com\/ismaelcolosi.com.br\/wp-content\/uploads\/2024\/03\/AnyConv.com__bar-do-zeca-pagodinho-scaled.webp.webp?fit=1200%2C801&ssl=1&resize=525%2C300 1.5x, https:\/\/i0.wp.com\/ismaelcolosi.com.br\/wp-content\/uploads\/2024\/03\/AnyConv.com__bar-do-zeca-pagodinho-scaled.webp.webp?fit=1200%2C801&ssl=1&resize=700%2C400 2x, https:\/\/i0.wp.com\/ismaelcolosi.com.br\/wp-content\/uploads\/2024\/03\/AnyConv.com__bar-do-zeca-pagodinho-scaled.webp.webp?fit=1200%2C801&ssl=1&resize=1050%2C600 3x"},"classes":[]},{"id":28745,"url":"https:\/\/ismaelcolosi.com.br\/index.php\/2024\/01\/16\/ribeirao-preto-vai-ganhar-unidade-do-bar-do-zeca-pagodinho-veja-o-local\/","url_meta":{"origin":29762,"position":1},"title":"Ribeir\u00e3o Preto vai ganhar unidade do Bar do Zeca Pagodinho; Veja o local","author":"ismaelcolosi.com.br","date":"16 de January de 2024","format":false,"excerpt":"Ribeir\u00e3o Preto vai ganhar uma unidade do Bar do Zeca Pagodinho, que dever\u00e1 ser instalado na Arena Nicnet Eurobike, o est\u00e1dio do Botafogo, onde ficava o Seo Tib\u00e9rio, que encerrou as atividades no final de 2023. A informa\u00e7\u00e3o foi confirmada pela assessoria do cantor Zeca Pagodinho ao acidade on Ribeir\u00e3o,\u2026","rel":"","context":"In &quot;Not\u00edcias de Ribeir\u00e3o Preto-SP e Regi\u00e3o&quot;","block_context":{"text":"Not\u00edcias de Ribeir\u00e3o Preto-SP e Regi\u00e3o","link":"https:\/\/ismaelcolosi.com.br\/index.php\/category\/noticias-de-ribeirao-preto-sp-e-regiao-ismael-colosi\/"},"img":{"alt_text":"","src":"https:\/\/i0.wp.com\/ismaelcolosi.com.br\/wp-content\/uploads\/2024\/01\/bar-do-zeca-pagodinho.jpg?fit=940%2C798&ssl=1&resize=350%2C200","width":350,"height":200,"srcset":"https:\/\/i0.wp.com\/ismaelcolosi.com.br\/wp-content\/uploads\/2024\/01\/bar-do-zeca-pagodinho.jpg?fit=940%2C798&ssl=1&resize=350%2C200 1x, https:\/\/i0.wp.com\/ismaelcolosi.com.br\/wp-content\/uploads\/2024\/01\/bar-do-zeca-pagodinho.jpg?fit=940%2C798&ssl=1&resize=525%2C300 1.5x, https:\/\/i0.wp.com\/ismaelcolosi.com.br\/wp-content\/uploads\/2024\/01\/bar-do-zeca-pagodinho.jpg?fit=940%2C798&ssl=1&resize=700%2C400 2x"},"classes":[]},{"id":30263,"url":"https:\/\/ismaelcolosi.com.br\/index.php\/2024\/01\/20\/bar-do-zeca-pagodinho-chega-a-ribeirao-preto\/","url_meta":{"origin":29762,"position":2},"title":"Bar do Zeca Pagodinho chega a Ribeir\u00e3o Preto","author":"ismaelcolosi.com.br","date":"20 de January de 2024","format":false,"excerpt":"20 de janeiro de 2024 | 17:0020 de janeiro de 2024 | 10:27 0O Bar do Zeca Pagodinho, que teve a primeira unidade inaugurada na Barra da Tijuca, Rio de Janeiro, em 2018, ir\u00e1 chegar, em breve, a Ribeir\u00e3o Preto (SP).O grupo BFW (Business Food & Wine), empresa respons\u00e1vel pelo\u2026","rel":"","context":"In &quot;Not\u00edcias de Ribeir\u00e3o Preto-SP e Regi\u00e3o&quot;","block_context":{"text":"Not\u00edcias de Ribeir\u00e3o Preto-SP e Regi\u00e3o","link":"https:\/\/ismaelcolosi.com.br\/index.php\/category\/noticias-de-ribeirao-preto-sp-e-regiao-ismael-colosi\/"},"img":{"alt_text":"","src":"https:\/\/i0.wp.com\/ismaelcolosi.com.br\/wp-content\/uploads\/2024\/01\/Foto_Bar-do-Zeca-Pagodinho_FotoVitor-Faria-scaled.jpg?fit=967%2C645&ssl=1&resize=350%2C200","width":350,"height":200,"srcset":"https:\/\/i0.wp.com\/ismaelcolosi.com.br\/wp-content\/uploads\/2024\/01\/Foto_Bar-do-Zeca-Pagodinho_FotoVitor-Faria-scaled.jpg?fit=967%2C645&ssl=1&resize=350%2C200 1x, https:\/\/i0.wp.com\/ismaelcolosi.com.br\/wp-content\/uploads\/2024\/01\/Foto_Bar-do-Zeca-Pagodinho_FotoVitor-Faria-scaled.jpg?fit=967%2C645&ssl=1&resize=525%2C300 1.5x, https:\/\/i0.wp.com\/ismaelcolosi.com.br\/wp-content\/uploads\/2024\/01\/Foto_Bar-do-Zeca-Pagodinho_FotoVitor-Faria-scaled.jpg?fit=967%2C645&ssl=1&resize=700%2C400 2x"},"classes":[]},{"id":60436,"url":"https:\/\/ismaelcolosi.com.br\/index.php\/2024\/08\/15\/receptividade-do-ribeirao-pretano-conquista-zeca-pagodinho-e-um-lugar-de-gente-bacana\/","url_meta":{"origin":29762,"position":3},"title":"Receptividade do ribeir\u00e3o-pretano conquista Zeca Pagodinho: &#8216;\u00c9 um lugar de gente bacana&#8217;","author":"ismaelcolosi.com.br","date":"15 de August de 2024","format":false,"excerpt":"O cantor Zeca Pagodinho afirmou em entrevista ao portal acidade on, que Ribeir\u00e3o Preto foi uma das cidades escolhidas para receber a turn\u00ea que celebra seus 40 anos de carreira, devido a sua receptividade. \u00c9 um lugar de gente bacana, que nos recebe muito bem e cidade que tamb\u00e9m foi\u2026","rel":"","context":"In &quot;Not\u00edcias de Ribeir\u00e3o Preto-SP e Regi\u00e3o&quot;","block_context":{"text":"Not\u00edcias de Ribeir\u00e3o Preto-SP e Regi\u00e3o","link":"https:\/\/ismaelcolosi.com.br\/index.php\/category\/noticias-de-ribeirao-preto-sp-e-regiao-ismael-colosi\/"},"img":{"alt_text":"","src":"https:\/\/i0.wp.com\/ismaelcolosi.com.br\/wp-content\/uploads\/2024\/08\/Copia-de-Copia-de-Copia-de-TAMANHO-EXATO-PARA-FOTOS-NO-SISTEMA-NOVO-6_2024-08-15_22-56-24_png_2024-08-15_22-56-24.webp.webp?fit=1200%2C675&ssl=1&resize=350%2C200","width":350,"height":200,"srcset":"https:\/\/i0.wp.com\/ismaelcolosi.com.br\/wp-content\/uploads\/2024\/08\/Copia-de-Copia-de-Copia-de-TAMANHO-EXATO-PARA-FOTOS-NO-SISTEMA-NOVO-6_2024-08-15_22-56-24_png_2024-08-15_22-56-24.webp.webp?fit=1200%2C675&ssl=1&resize=350%2C200 1x, https:\/\/i0.wp.com\/ismaelcolosi.com.br\/wp-content\/uploads\/2024\/08\/Copia-de-Copia-de-Copia-de-TAMANHO-EXATO-PARA-FOTOS-NO-SISTEMA-NOVO-6_2024-08-15_22-56-24_png_2024-08-15_22-56-24.webp.webp?fit=1200%2C675&ssl=1&resize=525%2C300 1.5x, https:\/\/i0.wp.com\/ismaelcolosi.com.br\/wp-content\/uploads\/2024\/08\/Copia-de-Copia-de-Copia-de-TAMANHO-EXATO-PARA-FOTOS-NO-SISTEMA-NOVO-6_2024-08-15_22-56-24_png_2024-08-15_22-56-24.webp.webp?fit=1200%2C675&ssl=1&resize=700%2C400 2x, https:\/\/i0.wp.com\/ismaelcolosi.com.br\/wp-content\/uploads\/2024\/08\/Copia-de-Copia-de-Copia-de-TAMANHO-EXATO-PARA-FOTOS-NO-SISTEMA-NOVO-6_2024-08-15_22-56-24_png_2024-08-15_22-56-24.webp.webp?fit=1200%2C675&ssl=1&resize=1050%2C600 3x"},"classes":[]},{"id":59699,"url":"https:\/\/ismaelcolosi.com.br\/index.php\/2024\/08\/11\/zeca-pagodinho-se-apresenta-em-ribeirao-preto-no-final-de-semana-ainda-ha-ingressos\/","url_meta":{"origin":29762,"position":4},"title":"Zeca Pagodinho se apresenta em Ribeir\u00e3o Preto no final de semana; Ainda h\u00e1 ingressos","author":"ismaelcolosi.com.br","date":"11 de August de 2024","format":false,"excerpt":"O cantor Zeca Pagodinho desembarca em Ribeir\u00e3o Preto, neste s\u00e1bado (17), com a sua turn\u00ea comemorativa de 40 anos, no centro de eventos Multiplan Hall, no Ribeir\u00e3o Shopping, zona Sul do munic\u00edpio. Os ingressos ainda est\u00e3o dispon\u00edveis e podem ser adquiridos de forma on-line (veja abaixo). \u00a0A apresenta\u00e7\u00e3o promete levar\u2026","rel":"","context":"In &quot;Not\u00edcias de Ribeir\u00e3o Preto-SP e Regi\u00e3o&quot;","block_context":{"text":"Not\u00edcias de Ribeir\u00e3o Preto-SP e Regi\u00e3o","link":"https:\/\/ismaelcolosi.com.br\/index.php\/category\/noticias-de-ribeirao-preto-sp-e-regiao-ismael-colosi\/"},"img":{"alt_text":"","src":"https:\/\/i0.wp.com\/ismaelcolosi.com.br\/wp-content\/uploads\/2024\/03\/AnyConv.com__bar-do-zeca-pagodinho-scaled.webp.webp?fit=1200%2C801&ssl=1&resize=350%2C200","width":350,"height":200,"srcset":"https:\/\/i0.wp.com\/ismaelcolosi.com.br\/wp-content\/uploads\/2024\/03\/AnyConv.com__bar-do-zeca-pagodinho-scaled.webp.webp?fit=1200%2C801&ssl=1&resize=350%2C200 1x, https:\/\/i0.wp.com\/ismaelcolosi.com.br\/wp-content\/uploads\/2024\/03\/AnyConv.com__bar-do-zeca-pagodinho-scaled.webp.webp?fit=1200%2C801&ssl=1&resize=525%2C300 1.5x, https:\/\/i0.wp.com\/ismaelcolosi.com.br\/wp-content\/uploads\/2024\/03\/AnyConv.com__bar-do-zeca-pagodinho-scaled.webp.webp?fit=1200%2C801&ssl=1&resize=700%2C400 2x, https:\/\/i0.wp.com\/ismaelcolosi.com.br\/wp-content\/uploads\/2024\/03\/AnyConv.com__bar-do-zeca-pagodinho-scaled.webp.webp?fit=1200%2C801&ssl=1&resize=1050%2C600 3x"},"classes":[]},{"id":43859,"url":"https:\/\/ismaelcolosi.com.br\/index.php\/2024\/03\/23\/veja-como-comprar-ingressos-para-o-show-do-zeca-pagodinho-em-ribeirao-preto\/","url_meta":{"origin":29762,"position":5},"title":"Veja como comprar ingressos para o show do Zeca Pagodinho em Ribeir\u00e3o Preto","author":"ismaelcolosi.com.br","date":"23 de March de 2024","format":false,"excerpt":"O cantor Zeca Pagodinho, um dos grandes nomes do samba, se apresenta no dia 17 de agosto em Ribeir\u00e3o Preto, no centro de eventos Multiplan Hall, no Ribeir\u00e3o Shopping. A venda dos ingressos j\u00e1 come\u00e7ou e os bilhetes custam a partir de R$ 250. O cantor comemora seus 40 anos\u2026","rel":"","context":"In &quot;Not\u00edcias de Ribeir\u00e3o Preto-SP e Regi\u00e3o&quot;","block_context":{"text":"Not\u00edcias de Ribeir\u00e3o Preto-SP e Regi\u00e3o","link":"https:\/\/ismaelcolosi.com.br\/index.php\/category\/noticias-de-ribeirao-preto-sp-e-regiao-ismael-colosi\/"},"img":{"alt_text":"","src":"https:\/\/i0.wp.com\/ismaelcolosi.com.br\/wp-content\/uploads\/2024\/03\/426053734_943290973822255_3718660817952389856_n.jpg?fit=1200%2C800&ssl=1&resize=350%2C200","width":350,"height":200,"srcset":"https:\/\/i0.wp.com\/ismaelcolosi.com.br\/wp-content\/uploads\/2024\/03\/426053734_943290973822255_3718660817952389856_n.jpg?fit=1200%2C800&ssl=1&resize=350%2C200 1x, https:\/\/i0.wp.com\/ismaelcolosi.com.br\/wp-content\/uploads\/2024\/03\/426053734_943290973822255_3718660817952389856_n.jpg?fit=1200%2C800&ssl=1&resize=525%2C300 1.5x, https:\/\/i0.wp.com\/ismaelcolosi.com.br\/wp-content\/uploads\/2024\/03\/426053734_943290973822255_3718660817952389856_n.jpg?fit=1200%2C800&ssl=1&resize=700%2C400 2x, https:\/\/i0.wp.com\/ismaelcolosi.com.br\/wp-content\/uploads\/2024\/03\/426053734_943290973822255_3718660817952389856_n.jpg?fit=1200%2C800&ssl=1&resize=1050%2C600 3x"},"classes":[]}],"jetpack_sharing_enabled":true,"jetpack_shortlink":"https:\/\/wp.me\/pfMlyK-7K2","_links":{"self":[{"href":"https:\/\/ismaelcolosi.com.br\/index.php\/wp-json\/wp\/v2\/posts\/29762","targetHints":{"allow":["GET"]}}],"collection":[{"href":"https:\/\/ismaelcolosi.com.br\/index.php\/wp-json\/wp\/v2\/posts"}],"about":[{"href":"https:\/\/ismaelcolosi.com.br\/index.php\/wp-json\/wp\/v2\/types\/post"}],"author":[{"embeddable":true,"href":"https:\/\/ismaelcolosi.com.br\/index.php\/wp-json\/wp\/v2\/users\/1"}],"replies":[{"embeddable":true,"href":"https:\/\/ismaelcolosi.com.br\/index.php\/wp-json\/wp\/v2\/comments?post=29762"}],"version-history":[{"count":0,"href":"https:\/\/ismaelcolosi.com.br\/index.php\/wp-json\/wp\/v2\/posts\/29762\/revisions"}],"wp:featuredmedia":[{"embeddable":true,"href":"https:\/\/ismaelcolosi.com.br\/index.php\/wp-json\/wp\/v2\/media\/29763"}],"wp:attachment":[{"href":"https:\/\/ismaelcolosi.com.br\/index.php\/wp-json\/wp\/v2\/media?parent=29762"}],"wp:term":[{"taxonomy":"category","embeddable":true,"href":"https:\/\/ismaelcolosi.com.br\/index.php\/wp-json\/wp\/v2\/categories?post=29762"},{"taxonomy":"post_tag","embeddable":true,"href":"https:\/\/ismaelcolosi.com.br\/index.php\/wp-json\/wp\/v2\/tags?post=29762"}],"curies":[{"name":"wp","href":"https:\/\/api.w.org\/{rel}","templated":true}]}}