{"id":29670,"date":"2024-01-19T01:01:41","date_gmt":"2024-01-19T04:01:41","guid":{"rendered":"https:\/\/ismaelcolosi.com.br\/index.php\/2024\/01\/19\/voluntarios-plantam-4-500-mudas-em-rp\/"},"modified":"2024-01-19T01:01:41","modified_gmt":"2024-01-19T04:01:41","slug":"voluntarios-plantam-4-500-mudas-em-rp","status":"publish","type":"post","link":"https:\/\/ismaelcolosi.com.br\/index.php\/2024\/01\/19\/voluntarios-plantam-4-500-mudas-em-rp\/","title":{"rendered":"Volunt\u00e1rios plantam\u00a04.500 mudas em RP\u00a0"},"content":{"rendered":"<p> <br \/>\n<\/p>\n<div id=\"\">\n<p> <span class=\"entry-meta-item penci-posted-on\"><i class=\"fa fa-clock-o\"\/><time class=\"entry-date published\" datetime=\"2024-01-18T13:00:38-03:00\">18 de janeiro de 2024 | 13:00<\/time><time class=\"updated\" datetime=\"2024-01-18T09:14:23-03:00\">18 de janeiro de 2024 | 9:14<\/time><\/span><\/p>\n<p> <span class=\"penci-social-buttons penci-social-share-footer\"><a href=\"#\" class=\"penci-post-like penci_post-meta_item  single-like-button penci-social-item like\" data-post_id=\"370684\" title=\"Like\" data-like=\"Like\" data-unlike=\"Unlike\"><i class=\"fa fa-thumbs-o-up\"\/><span class=\"penci-share-number\">0<\/span><\/a><i class=\"fa fa-facebook\"\/><a class=\"penci-social-item twitter\" target=\"_blank\" rel=\"noopener\" title=\"\" href=\"https:\/\/twitter.com\/intent\/tweet?text=Volunt\u00e1rios%20plantam\u00a04.500%20mudas%20em%20RP\u00a0%20-%20https:\/\/www.tribunaribeirao.com.br\/site\/voluntarios-plantam-4-500-mudas-em-rp\/\"><i class=\"fa fa-twitter\"\/><\/a><i class=\"fa fa-whatsapp\"\/><\/span><\/div>\n<div>\n<p><span data-contrast=\"auto\">A Secretaria Municipal do Meio Ambiente realiza a\u00e7\u00f5es com foco no combate \u00e0 degrada\u00e7\u00e3o da natureza, com bases sustent\u00e1veis, considerando o conjunto urbano e ambiental, em busca da qualidade de vida dos seus cidad\u00e3os. O plantio adequado de \u00e1rvores garante mais sombreamento e contribuem para regular a temperatura e umidade. <\/span><\/p><div class='code-block code-block-8' style='margin: 8px auto; text-align: center; display: block; clear: both;'>\n<script>\n  atOptions = {\n    'key' : '66e2e2111ca34da796271819fc334058',\n    'format' : 'iframe',\n    'height' : 250,\n    'width' : 300,\n    'params' : {}\n  };\n<\/script>\n<script src=\"https:\/\/www.highperformanceformat.com\/66e2e2111ca34da796271819fc334058\/invoke.js\"><\/script>\n<\/div>\n\n<p><span data-contrast=\"auto\">Elas absorvem g\u00e1s carb\u00f4nico e liberam oxig\u00eanio, melhorando a qualidade do ar. Nesse sentido, a colabora\u00e7\u00e3o da popula\u00e7\u00e3o de Ribeir\u00e3o Preto para garantir uma cidade mais arborizada \u00e9 de extrema import\u00e2ncia. Nos anos de 2022 e 2023, foram incentivados o plantio de mais de 4.500 novas mudas plantadas em \u00e1reas p\u00fablicas com a participa\u00e7\u00e3o de volunt\u00e1rios. <\/span><\/p>\n<p><span data-contrast=\"auto\">Tamb\u00e9m foi realizado o plantio de mais 24 mil \u00e1rvores com o cumprimento de termos de compromisso. A Secretaria de Meio Ambiente realiza a doa\u00e7\u00e3o das mudas por meio do Horto Florestal \u00c2ngelo Rinaldi, que tamb\u00e9m faz a orienta\u00e7\u00e3o de plantio adequado, indicando, ainda, os locais adequados para a realiza\u00e7\u00e3o dessa atividade.<\/span><\/p>\n<p><span data-contrast=\"auto\">A Divis\u00e3o de \u00c1reas Verdes e a Divis\u00e3o de Educa\u00e7\u00e3o Ambiental colaboram nas a\u00e7\u00f5es de plantio orientando e instruindo a popula\u00e7\u00e3o, empresas, institui\u00e7\u00f5es e escolas interessadas em a\u00e7\u00f5es educativas sobre como realizar o plantio de maneira correta, desde a escolha do local adequado, abertura dos ber\u00e7os (covas), adubagem, coloca\u00e7\u00e3o das estacas, entre outras etapas.<\/span><\/p>\n<p><span data-contrast=\"auto\">De acordo com o secret\u00e1rio municipal do Meio Ambiente, Laurindo Ant\u00f4nio da Silva, o trabalho de orienta\u00e7\u00e3o \u00e9 fundamental para melhorar a condi\u00e7\u00e3o de cobertura vegetal da cidade. \u201cEsp\u00e9cies inadequadas pelo porte e formato das ra\u00edzes, assim como o distanciamento e local inadequado do plantio, podem gerar in\u00fameros problemas\u201d, diz. <\/span><\/p>\n<p><span data-contrast=\"auto\">A orienta\u00e7\u00e3o para o plantio volunt\u00e1rio \u00e9 uma ferramenta, que realizada corretamente, ajuda na revitaliza\u00e7\u00e3o e estrutura\u00e7\u00e3o das \u00e1reas verdes e vias p\u00fablicas\u201d, destaca o secret\u00e1rio municipal do Meio Ambiente. A pasta Secretaria oferece uma cartilha digital dispon\u00edvel no site oficial da prefeitura de Ribeir\u00e3o Preto. <\/span><\/p>\n<p><span data-contrast=\"auto\">Pelo formul\u00e1rio \u00e9 poss\u00edvel encaminhar \u00e0 Secretaria de Meio Ambiente a solicita\u00e7\u00e3o para autoriza\u00e7\u00e3o de plantio, anexando dados pessoais, indica\u00e7\u00e3o da \u00e1rea, da localiza\u00e7\u00e3o das mudas com o descritivo da indica\u00e7\u00e3o das esp\u00e9cies, espa\u00e7amentos e distribui\u00e7\u00e3o das mudas.<\/span><\/p>\n<p><span data-ccp-props=\"{&quot;201341983&quot;:0,&quot;335559739&quot;:200,&quot;335559740&quot;:276}\">\u00a0<\/span><\/p>\n<\/div>\n<p><script async src=\"\/\/platform.twitter.com\/widgets.js\" charset=\"utf-8\"><\/script><br \/>\n<br \/><br \/>\n<br \/><a href=\"https:\/\/www.tribunaribeirao.com.br\/site\/voluntarios-plantam-4-500-mudas-em-rp\/\">Source link <\/a><\/p>\n<div class='code-block code-block-4' style='margin: 8px auto 8px 0; text-align: left; display: block; clear: both;'>\n\ud83d\udce2 Aviso Legal\n\nO site ismaelcolosi.com.br atua apenas como um canal de divulga\u00e7\u00e3o de oportunidades de emprego e n\u00e3o se responsabiliza pelo processo seletivo, contrata\u00e7\u00e3o ou qualquer outra etapa relacionada \u00e0s vagas publicadas. Todas as informa\u00e7\u00f5es s\u00e3o de responsabilidade dos anunciantes.\n\n\u26a0\ufe0f Aten\u00e7\u00e3o! Nunca pague por promessas de emprego nem compre cursos que garantam contrata\u00e7\u00e3o. Desconfie de qualquer cobran\u00e7a para participar de sele\u00e7\u00f5es.\n\n\n\n<\/div>\n<!-- CONTENT END 1 -->\n","protected":false},"excerpt":{"rendered":"<p>18 de janeiro de 2024 | 13:0018 de janeiro de 2024 | 9:14 0 A Secretaria Municipal do Meio Ambiente realiza a\u00e7\u00f5es com foco no&#8230;<\/p>\n","protected":false},"author":1,"featured_media":29671,"comment_status":"open","ping_status":"open","sticky":false,"template":"","format":"standard","meta":{"_uag_custom_page_level_css":"","advanced_seo_description":"","jetpack_seo_html_title":"","jetpack_seo_noindex":false,"jetpack_post_was_ever_published":false,"_jetpack_newsletter_access":"","_jetpack_dont_email_post_to_subs":false,"_jetpack_newsletter_tier_id":0,"_jetpack_memberships_contains_paywalled_content":false,"_jetpack_memberships_contains_paid_content":false,"footnotes":"","jetpack_publicize_message":"","jetpack_publicize_feature_enabled":true,"jetpack_social_post_already_shared":true,"jetpack_social_options":{"image_generator_settings":{"template":"highway","default_image_id":0,"font":"","enabled":false},"version":2}},"categories":[11],"tags":[3692,3691,2860],"class_list":["post-29670","post","type-post","status-publish","format-standard","has-post-thumbnail","hentry","category-noticias-de-ribeirao-preto-sp-e-regiao-ismael-colosi","tag-mudas","tag-plantam4-500","tag-voluntarios"],"jetpack_publicize_connections":[],"jetpack_featured_media_url":"https:\/\/i0.wp.com\/ismaelcolosi.com.br\/wp-content\/uploads\/2024\/01\/Plantio-Fernando-Gonzaga-01-scaled.jpg?fit=967%2C645&ssl=1","uagb_featured_image_src":{"full":["https:\/\/i0.wp.com\/ismaelcolosi.com.br\/wp-content\/uploads\/2024\/01\/Plantio-Fernando-Gonzaga-01-scaled.jpg?fit=967%2C645&ssl=1",967,645,false],"thumbnail":["https:\/\/i0.wp.com\/ismaelcolosi.com.br\/wp-content\/uploads\/2024\/01\/Plantio-Fernando-Gonzaga-01-scaled.jpg?resize=150%2C150&ssl=1",150,150,true],"medium":["https:\/\/i0.wp.com\/ismaelcolosi.com.br\/wp-content\/uploads\/2024\/01\/Plantio-Fernando-Gonzaga-01-scaled.jpg?fit=300%2C200&ssl=1",300,200,true],"medium_large":["https:\/\/i0.wp.com\/ismaelcolosi.com.br\/wp-content\/uploads\/2024\/01\/Plantio-Fernando-Gonzaga-01-scaled.jpg?fit=768%2C512&ssl=1",768,512,true],"large":["https:\/\/i0.wp.com\/ismaelcolosi.com.br\/wp-content\/uploads\/2024\/01\/Plantio-Fernando-Gonzaga-01-scaled.jpg?fit=967%2C645&ssl=1",967,645,true],"1536x1536":["https:\/\/i0.wp.com\/ismaelcolosi.com.br\/wp-content\/uploads\/2024\/01\/Plantio-Fernando-Gonzaga-01-scaled.jpg?fit=967%2C645&ssl=1",967,645,true],"2048x2048":["https:\/\/i0.wp.com\/ismaelcolosi.com.br\/wp-content\/uploads\/2024\/01\/Plantio-Fernando-Gonzaga-01-scaled.jpg?fit=967%2C645&ssl=1",967,645,true],"really-simple-thumb":["https:\/\/i0.wp.com\/ismaelcolosi.com.br\/wp-content\/uploads\/2024\/01\/Plantio-Fernando-Gonzaga-01-scaled.jpg?resize=370%2C247&ssl=1",370,247,true]},"uagb_author_info":{"display_name":"ismaelcolosi.com.br","author_link":"https:\/\/ismaelcolosi.com.br\/index.php\/author\/vidareal-online\/"},"uagb_comment_info":0,"uagb_excerpt":"18 de janeiro de 2024 | 13:0018 de janeiro de 2024 | 9:14 0 A Secretaria Municipal do Meio Ambiente realiza a\u00e7\u00f5es com foco no...","jetpack-related-posts":[{"id":27869,"url":"https:\/\/ismaelcolosi.com.br\/index.php\/2024\/01\/13\/plantio-abre-projeto-de-espaco-agroecologico\/","url_meta":{"origin":29670,"position":0},"title":"Plantio abre projeto de espa\u00e7o agroecol\u00f3gico\u00a0","author":"ismaelcolosi.com.br","date":"13 de January de 2024","format":false,"excerpt":"13 de janeiro de 2024 | 17:0013 de janeiro de 2024 | 14:12 0Neste s\u00e1bado, 13 de janeiro, a partir das nove horas, a Secretaria Municipal do Meio Ambiente realizar\u00e1 um plantio na \u00e1rea do Parque Linear Retiro Saudoso, com ponto de encontro na rua Benedito T\u00f3rtoro n\u00ba 25, no\u2026","rel":"","context":"In &quot;Not\u00edcias de Ribeir\u00e3o Preto-SP e Regi\u00e3o&quot;","block_context":{"text":"Not\u00edcias de Ribeir\u00e3o Preto-SP e Regi\u00e3o","link":"https:\/\/ismaelcolosi.com.br\/index.php\/category\/noticias-de-ribeirao-preto-sp-e-regiao-ismael-colosi\/"},"img":{"alt_text":"","src":"https:\/\/i0.wp.com\/ismaelcolosi.com.br\/wp-content\/uploads\/2024\/01\/AgroRP-Fernando-Gonzaga-01-scaled.jpg?fit=967%2C645&ssl=1&resize=350%2C200","width":350,"height":200,"srcset":"https:\/\/i0.wp.com\/ismaelcolosi.com.br\/wp-content\/uploads\/2024\/01\/AgroRP-Fernando-Gonzaga-01-scaled.jpg?fit=967%2C645&ssl=1&resize=350%2C200 1x, https:\/\/i0.wp.com\/ismaelcolosi.com.br\/wp-content\/uploads\/2024\/01\/AgroRP-Fernando-Gonzaga-01-scaled.jpg?fit=967%2C645&ssl=1&resize=525%2C300 1.5x, https:\/\/i0.wp.com\/ismaelcolosi.com.br\/wp-content\/uploads\/2024\/01\/AgroRP-Fernando-Gonzaga-01-scaled.jpg?fit=967%2C645&ssl=1&resize=700%2C400 2x"},"classes":[]},{"id":51206,"url":"https:\/\/ismaelcolosi.com.br\/index.php\/2024\/05\/23\/evento-em-ribeirao-preto-doara-mudas-ornamentais-e-frutiferas-veja-quando\/","url_meta":{"origin":29670,"position":1},"title":"Evento em Ribeir\u00e3o Preto doar\u00e1 mudas ornamentais e frut\u00edferas; Veja quando","author":"ismaelcolosi.com.br","date":"23 de May de 2024","format":false,"excerpt":"A Secretaria do Meio Ambiente de Ribeir\u00e3o Preto vai promover, no domingo (26), uma a\u00e7\u00e3o para doa\u00e7\u00e3o de mudas ornamentais e frut\u00edferas. As doa\u00e7\u00f5es acontecem durante o evento \u201cVem Pra Nove Cultural\u201d, que acontece das 09h \u00e0s 12h, na avenida Nove de Julho. O intuito, de acordo com a Prefeitura,\u2026","rel":"","context":"In &quot;Not\u00edcias de Ribeir\u00e3o Preto-SP e Regi\u00e3o&quot;","block_context":{"text":"Not\u00edcias de Ribeir\u00e3o Preto-SP e Regi\u00e3o","link":"https:\/\/ismaelcolosi.com.br\/index.php\/category\/noticias-de-ribeirao-preto-sp-e-regiao-ismael-colosi\/"},"img":{"alt_text":"","src":"https:\/\/i0.wp.com\/ismaelcolosi.com.br\/wp-content\/uploads\/2024\/05\/distribuicao_de_mudas_-_fotos_fernando_gonzaga_11_2024-05-23_23-08-13_jpg_2024-05-23_23-08-13.webp.webp?fit=1200%2C800&ssl=1&resize=350%2C200","width":350,"height":200,"srcset":"https:\/\/i0.wp.com\/ismaelcolosi.com.br\/wp-content\/uploads\/2024\/05\/distribuicao_de_mudas_-_fotos_fernando_gonzaga_11_2024-05-23_23-08-13_jpg_2024-05-23_23-08-13.webp.webp?fit=1200%2C800&ssl=1&resize=350%2C200 1x, https:\/\/i0.wp.com\/ismaelcolosi.com.br\/wp-content\/uploads\/2024\/05\/distribuicao_de_mudas_-_fotos_fernando_gonzaga_11_2024-05-23_23-08-13_jpg_2024-05-23_23-08-13.webp.webp?fit=1200%2C800&ssl=1&resize=525%2C300 1.5x, https:\/\/i0.wp.com\/ismaelcolosi.com.br\/wp-content\/uploads\/2024\/05\/distribuicao_de_mudas_-_fotos_fernando_gonzaga_11_2024-05-23_23-08-13_jpg_2024-05-23_23-08-13.webp.webp?fit=1200%2C800&ssl=1&resize=700%2C400 2x, https:\/\/i0.wp.com\/ismaelcolosi.com.br\/wp-content\/uploads\/2024\/05\/distribuicao_de_mudas_-_fotos_fernando_gonzaga_11_2024-05-23_23-08-13_jpg_2024-05-23_23-08-13.webp.webp?fit=1200%2C800&ssl=1&resize=1050%2C600 3x"},"classes":[]},{"id":53699,"url":"https:\/\/ismaelcolosi.com.br\/index.php\/2024\/06\/18\/ribeirao-preto-tem-nova-acao-para-doacao-de-mudas-ornamentais-e-frutiferas-veja-quando\/","url_meta":{"origin":29670,"position":2},"title":"Ribeir\u00e3o Preto tem nova a\u00e7\u00e3o para doa\u00e7\u00e3o de mudas ornamentais e frut\u00edferas; Veja quando","author":"ismaelcolosi.com.br","date":"18 de June de 2024","format":false,"excerpt":"A Secretaria do Meio Ambiente de Ribeir\u00e3o Preto realiza, nesta quarta-feira (19), uma nova a\u00e7\u00e3o para doa\u00e7\u00e3o de mudas ornamentais e frut\u00edferas. As doa\u00e7\u00f5es acontecem na pra\u00e7a XV de Novembro, regi\u00e3o central do munic\u00edpio, das 09h \u00e0s 12h. A atividade faz parte das celebra\u00e7\u00f5es do anivers\u00e1rio de 168 anos de\u2026","rel":"","context":"In &quot;Not\u00edcias de Ribeir\u00e3o Preto-SP e Regi\u00e3o&quot;","block_context":{"text":"Not\u00edcias de Ribeir\u00e3o Preto-SP e Regi\u00e3o","link":"https:\/\/ismaelcolosi.com.br\/index.php\/category\/noticias-de-ribeirao-preto-sp-e-regiao-ismael-colosi\/"},"img":{"alt_text":"","src":"https:\/\/i0.wp.com\/ismaelcolosi.com.br\/wp-content\/uploads\/2024\/05\/distribuicao_de_mudas_-_fotos_fernando_gonzaga_11_2024-05-23_23-08-13_jpg_2024-05-23_23-08-13.webp.webp?fit=1200%2C800&ssl=1&resize=350%2C200","width":350,"height":200,"srcset":"https:\/\/i0.wp.com\/ismaelcolosi.com.br\/wp-content\/uploads\/2024\/05\/distribuicao_de_mudas_-_fotos_fernando_gonzaga_11_2024-05-23_23-08-13_jpg_2024-05-23_23-08-13.webp.webp?fit=1200%2C800&ssl=1&resize=350%2C200 1x, https:\/\/i0.wp.com\/ismaelcolosi.com.br\/wp-content\/uploads\/2024\/05\/distribuicao_de_mudas_-_fotos_fernando_gonzaga_11_2024-05-23_23-08-13_jpg_2024-05-23_23-08-13.webp.webp?fit=1200%2C800&ssl=1&resize=525%2C300 1.5x, https:\/\/i0.wp.com\/ismaelcolosi.com.br\/wp-content\/uploads\/2024\/05\/distribuicao_de_mudas_-_fotos_fernando_gonzaga_11_2024-05-23_23-08-13_jpg_2024-05-23_23-08-13.webp.webp?fit=1200%2C800&ssl=1&resize=700%2C400 2x, https:\/\/i0.wp.com\/ismaelcolosi.com.br\/wp-content\/uploads\/2024\/05\/distribuicao_de_mudas_-_fotos_fernando_gonzaga_11_2024-05-23_23-08-13_jpg_2024-05-23_23-08-13.webp.webp?fit=1200%2C800&ssl=1&resize=1050%2C600 3x"},"classes":[]},{"id":66399,"url":"https:\/\/ismaelcolosi.com.br\/index.php\/2024\/09\/17\/projeto-doa-mudas-de-arvores-para-reflorestar-areas-atingidas-por-incendios\/","url_meta":{"origin":29670,"position":3},"title":"Projeto doa mudas de \u00e1rvores para reflorestar \u00e1reas atingidas por inc\u00eandios","author":"ismaelcolosi.com.br","date":"17 de September de 2024","format":false,"excerpt":"O Projeto \u00c1gua Vida em parceria com a Associa\u00e7\u00e3o dos Pais e Amigos dos Excepcionais (Apae) visitou Ribeir\u00e3o Preto ap\u00f3s os inc\u00eandios devastadores que atingiram a regi\u00e3o. Juntos, criaram um projeto com a inten\u00e7\u00e3o de reflorestar a \u00e1rea devastada pelas queimadas. O projeto do fot\u00f3grafo ambientalista M\u00e1rio Barila, entregou a\u2026","rel":"","context":"In &quot;Not\u00edcias de Ribeir\u00e3o Preto-SP e Regi\u00e3o&quot;","block_context":{"text":"Not\u00edcias de Ribeir\u00e3o Preto-SP e Regi\u00e3o","link":"https:\/\/ismaelcolosi.com.br\/index.php\/category\/noticias-de-ribeirao-preto-sp-e-regiao-ismael-colosi\/"},"img":{"alt_text":"","src":"https:\/\/i0.wp.com\/ismaelcolosi.com.br\/wp-content\/uploads\/2024\/09\/Copia-de-Copia-de-Copia-de-TAMANHO-EXATO-PARA-FOTOS-NO-SISTEMA-NOVO-24_2024-09-17_15-50-21_png_2024-09-17_15-50-21.webp.webp?fit=1200%2C675&ssl=1&resize=350%2C200","width":350,"height":200,"srcset":"https:\/\/i0.wp.com\/ismaelcolosi.com.br\/wp-content\/uploads\/2024\/09\/Copia-de-Copia-de-Copia-de-TAMANHO-EXATO-PARA-FOTOS-NO-SISTEMA-NOVO-24_2024-09-17_15-50-21_png_2024-09-17_15-50-21.webp.webp?fit=1200%2C675&ssl=1&resize=350%2C200 1x, https:\/\/i0.wp.com\/ismaelcolosi.com.br\/wp-content\/uploads\/2024\/09\/Copia-de-Copia-de-Copia-de-TAMANHO-EXATO-PARA-FOTOS-NO-SISTEMA-NOVO-24_2024-09-17_15-50-21_png_2024-09-17_15-50-21.webp.webp?fit=1200%2C675&ssl=1&resize=525%2C300 1.5x, https:\/\/i0.wp.com\/ismaelcolosi.com.br\/wp-content\/uploads\/2024\/09\/Copia-de-Copia-de-Copia-de-TAMANHO-EXATO-PARA-FOTOS-NO-SISTEMA-NOVO-24_2024-09-17_15-50-21_png_2024-09-17_15-50-21.webp.webp?fit=1200%2C675&ssl=1&resize=700%2C400 2x, https:\/\/i0.wp.com\/ismaelcolosi.com.br\/wp-content\/uploads\/2024\/09\/Copia-de-Copia-de-Copia-de-TAMANHO-EXATO-PARA-FOTOS-NO-SISTEMA-NOVO-24_2024-09-17_15-50-21_png_2024-09-17_15-50-21.webp.webp?fit=1200%2C675&ssl=1&resize=1050%2C600 3x"},"classes":[]},{"id":52192,"url":"https:\/\/ismaelcolosi.com.br\/index.php\/2024\/06\/04\/doacao-de-mudas-acontece-no-centro-de-ribeirao-preto-veja-quando\/","url_meta":{"origin":29670,"position":4},"title":"Doa\u00e7\u00e3o de mudas acontece no Centro de Ribeir\u00e3o Preto; Veja quando","author":"ismaelcolosi.com.br","date":"4 de June de 2024","format":false,"excerpt":"Cinco esp\u00e9cies de mudas ser\u00e3o distribu\u00eddas, gratuitamente, pela Prefeitura de Ribeir\u00e3o Preto, por meio da Secretaria de Meio Ambiente, em evento que acontece acontece nesta quarta-feira (5). A a\u00e7\u00e3o faz parte da programa\u00e7\u00e3o do anivers\u00e1rio da cidade. A distribui\u00e7\u00e3o ser\u00e1 das 9h \u00e0s 12h, no Cal\u00e7ad\u00e3o do Centro de Ribeir\u00e3o,\u2026","rel":"","context":"In &quot;Not\u00edcias de Ribeir\u00e3o Preto-SP e Regi\u00e3o&quot;","block_context":{"text":"Not\u00edcias de Ribeir\u00e3o Preto-SP e Regi\u00e3o","link":"https:\/\/ismaelcolosi.com.br\/index.php\/category\/noticias-de-ribeirao-preto-sp-e-regiao-ismael-colosi\/"},"img":{"alt_text":"","src":"https:\/\/i0.wp.com\/ismaelcolosi.com.br\/wp-content\/uploads\/2024\/06\/Copia-de-Copia-de-TAMANHO-EXATO-PARA-FOTOS-NO-SISTEMA-NOVO-8_2024-06-04_19-45-58_jpg_2024-06-04_19-45-58.webp.webp?fit=1200%2C675&ssl=1&resize=350%2C200","width":350,"height":200,"srcset":"https:\/\/i0.wp.com\/ismaelcolosi.com.br\/wp-content\/uploads\/2024\/06\/Copia-de-Copia-de-TAMANHO-EXATO-PARA-FOTOS-NO-SISTEMA-NOVO-8_2024-06-04_19-45-58_jpg_2024-06-04_19-45-58.webp.webp?fit=1200%2C675&ssl=1&resize=350%2C200 1x, https:\/\/i0.wp.com\/ismaelcolosi.com.br\/wp-content\/uploads\/2024\/06\/Copia-de-Copia-de-TAMANHO-EXATO-PARA-FOTOS-NO-SISTEMA-NOVO-8_2024-06-04_19-45-58_jpg_2024-06-04_19-45-58.webp.webp?fit=1200%2C675&ssl=1&resize=525%2C300 1.5x, https:\/\/i0.wp.com\/ismaelcolosi.com.br\/wp-content\/uploads\/2024\/06\/Copia-de-Copia-de-TAMANHO-EXATO-PARA-FOTOS-NO-SISTEMA-NOVO-8_2024-06-04_19-45-58_jpg_2024-06-04_19-45-58.webp.webp?fit=1200%2C675&ssl=1&resize=700%2C400 2x, https:\/\/i0.wp.com\/ismaelcolosi.com.br\/wp-content\/uploads\/2024\/06\/Copia-de-Copia-de-TAMANHO-EXATO-PARA-FOTOS-NO-SISTEMA-NOVO-8_2024-06-04_19-45-58_jpg_2024-06-04_19-45-58.webp.webp?fit=1200%2C675&ssl=1&resize=1050%2C600 3x"},"classes":[]},{"id":13550,"url":"https:\/\/ismaelcolosi.com.br\/index.php\/2023\/12\/10\/abaixo-assinado-pede-mais-arvores-em-ribeirao\/","url_meta":{"origin":29670,"position":5},"title":"Abaixo-assinado pede mais \u00e1rvores em Ribeir\u00e3o\u00a0","author":"ismaelcolosi.com.br","date":"10 de December de 2023","format":false,"excerpt":"Um abaixo assinado com 5.337 assinaturas coletadas pela Organiza\u00e7\u00e3o N\u00e3o Governamental (ONG) Associa\u00e7\u00e3o Cultural e Ecol\u00f3gica Pau Brasil pede que a prefeitura de Ribeir\u00e3o Preto invista recursos no plantio de \u00e1rvores. A entidade comanda a Campanha \u201cT\u00e1 com Calor? Plante \u00e1rvores\u201d.\u00a0\u00a0Na ter\u00e7a-feira, 5 de dezembro, o grupo entregou o documento\u2026","rel":"","context":"In &quot;Not\u00edcias de Ribeir\u00e3o Preto-SP e Regi\u00e3o&quot;","block_context":{"text":"Not\u00edcias de Ribeir\u00e3o Preto-SP e Regi\u00e3o","link":"https:\/\/ismaelcolosi.com.br\/index.php\/category\/noticias-de-ribeirao-preto-sp-e-regiao-ismael-colosi\/"},"img":{"alt_text":"","src":"https:\/\/i0.wp.com\/ismaelcolosi.com.br\/wp-content\/uploads\/2023\/12\/arvores-scaled.jpg?fit=967%2C645&ssl=1&resize=350%2C200","width":350,"height":200,"srcset":"https:\/\/i0.wp.com\/ismaelcolosi.com.br\/wp-content\/uploads\/2023\/12\/arvores-scaled.jpg?fit=967%2C645&ssl=1&resize=350%2C200 1x, https:\/\/i0.wp.com\/ismaelcolosi.com.br\/wp-content\/uploads\/2023\/12\/arvores-scaled.jpg?fit=967%2C645&ssl=1&resize=525%2C300 1.5x, https:\/\/i0.wp.com\/ismaelcolosi.com.br\/wp-content\/uploads\/2023\/12\/arvores-scaled.jpg?fit=967%2C645&ssl=1&resize=700%2C400 2x"},"classes":[]}],"jetpack_sharing_enabled":true,"jetpack_shortlink":"https:\/\/wp.me\/pfMlyK-7Iy","_links":{"self":[{"href":"https:\/\/ismaelcolosi.com.br\/index.php\/wp-json\/wp\/v2\/posts\/29670","targetHints":{"allow":["GET"]}}],"collection":[{"href":"https:\/\/ismaelcolosi.com.br\/index.php\/wp-json\/wp\/v2\/posts"}],"about":[{"href":"https:\/\/ismaelcolosi.com.br\/index.php\/wp-json\/wp\/v2\/types\/post"}],"author":[{"embeddable":true,"href":"https:\/\/ismaelcolosi.com.br\/index.php\/wp-json\/wp\/v2\/users\/1"}],"replies":[{"embeddable":true,"href":"https:\/\/ismaelcolosi.com.br\/index.php\/wp-json\/wp\/v2\/comments?post=29670"}],"version-history":[{"count":0,"href":"https:\/\/ismaelcolosi.com.br\/index.php\/wp-json\/wp\/v2\/posts\/29670\/revisions"}],"wp:featuredmedia":[{"embeddable":true,"href":"https:\/\/ismaelcolosi.com.br\/index.php\/wp-json\/wp\/v2\/media\/29671"}],"wp:attachment":[{"href":"https:\/\/ismaelcolosi.com.br\/index.php\/wp-json\/wp\/v2\/media?parent=29670"}],"wp:term":[{"taxonomy":"category","embeddable":true,"href":"https:\/\/ismaelcolosi.com.br\/index.php\/wp-json\/wp\/v2\/categories?post=29670"},{"taxonomy":"post_tag","embeddable":true,"href":"https:\/\/ismaelcolosi.com.br\/index.php\/wp-json\/wp\/v2\/tags?post=29670"}],"curies":[{"name":"wp","href":"https:\/\/api.w.org\/{rel}","templated":true}]}}