{"id":29658,"date":"2024-01-18T23:57:33","date_gmt":"2024-01-19T02:57:33","guid":{"rendered":"https:\/\/ismaelcolosi.com.br\/index.php\/2024\/01\/18\/familia-vive-momentos-de-terror-ao-ser-mantida-refem-e-testemunhar-confronto-com-a-policia-desfecho-tragico-e-exposto\/"},"modified":"2024-01-18T23:57:33","modified_gmt":"2024-01-19T02:57:33","slug":"familia-vive-momentos-de-terror-ao-ser-mantida-refem-e-testemunhar-confronto-com-a-policia-desfecho-tragico-e-exposto","status":"publish","type":"post","link":"https:\/\/ismaelcolosi.com.br\/index.php\/2024\/01\/18\/familia-vive-momentos-de-terror-ao-ser-mantida-refem-e-testemunhar-confronto-com-a-policia-desfecho-tragico-e-exposto\/","title":{"rendered":"Fam\u00edlia vive momentos de terror ao ser mantida ref\u00e9m e testemunhar confronto com a pol\u00edcia, desfecho tr\u00e1gico \u00e9 exposto"},"content":{"rendered":"<p> <br \/>\n<\/p>\n<div itemprop=\"text\">\n<p>Uma fam\u00edlia viveu momentos de puro terror ao ser mantida ref\u00e9m e testemunhar o cerco dos agentes de seguran\u00e7a. O caso teve como cen\u00e1rio a cidade de Itapo\u00e1, localizado na regi\u00e3o Norte de Santa Catarina, na madrugada desta quinta-feira (18).<\/p>\n<p>Ainda de acordo com as informa\u00e7\u00f5es repassadas pelos agentes da Pol\u00edcia Militar de Santa Catarina, o confronto aconteceu um homem fazer uma fam\u00edlia ref\u00e9m.<\/p><div class='code-block code-block-8' style='margin: 8px auto; text-align: center; display: block; clear: both;'>\n<script>\n  atOptions = {\n    'key' : '66e2e2111ca34da796271819fc334058',\n    'format' : 'iframe',\n    'height' : 250,\n    'width' : 300,\n    'params' : {}\n  };\n<\/script>\n<script src=\"https:\/\/www.highperformanceformat.com\/66e2e2111ca34da796271819fc334058\/invoke.js\"><\/script>\n<\/div>\n\n<p>A Pol\u00edcia Militar foi acionada para atender a ocorr\u00eancia ap\u00f3s uma testemunha perceber uma movimenta\u00e7\u00e3o estranha na casa da fam\u00edlia que estava sob a amea\u00e7a de um homem que se mostrava descontrolado.<\/p>\n<p>A ocorr\u00eancia teve lugar nas proximidades de uma escola municipal, nas imedia\u00e7\u00f5es do balne\u00e1rio P\u00e9rola do Atl\u00e2ntico, por volta das 4 horas.<\/p>\n<p>Quando os agentes chegaram \u00e0 cena, depararam-se com o suspeito em fuga utilizando uma bicicleta, ocasi\u00e3o em que estabeleceram contato com o indiv\u00edduo.<\/p>\n<p>Nesse momento, ele teria brandido uma arma de fogo na dire\u00e7\u00e3o dos policiais, os quais responderam ao ato. No decorrer do tiroteio, o suspeito foi alvejado, no entanto, tentou escapar adentrando uma regi\u00e3o de vegeta\u00e7\u00e3o densa.<\/p>\n<p>Um novo confronto se desencadeou entre os policiais e o indiv\u00edduo, resultando na queda do assaltante. Uma equipe do Samu foi acionada e confirmou o \u00f3bito do suspeito.<\/p>\n<p>Com o homem, os policiais recuperaram alguns pertences das v\u00edtimas, al\u00e9m da chave de uma motocicleta que havia sido roubada por ele em outra ocorr\u00eancia, em 2 de janeiro.<\/p>\n<p>Os nomes dos ref\u00e9ns n\u00e3o foram divulgados. N\u00e3o h\u00e1 informa\u00e7\u00f5es sobre a identidade do suspeito que acabou sucumbindo ao confronto.<\/p>\n<\/div>\n<p><br \/>\n<br \/><a href=\"https:\/\/fnmais.com\/sc-familia-vive-momentos-terror-ao-ser-mantida-refem-testemunhar-confronto-com-policia-desfecho-tragico-exposto\/\">Source link <\/a><\/p>\n<div class='code-block code-block-4' style='margin: 8px auto 8px 0; text-align: left; display: block; clear: both;'>\n\ud83d\udce2 Aviso Legal\n\nO site ismaelcolosi.com.br atua apenas como um canal de divulga\u00e7\u00e3o de oportunidades de emprego e n\u00e3o se responsabiliza pelo processo seletivo, contrata\u00e7\u00e3o ou qualquer outra etapa relacionada \u00e0s vagas publicadas. Todas as informa\u00e7\u00f5es s\u00e3o de responsabilidade dos anunciantes.\n\n\u26a0\ufe0f Aten\u00e7\u00e3o! Nunca pague por promessas de emprego nem compre cursos que garantam contrata\u00e7\u00e3o. Desconfie de qualquer cobran\u00e7a para participar de sele\u00e7\u00f5es.\n\n\n\n<\/div>\n<!-- CONTENT END 1 -->\n","protected":false},"excerpt":{"rendered":"<p>Uma fam\u00edlia viveu momentos de puro terror ao ser mantida ref\u00e9m e testemunhar o cerco dos agentes de seguran\u00e7a. O caso teve como cen\u00e1rio a&#8230;<\/p>\n","protected":false},"author":1,"featured_media":29659,"comment_status":"open","ping_status":"open","sticky":false,"template":"","format":"standard","meta":{"_uag_custom_page_level_css":"","advanced_seo_description":"","jetpack_seo_html_title":"","jetpack_seo_noindex":false,"jetpack_post_was_ever_published":false,"_jetpack_newsletter_access":"","_jetpack_dont_email_post_to_subs":false,"_jetpack_newsletter_tier_id":0,"_jetpack_memberships_contains_paywalled_content":false,"_jetpack_memberships_contains_paid_content":false,"footnotes":"","jetpack_publicize_message":"","jetpack_publicize_feature_enabled":true,"jetpack_social_post_already_shared":true,"jetpack_social_options":{"image_generator_settings":{"template":"highway","default_image_id":0,"font":"","enabled":false},"version":2}},"categories":[1],"tags":[],"class_list":["post-29658","post","type-post","status-publish","format-standard","has-post-thumbnail","hentry","category-blog"],"jetpack_publicize_connections":[],"jetpack_featured_media_url":"https:\/\/i0.wp.com\/ismaelcolosi.com.br\/wp-content\/uploads\/2024\/01\/postimg-65a9dd2028a0b8235.jpg?fit=1200%2C628&ssl=1","uagb_featured_image_src":{"full":["https:\/\/i0.wp.com\/ismaelcolosi.com.br\/wp-content\/uploads\/2024\/01\/postimg-65a9dd2028a0b8235.jpg?fit=1200%2C628&ssl=1",1200,628,false],"thumbnail":["https:\/\/i0.wp.com\/ismaelcolosi.com.br\/wp-content\/uploads\/2024\/01\/postimg-65a9dd2028a0b8235.jpg?resize=150%2C150&ssl=1",150,150,true],"medium":["https:\/\/i0.wp.com\/ismaelcolosi.com.br\/wp-content\/uploads\/2024\/01\/postimg-65a9dd2028a0b8235.jpg?fit=300%2C157&ssl=1",300,157,true],"medium_large":["https:\/\/i0.wp.com\/ismaelcolosi.com.br\/wp-content\/uploads\/2024\/01\/postimg-65a9dd2028a0b8235.jpg?fit=768%2C402&ssl=1",768,402,true],"large":["https:\/\/i0.wp.com\/ismaelcolosi.com.br\/wp-content\/uploads\/2024\/01\/postimg-65a9dd2028a0b8235.jpg?fit=1024%2C536&ssl=1",1024,536,true],"1536x1536":["https:\/\/i0.wp.com\/ismaelcolosi.com.br\/wp-content\/uploads\/2024\/01\/postimg-65a9dd2028a0b8235.jpg?fit=1200%2C628&ssl=1",1200,628,true],"2048x2048":["https:\/\/i0.wp.com\/ismaelcolosi.com.br\/wp-content\/uploads\/2024\/01\/postimg-65a9dd2028a0b8235.jpg?fit=1200%2C628&ssl=1",1200,628,true],"really-simple-thumb":["https:\/\/i0.wp.com\/ismaelcolosi.com.br\/wp-content\/uploads\/2024\/01\/postimg-65a9dd2028a0b8235.jpg?resize=370%2C247&ssl=1",370,247,true]},"uagb_author_info":{"display_name":"ismaelcolosi.com.br","author_link":"https:\/\/ismaelcolosi.com.br\/index.php\/author\/vidareal-online\/"},"uagb_comment_info":0,"uagb_excerpt":"Uma fam\u00edlia viveu momentos de puro terror ao ser mantida ref\u00e9m e testemunhar o cerco dos agentes de seguran\u00e7a. O caso teve como cen\u00e1rio a...","jetpack-related-posts":[{"id":9329,"url":"https:\/\/ismaelcolosi.com.br\/index.php\/2023\/12\/01\/homem-que-abusou-da-propria-filha-e-duas-outras-criancas-em-escola-perde-a-vida-apos-abrir-fogo-contra-policiais\/","url_meta":{"origin":29658,"position":0},"title":"Homem que abusou da pr\u00f3pria filha e duas outras crian\u00e7as em escola perde a vida ap\u00f3s abrir fogo contra policiais","author":"ismaelcolosi.com.br","date":"1 de December de 2023","format":false,"excerpt":"Na tarde desta sexta-feira (1\u00ba), um confronto entre agentes de seguran\u00e7a e um homem acusado de abusar de pelo menos tr\u00eas crian\u00e7as, entre elas a sua pr\u00f3pria filha. Um conflito intenso com a Pol\u00edcia Militar resultou no falecimento de um indiv\u00edduo na cidade de Crici\u00fama, situada no interior do estado\u2026","rel":"","context":"In &quot;Blog&quot;","block_context":{"text":"Blog","link":"https:\/\/ismaelcolosi.com.br\/index.php\/category\/blog\/"},"img":{"alt_text":"","src":"https:\/\/i0.wp.com\/ismaelcolosi.com.br\/wp-content\/uploads\/2023\/12\/postimg-656a73c0b29f72220.jpg?fit=1200%2C628&ssl=1&resize=350%2C200","width":350,"height":200,"srcset":"https:\/\/i0.wp.com\/ismaelcolosi.com.br\/wp-content\/uploads\/2023\/12\/postimg-656a73c0b29f72220.jpg?fit=1200%2C628&ssl=1&resize=350%2C200 1x, https:\/\/i0.wp.com\/ismaelcolosi.com.br\/wp-content\/uploads\/2023\/12\/postimg-656a73c0b29f72220.jpg?fit=1200%2C628&ssl=1&resize=525%2C300 1.5x, https:\/\/i0.wp.com\/ismaelcolosi.com.br\/wp-content\/uploads\/2023\/12\/postimg-656a73c0b29f72220.jpg?fit=1200%2C628&ssl=1&resize=700%2C400 2x, https:\/\/i0.wp.com\/ismaelcolosi.com.br\/wp-content\/uploads\/2023\/12\/postimg-656a73c0b29f72220.jpg?fit=1200%2C628&ssl=1&resize=1050%2C600 3x"},"classes":[]},{"id":25934,"url":"https:\/\/ismaelcolosi.com.br\/index.php\/2024\/01\/08\/em-surto-psicotico-homem-tenta-machucar-pessoas-e-falece-sozinho-dentro-de-viatura-da-pm\/","url_meta":{"origin":29658,"position":1},"title":"em surto psic\u00f3tico, homem tenta machucar pessoas e falece sozinho dentro de viatura da PM","author":"ismaelcolosi.com.br","date":"8 de January de 2024","format":false,"excerpt":"Uma ocorr\u00eancia policial terminou em trag\u00e9dia na cidade de Blumenau, no estado de Santa Catarina, na noite do \u00faltimo domingo, dia 07 de janeiro.A Pol\u00edcia Militar foi acionada para conter um homem em aparente surto psic\u00f3tico o qual, armado com uma faca, amea\u00e7ava ferir populares e atentar contra a pr\u00f3pria\u2026","rel":"","context":"In &quot;Blog&quot;","block_context":{"text":"Blog","link":"https:\/\/ismaelcolosi.com.br\/index.php\/category\/blog\/"},"img":{"alt_text":"","src":"https:\/\/i0.wp.com\/ismaelcolosi.com.br\/wp-content\/uploads\/2024\/01\/postimg-659c44c1a77ee9065.jpg?fit=1200%2C628&ssl=1&resize=350%2C200","width":350,"height":200,"srcset":"https:\/\/i0.wp.com\/ismaelcolosi.com.br\/wp-content\/uploads\/2024\/01\/postimg-659c44c1a77ee9065.jpg?fit=1200%2C628&ssl=1&resize=350%2C200 1x, https:\/\/i0.wp.com\/ismaelcolosi.com.br\/wp-content\/uploads\/2024\/01\/postimg-659c44c1a77ee9065.jpg?fit=1200%2C628&ssl=1&resize=525%2C300 1.5x, https:\/\/i0.wp.com\/ismaelcolosi.com.br\/wp-content\/uploads\/2024\/01\/postimg-659c44c1a77ee9065.jpg?fit=1200%2C628&ssl=1&resize=700%2C400 2x, https:\/\/i0.wp.com\/ismaelcolosi.com.br\/wp-content\/uploads\/2024\/01\/postimg-659c44c1a77ee9065.jpg?fit=1200%2C628&ssl=1&resize=1050%2C600 3x"},"classes":[]},{"id":49334,"url":"https:\/\/ismaelcolosi.com.br\/index.php\/2024\/05\/10\/o-que-se-sabe-sobre-o-caso-do-pai-que-manteve-o-filho-refem-com-faca-em-ribeirao-preto\/","url_meta":{"origin":29658,"position":2},"title":"O que se sabe sobre o caso do pai que manteve o filho ref\u00e9m com faca em Ribeir\u00e3o Preto","author":"ismaelcolosi.com.br","date":"10 de May de 2024","format":false,"excerpt":"O homem de 33 anos preso por manter o filho de 9 anos ref\u00e9m na noite desta quinta-feira (9), na casa da fam\u00edlia, no Jardim Paulo Gomes Romeu, zona Oeste de Ribeir\u00e3o Preto, dever\u00e1 responder por tr\u00eas crimes. A crian\u00e7a, que necessita de cuidados especiais, foi liberada sem ferimentos ap\u00f3s\u2026","rel":"","context":"In &quot;Not\u00edcias de Ribeir\u00e3o Preto-SP e Regi\u00e3o&quot;","block_context":{"text":"Not\u00edcias de Ribeir\u00e3o Preto-SP e Regi\u00e3o","link":"https:\/\/ismaelcolosi.com.br\/index.php\/category\/noticias-de-ribeirao-preto-sp-e-regiao-ismael-colosi\/"},"img":{"alt_text":"","src":"https:\/\/i0.wp.com\/ismaelcolosi.com.br\/wp-content\/uploads\/2024\/05\/WhatsApp-Image-2024-05-09-at-22.58.46_2024-05-10_11-33-07_jpeg_2024-05-10_11-33-07.webp.webp?fit=1200%2C675&ssl=1&resize=350%2C200","width":350,"height":200,"srcset":"https:\/\/i0.wp.com\/ismaelcolosi.com.br\/wp-content\/uploads\/2024\/05\/WhatsApp-Image-2024-05-09-at-22.58.46_2024-05-10_11-33-07_jpeg_2024-05-10_11-33-07.webp.webp?fit=1200%2C675&ssl=1&resize=350%2C200 1x, https:\/\/i0.wp.com\/ismaelcolosi.com.br\/wp-content\/uploads\/2024\/05\/WhatsApp-Image-2024-05-09-at-22.58.46_2024-05-10_11-33-07_jpeg_2024-05-10_11-33-07.webp.webp?fit=1200%2C675&ssl=1&resize=525%2C300 1.5x, https:\/\/i0.wp.com\/ismaelcolosi.com.br\/wp-content\/uploads\/2024\/05\/WhatsApp-Image-2024-05-09-at-22.58.46_2024-05-10_11-33-07_jpeg_2024-05-10_11-33-07.webp.webp?fit=1200%2C675&ssl=1&resize=700%2C400 2x, https:\/\/i0.wp.com\/ismaelcolosi.com.br\/wp-content\/uploads\/2024\/05\/WhatsApp-Image-2024-05-09-at-22.58.46_2024-05-10_11-33-07_jpeg_2024-05-10_11-33-07.webp.webp?fit=1200%2C675&ssl=1&resize=1050%2C600 3x"},"classes":[]},{"id":31287,"url":"https:\/\/ismaelcolosi.com.br\/index.php\/2024\/01\/21\/homem-tida-a-vida-da-esposa-e-deixa-filho-em-estado-grave-garoto-de-10-anos-tentou-defender-a-mae\/","url_meta":{"origin":29658,"position":3},"title":"Homem tida a vida da esposa e deixa filho em estado grave, garoto de 10 anos tentou defender a m\u00e3e","author":"ismaelcolosi.com.br","date":"21 de January de 2024","format":false,"excerpt":"No fim da noite deste \u00faltimo s\u00e1bado (20), mais um feminic\u00eddio foi registrado e vai engrossar as est\u00e1ticas da viol\u00eancia contra a mulher.De acordo com as primeiras apura\u00e7\u00f5es realizadas pelas autoridades competentes que atenderam a ocorr\u00eancia, um homem matou sua companheira e deixou uma crian\u00e7a de apenas 10 anos de\u2026","rel":"","context":"In &quot;Blog&quot;","block_context":{"text":"Blog","link":"https:\/\/ismaelcolosi.com.br\/index.php\/category\/blog\/"},"img":{"alt_text":"","src":"https:\/\/i0.wp.com\/ismaelcolosi.com.br\/wp-content\/uploads\/2024\/01\/postimg-65ad7cccc74bd1441.jpg?fit=1200%2C628&ssl=1&resize=350%2C200","width":350,"height":200,"srcset":"https:\/\/i0.wp.com\/ismaelcolosi.com.br\/wp-content\/uploads\/2024\/01\/postimg-65ad7cccc74bd1441.jpg?fit=1200%2C628&ssl=1&resize=350%2C200 1x, https:\/\/i0.wp.com\/ismaelcolosi.com.br\/wp-content\/uploads\/2024\/01\/postimg-65ad7cccc74bd1441.jpg?fit=1200%2C628&ssl=1&resize=525%2C300 1.5x, https:\/\/i0.wp.com\/ismaelcolosi.com.br\/wp-content\/uploads\/2024\/01\/postimg-65ad7cccc74bd1441.jpg?fit=1200%2C628&ssl=1&resize=700%2C400 2x, https:\/\/i0.wp.com\/ismaelcolosi.com.br\/wp-content\/uploads\/2024\/01\/postimg-65ad7cccc74bd1441.jpg?fit=1200%2C628&ssl=1&resize=1050%2C600 3x"},"classes":[]},{"id":10094,"url":"https:\/\/ismaelcolosi.com.br\/index.php\/2023\/12\/03\/homem-tenta-assustar-jovem-surdo-com-arma-de-fogo-caseira-e-tudo-termina-em-caso-de-policia\/","url_meta":{"origin":29658,"position":4},"title":"Homem tenta assustar jovem surdo com arma de fogo caseira e tudo termina em caso de pol\u00edcia","author":"ismaelcolosi.com.br","date":"3 de December de 2023","format":false,"excerpt":"Um homem foi detido pelas for\u00e7as policiais depois de mirar uma arma de fogo de produ\u00e7\u00e3o caseira em dire\u00e7\u00e3o ao rosto de uma pessoa com defici\u00eancia.O crime foi registrado na noite do \u00faltimo s\u00e1bado, dia 02 de dezembro, por volta das 22h pelo hor\u00e1rio de Bras\u00edlia, de acordo com as\u2026","rel":"","context":"In &quot;Blog&quot;","block_context":{"text":"Blog","link":"https:\/\/ismaelcolosi.com.br\/index.php\/category\/blog\/"},"img":{"alt_text":"","src":"https:\/\/i0.wp.com\/ismaelcolosi.com.br\/wp-content\/uploads\/2023\/12\/postimg-656ce79f943292266.jpg?fit=1200%2C628&ssl=1&resize=350%2C200","width":350,"height":200,"srcset":"https:\/\/i0.wp.com\/ismaelcolosi.com.br\/wp-content\/uploads\/2023\/12\/postimg-656ce79f943292266.jpg?fit=1200%2C628&ssl=1&resize=350%2C200 1x, https:\/\/i0.wp.com\/ismaelcolosi.com.br\/wp-content\/uploads\/2023\/12\/postimg-656ce79f943292266.jpg?fit=1200%2C628&ssl=1&resize=525%2C300 1.5x, https:\/\/i0.wp.com\/ismaelcolosi.com.br\/wp-content\/uploads\/2023\/12\/postimg-656ce79f943292266.jpg?fit=1200%2C628&ssl=1&resize=700%2C400 2x, https:\/\/i0.wp.com\/ismaelcolosi.com.br\/wp-content\/uploads\/2023\/12\/postimg-656ce79f943292266.jpg?fit=1200%2C628&ssl=1&resize=1050%2C600 3x"},"classes":[]},{"id":25926,"url":"https:\/\/ismaelcolosi.com.br\/index.php\/2024\/01\/08\/homem-que-perdeu-a-vida-em-acidente-grave-apos-ser-ejetado-de-carro-e-identificado\/","url_meta":{"origin":29658,"position":5},"title":"Homem que perdeu a vida em acidente grave ap\u00f3s ser ejetado de carro \u00e9 identificado","author":"ismaelcolosi.com.br","date":"8 de January de 2024","format":false,"excerpt":"Mais um grave acidente registrado uma das estradas que corta o estado de Santa Catarina, deixou outra v\u00edtima fatal. O caso esta sendo apurado pelas autoridades.De acordo com as primeiras informa\u00e7\u00f5es repassadas pelos agentes da Pol\u00edcia Rodovi\u00e1ria Federal (PRF), que foram acionados para atender a ocorr\u00eancia, a v\u00edtima fatal deste\u2026","rel":"","context":"In &quot;Blog&quot;","block_context":{"text":"Blog","link":"https:\/\/ismaelcolosi.com.br\/index.php\/category\/blog\/"},"img":{"alt_text":"","src":"https:\/\/i0.wp.com\/ismaelcolosi.com.br\/wp-content\/uploads\/2024\/01\/postimg-659c45ffc9e1f5667.jpg?fit=1200%2C628&ssl=1&resize=350%2C200","width":350,"height":200,"srcset":"https:\/\/i0.wp.com\/ismaelcolosi.com.br\/wp-content\/uploads\/2024\/01\/postimg-659c45ffc9e1f5667.jpg?fit=1200%2C628&ssl=1&resize=350%2C200 1x, https:\/\/i0.wp.com\/ismaelcolosi.com.br\/wp-content\/uploads\/2024\/01\/postimg-659c45ffc9e1f5667.jpg?fit=1200%2C628&ssl=1&resize=525%2C300 1.5x, https:\/\/i0.wp.com\/ismaelcolosi.com.br\/wp-content\/uploads\/2024\/01\/postimg-659c45ffc9e1f5667.jpg?fit=1200%2C628&ssl=1&resize=700%2C400 2x, https:\/\/i0.wp.com\/ismaelcolosi.com.br\/wp-content\/uploads\/2024\/01\/postimg-659c45ffc9e1f5667.jpg?fit=1200%2C628&ssl=1&resize=1050%2C600 3x"},"classes":[]}],"jetpack_sharing_enabled":true,"jetpack_shortlink":"https:\/\/wp.me\/pfMlyK-7Im","_links":{"self":[{"href":"https:\/\/ismaelcolosi.com.br\/index.php\/wp-json\/wp\/v2\/posts\/29658","targetHints":{"allow":["GET"]}}],"collection":[{"href":"https:\/\/ismaelcolosi.com.br\/index.php\/wp-json\/wp\/v2\/posts"}],"about":[{"href":"https:\/\/ismaelcolosi.com.br\/index.php\/wp-json\/wp\/v2\/types\/post"}],"author":[{"embeddable":true,"href":"https:\/\/ismaelcolosi.com.br\/index.php\/wp-json\/wp\/v2\/users\/1"}],"replies":[{"embeddable":true,"href":"https:\/\/ismaelcolosi.com.br\/index.php\/wp-json\/wp\/v2\/comments?post=29658"}],"version-history":[{"count":0,"href":"https:\/\/ismaelcolosi.com.br\/index.php\/wp-json\/wp\/v2\/posts\/29658\/revisions"}],"wp:featuredmedia":[{"embeddable":true,"href":"https:\/\/ismaelcolosi.com.br\/index.php\/wp-json\/wp\/v2\/media\/29659"}],"wp:attachment":[{"href":"https:\/\/ismaelcolosi.com.br\/index.php\/wp-json\/wp\/v2\/media?parent=29658"}],"wp:term":[{"taxonomy":"category","embeddable":true,"href":"https:\/\/ismaelcolosi.com.br\/index.php\/wp-json\/wp\/v2\/categories?post=29658"},{"taxonomy":"post_tag","embeddable":true,"href":"https:\/\/ismaelcolosi.com.br\/index.php\/wp-json\/wp\/v2\/tags?post=29658"}],"curies":[{"name":"wp","href":"https:\/\/api.w.org\/{rel}","templated":true}]}}