{"id":29610,"date":"2024-01-18T20:46:53","date_gmt":"2024-01-18T23:46:53","guid":{"rendered":"https:\/\/ismaelcolosi.com.br\/index.php\/2024\/01\/18\/campanha-incentiva-uso-do-etanol\/"},"modified":"2024-01-18T20:46:53","modified_gmt":"2024-01-18T23:46:53","slug":"campanha-incentiva-uso-do-etanol","status":"publish","type":"post","link":"https:\/\/ismaelcolosi.com.br\/index.php\/2024\/01\/18\/campanha-incentiva-uso-do-etanol\/","title":{"rendered":"Campanha incentiva uso do etanol \u00a0"},"content":{"rendered":"<p> <br \/>\n<\/p>\n<div id=\"\">\n<h2 class=\"penci-post-subtitle\">Entre mar\u00e7o de 2003 e o fim de 2023, consumo de etanol no Brasil evitou a emiss\u00e3o de 662 milh\u00f5es de toneladas de CO2 equivalente\u00a0<\/h2>\n<p> <span class=\"entry-meta-item penci-posted-on\"><i class=\"fa fa-clock-o\"\/><time class=\"entry-date published\" datetime=\"2024-01-18T17:00:13-03:00\">18 de janeiro de 2024 | 17:00<\/time><time class=\"updated\" datetime=\"2024-01-18T10:01:44-03:00\">18 de janeiro de 2024 | 10:01<\/time><\/span><\/p>\n<p> <span class=\"penci-social-buttons penci-social-share-footer\"><a href=\"#\" class=\"penci-post-like penci_post-meta_item  single-like-button penci-social-item like\" data-post_id=\"370751\" title=\"Like\" data-like=\"Like\" data-unlike=\"Unlike\"><i class=\"fa fa-thumbs-o-up\"\/><span class=\"penci-share-number\">0<\/span><\/a><i class=\"fa fa-facebook\"\/><a class=\"penci-social-item twitter\" target=\"_blank\" rel=\"noopener\" title=\"\" href=\"https:\/\/twitter.com\/intent\/tweet?text=Campanha%20incentiva%20uso%20do%20etanol%20\u00a0%20-%20https:\/\/www.tribunaribeirao.com.br\/site\/campanha-incentiva-uso-do-etanol\/\"><i class=\"fa fa-twitter\"\/><\/a><i class=\"fa fa-whatsapp\"\/><\/span><\/div>\n<div>\n<p><span class=\"TextRun SCXW65447922 BCX0\" lang=\"PT-BR\" xml:lang=\"PT-BR\" data-contrast=\"auto\"><span class=\"NormalTextRun SCXW65447922 BCX0\">A Uni\u00e3o da Ind\u00fastria de <\/span><span class=\"NormalTextRun SCXW65447922 BCX0\">Cana-de-A\u00e7\u00facar<\/span><span class=\"NormalTextRun SCXW65447922 BCX0\"> e <\/span><span class=\"NormalTextRun SCXW65447922 BCX0\">Bioenergia<\/span><span class=\"NormalTextRun SCXW65447922 BCX0\"> (<\/span><span class=\"NormalTextRun SCXW65447922 BCX0\">Unica<\/span><span class=\"NormalTextRun SCXW65447922 BCX0\">) lan\u00e7ou nesta quarta-feira, 17<\/span><span class=\"NormalTextRun SCXW65447922 BCX0\"> de janei<\/span><span class=\"NormalTextRun SCXW65447922 BCX0\">ro<\/span><span class=\"NormalTextRun SCXW65447922 BCX0\">, uma campanha de incentivo ao uso de etanol por motoristas em seus ve\u00edculos. A iniciativa, apresentada em evento, em S\u00e3o Paulo, envolve campanha publicit\u00e1ria com o foco no esclarecimento de d\u00favidas dos consumidores.<\/span><span class=\"NormalTextRun SCXW65447922 BCX0\"> Mas <\/span><span class=\"NormalTextRun SCXW65447922 BCX0\">o mercado <\/span><span class=\"NormalTextRun SCXW65447922 BCX0\">tamb\u00e9m <\/span><span class=\"NormalTextRun SCXW65447922 BCX0\">precisa <\/span><span class=\"NormalTextRun SCXW65447922 BCX0\">rever sua pol\u00edtica de <\/span><span class=\"NormalTextRun SCXW65447922 BCX0\">pre\u00e7os. <\/span><\/span><span class=\"LineBreakBlob BlobObject DragDrop SCXW65447922 BCX0\"><span class=\"SCXW65447922 BCX0\">\u00a0<\/span><br class=\"SCXW65447922 BCX0\"\/><\/span><span class=\"LineBreakBlob BlobObject DragDrop SCXW65447922 BCX0\"><span class=\"SCXW65447922 BCX0\">\u00a0<\/span><br class=\"SCXW65447922 BCX0\"\/><\/span><span class=\"TextRun SCXW65447922 BCX0\" lang=\"PT-BR\" xml:lang=\"PT-BR\" data-contrast=\"auto\"><span class=\"NormalTextRun SCXW65447922 BCX0\">A campanha ser\u00e1 veiculada, a partir d<\/span><span class=\"NormalTextRun SCXW65447922 BCX0\">esta <\/span><span class=\"NormalTextRun SCXW65447922 BCX0\">quinta-feira<\/span><span class=\"NormalTextRun SCXW65447922 BCX0\"> (18)<\/span><span class=\"NormalTextRun SCXW65447922 BCX0\"> em r\u00e1dio, com quatro spots, e TV, com dez v\u00eddeos, tendo a participa\u00e7\u00e3o do humorista Rafael Portugal. A campanha tamb\u00e9m usar\u00e1 cerca de 20 influenciadores nas redes sociais e usa o bord\u00e3o \u201cVai de Etanol\u201d.<\/span> <span class=\"NormalTextRun SCXW65447922 BCX0\">Tamb\u00e9m foi criado o site <\/span><span class=\"NormalTextRun SCXW65447922 BCX0\">vaideetanol.com.<\/span><span class=\"NormalTextRun SCXW65447922 BCX0\">br<\/span><span class=\"NormalTextRun SCXW65447922 BCX0\"> para tirar d\u00favidas dos consumidores.<\/span><\/span><span class=\"LineBreakBlob BlobObject DragDrop SCXW65447922 BCX0\"><span class=\"SCXW65447922 BCX0\">\u00a0<\/span><br class=\"SCXW65447922 BCX0\"\/><\/span><span class=\"LineBreakBlob BlobObject DragDrop SCXW65447922 BCX0\"><span class=\"SCXW65447922 BCX0\">\u00a0<\/span><br class=\"SCXW65447922 BCX0\"\/><\/span><span class=\"TextRun SCXW65447922 BCX0\" lang=\"PT-BR\" xml:lang=\"PT-BR\" data-contrast=\"auto\"><span class=\"NormalTextRun SCXW65447922 BCX0\">\u201cAl\u00e9m de reunir todos os v\u00eddeos e spots de r\u00e1dio, decidimos incluir uma s\u00e9rie de mitos e verdades sobre o etanol, uma calculadora que mostra quanto de CO2 as pessoas deixam de emitir ao abastecer com etanol e at\u00e9 um <\/span><span class=\"NormalTextRun SCXW65447922 BCX0\">quiz<\/span><span class=\"NormalTextRun SCXW65447922 BCX0\"> para medir o grau de conhecimento dos motoristas\u201d, afirmou a diretora-executiva da <\/span><span class=\"NormalTextRun SCXW65447922 BCX0\">Unica<\/span><span class=\"NormalTextRun SCXW65447922 BCX0\">, Patr\u00edcia Audi. \u201cQueremos que mude o <\/span><span class=\"NormalTextRun SCXW65447922 BCX0\">mindset<\/span><span class=\"NormalTextRun SCXW65447922 BCX0\"> do consumidor\u201d, acrescentou.<\/span><\/span><span class=\"LineBreakBlob BlobObject DragDrop SCXW65447922 BCX0\"><span class=\"SCXW65447922 BCX0\">\u00a0<\/span><br class=\"SCXW65447922 BCX0\"\/><\/span><span class=\"LineBreakBlob BlobObject DragDrop SCXW65447922 BCX0\"><span class=\"SCXW65447922 BCX0\">\u00a0<\/span><br class=\"SCXW65447922 BCX0\"\/><\/span><span class=\"TextRun SCXW65447922 BCX0\" lang=\"PT-BR\" xml:lang=\"PT-BR\" data-contrast=\"auto\"><span class=\"NormalTextRun SCXW65447922 BCX0\">Na apresenta\u00e7\u00e3o, a <\/span><span class=\"NormalTextRun SCXW65447922 BCX0\">Unica<\/span><span class=\"NormalTextRun SCXW65447922 BCX0\"> adotou o discurso da import\u00e2ncia da ado\u00e7\u00e3o de iniciativas sustent\u00e1veis em virtude da \u201curg\u00eancia clim\u00e1tica\u201d, como fator principal a motivar o uso do etanol. \u201cH\u00e1 uma necessidade urgente de acelerar a substitui\u00e7\u00e3o dos combust\u00edveis f\u00f3sseis por <\/span><span class=\"NormalTextRun SCXW65447922 BCX0\">biocombust\u00edveis<\/span><span class=\"NormalTextRun SCXW65447922 BCX0\">, reduzindo a emiss\u00e3o dos gases que provocam o efeito estufa\u201d, declarou o presidente da <\/span><span class=\"NormalTextRun SCXW65447922 BCX0\">Unica<\/span><span class=\"NormalTextRun SCXW65447922 BCX0\">, Evandro <\/span><span class=\"NormalTextRun SpellingErrorV2Themed SCXW65447922 BCX0\">Gussi<\/span><span class=\"NormalTextRun SCXW65447922 BCX0\">.<\/span><\/span><span class=\"LineBreakBlob BlobObject DragDrop SCXW65447922 BCX0\"><span class=\"SCXW65447922 BCX0\">\u00a0<\/span><br class=\"SCXW65447922 BCX0\"\/><\/span><span class=\"LineBreakBlob BlobObject DragDrop SCXW65447922 BCX0\"><span class=\"SCXW65447922 BCX0\">\u00a0<\/span><br class=\"SCXW65447922 BCX0\"\/><\/span><span class=\"TextRun SCXW65447922 BCX0\" lang=\"PT-BR\" xml:lang=\"PT-BR\" data-contrast=\"auto\"><span class=\"NormalTextRun SCXW65447922 BCX0\">Segundo a <\/span><span class=\"NormalTextRun SCXW65447922 BCX0\">Unica<\/span><span class=\"NormalTextRun SCXW65447922 BCX0\">, entre o lan\u00e7amento dos motores <\/span><span class=\"NormalTextRun SpellingErrorV2Themed SCXW65447922 BCX0\">flex<\/span><span class=\"NormalTextRun SCXW65447922 BCX0\"> em mar\u00e7o de 2003 e o fim de 2023, o consumo de etanol no Brasil evitou a emiss\u00e3o de 662 milh\u00f5es de toneladas de CO2 equivalente. \u201cIsso representa <\/span><span class=\"NormalTextRun SCXW65447922 BCX0\">cinco <\/span><span class=\"NormalTextRun SCXW65447922 BCX0\">milh\u00f5es de \u00e1rvores plantadas\u201d, disse o diretor de Intelig\u00eancia Setorial da <\/span><span class=\"NormalTextRun SCXW65447922 BCX0\">Unica<\/span><span class=\"NormalTextRun SCXW65447922 BCX0\">, Luciano Rodrigues.<\/span><\/span><span class=\"LineBreakBlob BlobObject DragDrop SCXW65447922 BCX0\"><span class=\"SCXW65447922 BCX0\">\u00a0<\/span><br class=\"SCXW65447922 BCX0\"\/><\/span><span class=\"LineBreakBlob BlobObject DragDrop SCXW65447922 BCX0\"><span class=\"SCXW65447922 BCX0\">\u00a0<\/span><br class=\"SCXW65447922 BCX0\"\/><\/span><span class=\"TextRun SCXW65447922 BCX0\" lang=\"PT-BR\" xml:lang=\"PT-BR\" data-contrast=\"auto\"><span class=\"NormalTextRun SCXW65447922 BCX0\">O lan\u00e7amento da campanha da <\/span><span class=\"NormalTextRun SCXW65447922 BCX0\">Unica<\/span><span class=\"NormalTextRun SCXW65447922 BCX0\"> se d\u00e1 em um momento de alta da produ\u00e7\u00e3o de etanol no Pa\u00eds. No acumulado desde o in\u00edcio do atual ciclo agr\u00edcola at\u00e9 31 de dezembro, a fabrica\u00e7\u00e3o do <\/span><span class=\"NormalTextRun SCXW65447922 BCX0\">biocombust\u00edvel<\/span><span class=\"NormalTextRun SCXW65447922 BCX0\"> totaliza 31,44 <\/span><span class=\"NormalTextRun SCXW65447922 BCX0\">bilh\u00f5es de litros (+14,39%), sendo 18,79 bilh\u00f5es de etanol hidratado (+18,72%) e 12,66 bilh\u00f5es de anidro (+8,52%).<\/span><\/span><span class=\"LineBreakBlob BlobObject DragDrop SCXW65447922 BCX0\"><span class=\"SCXW65447922 BCX0\">\u00a0<\/span><br class=\"SCXW65447922 BCX0\"\/><\/span><span class=\"LineBreakBlob BlobObject DragDrop SCXW65447922 BCX0\"><span class=\"SCXW65447922 BCX0\">\u00a0<\/span><br class=\"SCXW65447922 BCX0\"\/><\/span><span class=\"TextRun SCXW65447922 BCX0\" lang=\"PT-BR\" xml:lang=\"PT-BR\" data-contrast=\"auto\"><span class=\"NormalTextRun SCXW65447922 BCX0\">No acumulado desde o in\u00edcio da safra, a produ\u00e7\u00e3o de etanol de milho atingiu 4,61 bilh\u00f5es de litros <\/span><span class=\"NormalTextRun SCXW65447922 BCX0\">\u2013<\/span><span class=\"NormalTextRun SCXW65447922 BCX0\"> avan\u00e7o de 41,65% na compara\u00e7\u00e3o com igual per\u00edodo do ano passado.<\/span> <span class=\"NormalTextRun SCXW65447922 BCX0\">A competitividade do etanol, um fator importante na tomada de decis\u00e3o do consumidor, tamb\u00e9m est\u00e1 em alta.<\/span><\/span><span class=\"LineBreakBlob BlobObject DragDrop SCXW65447922 BCX0\"><span class=\"SCXW65447922 BCX0\">\u00a0<\/span><br class=\"SCXW65447922 BCX0\"\/><\/span><span class=\"LineBreakBlob BlobObject DragDrop SCXW65447922 BCX0\"><span class=\"SCXW65447922 BCX0\">\u00a0<\/span><br class=\"SCXW65447922 BCX0\"\/><\/span><span class=\"TextRun SCXW65447922 BCX0\" lang=\"PT-BR\" xml:lang=\"PT-BR\" data-contrast=\"auto\"><span class=\"NormalTextRun SCXW65447922 BCX0\">Na semana encerrada no \u00faltimo s\u00e1bado<\/span><span class=\"NormalTextRun SCXW65447922 BCX0\"> (13)<\/span><span class=\"NormalTextRun SCXW65447922 BCX0\">, o etanol estava mais competitivo em rela\u00e7\u00e3o \u00e0 gasolina em <\/span><span class=\"NormalTextRun SCXW65447922 BCX0\">doze<\/span><span class=\"NormalTextRun SCXW65447922 BCX0\"> Estados: Acre, Alagoas, Goi\u00e1s, Mato Grosso, Mato Grosso do Sul, Minas Gerais, Para\u00edba, Paran\u00e1, Pernambuco, Rio de Janeiro, S\u00e3o Paulo e Tocantins, al\u00e9m do Distrito Federal.<\/span> <\/span><span class=\"LineBreakBlob BlobObject DragDrop SCXW65447922 BCX0\"><span class=\"SCXW65447922 BCX0\">\u00a0<\/span><br class=\"SCXW65447922 BCX0\"\/><\/span><span class=\"LineBreakBlob BlobObject DragDrop SCXW65447922 BCX0\"><span class=\"SCXW65447922 BCX0\">\u00a0<\/span><br class=\"SCXW65447922 BCX0\"\/><\/span><span class=\"TextRun SCXW65447922 BCX0\" lang=\"PT-BR\" xml:lang=\"PT-BR\" data-contrast=\"auto\"><span class=\"NormalTextRun SCXW65447922 BCX0\">Em Ribeir\u00e3o Preto, com o etanol a R$ 3,58 e gasolina a R$ 5,65 no per\u00edodo, a paridade est\u00e1 em 63,4%. Ou seja, \u00e9 mais vantajoso abastecer com \u00e1lcool hidratado. <\/span><span class=\"NormalTextRun SCXW65447922 BCX0\">Os dados <\/span><span class=\"NormalTextRun SCXW65447922 BCX0\">s\u00e3o <\/span><span class=\"NormalTextRun SCXW65447922 BCX0\">da Ag\u00eancia Nacional do Petr\u00f3leo, G\u00e1s Natural e <\/span><span class=\"NormalTextRun SCXW65447922 BCX0\">Biocombust\u00edveis<\/span><span class=\"NormalTextRun SCXW65447922 BCX0\"> (ANP).<\/span><\/span><span class=\"LineBreakBlob BlobObject DragDrop SCXW65447922 BCX0\"><span class=\"SCXW65447922 BCX0\">\u00a0<\/span><br class=\"SCXW65447922 BCX0\"\/><\/span><span class=\"LineBreakBlob BlobObject DragDrop SCXW65447922 BCX0\"><span class=\"SCXW65447922 BCX0\">\u00a0<\/span><br class=\"SCXW65447922 BCX0\"\/><\/span><\/p><div class='code-block code-block-8' style='margin: 8px auto; text-align: center; display: block; clear: both;'>\n<script>\n  atOptions = {\n    'key' : '66e2e2111ca34da796271819fc334058',\n    'format' : 'iframe',\n    'height' : 250,\n    'width' : 300,\n    'params' : {}\n  };\n<\/script>\n<script src=\"https:\/\/www.highperformanceformat.com\/66e2e2111ca34da796271819fc334058\/invoke.js\"><\/script>\n<\/div>\n\n<\/div>\n<p><script async src=\"\/\/platform.twitter.com\/widgets.js\" charset=\"utf-8\"><\/script><br \/>\n<br \/><br \/>\n<br \/><a href=\"https:\/\/www.tribunaribeirao.com.br\/site\/campanha-incentiva-uso-do-etanol\/\">Source link <\/a><\/p>\n<div class='code-block code-block-4' style='margin: 8px auto 8px 0; text-align: left; display: block; clear: both;'>\n\ud83d\udce2 Aviso Legal\n\nO site ismaelcolosi.com.br atua apenas como um canal de divulga\u00e7\u00e3o de oportunidades de emprego e n\u00e3o se responsabiliza pelo processo seletivo, contrata\u00e7\u00e3o ou qualquer outra etapa relacionada \u00e0s vagas publicadas. Todas as informa\u00e7\u00f5es s\u00e3o de responsabilidade dos anunciantes.\n\n\u26a0\ufe0f Aten\u00e7\u00e3o! Nunca pague por promessas de emprego nem compre cursos que garantam contrata\u00e7\u00e3o. Desconfie de qualquer cobran\u00e7a para participar de sele\u00e7\u00f5es.\n\n\n\n<\/div>\n<!-- CONTENT END 1 -->\n","protected":false},"excerpt":{"rendered":"<p>Entre mar\u00e7o de 2003 e o fim de 2023, consumo de etanol no Brasil evitou a emiss\u00e3o de 662 milh\u00f5es de toneladas de CO2 equivalente\u00a0&#8230;<\/p>\n","protected":false},"author":1,"featured_media":29611,"comment_status":"open","ping_status":"open","sticky":false,"template":"","format":"standard","meta":{"_uag_custom_page_level_css":"","advanced_seo_description":"","jetpack_seo_html_title":"","jetpack_seo_noindex":false,"jetpack_post_was_ever_published":false,"_jetpack_newsletter_access":"","_jetpack_dont_email_post_to_subs":false,"_jetpack_newsletter_tier_id":0,"_jetpack_memberships_contains_paywalled_content":false,"_jetpack_memberships_contains_paid_content":false,"footnotes":"","jetpack_publicize_message":"","jetpack_publicize_feature_enabled":true,"jetpack_social_post_already_shared":true,"jetpack_social_options":{"image_generator_settings":{"template":"highway","default_image_id":0,"font":"","enabled":false},"version":2}},"categories":[11],"tags":[832,2051,3685,3686],"class_list":["post-29610","post","type-post","status-publish","format-standard","has-post-thumbnail","hentry","category-noticias-de-ribeirao-preto-sp-e-regiao-ismael-colosi","tag-campanha","tag-etanol","tag-incentiva","tag-uso"],"jetpack_publicize_connections":[],"jetpack_featured_media_url":"https:\/\/i0.wp.com\/ismaelcolosi.com.br\/wp-content\/uploads\/2024\/01\/Unica-Marcello-Casal-Jr.-Ag.Br_-scaled.jpg?fit=1000%2C598&ssl=1","uagb_featured_image_src":{"full":["https:\/\/i0.wp.com\/ismaelcolosi.com.br\/wp-content\/uploads\/2024\/01\/Unica-Marcello-Casal-Jr.-Ag.Br_-scaled.jpg?fit=1000%2C598&ssl=1",1000,598,false],"thumbnail":["https:\/\/i0.wp.com\/ismaelcolosi.com.br\/wp-content\/uploads\/2024\/01\/Unica-Marcello-Casal-Jr.-Ag.Br_-scaled.jpg?resize=150%2C150&ssl=1",150,150,true],"medium":["https:\/\/i0.wp.com\/ismaelcolosi.com.br\/wp-content\/uploads\/2024\/01\/Unica-Marcello-Casal-Jr.-Ag.Br_-scaled.jpg?fit=300%2C179&ssl=1",300,179,true],"medium_large":["https:\/\/i0.wp.com\/ismaelcolosi.com.br\/wp-content\/uploads\/2024\/01\/Unica-Marcello-Casal-Jr.-Ag.Br_-scaled.jpg?fit=768%2C459&ssl=1",768,459,true],"large":["https:\/\/i0.wp.com\/ismaelcolosi.com.br\/wp-content\/uploads\/2024\/01\/Unica-Marcello-Casal-Jr.-Ag.Br_-scaled.jpg?fit=1000%2C598&ssl=1",1000,598,true],"1536x1536":["https:\/\/i0.wp.com\/ismaelcolosi.com.br\/wp-content\/uploads\/2024\/01\/Unica-Marcello-Casal-Jr.-Ag.Br_-scaled.jpg?fit=1000%2C598&ssl=1",1000,598,true],"2048x2048":["https:\/\/i0.wp.com\/ismaelcolosi.com.br\/wp-content\/uploads\/2024\/01\/Unica-Marcello-Casal-Jr.-Ag.Br_-scaled.jpg?fit=1000%2C598&ssl=1",1000,598,true],"really-simple-thumb":["https:\/\/i0.wp.com\/ismaelcolosi.com.br\/wp-content\/uploads\/2024\/01\/Unica-Marcello-Casal-Jr.-Ag.Br_-scaled.jpg?resize=370%2C247&ssl=1",370,247,true]},"uagb_author_info":{"display_name":"ismaelcolosi.com.br","author_link":"https:\/\/ismaelcolosi.com.br\/index.php\/author\/vidareal-online\/"},"uagb_comment_info":0,"uagb_excerpt":"Entre mar\u00e7o de 2003 e o fim de 2023, consumo de etanol no Brasil evitou a emiss\u00e3o de 662 milh\u00f5es de toneladas de CO2 equivalente\u00a0...","jetpack-related-posts":[{"id":69869,"url":"https:\/\/ismaelcolosi.com.br\/index.php\/2024\/10\/08\/combustivel-do-futuro-investimentos-podem-chegar-a-r-260-bilhoes\/","url_meta":{"origin":29610,"position":0},"title":"Combust\u00edvel do Futuro: Investimentos podem chegar a R$ 260 bilh\u00f5es","author":"ismaelcolosi.com.br","date":"8 de October de 2024","format":false,"excerpt":"O presidente Luiz In\u00e1cio Lula da Silva (PT) assinou, nesta ter\u00e7a-feira (8), a Lei Combust\u00edvel do Futuro, que incentiva a produ\u00e7\u00e3o e uso de combust\u00edveis sustent\u00e1veis. A previs\u00e3o do Governo Federal \u00e9 que o novo marco possa gerar mais de R$ 260 bilh\u00f5es de investimentos no agro e na cadeia\u2026","rel":"","context":"In &quot;Not\u00edcias de Ribeir\u00e3o Preto-SP e Regi\u00e3o&quot;","block_context":{"text":"Not\u00edcias de Ribeir\u00e3o Preto-SP e Regi\u00e3o","link":"https:\/\/ismaelcolosi.com.br\/index.php\/category\/noticias-de-ribeirao-preto-sp-e-regiao-ismael-colosi\/"},"img":{"alt_text":"","src":"https:\/\/i0.wp.com\/ismaelcolosi.com.br\/wp-content\/uploads\/2024\/10\/etanol_biocombustivel_1024x576_07052021163315.jpg?fit=1024%2C614&ssl=1&resize=350%2C200","width":350,"height":200,"srcset":"https:\/\/i0.wp.com\/ismaelcolosi.com.br\/wp-content\/uploads\/2024\/10\/etanol_biocombustivel_1024x576_07052021163315.jpg?fit=1024%2C614&ssl=1&resize=350%2C200 1x, https:\/\/i0.wp.com\/ismaelcolosi.com.br\/wp-content\/uploads\/2024\/10\/etanol_biocombustivel_1024x576_07052021163315.jpg?fit=1024%2C614&ssl=1&resize=525%2C300 1.5x, https:\/\/i0.wp.com\/ismaelcolosi.com.br\/wp-content\/uploads\/2024\/10\/etanol_biocombustivel_1024x576_07052021163315.jpg?fit=1024%2C614&ssl=1&resize=700%2C400 2x"},"classes":[]},{"id":37518,"url":"https:\/\/ismaelcolosi.com.br\/index.php\/2024\/02\/16\/venda-de-etanol-sobe-3822\/","url_meta":{"origin":29610,"position":1},"title":"Venda de etanol\u00a0sobe 38,22% \u00a0","author":"ismaelcolosi.com.br","date":"16 de February de 2024","format":false,"excerpt":"A moagem de cana-de-a\u00e7\u00facar na segunda quinzena de janeiro na regi\u00e3o Centro-Sul totalizou 714,01 mil toneladas. Nesse mesmo per\u00edodo, no ano anterior, a quantidade processada foi de 307,30 mil toneladas. No acumulado da safra 2023\/2024, a moagem atingiu 646,05 milh\u00f5es de toneladas, ante 543,14 milh\u00f5es de toneladas registradas no mesmo\u2026","rel":"","context":"In &quot;Not\u00edcias de Ribeir\u00e3o Preto-SP e Regi\u00e3o&quot;","block_context":{"text":"Not\u00edcias de Ribeir\u00e3o Preto-SP e Regi\u00e3o","link":"https:\/\/ismaelcolosi.com.br\/index.php\/category\/noticias-de-ribeirao-preto-sp-e-regiao-ismael-colosi\/"},"img":{"alt_text":"","src":"https:\/\/i0.wp.com\/ismaelcolosi.com.br\/wp-content\/uploads\/2024\/02\/Cana-Divulgacao.png?fit=1000%2C563&ssl=1&resize=350%2C200","width":350,"height":200,"srcset":"https:\/\/i0.wp.com\/ismaelcolosi.com.br\/wp-content\/uploads\/2024\/02\/Cana-Divulgacao.png?fit=1000%2C563&ssl=1&resize=350%2C200 1x, https:\/\/i0.wp.com\/ismaelcolosi.com.br\/wp-content\/uploads\/2024\/02\/Cana-Divulgacao.png?fit=1000%2C563&ssl=1&resize=525%2C300 1.5x, https:\/\/i0.wp.com\/ismaelcolosi.com.br\/wp-content\/uploads\/2024\/02\/Cana-Divulgacao.png?fit=1000%2C563&ssl=1&resize=700%2C400 2x"},"classes":[]},{"id":33224,"url":"https:\/\/ismaelcolosi.com.br\/index.php\/2024\/01\/28\/moagem-de-cana-avanca-1889\/","url_meta":{"origin":29610,"position":2},"title":"Moagem de cana avan\u00e7a 18,89%","author":"ismaelcolosi.com.br","date":"28 de January de 2024","format":false,"excerpt":"A moagem de cana-de-a\u00e7\u00facar na primeira quinzena de janeiro na regi\u00e3o Centro-Sul totalizou 1,11 milh\u00e3o de toneladas. Nesse mesmo per\u00edodo, no ano anterior, a quantidade processada foi de 439,83 mil toneladas. No acumulado da safra 2023\/2024, a moagem atingiu 645,38 milh\u00f5es de toneladas, ante 542,83 milh\u00f5es de toneladas registradas no\u2026","rel":"","context":"In &quot;Not\u00edcias de Ribeir\u00e3o Preto-SP e Regi\u00e3o&quot;","block_context":{"text":"Not\u00edcias de Ribeir\u00e3o Preto-SP e Regi\u00e3o","link":"https:\/\/ismaelcolosi.com.br\/index.php\/category\/noticias-de-ribeirao-preto-sp-e-regiao-ismael-colosi\/"},"img":{"alt_text":"","src":"https:\/\/i0.wp.com\/ismaelcolosi.com.br\/wp-content\/uploads\/2024\/01\/CANA3.jpg?fit=640%2C423&ssl=1&resize=350%2C200","width":350,"height":200,"srcset":"https:\/\/i0.wp.com\/ismaelcolosi.com.br\/wp-content\/uploads\/2024\/01\/CANA3.jpg?fit=640%2C423&ssl=1&resize=350%2C200 1x, https:\/\/i0.wp.com\/ismaelcolosi.com.br\/wp-content\/uploads\/2024\/01\/CANA3.jpg?fit=640%2C423&ssl=1&resize=525%2C300 1.5x"},"classes":[]},{"id":33801,"url":"https:\/\/ismaelcolosi.com.br\/index.php\/2024\/01\/30\/etanol-avanca-708-nas-usinas-paulistas\/","url_meta":{"origin":29610,"position":3},"title":"Etanol avan\u00e7a 7,08%\u00a0 nas usinas paulistas\u00a0","author":"ismaelcolosi.com.br","date":"30 de January de 2024","format":false,"excerpt":"O pre\u00e7o do \u00e1lcool combust\u00edvel disparou nas usinas paulistas pela segunda semana seguida. O valor do hidratado est\u00e1 acima de R$ 2,00, mas \u201cencostou\u201d nos R$ 3,90 no final de 2021. Na sexta-feira, 26 de janeiro, avan\u00e7ou 7,08%, de R$ 1,9012 para R$ 2,0359 por litro. No dia 19, a\u2026","rel":"","context":"In &quot;Not\u00edcias de Ribeir\u00e3o Preto-SP e Regi\u00e3o&quot;","block_context":{"text":"Not\u00edcias de Ribeir\u00e3o Preto-SP e Regi\u00e3o","link":"https:\/\/ismaelcolosi.com.br\/index.php\/category\/noticias-de-ribeirao-preto-sp-e-regiao-ismael-colosi\/"},"img":{"alt_text":"","src":"https:\/\/i0.wp.com\/ismaelcolosi.com.br\/wp-content\/uploads\/2024\/01\/EtanolRP-Divulgacao-01-1.png?fit=1000%2C563&ssl=1&resize=350%2C200","width":350,"height":200,"srcset":"https:\/\/i0.wp.com\/ismaelcolosi.com.br\/wp-content\/uploads\/2024\/01\/EtanolRP-Divulgacao-01-1.png?fit=1000%2C563&ssl=1&resize=350%2C200 1x, https:\/\/i0.wp.com\/ismaelcolosi.com.br\/wp-content\/uploads\/2024\/01\/EtanolRP-Divulgacao-01-1.png?fit=1000%2C563&ssl=1&resize=525%2C300 1.5x, https:\/\/i0.wp.com\/ismaelcolosi.com.br\/wp-content\/uploads\/2024\/01\/EtanolRP-Divulgacao-01-1.png?fit=1000%2C563&ssl=1&resize=700%2C400 2x"},"classes":[]},{"id":70078,"url":"https:\/\/ismaelcolosi.com.br\/index.php\/2024\/10\/09\/entenda-como-nova-lei-dos-combustiveis-pode-trazer-investimentos-para-regiao-de-ribeirao\/","url_meta":{"origin":29610,"position":4},"title":"Entenda como nova lei dos combust\u00edveis pode trazer investimentos para regi\u00e3o de Ribeir\u00e3o","author":"ismaelcolosi.com.br","date":"9 de October de 2024","format":false,"excerpt":"Na \u00faltima ter\u00e7a-feira (8), o presidente Luiz In\u00e1cio Lula da Silva (PT) sancionou a Lei Combust\u00edvel do Futuro, que incentiva a produ\u00e7\u00e3o e uso de combust\u00edveis sustent\u00e1veis. Segundo o Ceise BR (Centro Nacional das Ind\u00fastrias do Setor Sucroenerg\u00e9tico e Bioenergia), a medida pode trazer novos investimentos para regi\u00e3o de Ribeir\u00e3o\u2026","rel":"","context":"In &quot;Not\u00edcias de Ribeir\u00e3o Preto-SP e Regi\u00e3o&quot;","block_context":{"text":"Not\u00edcias de Ribeir\u00e3o Preto-SP e Regi\u00e3o","link":"https:\/\/ismaelcolosi.com.br\/index.php\/category\/noticias-de-ribeirao-preto-sp-e-regiao-ismael-colosi\/"},"img":{"alt_text":"","src":"https:\/\/i0.wp.com\/ismaelcolosi.com.br\/wp-content\/uploads\/2024\/10\/combustivel-do-futuro_2024-10-09_15-37-07_jpg_2024-10-09_15-37-08.webp.webp?fit=1200%2C616&ssl=1&resize=350%2C200","width":350,"height":200,"srcset":"https:\/\/i0.wp.com\/ismaelcolosi.com.br\/wp-content\/uploads\/2024\/10\/combustivel-do-futuro_2024-10-09_15-37-07_jpg_2024-10-09_15-37-08.webp.webp?fit=1200%2C616&ssl=1&resize=350%2C200 1x, https:\/\/i0.wp.com\/ismaelcolosi.com.br\/wp-content\/uploads\/2024\/10\/combustivel-do-futuro_2024-10-09_15-37-07_jpg_2024-10-09_15-37-08.webp.webp?fit=1200%2C616&ssl=1&resize=525%2C300 1.5x, https:\/\/i0.wp.com\/ismaelcolosi.com.br\/wp-content\/uploads\/2024\/10\/combustivel-do-futuro_2024-10-09_15-37-07_jpg_2024-10-09_15-37-08.webp.webp?fit=1200%2C616&ssl=1&resize=700%2C400 2x, https:\/\/i0.wp.com\/ismaelcolosi.com.br\/wp-content\/uploads\/2024\/10\/combustivel-do-futuro_2024-10-09_15-37-07_jpg_2024-10-09_15-37-08.webp.webp?fit=1200%2C616&ssl=1&resize=1050%2C600 3x"},"classes":[]},{"id":55036,"url":"https:\/\/ismaelcolosi.com.br\/index.php\/2024\/06\/30\/entenda-como-etanol-produzido-na-regiao-de-ribeirao-pode-parar-na-formula-1\/","url_meta":{"origin":29610,"position":5},"title":"Entenda como etanol produzido na regi\u00e3o de Ribeir\u00e3o pode parar na F\u00f3rmula 1","author":"ismaelcolosi.com.br","date":"30 de June de 2024","format":false,"excerpt":"A regi\u00e3o de Ribeir\u00e3o Preto produz o equivalente a 14% do etanol de cana-de-a\u00e7\u00facar fabricado no Brasil, de acordo com a Unica (Uni\u00e3o da Ind\u00fastria de Cana-de-A\u00e7\u00facar e Bioernegia). S\u00e3o 3,5 bilh\u00f5es de litros por safra. Em raz\u00e3o da import\u00e2ncia da regi\u00e3o, a F\u00f3rmula 1 pode ser importante para economia\u2026","rel":"","context":"In &quot;Not\u00edcias de Ribeir\u00e3o Preto-SP e Regi\u00e3o&quot;","block_context":{"text":"Not\u00edcias de Ribeir\u00e3o Preto-SP e Regi\u00e3o","link":"https:\/\/ismaelcolosi.com.br\/index.php\/category\/noticias-de-ribeirao-preto-sp-e-regiao-ismael-colosi\/"},"img":{"alt_text":"","src":"https:\/\/i0.wp.com\/ismaelcolosi.com.br\/wp-content\/uploads\/2024\/06\/ferrari_2024-06-29_19-59-39_jpg_2024-06-29_19-59-39.webp.webp?fit=1200%2C684&ssl=1&resize=350%2C200","width":350,"height":200,"srcset":"https:\/\/i0.wp.com\/ismaelcolosi.com.br\/wp-content\/uploads\/2024\/06\/ferrari_2024-06-29_19-59-39_jpg_2024-06-29_19-59-39.webp.webp?fit=1200%2C684&ssl=1&resize=350%2C200 1x, https:\/\/i0.wp.com\/ismaelcolosi.com.br\/wp-content\/uploads\/2024\/06\/ferrari_2024-06-29_19-59-39_jpg_2024-06-29_19-59-39.webp.webp?fit=1200%2C684&ssl=1&resize=525%2C300 1.5x, https:\/\/i0.wp.com\/ismaelcolosi.com.br\/wp-content\/uploads\/2024\/06\/ferrari_2024-06-29_19-59-39_jpg_2024-06-29_19-59-39.webp.webp?fit=1200%2C684&ssl=1&resize=700%2C400 2x, https:\/\/i0.wp.com\/ismaelcolosi.com.br\/wp-content\/uploads\/2024\/06\/ferrari_2024-06-29_19-59-39_jpg_2024-06-29_19-59-39.webp.webp?fit=1200%2C684&ssl=1&resize=1050%2C600 3x"},"classes":[]}],"jetpack_sharing_enabled":true,"jetpack_shortlink":"https:\/\/wp.me\/pfMlyK-7HA","_links":{"self":[{"href":"https:\/\/ismaelcolosi.com.br\/index.php\/wp-json\/wp\/v2\/posts\/29610","targetHints":{"allow":["GET"]}}],"collection":[{"href":"https:\/\/ismaelcolosi.com.br\/index.php\/wp-json\/wp\/v2\/posts"}],"about":[{"href":"https:\/\/ismaelcolosi.com.br\/index.php\/wp-json\/wp\/v2\/types\/post"}],"author":[{"embeddable":true,"href":"https:\/\/ismaelcolosi.com.br\/index.php\/wp-json\/wp\/v2\/users\/1"}],"replies":[{"embeddable":true,"href":"https:\/\/ismaelcolosi.com.br\/index.php\/wp-json\/wp\/v2\/comments?post=29610"}],"version-history":[{"count":0,"href":"https:\/\/ismaelcolosi.com.br\/index.php\/wp-json\/wp\/v2\/posts\/29610\/revisions"}],"wp:featuredmedia":[{"embeddable":true,"href":"https:\/\/ismaelcolosi.com.br\/index.php\/wp-json\/wp\/v2\/media\/29611"}],"wp:attachment":[{"href":"https:\/\/ismaelcolosi.com.br\/index.php\/wp-json\/wp\/v2\/media?parent=29610"}],"wp:term":[{"taxonomy":"category","embeddable":true,"href":"https:\/\/ismaelcolosi.com.br\/index.php\/wp-json\/wp\/v2\/categories?post=29610"},{"taxonomy":"post_tag","embeddable":true,"href":"https:\/\/ismaelcolosi.com.br\/index.php\/wp-json\/wp\/v2\/tags?post=29610"}],"curies":[{"name":"wp","href":"https:\/\/api.w.org\/{rel}","templated":true}]}}