{"id":29536,"date":"2024-01-18T16:20:14","date_gmt":"2024-01-18T19:20:14","guid":{"rendered":"https:\/\/ismaelcolosi.com.br\/index.php\/2024\/01\/18\/ecoponto-tera-local-para-lixo-eletronico\/"},"modified":"2024-01-18T16:20:14","modified_gmt":"2024-01-18T19:20:14","slug":"ecoponto-tera-local-para-lixo-eletronico","status":"publish","type":"post","link":"https:\/\/ismaelcolosi.com.br\/index.php\/2024\/01\/18\/ecoponto-tera-local-para-lixo-eletronico\/","title":{"rendered":"Ecoponto ter\u00e1 local\u00a0para lixo eletr\u00f4nico\u00a0"},"content":{"rendered":"<p> <br \/>\n<\/p>\n<div id=\"\">\n<p> <span class=\"entry-meta-item penci-posted-on\"><i class=\"fa fa-clock-o\"\/><time class=\"entry-date published\" datetime=\"2024-01-18T16:00:56-03:00\">18 de janeiro de 2024 | 16:00<\/time><time class=\"updated\" datetime=\"2024-01-18T09:52:22-03:00\">18 de janeiro de 2024 | 9:52<\/time><\/span><\/p>\n<p> <span class=\"penci-social-buttons penci-social-share-footer\"><a href=\"#\" class=\"penci-post-like penci_post-meta_item  single-like-button penci-social-item like\" data-post_id=\"370744\" title=\"Like\" data-like=\"Like\" data-unlike=\"Unlike\"><i class=\"fa fa-thumbs-o-up\"\/><span class=\"penci-share-number\">0<\/span><\/a><i class=\"fa fa-facebook\"\/><a class=\"penci-social-item twitter\" target=\"_blank\" rel=\"noopener\" title=\"\" href=\"https:\/\/twitter.com\/intent\/tweet?text=Ecoponto%20ter\u00e1%20local\u00a0para%20lixo%20eletr\u00f4nico\u00a0%20-%20https:\/\/www.tribunaribeirao.com.br\/site\/ecoponto-tera-local-para-lixo-eletronico\/\"><i class=\"fa fa-twitter\"\/><\/a><i class=\"fa fa-whatsapp\"\/><\/span><\/div>\n<div>\n<p><span class=\"TextRun SCXW190606636 BCX0\" lang=\"PT-BR\" xml:lang=\"PT-BR\" data-contrast=\"auto\"><span class=\"NormalTextRun SCXW190606636 BCX0\">O consumo crescente de eletroeletr\u00f4nicos no Brasil acende um alerta quando se pensa no descarte correto dos equipamentos em desuso. Quinto maior produtor de<\/span><span class=\"NormalTextRun SCXW190606636 BCX0\">ste tipo de <\/span><span class=\"NormalTextRun SCXW190606636 BCX0\">lixo <\/span><span class=\"NormalTextRun SCXW190606636 BCX0\">no <\/span><span class=\"NormalTextRun SCXW190606636 BCX0\">mundo, segundo dados da pesquisa \u201cRes\u00edduos eletr\u00f4nicos no Brasil \u2013 2021\u201d, divulgada pela Green <\/span><span class=\"NormalTextRun SpellingErrorV2Themed SCXW190606636 BCX0\">Eletron<\/span><span class=\"NormalTextRun SCXW190606636 BCX0\">, o pa\u00eds tem como desafio ampliar a coleta e a reciclagem desses materiais.<\/span><\/span><span class=\"LineBreakBlob BlobObject DragDrop SCXW190606636 BCX0\"><span class=\"SCXW190606636 BCX0\">\u00a0<\/span><br class=\"SCXW190606636 BCX0\"\/><\/span><span class=\"LineBreakBlob BlobObject DragDrop SCXW190606636 BCX0\"><span class=\"SCXW190606636 BCX0\">\u00a0<\/span><br class=\"SCXW190606636 BCX0\"\/><\/span><span class=\"TextRun SCXW190606636 BCX0\" lang=\"PT-BR\" xml:lang=\"PT-BR\" data-contrast=\"auto\"><span class=\"NormalTextRun SCXW190606636 BCX0\">Em Ribeir\u00e3o Preto, a prefeitura est\u00e1 atenta ao prob<\/span><span class=\"NormalTextRun SCXW190606636 BCX0\">lema e inovou a implanta\u00e7\u00e3o de <\/span><span class=\"NormalTextRun SCXW190606636 BCX0\">e<\/span><span class=\"NormalTextRun SCXW190606636 BCX0\">copontos<\/span><span class=\"NormalTextRun SCXW190606636 BCX0\"> com a previs\u00e3o de um espa\u00e7o coberto para o recebimento de <\/span><span class=\"NormalTextRun SCXW190606636 BCX0\">smartphones<\/span><span class=\"NormalTextRun SCXW190606636 BCX0\">, notebooks, televisores, computadores, controles remotos e demais equipamentos eletroeletr\u00f4nicos inserv\u00edveis.<\/span> <\/span><span class=\"LineBreakBlob BlobObject DragDrop SCXW190606636 BCX0\"><span class=\"SCXW190606636 BCX0\">\u00a0<\/span><br class=\"SCXW190606636 BCX0\"\/><\/span><span class=\"LineBreakBlob BlobObject DragDrop SCXW190606636 BCX0\"><span class=\"SCXW190606636 BCX0\">\u00a0<\/span><br class=\"SCXW190606636 BCX0\"\/><\/span><span class=\"TextRun SCXW190606636 BCX0\" lang=\"PT-BR\" xml:lang=\"PT-BR\" data-contrast=\"auto\"><span class=\"NormalTextRun SCXW190606636 BCX0\">Na pr\u00f3xima segunda-feira, 22 de janeiro, a Secretaria <\/span><span class=\"NormalTextRun SCXW190606636 BCX0\">Municipal <\/span><span class=\"NormalTextRun SCXW190606636 BCX0\">de Administra\u00e7\u00e3o <\/span><span class=\"NormalTextRun SCXW190606636 BCX0\">come\u00e7a a definir a licita\u00e7\u00e3o do <\/span><span class=\"NormalTextRun SCXW190606636 BCX0\">e<\/span><span class=\"NormalTextRun SCXW190606636 BCX0\">coponto<\/span> <span class=\"NormalTextRun SCXW190606636 BCX0\">9<\/span><span class=\"NormalTextRun SCXW190606636 BCX0\">, que ser\u00e1 instalado na <\/span><span class=\"NormalTextRun SCXW190606636 BCX0\">a<\/span><span class=\"NormalTextRun SCXW190606636 BCX0\">venida Fernando Mendes Garcia n\u00ba 3<\/span><span class=\"NormalTextRun SCXW190606636 BCX0\">.<\/span><span class=\"NormalTextRun SCXW190606636 BCX0\">480, no Jardim Diva <\/span><span class=\"NormalTextRun SpellingErrorV2Themed SCXW190606636 BCX0\">Tarl\u00e1<\/span><span class=\"NormalTextRun SCXW190606636 BCX0\">,<\/span> <span class=\"NormalTextRun SCXW190606636 BCX0\">Co<\/span><span class=\"NormalTextRun SCXW190606636 BCX0\">mplexo Ribeir\u00e3o Verde<\/span><span class=\"NormalTextRun SCXW190606636 BCX0\">, Zona Leste<\/span><span class=\"NormalTextRun SCXW190606636 BCX0\">, e contar\u00e1 com \u00e1rea adequada ao recolhimento de lixo eletr\u00f4nico. <\/span><\/span><span class=\"LineBreakBlob BlobObject DragDrop SCXW190606636 BCX0\"><span class=\"SCXW190606636 BCX0\">\u00a0<\/span><br class=\"SCXW190606636 BCX0\"\/><\/span><span class=\"LineBreakBlob BlobObject DragDrop SCXW190606636 BCX0\"><span class=\"SCXW190606636 BCX0\">\u00a0<\/span><br class=\"SCXW190606636 BCX0\"\/><\/span><span class=\"TextRun SCXW190606636 BCX0\" lang=\"PT-BR\" xml:lang=\"PT-BR\" data-contrast=\"auto\"><span class=\"NormalTextRun SCXW190606636 BCX0\">A sess\u00e3o para abertura dos envelopes de habilita\u00e7\u00e3o dos participantes come\u00e7ar\u00e1 \u00e0s <\/span><span class=\"NormalTextRun SCXW190606636 BCX0\">nove horas<\/span><span class=\"NormalTextRun SCXW190606636 BCX0\">. O valor estimado da obra \u00e9 de R$ 720.769,41.<\/span> <span class=\"NormalTextRun SCXW190606636 BCX0\">Para a implanta\u00e7\u00e3o do <\/span><span class=\"NormalTextRun SCXW190606636 BCX0\">Ecoponto<\/span> <span class=\"NormalTextRun SCXW190606636 BCX0\">9<\/span><span class=\"NormalTextRun SCXW190606636 BCX0\">, o projeto urban\u00edstico incluiu a abertura de um retorno na <\/span><span class=\"NormalTextRun SCXW190606636 BCX0\">a<\/span><span class=\"NormalTextRun SCXW190606636 BCX0\">venida Fernando Mendes Garcia para melhorar a seguran\u00e7a vi\u00e1ria dos usu\u00e1rios e moradores do entorno.<\/span> <\/span><span class=\"LineBreakBlob BlobObject DragDrop SCXW190606636 BCX0\"><span class=\"SCXW190606636 BCX0\">\u00a0<\/span><br class=\"SCXW190606636 BCX0\"\/><\/span><span class=\"LineBreakBlob BlobObject DragDrop SCXW190606636 BCX0\"><span class=\"SCXW190606636 BCX0\">\u00a0<\/span><br class=\"SCXW190606636 BCX0\"\/><\/span><span class=\"TextRun SCXW190606636 BCX0\" lang=\"PT-BR\" xml:lang=\"PT-BR\" data-contrast=\"auto\"><span class=\"NormalTextRun SCXW190606636 BCX0\">As empresas interessadas em participar da licita\u00e7\u00e3o podem acessar mais informa\u00e7\u00f5es sobre o certame no site da <\/span><span class=\"NormalTextRun SCXW190606636 BCX0\">p<\/span><span class=\"NormalTextRun SCXW190606636 BCX0\">refeitura de Ribeir\u00e3o Preto (<\/span><span class=\"NormalTextRun SCXW190606636 BCX0\">t<\/span><span class=\"NormalTextRun SCXW190606636 BCX0\">omada de <\/span><span class=\"NormalTextRun SCXW190606636 BCX0\">p<\/span><span class=\"NormalTextRun SCXW190606636 BCX0\">re\u00e7os n\u00ba 0041\/2023).<\/span> <span class=\"NormalTextRun SCXW190606636 BCX0\">Ribeir\u00e3o Preto j\u00e1 conta com seis <\/span><span class=\"NormalTextRun SCXW190606636 BCX0\">ecopontos<\/span><span class=\"NormalTextRun SCXW190606636 BCX0\"> em funcionamento, localizados em pontos estrat\u00e9gicos da cidade e preparados para receber materiais recicl\u00e1veis, res\u00edduos da constru\u00e7\u00e3o civil e inserv\u00edveis.<\/span><\/span><span class=\"LineBreakBlob BlobObject DragDrop SCXW190606636 BCX0\"><span class=\"SCXW190606636 BCX0\">\u00a0<\/span><br class=\"SCXW190606636 BCX0\"\/><\/span><span class=\"LineBreakBlob BlobObject DragDrop SCXW190606636 BCX0\"><span class=\"SCXW190606636 BCX0\">\u00a0<\/span><br class=\"SCXW190606636 BCX0\"\/><\/span><span class=\"TextRun SCXW190606636 BCX0\" lang=\"PT-BR\" xml:lang=\"PT-BR\" data-contrast=\"auto\"><span class=\"NormalTextRun SCXW190606636 BCX0\">O s\u00e9timo <\/span><span class=\"NormalTextRun SCXW190606636 BCX0\">ecoponto<\/span><span class=\"NormalTextRun SCXW190606636 BCX0\"> j\u00e1 foi licitado e ser\u00e1 implantado na Usina de Reciclagem de Res\u00edduos de Constru\u00e7\u00e3o Civil, na <\/span><span class=\"NormalTextRun SCXW190606636 BCX0\">a<\/span><span class=\"NormalTextRun SCXW190606636 BCX0\">venida<\/span><span class=\"NormalTextRun SCXW190606636 BCX0\"> General Euclydes de Figueiredo, n\u00ba 278, no bairro <\/span><span class=\"NormalTextRun SCXW190606636 BCX0\">Adelino <\/span><span class=\"NormalTextRun SCXW190606636 BCX0\">Simioni<\/span><span class=\"NormalTextRun SCXW190606636 BCX0\">. <\/span><span class=\"NormalTextRun SCXW190606636 BCX0\">A obra ser\u00e1 feita pela empresa <\/span><span class=\"NormalTextRun SpellingErrorV2Themed SCXW190606636 BCX0\">Sommar<\/span><span class=\"NormalTextRun SCXW190606636 BCX0\"> Engenharia e Servi\u00e7os. <\/span><\/span><span class=\"LineBreakBlob BlobObject DragDrop SCXW190606636 BCX0\"><span class=\"SCXW190606636 BCX0\">\u00a0<\/span><br class=\"SCXW190606636 BCX0\"\/><\/span><span class=\"LineBreakBlob BlobObject DragDrop SCXW190606636 BCX0\"><span class=\"SCXW190606636 BCX0\">\u00a0<\/span><br class=\"SCXW190606636 BCX0\"\/><\/span><span class=\"TextRun SCXW190606636 BCX0\" lang=\"PT-BR\" xml:lang=\"PT-BR\" data-contrast=\"auto\"><span class=\"NormalTextRun SCXW190606636 BCX0\">O processo licitat\u00f3rio alcan\u00e7ou 18% de economia em rela\u00e7\u00e3o ao valor estimado, que era de R$ 1.557.007,11, e foi homologado por R$ 1.276.404,12, <\/span><span class=\"NormalTextRun SCXW190606636 BCX0\">uma diferen\u00e7a de R$ 280.602,99.<\/span> <span class=\"NormalTextRun SCXW190606636 BCX0\">O <\/span><span class=\"NormalTextRun SCXW190606636 BCX0\">ecoponto<\/span> <span class=\"NormalTextRun SCXW190606636 BCX0\">8<\/span><span class=\"NormalTextRun SCXW190606636 BCX0\">, que ser\u00e1 instalado na avenida Patriarca, encontra-se em fase de elabora\u00e7\u00e3o de projeto executivo.<\/span><\/span><span class=\"LineBreakBlob BlobObject DragDrop SCXW190606636 BCX0\"><span class=\"SCXW190606636 BCX0\">\u00a0<\/span><br class=\"SCXW190606636 BCX0\"\/><\/span><span class=\"LineBreakBlob BlobObject DragDrop SCXW190606636 BCX0\"><span class=\"SCXW190606636 BCX0\">\u00a0<\/span><br class=\"SCXW190606636 BCX0\"\/><\/span><span class=\"TextRun SCXW190606636 BCX0\" lang=\"PT-BR\" xml:lang=\"PT-BR\" data-contrast=\"auto\"><span class=\"NormalTextRun SCXW190606636 BCX0\">Os <\/span><span class=\"NormalTextRun SCXW190606636 BCX0\">ecopontos<\/span><span class=\"NormalTextRun SCXW190606636 BCX0\"> substituem as ca\u00e7ambas sociais e atendem \u00e1reas afetadas pelo descarte irregular de res\u00edduos. O servi\u00e7o \u00e9 gratuito e permite o descarte de at\u00e9 <\/span><span class=\"NormalTextRun SCXW190606636 BCX0\">um metro c\u00fabico <\/span><span class=\"NormalTextRun SCXW190606636 BCX0\">de cada tipo de material.<\/span> <span class=\"NormalTextRun SCXW190606636 BCX0\">No ano passado, entre janeiro e novembro, aproximadamente 89 mil pessoas utilizaram esses espa\u00e7os<\/span><span class=\"NormalTextRun SCXW190606636 BCX0\">.<\/span><\/span><span class=\"LineBreakBlob BlobObject DragDrop SCXW190606636 BCX0\"><span class=\"SCXW190606636 BCX0\">\u00a0<\/span><br class=\"SCXW190606636 BCX0\"\/><\/span><span class=\"LineBreakBlob BlobObject DragDrop SCXW190606636 BCX0\"><span class=\"SCXW190606636 BCX0\">\u00a0<\/span><br class=\"SCXW190606636 BCX0\"\/><\/span><span class=\"TextRun SCXW190606636 BCX0\" lang=\"PT-BR\" xml:lang=\"PT-BR\" data-contrast=\"auto\"><span class=\"NormalTextRun SCXW190606636 BCX0\">Entregaram <\/span><span class=\"NormalTextRun SCXW190606636 BCX0\">572 toneladas de recicl\u00e1veis, 14 mil toneladas de res\u00edduos da constru\u00e7\u00e3o civil e <\/span><span class=\"NormalTextRun SCXW190606636 BCX0\">doze<\/span><span class=\"NormalTextRun SCXW190606636 BCX0\"> mil toneladas de inserv\u00edveis, al\u00e9m dos lixos eletr\u00f4nicos, que somaram quase <\/span><span class=\"NormalTextRun SCXW190606636 BCX0\">dez<\/span><span class=\"NormalTextRun SCXW190606636 BCX0\"> toneladas recebidas entre os meses de setembro e novembro de 2023.<\/span><\/span><span class=\"LineBreakBlob BlobObject DragDrop SCXW190606636 BCX0\"><span class=\"SCXW190606636 BCX0\">\u00a0<\/span><br class=\"SCXW190606636 BCX0\"\/><\/span><span class=\"LineBreakBlob BlobObject DragDrop SCXW190606636 BCX0\"><span class=\"SCXW190606636 BCX0\">\u00a0<\/span><br class=\"SCXW190606636 BCX0\"\/><\/span><span class=\"TextRun SCXW190606636 BCX0\" lang=\"PT-BR\" xml:lang=\"PT-BR\" data-contrast=\"auto\"><span class=\"NormalTextRun SCXW190606636 BCX0\">Plan<\/span><span class=\"NormalTextRun SCXW190606636 BCX0\">ejamento \u2013 <\/span><\/span><span class=\"TextRun SCXW190606636 BCX0\" lang=\"PT-BR\" xml:lang=\"PT-BR\" data-contrast=\"auto\"><span class=\"NormalTextRun SCXW190606636 BCX0\">O objetivo final \u00e9 atingir a implanta\u00e7\u00e3o de 29 <\/span><span class=\"NormalTextRun SCXW190606636 BCX0\">ecopontos<\/span><span class=\"NormalTextRun SCXW190606636 BCX0\"> em Ribeir\u00e3o Preto, o que deve ocorrer em quatro fases distintas, conforme o plano elaborado pela Divis\u00e3o de Projetos de Obras P\u00fablicas, da Secretaria de Planejamento e Desenvolvimento Urbano.<\/span> <\/span><span class=\"LineBreakBlob BlobObject DragDrop SCXW190606636 BCX0\"><span class=\"SCXW190606636 BCX0\">\u00a0<\/span><br class=\"SCXW190606636 BCX0\"\/><\/span><span class=\"LineBreakBlob BlobObject DragDrop SCXW190606636 BCX0\"><span class=\"SCXW190606636 BCX0\">\u00a0<\/span><br class=\"SCXW190606636 BCX0\"\/><\/span><span class=\"TextRun SCXW190606636 BCX0\" lang=\"PT-BR\" xml:lang=\"PT-BR\" data-contrast=\"auto\"><span class=\"NormalTextRun SCXW190606636 BCX0\">A proposta de divis\u00e3o em fases \u00e9 importante para que seja poss\u00edvel monitorar e avaliar os equipamentos implantados e incorporar melhorias para os projetos dos equipamentos futuros<\/span><span class=\"NormalTextRun SCXW190606636 BCX0\">, segundo a <\/span><span class=\"NormalTextRun SCXW190606636 BCX0\">Secretaria <\/span><span class=\"NormalTextRun SCXW190606636 BCX0\">Municipal <\/span><span class=\"NormalTextRun SCXW190606636 BCX0\">de Planejamento e Desenvolvimento Urbano.<\/span> <\/span><span class=\"LineBreakBlob BlobObject DragDrop SCXW190606636 BCX0\"><span class=\"SCXW190606636 BCX0\">\u00a0<\/span><br class=\"SCXW190606636 BCX0\"\/><\/span><strong><span class=\"LineBreakBlob BlobObject DragDrop SCXW190606636 BCX0\"><span class=\"SCXW190606636 BCX0\">\u00a0<\/span><br class=\"SCXW190606636 BCX0\"\/><\/span><span class=\"TextRun SCXW190606636 BCX0\" lang=\"PT-BR\" xml:lang=\"PT-BR\" data-contrast=\"auto\"><span class=\"NormalTextRun SCXW190606636 BCX0\">Confira endere\u00e7os<\/span><\/span> <span class=\"TextRun SCXW190606636 BCX0\" lang=\"PT-BR\" xml:lang=\"PT-BR\" data-contrast=\"auto\"><span class=\"NormalTextRun SCXW190606636 BCX0\">dos seis <\/span><span class=\"NormalTextRun SCXW190606636 BCX0\">ecopontos<\/span><\/span><\/strong><span class=\"LineBreakBlob BlobObject DragDrop SCXW190606636 BCX0\"><strong><span class=\"SCXW190606636 BCX0\">\u00a0<\/span><\/strong><br class=\"SCXW190606636 BCX0\"\/><\/span><span class=\"TextRun SCXW190606636 BCX0\" lang=\"PT-BR\" xml:lang=\"PT-BR\" data-contrast=\"auto\"><span class=\"NormalTextRun SCXW190606636 BCX0\">Ecoponto<\/span><span class=\"NormalTextRun SCXW190606636 BCX0\"> Jardim Alexandre Balbo<\/span><\/span><span class=\"LineBreakBlob BlobObject DragDrop SCXW190606636 BCX0\"><span class=\"SCXW190606636 BCX0\">\u00a0<\/span><br class=\"SCXW190606636 BCX0\"\/><\/span><span class=\"TextRun SCXW190606636 BCX0\" lang=\"PT-BR\" xml:lang=\"PT-BR\" data-contrast=\"auto\"><span class=\"NormalTextRun SCXW190606636 BCX0\">Endere\u00e7o: <\/span><span class=\"NormalTextRun SCXW190606636 BCX0\">avenida<\/span><span class=\"NormalTextRun SCXW190606636 BCX0\"> Ettore e <\/span><\/span><span class=\"LineBreakBlob BlobObject DragDrop SCXW190606636 BCX0\"><span class=\"SCXW190606636 BCX0\">\u00a0<\/span><\/span><span class=\"TextRun SCXW190606636 BCX0\" lang=\"PT-BR\" xml:lang=\"PT-BR\" data-contrast=\"auto\"><span class=\"NormalTextRun SCXW190606636 BCX0\">Aurora <\/span><span class=\"NormalTextRun SpellingErrorV2Themed SpellingErrorHighlight SCXW190606636 BCX0\">Corauci<\/span><span class=\"NormalTextRun SCXW190606636 BCX0\"> n\u00ba 1.375<\/span><\/span><span class=\"LineBreakBlob BlobObject DragDrop SCXW190606636 BCX0\"><span class=\"SCXW190606636 BCX0\">\u00a0<\/span><br class=\"SCXW190606636 BCX0\"\/><\/span><span class=\"TextRun SCXW190606636 BCX0\" lang=\"PT-BR\" xml:lang=\"PT-BR\" data-contrast=\"auto\"><span class=\"NormalTextRun SCXW190606636 BCX0\">Ecoponto<\/span><span class=\"NormalTextRun SCXW190606636 BCX0\"> Jardim Centen\u00e1rio<\/span><\/span><span class=\"LineBreakBlob BlobObject DragDrop SCXW190606636 BCX0\"><span class=\"SCXW190606636 BCX0\">\u00a0<\/span><br class=\"SCXW190606636 BCX0\"\/><\/span><span class=\"TextRun SCXW190606636 BCX0\" lang=\"PT-BR\" xml:lang=\"PT-BR\" data-contrast=\"auto\"><span class=\"NormalTextRun SCXW190606636 BCX0\">Endere\u00e7o: rua Arthur Ramos n\u00ba 1.185<\/span><\/span><span class=\"LineBreakBlob BlobObject DragDrop SCXW190606636 BCX0\"><span class=\"SCXW190606636 BCX0\">\u00a0<\/span><br class=\"SCXW190606636 BCX0\"\/><\/span><span class=\"TextRun SCXW190606636 BCX0\" lang=\"PT-BR\" xml:lang=\"PT-BR\" data-contrast=\"auto\"><span class=\"NormalTextRun SCXW190606636 BCX0\">Ecoponto<\/span><span class=\"NormalTextRun SCXW190606636 BCX0\"> Jardim Santos Dumont<\/span><\/span><span class=\"LineBreakBlob BlobObject DragDrop SCXW190606636 BCX0\"><span class=\"SCXW190606636 BCX0\">\u00a0<\/span><br class=\"SCXW190606636 BCX0\"\/><\/span><span class=\"TextRun SCXW190606636 BCX0\" lang=\"PT-BR\" xml:lang=\"PT-BR\" data-contrast=\"auto\"><span class=\"NormalTextRun SCXW190606636 BCX0\">Endere\u00e7o: rua Guar\u00e1 n\u00ba 2.225<\/span><\/span><span class=\"LineBreakBlob BlobObject DragDrop SCXW190606636 BCX0\"><span class=\"SCXW190606636 BCX0\">\u00a0<\/span><br class=\"SCXW190606636 BCX0\"\/><\/span><span class=\"TextRun SCXW190606636 BCX0\" lang=\"PT-BR\" xml:lang=\"PT-BR\" data-contrast=\"auto\"><span class=\"NormalTextRun SCXW190606636 BCX0\">Ecoponto<\/span><span class=\"NormalTextRun SCXW190606636 BCX0\"> Jardim das Palmeiras II<\/span><\/span><span class=\"LineBreakBlob BlobObject DragDrop SCXW190606636 BCX0\"><span class=\"SCXW190606636 BCX0\">\u00a0<\/span><br class=\"SCXW190606636 BCX0\"\/><\/span><span class=\"TextRun SCXW190606636 BCX0\" lang=\"PT-BR\" xml:lang=\"PT-BR\" data-contrast=\"auto\"><span class=\"NormalTextRun SCXW190606636 BCX0\">Endere\u00e7o: rua Poeta Fernando <\/span><\/span><span class=\"TextRun SCXW190606636 BCX0\" lang=\"PT-BR\" xml:lang=\"PT-BR\" data-contrast=\"auto\"><span class=\"NormalTextRun SCXW190606636 BCX0\">com avenida Alfredo <\/span><span class=\"NormalTextRun SCXW190606636 BCX0\">Ravanelli<\/span><\/span><span class=\"LineBreakBlob BlobObject DragDrop SCXW190606636 BCX0\"><span class=\"SCXW190606636 BCX0\">\u00a0<\/span><br class=\"SCXW190606636 BCX0\"\/><\/span><span class=\"TextRun SCXW190606636 BCX0\" lang=\"PT-BR\" xml:lang=\"PT-BR\" data-contrast=\"auto\"><span class=\"NormalTextRun SCXW190606636 BCX0\">Ecoponto<\/span><span class=\"NormalTextRun SCXW190606636 BCX0\"> Jardim Paiva<\/span><\/span><span class=\"LineBreakBlob BlobObject DragDrop SCXW190606636 BCX0\"><span class=\"SCXW190606636 BCX0\">\u00a0<\/span><br class=\"SCXW190606636 BCX0\"\/><\/span><span class=\"TextRun SCXW190606636 BCX0\" lang=\"PT-BR\" xml:lang=\"PT-BR\" data-contrast=\"auto\"><span class=\"NormalTextRun SCXW190606636 BCX0\">Endere\u00e7o: avenida Senador <\/span><\/span><span class=\"LineBreakBlob BlobObject DragDrop SCXW190606636 BCX0\"><span class=\"SCXW190606636 BCX0\">\u00a0<\/span><\/span><span class=\"TextRun SCXW190606636 BCX0\" lang=\"PT-BR\" xml:lang=\"PT-BR\" data-contrast=\"auto\"><span class=\"NormalTextRun SCXW190606636 BCX0\">Teot\u00f4nio Vilela n\u00ba 1.285<\/span><\/span><span class=\"LineBreakBlob BlobObject DragDrop SCXW190606636 BCX0\"><span class=\"SCXW190606636 BCX0\">\u00a0<\/span><br class=\"SCXW190606636 BCX0\"\/><\/span><span class=\"TextRun SCXW190606636 BCX0\" lang=\"PT-BR\" xml:lang=\"PT-BR\" data-contrast=\"auto\"><span class=\"NormalTextRun SCXW190606636 BCX0\">Ecoponto<\/span><span class=\"NormalTextRun SCXW190606636 BCX0\"> Bonfim Paulista <\/span><\/span><span class=\"LineBreakBlob BlobObject DragDrop SCXW190606636 BCX0\"><span class=\"SCXW190606636 BCX0\">\u00a0<\/span><br class=\"SCXW190606636 BCX0\"\/><\/span><span class=\"TextRun SCXW190606636 BCX0\" lang=\"PT-BR\" xml:lang=\"PT-BR\" data-contrast=\"auto\"><span class=\"NormalTextRun SCXW190606636 BCX0\">Endere\u00e7o: avenida Miguel <\/span><span class=\"NormalTextRun SpellingErrorV2Themed SCXW190606636 BCX0\">Padulla<\/span><span class=\"NormalTextRun SCXW190606636 BCX0\"> n\u00ba 400 <\/span><\/span><span class=\"LineBreakBlob BlobObject DragDrop SCXW190606636 BCX0\"><span class=\"SCXW190606636 BCX0\">\u00a0<\/span><br class=\"SCXW190606636 BCX0\"\/><\/span><\/p><div class='code-block code-block-8' style='margin: 8px auto; text-align: center; display: block; clear: both;'>\n<script>\n  atOptions = {\n    'key' : '66e2e2111ca34da796271819fc334058',\n    'format' : 'iframe',\n    'height' : 250,\n    'width' : 300,\n    'params' : {}\n  };\n<\/script>\n<script src=\"https:\/\/www.highperformanceformat.com\/66e2e2111ca34da796271819fc334058\/invoke.js\"><\/script>\n<\/div>\n\n<p><span class=\"TextRun SCXW190606636 BCX0\" lang=\"PT-BR\" xml:lang=\"PT-BR\" data-contrast=\"auto\"><span class=\"NormalTextRun SCXW190606636 BCX0\">Outros locais<\/span><\/span><span class=\"LineBreakBlob BlobObject DragDrop SCXW190606636 BCX0\"><span class=\"SCXW190606636 BCX0\">\u00a0<\/span><br class=\"SCXW190606636 BCX0\"\/><\/span><span class=\"TextRun SCXW190606636 BCX0\" lang=\"PT-BR\" xml:lang=\"PT-BR\" data-contrast=\"auto\"><span class=\"NormalTextRun SCXW190606636 BCX0\">Parque Prefeito Luiz Roberto <\/span><span class=\"NormalTextRun SCXW190606636 BCX0\">J\u00e1bali<\/span><span class=\"NormalTextRun SCXW190606636 BCX0\"> (Curupira)<\/span><\/span><span class=\"LineBreakBlob BlobObject DragDrop SCXW190606636 BCX0\"><span class=\"SCXW190606636 BCX0\">\u00a0<\/span><br class=\"SCXW190606636 BCX0\"\/><\/span><span class=\"TextRun SCXW190606636 BCX0\" lang=\"PT-BR\" xml:lang=\"PT-BR\" data-contrast=\"auto\"><span class=\"NormalTextRun SCXW190606636 BCX0\">Endere\u00e7o: avenida <\/span><span class=\"NormalTextRun SpellingErrorV2Themed SCXW190606636 BCX0\">Cost\u00e1bile<\/span><span class=\"NormalTextRun SCXW190606636 BCX0\"> Romano <\/span><\/span><span class=\"TextRun SCXW190606636 BCX0\" lang=\"PT-BR\" xml:lang=\"PT-BR\" data-contrast=\"auto\"><span class=\"NormalTextRun SCXW190606636 BCX0\">e ruas Irineu Ferreira e dos Catetos<\/span><\/span><span class=\"LineBreakBlob BlobObject DragDrop SCXW190606636 BCX0\"><span class=\"SCXW190606636 BCX0\">\u00a0<\/span><br class=\"SCXW190606636 BCX0\"\/><\/span><span class=\"TextRun SCXW190606636 BCX0\" lang=\"PT-BR\" xml:lang=\"PT-BR\" data-contrast=\"auto\"><span class=\"NormalTextRun SCXW190606636 BCX0\">Parque Doutor <\/span><span class=\"NormalTextRun SpellingErrorV2Themed SCXW190606636 BCX0\">Luis<\/span><span class=\"NormalTextRun SCXW190606636 BCX0\"> Carlos <\/span><span class=\"NormalTextRun SCXW190606636 BCX0\">Raya<\/span><\/span><span class=\"LineBreakBlob BlobObject DragDrop SCXW190606636 BCX0\"><span class=\"SCXW190606636 BCX0\">\u00a0<\/span><br class=\"SCXW190606636 BCX0\"\/><\/span><span class=\"TextRun SCXW190606636 BCX0\" lang=\"PT-BR\" xml:lang=\"PT-BR\" data-contrast=\"auto\"><span class=\"NormalTextRun SCXW190606636 BCX0\">Endere\u00e7o: rua Benjamin <\/span><span class=\"NormalTextRun SCXW190606636 BCX0\">Stauffer<\/span><\/span><span class=\"LineBreakBlob BlobObject DragDrop SCXW190606636 BCX0\"><span class=\"SCXW190606636 BCX0\">\u00a0<\/span><br class=\"SCXW190606636 BCX0\"\/><\/span><span class=\"EOP SCXW190606636 BCX0\" data-ccp-props=\"{&quot;201341983&quot;:0,&quot;335559739&quot;:200,&quot;335559740&quot;:276}\">\u00a0<\/span><\/p>\n<\/div>\n<p><script async src=\"\/\/platform.twitter.com\/widgets.js\" charset=\"utf-8\"><\/script><br \/>\n<br \/><br \/>\n<br \/><a href=\"https:\/\/www.tribunaribeirao.com.br\/site\/ecoponto-tera-local-para-lixo-eletronico\/\">Source link <\/a><\/p>\n<div class='code-block code-block-4' style='margin: 8px auto 8px 0; text-align: left; display: block; clear: both;'>\n\ud83d\udce2 Aviso Legal\n\nO site ismaelcolosi.com.br atua apenas como um canal de divulga\u00e7\u00e3o de oportunidades de emprego e n\u00e3o se responsabiliza pelo processo seletivo, contrata\u00e7\u00e3o ou qualquer outra etapa relacionada \u00e0s vagas publicadas. Todas as informa\u00e7\u00f5es s\u00e3o de responsabilidade dos anunciantes.\n\n\u26a0\ufe0f Aten\u00e7\u00e3o! Nunca pague por promessas de emprego nem compre cursos que garantam contrata\u00e7\u00e3o. Desconfie de qualquer cobran\u00e7a para participar de sele\u00e7\u00f5es.\n\n\n\n<\/div>\n<!-- CONTENT END 1 -->\n","protected":false},"excerpt":{"rendered":"<p>18 de janeiro de 2024 | 16:0018 de janeiro de 2024 | 9:52 0 O consumo crescente de eletroeletr\u00f4nicos no Brasil acende um alerta quando&#8230;<\/p>\n","protected":false},"author":1,"featured_media":29537,"comment_status":"open","ping_status":"open","sticky":false,"template":"","format":"standard","meta":{"_uag_custom_page_level_css":"","advanced_seo_description":"","jetpack_seo_html_title":"","jetpack_seo_noindex":false,"jetpack_post_was_ever_published":false,"_jetpack_newsletter_access":"","_jetpack_dont_email_post_to_subs":false,"_jetpack_newsletter_tier_id":0,"_jetpack_memberships_contains_paywalled_content":false,"_jetpack_memberships_contains_paid_content":false,"footnotes":"","jetpack_publicize_message":"","jetpack_publicize_feature_enabled":true,"jetpack_social_post_already_shared":true,"jetpack_social_options":{"image_generator_settings":{"template":"highway","default_image_id":0,"font":"","enabled":false},"version":2}},"categories":[11],"tags":[3672,1440,760,3673,679],"class_list":["post-29536","post","type-post","status-publish","format-standard","has-post-thumbnail","hentry","category-noticias-de-ribeirao-preto-sp-e-regiao-ismael-colosi","tag-ecoponto","tag-eletronico","tag-lixo","tag-localpara","tag-tera"],"jetpack_publicize_connections":[],"jetpack_featured_media_url":"https:\/\/i0.wp.com\/ismaelcolosi.com.br\/wp-content\/uploads\/2024\/01\/Ecoponto-Detalhe-Divulgacao-01-scaled.jpeg?fit=968%2C645&ssl=1","uagb_featured_image_src":{"full":["https:\/\/i0.wp.com\/ismaelcolosi.com.br\/wp-content\/uploads\/2024\/01\/Ecoponto-Detalhe-Divulgacao-01-scaled.jpeg?fit=968%2C645&ssl=1",968,645,false],"thumbnail":["https:\/\/i0.wp.com\/ismaelcolosi.com.br\/wp-content\/uploads\/2024\/01\/Ecoponto-Detalhe-Divulgacao-01-scaled.jpeg?resize=150%2C150&ssl=1",150,150,true],"medium":["https:\/\/i0.wp.com\/ismaelcolosi.com.br\/wp-content\/uploads\/2024\/01\/Ecoponto-Detalhe-Divulgacao-01-scaled.jpeg?fit=300%2C200&ssl=1",300,200,true],"medium_large":["https:\/\/i0.wp.com\/ismaelcolosi.com.br\/wp-content\/uploads\/2024\/01\/Ecoponto-Detalhe-Divulgacao-01-scaled.jpeg?fit=768%2C512&ssl=1",768,512,true],"large":["https:\/\/i0.wp.com\/ismaelcolosi.com.br\/wp-content\/uploads\/2024\/01\/Ecoponto-Detalhe-Divulgacao-01-scaled.jpeg?fit=968%2C645&ssl=1",968,645,true],"1536x1536":["https:\/\/i0.wp.com\/ismaelcolosi.com.br\/wp-content\/uploads\/2024\/01\/Ecoponto-Detalhe-Divulgacao-01-scaled.jpeg?fit=968%2C645&ssl=1",968,645,true],"2048x2048":["https:\/\/i0.wp.com\/ismaelcolosi.com.br\/wp-content\/uploads\/2024\/01\/Ecoponto-Detalhe-Divulgacao-01-scaled.jpeg?fit=968%2C645&ssl=1",968,645,true],"really-simple-thumb":["https:\/\/i0.wp.com\/ismaelcolosi.com.br\/wp-content\/uploads\/2024\/01\/Ecoponto-Detalhe-Divulgacao-01-scaled.jpeg?resize=370%2C247&ssl=1",370,247,true]},"uagb_author_info":{"display_name":"ismaelcolosi.com.br","author_link":"https:\/\/ismaelcolosi.com.br\/index.php\/author\/vidareal-online\/"},"uagb_comment_info":0,"uagb_excerpt":"18 de janeiro de 2024 | 16:0018 de janeiro de 2024 | 9:52 0 O consumo crescente de eletroeletr\u00f4nicos no Brasil acende um alerta quando...","jetpack-related-posts":[{"id":36110,"url":"https:\/\/ismaelcolosi.com.br\/index.php\/2024\/02\/08\/ecopontos-recebem-30-toneladas-de-eletronicos-em-cinco-meses\/","url_meta":{"origin":29536,"position":0},"title":"Ecopontos recebem 30 toneladas de eletr\u00f4nicos\u00a0em cinco meses","author":"ismaelcolosi.com.br","date":"8 de February de 2024","format":false,"excerpt":"Para atender \u00e0 popula\u00e7\u00e3o, a prefeitura de Ribeir\u00e3o Preto, em parceria com a Associa\u00e7\u00e3o Brasileira de Reciclagem de Eletroeletr\u00f4nicos e Eletrodom\u00e9sticos (Abree), realiza, desde 23 de setembro do ano passado, a coleta gratuita de eletr\u00f4nicos em todos os ecopontos da cidade.\u00a0 De acordo com a secret\u00e1ria municipal de Infraestrutura, Catherine\u2026","rel":"","context":"In &quot;Not\u00edcias de Ribeir\u00e3o Preto-SP e Regi\u00e3o&quot;","block_context":{"text":"Not\u00edcias de Ribeir\u00e3o Preto-SP e Regi\u00e3o","link":"https:\/\/ismaelcolosi.com.br\/index.php\/category\/noticias-de-ribeirao-preto-sp-e-regiao-ismael-colosi\/"},"img":{"alt_text":"","src":"https:\/\/i0.wp.com\/ismaelcolosi.com.br\/wp-content\/uploads\/2024\/02\/Ecoponto-Divulgacao-01-scaled.jpeg?fit=1000%2C562&ssl=1&resize=350%2C200","width":350,"height":200,"srcset":"https:\/\/i0.wp.com\/ismaelcolosi.com.br\/wp-content\/uploads\/2024\/02\/Ecoponto-Divulgacao-01-scaled.jpeg?fit=1000%2C562&ssl=1&resize=350%2C200 1x, https:\/\/i0.wp.com\/ismaelcolosi.com.br\/wp-content\/uploads\/2024\/02\/Ecoponto-Divulgacao-01-scaled.jpeg?fit=1000%2C562&ssl=1&resize=525%2C300 1.5x, https:\/\/i0.wp.com\/ismaelcolosi.com.br\/wp-content\/uploads\/2024\/02\/Ecoponto-Divulgacao-01-scaled.jpeg?fit=1000%2C562&ssl=1&resize=700%2C400 2x"},"classes":[]},{"id":43849,"url":"https:\/\/ismaelcolosi.com.br\/index.php\/2024\/03\/23\/descarte-irregular-atinge-47-areas\/","url_meta":{"origin":29536,"position":1},"title":"Descarte irregular atinge 47 \u00e1reas\u00a0","author":"ismaelcolosi.com.br","date":"23 de March de 2024","format":false,"excerpt":"Com o objetivo de combater o descarte irregular de lixo, entulho, m\u00f3veis usados e inserv\u00edveis em Ribeir\u00e3o Preto, a Secretaria Municipal de Infraestrutura criou o Programa Nosso Espa\u00e7o. Consiste em um conjunto de a\u00e7\u00f5es para revitalizar e transformar esses locais em espa\u00e7os livres para uso de lazer. Hoje, a cidade\u2026","rel":"","context":"In &quot;Not\u00edcias de Ribeir\u00e3o Preto-SP e Regi\u00e3o&quot;","block_context":{"text":"Not\u00edcias de Ribeir\u00e3o Preto-SP e Regi\u00e3o","link":"https:\/\/ismaelcolosi.com.br\/index.php\/category\/noticias-de-ribeirao-preto-sp-e-regiao-ismael-colosi\/"},"img":{"alt_text":"","src":"https:\/\/i0.wp.com\/ismaelcolosi.com.br\/wp-content\/uploads\/2024\/03\/Ecoponto-Alfredo-Risk-scaled.jpg?fit=1200%2C800&ssl=1&resize=350%2C200","width":350,"height":200,"srcset":"https:\/\/i0.wp.com\/ismaelcolosi.com.br\/wp-content\/uploads\/2024\/03\/Ecoponto-Alfredo-Risk-scaled.jpg?fit=1200%2C800&ssl=1&resize=350%2C200 1x, https:\/\/i0.wp.com\/ismaelcolosi.com.br\/wp-content\/uploads\/2024\/03\/Ecoponto-Alfredo-Risk-scaled.jpg?fit=1200%2C800&ssl=1&resize=525%2C300 1.5x, https:\/\/i0.wp.com\/ismaelcolosi.com.br\/wp-content\/uploads\/2024\/03\/Ecoponto-Alfredo-Risk-scaled.jpg?fit=1200%2C800&ssl=1&resize=700%2C400 2x, https:\/\/i0.wp.com\/ismaelcolosi.com.br\/wp-content\/uploads\/2024\/03\/Ecoponto-Alfredo-Risk-scaled.jpg?fit=1200%2C800&ssl=1&resize=1050%2C600 3x"},"classes":[]},{"id":29678,"url":"https:\/\/ismaelcolosi.com.br\/index.php\/2024\/01\/19\/confira-os-locais-dos-ecopontos-em-ribeirao-preto\/","url_meta":{"origin":29536,"position":2},"title":"Confira os locais dos Ecopontos em Ribeir\u00e3o Preto","author":"ismaelcolosi.com.br","date":"19 de January de 2024","format":false,"excerpt":"Se voc\u00ea tem um eletrodom\u00e9stico ou eletroeletr\u00f4nico que n\u00e3o usa mais e n\u00e3o sabe onde descartar, em Ribeir\u00e3o Preto h\u00e1 o programa de Ecopontos. Esse locais recebem esses objetos, res\u00edduos da constru\u00e7\u00e3o civil, recicl\u00e1veis e todo tipo de inserv\u00edveis. O servi\u00e7o \u00e9 de gra\u00e7a e permite o descarte de at\u00e9\u2026","rel":"","context":"In &quot;Not\u00edcias de Ribeir\u00e3o Preto-SP e Regi\u00e3o&quot;","block_context":{"text":"Not\u00edcias de Ribeir\u00e3o Preto-SP e Regi\u00e3o","link":"https:\/\/ismaelcolosi.com.br\/index.php\/category\/noticias-de-ribeirao-preto-sp-e-regiao-ismael-colosi\/"},"img":{"alt_text":"","src":"https:\/\/i0.wp.com\/ismaelcolosi.com.br\/wp-content\/uploads\/2024\/01\/ecoponto.jpeg?fit=1200%2C800&ssl=1&resize=350%2C200","width":350,"height":200,"srcset":"https:\/\/i0.wp.com\/ismaelcolosi.com.br\/wp-content\/uploads\/2024\/01\/ecoponto.jpeg?fit=1200%2C800&ssl=1&resize=350%2C200 1x, https:\/\/i0.wp.com\/ismaelcolosi.com.br\/wp-content\/uploads\/2024\/01\/ecoponto.jpeg?fit=1200%2C800&ssl=1&resize=525%2C300 1.5x, https:\/\/i0.wp.com\/ismaelcolosi.com.br\/wp-content\/uploads\/2024\/01\/ecoponto.jpeg?fit=1200%2C800&ssl=1&resize=700%2C400 2x, https:\/\/i0.wp.com\/ismaelcolosi.com.br\/wp-content\/uploads\/2024\/01\/ecoponto.jpeg?fit=1200%2C800&ssl=1&resize=1050%2C600 3x"},"classes":[]},{"id":22228,"url":"https:\/\/ismaelcolosi.com.br\/index.php\/2023\/12\/29\/confira-o-que-abre-e-fecha-nos-servicos-da-prefeitura-de-ribeirao-durante-o-feriado-prolongado\/","url_meta":{"origin":29536,"position":3},"title":"Confira o que abre e fecha nos servi\u00e7os da Prefeitura de Ribeir\u00e3o durante o feriado prolongado","author":"ismaelcolosi.com.br","date":"29 de December de 2023","format":false,"excerpt":"Devido ao feriado prolongado de Ano Novo, os \u00f3rg\u00e3os municipais de Ribeir\u00e3o Preto ter\u00e3o altera\u00e7\u00f5es nos hor\u00e1rios de atendimento, at\u00e9 o dia 2 de janeiro de 2024. O Poupatempo, por exemplo, est\u00e1 com o atendimento suspenso at\u00e9 \u00e0s 13h, da pr\u00f3xima ter\u00e7a-feira (2). De acordo com a Prefeitura da cidade,\u2026","rel":"","context":"In &quot;Not\u00edcias de Ribeir\u00e3o Preto-SP e Regi\u00e3o&quot;","block_context":{"text":"Not\u00edcias de Ribeir\u00e3o Preto-SP e Regi\u00e3o","link":"https:\/\/ismaelcolosi.com.br\/index.php\/category\/noticias-de-ribeirao-preto-sp-e-regiao-ismael-colosi\/"},"img":{"alt_text":"","src":"https:\/\/i0.wp.com\/ismaelcolosi.com.br\/wp-content\/uploads\/2023\/12\/1703864851_predio_novo_-_foto_guilherme_sircili_2.jpg?fit=1200%2C799&ssl=1&resize=350%2C200","width":350,"height":200,"srcset":"https:\/\/i0.wp.com\/ismaelcolosi.com.br\/wp-content\/uploads\/2023\/12\/1703864851_predio_novo_-_foto_guilherme_sircili_2.jpg?fit=1200%2C799&ssl=1&resize=350%2C200 1x, https:\/\/i0.wp.com\/ismaelcolosi.com.br\/wp-content\/uploads\/2023\/12\/1703864851_predio_novo_-_foto_guilherme_sircili_2.jpg?fit=1200%2C799&ssl=1&resize=525%2C300 1.5x, https:\/\/i0.wp.com\/ismaelcolosi.com.br\/wp-content\/uploads\/2023\/12\/1703864851_predio_novo_-_foto_guilherme_sircili_2.jpg?fit=1200%2C799&ssl=1&resize=700%2C400 2x, https:\/\/i0.wp.com\/ismaelcolosi.com.br\/wp-content\/uploads\/2023\/12\/1703864851_predio_novo_-_foto_guilherme_sircili_2.jpg?fit=1200%2C799&ssl=1&resize=1050%2C600 3x"},"classes":[]},{"id":20129,"url":"https:\/\/ismaelcolosi.com.br\/index.php\/2023\/12\/24\/feriado-veja-o-que-abre-e-fecha-nos-servicos-da-prefeitura-de-ribeirao-preto\/","url_meta":{"origin":29536,"position":4},"title":"Feriado: Veja o que abre e fecha nos servi\u00e7os da Prefeitura de Ribeir\u00e3o Preto","author":"ismaelcolosi.com.br","date":"24 de December de 2023","format":false,"excerpt":"A prefeitura de Ribeir\u00e3o Preto manter\u00e1 em funcionamento os servi\u00e7os p\u00fablicos essenciais na segunda-feira (25), dia de Natal. Atendem normalmente servi\u00e7os de urg\u00eancias e emerg\u00eancias em sa\u00fade e Guarda Civil Metropolitana (GCM). Reparti\u00e7\u00f5es p\u00fablicas permanecer\u00e3o fechadas na segunda (25), retornando \u00e0 normalidade na ter\u00e7a-feira, dia 26, a partir do meio-dia.\u2026","rel":"","context":"In &quot;Not\u00edcias de Ribeir\u00e3o Preto-SP e Regi\u00e3o&quot;","block_context":{"text":"Not\u00edcias de Ribeir\u00e3o Preto-SP e Regi\u00e3o","link":"https:\/\/ismaelcolosi.com.br\/index.php\/category\/noticias-de-ribeirao-preto-sp-e-regiao-ismael-colosi\/"},"img":{"alt_text":"","src":"https:\/\/i0.wp.com\/ismaelcolosi.com.br\/wp-content\/uploads\/2023\/12\/upa.jpg?fit=1200%2C799&ssl=1&resize=350%2C200","width":350,"height":200,"srcset":"https:\/\/i0.wp.com\/ismaelcolosi.com.br\/wp-content\/uploads\/2023\/12\/upa.jpg?fit=1200%2C799&ssl=1&resize=350%2C200 1x, https:\/\/i0.wp.com\/ismaelcolosi.com.br\/wp-content\/uploads\/2023\/12\/upa.jpg?fit=1200%2C799&ssl=1&resize=525%2C300 1.5x, https:\/\/i0.wp.com\/ismaelcolosi.com.br\/wp-content\/uploads\/2023\/12\/upa.jpg?fit=1200%2C799&ssl=1&resize=700%2C400 2x, https:\/\/i0.wp.com\/ismaelcolosi.com.br\/wp-content\/uploads\/2023\/12\/upa.jpg?fit=1200%2C799&ssl=1&resize=1050%2C600 3x"},"classes":[]},{"id":36419,"url":"https:\/\/ismaelcolosi.com.br\/index.php\/2024\/02\/09\/servicos-essenciais-serao-mantidos-no-feriado-de-carnaval\/","url_meta":{"origin":29536,"position":5},"title":"Servi\u00e7os essenciais ser\u00e3o mantidos no feriado de Carnaval","author":"ismaelcolosi.com.br","date":"9 de February de 2024","format":false,"excerpt":"A prefeitura de Ribeir\u00e3o Preto manter\u00e1 em funcionamento os servi\u00e7os p\u00fablicos essenciais nas pr\u00f3ximas segunda e ter\u00e7a-feiras, 12 e 13 de fevereiro, feriado de Carnaval. Funcionar\u00e3o normalmente os servi\u00e7os de urg\u00eancia e emerg\u00eancia em sa\u00fade, assist\u00eancia social, coleta de lixo e Guarda Civil Metropolitana. J\u00e1 as reparti\u00e7\u00f5es p\u00fablicas permanecer\u00e3o fechadas,\u2026","rel":"","context":"In &quot;Not\u00edcias de Ribeir\u00e3o Preto-SP e Regi\u00e3o&quot;","block_context":{"text":"Not\u00edcias de Ribeir\u00e3o Preto-SP e Regi\u00e3o","link":"https:\/\/ismaelcolosi.com.br\/index.php\/category\/noticias-de-ribeirao-preto-sp-e-regiao-ismael-colosi\/"},"img":{"alt_text":"","src":"https:\/\/i0.wp.com\/ismaelcolosi.com.br\/wp-content\/uploads\/2024\/02\/abre_e_fecha_upa_norte_1_-_foto_fernando_gonzaga1-scaled.jpg?fit=970%2C645&ssl=1&resize=350%2C200","width":350,"height":200,"srcset":"https:\/\/i0.wp.com\/ismaelcolosi.com.br\/wp-content\/uploads\/2024\/02\/abre_e_fecha_upa_norte_1_-_foto_fernando_gonzaga1-scaled.jpg?fit=970%2C645&ssl=1&resize=350%2C200 1x, https:\/\/i0.wp.com\/ismaelcolosi.com.br\/wp-content\/uploads\/2024\/02\/abre_e_fecha_upa_norte_1_-_foto_fernando_gonzaga1-scaled.jpg?fit=970%2C645&ssl=1&resize=525%2C300 1.5x, https:\/\/i0.wp.com\/ismaelcolosi.com.br\/wp-content\/uploads\/2024\/02\/abre_e_fecha_upa_norte_1_-_foto_fernando_gonzaga1-scaled.jpg?fit=970%2C645&ssl=1&resize=700%2C400 2x"},"classes":[]}],"jetpack_sharing_enabled":true,"jetpack_shortlink":"https:\/\/wp.me\/pfMlyK-7Go","_links":{"self":[{"href":"https:\/\/ismaelcolosi.com.br\/index.php\/wp-json\/wp\/v2\/posts\/29536","targetHints":{"allow":["GET"]}}],"collection":[{"href":"https:\/\/ismaelcolosi.com.br\/index.php\/wp-json\/wp\/v2\/posts"}],"about":[{"href":"https:\/\/ismaelcolosi.com.br\/index.php\/wp-json\/wp\/v2\/types\/post"}],"author":[{"embeddable":true,"href":"https:\/\/ismaelcolosi.com.br\/index.php\/wp-json\/wp\/v2\/users\/1"}],"replies":[{"embeddable":true,"href":"https:\/\/ismaelcolosi.com.br\/index.php\/wp-json\/wp\/v2\/comments?post=29536"}],"version-history":[{"count":0,"href":"https:\/\/ismaelcolosi.com.br\/index.php\/wp-json\/wp\/v2\/posts\/29536\/revisions"}],"wp:featuredmedia":[{"embeddable":true,"href":"https:\/\/ismaelcolosi.com.br\/index.php\/wp-json\/wp\/v2\/media\/29537"}],"wp:attachment":[{"href":"https:\/\/ismaelcolosi.com.br\/index.php\/wp-json\/wp\/v2\/media?parent=29536"}],"wp:term":[{"taxonomy":"category","embeddable":true,"href":"https:\/\/ismaelcolosi.com.br\/index.php\/wp-json\/wp\/v2\/categories?post=29536"},{"taxonomy":"post_tag","embeddable":true,"href":"https:\/\/ismaelcolosi.com.br\/index.php\/wp-json\/wp\/v2\/tags?post=29536"}],"curies":[{"name":"wp","href":"https:\/\/api.w.org\/{rel}","templated":true}]}}