{"id":29534,"date":"2024-01-18T16:15:02","date_gmt":"2024-01-18T19:15:02","guid":{"rendered":"https:\/\/ismaelcolosi.com.br\/index.php\/2024\/01\/18\/cantor-famoso-substitui-os-dentes-por-protese-de-titanio-avaliada-em-mais-de-r-4-milhoes\/"},"modified":"2024-01-18T16:15:02","modified_gmt":"2024-01-18T19:15:02","slug":"cantor-famoso-substitui-os-dentes-por-protese-de-titanio-avaliada-em-mais-de-r-4-milhoes","status":"publish","type":"post","link":"https:\/\/ismaelcolosi.com.br\/index.php\/2024\/01\/18\/cantor-famoso-substitui-os-dentes-por-protese-de-titanio-avaliada-em-mais-de-r-4-milhoes\/","title":{"rendered":"Cantor famoso substitui os dentes por pr\u00f3tese de tit\u00e2nio avaliada em mais de R$ 4 milh\u00f5es"},"content":{"rendered":"<p> <br \/>\n<\/p>\n<div itemprop=\"text\">\n<p>Kanye West, conhecido por suas escolhas extravagantes e inovadoras, surpreendeu novamente ao substituir seus dentes por pr\u00f3teses de tit\u00e2nio, avaliadas em cerca de R$ 4,4 milh\u00f5es.<\/p>\n<p>Esta mudan\u00e7a radical, revelada em seu perfil no Instagram, n\u00e3o se trata de algo tempor\u00e1rio, comum entre rappers, mas de uma modifica\u00e7\u00e3o permanente.<\/p><div class='code-block code-block-8' style='margin: 8px auto; text-align: center; display: block; clear: both;'>\n<script>\n  atOptions = {\n    'key' : '66e2e2111ca34da796271819fc334058',\n    'format' : 'iframe',\n    'height' : 250,\n    'width' : 300,\n    'params' : {}\n  };\n<\/script>\n<script src=\"https:\/\/www.highperformanceformat.com\/66e2e2111ca34da796271819fc334058\/invoke.js\"><\/script>\n<\/div>\n\n<p>Segundo o jornal brit\u00e2nico \u201cDaily Mail\u201d, esta n\u00e3o \u00e9 a primeira vez que West investe em seu sorriso. Em 2010, ele j\u00e1 havia substitu\u00eddo os dentes inferiores por uma dentadura de diamantes.<\/p>\n<p>Thomas Connelly, dentista de West, esclareceu em entrevista \u00e0 revista Complex que o rapper n\u00e3o removeu os dentes originais, mas sim adicionou pr\u00f3teses fixas sobre eles, afirmando que West ainda possui uma denti\u00e7\u00e3o completa e saud\u00e1vel.<\/p>\n<p>No entanto, a dentista Giovanna Zanini alerta para os riscos \u00e0 sa\u00fade que tais procedimentos podem acarretar. Segundo ela, pr\u00f3teses inteiri\u00e7as como as de West podem causar ac\u00famulo de alimentos e bact\u00e9rias, levando a problemas como gengivite, periodontite e perda de tecido de sustenta\u00e7\u00e3o.<\/p>\n<p>Al\u00e9m disso, a falta de adapta\u00e7\u00e3o \u00e0 anatomia natural dos dentes pode comprometer a mastiga\u00e7\u00e3o e a absor\u00e7\u00e3o adequada de nutrientes. Veja story do cantor mostrando a pr\u00f3tese:<\/p>\n<p><img data-recalc-dims=\"1\" decoding=\"async\" src=\"https:\/\/i0.wp.com\/fnmais.com\/wp-content\/uploads\/2024\/01\/postiimg-65a96496d786f1762.jpg?ssl=1\" alt=\"\"\/><\/p>\n<p>Giovanna destaca que a anatomia dos dentes \u00e9 essencial n\u00e3o apenas para a digest\u00e3o, mas tamb\u00e9m para a fala. A preocupa\u00e7\u00e3o com a sa\u00fade bucal de West \u00e9 evidente, j\u00e1 que as pr\u00f3teses n\u00e3o imitam a forma natural dos dentes, podendo afetar fun\u00e7\u00f5es vitais do sistema digestivo e da fala.<\/p>\n<\/div>\n<p><br \/>\n<br \/><a href=\"https:\/\/fnmais.com\/cantor-famoso-substitui-dentes-por-protese-titanio-avaliada-em-mais-r-4-milhoes\/\">Source link <\/a><\/p>\n<div class='code-block code-block-4' style='margin: 8px auto 8px 0; text-align: left; display: block; clear: both;'>\n\ud83d\udce2 Aviso Legal\n\nO site ismaelcolosi.com.br atua apenas como um canal de divulga\u00e7\u00e3o de oportunidades de emprego e n\u00e3o se responsabiliza pelo processo seletivo, contrata\u00e7\u00e3o ou qualquer outra etapa relacionada \u00e0s vagas publicadas. Todas as informa\u00e7\u00f5es s\u00e3o de responsabilidade dos anunciantes.\n\n\u26a0\ufe0f Aten\u00e7\u00e3o! Nunca pague por promessas de emprego nem compre cursos que garantam contrata\u00e7\u00e3o. Desconfie de qualquer cobran\u00e7a para participar de sele\u00e7\u00f5es.\n\n\n\n<\/div>\n<!-- CONTENT END 1 -->\n","protected":false},"excerpt":{"rendered":"<p>Kanye West, conhecido por suas escolhas extravagantes e inovadoras, surpreendeu novamente ao substituir seus dentes por pr\u00f3teses de tit\u00e2nio, avaliadas em cerca de R$ 4,4&#8230;<\/p>\n","protected":false},"author":1,"featured_media":29535,"comment_status":"open","ping_status":"open","sticky":false,"template":"","format":"standard","meta":{"_uag_custom_page_level_css":"","advanced_seo_description":"","jetpack_seo_html_title":"","jetpack_seo_noindex":false,"jetpack_post_was_ever_published":false,"_jetpack_newsletter_access":"","_jetpack_dont_email_post_to_subs":false,"_jetpack_newsletter_tier_id":0,"_jetpack_memberships_contains_paywalled_content":false,"_jetpack_memberships_contains_paid_content":false,"footnotes":"","jetpack_publicize_message":"","jetpack_publicize_feature_enabled":true,"jetpack_social_post_already_shared":true,"jetpack_social_options":{"image_generator_settings":{"template":"highway","default_image_id":0,"font":"","enabled":false},"version":2}},"categories":[1],"tags":[],"class_list":["post-29534","post","type-post","status-publish","format-standard","has-post-thumbnail","hentry","category-blog"],"jetpack_publicize_connections":[],"jetpack_featured_media_url":"https:\/\/i0.wp.com\/ismaelcolosi.com.br\/wp-content\/uploads\/2024\/01\/postimg-65a9649776d7d7258.jpg?fit=1200%2C628&ssl=1","uagb_featured_image_src":{"full":["https:\/\/i0.wp.com\/ismaelcolosi.com.br\/wp-content\/uploads\/2024\/01\/postimg-65a9649776d7d7258.jpg?fit=1200%2C628&ssl=1",1200,628,false],"thumbnail":["https:\/\/i0.wp.com\/ismaelcolosi.com.br\/wp-content\/uploads\/2024\/01\/postimg-65a9649776d7d7258.jpg?resize=150%2C150&ssl=1",150,150,true],"medium":["https:\/\/i0.wp.com\/ismaelcolosi.com.br\/wp-content\/uploads\/2024\/01\/postimg-65a9649776d7d7258.jpg?fit=300%2C157&ssl=1",300,157,true],"medium_large":["https:\/\/i0.wp.com\/ismaelcolosi.com.br\/wp-content\/uploads\/2024\/01\/postimg-65a9649776d7d7258.jpg?fit=768%2C402&ssl=1",768,402,true],"large":["https:\/\/i0.wp.com\/ismaelcolosi.com.br\/wp-content\/uploads\/2024\/01\/postimg-65a9649776d7d7258.jpg?fit=1024%2C536&ssl=1",1024,536,true],"1536x1536":["https:\/\/i0.wp.com\/ismaelcolosi.com.br\/wp-content\/uploads\/2024\/01\/postimg-65a9649776d7d7258.jpg?fit=1200%2C628&ssl=1",1200,628,true],"2048x2048":["https:\/\/i0.wp.com\/ismaelcolosi.com.br\/wp-content\/uploads\/2024\/01\/postimg-65a9649776d7d7258.jpg?fit=1200%2C628&ssl=1",1200,628,true],"really-simple-thumb":["https:\/\/i0.wp.com\/ismaelcolosi.com.br\/wp-content\/uploads\/2024\/01\/postimg-65a9649776d7d7258.jpg?resize=370%2C247&ssl=1",370,247,true]},"uagb_author_info":{"display_name":"ismaelcolosi.com.br","author_link":"https:\/\/ismaelcolosi.com.br\/index.php\/author\/vidareal-online\/"},"uagb_comment_info":0,"uagb_excerpt":"Kanye West, conhecido por suas escolhas extravagantes e inovadoras, surpreendeu novamente ao substituir seus dentes por pr\u00f3teses de tit\u00e2nio, avaliadas em cerca de R$ 4,4...","jetpack-related-posts":[{"id":6665,"url":"https:\/\/ismaelcolosi.com.br\/index.php\/2023\/11\/26\/tres-dicas-caseiras-para-deixar-os-dentes-brancos\/","url_meta":{"origin":29534,"position":0},"title":"Tr\u00eas dicas caseiras para deixar os dentes brancos","author":"ismaelcolosi.com.br","date":"26 de November de 2023","format":false,"excerpt":"Cr\u00e9ditos: Getty ImagesBoa rotina de higiene bucal ajuda a prevenir manchas e deixa os dentes brancos. Confia algumas dicas caseiras \u2013 iStock\/Getty Images O surgimento de dentes amarelos ou com manchas amarelas est\u00e1 associado ao consumo determinados alimentos, bebidas, medicamentos e h\u00e1bitos ao longo do tempo. Muita gente passa por\u2026","rel":"","context":"In &quot;Variedades&quot;","block_context":{"text":"Variedades","link":"https:\/\/ismaelcolosi.com.br\/index.php\/category\/variedades\/"},"img":{"alt_text":"","src":"https:\/\/i0.wp.com\/ismaelcolosi.com.br\/wp-content\/uploads\/2023\/11\/istock-171346274.jpg?fit=1200%2C638&ssl=1&resize=350%2C200","width":350,"height":200,"srcset":"https:\/\/i0.wp.com\/ismaelcolosi.com.br\/wp-content\/uploads\/2023\/11\/istock-171346274.jpg?fit=1200%2C638&ssl=1&resize=350%2C200 1x, https:\/\/i0.wp.com\/ismaelcolosi.com.br\/wp-content\/uploads\/2023\/11\/istock-171346274.jpg?fit=1200%2C638&ssl=1&resize=525%2C300 1.5x, https:\/\/i0.wp.com\/ismaelcolosi.com.br\/wp-content\/uploads\/2023\/11\/istock-171346274.jpg?fit=1200%2C638&ssl=1&resize=700%2C400 2x, https:\/\/i0.wp.com\/ismaelcolosi.com.br\/wp-content\/uploads\/2023\/11\/istock-171346274.jpg?fit=1200%2C638&ssl=1&resize=1050%2C600 3x"},"classes":[]},{"id":16883,"url":"https:\/\/ismaelcolosi.com.br\/index.php\/2023\/12\/16\/por-que-nao-escovar-os-dentes-pode-aumentar-risco-de-demencia\/","url_meta":{"origin":29534,"position":1},"title":"Por que n\u00e3o escovar os dentes pode aumentar risco de dem\u00eancia","author":"ismaelcolosi.com.br","date":"16 de December de 2023","format":false,"excerpt":"Cr\u00e9ditos: Getty Images\/iStockphotoResultados, que observaram rela\u00e7\u00e3o entre escovar os dentes e maior propens\u00e3o \u00e0 dem\u00eancia, foram relatados no Journal of Alzheimer\u2019s Disease \u2013 iStock\/Getty Images Com cerca de 700 esp\u00e9cies de bact\u00e9rias, das quais muitas potencialmente causadoras de doen\u00e7as periodontais, a manuten\u00e7\u00e3o da sa\u00fade da sua boca est\u00e1 diretamente ligada\u2026","rel":"","context":"In &quot;Variedades&quot;","block_context":{"text":"Variedades","link":"https:\/\/ismaelcolosi.com.br\/index.php\/category\/variedades\/"},"img":{"alt_text":"","src":"https:\/\/i0.wp.com\/ismaelcolosi.com.br\/wp-content\/uploads\/2023\/12\/istock-529417276.jpg?fit=1200%2C638&ssl=1&resize=350%2C200","width":350,"height":200,"srcset":"https:\/\/i0.wp.com\/ismaelcolosi.com.br\/wp-content\/uploads\/2023\/12\/istock-529417276.jpg?fit=1200%2C638&ssl=1&resize=350%2C200 1x, https:\/\/i0.wp.com\/ismaelcolosi.com.br\/wp-content\/uploads\/2023\/12\/istock-529417276.jpg?fit=1200%2C638&ssl=1&resize=525%2C300 1.5x, https:\/\/i0.wp.com\/ismaelcolosi.com.br\/wp-content\/uploads\/2023\/12\/istock-529417276.jpg?fit=1200%2C638&ssl=1&resize=700%2C400 2x, https:\/\/i0.wp.com\/ismaelcolosi.com.br\/wp-content\/uploads\/2023\/12\/istock-529417276.jpg?fit=1200%2C638&ssl=1&resize=1050%2C600 3x"},"classes":[]},{"id":4000,"url":"https:\/\/ismaelcolosi.com.br\/index.php\/2023\/11\/20\/bebida-deixa-os-dentes-mais-amarelos-que-cafe-e-vinho-alertam-especialistas\/","url_meta":{"origin":29534,"position":2},"title":"Bebida deixa os dentes mais amarelos que caf\u00e9 e vinho, alertam especialistas","author":"ismaelcolosi.com.br","date":"20 de November de 2023","format":false,"excerpt":"Cr\u00e9ditos: Getty Images\/iStockphotoBebida possui alta concentra\u00e7\u00e3o de taninos, que s\u00e3o um grupo de compostos amargos e adstringentes, deixando os dentes mais amarelos \u2013 iStock\/Getty Images Dois dos principais vil\u00f5es da est\u00e9tica dent\u00e1ria, o vinho e caf\u00e9 s\u00e3o frequentemente apontados como os grandes respons\u00e1veis por amarelar os dentes a longo prazo.\u2026","rel":"","context":"In &quot;Variedades&quot;","block_context":{"text":"Variedades","link":"https:\/\/ismaelcolosi.com.br\/index.php\/category\/variedades\/"},"img":{"alt_text":"","src":"https:\/\/i0.wp.com\/ismaelcolosi.com.br\/wp-content\/uploads\/2023\/11\/istock-1339375313.jpg?fit=1200%2C638&ssl=1&resize=350%2C200","width":350,"height":200,"srcset":"https:\/\/i0.wp.com\/ismaelcolosi.com.br\/wp-content\/uploads\/2023\/11\/istock-1339375313.jpg?fit=1200%2C638&ssl=1&resize=350%2C200 1x, https:\/\/i0.wp.com\/ismaelcolosi.com.br\/wp-content\/uploads\/2023\/11\/istock-1339375313.jpg?fit=1200%2C638&ssl=1&resize=525%2C300 1.5x, https:\/\/i0.wp.com\/ismaelcolosi.com.br\/wp-content\/uploads\/2023\/11\/istock-1339375313.jpg?fit=1200%2C638&ssl=1&resize=700%2C400 2x, https:\/\/i0.wp.com\/ismaelcolosi.com.br\/wp-content\/uploads\/2023\/11\/istock-1339375313.jpg?fit=1200%2C638&ssl=1&resize=1050%2C600 3x"},"classes":[]},{"id":37804,"url":"https:\/\/ismaelcolosi.com.br\/index.php\/2024\/02\/18\/pesquisa-da-usp-ribeirao-mostra-que-dinossauros-carnivoros-dominavam-a-area-central-da-america-do-sul\/","url_meta":{"origin":29534,"position":3},"title":"Pesquisa da USP Ribeir\u00e3o mostra que dinossauros carn\u00edvoros dominavam a \u00e1rea central da Am\u00e9rica do Sul","author":"ismaelcolosi.com.br","date":"18 de February de 2024","format":false,"excerpt":"Uma pesquisa da Faculdade de Filosofia, Ci\u00eancias e Letras de Ribeir\u00e3o Preto (FFCLRP) da USP (Universidade de S\u00e3o Paulo) aponta que dinossauros do grupo ter\u00f3podes (b\u00edpedes, geralmente carn\u00edvoros ou omn\u00edvoros), eram predominantes na \u00e1rea central do continente sul-americano. A descoberta foi realizada por meio de uma reavalia\u00e7\u00e3o de 179 dentes\u2026","rel":"","context":"In &quot;Not\u00edcias de Ribeir\u00e3o Preto-SP e Regi\u00e3o&quot;","block_context":{"text":"Not\u00edcias de Ribeir\u00e3o Preto-SP e Regi\u00e3o","link":"https:\/\/ismaelcolosi.com.br\/index.php\/category\/noticias-de-ribeirao-preto-sp-e-regiao-ismael-colosi\/"},"img":{"alt_text":"","src":"https:\/\/i0.wp.com\/ismaelcolosi.com.br\/wp-content\/uploads\/2024\/02\/20240215_abelissauros_1200x630-e1708112989199.png?fit=945%2C630&ssl=1&resize=350%2C200","width":350,"height":200,"srcset":"https:\/\/i0.wp.com\/ismaelcolosi.com.br\/wp-content\/uploads\/2024\/02\/20240215_abelissauros_1200x630-e1708112989199.png?fit=945%2C630&ssl=1&resize=350%2C200 1x, https:\/\/i0.wp.com\/ismaelcolosi.com.br\/wp-content\/uploads\/2024\/02\/20240215_abelissauros_1200x630-e1708112989199.png?fit=945%2C630&ssl=1&resize=525%2C300 1.5x, https:\/\/i0.wp.com\/ismaelcolosi.com.br\/wp-content\/uploads\/2024\/02\/20240215_abelissauros_1200x630-e1708112989199.png?fit=945%2C630&ssl=1&resize=700%2C400 2x"},"classes":[]},{"id":8239,"url":"https:\/\/ismaelcolosi.com.br\/index.php\/2023\/11\/29\/quem-e-a-dentista-mineira-que-vive-affair-com-caua-reymond\/","url_meta":{"origin":29534,"position":4},"title":"Quem \u00e9 a dentista mineira que vive affair com Cau\u00e3 Reymond","author":"ismaelcolosi.com.br","date":"29 de November de 2023","format":false,"excerpt":"Nos \u00faltimos dias, a m\u00eddia e os f\u00e3s foram pegos de surpresa com a revela\u00e7\u00e3o de um novo romance envolvendo o renomado ator Cau\u00e3 Reymond.O gal\u00e3, reconhecido por sua atua\u00e7\u00e3o marcante em Terra e Paix\u00e3o, est\u00e1 vivendo um momento amoroso e intenso ao lado de Luiza Watson, uma jovem dentista\u2026","rel":"","context":"In &quot;Blog&quot;","block_context":{"text":"Blog","link":"https:\/\/ismaelcolosi.com.br\/index.php\/category\/blog\/"},"img":{"alt_text":"","src":"https:\/\/i0.wp.com\/ismaelcolosi.com.br\/wp-content\/uploads\/2023\/11\/postimg-6567a9463f0b18302.jpg?fit=1200%2C628&ssl=1&resize=350%2C200","width":350,"height":200,"srcset":"https:\/\/i0.wp.com\/ismaelcolosi.com.br\/wp-content\/uploads\/2023\/11\/postimg-6567a9463f0b18302.jpg?fit=1200%2C628&ssl=1&resize=350%2C200 1x, https:\/\/i0.wp.com\/ismaelcolosi.com.br\/wp-content\/uploads\/2023\/11\/postimg-6567a9463f0b18302.jpg?fit=1200%2C628&ssl=1&resize=525%2C300 1.5x, https:\/\/i0.wp.com\/ismaelcolosi.com.br\/wp-content\/uploads\/2023\/11\/postimg-6567a9463f0b18302.jpg?fit=1200%2C628&ssl=1&resize=700%2C400 2x, https:\/\/i0.wp.com\/ismaelcolosi.com.br\/wp-content\/uploads\/2023\/11\/postimg-6567a9463f0b18302.jpg?fit=1200%2C628&ssl=1&resize=1050%2C600 3x"},"classes":[]},{"id":55883,"url":"https:\/\/ismaelcolosi.com.br\/index.php\/2024\/07\/07\/mudanca-na-cobranca-da-tarifa-de-agua-e-esgoto-em-condominios-sem-hidrometros-individuais\/","url_meta":{"origin":29534,"position":5},"title":"Mudan\u00e7a na cobran\u00e7a da tarifa de \u00e1gua e esgoto em condom\u00ednios sem hidr\u00f4metros individuais","author":"ismaelcolosi.com.br","date":"7 de July de 2024","format":false,"excerpt":"Uma mudan\u00e7a significativa na cobran\u00e7a de \u00e1gua e esgoto em condom\u00ednios sem hidr\u00f4metros individuais foi definida pelo STJ (Superior Tribunal de Justi\u00e7a), recentemente. A decis\u00e3o, tomada por unanimidade pela 1\u00aa Se\u00e7\u00e3o do tribunal, estabelece a cobran\u00e7a de uma tarifa m\u00ednima para cada unidade condominial, al\u00e9m da aplica\u00e7\u00e3o de uma tarifa\u2026","rel":"","context":"In &quot;Not\u00edcias de Ribeir\u00e3o Preto-SP e Regi\u00e3o&quot;","block_context":{"text":"Not\u00edcias de Ribeir\u00e3o Preto-SP e Regi\u00e3o","link":"https:\/\/ismaelcolosi.com.br\/index.php\/category\/noticias-de-ribeirao-preto-sp-e-regiao-ismael-colosi\/"},"img":{"alt_text":"","src":"https:\/\/i0.wp.com\/ismaelcolosi.com.br\/wp-content\/uploads\/2024\/03\/AnyConv.com__WhatsApp-Image-2024-02-29-at-15.18.26.webp.webp?fit=640%2C405&ssl=1&resize=350%2C200","width":350,"height":200,"srcset":"https:\/\/i0.wp.com\/ismaelcolosi.com.br\/wp-content\/uploads\/2024\/03\/AnyConv.com__WhatsApp-Image-2024-02-29-at-15.18.26.webp.webp?fit=640%2C405&ssl=1&resize=350%2C200 1x, https:\/\/i0.wp.com\/ismaelcolosi.com.br\/wp-content\/uploads\/2024\/03\/AnyConv.com__WhatsApp-Image-2024-02-29-at-15.18.26.webp.webp?fit=640%2C405&ssl=1&resize=525%2C300 1.5x"},"classes":[]}],"jetpack_sharing_enabled":true,"jetpack_shortlink":"https:\/\/wp.me\/pfMlyK-7Gm","_links":{"self":[{"href":"https:\/\/ismaelcolosi.com.br\/index.php\/wp-json\/wp\/v2\/posts\/29534","targetHints":{"allow":["GET"]}}],"collection":[{"href":"https:\/\/ismaelcolosi.com.br\/index.php\/wp-json\/wp\/v2\/posts"}],"about":[{"href":"https:\/\/ismaelcolosi.com.br\/index.php\/wp-json\/wp\/v2\/types\/post"}],"author":[{"embeddable":true,"href":"https:\/\/ismaelcolosi.com.br\/index.php\/wp-json\/wp\/v2\/users\/1"}],"replies":[{"embeddable":true,"href":"https:\/\/ismaelcolosi.com.br\/index.php\/wp-json\/wp\/v2\/comments?post=29534"}],"version-history":[{"count":0,"href":"https:\/\/ismaelcolosi.com.br\/index.php\/wp-json\/wp\/v2\/posts\/29534\/revisions"}],"wp:featuredmedia":[{"embeddable":true,"href":"https:\/\/ismaelcolosi.com.br\/index.php\/wp-json\/wp\/v2\/media\/29535"}],"wp:attachment":[{"href":"https:\/\/ismaelcolosi.com.br\/index.php\/wp-json\/wp\/v2\/media?parent=29534"}],"wp:term":[{"taxonomy":"category","embeddable":true,"href":"https:\/\/ismaelcolosi.com.br\/index.php\/wp-json\/wp\/v2\/categories?post=29534"},{"taxonomy":"post_tag","embeddable":true,"href":"https:\/\/ismaelcolosi.com.br\/index.php\/wp-json\/wp\/v2\/tags?post=29534"}],"curies":[{"name":"wp","href":"https:\/\/api.w.org\/{rel}","templated":true}]}}